{"id":120841,"date":"2026-01-23T12:36:34","date_gmt":"2026-01-23T15:36:34","guid":{"rendered":"https:\/\/cooltivarte.com\/portal\/?p=120841"},"modified":"2026-01-26T17:55:18","modified_gmt":"2026-01-26T20:55:18","slug":"emanero-en-open-park-punta-del-este","status":"publish","type":"post","link":"https:\/\/cooltivarte.com\/portal\/emanero-en-open-park-punta-del-este\/","title":{"rendered":"Emanero en Open Park Punta del Este"},"content":{"rendered":"<p><img fetchpriority=\"high\" decoding=\"async\" class=\"aligncenter wp-image-120842 size-large\" title=\"Emanero en Open Park Punta del Este\" src=\"https:\/\/cooltivarte.com\/portal\/wp-content\/uploads\/2025\/12\/Emanero-1024x1024.jpg\" alt=\"Emanero en Open Park Punta del Este\" width=\"1024\" height=\"1024\" srcset=\"https:\/\/cooltivarte.com\/portal\/wp-content\/uploads\/2025\/12\/Emanero-1024x1024.jpg 1024w, https:\/\/cooltivarte.com\/portal\/wp-content\/uploads\/2025\/12\/Emanero-300x300.jpg 300w, https:\/\/cooltivarte.com\/portal\/wp-content\/uploads\/2025\/12\/Emanero-150x150.jpg 150w, https:\/\/cooltivarte.com\/portal\/wp-content\/uploads\/2025\/12\/Emanero-768x768.jpg 768w, https:\/\/cooltivarte.com\/portal\/wp-content\/uploads\/2025\/12\/Emanero-120x120.jpg 120w, https:\/\/cooltivarte.com\/portal\/wp-content\/uploads\/2025\/12\/Emanero-75x75.jpg 75w, https:\/\/cooltivarte.com\/portal\/wp-content\/uploads\/2025\/12\/Emanero.jpg 1080w\" sizes=\"(max-width: 1024px) 100vw, 1024px\" \/><\/p>\n<p>&nbsp;<\/p>\n<h3><strong>Emanero llega este verano a Punta del Este<\/strong><\/h3>\n<h3><strong>El artista se presentar\u00e1 el pr\u00f3ximo 25 de Enero 2026 en OPEN PARK<\/strong><\/h3>\n<p>Preventa exclusiva ya disponible en Entraste.com con todas las tarjetas Santander + 15% de descuento hasta el 18.12.<\/p>\n<p>Canje de entradas por Puntos Soy Santander disponible a partir del 17.12.<\/p>\n<p>La venta general comienza el jueves 18.12 a partir de las 12 horas.<\/p>\n<p><a href=\"https:\/\/entraste.com\/\" target=\"_blank\" rel=\"noopener\">Entradas en venta<\/a><\/p>\n<p>&nbsp;<\/p>\n<p>Uno de los artistas m\u00e1s convocantes y vers\u00e1tiles de la escena argentina actual. En el \u00faltimo a\u00f1o agot\u00f3 cuatro Movistar Arena y en&nbsp;Agosto del 2025 tambi\u00e9n fue sold out en el Antel Arena, confirmando el gran momento que atraviesa.<\/p>\n<p>Su m\u00e1s reciente lanzamiento, junto a David Bisbal y Luciano Pereyra, es una cumbia explosiva en la que ambos artistas se subieron a las Runflas, el formato creado por Emanero donde invita a figuras de distintos g\u00e9neros a compartir su universo musical.<\/p>\n<p>Su hit \u201cSINVERG\u00dcENZA\u201d, que ya supera los 400 millones de reproducciones en plataformas, se consagr\u00f3 en 2025 como la canci\u00f3n con mayor permanencia en el ranking de Youtube Argentina. Con una gira que recorri\u00f3 toda Argentina para m\u00e1s de 400 mil espectadores, Emanero se consolida como uno de los artistas argentinos m\u00e1s convocantes del momento.<\/p>\n<p>Este 2026 dar\u00e1 un nuevo paso en su carrera con su&nbsp;<strong>primera gira por Espa\u00f1a<\/strong>, llevando su m\u00fasica a las principales ciudades del pa\u00eds.<\/p>\n<p><strong>FECHAS EN ESPA\u00d1A \u2014 SEPTIEMBRE 2026<br \/>\n<\/strong>04\/9 \u2014 Barcelona<br \/>\n05\/9 \u2014 Madrid<br \/>\n06\/9 \u2014 Valencia<br \/>\n09\/9 \u2014 Mallorca<br \/>\n11\/9 \u2014 Alicante<br \/>\n12\/9 \u2014 M\u00e1laga<\/p>\n<p>&nbsp;<br \/>\n<script async src=\"https:\/\/pagead2.googlesyndication.com\/pagead\/js\/adsbygoogle.js?client=ca-pub-1258162831753121\"\n     crossorigin=\"anonymous\"><\/script><br \/>\n<ins class=\"adsbygoogle\"\n     style=\"display:block; text-align:center;\"\n     data-ad-layout=\"in-article\"\n     data-ad-format=\"fluid\"\n     data-ad-client=\"ca-pub-1258162831753121\"\n     data-ad-slot=\"9254952921\"><\/ins><br \/>\n<script>\n     (adsbygoogle = window.adsbygoogle || []).push({});\n<\/script><br \/>\n&nbsp;<\/p>\n<p>&nbsp;<\/p>\n","protected":false},"excerpt":{"rendered":"<p>Emanero llega este verano a Punta del Este<br \/>\nEl artista se presentar\u00e1 el pr\u00f3ximo 25 de Enero 2026 en OPEN PARK<\/p>\n<p>Preventa exclusiva ya disponible en Entraste.com con todas las tarjetas Santander + 15% de descuento hasta el 18.12.<\/p>\n<p>Canje de entradas por Puntos Soy Santander disponible a partir del 17.12.<\/p>\n<p>La venta general comienza el jueves 18.12 a partir de las 12 horas.<\/p>\n<p>Entradas en venta<\/p>\n<p>Uno de los artistas m\u00e1s convocantes y vers\u00e1tiles de la escena argentina actual. En el \u00faltimo a\u00f1o agot\u00f3 cuatro Movistar Arena y en\u00a0Agosto del 2025 tambi\u00e9n fue sold out en el Antel Arena, confirmando el gran momento que atraviesa.<\/p>\n<p>Su m\u00e1s reciente lanzamiento, junto a David Bisbal y Luciano Pereyra, es una cumbia explosiva en la que ambos artistas se subieron a las Runflas, el formato creado por Emanero donde invita a figuras de distintos g\u00e9neros a compartir su universo musical.<\/p>\n<p>Su hit \u201cSINVERG\u00dcENZA\u201d, que ya supera los 400 millones de reproducciones en plataformas, se consagr\u00f3 en 2025 como la canci\u00f3n con mayor permanencia en el ranking de Youtube Argentina. Con una gira que recorri\u00f3 toda Argentina para m\u00e1s de 400 mil espectadores, Emanero se consolida como uno de los artistas argentinos m\u00e1s convocantes del momento.<\/p>\n<p>Este 2026 dar\u00e1 un nuevo paso en su carrera con su\u00a0primera gira por Espa\u00f1a, llevando su m\u00fasica a las principales ciudades del pa\u00eds.<\/p>\n","protected":false},"author":8,"featured_media":120842,"comment_status":"closed","ping_status":"closed","sticky":false,"template":"","format":"standard","meta":{"om_disable_all_campaigns":false,"ngg_post_thumbnail":0,"jnews-multi-image_gallery":[],"jnews_single_post":{"format":"standard","override":[{"template":"4","parallax":"1","layout":"right-sidebar","sidebar":"default-sidebar","second_sidebar":"default-sidebar","sticky_sidebar":"1","share_position":"bottom","share_float_style":"share-monocrhome","show_share_counter":"1","show_view_counter":"1","show_featured":"1","show_post_meta":"1","show_post_author":"1","show_post_author_image":"1","show_post_date":"1","post_date_format":"default","post_date_format_custom":"Y\/m\/d","show_post_category":"1","post_reading_time_wpm":"300","post_calculate_word_method":"str_word_count","zoom_button_out_step":"2","zoom_button_in_step":"3","show_post_tag":"1","show_prev_next_post":"1","show_popup_post":"1","show_comment_section":"1","number_popup_post":"1","show_author_box":"1","show_post_related":"0","show_inline_post_related":"0"}],"image_override":[{"single_post_thumbnail_size":"no-crop","single_post_gallery_size":"crop-500"}],"trending_post_position":"meta","trending_post_label":"Trending","sponsored_post_label":"Sponsored by","disable_ad":"0","subtitle":"25 de Enero 2026"},"jnews_primary_category":[],"jnews_social_meta":[],"jnews_override_counter":{"view_counter_number":"0","share_counter_number":"0","like_counter_number":"0","dislike_counter_number":"0"},"footnotes":""},"categories":[3394],"tags":[25190,20801,1194],"class_list":["post-120841","post","type-post","status-publish","format-standard","has-post-thumbnail","hentry","category-eventos","tag-emanero-en","tag-open-park","tag-punta-del-este"],"yoast_head":"<!-- This site is optimized with the Yoast SEO plugin v27.4 - https:\/\/yoast.com\/product\/yoast-seo-wordpress\/ -->\n<title>Emanero en Open Park Punta del Este - Cooltivarte Portal<\/title>\n<meta name=\"description\" content=\"Su hit \u201cSINVERG\u00dcENZA\u201d, que ya supera los 400 millones de reproducciones en plataformas, se consagr\u00f3 en 2025 como la canci\u00f3n con mayor permanencia en el ranking de Youtube Argentina.\" \/>\n<meta name=\"robots\" content=\"index, follow, max-snippet:-1, max-image-preview:large, max-video-preview:-1\" \/>\n<link rel=\"canonical\" href=\"https:\/\/cooltivarte.com\/portal\/emanero-en-open-park-punta-del-este\/\" \/>\n<meta property=\"og:locale\" content=\"es_ES\" \/>\n<meta property=\"og:type\" content=\"article\" \/>\n<meta property=\"og:title\" content=\"Emanero en Open Park Punta del Este - 25 de Enero 2026\" \/>\n<meta property=\"og:description\" content=\"Su hit \u201cSINVERG\u00dcENZA\u201d, que ya supera los 400 millones de reproducciones en plataformas, se consagr\u00f3 en 2025 como la canci\u00f3n con mayor permanencia en el ranking de Youtube Argentina.\" \/>\n<meta property=\"og:url\" content=\"https:\/\/cooltivarte.com\/portal\/emanero-en-open-park-punta-del-este\/\" \/>\n<meta property=\"og:site_name\" content=\"Cooltivarte Portal\" \/>\n<meta property=\"article:publisher\" content=\"https:\/\/www.facebook.com\/cooltivartecom\/\" \/>\n<meta property=\"article:author\" content=\"https:\/\/www.facebook.com\/cooltivartecom\" \/>\n<meta property=\"article:published_time\" content=\"2026-01-23T15:36:34+00:00\" \/>\n<meta property=\"article:modified_time\" content=\"2026-01-26T20:55:18+00:00\" \/>\n<meta property=\"og:image\" content=\"https:\/\/cooltivarte.com\/portal\/wp-content\/uploads\/2025\/12\/Emanero.jpg\" \/>\n\t<meta property=\"og:image:width\" content=\"1080\" \/>\n\t<meta property=\"og:image:height\" content=\"1080\" \/>\n\t<meta property=\"og:image:type\" content=\"image\/jpeg\" \/>\n<meta name=\"author\" content=\"Cooltivarte\" \/>\n<meta name=\"twitter:card\" content=\"summary_large_image\" \/>\n<meta name=\"twitter:title\" content=\"Emanero en Open Park Punta del Este - 25 de Enero 2026\" \/>\n<meta name=\"twitter:description\" content=\"Su hit \u201cSINVERG\u00dcENZA\u201d, que ya supera los 400 millones de reproducciones en plataformas, se consagr\u00f3 en 2025 como la canci\u00f3n con mayor permanencia en el ranking de Youtube Argentina.\" \/>\n<meta name=\"twitter:image\" content=\"https:\/\/cooltivarte.com\/portal\/wp-content\/uploads\/2025\/12\/Emanero.jpg\" \/>\n<meta name=\"twitter:creator\" content=\"@https:\/\/x.com\/obolocultural\" \/>\n<meta name=\"twitter:site\" content=\"@obolocultural\" \/>\n<meta name=\"twitter:label1\" content=\"Escrito por\" \/>\n\t<meta name=\"twitter:data1\" content=\"Cooltivarte\" \/>\n\t<meta name=\"twitter:label2\" content=\"Tiempo de lectura\" \/>\n\t<meta name=\"twitter:data2\" content=\"2 minutos\" \/>\n<!-- \/ Yoast SEO plugin. -->","yoast_head_json":{"title":"Emanero en Open Park Punta del Este - Cooltivarte Portal","description":"Su hit \u201cSINVERG\u00dcENZA\u201d, que ya supera los 400 millones de reproducciones en plataformas, se consagr\u00f3 en 2025 como la canci\u00f3n con mayor permanencia en el ranking de Youtube Argentina.","robots":{"index":"index","follow":"follow","max-snippet":"max-snippet:-1","max-image-preview":"max-image-preview:large","max-video-preview":"max-video-preview:-1"},"canonical":"https:\/\/cooltivarte.com\/portal\/emanero-en-open-park-punta-del-este\/","og_locale":"es_ES","og_type":"article","og_title":"Emanero en Open Park Punta del Este - 25 de Enero 2026","og_description":"Su hit \u201cSINVERG\u00dcENZA\u201d, que ya supera los 400 millones de reproducciones en plataformas, se consagr\u00f3 en 2025 como la canci\u00f3n con mayor permanencia en el ranking de Youtube Argentina.","og_url":"https:\/\/cooltivarte.com\/portal\/emanero-en-open-park-punta-del-este\/","og_site_name":"Cooltivarte Portal","article_publisher":"https:\/\/www.facebook.com\/cooltivartecom\/","article_author":"https:\/\/www.facebook.com\/cooltivartecom","article_published_time":"2026-01-23T15:36:34+00:00","article_modified_time":"2026-01-26T20:55:18+00:00","og_image":[{"width":1080,"height":1080,"url":"https:\/\/cooltivarte.com\/portal\/wp-content\/uploads\/2025\/12\/Emanero.jpg","type":"image\/jpeg"}],"author":"Cooltivarte","twitter_card":"summary_large_image","twitter_title":"Emanero en Open Park Punta del Este - 25 de Enero 2026","twitter_description":"Su hit \u201cSINVERG\u00dcENZA\u201d, que ya supera los 400 millones de reproducciones en plataformas, se consagr\u00f3 en 2025 como la canci\u00f3n con mayor permanencia en el ranking de Youtube Argentina.","twitter_image":"https:\/\/cooltivarte.com\/portal\/wp-content\/uploads\/2025\/12\/Emanero.jpg","twitter_creator":"@https:\/\/x.com\/obolocultural","twitter_site":"@obolocultural","twitter_misc":{"Escrito por":"Cooltivarte","Tiempo de lectura":"2 minutos"},"schema":{"@context":"https:\/\/schema.org","@graph":[{"@type":"NewsArticle","@id":"https:\/\/cooltivarte.com\/portal\/emanero-en-open-park-punta-del-este\/#article","isPartOf":{"@id":"https:\/\/cooltivarte.com\/portal\/emanero-en-open-park-punta-del-este\/"},"author":{"name":"Cooltivarte","@id":"https:\/\/cooltivarte.com\/portal\/#\/schema\/person\/ec2a4f4e71b740d0c559c0ab9a157e19"},"headline":"Emanero en Open Park Punta del Este","datePublished":"2026-01-23T15:36:34+00:00","dateModified":"2026-01-26T20:55:18+00:00","mainEntityOfPage":{"@id":"https:\/\/cooltivarte.com\/portal\/emanero-en-open-park-punta-del-este\/"},"wordCount":256,"publisher":{"@id":"https:\/\/cooltivarte.com\/portal\/#organization"},"image":{"@id":"https:\/\/cooltivarte.com\/portal\/emanero-en-open-park-punta-del-este\/#primaryimage"},"thumbnailUrl":"https:\/\/cooltivarte.com\/portal\/wp-content\/uploads\/2025\/12\/Emanero.jpg","keywords":["Emanero en","OPEN PARK","Punta del Este"],"articleSection":["Eventos"],"inLanguage":"es-AR"},{"@type":"WebPage","@id":"https:\/\/cooltivarte.com\/portal\/emanero-en-open-park-punta-del-este\/","url":"https:\/\/cooltivarte.com\/portal\/emanero-en-open-park-punta-del-este\/","name":"Emanero en Open Park Punta del Este - Cooltivarte Portal","isPartOf":{"@id":"https:\/\/cooltivarte.com\/portal\/#website"},"primaryImageOfPage":{"@id":"https:\/\/cooltivarte.com\/portal\/emanero-en-open-park-punta-del-este\/#primaryimage"},"image":{"@id":"https:\/\/cooltivarte.com\/portal\/emanero-en-open-park-punta-del-este\/#primaryimage"},"thumbnailUrl":"https:\/\/cooltivarte.com\/portal\/wp-content\/uploads\/2025\/12\/Emanero.jpg","datePublished":"2026-01-23T15:36:34+00:00","dateModified":"2026-01-26T20:55:18+00:00","description":"Su hit \u201cSINVERG\u00dcENZA\u201d, que ya supera los 400 millones de reproducciones en plataformas, se consagr\u00f3 en 2025 como la canci\u00f3n con mayor permanencia en el ranking de Youtube Argentina.","breadcrumb":{"@id":"https:\/\/cooltivarte.com\/portal\/emanero-en-open-park-punta-del-este\/#breadcrumb"},"inLanguage":"es-AR","potentialAction":[{"@type":"ReadAction","target":["https:\/\/cooltivarte.com\/portal\/emanero-en-open-park-punta-del-este\/"]}]},{"@type":"ImageObject","inLanguage":"es-AR","@id":"https:\/\/cooltivarte.com\/portal\/emanero-en-open-park-punta-del-este\/#primaryimage","url":"https:\/\/cooltivarte.com\/portal\/wp-content\/uploads\/2025\/12\/Emanero.jpg","contentUrl":"https:\/\/cooltivarte.com\/portal\/wp-content\/uploads\/2025\/12\/Emanero.jpg","width":1080,"height":1080,"caption":"Emanero en Open Park Punta del Este"},{"@type":"BreadcrumbList","@id":"https:\/\/cooltivarte.com\/portal\/emanero-en-open-park-punta-del-este\/#breadcrumb","itemListElement":[{"@type":"ListItem","position":1,"name":"Portada","item":"https:\/\/cooltivarte.com\/portal\/"},{"@type":"ListItem","position":2,"name":"Emanero en Open Park Punta del Este"}]},{"@type":"WebSite","@id":"https:\/\/cooltivarte.com\/portal\/#website","url":"https:\/\/cooltivarte.com\/portal\/","name":"Cooltivarte Portal","description":"Arte, cultura y turismo para el mundo ...","publisher":{"@id":"https:\/\/cooltivarte.com\/portal\/#organization"},"potentialAction":[{"@type":"SearchAction","target":{"@type":"EntryPoint","urlTemplate":"https:\/\/cooltivarte.com\/portal\/?s={search_term_string}"},"query-input":{"@type":"PropertyValueSpecification","valueRequired":true,"valueName":"search_term_string"}}],"inLanguage":"es-AR"},{"@type":"Organization","@id":"https:\/\/cooltivarte.com\/portal\/#organization","name":"cooltivarte","url":"https:\/\/cooltivarte.com\/portal\/","logo":{"@type":"ImageObject","inLanguage":"es-AR","@id":"https:\/\/cooltivarte.com\/portal\/#\/schema\/logo\/image\/","url":"https:\/\/cooltivarte.com\/portal\/wp-content\/uploads\/2020\/04\/logo-cooltivarte-v2.png","contentUrl":"https:\/\/cooltivarte.com\/portal\/wp-content\/uploads\/2020\/04\/logo-cooltivarte-v2.png","width":851,"height":243,"caption":"cooltivarte"},"image":{"@id":"https:\/\/cooltivarte.com\/portal\/#\/schema\/logo\/image\/"},"sameAs":["https:\/\/www.facebook.com\/cooltivartecom\/","https:\/\/x.com\/obolocultural","https:\/\/www.instagram.com\/_cooltivarte_\/","https:\/\/www.linkedin.com\/company\/-bolocultural?reportsuccess=8zaNG1HwhPbAR9iQhZ5rfGeqz_vQFftHun0ZWU0Wy9vNemRJ8vtcKdJvzQfW8XagyOJSKg0XvfJ1dp","https:\/\/www.pinterest.com\/cooltivarte\/","https:\/\/cooltivarte.tumblr.com\/","https:\/\/www.tiktok.com\/@cooltivarte","https:\/\/www.youtube.com\/@PrensaCooltivarte"]},{"@type":"Person","@id":"https:\/\/cooltivarte.com\/portal\/#\/schema\/person\/ec2a4f4e71b740d0c559c0ab9a157e19","name":"Cooltivarte","image":{"@type":"ImageObject","inLanguage":"es-AR","@id":"https:\/\/cooltivarte.com\/portal\/wp-content\/uploads\/2014\/05\/logo-cooltivarte-120x120.jpg","url":"https:\/\/cooltivarte.com\/portal\/wp-content\/uploads\/2014\/05\/logo-cooltivarte-120x120.jpg","contentUrl":"https:\/\/cooltivarte.com\/portal\/wp-content\/uploads\/2014\/05\/logo-cooltivarte-120x120.jpg","caption":"Cooltivarte"},"description":"Somos COOLTIVARTE.COM. Un portal digital dedicado a difundir el acontecer art\u00edstico y cultural del Uruguay. Estamos en la vuelta desde el a\u00f1o 2003, y como evoluci\u00f3n del bolet\u00edn Obolo Cultural, nos encontramos abocados a apoyar a los artistas nacionales brind\u00e1ndoles un espacio de difusi\u00f3n. Creemos en la idea de utilizar la potencialidad que hoy d\u00eda nos otorga la web, para que la cultura uruguaya y sus creadores dispongan de una din\u00e1mica ventana, que los ponga en contacto entre s\u00ed y con el mundo. Somos COOLTIVARTE.COM y pretendemos configurarnos como un portal din\u00e1mico, entretenido y atento a los nuevos emprendimientos, que busque siempre la interacci\u00f3n con los artistas.","sameAs":["http:\/\/www.cooltivarte.com","https:\/\/www.facebook.com\/cooltivartecom","https:\/\/www.instagram.com\/_cooltivarte_\/","https:\/\/www.linkedin.com\/company\/-bolocultural","https:\/\/www.pinterest.com\/cooltivarte\/","https:\/\/x.com\/https:\/\/x.com\/obolocultural","https:\/\/www.youtube.com\/@PrensaCooltivarte","https:\/\/www.tumblr.com\/blog\/cooltivarte"],"url":"https:\/\/cooltivarte.com\/portal\/author\/cooltivarte\/"}]}},"_links":{"self":[{"href":"https:\/\/cooltivarte.com\/portal\/wp-json\/wp\/v2\/posts\/120841","targetHints":{"allow":["GET"]}}],"collection":[{"href":"https:\/\/cooltivarte.com\/portal\/wp-json\/wp\/v2\/posts"}],"about":[{"href":"https:\/\/cooltivarte.com\/portal\/wp-json\/wp\/v2\/types\/post"}],"author":[{"embeddable":true,"href":"https:\/\/cooltivarte.com\/portal\/wp-json\/wp\/v2\/users\/8"}],"replies":[{"embeddable":true,"href":"https:\/\/cooltivarte.com\/portal\/wp-json\/wp\/v2\/comments?post=120841"}],"version-history":[{"count":2,"href":"https:\/\/cooltivarte.com\/portal\/wp-json\/wp\/v2\/posts\/120841\/revisions"}],"predecessor-version":[{"id":122005,"href":"https:\/\/cooltivarte.com\/portal\/wp-json\/wp\/v2\/posts\/120841\/revisions\/122005"}],"wp:featuredmedia":[{"embeddable":true,"href":"https:\/\/cooltivarte.com\/portal\/wp-json\/wp\/v2\/media\/120842"}],"wp:attachment":[{"href":"https:\/\/cooltivarte.com\/portal\/wp-json\/wp\/v2\/media?parent=120841"}],"wp:term":[{"taxonomy":"category","embeddable":true,"href":"https:\/\/cooltivarte.com\/portal\/wp-json\/wp\/v2\/categories?post=120841"},{"taxonomy":"post_tag","embeddable":true,"href":"https:\/\/cooltivarte.com\/portal\/wp-json\/wp\/v2\/tags?post=120841"}],"curies":[{"name":"wp","href":"https:\/\/api.w.org\/{rel}","templated":true}]}}