{"id":120799,"date":"2026-03-27T07:14:16","date_gmt":"2026-03-27T10:14:16","guid":{"rendered":"https:\/\/cooltivarte.com\/portal\/?p=120799"},"modified":"2026-03-27T08:08:34","modified_gmt":"2026-03-27T11:08:34","slug":"convocatoria-abierta-para-el-montevideo-international-fulldome-festival-2026","status":"publish","type":"post","link":"https:\/\/cooltivarte.com\/portal\/convocatoria-abierta-para-el-montevideo-international-fulldome-festival-2026\/","title":{"rendered":"Fulldome Festival &#8211; Montevideo entra en la c\u00fapula 360\u00b0"},"content":{"rendered":"<p><img fetchpriority=\"high\" decoding=\"async\" class=\"aligncenter wp-image-120800 size-full\" title=\"Montevideo International Fulldome Festival 2026\" src=\"https:\/\/cooltivarte.com\/portal\/wp-content\/uploads\/2025\/12\/Montevideo-International-Fulldome-Festival-2026.png\" alt=\"Montevideo International Fulldome Festival 2026\" width=\"1024\" height=\"1024\" srcset=\"https:\/\/cooltivarte.com\/portal\/wp-content\/uploads\/2025\/12\/Montevideo-International-Fulldome-Festival-2026.png 1024w, https:\/\/cooltivarte.com\/portal\/wp-content\/uploads\/2025\/12\/Montevideo-International-Fulldome-Festival-2026-300x300.png 300w, https:\/\/cooltivarte.com\/portal\/wp-content\/uploads\/2025\/12\/Montevideo-International-Fulldome-Festival-2026-150x150.png 150w, https:\/\/cooltivarte.com\/portal\/wp-content\/uploads\/2025\/12\/Montevideo-International-Fulldome-Festival-2026-768x768.png 768w, https:\/\/cooltivarte.com\/portal\/wp-content\/uploads\/2025\/12\/Montevideo-International-Fulldome-Festival-2026-120x120.png 120w, https:\/\/cooltivarte.com\/portal\/wp-content\/uploads\/2025\/12\/Montevideo-International-Fulldome-Festival-2026-75x75.png 75w\" sizes=\"(max-width: 1024px) 100vw, 1024px\" \/><\/p>\n<h3>&nbsp;<\/h3>\n<div class=\"wp-block-group has-global-padding is-layout-constrained wp-block-group-is-layout-constrained\">\n<h1 class=\"wp-block-post-title\">Fulldome Festival<\/h1>\n<\/div>\n<div class=\"entry-content wp-block-post-content has-global-padding is-layout-constrained wp-block-post-content-is-layout-constrained\">\n<p><strong>Montevideo, Uruguay.<\/strong><\/p>\n<p><strong>Montevideo entra en la c\u00fapula 360\u00b0<\/strong><\/p>\n<p>En la ma\u00f1ana de hoy se present\u00f3 en el Planetario de Montevideo el Fulldome Festival, que se realizar\u00e1 del 10 al 12 de abril de 2026.<\/p>\n<p>No es un evento m\u00e1s sino que es el primer festival uruguayo dedicado exclusivamente al arte audiovisual inmersivo en formato c\u00fapula.<\/p>\n<p>Y eso cambia el escenario art\u00edstico por completo.<\/p>\n<p>No es \u201carte inmersivo\u201d (al menos no el que est\u00e1s pensando)<\/p>\n<p>El fulldome no tiene nada que ver con esas muestras donde se proyectan pinturas famosas en paredes gigantes para que el espectador \u201ccamine dentro\u201d de ellas. Eso, seamos claros, es espect\u00e1culo decorativo.<\/p>\n<p><strong>El fulldome es otra cosa<\/strong><\/p>\n<p>Es obra concebida desde el origen para una c\u00fapula, donde el espectador queda literalmente dentro del dispositivo visual y sonoro.<br \/>\nProyecci\u00f3n en 360\u00b0 sobre superficie semiesf\u00e9rica.<br \/>\nUso de lentes fisheye o sistemas multiproyector.<br \/>\nSonido envolvente (generalmente 5.1)<br \/>\nContenidos dise\u00f1ados espec\u00edficamente para ese entorno.<\/p>\n<p>Ac\u00e1 no se adapta una obra, por el contrario se crea para ser literalmente habitada.<\/p>\n<p><strong>Un festival que no deber\u00eda existir (y sin embargo existe)<\/strong><\/p>\n<p>La iniciativa surgi\u00f3 \u2014como suelen surgir las cosas interesantes\u2014 en una charla informal, mesa de bar de por medio, entre Leticia Almeida (alias art\u00edstico Tanky), Mathias Chumino y Lea Brugnoli, luego consolidada con Sara Luna Ruiz.<\/p>\n<p>Horas despu\u00e9s, el proyecto ya ten\u00eda cuerpo.<\/p>\n<p>Y eventualmente 2 millones de d\u00f3lares de presupuesto que aparecieron.<\/p>\n<p>En un pa\u00eds donde el \u201cno hay recursos\u201d suele ser excusa estructural, este dato no es menor.<\/p>\n<p><strong>Datos duros (que importan)<\/strong><br \/>\n32 obras seleccionadas<br \/>\n14 pa\u00edses<br \/>\n184 artistas en convocatoria<br \/>\nFoco en Latinoam\u00e9rica y Uruguay<br \/>\nCategor\u00edas que van de innovaci\u00f3n a sonido<\/p>\n<p>En el jurado internacional aparece Brian Mackern, figura clave en arte digital y experimental.<\/p>\n<p><strong>Lo que se vio (y promete)<\/strong><\/p>\n<p>Durante la presentaci\u00f3n se proyectaron cinco piezas. No hubo relleno:<br \/>\n*Cada r\u00edo guarda una memoria \u2014 Fernando Vel\u00e1zquez + Tirria Rayo<br \/>\n*Expo Cortex 3.0 \u2014 Jeremy Oury<br \/>\n*Eternal Habitat \u2014 Sergey Prokofyev<br \/>\n*La m\u00e9thode des moments \u2014 Lydia Yakonowsky<br \/>\n*Sonolumin \u2014 Diana Reichenbach<\/p>\n<p>Todas distintas, todas entendiendo algo fundamental que es que la c\u00fapula no es soporte, es lenguaje art\u00edstico puro.<\/p>\n<p><strong>El punto clave<\/strong><\/p>\n<p>Este festival llega en un momento donde el arte se fragmenta en m\u00faltiples cosmovisiones \u2014y donde la tecnolog\u00eda suele banalizar m\u00e1s de lo que potencia.<\/p>\n<p>El fulldome, bien usado, hace lo contrario ya que no simplifica la experiencia sino que la expande.<\/p>\n<p><strong>Un paralelismo \u00fatil<\/strong><\/p>\n<p>Cuando se inaugur\u00f3 la Torre Eiffel en 1889, no era solo una estructura: era una nueva forma de mirar el punto m\u00e1s alto que cambi\u00f3 la mirada de los artistas que incorporaron la a\u00e9rea.<br \/>\nOtro tanto ha producido el dron.<\/p>\n<p>El fulldome funciona igual.<br \/>\nNo cambia lo que vemos pero cambia desde d\u00f3nde lo vemos y en este caso como lo vivimos.<br \/>\nEs como si pudi\u00e9ramos bucear por entre nuestras mentes donde habitamos m\u00faltiples cosmovisiones.<\/p>\n<p><strong>En s\u00edntesis<\/strong><\/p>\n<p>Montevideo no est\u00e1 recibiendo un festival.<br \/>\nEst\u00e1 probando una nueva forma de producir y experimentar arte.<\/p>\n<p>Si esto prende, no es moda, ser\u00e1 cambio de paradigma.<\/p>\n<p>Cabe decir que esta secuencia de im\u00e1genes que publico aqu\u00ed no se acercan en lo m\u00e1s m\u00ednimo a la experiencia que se vive en un \u00e1mbito de esas caracter\u00edsticas.<\/p>\n<p><strong>Para ir directo:<\/strong><br \/>\n<a href=\"https:\/\/fulldomefestivalmvd.com\" target=\"_blank\" rel=\"noopener\">https:\/\/fulldomefestivalmvd.com<\/a><\/p>\n<p><strong>Y para adquirir las entradas<\/strong>: <a href=\"https:\/\/tickantel.com.uy\" target=\"_blank\" rel=\"noopener\">Ticktantel<\/a><\/p>\n<\/div>\n<p>&nbsp;<\/p>\n<p>&nbsp;<\/p>\n<div style=\"width: 640px;\" class=\"wp-video\"><!--[if lt IE 9]><script>document.createElement('video');<\/script><![endif]-->\n<video class=\"wp-video-shortcode\" id=\"video-120799-1\" width=\"640\" height=\"360\" preload=\"metadata\" controls=\"controls\"><source type=\"video\/mp4\" src=\"https:\/\/danielbenoit.art\/wp-content\/uploads\/2026\/03\/7096a4f9e71eecfa99a7145e5c633c59.mp4?_=1\" \/><a href=\"https:\/\/danielbenoit.art\/wp-content\/uploads\/2026\/03\/7096a4f9e71eecfa99a7145e5c633c59.mp4\">https:\/\/danielbenoit.art\/wp-content\/uploads\/2026\/03\/7096a4f9e71eecfa99a7145e5c633c59.mp4<\/a><\/video><\/div>\n<p>&nbsp;<\/p>\n<p>&nbsp;<\/p>\n<p>&nbsp;<\/p>\n","protected":false},"excerpt":{"rendered":"<p>Convocatoria abierta para el Montevideo International Fulldome Festival 2026<\/p>\n<p>El Montevideo International Fulldome Festival inaugura su primera edici\u00f3n, invitando a artistas y colectivos de todo el mundo a presentar obras audiovisuales inmersivas en formato fulldome. El festival se celebrar\u00e1 del 10 al 12 de abril de 2026 en el Planetario Agr\u00f3nomo Germ\u00e1n Barbato de Montevideo, Uruguay, un espacio hist\u00f3rico recientemente restaurado y equipado con tecnolog\u00eda digital avanzada, proyecci\u00f3n 8K y sonido envolvente 5.1.<\/p>\n<p>La participaci\u00f3n es gratuita y abierta a propuestas que exploren el formato narrativo audiovisual inmersivo de 360 grados, sin limitaciones de estilo.<\/p>\n","protected":false},"author":14,"featured_media":120800,"comment_status":"closed","ping_status":"closed","sticky":false,"template":"","format":"standard","meta":{"om_disable_all_campaigns":false,"ngg_post_thumbnail":0,"jnews-multi-image_gallery":[],"jnews_single_post":{"subtitle":"El festival se celebrar\u00e1 del 10 al 12 de abril de 2026 en el Planetario Agr\u00f3nomo Germ\u00e1n Barbato de Montevideo","format":"standard","override":[{"template":"4","parallax":"1","layout":"right-sidebar","sidebar":"default-sidebar","second_sidebar":"default-sidebar","sticky_sidebar":"1","share_position":"bottom","share_float_style":"share-monocrhome","show_share_counter":"1","show_view_counter":"1","show_featured":"1","show_post_meta":"1","show_post_author":"1","show_post_author_image":"1","show_post_date":"1","post_date_format":"default","post_date_format_custom":"Y\/m\/d","show_post_category":"1","post_reading_time_wpm":"300","post_calculate_word_method":"str_word_count","zoom_button_out_step":"2","zoom_button_in_step":"3","show_post_tag":"1","show_prev_next_post":"1","show_popup_post":"1","show_comment_section":"1","number_popup_post":"1","show_author_box":"1","show_post_related":"0","show_inline_post_related":"0"}],"image_override":[{"single_post_thumbnail_size":"no-crop","single_post_gallery_size":"crop-500"}],"trending_post_position":"meta","trending_post_label":"Trending","sponsored_post_label":"Sponsored by","disable_ad":"0"},"jnews_primary_category":[],"jnews_social_meta":[],"jnews_override_counter":{"view_counter_number":"0","share_counter_number":"0","like_counter_number":"0","dislike_counter_number":"0"},"footnotes":""},"categories":[52],"tags":[25180,3036],"class_list":["post-120799","post","type-post","status-publish","format-standard","has-post-thumbnail","hentry","category-artista","tag-international-fulldome-festival","tag-planetario"],"yoast_head":"<!-- This site is optimized with the Yoast SEO plugin v27.5 - https:\/\/yoast.com\/product\/yoast-seo-wordpress\/ -->\n<title>Fulldome Festival - Montevideo entra en la c\u00fapula 360\u00b0 - Cooltivarte Portal<\/title>\n<meta name=\"description\" content=\"La participaci\u00f3n es gratuita y abierta a propuestas que exploren el formato narrativo audiovisual inmersivo de 360 grados, sin limitaciones de estilo.\" \/>\n<meta name=\"robots\" content=\"index, follow, max-snippet:-1, max-image-preview:large, max-video-preview:-1\" \/>\n<link rel=\"canonical\" href=\"https:\/\/cooltivarte.com\/portal\/convocatoria-abierta-para-el-montevideo-international-fulldome-festival-2026\/\" \/>\n<meta property=\"og:locale\" content=\"es_ES\" \/>\n<meta property=\"og:type\" content=\"article\" \/>\n<meta property=\"og:title\" content=\"Fulldome Festival - Montevideo entra en la c\u00fapula 360\u00b0\" \/>\n<meta property=\"og:description\" content=\"La participaci\u00f3n es gratuita y abierta a propuestas que exploren el formato narrativo audiovisual inmersivo de 360 grados, sin limitaciones de estilo.\" \/>\n<meta property=\"og:url\" content=\"https:\/\/cooltivarte.com\/portal\/convocatoria-abierta-para-el-montevideo-international-fulldome-festival-2026\/\" \/>\n<meta property=\"og:site_name\" content=\"Cooltivarte Portal\" \/>\n<meta property=\"article:publisher\" content=\"https:\/\/www.facebook.com\/cooltivartecom\/\" \/>\n<meta property=\"article:author\" content=\"https:\/\/www.facebook.com\/daniel.benoit.3557?fref=ts\" \/>\n<meta property=\"article:published_time\" content=\"2026-03-27T10:14:16+00:00\" \/>\n<meta property=\"article:modified_time\" content=\"2026-03-27T11:08:34+00:00\" \/>\n<meta property=\"og:image\" content=\"https:\/\/cooltivarte.com\/portal\/wp-content\/uploads\/2025\/12\/Montevideo-International-Fulldome-Festival-2026.png\" \/>\n\t<meta property=\"og:image:width\" content=\"1024\" \/>\n\t<meta property=\"og:image:height\" content=\"1024\" \/>\n\t<meta property=\"og:image:type\" content=\"image\/png\" \/>\n<meta name=\"author\" content=\"Daniel Benoit Cassou\" \/>\n<meta name=\"twitter:card\" content=\"summary_large_image\" \/>\n<meta name=\"twitter:title\" content=\"Fulldome Festival - Montevideo entra en la c\u00fapula 360\u00b0\" \/>\n<meta name=\"twitter:description\" content=\"La participaci\u00f3n es gratuita y abierta a propuestas que exploren el formato narrativo audiovisual inmersivo de 360 grados, sin limitaciones de estilo.\" \/>\n<meta name=\"twitter:image\" content=\"https:\/\/cooltivarte.com\/portal\/wp-content\/uploads\/2025\/12\/Montevideo-International-Fulldome-Festival-2026.png\" \/>\n<meta name=\"twitter:creator\" content=\"@https:\/\/x.com\/obolocultural\" \/>\n<meta name=\"twitter:site\" content=\"@obolocultural\" \/>\n<meta name=\"twitter:label1\" content=\"Escrito por\" \/>\n\t<meta name=\"twitter:data1\" content=\"Daniel Benoit Cassou\" \/>\n\t<meta name=\"twitter:label2\" content=\"Tiempo de lectura\" \/>\n\t<meta name=\"twitter:data2\" content=\"3 minutos\" \/>\n<!-- \/ Yoast SEO plugin. -->","yoast_head_json":{"title":"Fulldome Festival - Montevideo entra en la c\u00fapula 360\u00b0 - Cooltivarte Portal","description":"La participaci\u00f3n es gratuita y abierta a propuestas que exploren el formato narrativo audiovisual inmersivo de 360 grados, sin limitaciones de estilo.","robots":{"index":"index","follow":"follow","max-snippet":"max-snippet:-1","max-image-preview":"max-image-preview:large","max-video-preview":"max-video-preview:-1"},"canonical":"https:\/\/cooltivarte.com\/portal\/convocatoria-abierta-para-el-montevideo-international-fulldome-festival-2026\/","og_locale":"es_ES","og_type":"article","og_title":"Fulldome Festival - Montevideo entra en la c\u00fapula 360\u00b0","og_description":"La participaci\u00f3n es gratuita y abierta a propuestas que exploren el formato narrativo audiovisual inmersivo de 360 grados, sin limitaciones de estilo.","og_url":"https:\/\/cooltivarte.com\/portal\/convocatoria-abierta-para-el-montevideo-international-fulldome-festival-2026\/","og_site_name":"Cooltivarte Portal","article_publisher":"https:\/\/www.facebook.com\/cooltivartecom\/","article_author":"https:\/\/www.facebook.com\/daniel.benoit.3557?fref=ts","article_published_time":"2026-03-27T10:14:16+00:00","article_modified_time":"2026-03-27T11:08:34+00:00","og_image":[{"width":1024,"height":1024,"url":"https:\/\/cooltivarte.com\/portal\/wp-content\/uploads\/2025\/12\/Montevideo-International-Fulldome-Festival-2026.png","type":"image\/png"}],"author":"Daniel Benoit Cassou","twitter_card":"summary_large_image","twitter_title":"Fulldome Festival - Montevideo entra en la c\u00fapula 360\u00b0","twitter_description":"La participaci\u00f3n es gratuita y abierta a propuestas que exploren el formato narrativo audiovisual inmersivo de 360 grados, sin limitaciones de estilo.","twitter_image":"https:\/\/cooltivarte.com\/portal\/wp-content\/uploads\/2025\/12\/Montevideo-International-Fulldome-Festival-2026.png","twitter_creator":"@https:\/\/x.com\/obolocultural","twitter_site":"@obolocultural","twitter_misc":{"Escrito por":"Daniel Benoit Cassou","Tiempo de lectura":"3 minutos"},"schema":{"@context":"https:\/\/schema.org","@graph":[{"@type":"NewsArticle","@id":"https:\/\/cooltivarte.com\/portal\/convocatoria-abierta-para-el-montevideo-international-fulldome-festival-2026\/#article","isPartOf":{"@id":"https:\/\/cooltivarte.com\/portal\/convocatoria-abierta-para-el-montevideo-international-fulldome-festival-2026\/"},"author":{"name":"Daniel Benoit Cassou","@id":"https:\/\/cooltivarte.com\/portal\/#\/schema\/person\/175e2af38af164206375abd19e491b3f"},"headline":"Fulldome Festival &#8211; Montevideo entra en la c\u00fapula 360\u00b0","datePublished":"2026-03-27T10:14:16+00:00","dateModified":"2026-03-27T11:08:34+00:00","mainEntityOfPage":{"@id":"https:\/\/cooltivarte.com\/portal\/convocatoria-abierta-para-el-montevideo-international-fulldome-festival-2026\/"},"wordCount":601,"publisher":{"@id":"https:\/\/cooltivarte.com\/portal\/#organization"},"image":{"@id":"https:\/\/cooltivarte.com\/portal\/convocatoria-abierta-para-el-montevideo-international-fulldome-festival-2026\/#primaryimage"},"thumbnailUrl":"https:\/\/cooltivarte.com\/portal\/wp-content\/uploads\/2025\/12\/Montevideo-International-Fulldome-Festival-2026.png","keywords":["International Fulldome Festival","planetario"],"articleSection":["Arte"],"inLanguage":"es-AR"},{"@type":"WebPage","@id":"https:\/\/cooltivarte.com\/portal\/convocatoria-abierta-para-el-montevideo-international-fulldome-festival-2026\/","url":"https:\/\/cooltivarte.com\/portal\/convocatoria-abierta-para-el-montevideo-international-fulldome-festival-2026\/","name":"Fulldome Festival - Montevideo entra en la c\u00fapula 360\u00b0 - Cooltivarte Portal","isPartOf":{"@id":"https:\/\/cooltivarte.com\/portal\/#website"},"primaryImageOfPage":{"@id":"https:\/\/cooltivarte.com\/portal\/convocatoria-abierta-para-el-montevideo-international-fulldome-festival-2026\/#primaryimage"},"image":{"@id":"https:\/\/cooltivarte.com\/portal\/convocatoria-abierta-para-el-montevideo-international-fulldome-festival-2026\/#primaryimage"},"thumbnailUrl":"https:\/\/cooltivarte.com\/portal\/wp-content\/uploads\/2025\/12\/Montevideo-International-Fulldome-Festival-2026.png","datePublished":"2026-03-27T10:14:16+00:00","dateModified":"2026-03-27T11:08:34+00:00","description":"La participaci\u00f3n es gratuita y abierta a propuestas que exploren el formato narrativo audiovisual inmersivo de 360 grados, sin limitaciones de estilo.","breadcrumb":{"@id":"https:\/\/cooltivarte.com\/portal\/convocatoria-abierta-para-el-montevideo-international-fulldome-festival-2026\/#breadcrumb"},"inLanguage":"es-AR","potentialAction":[{"@type":"ReadAction","target":["https:\/\/cooltivarte.com\/portal\/convocatoria-abierta-para-el-montevideo-international-fulldome-festival-2026\/"]}]},{"@type":"ImageObject","inLanguage":"es-AR","@id":"https:\/\/cooltivarte.com\/portal\/convocatoria-abierta-para-el-montevideo-international-fulldome-festival-2026\/#primaryimage","url":"https:\/\/cooltivarte.com\/portal\/wp-content\/uploads\/2025\/12\/Montevideo-International-Fulldome-Festival-2026.png","contentUrl":"https:\/\/cooltivarte.com\/portal\/wp-content\/uploads\/2025\/12\/Montevideo-International-Fulldome-Festival-2026.png","width":1024,"height":1024,"caption":"Montevideo International Fulldome Festival 2026"},{"@type":"BreadcrumbList","@id":"https:\/\/cooltivarte.com\/portal\/convocatoria-abierta-para-el-montevideo-international-fulldome-festival-2026\/#breadcrumb","itemListElement":[{"@type":"ListItem","position":1,"name":"Portada","item":"https:\/\/cooltivarte.com\/portal\/"},{"@type":"ListItem","position":2,"name":"Fulldome Festival &#8211; Montevideo entra en la c\u00fapula 360\u00b0"}]},{"@type":"WebSite","@id":"https:\/\/cooltivarte.com\/portal\/#website","url":"https:\/\/cooltivarte.com\/portal\/","name":"Cooltivarte Portal","description":"Arte, cultura y turismo para el mundo ...","publisher":{"@id":"https:\/\/cooltivarte.com\/portal\/#organization"},"potentialAction":[{"@type":"SearchAction","target":{"@type":"EntryPoint","urlTemplate":"https:\/\/cooltivarte.com\/portal\/?s={search_term_string}"},"query-input":{"@type":"PropertyValueSpecification","valueRequired":true,"valueName":"search_term_string"}}],"inLanguage":"es-AR"},{"@type":"Organization","@id":"https:\/\/cooltivarte.com\/portal\/#organization","name":"cooltivarte","url":"https:\/\/cooltivarte.com\/portal\/","logo":{"@type":"ImageObject","inLanguage":"es-AR","@id":"https:\/\/cooltivarte.com\/portal\/#\/schema\/logo\/image\/","url":"https:\/\/cooltivarte.com\/portal\/wp-content\/uploads\/2020\/04\/logo-cooltivarte-v2.png","contentUrl":"https:\/\/cooltivarte.com\/portal\/wp-content\/uploads\/2020\/04\/logo-cooltivarte-v2.png","width":851,"height":243,"caption":"cooltivarte"},"image":{"@id":"https:\/\/cooltivarte.com\/portal\/#\/schema\/logo\/image\/"},"sameAs":["https:\/\/www.facebook.com\/cooltivartecom\/","https:\/\/x.com\/obolocultural","https:\/\/www.instagram.com\/_cooltivarte_\/","https:\/\/www.linkedin.com\/company\/-bolocultural?reportsuccess=8zaNG1HwhPbAR9iQhZ5rfGeqz_vQFftHun0ZWU0Wy9vNemRJ8vtcKdJvzQfW8XagyOJSKg0XvfJ1dp","https:\/\/www.pinterest.com\/cooltivarte\/","https:\/\/cooltivarte.tumblr.com\/","https:\/\/www.tiktok.com\/@cooltivarte","https:\/\/www.youtube.com\/@PrensaCooltivarte"]},{"@type":"Person","@id":"https:\/\/cooltivarte.com\/portal\/#\/schema\/person\/175e2af38af164206375abd19e491b3f","name":"Daniel Benoit Cassou","image":{"@type":"ImageObject","inLanguage":"es-AR","@id":"https:\/\/cooltivarte.com\/portal\/wp-content\/uploads\/2022\/11\/daniel-benoit-120x120.jpg","url":"https:\/\/cooltivarte.com\/portal\/wp-content\/uploads\/2022\/11\/daniel-benoit-120x120.jpg","contentUrl":"https:\/\/cooltivarte.com\/portal\/wp-content\/uploads\/2022\/11\/daniel-benoit-120x120.jpg","caption":"Daniel Benoit Cassou"},"description":"Daniel Benoit - (Uruguay, 1961), es contador p\u00fablico de profesi\u00f3n. Hizo su formaci\u00f3n art\u00edstica en los talleres de Hugo Longa, Clever Lara y Lacy Duarte; escultura con Jos\u00e9 Pelayo y fotograf\u00eda con Enrique Abal, Oscar Bonilla y Roberto Schettini. Realiz\u00f3 cursos de formaci\u00f3n te\u00f3rica con Nelson Di Maggio, Alfredo Torres, Nelson Bali\u00f1o y Emma Sanguinetti, entre otros. Ha participado en muestras de fotografias, colectivas asi como individuales: 2007 \u2013 Facultad de Ciencias Econ\u00f3micas; Centro Cultural Lapido; Club de Golf; Fotogramas - Montevideo 2009 \u2013 Galer\u00eda de arte La Pasionaria \u2013 Club de Golf - Montevideo 2010 \u2013 A la Follie; Trattoria La Commedia; Club de Golf \u2013 Montevideo 2011 \u2013 Museo del Azulejo; Fotograma; Club de Golf \u2013 Montevideo; Bienal X \u2013 Salto 2012 \u2013 Espacio Innova \u2013 Punta del Este Es asiduo asistente a las principales bienales de arte: Venecia, Lyon, San Pablo, Cuba, Porto Alegre, Lima, as\u00ed como ferias de Basilea, Paris, Buenos Aires, entre otras. Es coleccionista de arte nacional, asesor de arte contempor\u00e1neo, escribe en sus blogs y es columnista de la revista de arte nacional \u201cCooltivarte\u201d desde el 2012, asi como de la revista \u201cArte\u201d del periodico \u201cEl Pais\u201d. Blog","sameAs":["https:\/\/danielbenoit.art\/","https:\/\/www.facebook.com\/daniel.benoit.3557?fref=ts","https:\/\/www.instagram.com\/danielbenoitcassou\/","https:\/\/www.linkedin.com\/in\/daniel-benoit-87890a39\/","https:\/\/www.pinterest.com\/cooltivarte","https:\/\/x.com\/https:\/\/x.com\/obolocultural","https:\/\/www.youtube.com\/@PrensaCooltivarte","https:\/\/www.tumblr.com\/blog\/cooltivarte"],"url":"https:\/\/cooltivarte.com\/portal\/author\/benoit\/"}]}},"_links":{"self":[{"href":"https:\/\/cooltivarte.com\/portal\/wp-json\/wp\/v2\/posts\/120799","targetHints":{"allow":["GET"]}}],"collection":[{"href":"https:\/\/cooltivarte.com\/portal\/wp-json\/wp\/v2\/posts"}],"about":[{"href":"https:\/\/cooltivarte.com\/portal\/wp-json\/wp\/v2\/types\/post"}],"author":[{"embeddable":true,"href":"https:\/\/cooltivarte.com\/portal\/wp-json\/wp\/v2\/users\/14"}],"replies":[{"embeddable":true,"href":"https:\/\/cooltivarte.com\/portal\/wp-json\/wp\/v2\/comments?post=120799"}],"version-history":[{"count":4,"href":"https:\/\/cooltivarte.com\/portal\/wp-json\/wp\/v2\/posts\/120799\/revisions"}],"predecessor-version":[{"id":124395,"href":"https:\/\/cooltivarte.com\/portal\/wp-json\/wp\/v2\/posts\/120799\/revisions\/124395"}],"wp:featuredmedia":[{"embeddable":true,"href":"https:\/\/cooltivarte.com\/portal\/wp-json\/wp\/v2\/media\/120800"}],"wp:attachment":[{"href":"https:\/\/cooltivarte.com\/portal\/wp-json\/wp\/v2\/media?parent=120799"}],"wp:term":[{"taxonomy":"category","embeddable":true,"href":"https:\/\/cooltivarte.com\/portal\/wp-json\/wp\/v2\/categories?post=120799"},{"taxonomy":"post_tag","embeddable":true,"href":"https:\/\/cooltivarte.com\/portal\/wp-json\/wp\/v2\/tags?post=120799"}],"curies":[{"name":"wp","href":"https:\/\/api.w.org\/{rel}","templated":true}]}}