{"id":120696,"date":"2025-12-17T11:16:21","date_gmt":"2025-12-17T14:16:21","guid":{"rendered":"https:\/\/cooltivarte.com\/portal\/?p=120696"},"modified":"2025-12-17T13:07:46","modified_gmt":"2025-12-17T16:07:46","slug":"entrevista-a-alvaro-percovich-infante-sobre-la-revista-materia-sensible","status":"publish","type":"post","link":"https:\/\/cooltivarte.com\/portal\/entrevista-a-alvaro-percovich-infante-sobre-la-revista-materia-sensible\/","title":{"rendered":"ENTREVISTA A \u00c1LVARO PERCOVICH INFANTE SOBRE LA REVISTA \u201cMATERIA SENSIBLE\u201d"},"content":{"rendered":"<div style='display:none' class=\"jeg_preview_slider gallery_1\" data-selector='gallery_1'>\n                        <div class=\"jeg_preview_holder\">\n                            <div class=\"jeg_preview_media\">\n                        <div class=\"jeg_preview_media_holder\">\n                            <h3>&nbsp;<\/h3>\n                            <div class=\"fullscreen-switch\">\n                                <i class=\"fa\"><\/i>\n                            <\/div>\n                            <div class=\"jeg_preview_media_content\">\n                                <div class=\"jeg_preview_media_content_holder_padding\">\n                                    <div class=\"jeg_preview_media_content_holder\"><\/div>\n                                <\/div>\n                                <div class=\"jeg_preview_media_content_navigation\">\n                                    <div class=\"prev\">\n\t\t\t\t\t\t\t\t\t\t<i class=\"fa\"><\/i>\n\t\t\t\t\t\t\t\t\t<\/div>\n                                    <div class=\"next\">\n\t\t\t\t\t\t\t\t\t\t<i class=\"fa\"><\/i>\n\t\t\t\t\t\t\t\t\t<\/div>\n                                <\/div>\n                                <div class='preview-slider-overlay'>\n                                    <div class='preloader_type preloader_dot'>\n                                        <div class=\"module-preloader jeg_preloader dot\">\n                                            <span><\/span><span><\/span><span><\/span>\n                                        <\/div>\n                                        <div class=\"module-preloader jeg_preloader circle\">\n                                            <div class=\"jnews_preloader_circle_outer\">\n                                                <div class=\"jnews_preloader_circle_inner\"><\/div>\n                                            <\/div>\n                                        <\/div>\n                                        <div class=\"module-preloader jeg_preloader square\">\n                                            <div class=\"jeg_square\">\n                                                <div class=\"jeg_square_inner\"><\/div>\n                                            <\/div>\n                                        <\/div>\n                                    <\/div>\n                                <\/div>\n                            <\/div>\n                            <div class=\"jeg_preview_control\">\n                                <div class=\"left_control\">\n                                    <div class=\"counter\"><span class=\"current\">1<\/span> of  4<\/div>\n                                    <div class=\"subtitle\"><\/div>\n                                <\/div>\n                                <div class=\"zoom\">\n                                    <span class=\"reduce\">-<\/span>\n                                    <span class=\"increase\">+<\/span>\n                                <\/div>\n                            <\/div>\n                        <\/div>\n                    <\/div>\n\n                    <div class=\"jeg_preview_bottom_slider\">\n                        <a data-id=\"0\" data-title=\"\" data-image=\"https:\/\/cooltivarte.com\/portal\/wp-content\/uploads\/2025\/12\/MATERIA-SENSIBLE-N-01.webp\" href=\"https:\/\/cooltivarte.com\/portal\/wp-content\/uploads\/2025\/12\/MATERIA-SENSIBLE-N-01.webp\" class=\"jeg_preview_item active\">\n                            <div class=\"jeg_preview_item_thumbnail\">\n                                <img decoding=\"async\" width=\"120\" height=\"86\" src=\"https:\/\/cooltivarte.com\/portal\/wp-content\/uploads\/2025\/12\/MATERIA-SENSIBLE-N-01-120x86.webp\" class=\"attachment-jnews-120x86 size-jnews-120x86\" alt=\"ENTREVISTA A \u00c1LVARO PERCOVICH INFANTE SOBRE LA REVISTA \u201cMATERIA SENSIBLE\u201d by Guillermo Baltar Prendez\" srcset=\"https:\/\/cooltivarte.com\/portal\/wp-content\/uploads\/2025\/12\/MATERIA-SENSIBLE-N-01-120x86.webp 120w, https:\/\/cooltivarte.com\/portal\/wp-content\/uploads\/2025\/12\/MATERIA-SENSIBLE-N-01-350x250.webp 350w\" sizes=\"(max-width: 120px) 100vw, 120px\" \/>\n                            <\/div>\n                        <\/a><a data-id=\"1\" data-title=\"\" data-image=\"https:\/\/cooltivarte.com\/portal\/wp-content\/uploads\/2025\/12\/MATERIA-SENSIBLE-N-15.webp\" href=\"https:\/\/cooltivarte.com\/portal\/wp-content\/uploads\/2025\/12\/MATERIA-SENSIBLE-N-15.webp\" class=\"jeg_preview_item \">\n                            <div class=\"jeg_preview_item_thumbnail\">\n                                <img decoding=\"async\" width=\"120\" height=\"86\" src=\"https:\/\/cooltivarte.com\/portal\/wp-content\/uploads\/2025\/12\/MATERIA-SENSIBLE-N-15-120x86.webp\" class=\"attachment-jnews-120x86 size-jnews-120x86\" alt=\"ENTREVISTA A \u00c1LVARO PERCOVICH INFANTE SOBRE LA REVISTA \u201cMATERIA SENSIBLE\u201d by Guillermo Baltar Prendez\" \/>\n                            <\/div>\n                        <\/a><a data-id=\"2\" data-title=\"\" data-image=\"https:\/\/cooltivarte.com\/portal\/wp-content\/uploads\/2025\/12\/MATERIA-SENSIBLE-N-19.webp\" href=\"https:\/\/cooltivarte.com\/portal\/wp-content\/uploads\/2025\/12\/MATERIA-SENSIBLE-N-19.webp\" class=\"jeg_preview_item \">\n                            <div class=\"jeg_preview_item_thumbnail\">\n                                <img decoding=\"async\" width=\"120\" height=\"86\" src=\"https:\/\/cooltivarte.com\/portal\/wp-content\/uploads\/2025\/12\/MATERIA-SENSIBLE-N-19-120x86.webp\" class=\"attachment-jnews-120x86 size-jnews-120x86\" alt=\"ENTREVISTA A \u00c1LVARO PERCOVICH INFANTE SOBRE LA REVISTA \u201cMATERIA SENSIBLE\u201d by Guillermo Baltar Prendez\" \/>\n                            <\/div>\n                        <\/a><a data-id=\"3\" data-title=\"\" data-image=\"https:\/\/cooltivarte.com\/portal\/wp-content\/uploads\/2025\/12\/MATERIA-SENSIBLE-N-23.webp\" href=\"https:\/\/cooltivarte.com\/portal\/wp-content\/uploads\/2025\/12\/MATERIA-SENSIBLE-N-23.webp\" class=\"jeg_preview_item \">\n                            <div class=\"jeg_preview_item_thumbnail\">\n                                <img loading=\"lazy\" decoding=\"async\" width=\"120\" height=\"86\" src=\"https:\/\/cooltivarte.com\/portal\/wp-content\/uploads\/2025\/12\/MATERIA-SENSIBLE-N-23-120x86.webp\" class=\"attachment-jnews-120x86 size-jnews-120x86\" alt=\"ENTREVISTA A \u00c1LVARO PERCOVICH INFANTE SOBRE LA REVISTA \u201cMATERIA SENSIBLE\u201d by Guillermo Baltar Prendez\" \/>\n                            <\/div>\n                        <\/a>\n                    <\/div>\n                        <\/div>\n                        <div class=\"jeg_preview_description\">\n                            <div class=\"jeg_preview_slider_ads\"><div class='ads-wrapper'><a href='#' target=\"_blank\" rel='nofollow noopener' class='adlink jnews_gallery_ads'>\n                            <img src='https:\/\/cooltivarte.com\/portal\/wp-content\/themes\/jnews\/assets\/img\/jeg-empty.png' class='lazyload' data-src='https:\/\/cooltivarte.com\/portal\/wp-content\/uploads\/2021\/09\/ad_300x250.jpg' alt='' data-pin-no-hover=\"true\">\n                        <\/a><\/div><\/div>\n                            <div class=\"jeg_preview_description_wrapper\">\n                            <div class=\"jeg_hidden_preview_description\">\n                                <h3>1. <\/h3>\n                                <div class=\"jeg_preview_description_content\">\n                                    <p>ENTREVISTA A \u00c1LVARO PERCOVICH INFANTE SOBRE LA REVISTA \u201cMATERIA SENSIBLE\u201d by Guillermo Baltar Prendez<\/p>\n\n                                <\/div>\n                            <\/div><div class=\"jeg_hidden_preview_description\">\n                                <h3>2. <\/h3>\n                                <div class=\"jeg_preview_description_content\">\n                                    <p>ENTREVISTA A \u00c1LVARO PERCOVICH INFANTE SOBRE LA REVISTA \u201cMATERIA SENSIBLE\u201d by Guillermo Baltar Prendez<\/p>\n\n                                <\/div>\n                            <\/div><div class=\"jeg_hidden_preview_description\">\n                                <h3>3. <\/h3>\n                                <div class=\"jeg_preview_description_content\">\n                                    <p>ENTREVISTA A \u00c1LVARO PERCOVICH INFANTE SOBRE LA REVISTA \u201cMATERIA SENSIBLE\u201d by Guillermo Baltar Prendez<\/p>\n\n                                <\/div>\n                            <\/div><div class=\"jeg_hidden_preview_description\">\n                                <h3>4. <\/h3>\n                                <div class=\"jeg_preview_description_content\">\n                                    \n                                <\/div>\n                            <\/div>\n                            <\/div>\n                        <\/div>\n                        <script>\n                            var gallery_1 = {\n                                rtl: false,\n                                native_zoom: true,\n                                zoom_max: 5,\n                                zoom_step: 40,\n                                image_sequence: []\n                            };\n                        <\/script>\n                    <\/div>\n<p>&nbsp;<\/p>\n<p>&nbsp;<\/p>\n<p>&nbsp;<\/p>\n<h3><b>LA SENSIBLE CORPORIZACI\u00d3N DE LA MATERIA<\/b><\/h3>\n<h3><b>ENTREVISTA A \u00c1LVARO PERCOVICH INFANTE SOBRE LA REVISTA \u201cMATERIA SENSIBLE\u201d<\/b><\/h3>\n<h3>&nbsp;<\/h3>\n<p>Es excusa repetida, aquella que por lo reducido de nuestro medio, las publicaciones de \u00edndole art\u00edsticas o culturales, tienen pocas posibilidades ya no de trascender, sino de sobrevivir. Sobre todo, cuando estas son elaboradas de forma rigurosa, con un atractivo dise\u00f1o y un abanico de temas que hacen de sus contenidos, verdaderas narrativas de informaci\u00f3n, difusi\u00f3n de obras e incluso generar interrogantes sobre los pasados, presentes y posibles futuros de las disciplinas que abordan. Entre otras, ese ha sido el caso de <b>\u201cMateria Sensible\u201d<\/b>, la revista dedicada a la fotograf\u00eda en sus diferentes campos, editada por el Foto Club Uruguayo, entre agosto de 2012 hasta marzo de 2024. Durante doce a\u00f1os la revista revisito obras de diferentes autores nacionales, g\u00e9nero diferentes secciones entre sus p\u00e1ginas, entrevistas, historias, estudios sobre determinados aspectos de la comunicaci\u00f3n visual. Adem\u00e1s de ser un reconocido fot\u00f3grafo y docente, <a href=\"https:\/\/cooltivarte.com\/portal\/?s=%C3%81lvaro+Percovich\" target=\"_blank\" rel=\"noopener\"><strong>\u00c1lvaro Percovich<\/strong><\/a> Infante*, fue durante esos a\u00f1os el Coordinador Editorial de la misma. La poca capacidad de lectura que uno puede deducir de aquellos que hacen (o pretenden hacer) de la fotograf\u00eda su medio de vida o expresi\u00f3n, no dista tampoco del escaso inter\u00e9s que en general, uno puede constatar sobre la lectura de medios culturales impresos, como es el caso de las revistas. El mundo de los libros y la especificidad de sus lectores, seg\u00fan tem\u00e1ticas y g\u00e9neros, tiene un aforo de adeptos mayormente consolidado. Sobre estos aspectos y otros, transitados por \u201cMateria Sensible\u201d a trav\u00e9s de sus 23 ejemplares, son algunas de las apreciaciones aqu\u00ed contenidas.<\/p>\n<p>&nbsp;<\/p>\n<p><b>C\u00f3mo surgi\u00f3 la idea de impulsar desde el Foto Club Uruguayo, la gestaci\u00f3n de una revista que se dedicara a difundir la fotograf\u00eda (especialmente la nacional), en sus diversos aspectos\u2026<\/b><\/p>\n<p>-La idea de hacer algo, que r\u00e1pidamente se transform\u00f3 en un proyecto de revista, lo arrim\u00f3 Daniel Laizerovitz. Fue bien a fin del 2010, en Foto Club ya est\u00e1bamos cerrando el a\u00f1o, y aparece Daniel a proponer el poner al Foto Club en un lugar m\u00e1s destacado en el rol de difusi\u00f3n de la fotograf\u00eda nacional. En esas conversaciones iniciales es que se fue armando la idea, desde Fcu ten\u00edamos la idea de desarrollar algo, pero sobre todo faltaban fuerzas, y Daniel trajo ideas y esa fuerza necesaria. Nosotros como instituci\u00f3n ven\u00edamos del antecedente de la revista \u201cRevelarte\u201d, que compa\u00f1eros sacaron por 1996 y 1997. El a\u00f1o 2011 fue el a\u00f1o de gestaci\u00f3n, mucha conversaci\u00f3n, gente de varios palos de la fotograf\u00eda que invitamos para pensar el producto, y a su vez se fue armando el consejo editor.<\/p>\n<p><b>En momentos en que hay un auge en la producci\u00f3n de fotolibros como forma de proyectar o difundir ciertas obras, que espacio pasan a ocupar revistas donde adem\u00e1s de la difusi\u00f3n de&nbsp; obras y autores, se encaran temas que profundizan ciertos aspectos te\u00f3ricos y m\u00e1s a\u00fan, en lo referentes a las distintas especulaciones de los autores con sus obras<\/b><\/p>\n<p>-El formato libro de autor no estuvo en nuestro pensamiento, ya que en esas \u00e9pocas el CDF ven\u00eda con la posibilidad de editar, por invitaci\u00f3n o concurso, libros de autoras\/es. Por este motivo preferimos ir por el camino de hacer un producto de mayor diversidad, y por lo tanto en un solo elemento tener entre siete u ocho propuestas que pudieran dar una mayor pluralidad. Los temas que la revista pudo desarrollar, siempre fueron a trav\u00e9s de la lectura visual que se pudiera hacer de los trabajos publicados. En la variedad de estilos, y de formatos de las secciones pon\u00edamos, a quien tuviera un ejemplar en sus manos, a desmenuzar formas e ideas de realizaciones visuales. Quiz\u00e1s un desarrollo m\u00e1s te\u00f3rico se pod\u00eda dar a trav\u00e9s de las entrevistas que hac\u00edamos en cada ejemplar, donde se pod\u00eda volcar una forma de pensar, de parte de quien fuera entrevistado. Pero principalmente a trav\u00e9s de la secci\u00f3n llamada \u201cCr\u00f3nica\u201d, que escrib\u00eda Mar\u00eda de los \u00c1ngeles (Suci) Viera, es desde donde la revista hac\u00eda el mayor aporte te\u00f3rico y conceptual. Pero era solo esa secci\u00f3n, que tambi\u00e9n se nutr\u00eda de im\u00e1genes, el resto ten\u00edan un desarrollo principal de fotograf\u00edas.&nbsp; En el caso de \u201cMateria Sensible\u201d, no fue la idea que primara el pensamiento te\u00f3rico, sobre el desarrollo en im\u00e1genes, por lo menos nunca fue materia de desvelo, creemos que aportamos la cuota justa, para lograr un producto din\u00e1mico.<\/p>\n<p><b>En mi actividad docente dentro de la fotograf\u00eda, constat\u00e9 la falta de inter\u00e9s que suelen tener tanto alumnos, como parte de los profesionales, de poseer una marco te\u00f3rico no ya sobre la evoluci\u00f3n de la misma, sino en lo que respecta a la informaci\u00f3n de diferentes teor\u00edas visuales. \u201cMateria Sensible\u201d cumpl\u00eda esas funciones, y detalla esas evoluciones a&nbsp; trav\u00e9s de sus secciones. \u00bfHay un desinter\u00e9s por nutrirse, conocer las obras de otros, por ingresar a una \u201czona cr\u00edtica\u201d donde abordar el hecho fotogr\u00e1fico desde otras perspectivas?<\/b><\/p>\n<p>-No me animo a catalogar de \u201ccarencia notoria\u201d. Puede pasar que somos bastante vagos, y si no nos dan la comida en la boca, no comemos. \u201cMateria Sensible\u201d siempre ha querido ser esa cucharada en la boca, llevar el inter\u00e9s por la fotograf\u00eda desde nuestras p\u00e1ginas al consumidor.&nbsp; Ojal\u00e1 hayamos logrado subir el nivel de inter\u00e9s, desde el lugar que sea, tanto por lo concreto que hemos publicado en la revista, o que sea tambi\u00e9n una ventana abierta a la b\u00fasqueda posterior de datos y material, gracias a la divulgaci\u00f3n de una diversidad de autoras y autores. Observar fotograf\u00edas organizadas, desarrolladas desde portfolios, producciones personales, entrevistas, fotoensayos, etc. dan una representaci\u00f3n muy importante del panorama nacional, y por lo tanto se puede construir el marco te\u00f3rico que arman dichas im\u00e1genes.<\/p>\n<p><b>Al cumplir esa inquietud dinamizadora, porque no ha sido lo suficientemente reconocida, siendo adem\u00e1s una revista de un gusto y dise\u00f1o sumamente cuidado, un lujo para las ediciones independientes del medio.<\/b><\/p>\n<p>-Ser\u00eda importante determinar que implica el ser \u201csuficientemente reconocida\u201d. A trav\u00e9s de los a\u00f1os fuimos recibiendo un sinf\u00edn de elogios, sobre todo del p\u00fablico no especializado. Quiz\u00e1s en la zona de colegas y realizadores visuales falt\u00f3 apoyo, a pesar que muchas de estas personas hayan sido publicadas en la revista. Pareciera que sufrieran&nbsp; algo as\u00ed como una amnesia, que los hace no hablar o divulgar lo suficiente. Como si fuera lo m\u00e1s com\u00fan y habitual publicar en un medio de difusi\u00f3n impreso. Reconocimiento de parte de organizaciones o entidades de la cultura, nos pas\u00f3 similar, no se pudo lograr continuidad de parte de apoyos puntuales. Una l\u00e1stima porque con mayor sustento, hubi\u00e9ramos consolidado el proyecto por muchos a\u00f1os m\u00e1s, y por lo tanto la continuidad de algo fundamental para la sociedad toda. Pero no todo es adversidad, la huella est\u00e1 labrada, y el tiempo pondr\u00e1 en su merecido lugar a \u201cMateria Sensible\u201d, como material de consulta para el conocimiento de las creadoras y creadores de ac\u00e1.&nbsp;<\/p>\n<p><b>M\u00e1s all\u00e1 de tu injerencia, visto el resultado tanto desde el punto de vista editorial, como el del fot\u00f3grafo que eres, ha cambiado en algo tu percepci\u00f3n en torno a la realidad de la fotograf\u00eda nacional<\/b><\/p>\n<p>-La fotograf\u00eda nacional, m\u00e1s que por estilo o temas unificadores, la veo como siempre, una comunidad vinculada entre s\u00ed por el gusto de hacer fotograf\u00edas, sin ninguna otra cosa m\u00e1s. Se explora una diversidad tan grande de posibilidades, que es dif\u00edcil atar eso. A veces sucede que un estilo se pone de \u201cmoda\u201d y all\u00ed se identifica una direcci\u00f3n por parte de algunos, pero sobre todo pasa porque no se quieren quedar afuera de alg\u00fan ruedo.<\/p>\n<p><b>A\u00fan escucho consideraciones contradictorias, entre los que separan la fotograf\u00eda del mundo art\u00edstico. Es cierto que la evoluci\u00f3n de las generaciones, y el desarrollo de plataformas y creaciones audiovisuales han ido acortando esa falsa oposici\u00f3n. Piensa que estamos asentando una idea definitiva de que la fotograf\u00eda debe considerarse desde la multiplicidad de sus objetivos.<\/b><\/p>\n<p>-Es una discusi\u00f3n ya saldada, por lo menos para m\u00ed. Metaf\u00f3ricamente hablando lo deben pensar diez, de mil. Est\u00e1 m\u00e1s que discutida esa cuesti\u00f3n. Ya no existe el dar atenci\u00f3n a esos temas, es perder el tiempo. Por supuesto que la fotograf\u00eda ostenta la capacidad de poder tener una multiplicidad de objetivos. Siempre fue as\u00ed, solo que con el tiempo se ha profundizado al haber cada vez m\u00e1s gente haciendo fotograf\u00eda, o interviniendo en hechos de corte visual.<\/p>\n<p><b>Lo pregunto por el hecho de opinar sobre si la multiplicidad de medios, no ha transformado a la fotograf\u00eda solamente en un hobby, en un hecho trascendente en su intrascendencia de redes sociales Diferente son los registros de los sucesos b\u00e9licos recientes, o los desastres naturales provocados por los cambios clim\u00e1ticos, donde la fotograf\u00eda a trav\u00e9s de esos medios t\u00e9cnicos, ha posibilitado documentar lo que de otra manera, no se hubiesen podido registrar. \u00bfSon estos hechos los que rescata a la fotograf\u00eda de su domesticaci\u00f3n, y la posiciona m\u00e1s all\u00e1 de las selfis, el recuerdo familiar o tur\u00edstico?<\/b><\/p>\n<p>-La fotograf\u00eda siempre ha sido, mayormente, un hobby. De las millones de personas que usan dispositivos de captura de im\u00e1genes, es bastante menor quienes la usan como herramienta de corte profesional, de hecho me parece positivo para la profesi\u00f3n que cuantas m\u00e1s fotos se sacan en formato amateur, m\u00e1s se separan de las que hacen quienes adquieren conocimientos fotogr\u00e1ficos, o se expresan profesionalmente o art\u00edsticamente.<\/p>\n<p>No creo que s\u00f3lo las guerras sean las que ponen a la fotograf\u00eda al servicio de la sociedad. Pasa de todo a nuestro alrededor y registrar hechos relevantes se sigue haciendo a conciencia. Quiz\u00e1s queda m\u00e1s escondido, a partir de &nbsp;la aparici\u00f3n de las redes sociales, pues se ampli\u00f3 la vidriera, y la fotograf\u00eda es la principal forma de difusi\u00f3n.&nbsp;<\/p>\n<p>&nbsp;<\/p>\n<p>&nbsp;<\/p>\n<p>*<strong>\u00c1lvaro P\u00e9rcovich Infante<\/strong>. Inici\u00f3 en 1986 su incursi\u00f3n en la fotograf\u00eda bajo la orientaci\u00f3n de H\u00e9ctor \u201cChumbo\u201d Borgunder. En 1987 ingresa al Foto Club Uruguayo (FCU). Entre 1988 y 1990 cursa el Ciclo B\u00e1sico en la Escuela Nacional de Bellas Artes y del 1997 al 2002 trabaja en el diario El Observador y en la publicaci\u00f3n de arquitectura ELARQA. Hasta este a\u00f1o (2025) fue el Coordinador General del FCU. Ha realizado catorce muestras individuales y participado en diferentes colectivas. En el 2004 recibi\u00f3 el Premio Morosoli de Plata, que otorga la fundaci\u00f3n Lolita Rubial y en 2006 edit\u00f3 su primer libro de fotograf\u00edas, \u201cHistorias Simples\u201d. Desde 2011 llev\u00f3 adelante la coordinaci\u00f3n editorial de \u201cMateria Sensible\u201d, revista de fotograf\u00eda uruguaya. En 2013, viaj\u00f3 a Corea del Sur, invitado por la embajada de dicho pa\u00eds, como parte de un intercambio cultural con el fin de fotografiar, en un \u00e1gil itinerario, la cultura Coreana. Recientemente el Cdf acaba de publicar su colecci\u00f3n de Fotograf\u00eda Contempor\u00e1nea Uruguaya, editando un libro sobre su obra y trayectoria.<\/p>\n<p>&nbsp;<\/p>\n<p>&nbsp;<\/p>\n<p>&nbsp;<\/p>\n","protected":false},"excerpt":{"rendered":"<p>Es excusa repetida, aquella que por lo reducido de nuestro medio, las publicaciones de \u00edndole art\u00edsticas o culturales, tienen pocas posibilidades ya no de trascender, sino de sobrevivir. Sobre todo, cuando estas son elaboradas de forma rigurosa, con un atractivo dise\u00f1o y un abanico de temas que hacen de sus contenidos, verdaderas narrativas de informaci\u00f3n, difusi\u00f3n de obras e incluso generar interrogantes sobre los pasados, presentes y posibles futuros de las disciplinas que abordan. Entre otras, ese ha sido el caso de \u201cMateria Sensible\u201d, la revista dedicada a la fotograf\u00eda en sus diferentes campos, editada por el Foto Club Uruguayo, entre agosto de 2012 hasta marzo de 2024. Durante doce a\u00f1os la revista revisito obras de diferentes autores nacionales, g\u00e9nero diferentes secciones entre sus p\u00e1ginas, entrevistas, historias, estudios sobre determinados aspectos de la comunicaci\u00f3n visual. Adem\u00e1s de ser un reconocido fot\u00f3grafo y docente, \u00c1lvaro Percovich Infante*, fue durante esos a\u00f1os el Coordinador Editorial de la misma. La poca capacidad de lectura que uno puede deducir de aquellos que hacen (o pretenden hacer) de la fotograf\u00eda su medio de vida o expresi\u00f3n, no dista tampoco del escaso inter\u00e9s que en general, uno puede constatar sobre la lectura de medios culturales impresos, como es el caso de las revistas. El mundo de los libros y la especificidad de sus lectores, seg\u00fan tem\u00e1ticas y g\u00e9neros, tiene un aforo de adeptos mayormente consolidado. Sobre estos aspectos y otros, transitados por \u201cMateria Sensible\u201d a trav\u00e9s de sus 23 ejemplares, son algunas de las apreciaciones aqu\u00ed contenidas.<\/p>\n","protected":false},"author":226,"featured_media":120697,"comment_status":"closed","ping_status":"closed","sticky":false,"template":"","format":"standard","meta":{"om_disable_all_campaigns":false,"ngg_post_thumbnail":0,"jnews-multi-image_gallery":[],"jnews_single_post":{"format":"standard","override":[{"template":"4","parallax":"1","layout":"right-sidebar","sidebar":"default-sidebar","second_sidebar":"default-sidebar","sticky_sidebar":"1","share_position":"bottom","share_float_style":"share-monocrhome","show_share_counter":"1","show_view_counter":"1","show_featured":"1","show_post_meta":"1","show_post_author":"1","show_post_author_image":"1","show_post_date":"1","post_date_format":"default","post_date_format_custom":"Y\/m\/d","show_post_category":"1","post_reading_time_wpm":"300","post_calculate_word_method":"str_word_count","zoom_button_out_step":"2","zoom_button_in_step":"3","show_post_tag":"1","show_prev_next_post":"1","show_popup_post":"1","show_comment_section":"1","number_popup_post":"1","show_author_box":"1","show_post_related":"0","show_inline_post_related":"0"}],"image_override":[{"single_post_thumbnail_size":"no-crop","single_post_gallery_size":"crop-500"}],"trending_post_position":"meta","trending_post_label":"Trending","sponsored_post_label":"Sponsored by","disable_ad":"0","subtitle":"LA SENSIBLE CORPORIZACI\u00d3N DE LA MATERIA"},"jnews_primary_category":[],"jnews_social_meta":[],"jnews_override_counter":{"view_counter_number":"0","share_counter_number":"0","like_counter_number":"0","dislike_counter_number":"0"},"footnotes":""},"categories":[4573],"tags":[1930,1507,25152],"class_list":["post-120696","post","type-post","status-publish","format-standard","has-post-thumbnail","hentry","category-cobertura-sensible","tag-alvaro-percovich","tag-foto-club-uruguayo","tag-materia-sensible"],"yoast_head":"<!-- This site is optimized with the Yoast SEO plugin v27.4 - https:\/\/yoast.com\/product\/yoast-seo-wordpress\/ -->\n<title>ENTREVISTA A \u00c1LVARO PERCOVICH INFANTE SOBRE LA REVISTA \u201cMATERIA SENSIBLE\u201d - Cooltivarte Portal<\/title>\n<meta name=\"description\" content=\"Es excusa repetida, aquella que por lo reducido de nuestro medio, las publicaciones de \u00edndole art\u00edsticas o culturales, tienen pocas posibilidades ya no de trascender, sino de sobrevivir.\" \/>\n<meta name=\"robots\" content=\"index, follow, max-snippet:-1, max-image-preview:large, max-video-preview:-1\" \/>\n<link rel=\"canonical\" href=\"https:\/\/cooltivarte.com\/portal\/entrevista-a-alvaro-percovich-infante-sobre-la-revista-materia-sensible\/\" \/>\n<meta property=\"og:locale\" content=\"es_ES\" \/>\n<meta property=\"og:type\" content=\"article\" \/>\n<meta property=\"og:title\" content=\"ENTREVISTA A \u00c1LVARO PERCOVICH INFANTE SOBRE LA REVISTA \u201cMATERIA SENSIBLE\u201d by Guillermo Baltar Prendez\" \/>\n<meta property=\"og:description\" content=\"Es excusa repetida, aquella que por lo reducido de nuestro medio, las publicaciones de \u00edndole art\u00edsticas o culturales, tienen pocas posibilidades ya no de trascender, sino de sobrevivir.\" \/>\n<meta property=\"og:url\" content=\"https:\/\/cooltivarte.com\/portal\/entrevista-a-alvaro-percovich-infante-sobre-la-revista-materia-sensible\/\" \/>\n<meta property=\"og:site_name\" content=\"Cooltivarte Portal\" \/>\n<meta property=\"article:publisher\" content=\"https:\/\/www.facebook.com\/cooltivartecom\/\" \/>\n<meta property=\"article:author\" content=\"https:\/\/www.facebook.com\/cooltivartecom\/\" \/>\n<meta property=\"article:published_time\" content=\"2025-12-17T14:16:21+00:00\" \/>\n<meta property=\"article:modified_time\" content=\"2025-12-17T16:07:46+00:00\" \/>\n<meta property=\"og:image\" content=\"https:\/\/cooltivarte.com\/portal\/wp-content\/uploads\/2025\/12\/MATERIA-SENSIBLE-N-01.webp\" \/>\n\t<meta property=\"og:image:width\" content=\"1024\" \/>\n\t<meta property=\"og:image:height\" content=\"1125\" \/>\n\t<meta property=\"og:image:type\" content=\"image\/webp\" \/>\n<meta name=\"author\" content=\"Guillermo Baltar Prendez\" \/>\n<meta name=\"twitter:card\" content=\"summary_large_image\" \/>\n<meta name=\"twitter:title\" content=\"ENTREVISTA A \u00c1LVARO PERCOVICH INFANTE SOBRE LA REVISTA \u201cMATERIA SENSIBLE\u201d by Guillermo Baltar Prendez\" \/>\n<meta name=\"twitter:description\" content=\"Es excusa repetida, aquella que por lo reducido de nuestro medio, las publicaciones de \u00edndole art\u00edsticas o culturales, tienen pocas posibilidades ya no de trascender, sino de sobrevivir.\" \/>\n<meta name=\"twitter:image\" content=\"https:\/\/cooltivarte.com\/portal\/wp-content\/uploads\/2025\/12\/MATERIA-SENSIBLE-N-01.webp\" \/>\n<meta name=\"twitter:creator\" content=\"@https:\/\/x.com\/obolocultural\" \/>\n<meta name=\"twitter:site\" content=\"@obolocultural\" \/>\n<meta name=\"twitter:label1\" content=\"Escrito por\" \/>\n\t<meta name=\"twitter:data1\" content=\"Guillermo Baltar Prendez\" \/>\n\t<meta name=\"twitter:label2\" content=\"Tiempo de lectura\" \/>\n\t<meta name=\"twitter:data2\" content=\"9 minutos\" \/>\n<!-- \/ Yoast SEO plugin. -->","yoast_head_json":{"title":"ENTREVISTA A \u00c1LVARO PERCOVICH INFANTE SOBRE LA REVISTA \u201cMATERIA SENSIBLE\u201d - Cooltivarte Portal","description":"Es excusa repetida, aquella que por lo reducido de nuestro medio, las publicaciones de \u00edndole art\u00edsticas o culturales, tienen pocas posibilidades ya no de trascender, sino de sobrevivir.","robots":{"index":"index","follow":"follow","max-snippet":"max-snippet:-1","max-image-preview":"max-image-preview:large","max-video-preview":"max-video-preview:-1"},"canonical":"https:\/\/cooltivarte.com\/portal\/entrevista-a-alvaro-percovich-infante-sobre-la-revista-materia-sensible\/","og_locale":"es_ES","og_type":"article","og_title":"ENTREVISTA A \u00c1LVARO PERCOVICH INFANTE SOBRE LA REVISTA \u201cMATERIA SENSIBLE\u201d by Guillermo Baltar Prendez","og_description":"Es excusa repetida, aquella que por lo reducido de nuestro medio, las publicaciones de \u00edndole art\u00edsticas o culturales, tienen pocas posibilidades ya no de trascender, sino de sobrevivir.","og_url":"https:\/\/cooltivarte.com\/portal\/entrevista-a-alvaro-percovich-infante-sobre-la-revista-materia-sensible\/","og_site_name":"Cooltivarte Portal","article_publisher":"https:\/\/www.facebook.com\/cooltivartecom\/","article_author":"https:\/\/www.facebook.com\/cooltivartecom\/","article_published_time":"2025-12-17T14:16:21+00:00","article_modified_time":"2025-12-17T16:07:46+00:00","og_image":[{"width":1024,"height":1125,"url":"https:\/\/cooltivarte.com\/portal\/wp-content\/uploads\/2025\/12\/MATERIA-SENSIBLE-N-01.webp","type":"image\/webp"}],"author":"Guillermo Baltar Prendez","twitter_card":"summary_large_image","twitter_title":"ENTREVISTA A \u00c1LVARO PERCOVICH INFANTE SOBRE LA REVISTA \u201cMATERIA SENSIBLE\u201d by Guillermo Baltar Prendez","twitter_description":"Es excusa repetida, aquella que por lo reducido de nuestro medio, las publicaciones de \u00edndole art\u00edsticas o culturales, tienen pocas posibilidades ya no de trascender, sino de sobrevivir.","twitter_image":"https:\/\/cooltivarte.com\/portal\/wp-content\/uploads\/2025\/12\/MATERIA-SENSIBLE-N-01.webp","twitter_creator":"@https:\/\/x.com\/obolocultural","twitter_site":"@obolocultural","twitter_misc":{"Escrito por":"Guillermo Baltar Prendez","Tiempo de lectura":"9 minutos"},"schema":{"@context":"https:\/\/schema.org","@graph":[{"@type":"NewsArticle","@id":"https:\/\/cooltivarte.com\/portal\/entrevista-a-alvaro-percovich-infante-sobre-la-revista-materia-sensible\/#article","isPartOf":{"@id":"https:\/\/cooltivarte.com\/portal\/entrevista-a-alvaro-percovich-infante-sobre-la-revista-materia-sensible\/"},"author":{"name":"Guillermo Baltar Prendez","@id":"https:\/\/cooltivarte.com\/portal\/#\/schema\/person\/a7bd3aa267998a3763d8282d0dbf819e"},"headline":"ENTREVISTA A \u00c1LVARO PERCOVICH INFANTE SOBRE LA REVISTA \u201cMATERIA SENSIBLE\u201d","datePublished":"2025-12-17T14:16:21+00:00","dateModified":"2025-12-17T16:07:46+00:00","mainEntityOfPage":{"@id":"https:\/\/cooltivarte.com\/portal\/entrevista-a-alvaro-percovich-infante-sobre-la-revista-materia-sensible\/"},"wordCount":1992,"publisher":{"@id":"https:\/\/cooltivarte.com\/portal\/#organization"},"image":{"@id":"https:\/\/cooltivarte.com\/portal\/entrevista-a-alvaro-percovich-infante-sobre-la-revista-materia-sensible\/#primaryimage"},"thumbnailUrl":"https:\/\/cooltivarte.com\/portal\/wp-content\/uploads\/2025\/12\/MATERIA-SENSIBLE-N-01.webp","keywords":["\u00c1lvaro Percovich","Foto Club Uruguayo","Materia Sensible"],"articleSection":["Muestra Sensible"],"inLanguage":"es-AR"},{"@type":"WebPage","@id":"https:\/\/cooltivarte.com\/portal\/entrevista-a-alvaro-percovich-infante-sobre-la-revista-materia-sensible\/","url":"https:\/\/cooltivarte.com\/portal\/entrevista-a-alvaro-percovich-infante-sobre-la-revista-materia-sensible\/","name":"ENTREVISTA A \u00c1LVARO PERCOVICH INFANTE SOBRE LA REVISTA \u201cMATERIA SENSIBLE\u201d - Cooltivarte Portal","isPartOf":{"@id":"https:\/\/cooltivarte.com\/portal\/#website"},"primaryImageOfPage":{"@id":"https:\/\/cooltivarte.com\/portal\/entrevista-a-alvaro-percovich-infante-sobre-la-revista-materia-sensible\/#primaryimage"},"image":{"@id":"https:\/\/cooltivarte.com\/portal\/entrevista-a-alvaro-percovich-infante-sobre-la-revista-materia-sensible\/#primaryimage"},"thumbnailUrl":"https:\/\/cooltivarte.com\/portal\/wp-content\/uploads\/2025\/12\/MATERIA-SENSIBLE-N-01.webp","datePublished":"2025-12-17T14:16:21+00:00","dateModified":"2025-12-17T16:07:46+00:00","description":"Es excusa repetida, aquella que por lo reducido de nuestro medio, las publicaciones de \u00edndole art\u00edsticas o culturales, tienen pocas posibilidades ya no de trascender, sino de sobrevivir.","breadcrumb":{"@id":"https:\/\/cooltivarte.com\/portal\/entrevista-a-alvaro-percovich-infante-sobre-la-revista-materia-sensible\/#breadcrumb"},"inLanguage":"es-AR","potentialAction":[{"@type":"ReadAction","target":["https:\/\/cooltivarte.com\/portal\/entrevista-a-alvaro-percovich-infante-sobre-la-revista-materia-sensible\/"]}]},{"@type":"ImageObject","inLanguage":"es-AR","@id":"https:\/\/cooltivarte.com\/portal\/entrevista-a-alvaro-percovich-infante-sobre-la-revista-materia-sensible\/#primaryimage","url":"https:\/\/cooltivarte.com\/portal\/wp-content\/uploads\/2025\/12\/MATERIA-SENSIBLE-N-01.webp","contentUrl":"https:\/\/cooltivarte.com\/portal\/wp-content\/uploads\/2025\/12\/MATERIA-SENSIBLE-N-01.webp","width":1024,"height":1125,"caption":"ENTREVISTA A \u00c1LVARO PERCOVICH INFANTE SOBRE LA REVISTA \u201cMATERIA SENSIBLE\u201d by Guillermo Baltar Prendez"},{"@type":"BreadcrumbList","@id":"https:\/\/cooltivarte.com\/portal\/entrevista-a-alvaro-percovich-infante-sobre-la-revista-materia-sensible\/#breadcrumb","itemListElement":[{"@type":"ListItem","position":1,"name":"Portada","item":"https:\/\/cooltivarte.com\/portal\/"},{"@type":"ListItem","position":2,"name":"ENTREVISTA A \u00c1LVARO PERCOVICH INFANTE SOBRE LA REVISTA \u201cMATERIA SENSIBLE\u201d"}]},{"@type":"WebSite","@id":"https:\/\/cooltivarte.com\/portal\/#website","url":"https:\/\/cooltivarte.com\/portal\/","name":"Cooltivarte Portal","description":"Arte, cultura y turismo para el mundo ...","publisher":{"@id":"https:\/\/cooltivarte.com\/portal\/#organization"},"potentialAction":[{"@type":"SearchAction","target":{"@type":"EntryPoint","urlTemplate":"https:\/\/cooltivarte.com\/portal\/?s={search_term_string}"},"query-input":{"@type":"PropertyValueSpecification","valueRequired":true,"valueName":"search_term_string"}}],"inLanguage":"es-AR"},{"@type":"Organization","@id":"https:\/\/cooltivarte.com\/portal\/#organization","name":"cooltivarte","url":"https:\/\/cooltivarte.com\/portal\/","logo":{"@type":"ImageObject","inLanguage":"es-AR","@id":"https:\/\/cooltivarte.com\/portal\/#\/schema\/logo\/image\/","url":"https:\/\/cooltivarte.com\/portal\/wp-content\/uploads\/2020\/04\/logo-cooltivarte-v2.png","contentUrl":"https:\/\/cooltivarte.com\/portal\/wp-content\/uploads\/2020\/04\/logo-cooltivarte-v2.png","width":851,"height":243,"caption":"cooltivarte"},"image":{"@id":"https:\/\/cooltivarte.com\/portal\/#\/schema\/logo\/image\/"},"sameAs":["https:\/\/www.facebook.com\/cooltivartecom\/","https:\/\/x.com\/obolocultural","https:\/\/www.instagram.com\/_cooltivarte_\/","https:\/\/www.linkedin.com\/company\/-bolocultural?reportsuccess=8zaNG1HwhPbAR9iQhZ5rfGeqz_vQFftHun0ZWU0Wy9vNemRJ8vtcKdJvzQfW8XagyOJSKg0XvfJ1dp","https:\/\/www.pinterest.com\/cooltivarte\/","https:\/\/cooltivarte.tumblr.com\/","https:\/\/www.tiktok.com\/@cooltivarte","https:\/\/www.youtube.com\/@PrensaCooltivarte"]},{"@type":"Person","@id":"https:\/\/cooltivarte.com\/portal\/#\/schema\/person\/a7bd3aa267998a3763d8282d0dbf819e","name":"Guillermo Baltar Prendez","image":{"@type":"ImageObject","inLanguage":"es-AR","@id":"https:\/\/cooltivarte.com\/portal\/wp-content\/uploads\/2024\/11\/Guillermo-Baltar-Prendez-120x120.jpg","url":"https:\/\/cooltivarte.com\/portal\/wp-content\/uploads\/2024\/11\/Guillermo-Baltar-Prendez-120x120.jpg","contentUrl":"https:\/\/cooltivarte.com\/portal\/wp-content\/uploads\/2024\/11\/Guillermo-Baltar-Prendez-120x120.jpg","caption":"Guillermo Baltar Prendez"},"description":"Guillermo Baltar Prendez (Montevideo, 1957). Licenciado en Periodismo por la Facultad de Ciencias de la Informaci\u00f3n de la Universidad Complutense de Madrid, donde realiz\u00f3 estudios de Comunicaci\u00f3n Visual y Tecnolog\u00edas de la Informaci\u00f3n. Estudio c\u00e1mara y fotograf\u00eda en Madrid, incursionando dentro del dise\u00f1o gr\u00e1fico y el audiovisual. Estudi\u00f3 Edici\u00f3n y Post Producci\u00f3n Digital en la ECU. Desde 1976 escribe en los medios culturales m\u00e1s importantes del pa\u00eds. En los a\u00f1os ochenta cre\u00f3 los ciclos de conciertos de rock y exposiciones del Cabaret Voltaire de Montevideo. Public\u00f3 libros de poes\u00eda y particip\u00f3 de lecturas y performances. Todas las horas son del tiempo es su s\u00e9ptima muestra individual en Uruguay desde su regreso al pa\u00eds a fines de 2004. Ese a\u00f1o estrena \u00cdconos \u2013trabajos digitales sobre la obra de Eduardo Darnauchans\u2013 en el hall del Teatro Sol\u00eds, coincidiendo con el homenaje que la Junta Departamental tributara al cantautor. Desde sus inicios integra la redacci\u00f3n de la revista Dossier, donde publica art\u00edculos y entrevistas, y es el responsable de la secci\u00f3n de cr\u00edtica fotogr\u00e1fica. Se desempe\u00f1a como curador y gestor independiente. Desde 2009 organiza la muestra colectiva De caj\u00f3n: Fotograf\u00edas encontradas, en el Espacio Cultural de M\u00e9xico. Es coordinador de los Talleres de Arte y Fotograf\u00eda, y de realizaci\u00f3n audiovisual \u201cCorto Doc\u201d (este \u00faltimo junto a Mariana Oliva) en la Escuela de Fotograf\u00eda Taller Aquelarre, as\u00ed como de otras instituciones p\u00fablicas y privadas. Dict\u00f3 cursos para egresados universitarios en la Facultad de Arte (Ienba), dentro de los programas de Educaci\u00f3n Permanente; tambi\u00e9n imparti\u00f3 seminarios sobre Fotomontaje en el Instituto Universitario BIOS. En mayo de 2010 a\u00f1o expuso Peque\u00f1as canciones en la sala del CdF. En el Fotograma-11 expuso Lennon-Darnauchans: correspondencia secreta.","sameAs":["https:\/\/cooltivarte.com\/portal","https:\/\/www.facebook.com\/cooltivartecom\/","https:\/\/www.instagram.com\/_cooltivarte_\/","https:\/\/www.linkedin.com\/in\/guillermo-baltar-66803215","https:\/\/www.pinterest.com\/cooltivarte","https:\/\/x.com\/https:\/\/x.com\/obolocultural","https:\/\/www.youtube.com\/@PrensaCooltivarte","https:\/\/www.tumblr.com\/blog\/cooltivarte"],"url":"https:\/\/cooltivarte.com\/portal\/author\/guillermo-baltar-prendez\/"}]}},"_links":{"self":[{"href":"https:\/\/cooltivarte.com\/portal\/wp-json\/wp\/v2\/posts\/120696","targetHints":{"allow":["GET"]}}],"collection":[{"href":"https:\/\/cooltivarte.com\/portal\/wp-json\/wp\/v2\/posts"}],"about":[{"href":"https:\/\/cooltivarte.com\/portal\/wp-json\/wp\/v2\/types\/post"}],"author":[{"embeddable":true,"href":"https:\/\/cooltivarte.com\/portal\/wp-json\/wp\/v2\/users\/226"}],"replies":[{"embeddable":true,"href":"https:\/\/cooltivarte.com\/portal\/wp-json\/wp\/v2\/comments?post=120696"}],"version-history":[{"count":2,"href":"https:\/\/cooltivarte.com\/portal\/wp-json\/wp\/v2\/posts\/120696\/revisions"}],"predecessor-version":[{"id":120702,"href":"https:\/\/cooltivarte.com\/portal\/wp-json\/wp\/v2\/posts\/120696\/revisions\/120702"}],"wp:featuredmedia":[{"embeddable":true,"href":"https:\/\/cooltivarte.com\/portal\/wp-json\/wp\/v2\/media\/120697"}],"wp:attachment":[{"href":"https:\/\/cooltivarte.com\/portal\/wp-json\/wp\/v2\/media?parent=120696"}],"wp:term":[{"taxonomy":"category","embeddable":true,"href":"https:\/\/cooltivarte.com\/portal\/wp-json\/wp\/v2\/categories?post=120696"},{"taxonomy":"post_tag","embeddable":true,"href":"https:\/\/cooltivarte.com\/portal\/wp-json\/wp\/v2\/tags?post=120696"}],"curies":[{"name":"wp","href":"https:\/\/api.w.org\/{rel}","templated":true}]}}