{"id":120571,"date":"2025-12-10T15:41:27","date_gmt":"2025-12-10T18:41:27","guid":{"rendered":"https:\/\/cooltivarte.com\/portal\/?p=120571"},"modified":"2025-12-10T15:44:52","modified_gmt":"2025-12-10T18:44:52","slug":"vuela-alto-asi-como-viviste-roberto-iniesta-robe","status":"publish","type":"post","link":"https:\/\/cooltivarte.com\/portal\/vuela-alto-asi-como-viviste-roberto-iniesta-robe\/","title":{"rendered":"Vuela alto as\u00ed como viviste Roberto Iniesta \u201cRobe\u201d"},"content":{"rendered":"<figure id=\"attachment_120572\" aria-describedby=\"caption-attachment-120572\" style=\"width: 614px\" class=\"wp-caption aligncenter\"><img fetchpriority=\"high\" decoding=\"async\" class=\"wp-image-120572 size-full\" title=\"Roberto Iniesta \u201cRobe\u201d\" src=\"https:\/\/cooltivarte.com\/portal\/wp-content\/uploads\/2025\/12\/robe.webp\" alt=\"Roberto Iniesta \u201cRobe\u201d\" width=\"614\" height=\"740\" srcset=\"https:\/\/cooltivarte.com\/portal\/wp-content\/uploads\/2025\/12\/robe.webp 614w, https:\/\/cooltivarte.com\/portal\/wp-content\/uploads\/2025\/12\/robe-249x300.webp 249w\" sizes=\"(max-width: 614px) 100vw, 614px\" \/><figcaption id=\"caption-attachment-120572\" class=\"wp-caption-text\">Roberto Iniesta \u201cRobe\u201d &#8211; Fuente imagen <a href=\"https:\/\/www.instagram.com\/robe.es\/?hl=es\" target=\"_blank\" rel=\"noopener\">IG Robe<\/a><\/figcaption><\/figure>\n<p><strong>Vuela alto as\u00ed como viviste<\/strong><\/p>\n<p><strong>Roberto Iniesta \u201c<a href=\"https:\/\/cooltivarte.com\/portal\/?s=Robe\" target=\"_blank\" rel=\"noopener\">Robe<\/a>\u201d<\/strong><\/p>\n<p><strong>16 de mayo 1962 \/ 10 de diciembre 2025<\/strong><\/p>\n<p>Hoy despedimos al gran poeta, al fil\u00f3sofo luminoso, al hombre que hizo de su propio coraz\u00f3n una bandera. Vivi\u00f3 defendiendo sus principios con una honestidad feroz, sosteniendo una filosof\u00eda que abrazaba la libertad, la sensibilidad y el fuego inagotable del arte.<\/p>\n<p>Am\u00f3 la m\u00fasica como quien ama la vida misma: profundamente, sin pedir permiso, dejando que cada acorde le atravesara el alma. Fue un creador \u00edntegro, un esp\u00edritu indomable que eligi\u00f3 vivir fiel a s\u00ed mismo hasta el \u00faltimo latido.<\/p>\n<p>Su legado tambi\u00e9n se extendi\u00f3 al papel. En 2009 public\u00f3 su novela El viaje \u00edntimo de la locura, una obra que dej\u00f3 ver otra dimensi\u00f3n de su mirada: inquieta, profunda, \u00edntima, tan sincera como sus canciones.<\/p>\n<p>Como l\u00edder de <a href=\"https:\/\/cooltivarte.com\/portal\/?s=Extremoduro\" target=\"_blank\" rel=\"noopener\"><strong>Extremoduro<\/strong><\/a> dej\u00f3 discos que ya forman parte de la memoria colectiva: Rock transgresivo, Somos unos animales, Deltoya, \u00c1gila, Canciones prohibidas, Yo, minor\u00eda absoluta, La ley innata, Material defectuoso y Para todos los p\u00fablicos. M\u00e1s tarde, en su camino en solitario, sigui\u00f3 expandiendo su universo interior con trabajos como Lo que aletea en nuestras cabezas, Destrozares y May\u00e9utica.<\/p>\n<p>Hoy vuela alto, del mismo modo en que vivi\u00f3: con coraje, con belleza, con esa verdad que no se negocia. Su obra queda, su pensamiento queda y su forma singular de habitar el mundo tambi\u00e9n.<\/p>\n<p>Hasta siempre.<\/p>\n<p>&nbsp;<\/p>\n<p>&nbsp;<\/p>\n","protected":false},"excerpt":{"rendered":"<p>Vuela alto as\u00ed como viviste<\/p>\n<p>Roberto Iniesta \u201cRobe\u201d<\/p>\n<p>16 de mayo 1962\/10 de diciembre 2025<\/p>\n<p>Hoy despedimos al gran poeta, al fil\u00f3sofo luminoso, al hombre que hizo de su propio coraz\u00f3n una bandera. Vivi\u00f3 defendiendo sus principios con una honestidad feroz, sosteniendo una filosof\u00eda que abrazaba la libertad, la sensibilidad y el fuego inagotable del arte.<\/p>\n","protected":false},"author":214,"featured_media":120572,"comment_status":"closed","ping_status":"closed","sticky":false,"template":"","format":"standard","meta":{"om_disable_all_campaigns":false,"ngg_post_thumbnail":0,"jnews-multi-image_gallery":[],"jnews_single_post":{"format":"standard","override":[{"template":"4","parallax":"1","layout":"right-sidebar","sidebar":"default-sidebar","second_sidebar":"default-sidebar","sticky_sidebar":"1","share_position":"bottom","share_float_style":"share-monocrhome","show_share_counter":"1","show_view_counter":"1","show_featured":"1","show_post_meta":"1","show_post_author":"1","show_post_author_image":"1","show_post_date":"1","post_date_format":"default","post_date_format_custom":"Y\/m\/d","show_post_category":"1","post_reading_time_wpm":"300","post_calculate_word_method":"str_word_count","zoom_button_out_step":"2","zoom_button_in_step":"3","show_post_tag":"1","show_prev_next_post":"1","show_popup_post":"1","show_comment_section":"1","number_popup_post":"1","show_author_box":"1","show_post_related":"0","show_inline_post_related":"0"}],"image_override":[{"single_post_thumbnail_size":"no-crop","single_post_gallery_size":"crop-500"}],"trending_post_position":"meta","trending_post_label":"Trending","sponsored_post_label":"Sponsored by","disable_ad":"0","subtitle":"16 de mayo 1962 - 10 de diciembre 2025"},"jnews_primary_category":[],"jnews_social_meta":[],"jnews_override_counter":{"view_counter_number":"0","share_counter_number":"0","like_counter_number":"0","dislike_counter_number":"0"},"footnotes":""},"categories":[59],"tags":[747,7848,3468],"class_list":["post-120571","post","type-post","status-publish","format-standard","has-post-thumbnail","hentry","category-musicos","tag-extremoduro","tag-robe","tag-roberto-iniesta"],"yoast_head":"<!-- This site is optimized with the Yoast SEO plugin v27.5 - https:\/\/yoast.com\/product\/yoast-seo-wordpress\/ -->\n<title>Vuela alto as\u00ed como viviste Roberto Iniesta \u201cRobe\u201d - Cooltivarte Portal<\/title>\n<meta name=\"description\" content=\"Hoy despedimos al gran poeta, al fil\u00f3sofo luminoso, al hombre que hizo de su propio coraz\u00f3n una bandera. Vivi\u00f3 defendiendo sus principios con una honestidad feroz, sosteniendo una filosof\u00eda que abrazaba la libertad, la sensibilidad y el fuego inagotable del arte.\" \/>\n<meta name=\"robots\" content=\"index, follow, max-snippet:-1, max-image-preview:large, max-video-preview:-1\" \/>\n<link rel=\"canonical\" href=\"https:\/\/cooltivarte.com\/portal\/vuela-alto-asi-como-viviste-roberto-iniesta-robe\/\" \/>\n<meta property=\"og:locale\" content=\"es_ES\" \/>\n<meta property=\"og:type\" content=\"article\" \/>\n<meta property=\"og:title\" content=\"Vuela alto as\u00ed como viviste Roberto Iniesta \u201cRobe\u201d by Mar\u00eda Fernanda Vird\u00f3\" \/>\n<meta property=\"og:description\" content=\"Hoy despedimos al gran poeta, al fil\u00f3sofo luminoso, al hombre que hizo de su propio coraz\u00f3n una bandera. Vivi\u00f3 defendiendo sus principios con una honestidad feroz, sosteniendo una filosof\u00eda que abrazaba la libertad, la sensibilidad y el fuego inagotable del arte.\" \/>\n<meta property=\"og:url\" content=\"https:\/\/cooltivarte.com\/portal\/vuela-alto-asi-como-viviste-roberto-iniesta-robe\/\" \/>\n<meta property=\"og:site_name\" content=\"Cooltivarte Portal\" \/>\n<meta property=\"article:publisher\" content=\"https:\/\/www.facebook.com\/cooltivartecom\/\" \/>\n<meta property=\"article:author\" content=\"https:\/\/www.facebook.com\/profile.php?id=100082135684669\" \/>\n<meta property=\"article:published_time\" content=\"2025-12-10T18:41:27+00:00\" \/>\n<meta property=\"article:modified_time\" content=\"2025-12-10T18:44:52+00:00\" \/>\n<meta property=\"og:image\" content=\"https:\/\/cooltivarte.com\/portal\/wp-content\/uploads\/2025\/12\/robe.webp\" \/>\n\t<meta property=\"og:image:width\" content=\"614\" \/>\n\t<meta property=\"og:image:height\" content=\"740\" \/>\n\t<meta property=\"og:image:type\" content=\"image\/webp\" \/>\n<meta name=\"author\" content=\"Mar\u00eda Fernanda Vird\u00f3\" \/>\n<meta name=\"twitter:card\" content=\"summary_large_image\" \/>\n<meta name=\"twitter:title\" content=\"Vuela alto as\u00ed como viviste Roberto Iniesta \u201cRobe\u201d by Mar\u00eda Fernanda Vird\u00f3\" \/>\n<meta name=\"twitter:description\" content=\"Hoy despedimos al gran poeta, al fil\u00f3sofo luminoso, al hombre que hizo de su propio coraz\u00f3n una bandera. Vivi\u00f3 defendiendo sus principios con una honestidad feroz, sosteniendo una filosof\u00eda que abrazaba la libertad, la sensibilidad y el fuego inagotable del arte.\" \/>\n<meta name=\"twitter:creator\" content=\"@https:\/\/x.com\/obolocultural\" \/>\n<meta name=\"twitter:site\" content=\"@obolocultural\" \/>\n<meta name=\"twitter:label1\" content=\"Escrito por\" \/>\n\t<meta name=\"twitter:data1\" content=\"Mar\u00eda Fernanda Vird\u00f3\" \/>\n\t<meta name=\"twitter:label2\" content=\"Tiempo de lectura\" \/>\n\t<meta name=\"twitter:data2\" content=\"2 minutos\" \/>\n<!-- \/ Yoast SEO plugin. -->","yoast_head_json":{"title":"Vuela alto as\u00ed como viviste Roberto Iniesta \u201cRobe\u201d - Cooltivarte Portal","description":"Hoy despedimos al gran poeta, al fil\u00f3sofo luminoso, al hombre que hizo de su propio coraz\u00f3n una bandera. Vivi\u00f3 defendiendo sus principios con una honestidad feroz, sosteniendo una filosof\u00eda que abrazaba la libertad, la sensibilidad y el fuego inagotable del arte.","robots":{"index":"index","follow":"follow","max-snippet":"max-snippet:-1","max-image-preview":"max-image-preview:large","max-video-preview":"max-video-preview:-1"},"canonical":"https:\/\/cooltivarte.com\/portal\/vuela-alto-asi-como-viviste-roberto-iniesta-robe\/","og_locale":"es_ES","og_type":"article","og_title":"Vuela alto as\u00ed como viviste Roberto Iniesta \u201cRobe\u201d by Mar\u00eda Fernanda Vird\u00f3","og_description":"Hoy despedimos al gran poeta, al fil\u00f3sofo luminoso, al hombre que hizo de su propio coraz\u00f3n una bandera. Vivi\u00f3 defendiendo sus principios con una honestidad feroz, sosteniendo una filosof\u00eda que abrazaba la libertad, la sensibilidad y el fuego inagotable del arte.","og_url":"https:\/\/cooltivarte.com\/portal\/vuela-alto-asi-como-viviste-roberto-iniesta-robe\/","og_site_name":"Cooltivarte Portal","article_publisher":"https:\/\/www.facebook.com\/cooltivartecom\/","article_author":"https:\/\/www.facebook.com\/profile.php?id=100082135684669","article_published_time":"2025-12-10T18:41:27+00:00","article_modified_time":"2025-12-10T18:44:52+00:00","og_image":[{"width":614,"height":740,"url":"https:\/\/cooltivarte.com\/portal\/wp-content\/uploads\/2025\/12\/robe.webp","type":"image\/webp"}],"author":"Mar\u00eda Fernanda Vird\u00f3","twitter_card":"summary_large_image","twitter_title":"Vuela alto as\u00ed como viviste Roberto Iniesta \u201cRobe\u201d by Mar\u00eda Fernanda Vird\u00f3","twitter_description":"Hoy despedimos al gran poeta, al fil\u00f3sofo luminoso, al hombre que hizo de su propio coraz\u00f3n una bandera. Vivi\u00f3 defendiendo sus principios con una honestidad feroz, sosteniendo una filosof\u00eda que abrazaba la libertad, la sensibilidad y el fuego inagotable del arte.","twitter_creator":"@https:\/\/x.com\/obolocultural","twitter_site":"@obolocultural","twitter_misc":{"Escrito por":"Mar\u00eda Fernanda Vird\u00f3","Tiempo de lectura":"2 minutos"},"schema":{"@context":"https:\/\/schema.org","@graph":[{"@type":"NewsArticle","@id":"https:\/\/cooltivarte.com\/portal\/vuela-alto-asi-como-viviste-roberto-iniesta-robe\/#article","isPartOf":{"@id":"https:\/\/cooltivarte.com\/portal\/vuela-alto-asi-como-viviste-roberto-iniesta-robe\/"},"author":{"name":"Mar\u00eda Fernanda Vird\u00f3","@id":"https:\/\/cooltivarte.com\/portal\/#\/schema\/person\/e6065430240320d012b4c5e7e6fd8ebd"},"headline":"Vuela alto as\u00ed como viviste Roberto Iniesta \u201cRobe\u201d","datePublished":"2025-12-10T18:41:27+00:00","dateModified":"2025-12-10T18:44:52+00:00","mainEntityOfPage":{"@id":"https:\/\/cooltivarte.com\/portal\/vuela-alto-asi-como-viviste-roberto-iniesta-robe\/"},"wordCount":262,"publisher":{"@id":"https:\/\/cooltivarte.com\/portal\/#organization"},"image":{"@id":"https:\/\/cooltivarte.com\/portal\/vuela-alto-asi-como-viviste-roberto-iniesta-robe\/#primaryimage"},"thumbnailUrl":"https:\/\/cooltivarte.com\/portal\/wp-content\/uploads\/2025\/12\/robe.webp","keywords":["extremoduro","ROBE","Roberto Iniesta"],"articleSection":["M\u00fasica"],"inLanguage":"es-AR"},{"@type":"WebPage","@id":"https:\/\/cooltivarte.com\/portal\/vuela-alto-asi-como-viviste-roberto-iniesta-robe\/","url":"https:\/\/cooltivarte.com\/portal\/vuela-alto-asi-como-viviste-roberto-iniesta-robe\/","name":"Vuela alto as\u00ed como viviste Roberto Iniesta \u201cRobe\u201d - Cooltivarte Portal","isPartOf":{"@id":"https:\/\/cooltivarte.com\/portal\/#website"},"primaryImageOfPage":{"@id":"https:\/\/cooltivarte.com\/portal\/vuela-alto-asi-como-viviste-roberto-iniesta-robe\/#primaryimage"},"image":{"@id":"https:\/\/cooltivarte.com\/portal\/vuela-alto-asi-como-viviste-roberto-iniesta-robe\/#primaryimage"},"thumbnailUrl":"https:\/\/cooltivarte.com\/portal\/wp-content\/uploads\/2025\/12\/robe.webp","datePublished":"2025-12-10T18:41:27+00:00","dateModified":"2025-12-10T18:44:52+00:00","description":"Hoy despedimos al gran poeta, al fil\u00f3sofo luminoso, al hombre que hizo de su propio coraz\u00f3n una bandera. Vivi\u00f3 defendiendo sus principios con una honestidad feroz, sosteniendo una filosof\u00eda que abrazaba la libertad, la sensibilidad y el fuego inagotable del arte.","breadcrumb":{"@id":"https:\/\/cooltivarte.com\/portal\/vuela-alto-asi-como-viviste-roberto-iniesta-robe\/#breadcrumb"},"inLanguage":"es-AR","potentialAction":[{"@type":"ReadAction","target":["https:\/\/cooltivarte.com\/portal\/vuela-alto-asi-como-viviste-roberto-iniesta-robe\/"]}]},{"@type":"ImageObject","inLanguage":"es-AR","@id":"https:\/\/cooltivarte.com\/portal\/vuela-alto-asi-como-viviste-roberto-iniesta-robe\/#primaryimage","url":"https:\/\/cooltivarte.com\/portal\/wp-content\/uploads\/2025\/12\/robe.webp","contentUrl":"https:\/\/cooltivarte.com\/portal\/wp-content\/uploads\/2025\/12\/robe.webp","width":614,"height":740,"caption":"Roberto Iniesta \u201cRobe\u201d"},{"@type":"BreadcrumbList","@id":"https:\/\/cooltivarte.com\/portal\/vuela-alto-asi-como-viviste-roberto-iniesta-robe\/#breadcrumb","itemListElement":[{"@type":"ListItem","position":1,"name":"Portada","item":"https:\/\/cooltivarte.com\/portal\/"},{"@type":"ListItem","position":2,"name":"Vuela alto as\u00ed como viviste Roberto Iniesta \u201cRobe\u201d"}]},{"@type":"WebSite","@id":"https:\/\/cooltivarte.com\/portal\/#website","url":"https:\/\/cooltivarte.com\/portal\/","name":"Cooltivarte Portal","description":"Arte, cultura y turismo para el mundo ...","publisher":{"@id":"https:\/\/cooltivarte.com\/portal\/#organization"},"potentialAction":[{"@type":"SearchAction","target":{"@type":"EntryPoint","urlTemplate":"https:\/\/cooltivarte.com\/portal\/?s={search_term_string}"},"query-input":{"@type":"PropertyValueSpecification","valueRequired":true,"valueName":"search_term_string"}}],"inLanguage":"es-AR"},{"@type":"Organization","@id":"https:\/\/cooltivarte.com\/portal\/#organization","name":"cooltivarte","url":"https:\/\/cooltivarte.com\/portal\/","logo":{"@type":"ImageObject","inLanguage":"es-AR","@id":"https:\/\/cooltivarte.com\/portal\/#\/schema\/logo\/image\/","url":"https:\/\/cooltivarte.com\/portal\/wp-content\/uploads\/2020\/04\/logo-cooltivarte-v2.png","contentUrl":"https:\/\/cooltivarte.com\/portal\/wp-content\/uploads\/2020\/04\/logo-cooltivarte-v2.png","width":851,"height":243,"caption":"cooltivarte"},"image":{"@id":"https:\/\/cooltivarte.com\/portal\/#\/schema\/logo\/image\/"},"sameAs":["https:\/\/www.facebook.com\/cooltivartecom\/","https:\/\/x.com\/obolocultural","https:\/\/www.instagram.com\/_cooltivarte_\/","https:\/\/www.linkedin.com\/company\/-bolocultural?reportsuccess=8zaNG1HwhPbAR9iQhZ5rfGeqz_vQFftHun0ZWU0Wy9vNemRJ8vtcKdJvzQfW8XagyOJSKg0XvfJ1dp","https:\/\/www.pinterest.com\/cooltivarte\/","https:\/\/cooltivarte.tumblr.com\/","https:\/\/www.tiktok.com\/@cooltivarte","https:\/\/www.youtube.com\/@PrensaCooltivarte"]},{"@type":"Person","@id":"https:\/\/cooltivarte.com\/portal\/#\/schema\/person\/e6065430240320d012b4c5e7e6fd8ebd","name":"Mar\u00eda Fernanda Vird\u00f3","image":{"@type":"ImageObject","inLanguage":"es-AR","@id":"https:\/\/cooltivarte.com\/portal\/wp-content\/uploads\/2024\/11\/Maria-Fernanda-Virdo-2-120x120.jpeg","url":"https:\/\/cooltivarte.com\/portal\/wp-content\/uploads\/2024\/11\/Maria-Fernanda-Virdo-2-120x120.jpeg","contentUrl":"https:\/\/cooltivarte.com\/portal\/wp-content\/uploads\/2024\/11\/Maria-Fernanda-Virdo-2-120x120.jpeg","caption":"Mar\u00eda Fernanda Vird\u00f3"},"sameAs":["https:\/\/www.facebook.com\/profile.php?id=100082135684669","https:\/\/www.instagram.com\/mariafernandavirdo_33_44","https:\/\/www.linkedin.com\/company\/-bolocultural","https:\/\/www.pinterest.com\/cooltivarte","https:\/\/x.com\/https:\/\/x.com\/obolocultural","https:\/\/www.youtube.com\/@PrensaCooltivarte","https:\/\/www.tumblr.com\/blog\/cooltivarte"],"url":"https:\/\/cooltivarte.com\/portal\/author\/maria-fernanda-virdo\/"}]}},"_links":{"self":[{"href":"https:\/\/cooltivarte.com\/portal\/wp-json\/wp\/v2\/posts\/120571","targetHints":{"allow":["GET"]}}],"collection":[{"href":"https:\/\/cooltivarte.com\/portal\/wp-json\/wp\/v2\/posts"}],"about":[{"href":"https:\/\/cooltivarte.com\/portal\/wp-json\/wp\/v2\/types\/post"}],"author":[{"embeddable":true,"href":"https:\/\/cooltivarte.com\/portal\/wp-json\/wp\/v2\/users\/214"}],"replies":[{"embeddable":true,"href":"https:\/\/cooltivarte.com\/portal\/wp-json\/wp\/v2\/comments?post=120571"}],"version-history":[{"count":5,"href":"https:\/\/cooltivarte.com\/portal\/wp-json\/wp\/v2\/posts\/120571\/revisions"}],"predecessor-version":[{"id":120578,"href":"https:\/\/cooltivarte.com\/portal\/wp-json\/wp\/v2\/posts\/120571\/revisions\/120578"}],"wp:featuredmedia":[{"embeddable":true,"href":"https:\/\/cooltivarte.com\/portal\/wp-json\/wp\/v2\/media\/120572"}],"wp:attachment":[{"href":"https:\/\/cooltivarte.com\/portal\/wp-json\/wp\/v2\/media?parent=120571"}],"wp:term":[{"taxonomy":"category","embeddable":true,"href":"https:\/\/cooltivarte.com\/portal\/wp-json\/wp\/v2\/categories?post=120571"},{"taxonomy":"post_tag","embeddable":true,"href":"https:\/\/cooltivarte.com\/portal\/wp-json\/wp\/v2\/tags?post=120571"}],"curies":[{"name":"wp","href":"https:\/\/api.w.org\/{rel}","templated":true}]}}