{"id":120503,"date":"2025-12-08T10:57:39","date_gmt":"2025-12-08T13:57:39","guid":{"rendered":"https:\/\/cooltivarte.com\/portal\/?p=120503"},"modified":"2025-12-09T21:32:03","modified_gmt":"2025-12-10T00:32:03","slug":"el-cuarteto-de-nos-puertas-abiertas-a-un-delirio-hermoso","status":"publish","type":"post","link":"https:\/\/cooltivarte.com\/portal\/el-cuarteto-de-nos-puertas-abiertas-a-un-delirio-hermoso\/","title":{"rendered":"El Cuarteto de Nos: Puertas abiertas a un delirio hermoso"},"content":{"rendered":"<figure id=\"attachment_120504\" aria-describedby=\"caption-attachment-120504\" style=\"width: 1024px\" class=\"wp-caption aligncenter\"><img fetchpriority=\"high\" decoding=\"async\" class=\"wp-image-120504 size-full\" title=\"Cuarteto de Nos - Antel Arena - Diciembre 2025 - Foto Luciana Rodr\u00edguez\" src=\"https:\/\/cooltivarte.com\/portal\/wp-content\/uploads\/2025\/12\/Cuarteto-de-Nos-Antel-Arena-Diciembre-2025-Foto-Luciana-Rodriguez.webp\" alt=\"Cuarteto de Nos - Antel Arena - Diciembre 2025 - Foto Luciana Rodr\u00edguez\" width=\"1024\" height=\"682\" srcset=\"https:\/\/cooltivarte.com\/portal\/wp-content\/uploads\/2025\/12\/Cuarteto-de-Nos-Antel-Arena-Diciembre-2025-Foto-Luciana-Rodriguez.webp 1024w, https:\/\/cooltivarte.com\/portal\/wp-content\/uploads\/2025\/12\/Cuarteto-de-Nos-Antel-Arena-Diciembre-2025-Foto-Luciana-Rodriguez-300x200.webp 300w, https:\/\/cooltivarte.com\/portal\/wp-content\/uploads\/2025\/12\/Cuarteto-de-Nos-Antel-Arena-Diciembre-2025-Foto-Luciana-Rodriguez-768x512.webp 768w\" sizes=\"(max-width: 1024px) 100vw, 1024px\" \/><figcaption id=\"caption-attachment-120504\" class=\"wp-caption-text\">Cuarteto de Nos &#8211; Antel Arena &#8211; Diciembre 2025 &#8211; Foto Luciana Rodr\u00edguez<\/figcaption><\/figure>\n<p>&nbsp;<\/p>\n<h3><strong>El Cuarteto de Nos: Puertas abiertas a un delirio hermoso<\/strong><\/h3>\n<p>En la crisis econ\u00f3mica de 2002, muchos, j\u00f3venes entonces, nos vimos empujados a dejar el pa\u00eds. Cu\u00e1ntos habremos cruzado fronteras con un CD de <a href=\"https:\/\/cooltivarte.com\/portal\/?s=El+Cuarteto+de+Nos\" target=\"_blank\" rel=\"noopener\"><strong>El Cuarteto de Nos<\/strong><\/a> en la mochila es una estad\u00edstica a\u00fan no escrita, pero indispensable para entender un fragmento de nuestra identidad. En aquel tiempo prehist\u00f3rico previo a WhatsApp, videollamadas y lives, que la banda anunciara un concierto en Barcelona para presentar Raro era casi ciencia ficci\u00f3n: un telegrama emocional desde casa.<\/p>\n<p>En la Sala Apolo del Poble Sec nos recibi\u00f3 una pantalla proyectando una postal costumbrista: pastura uruguaya, un alambrado, una vaca coronando la escena. Una forma de decir \u201cestamos lejos, pero seguimos siendo lo mismo\u201d. Al final de aquella misa oriental incluso pudimos saludar a Tavella, gracias a que su padre era colega del amigo que me acompa\u00f1aba esa noche. Vista desde hoy, con los a\u00f1os y la distancia emocional a cuestas, aquella charla parece un espejismo: un instante imposible de replicar.<\/p>\n<p>Pens\u00e9 en eso anoche, saliendo del <strong>Antel Arena<\/strong> repleto, cuando volv\u00ed a ver al Cuarteto en vivo despu\u00e9s de tanto tiempo. Hab\u00edan pasado demasiadas vidas desde que, a los doce a\u00f1os, compr\u00e9 mi segundo CD: <em>Appetite for Destruction <\/em>primero; <em>Otra Navidad en las trincheras<\/em> despu\u00e9s. Ese contraste \u2014<em>Guns N\u2019 Roses<\/em> mezclado con <em>Me agarr\u00e9 el pitito con el cierre<\/em>\u2014 explica mejor que cualquier psicoanalista por qu\u00e9 uno termina siendo quien es. Y cuando alguna vez le preguntaron a Roberto cu\u00e1l hab\u00eda sido el momento que lo defini\u00f3 como persona, respondi\u00f3 con esa gracia matem\u00e1tica tan suya: \u201c\u00bfViste las series num\u00e9ricas? Son una sucesi\u00f3n de sucesos sucedidos sucesivamente\u201d. Solo \u00e9l puede convertir una respuesta en un proceso semi\u00f3tico semejante.<\/p>\n<p>Rodeado de padres con sus hijos, de preadolescentes que descubr\u00edan por primera vez esa energ\u00eda tan particular, me vi reflejado en ellos: viviendo una noche marcada por un magnetismo que la banda genera desde hace d\u00e9cadas.<\/p>\n<p>Ese conjunto de juegos ling\u00fc\u00edsticos y conceptuales que hoy lleva el r\u00f3tulo de \u201crock raro\u201d, pero que es mucho m\u00e1s que una etiqueta: un pacto emocional compartido a lo largo de una vida entera entre ellos y nosotros y que fueron sumando nacionalidades, generaciones y g\u00e9neros. Es que han hecho todo desde m\u00fasica electr\u00f3nica hasta milongas y rapeado como rayado lo tropical.<\/p>\n<p>A las 21:15, los aplausos espont\u00e1neos ya dejaban claro que hab\u00eda una sed real de revivir todo lo que el Cuarteto significa en nuestras vidas. Era como si el p\u00fablico quisiera volver a tomarles la mano y dejarse arrastrar por ese recorrido largo y sinuoso en el que siempre terminamos encontrando una sonrisa\u2026 y, de vez en cuando, una cachetada necesaria. Ese vaiv\u00e9n es, al fin y al cabo, el idioma que la banda habla desde hace d\u00e9cadas, y la audiencia parec\u00eda dispuesta a escucharlo de nuevo como si fuera la primera vez.<\/p>\n<p>El despliegue de anoche parec\u00eda de otra galaxia: un show preciso, contundente, conceptual. La prueba viva del crecimiento musical y esc\u00e9nico de un grupo que ha forjado su camino a base de una personalidad \u00fanica, construida sobre ra\u00edces inconfundibles que llevan el sello de Uruguay a cualquier escenario del mundo, pero siempre con el coraje de asumir riesgos.&nbsp;<\/p>\n<p>La ausencia de Tavella \u2014fundador y mitad del ADN hist\u00f3rico del Cuarteto\u2014 inevitablemente me llev\u00f3 a pensar en Pink Floyd: bandas donde las personalidades chocan, se potencian, se separan y aun as\u00ed cada una conserva su espacio vital. Tavella por un lado; Musso por el otro. Y en el centro, la criatura que levantaron juntos.<\/p>\n<p>Hoy el Cuarteto respira con una formaci\u00f3n nueva que sostiene el pulso con madurez y potencia: <a href=\"https:\/\/cooltivarte.com\/portal\/?s=Roberto+Musso\" target=\"_blank\" rel=\"noopener\"><strong>Roberto Musso<\/strong><\/a> como br\u00fajula creativa y voz; <a href=\"https:\/\/cooltivarte.com\/portal\/?s=%C3%81lvaro+Pintos\" target=\"_blank\" rel=\"noopener\"><strong>\u00c1lvaro \u201cAlvin\u201d Pintos<\/strong><\/a> marcando el tempo con precisi\u00f3n quir\u00fargica; <a href=\"https:\/\/cooltivarte.com\/portal\/?s=Topo+Antu%C3%B1a\" target=\"_blank\" rel=\"noopener\"><strong>Topo Antu\u00f1a<\/strong><\/a> aportando un filo guitarrero que, a\u00f1os atr\u00e1s, parec\u00eda inconcebible en su sonido y que junto al contrapunto de los acordes de la guitarra de <a href=\"https:\/\/cooltivarte.com\/portal\/?s=Luis+Angelero\" target=\"_blank\" rel=\"noopener\"><strong>Luis Angelero<\/strong><\/a> hacen del \u201cRock raro\u201d un g\u00e9nero completamente nuevo. <a href=\"https:\/\/cooltivarte.com\/portal\/?s=Santiago+Marrero\" target=\"_blank\" rel=\"noopener\"><strong>Santiago Marrero<\/strong><\/a>, nuevo bajista, que trae un impulso fresco sin alterar la esencia. Esta encarnaci\u00f3n ilumina aristas nuevas sin traicionar aquello que est\u00e1 marcado a fuego \u2014como en la yerra\u2014: la identidad profunda del Cuarteto permanece intacta.<\/p>\n<p>Hablar de la banda es aceptar el reto imposible de resumir casi cuarenta a\u00f1os de mutaciones. Desde la irreverencia adolescente de los 80 y la s\u00e1tira feroz de los 90, pasando por el salto internacional que signific\u00f3 Raro en 2006 \u2014su verdadero renacimiento\u2014, hasta la etapa m\u00e1s conceptual y filos\u00f3fica de la \u00faltima d\u00e9cada. Aquella mezcla temprana de humor negro y personajes delirantes en<em> Otra Navidad en las trincheras<\/em>; la crudeza punk de <em>Barranca abajo<\/em>; la sofisticaci\u00f3n que alcanz\u00f3 un punto alto en<em> Jueves<\/em>; y la introspecci\u00f3n quir\u00fargica de <em>L\u00e1mina Once<\/em> prepararon el terreno para Puertas, su \u00e1lbum m\u00e1s breve y, a la vez, uno de los m\u00e1s densos: un viaje refinado, una decantaci\u00f3n alqu\u00edmica de todo lo que han arriesgado como banda en sus m\u00faltiples vidas.<\/p>\n<p>En ese universo, las letras de Musso ocupan un territorio propio: una combinaci\u00f3n de iron\u00eda, filosof\u00eda cotidiana, matem\u00e1ticas emocionales y disecci\u00f3n de nuestras miserias m\u00e1s \u00edntimas. Un bistur\u00ed forjado en humor. Y en Puertas ese bistur\u00ed se afila a\u00fan m\u00e1s. Musso define el disco como \u201cun corredor infinito de puertas. En un mundo donde el cielo parece inalcanzable, cada puerta es una elecci\u00f3n: un instante donde la vida se condensa\u201d. Y agrega: \u201cNo hay mapa ni llave maestra. Solo momentos en que el corredor se vuelve un crisol de espejismos: jaulas vac\u00edas que revolotean como promesas rotas\u201d.<\/p>\n<p>Esas jaulas vac\u00edas marcan el n\u00facleo emocional del \u00e1lbum y de la gira.<\/p>\n<p>La gira <em>Puertas<\/em> encuentra al Cuarteto m\u00e1s vigente que nunca: M\u00e9xico, Argentina, Colombia, Paraguay, Uruguay. Est\u00e1n llenando estadios \u2014como cuando se convirtieron en la primera banda uruguaya en colmar el Palacio de los Deportes de Ciudad de M\u00e9xico\u2014 y lo hacen con un repertorio que atraviesa generaciones sin apoyarse en la nostalgia f\u00e1cil.<\/p>\n<p>Y ese, quiz\u00e1s, sea el secreto conmovedor del Cuarteto: funcionan como un espejo de lo mejor y lo peor de nuestra identidad, con la lucidez que solo pueden permitirse los outsiders que caminan seguros de s\u00ed mismos. Esa actitud desafiante los mantuvo en la cima de los escenarios hispanoamericanos mientras otros se deshicieron en su propia inercia. Ellos, en cambio, llegan a 2025 en un estado de madurez art\u00edstica pocas veces visto.<\/p>\n<p>Lo rid\u00edculo y lo sublime.<\/p>\n<p>Lo cotidiano y lo filos\u00f3fico.<\/p>\n<p>La s\u00e1tira y la ternura.<\/p>\n<p>Lo absurdo y lo inevitable.<\/p>\n<p>Ah\u00ed est\u00e1 el truco de sus canciones: nos revelan lo que no queremos ver, y en sus shows encontramos un refugio contra una cotidianidad cada vez m\u00e1s dist\u00f3pica.<\/p>\n<p>En <em>Contrapunto para humano y computadora<\/em> se filtra el presagio; en <em>Gaucho power <\/em>flamea un pabell\u00f3n patrio; en <em>Raro<\/em> encontramos un consuelo inesperado. Todo esto envuelto en una sola noche de cierre de gira en casa es una patada en el pecho, que lo abre para dejar entrar m\u00e1s aire.<\/p>\n<p>Anoche, al salir del Antel Arena, sent\u00ed que volv\u00eda a abrir la puerta de mi cuarto: la del gur\u00ed de doce a\u00f1os que compraba discos sin saber que, alg\u00fan d\u00eda, iba a escribir sobre ellos.<\/p>\n<p>&nbsp;<\/p>\n<p>&nbsp;<\/p>\n<h3>&nbsp;<a href=\"https:\/\/www.facebook.com\/media\/set\/?set=a.1396914319139090&amp;type=3\" target=\"_blank\" rel=\"noopener\">Ir a la fotogaler\u00eda<\/a><\/h3>\n<p><iframe style=\"border: none; overflow: hidden;\" src=\"https:\/\/www.facebook.com\/plugins\/post.php?href=https%3A%2F%2Fwww.facebook.com%2Fmedia%2Fset%2F%3Fset%3Da.1396914319139090%26type%3D3&amp;width=100%\" width=\"100%\" height=\"669\" frameborder=\"0\" scrolling=\"no\"><\/iframe><br \/>\n&nbsp;<\/p>\n<p>&nbsp;<\/p>\n<p>&nbsp;<\/p>\n<p><iframe title=\"Spotify Embed: El Cuarteto De Nos\" style=\"border-radius: 12px\" width=\"100%\" height=\"352\" frameborder=\"0\" allowfullscreen allow=\"autoplay; clipboard-write; encrypted-media; fullscreen; picture-in-picture\" loading=\"lazy\" src=\"https:\/\/open.spotify.com\/embed\/artist\/13JJKrUewC1CJYmIDXQNoH?si=eTIaKSiHTF2lFvMyTTDBwg&#038;utm_source=oembed\"><\/iframe><\/p>\n<p>&nbsp;<\/p>\n<p>&nbsp;<\/p>\n<blockquote class=\"instagram-media\" style=\"background: #FFF; border: 0; border-radius: 3px; box-shadow: 0 0 1px 0 rgba(0,0,0,0.5),0 1px 10px 0 rgba(0,0,0,0.15); margin: 1px; max-width: 540px; min-width: 326px; padding: 0; width: calc(100% - 2px);\" data-instgrm-captioned=\"\" data-instgrm-permalink=\"https:\/\/www.instagram.com\/p\/DSAWbvLjtRE\/?utm_source=ig_embed&amp;utm_campaign=loading\" data-instgrm-version=\"14\">\n<div style=\"padding: 16px;\">\n<p>&nbsp;<\/p>\n<div style=\"display: flex; flex-direction: row; align-items: center;\">\n<div style=\"background-color: #f4f4f4; border-radius: 50%; flex-grow: 0; height: 40px; margin-right: 14px; width: 40px;\">&nbsp;<\/div>\n<div style=\"display: flex; flex-direction: column; flex-grow: 1; justify-content: center;\">\n<div style=\"background-color: #f4f4f4; border-radius: 4px; flex-grow: 0; height: 14px; margin-bottom: 6px; width: 100px;\">&nbsp;<\/div>\n<div style=\"background-color: #f4f4f4; border-radius: 4px; flex-grow: 0; height: 14px; width: 60px;\">&nbsp;<\/div>\n<\/div>\n<\/div>\n<div style=\"padding: 19% 0;\">&nbsp;<\/div>\n<div style=\"display: block; height: 50px; margin: 0 auto 12px; width: 50px;\">&nbsp;<\/div>\n<div style=\"padding-top: 8px;\">\n<div style=\"color: #3897f0; font-family: Arial,sans-serif; font-size: 14px; font-style: normal; font-weight: 550; line-height: 18px;\">Ver esta publicaci\u00f3n en Instagram<\/div>\n<\/div>\n<div style=\"padding: 12.5% 0;\">&nbsp;<\/div>\n<div style=\"display: flex; flex-direction: row; margin-bottom: 14px; align-items: center;\">\n<div>\n<div style=\"background-color: #f4f4f4; border-radius: 50%; height: 12.5px; width: 12.5px; transform: translateX(0px) translateY(7px);\">&nbsp;<\/div>\n<div style=\"background-color: #f4f4f4; height: 12.5px; transform: rotate(-45deg) translateX(3px) translateY(1px); width: 12.5px; flex-grow: 0; margin-right: 14px; margin-left: 2px;\">&nbsp;<\/div>\n<div style=\"background-color: #f4f4f4; border-radius: 50%; height: 12.5px; width: 12.5px; transform: translateX(9px) translateY(-18px);\">&nbsp;<\/div>\n<\/div>\n<div style=\"margin-left: 8px;\">\n<div style=\"background-color: #f4f4f4; border-radius: 50%; flex-grow: 0; height: 20px; width: 20px;\">&nbsp;<\/div>\n<div style=\"width: 0; height: 0; border-top: 2px solid transparent; border-left: 6px solid #f4f4f4; border-bottom: 2px solid transparent; transform: translateX(16px) translateY(-4px) rotate(30deg);\">&nbsp;<\/div>\n<\/div>\n<div style=\"margin-left: auto;\">\n<div style=\"width: 0px; border-top: 8px solid #F4F4F4; border-right: 8px solid transparent; transform: translateY(16px);\">&nbsp;<\/div>\n<div style=\"background-color: #f4f4f4; flex-grow: 0; height: 12px; width: 16px; transform: translateY(-4px);\">&nbsp;<\/div>\n<div style=\"width: 0; height: 0; border-top: 8px solid #F4F4F4; border-left: 8px solid transparent; transform: translateY(-4px) translateX(8px);\">&nbsp;<\/div>\n<\/div>\n<\/div>\n<div style=\"display: flex; flex-direction: column; flex-grow: 1; justify-content: center; margin-bottom: 24px;\">\n<div style=\"background-color: #f4f4f4; border-radius: 4px; flex-grow: 0; height: 14px; margin-bottom: 6px; width: 224px;\">&nbsp;<\/div>\n<div style=\"background-color: #f4f4f4; border-radius: 4px; flex-grow: 0; height: 14px; width: 144px;\">&nbsp;<\/div>\n<\/div>\n<p>&nbsp;<\/p>\n<p style=\"color: #c9c8cd; font-family: Arial,sans-serif; font-size: 14px; line-height: 17px; margin-bottom: 0; margin-top: 8px; overflow: hidden; padding: 8px 0 7px; text-align: center; text-overflow: ellipsis; white-space: nowrap;\"><a style=\"color: #c9c8cd; font-family: Arial,sans-serif; font-size: 14px; font-style: normal; font-weight: normal; line-height: 17px; text-decoration: none;\" href=\"https:\/\/www.instagram.com\/p\/DSAWbvLjtRE\/?utm_source=ig_embed&amp;utm_campaign=loading\" target=\"_blank\" rel=\"noopener\">Una publicaci\u00f3n compartida por cooltivarte.com (@_cooltivarte_)<\/a><\/p>\n<\/div>\n<\/blockquote>\n<p><script async=\"\" src=\"\/\/www.instagram.com\/embed.js\"><\/script><br \/>\n&nbsp;<\/p>\n<p>&nbsp;<\/p>\n<p>&nbsp;<\/p>\n<p>&nbsp;<\/p>\n<p>&nbsp;<\/p>\n","protected":false},"excerpt":{"rendered":"<p>El Cuarteto de Nos: Puertas abiertas a un delirio hermoso<\/p>\n<p>En la crisis econ\u00f3mica de 2002, muchos, j\u00f3venes entonces, nos vimos empujados a dejar el pa\u00eds. Cu\u00e1ntos habremos cruzado fronteras con un CD de El Cuarteto de Nos en la mochila es una estad\u00edstica a\u00fan no escrita, pero indispensable para entender un fragmento de nuestra identidad. En aquel tiempo prehist\u00f3rico previo a WhatsApp, videollamadas y lives, que la banda anunciara un concierto en Barcelona para presentar Raro era casi ciencia ficci\u00f3n: un telegrama emocional desde casa.<\/p>\n<p>En la Sala Apolo del Poble Sec nos recibi\u00f3 una pantalla proyectando una postal costumbrista: pastura uruguaya, un alambrado, una vaca coronando la escena. Una forma de decir \u201cestamos lejos, pero seguimos siendo lo mismo\u201d. Al final de aquella misa oriental incluso pudimos saludar a Tavella, gracias a que su padre era colega del amigo que me acompa\u00f1aba esa noche. Vista desde hoy, con los a\u00f1os y la distancia emocional a cuestas, aquella charla parece un espejismo: un instante imposible de replicar.<\/p>\n<p>Pens\u00e9 en eso anoche, saliendo del Antel Arena repleto, cuando volv\u00ed a ver al Cuarteto en vivo despu\u00e9s de tanto tiempo. Hab\u00edan pasado demasiadas vidas desde que, a los doce a\u00f1os, compr\u00e9 mi segundo CD: Appetite for Destruction primero; Otra Navidad en las trincheras despu\u00e9s. Ese contraste \u2014Guns N\u2019 Roses mezclado con Me agarr\u00e9 el pitito con el cierre\u2014 explica mejor que cualquier psicoanalista por qu\u00e9 uno termina siendo quien es. Y cuando alguna vez le preguntaron a Roberto cu\u00e1l hab\u00eda sido el momento que lo defini\u00f3 como persona, respondi\u00f3 con esa gracia matem\u00e1tica tan suya: \u201c\u00bfViste las series num\u00e9ricas? Son una sucesi\u00f3n de sucesos sucedidos sucesivamente\u201d. Solo \u00e9l puede convertir una respuesta en un proceso semi\u00f3tico semejante.<\/p>\n<p>Rodeado de padres con sus hijos, de preadolescentes que descubr\u00edan por primera vez esa energ\u00eda tan particular, me vi reflejado en ellos: viviendo una noche marcada por un magnetismo que la banda genera desde hace d\u00e9cadas.<\/p>\n","protected":false},"author":224,"featured_media":120504,"comment_status":"closed","ping_status":"closed","sticky":false,"template":"","format":"standard","meta":{"om_disable_all_campaigns":false,"ngg_post_thumbnail":0,"jnews-multi-image_gallery":[],"jnews_single_post":{"format":"standard","override":[{"template":"4","parallax":"1","layout":"right-sidebar","sidebar":"default-sidebar","second_sidebar":"default-sidebar","sticky_sidebar":"1","share_position":"bottom","share_float_style":"share-monocrhome","show_share_counter":"1","show_view_counter":"1","show_featured":"1","show_post_meta":"1","show_post_author":"1","show_post_author_image":"1","show_post_date":"1","post_date_format":"default","post_date_format_custom":"Y\/m\/d","show_post_category":"1","post_reading_time_wpm":"300","post_calculate_word_method":"str_word_count","zoom_button_out_step":"2","zoom_button_in_step":"3","show_post_tag":"1","show_prev_next_post":"1","show_popup_post":"1","show_comment_section":"1","number_popup_post":"1","show_author_box":"1","show_post_related":"0","show_inline_post_related":"0"}],"image_override":[{"single_post_thumbnail_size":"no-crop","single_post_gallery_size":"crop-500"}],"trending_post_position":"meta","trending_post_label":"Trending","sponsored_post_label":"Sponsored by","disable_ad":"0","subtitle":"Antel Arena - Diciembre 2025"},"jnews_primary_category":[],"jnews_social_meta":[],"jnews_override_counter":{"view_counter_number":"0","share_counter_number":"0","like_counter_number":"0","dislike_counter_number":"0"},"footnotes":""},"categories":[50],"tags":[25123,7467,453,9392,1387,7928,20677],"class_list":["post-120503","post","type-post","status-publish","format-standard","has-post-thumbnail","hentry","category-coberturas","tag-alvaro-alvin-pintos","tag-antel-arena","tag-el-cuarteto-de-nos","tag-luis-angelero","tag-roberto-musso","tag-santiago-marrero","tag-topo-antuna"],"yoast_head":"<!-- This site is optimized with the Yoast SEO plugin v27.4 - https:\/\/yoast.com\/product\/yoast-seo-wordpress\/ -->\n<title>El Cuarteto de Nos: Puertas abiertas a un delirio hermoso - Cooltivarte Portal<\/title>\n<meta name=\"description\" content=\"Cu\u00e1ntos habremos cruzado fronteras con un CD de El Cuarteto de Nos en la mochila es una estad\u00edstica a\u00fan no escrita, pero indispensable para entender un fragmento de nuestra identidad.\" \/>\n<meta name=\"robots\" content=\"index, follow, max-snippet:-1, max-image-preview:large, max-video-preview:-1\" \/>\n<link rel=\"canonical\" href=\"https:\/\/cooltivarte.com\/portal\/el-cuarteto-de-nos-puertas-abiertas-a-un-delirio-hermoso\/\" \/>\n<meta property=\"og:locale\" content=\"es_ES\" \/>\n<meta property=\"og:type\" content=\"article\" \/>\n<meta property=\"og:title\" content=\"El Cuarteto de Nos: Puertas abiertas a un delirio hermoso by Juan Pablo Franzetti - Foto Luciana Rodr\u00edguez\" \/>\n<meta property=\"og:description\" content=\"Cu\u00e1ntos habremos cruzado fronteras con un CD de El Cuarteto de Nos en la mochila es una estad\u00edstica a\u00fan no escrita, pero indispensable para entender un fragmento de nuestra identidad.\" \/>\n<meta property=\"og:url\" content=\"https:\/\/cooltivarte.com\/portal\/el-cuarteto-de-nos-puertas-abiertas-a-un-delirio-hermoso\/\" \/>\n<meta property=\"og:site_name\" content=\"Cooltivarte Portal\" \/>\n<meta property=\"article:publisher\" content=\"https:\/\/www.facebook.com\/cooltivartecom\/\" \/>\n<meta property=\"article:author\" content=\"https:\/\/www.facebook.com\/cooltivartecom\/\" \/>\n<meta property=\"article:published_time\" content=\"2025-12-08T13:57:39+00:00\" \/>\n<meta property=\"article:modified_time\" content=\"2025-12-10T00:32:03+00:00\" \/>\n<meta property=\"og:image\" content=\"https:\/\/cooltivarte.com\/portal\/wp-content\/uploads\/2025\/12\/Cuarteto-de-Nos-Antel-Arena-Diciembre-2025-Foto-Luciana-Rodriguez.webp\" \/>\n\t<meta property=\"og:image:width\" content=\"1024\" \/>\n\t<meta property=\"og:image:height\" content=\"682\" \/>\n\t<meta property=\"og:image:type\" content=\"image\/webp\" \/>\n<meta name=\"author\" content=\"Juan Pablo Franzetti\" \/>\n<meta name=\"twitter:card\" content=\"summary_large_image\" \/>\n<meta name=\"twitter:title\" content=\"El Cuarteto de Nos: Puertas abiertas a un delirio hermoso by Juan Pablo Franzetti - Foto Luciana Rodr\u00edguez\" \/>\n<meta name=\"twitter:description\" content=\"Cu\u00e1ntos habremos cruzado fronteras con un CD de El Cuarteto de Nos en la mochila es una estad\u00edstica a\u00fan no escrita, pero indispensable para entender un fragmento de nuestra identidad.\" \/>\n<meta name=\"twitter:image\" content=\"https:\/\/cooltivarte.com\/portal\/wp-content\/uploads\/2025\/12\/Cuarteto-de-Nos-Antel-Arena-Diciembre-2025-Foto-Luciana-Rodriguez.webp\" \/>\n<meta name=\"twitter:creator\" content=\"@https:\/\/x.com\/obolocultural\" \/>\n<meta name=\"twitter:site\" content=\"@obolocultural\" \/>\n<meta name=\"twitter:label1\" content=\"Escrito por\" \/>\n\t<meta name=\"twitter:data1\" content=\"Juan Pablo Franzetti\" \/>\n\t<meta name=\"twitter:label2\" content=\"Tiempo de lectura\" \/>\n\t<meta name=\"twitter:data2\" content=\"6 minutos\" \/>\n<!-- \/ Yoast SEO plugin. -->","yoast_head_json":{"title":"El Cuarteto de Nos: Puertas abiertas a un delirio hermoso - Cooltivarte Portal","description":"Cu\u00e1ntos habremos cruzado fronteras con un CD de El Cuarteto de Nos en la mochila es una estad\u00edstica a\u00fan no escrita, pero indispensable para entender un fragmento de nuestra identidad.","robots":{"index":"index","follow":"follow","max-snippet":"max-snippet:-1","max-image-preview":"max-image-preview:large","max-video-preview":"max-video-preview:-1"},"canonical":"https:\/\/cooltivarte.com\/portal\/el-cuarteto-de-nos-puertas-abiertas-a-un-delirio-hermoso\/","og_locale":"es_ES","og_type":"article","og_title":"El Cuarteto de Nos: Puertas abiertas a un delirio hermoso by Juan Pablo Franzetti - Foto Luciana Rodr\u00edguez","og_description":"Cu\u00e1ntos habremos cruzado fronteras con un CD de El Cuarteto de Nos en la mochila es una estad\u00edstica a\u00fan no escrita, pero indispensable para entender un fragmento de nuestra identidad.","og_url":"https:\/\/cooltivarte.com\/portal\/el-cuarteto-de-nos-puertas-abiertas-a-un-delirio-hermoso\/","og_site_name":"Cooltivarte Portal","article_publisher":"https:\/\/www.facebook.com\/cooltivartecom\/","article_author":"https:\/\/www.facebook.com\/cooltivartecom\/","article_published_time":"2025-12-08T13:57:39+00:00","article_modified_time":"2025-12-10T00:32:03+00:00","og_image":[{"width":1024,"height":682,"url":"https:\/\/cooltivarte.com\/portal\/wp-content\/uploads\/2025\/12\/Cuarteto-de-Nos-Antel-Arena-Diciembre-2025-Foto-Luciana-Rodriguez.webp","type":"image\/webp"}],"author":"Juan Pablo Franzetti","twitter_card":"summary_large_image","twitter_title":"El Cuarteto de Nos: Puertas abiertas a un delirio hermoso by Juan Pablo Franzetti - Foto Luciana Rodr\u00edguez","twitter_description":"Cu\u00e1ntos habremos cruzado fronteras con un CD de El Cuarteto de Nos en la mochila es una estad\u00edstica a\u00fan no escrita, pero indispensable para entender un fragmento de nuestra identidad.","twitter_image":"https:\/\/cooltivarte.com\/portal\/wp-content\/uploads\/2025\/12\/Cuarteto-de-Nos-Antel-Arena-Diciembre-2025-Foto-Luciana-Rodriguez.webp","twitter_creator":"@https:\/\/x.com\/obolocultural","twitter_site":"@obolocultural","twitter_misc":{"Escrito por":"Juan Pablo Franzetti","Tiempo de lectura":"6 minutos"},"schema":{"@context":"https:\/\/schema.org","@graph":[{"@type":"NewsArticle","@id":"https:\/\/cooltivarte.com\/portal\/el-cuarteto-de-nos-puertas-abiertas-a-un-delirio-hermoso\/#article","isPartOf":{"@id":"https:\/\/cooltivarte.com\/portal\/el-cuarteto-de-nos-puertas-abiertas-a-un-delirio-hermoso\/"},"author":{"name":"Juan Pablo Franzetti","@id":"https:\/\/cooltivarte.com\/portal\/#\/schema\/person\/1b69a196d94ad1fe1bfd74369e6ba672"},"headline":"El Cuarteto de Nos: Puertas abiertas a un delirio hermoso","datePublished":"2025-12-08T13:57:39+00:00","dateModified":"2025-12-10T00:32:03+00:00","mainEntityOfPage":{"@id":"https:\/\/cooltivarte.com\/portal\/el-cuarteto-de-nos-puertas-abiertas-a-un-delirio-hermoso\/"},"wordCount":1372,"publisher":{"@id":"https:\/\/cooltivarte.com\/portal\/#organization"},"image":{"@id":"https:\/\/cooltivarte.com\/portal\/el-cuarteto-de-nos-puertas-abiertas-a-un-delirio-hermoso\/#primaryimage"},"thumbnailUrl":"https:\/\/cooltivarte.com\/portal\/wp-content\/uploads\/2025\/12\/Cuarteto-de-Nos-Antel-Arena-Diciembre-2025-Foto-Luciana-Rodriguez.webp","keywords":["\u00c1lvaro \u201cAlvin\u201d Pintos","Antel Arena","El Cuarteto de Nos","Luis Angelero","Roberto Musso","Santiago Marrero","Topo Antu\u00f1a"],"articleSection":["Coberturas"],"inLanguage":"es-AR"},{"@type":"WebPage","@id":"https:\/\/cooltivarte.com\/portal\/el-cuarteto-de-nos-puertas-abiertas-a-un-delirio-hermoso\/","url":"https:\/\/cooltivarte.com\/portal\/el-cuarteto-de-nos-puertas-abiertas-a-un-delirio-hermoso\/","name":"El Cuarteto de Nos: Puertas abiertas a un delirio hermoso - Cooltivarte Portal","isPartOf":{"@id":"https:\/\/cooltivarte.com\/portal\/#website"},"primaryImageOfPage":{"@id":"https:\/\/cooltivarte.com\/portal\/el-cuarteto-de-nos-puertas-abiertas-a-un-delirio-hermoso\/#primaryimage"},"image":{"@id":"https:\/\/cooltivarte.com\/portal\/el-cuarteto-de-nos-puertas-abiertas-a-un-delirio-hermoso\/#primaryimage"},"thumbnailUrl":"https:\/\/cooltivarte.com\/portal\/wp-content\/uploads\/2025\/12\/Cuarteto-de-Nos-Antel-Arena-Diciembre-2025-Foto-Luciana-Rodriguez.webp","datePublished":"2025-12-08T13:57:39+00:00","dateModified":"2025-12-10T00:32:03+00:00","description":"Cu\u00e1ntos habremos cruzado fronteras con un CD de El Cuarteto de Nos en la mochila es una estad\u00edstica a\u00fan no escrita, pero indispensable para entender un fragmento de nuestra identidad.","breadcrumb":{"@id":"https:\/\/cooltivarte.com\/portal\/el-cuarteto-de-nos-puertas-abiertas-a-un-delirio-hermoso\/#breadcrumb"},"inLanguage":"es-AR","potentialAction":[{"@type":"ReadAction","target":["https:\/\/cooltivarte.com\/portal\/el-cuarteto-de-nos-puertas-abiertas-a-un-delirio-hermoso\/"]}]},{"@type":"ImageObject","inLanguage":"es-AR","@id":"https:\/\/cooltivarte.com\/portal\/el-cuarteto-de-nos-puertas-abiertas-a-un-delirio-hermoso\/#primaryimage","url":"https:\/\/cooltivarte.com\/portal\/wp-content\/uploads\/2025\/12\/Cuarteto-de-Nos-Antel-Arena-Diciembre-2025-Foto-Luciana-Rodriguez.webp","contentUrl":"https:\/\/cooltivarte.com\/portal\/wp-content\/uploads\/2025\/12\/Cuarteto-de-Nos-Antel-Arena-Diciembre-2025-Foto-Luciana-Rodriguez.webp","width":1024,"height":682,"caption":"Cuarteto de Nos - Antel Arena - Diciembre 2025 - Foto Luciana Rodr\u00edguez"},{"@type":"BreadcrumbList","@id":"https:\/\/cooltivarte.com\/portal\/el-cuarteto-de-nos-puertas-abiertas-a-un-delirio-hermoso\/#breadcrumb","itemListElement":[{"@type":"ListItem","position":1,"name":"Portada","item":"https:\/\/cooltivarte.com\/portal\/"},{"@type":"ListItem","position":2,"name":"El Cuarteto de Nos: Puertas abiertas a un delirio hermoso"}]},{"@type":"WebSite","@id":"https:\/\/cooltivarte.com\/portal\/#website","url":"https:\/\/cooltivarte.com\/portal\/","name":"Cooltivarte Portal","description":"Arte, cultura y turismo para el mundo ...","publisher":{"@id":"https:\/\/cooltivarte.com\/portal\/#organization"},"potentialAction":[{"@type":"SearchAction","target":{"@type":"EntryPoint","urlTemplate":"https:\/\/cooltivarte.com\/portal\/?s={search_term_string}"},"query-input":{"@type":"PropertyValueSpecification","valueRequired":true,"valueName":"search_term_string"}}],"inLanguage":"es-AR"},{"@type":"Organization","@id":"https:\/\/cooltivarte.com\/portal\/#organization","name":"cooltivarte","url":"https:\/\/cooltivarte.com\/portal\/","logo":{"@type":"ImageObject","inLanguage":"es-AR","@id":"https:\/\/cooltivarte.com\/portal\/#\/schema\/logo\/image\/","url":"https:\/\/cooltivarte.com\/portal\/wp-content\/uploads\/2020\/04\/logo-cooltivarte-v2.png","contentUrl":"https:\/\/cooltivarte.com\/portal\/wp-content\/uploads\/2020\/04\/logo-cooltivarte-v2.png","width":851,"height":243,"caption":"cooltivarte"},"image":{"@id":"https:\/\/cooltivarte.com\/portal\/#\/schema\/logo\/image\/"},"sameAs":["https:\/\/www.facebook.com\/cooltivartecom\/","https:\/\/x.com\/obolocultural","https:\/\/www.instagram.com\/_cooltivarte_\/","https:\/\/www.linkedin.com\/company\/-bolocultural?reportsuccess=8zaNG1HwhPbAR9iQhZ5rfGeqz_vQFftHun0ZWU0Wy9vNemRJ8vtcKdJvzQfW8XagyOJSKg0XvfJ1dp","https:\/\/www.pinterest.com\/cooltivarte\/","https:\/\/cooltivarte.tumblr.com\/","https:\/\/www.tiktok.com\/@cooltivarte","https:\/\/www.youtube.com\/@PrensaCooltivarte"]},{"@type":"Person","@id":"https:\/\/cooltivarte.com\/portal\/#\/schema\/person\/1b69a196d94ad1fe1bfd74369e6ba672","name":"Juan Pablo Franzetti","image":{"@type":"ImageObject","inLanguage":"es-AR","@id":"https:\/\/cooltivarte.com\/portal\/wp-content\/uploads\/2024\/09\/juan-pablo-120x120.jpg","url":"https:\/\/cooltivarte.com\/portal\/wp-content\/uploads\/2024\/09\/juan-pablo-120x120.jpg","contentUrl":"https:\/\/cooltivarte.com\/portal\/wp-content\/uploads\/2024\/09\/juan-pablo-120x120.jpg","caption":"Juan Pablo Franzetti"},"description":"Amante de la radio y la m\u00fasica, Juan Pablo Franzetti es egresado de la Escuela Superior de Comunicaci\u00f3n Social. Vivi\u00f3 en Barcelona entre el 2003 y 2010 donde se desempe\u00f1o como librero y columnista.","sameAs":["https:\/\/www.facebook.com\/cooltivartecom\/","https:\/\/www.instagram.com\/juan_pablo_franzetti\/","https:\/\/www.linkedin.com\/company\/-bolocultural\/","https:\/\/www.pinterest.com\/cooltivarte\/","https:\/\/x.com\/https:\/\/x.com\/obolocultural","https:\/\/www.youtube.com\/@PrensaCooltivarte","https:\/\/cooltivarte.tumblr.com\/"],"url":"https:\/\/cooltivarte.com\/portal\/author\/juan-pablo-franzetti\/"}]}},"_links":{"self":[{"href":"https:\/\/cooltivarte.com\/portal\/wp-json\/wp\/v2\/posts\/120503","targetHints":{"allow":["GET"]}}],"collection":[{"href":"https:\/\/cooltivarte.com\/portal\/wp-json\/wp\/v2\/posts"}],"about":[{"href":"https:\/\/cooltivarte.com\/portal\/wp-json\/wp\/v2\/types\/post"}],"author":[{"embeddable":true,"href":"https:\/\/cooltivarte.com\/portal\/wp-json\/wp\/v2\/users\/224"}],"replies":[{"embeddable":true,"href":"https:\/\/cooltivarte.com\/portal\/wp-json\/wp\/v2\/comments?post=120503"}],"version-history":[{"count":5,"href":"https:\/\/cooltivarte.com\/portal\/wp-json\/wp\/v2\/posts\/120503\/revisions"}],"predecessor-version":[{"id":120536,"href":"https:\/\/cooltivarte.com\/portal\/wp-json\/wp\/v2\/posts\/120503\/revisions\/120536"}],"wp:featuredmedia":[{"embeddable":true,"href":"https:\/\/cooltivarte.com\/portal\/wp-json\/wp\/v2\/media\/120504"}],"wp:attachment":[{"href":"https:\/\/cooltivarte.com\/portal\/wp-json\/wp\/v2\/media?parent=120503"}],"wp:term":[{"taxonomy":"category","embeddable":true,"href":"https:\/\/cooltivarte.com\/portal\/wp-json\/wp\/v2\/categories?post=120503"},{"taxonomy":"post_tag","embeddable":true,"href":"https:\/\/cooltivarte.com\/portal\/wp-json\/wp\/v2\/tags?post=120503"}],"curies":[{"name":"wp","href":"https:\/\/api.w.org\/{rel}","templated":true}]}}