{"id":120282,"date":"2025-12-01T12:50:55","date_gmt":"2025-12-01T15:50:55","guid":{"rendered":"https:\/\/cooltivarte.com\/portal\/?p=120282"},"modified":"2026-01-26T19:01:10","modified_gmt":"2026-01-26T22:01:10","slug":"van-gogh-el-sueno-inmersivo","status":"publish","type":"post","link":"https:\/\/cooltivarte.com\/portal\/van-gogh-el-sueno-inmersivo\/","title":{"rendered":"VAN GOGH &#8211; El Sue\u00f1o Inmersivo"},"content":{"rendered":"<p><img fetchpriority=\"high\" decoding=\"async\" class=\"aligncenter wp-image-120283 size-large\" title=\"VAN GOGH - El Sue\u00f1o Inmersivo - Rural del Prado - Del 25 de noviembre al 28 de diciembre 2025\" src=\"https:\/\/cooltivarte.com\/portal\/wp-content\/uploads\/2025\/12\/VAN-GOGH-El-Sueno-Inmersivo-1024x536.jpg\" alt=\"VAN GOGH - El Sue\u00f1o Inmersivo - Rural del Prado - Del 25 de noviembre al 28 de diciembre 2025\" width=\"1024\" height=\"536\" srcset=\"https:\/\/cooltivarte.com\/portal\/wp-content\/uploads\/2025\/12\/VAN-GOGH-El-Sueno-Inmersivo-1024x536.jpg 1024w, https:\/\/cooltivarte.com\/portal\/wp-content\/uploads\/2025\/12\/VAN-GOGH-El-Sueno-Inmersivo-300x157.jpg 300w, https:\/\/cooltivarte.com\/portal\/wp-content\/uploads\/2025\/12\/VAN-GOGH-El-Sueno-Inmersivo-768x402.jpg 768w, https:\/\/cooltivarte.com\/portal\/wp-content\/uploads\/2025\/12\/VAN-GOGH-El-Sueno-Inmersivo.jpg 1200w\" sizes=\"(max-width: 1024px) 100vw, 1024px\" \/><\/p>\n<p>&nbsp;<\/p>\n<h3><strong>VAN GOGH &#8211; El Sue\u00f1o Inmersivo &#8211; Rural del Prado &#8211; Del 25 de noviembre al 28 de diciembre 2025<\/strong><\/h3>\n<p><a href=\"https:\/\/redtickets.uy\/evento\/VAN-GOGH--El-Sueno-Inmersivo\/25560\/\" target=\"_blank\" rel=\"noopener\">Entradas en venta<\/a><\/p>\n<p>&nbsp;<\/p>\n<p>Del 25 de noviembre al 28 de diciembre, Montevideo se convierte en el escenario de <em>Van Gogh: El Sue\u00f1o Inmersivo<\/em>, una experiencia de arte digital 360\u00b0 que ya deslumbr\u00f3 a millones en ciudades como Par\u00eds, Nueva York, Barcelona y Buenos Aires. Una oportunidad \u00fanica donde el p\u00fablico podr\u00e1 &#8220;entrar&#8221; literalmente en las obras del genio neerland\u00e9s a trav\u00e9s de proyecciones gigantes en alta definici\u00f3n, sonido envolvente y una puesta multisensorial impactante.<\/p>\n<p><strong>Un viaje al coraz\u00f3n del arte<\/strong><\/p>\n<p>En una exhibici\u00f3n de m\u00e1s de 1000 m\u00b2, las paredes, el piso y el techo se convierten en un lienzo digital donde <em>La noche estrellada<\/em>, <em>Los girasoles<\/em>, <em>El dormitorio en Arl\u00e9s<\/em> y m\u00e1s de 200 obras ic\u00f3nicas cobran vida. La experiencia se completa con una banda sonora original compuesta especialmente, que aporta profundidad emocional y una serie de espacios interactivos para todas las edades: una sala de holograma que expande el universo visual de <a href=\"https:\/\/cooltivarte.com\/portal\/?s=Van+Gogh\" target=\"_blank\" rel=\"noopener\"><strong>Van Gogh<\/strong><\/a>, una sala de girasoles infinitos donde los visitantes se ven rodeados de sus ic\u00f3nicas flores amarillas, un espacio de dibujo para crear tus propias versiones inspiradas en sus obras y una recreaci\u00f3n a escala del famoso cuarto de Van Gogh en Arl\u00e9s.<\/p>\n<p>Cada visitante puede moverse con libertad y elegir desde d\u00f3nde mirar, caminar o simplemente dejarse envolver por la narrativa visual. Las obras se proyectan y animan a escala monumental, generando una sensaci\u00f3n de inmersi\u00f3n total en el universo pict\u00f3rico de Van Gogh. Es un recorrido sin barreras ni marcos: la pintura cobra movimiento, y el espectador se convierte en parte del paisaje.<\/p>\n<p><strong>Un fen\u00f3meno global que llega a Uruguay<\/strong><\/p>\n<p>La muestra se inscribe dentro del <strong>boom global de las experiencias inmersivas de arte<\/strong>, un formato que en la \u00faltima d\u00e9cada conquist\u00f3 ciudades como <strong>Par\u00eds, Nueva York, Londres, Barcelona y Tokio<\/strong>, acercando a millones de personas a los grandes maestros a trav\u00e9s de la tecnolog\u00eda.<\/p>\n<p>En todo el mundo, las exhibiciones inmersivas dedicadas a Van Gogh se han convertido en <strong>verdaderos hitos culturales<\/strong>, combinando proyecciones monumentales, sonido envolvente y relatos biogr\u00e1ficos para que el p\u00fablico pueda <em>entrar<\/em> en los cuadros y vivir el arte con todos los sentidos. <em>Van Gogh: El Sue\u00f1o Inmersivo<\/em> llega ahora a Montevideo como parte de esa ola internacional que est\u00e1 redefiniendo la forma de experimentar los museos y las grandes obras de la historia.<\/p>\n<p>&nbsp;<\/p>\n<p><strong>Un homenaje sensorial a Van Gogh<\/strong><\/p>\n<p>El espect\u00e1culo propone un recorrido por las etapas clave de la obra de Van Gogh: desde los tonos oscuros de su per\u00edodo en Pa\u00edses Bajos hasta el estallido de color de su etapa en Arl\u00e9s. Aparecen sus obras m\u00e1s queridas y reconocibles: <em>La noche estrellada<\/em>, <em>Campo de trigo con cuervos<\/em>, <em>Lirios<\/em>, <em>Terraza de caf\u00e9 por la noche<\/em> y muchos autorretratos, proyectados con una definici\u00f3n y escala que permiten ver sus pinceladas vibrantes casi como si se pudieran tocar.<\/p>\n<p>La experiencia tambi\u00e9n rescata la dimensi\u00f3n humana y emocional del artista: sus luchas internas, su pasi\u00f3n por la naturaleza, su incansable b\u00fasqueda de belleza. Las cartas a su hermano Theo, que aparecen como voz en off, suman una capa de intimidad que conmueve.<\/p>\n<p>&nbsp;<\/p>\n<p><strong>Viv\u00ed Van Gogh como nunca antes<\/strong><\/p>\n<p><em>Van Gogh: El Sue\u00f1o Inmersivo<\/em> es una cita ineludible para quienes buscan emocionarse, asombrarse y vivir el arte con todos los sentidos. Una experiencia que transforma la forma de mirar la pintura. Montevideo se viste de color, luz y pasi\u00f3n. No te lo pierdas.<\/p>\n<p>&nbsp;<\/p>\n<p><strong>Informaci\u00f3n General<\/strong><\/p>\n<p>Fechas: 25 de noviembre al 28 de diciembre de 2025<\/p>\n<p>Horarios: Lunes a domingo, 15 a 22 h (ingreso hasta las 21 h)<\/p>\n<p>Lugar: Rural del Prado, Montevideo (Ingreso por Av. Buschental)<\/p>\n<p>Entradas: A la venta en Redtickets.uy<\/p>\n<p>Accesible para personas con movilidad reducida<\/p>\n<p>Redes: @vangogh.uruguay<\/p>\n<p>PRECIOS<\/p>\n<p>Entrada general: $890<\/p>\n<p>NI\u00d1OS (hasta 12 a\u00f1os inclusive): $590<\/p>\n<p>Pack Familiar (2 adultos + 2 menores): $2490<\/p>\n<p>Pack Grupal (4 generales): $2990<\/p>\n<p>Menores de 2 a\u00f1os inclusive no abonan entrada<\/p>\n<p>&nbsp;<br \/>\n<script async src=\"https:\/\/pagead2.googlesyndication.com\/pagead\/js\/adsbygoogle.js?client=ca-pub-1258162831753121\"\n     crossorigin=\"anonymous\"><\/script><br \/>\n<ins class=\"adsbygoogle\"\n     style=\"display:block; text-align:center;\"\n     data-ad-layout=\"in-article\"\n     data-ad-format=\"fluid\"\n     data-ad-client=\"ca-pub-1258162831753121\"\n     data-ad-slot=\"9254952921\"><\/ins><br \/>\n<script>\n     (adsbygoogle = window.adsbygoogle || []).push({});\n<\/script><br \/>\n&nbsp;<\/p>\n","protected":false},"excerpt":{"rendered":"<p>VAN GOGH &#8211; El Sue\u00f1o Inmersivo &#8211; Rural del Prado &#8211; Del 25 de noviembre al 28 de diciembre 2025<\/p>\n<p>Entradas en venta<\/p>\n<p>Del 25 de noviembre al 28 de diciembre, Montevideo se convierte en el escenario de Van Gogh: El Sue\u00f1o Inmersivo, una experiencia de arte digital 360\u00b0 que ya deslumbr\u00f3 a millones en ciudades como Par\u00eds, Nueva York, Barcelona y Buenos Aires. Una oportunidad \u00fanica donde el p\u00fablico podr\u00e1 &#8220;entrar&#8221; literalmente en las obras del genio neerland\u00e9s a trav\u00e9s de proyecciones gigantes en alta definici\u00f3n, sonido envolvente y una puesta multisensorial impactante.<\/p>\n<p>Un viaje al coraz\u00f3n del arte<\/p>\n<p>En una exhibici\u00f3n de m\u00e1s de 1000 m\u00b2, las paredes, el piso y el techo se convierten en un lienzo digital donde La noche estrellada, Los girasoles, El dormitorio en Arl\u00e9s y m\u00e1s de 200 obras ic\u00f3nicas cobran vida. La experiencia se completa con una banda sonora original compuesta especialmente, que aporta profundidad emocional y una serie de espacios interactivos para todas las edades: una sala de holograma que expande el universo visual de Van Gogh, una sala de girasoles infinitos donde los visitantes se ven rodeados de sus ic\u00f3nicas flores amarillas, un espacio de dibujo para crear tus propias versiones inspiradas en sus obras y una recreaci\u00f3n a escala del famoso cuarto de Van Gogh en Arl\u00e9s.<\/p>\n<p>Cada visitante puede moverse con libertad y elegir desde d\u00f3nde mirar, caminar o simplemente dejarse envolver por la narrativa visual. Las obras se proyectan y animan a escala monumental, generando una sensaci\u00f3n de inmersi\u00f3n total en el universo pict\u00f3rico de Van Gogh. Es un recorrido sin barreras ni marcos: la pintura cobra movimiento, y el espectador se convierte en parte del paisaje.<\/p>\n<p>Un fen\u00f3meno global que llega a Uruguay<\/p>\n<p>La muestra se inscribe dentro del boom global de las experiencias inmersivas de arte, un formato que en la \u00faltima d\u00e9cada conquist\u00f3 ciudades como Par\u00eds, Nueva York, Londres, Barcelona y Tokio, acercando a millones de personas a los grandes maestros a trav\u00e9s de la tecnolog\u00eda.<\/p>\n<p>En todo el mundo, las exhibiciones inmersivas dedicadas a Van Gogh se han convertido en verdaderos hitos culturales, combinando proyecciones monumentales, sonido envolvente y relatos biogr\u00e1ficos para que el p\u00fablico pueda entrar en los cuadros y vivir el arte con todos los sentidos. Van Gogh: El Sue\u00f1o Inmersivo llega ahora a Montevideo como parte de esa ola internacional que est\u00e1 redefiniendo la forma de experimentar los museos y las grandes obras de la historia.<\/p>\n","protected":false},"author":8,"featured_media":120283,"comment_status":"closed","ping_status":"closed","sticky":false,"template":"","format":"standard","meta":{"om_disable_all_campaigns":false,"ngg_post_thumbnail":0,"jnews-multi-image_gallery":[],"jnews_single_post":{"format":"standard","override":[{"template":"4","parallax":"1","layout":"right-sidebar","sidebar":"default-sidebar","second_sidebar":"default-sidebar","sticky_sidebar":"1","share_position":"bottom","share_float_style":"share-monocrhome","show_share_counter":"1","show_view_counter":"1","show_featured":"1","show_post_meta":"1","show_post_author":"1","show_post_author_image":"1","show_post_date":"1","post_date_format":"default","post_date_format_custom":"Y\/m\/d","show_post_category":"1","post_reading_time_wpm":"300","post_calculate_word_method":"str_word_count","zoom_button_out_step":"2","zoom_button_in_step":"3","show_post_tag":"1","show_prev_next_post":"1","show_popup_post":"1","show_comment_section":"1","number_popup_post":"1","show_author_box":"1","show_post_related":"0","show_inline_post_related":"0"}],"image_override":[{"single_post_thumbnail_size":"no-crop","single_post_gallery_size":"crop-500"}],"trending_post_position":"meta","trending_post_label":"Trending","sponsored_post_label":"Sponsored by","disable_ad":"0","subtitle":"Rural del Prado - Del 25 de noviembre al 28 de diciembre 2025"},"jnews_primary_category":[],"jnews_social_meta":[],"jnews_override_counter":{"view_counter_number":"0","share_counter_number":"0","like_counter_number":"0","dislike_counter_number":"0"},"footnotes":""},"categories":[3394],"tags":[5217,17030],"class_list":["post-120282","post","type-post","status-publish","format-standard","has-post-thumbnail","hentry","category-eventos","tag-rural-del-prado","tag-van-gogh"],"yoast_head":"<!-- This site is optimized with the Yoast SEO plugin v27.5 - https:\/\/yoast.com\/product\/yoast-seo-wordpress\/ -->\n<title>VAN GOGH - El Sue\u00f1o Inmersivo - Cooltivarte Portal<\/title>\n<meta name=\"description\" content=\"En una exhibici\u00f3n de m\u00e1s de 1000 m\u00b2, las paredes, el piso y el techo se convierten en un lienzo digital donde La noche estrellada, Los girasoles, El dormitorio en Arl\u00e9s y m\u00e1s de 200 obras ic\u00f3nicas cobran vida.\" \/>\n<meta name=\"robots\" content=\"index, follow, max-snippet:-1, max-image-preview:large, max-video-preview:-1\" \/>\n<link rel=\"canonical\" href=\"https:\/\/cooltivarte.com\/portal\/van-gogh-el-sueno-inmersivo\/\" \/>\n<meta property=\"og:locale\" content=\"es_ES\" \/>\n<meta property=\"og:type\" content=\"article\" \/>\n<meta property=\"og:title\" content=\"VAN GOGH - El Sue\u00f1o Inmersivo - Rural del Prado - Del 25 de noviembre al 28 de diciembre 2025\" \/>\n<meta property=\"og:description\" content=\"En una exhibici\u00f3n de m\u00e1s de 1000 m\u00b2, las paredes, el piso y el techo se convierten en un lienzo digital donde La noche estrellada, Los girasoles, El dormitorio en Arl\u00e9s y m\u00e1s de 200 obras ic\u00f3nicas cobran vida.\" \/>\n<meta property=\"og:url\" content=\"https:\/\/cooltivarte.com\/portal\/van-gogh-el-sueno-inmersivo\/\" \/>\n<meta property=\"og:site_name\" content=\"Cooltivarte Portal\" \/>\n<meta property=\"article:publisher\" content=\"https:\/\/www.facebook.com\/cooltivartecom\/\" \/>\n<meta property=\"article:author\" content=\"https:\/\/www.facebook.com\/cooltivartecom\" \/>\n<meta property=\"article:published_time\" content=\"2025-12-01T15:50:55+00:00\" \/>\n<meta property=\"article:modified_time\" content=\"2026-01-26T22:01:10+00:00\" \/>\n<meta property=\"og:image\" content=\"https:\/\/cooltivarte.com\/portal\/wp-content\/uploads\/2025\/12\/VAN-GOGH-El-Sueno-Inmersivo.jpg\" \/>\n\t<meta property=\"og:image:width\" content=\"1200\" \/>\n\t<meta property=\"og:image:height\" content=\"628\" \/>\n\t<meta property=\"og:image:type\" content=\"image\/jpeg\" \/>\n<meta name=\"author\" content=\"Cooltivarte\" \/>\n<meta name=\"twitter:card\" content=\"summary_large_image\" \/>\n<meta name=\"twitter:title\" content=\"VAN GOGH - El Sue\u00f1o Inmersivo - Rural del Prado - Del 25 de noviembre al 28 de diciembre 2025\" \/>\n<meta name=\"twitter:description\" content=\"En una exhibici\u00f3n de m\u00e1s de 1000 m\u00b2, las paredes, el piso y el techo se convierten en un lienzo digital donde La noche estrellada, Los girasoles, El dormitorio en Arl\u00e9s y m\u00e1s de 200 obras ic\u00f3nicas cobran vida.\" \/>\n<meta name=\"twitter:image\" content=\"https:\/\/cooltivarte.com\/portal\/wp-content\/uploads\/2025\/12\/VAN-GOGH-El-Sueno-Inmersivo.jpg\" \/>\n<meta name=\"twitter:creator\" content=\"@https:\/\/x.com\/obolocultural\" \/>\n<meta name=\"twitter:site\" content=\"@obolocultural\" \/>\n<meta name=\"twitter:label1\" content=\"Escrito por\" \/>\n\t<meta name=\"twitter:data1\" content=\"Cooltivarte\" \/>\n\t<meta name=\"twitter:label2\" content=\"Tiempo de lectura\" \/>\n\t<meta name=\"twitter:data2\" content=\"4 minutos\" \/>\n<!-- \/ Yoast SEO plugin. -->","yoast_head_json":{"title":"VAN GOGH - El Sue\u00f1o Inmersivo - Cooltivarte Portal","description":"En una exhibici\u00f3n de m\u00e1s de 1000 m\u00b2, las paredes, el piso y el techo se convierten en un lienzo digital donde La noche estrellada, Los girasoles, El dormitorio en Arl\u00e9s y m\u00e1s de 200 obras ic\u00f3nicas cobran vida.","robots":{"index":"index","follow":"follow","max-snippet":"max-snippet:-1","max-image-preview":"max-image-preview:large","max-video-preview":"max-video-preview:-1"},"canonical":"https:\/\/cooltivarte.com\/portal\/van-gogh-el-sueno-inmersivo\/","og_locale":"es_ES","og_type":"article","og_title":"VAN GOGH - El Sue\u00f1o Inmersivo - Rural del Prado - Del 25 de noviembre al 28 de diciembre 2025","og_description":"En una exhibici\u00f3n de m\u00e1s de 1000 m\u00b2, las paredes, el piso y el techo se convierten en un lienzo digital donde La noche estrellada, Los girasoles, El dormitorio en Arl\u00e9s y m\u00e1s de 200 obras ic\u00f3nicas cobran vida.","og_url":"https:\/\/cooltivarte.com\/portal\/van-gogh-el-sueno-inmersivo\/","og_site_name":"Cooltivarte Portal","article_publisher":"https:\/\/www.facebook.com\/cooltivartecom\/","article_author":"https:\/\/www.facebook.com\/cooltivartecom","article_published_time":"2025-12-01T15:50:55+00:00","article_modified_time":"2026-01-26T22:01:10+00:00","og_image":[{"width":1200,"height":628,"url":"https:\/\/cooltivarte.com\/portal\/wp-content\/uploads\/2025\/12\/VAN-GOGH-El-Sueno-Inmersivo.jpg","type":"image\/jpeg"}],"author":"Cooltivarte","twitter_card":"summary_large_image","twitter_title":"VAN GOGH - El Sue\u00f1o Inmersivo - Rural del Prado - Del 25 de noviembre al 28 de diciembre 2025","twitter_description":"En una exhibici\u00f3n de m\u00e1s de 1000 m\u00b2, las paredes, el piso y el techo se convierten en un lienzo digital donde La noche estrellada, Los girasoles, El dormitorio en Arl\u00e9s y m\u00e1s de 200 obras ic\u00f3nicas cobran vida.","twitter_image":"https:\/\/cooltivarte.com\/portal\/wp-content\/uploads\/2025\/12\/VAN-GOGH-El-Sueno-Inmersivo.jpg","twitter_creator":"@https:\/\/x.com\/obolocultural","twitter_site":"@obolocultural","twitter_misc":{"Escrito por":"Cooltivarte","Tiempo de lectura":"4 minutos"},"schema":{"@context":"https:\/\/schema.org","@graph":[{"@type":"NewsArticle","@id":"https:\/\/cooltivarte.com\/portal\/van-gogh-el-sueno-inmersivo\/#article","isPartOf":{"@id":"https:\/\/cooltivarte.com\/portal\/van-gogh-el-sueno-inmersivo\/"},"author":{"name":"Cooltivarte","@id":"https:\/\/cooltivarte.com\/portal\/#\/schema\/person\/ec2a4f4e71b740d0c559c0ab9a157e19"},"headline":"VAN GOGH &#8211; El Sue\u00f1o Inmersivo","datePublished":"2025-12-01T15:50:55+00:00","dateModified":"2026-01-26T22:01:10+00:00","mainEntityOfPage":{"@id":"https:\/\/cooltivarte.com\/portal\/van-gogh-el-sueno-inmersivo\/"},"wordCount":698,"publisher":{"@id":"https:\/\/cooltivarte.com\/portal\/#organization"},"image":{"@id":"https:\/\/cooltivarte.com\/portal\/van-gogh-el-sueno-inmersivo\/#primaryimage"},"thumbnailUrl":"https:\/\/cooltivarte.com\/portal\/wp-content\/uploads\/2025\/12\/VAN-GOGH-El-Sueno-Inmersivo.jpg","keywords":["Rural del Prado","VAN GOGH"],"articleSection":["Eventos"],"inLanguage":"es-AR"},{"@type":"WebPage","@id":"https:\/\/cooltivarte.com\/portal\/van-gogh-el-sueno-inmersivo\/","url":"https:\/\/cooltivarte.com\/portal\/van-gogh-el-sueno-inmersivo\/","name":"VAN GOGH - El Sue\u00f1o Inmersivo - Cooltivarte Portal","isPartOf":{"@id":"https:\/\/cooltivarte.com\/portal\/#website"},"primaryImageOfPage":{"@id":"https:\/\/cooltivarte.com\/portal\/van-gogh-el-sueno-inmersivo\/#primaryimage"},"image":{"@id":"https:\/\/cooltivarte.com\/portal\/van-gogh-el-sueno-inmersivo\/#primaryimage"},"thumbnailUrl":"https:\/\/cooltivarte.com\/portal\/wp-content\/uploads\/2025\/12\/VAN-GOGH-El-Sueno-Inmersivo.jpg","datePublished":"2025-12-01T15:50:55+00:00","dateModified":"2026-01-26T22:01:10+00:00","description":"En una exhibici\u00f3n de m\u00e1s de 1000 m\u00b2, las paredes, el piso y el techo se convierten en un lienzo digital donde La noche estrellada, Los girasoles, El dormitorio en Arl\u00e9s y m\u00e1s de 200 obras ic\u00f3nicas cobran vida.","breadcrumb":{"@id":"https:\/\/cooltivarte.com\/portal\/van-gogh-el-sueno-inmersivo\/#breadcrumb"},"inLanguage":"es-AR","potentialAction":[{"@type":"ReadAction","target":["https:\/\/cooltivarte.com\/portal\/van-gogh-el-sueno-inmersivo\/"]}]},{"@type":"ImageObject","inLanguage":"es-AR","@id":"https:\/\/cooltivarte.com\/portal\/van-gogh-el-sueno-inmersivo\/#primaryimage","url":"https:\/\/cooltivarte.com\/portal\/wp-content\/uploads\/2025\/12\/VAN-GOGH-El-Sueno-Inmersivo.jpg","contentUrl":"https:\/\/cooltivarte.com\/portal\/wp-content\/uploads\/2025\/12\/VAN-GOGH-El-Sueno-Inmersivo.jpg","width":1200,"height":628,"caption":"VAN GOGH - El Sue\u00f1o Inmersivo - Rural del Prado - Del 25 de noviembre al 28 de diciembre 2025"},{"@type":"BreadcrumbList","@id":"https:\/\/cooltivarte.com\/portal\/van-gogh-el-sueno-inmersivo\/#breadcrumb","itemListElement":[{"@type":"ListItem","position":1,"name":"Portada","item":"https:\/\/cooltivarte.com\/portal\/"},{"@type":"ListItem","position":2,"name":"VAN GOGH &#8211; El Sue\u00f1o Inmersivo"}]},{"@type":"WebSite","@id":"https:\/\/cooltivarte.com\/portal\/#website","url":"https:\/\/cooltivarte.com\/portal\/","name":"Cooltivarte Portal","description":"Arte, cultura y turismo para el mundo ...","publisher":{"@id":"https:\/\/cooltivarte.com\/portal\/#organization"},"potentialAction":[{"@type":"SearchAction","target":{"@type":"EntryPoint","urlTemplate":"https:\/\/cooltivarte.com\/portal\/?s={search_term_string}"},"query-input":{"@type":"PropertyValueSpecification","valueRequired":true,"valueName":"search_term_string"}}],"inLanguage":"es-AR"},{"@type":"Organization","@id":"https:\/\/cooltivarte.com\/portal\/#organization","name":"cooltivarte","url":"https:\/\/cooltivarte.com\/portal\/","logo":{"@type":"ImageObject","inLanguage":"es-AR","@id":"https:\/\/cooltivarte.com\/portal\/#\/schema\/logo\/image\/","url":"https:\/\/cooltivarte.com\/portal\/wp-content\/uploads\/2020\/04\/logo-cooltivarte-v2.png","contentUrl":"https:\/\/cooltivarte.com\/portal\/wp-content\/uploads\/2020\/04\/logo-cooltivarte-v2.png","width":851,"height":243,"caption":"cooltivarte"},"image":{"@id":"https:\/\/cooltivarte.com\/portal\/#\/schema\/logo\/image\/"},"sameAs":["https:\/\/www.facebook.com\/cooltivartecom\/","https:\/\/x.com\/obolocultural","https:\/\/www.instagram.com\/_cooltivarte_\/","https:\/\/www.linkedin.com\/company\/-bolocultural?reportsuccess=8zaNG1HwhPbAR9iQhZ5rfGeqz_vQFftHun0ZWU0Wy9vNemRJ8vtcKdJvzQfW8XagyOJSKg0XvfJ1dp","https:\/\/www.pinterest.com\/cooltivarte\/","https:\/\/cooltivarte.tumblr.com\/","https:\/\/www.tiktok.com\/@cooltivarte","https:\/\/www.youtube.com\/@PrensaCooltivarte"]},{"@type":"Person","@id":"https:\/\/cooltivarte.com\/portal\/#\/schema\/person\/ec2a4f4e71b740d0c559c0ab9a157e19","name":"Cooltivarte","image":{"@type":"ImageObject","inLanguage":"es-AR","@id":"https:\/\/cooltivarte.com\/portal\/wp-content\/uploads\/2014\/05\/logo-cooltivarte-120x120.jpg","url":"https:\/\/cooltivarte.com\/portal\/wp-content\/uploads\/2014\/05\/logo-cooltivarte-120x120.jpg","contentUrl":"https:\/\/cooltivarte.com\/portal\/wp-content\/uploads\/2014\/05\/logo-cooltivarte-120x120.jpg","caption":"Cooltivarte"},"description":"Somos COOLTIVARTE.COM. Un portal digital dedicado a difundir el acontecer art\u00edstico y cultural del Uruguay. Estamos en la vuelta desde el a\u00f1o 2003, y como evoluci\u00f3n del bolet\u00edn Obolo Cultural, nos encontramos abocados a apoyar a los artistas nacionales brind\u00e1ndoles un espacio de difusi\u00f3n. Creemos en la idea de utilizar la potencialidad que hoy d\u00eda nos otorga la web, para que la cultura uruguaya y sus creadores dispongan de una din\u00e1mica ventana, que los ponga en contacto entre s\u00ed y con el mundo. Somos COOLTIVARTE.COM y pretendemos configurarnos como un portal din\u00e1mico, entretenido y atento a los nuevos emprendimientos, que busque siempre la interacci\u00f3n con los artistas.","sameAs":["http:\/\/www.cooltivarte.com","https:\/\/www.facebook.com\/cooltivartecom","https:\/\/www.instagram.com\/_cooltivarte_\/","https:\/\/www.linkedin.com\/company\/-bolocultural","https:\/\/www.pinterest.com\/cooltivarte\/","https:\/\/x.com\/https:\/\/x.com\/obolocultural","https:\/\/www.youtube.com\/@PrensaCooltivarte","https:\/\/www.tumblr.com\/blog\/cooltivarte"],"url":"https:\/\/cooltivarte.com\/portal\/author\/cooltivarte\/"}]}},"_links":{"self":[{"href":"https:\/\/cooltivarte.com\/portal\/wp-json\/wp\/v2\/posts\/120282","targetHints":{"allow":["GET"]}}],"collection":[{"href":"https:\/\/cooltivarte.com\/portal\/wp-json\/wp\/v2\/posts"}],"about":[{"href":"https:\/\/cooltivarte.com\/portal\/wp-json\/wp\/v2\/types\/post"}],"author":[{"embeddable":true,"href":"https:\/\/cooltivarte.com\/portal\/wp-json\/wp\/v2\/users\/8"}],"replies":[{"embeddable":true,"href":"https:\/\/cooltivarte.com\/portal\/wp-json\/wp\/v2\/comments?post=120282"}],"version-history":[{"count":2,"href":"https:\/\/cooltivarte.com\/portal\/wp-json\/wp\/v2\/posts\/120282\/revisions"}],"predecessor-version":[{"id":122045,"href":"https:\/\/cooltivarte.com\/portal\/wp-json\/wp\/v2\/posts\/120282\/revisions\/122045"}],"wp:featuredmedia":[{"embeddable":true,"href":"https:\/\/cooltivarte.com\/portal\/wp-json\/wp\/v2\/media\/120283"}],"wp:attachment":[{"href":"https:\/\/cooltivarte.com\/portal\/wp-json\/wp\/v2\/media?parent=120282"}],"wp:term":[{"taxonomy":"category","embeddable":true,"href":"https:\/\/cooltivarte.com\/portal\/wp-json\/wp\/v2\/categories?post=120282"},{"taxonomy":"post_tag","embeddable":true,"href":"https:\/\/cooltivarte.com\/portal\/wp-json\/wp\/v2\/tags?post=120282"}],"curies":[{"name":"wp","href":"https:\/\/api.w.org\/{rel}","templated":true}]}}