{"id":120215,"date":"2025-11-30T17:19:41","date_gmt":"2025-11-30T20:19:41","guid":{"rendered":"https:\/\/cooltivarte.com\/portal\/?p=120215"},"modified":"2025-11-30T17:19:41","modified_gmt":"2025-11-30T20:19:41","slug":"larvas-de-tamara-silva-bernaschina","status":"publish","type":"post","link":"https:\/\/cooltivarte.com\/portal\/larvas-de-tamara-silva-bernaschina\/","title":{"rendered":"Larvas de Tamara Silva Bernaschina"},"content":{"rendered":"<p><img fetchpriority=\"high\" decoding=\"async\" class=\"aligncenter wp-image-120216 size-large\" title=\"Larvas de Tamara Silva Bernaschina - Una po\u00e9tica del desprendimiento y la mutaci\u00f3n by Daniel Benoit Cassou\" src=\"https:\/\/cooltivarte.com\/portal\/wp-content\/uploads\/2025\/11\/Larvas-de-Tamara-Silva-Bernaschina-768x1024.webp\" alt=\"Larvas de Tamara Silva Bernaschina - Una po\u00e9tica del desprendimiento y la mutaci\u00f3n by Daniel Benoit Cassou\" width=\"768\" height=\"1024\" srcset=\"https:\/\/cooltivarte.com\/portal\/wp-content\/uploads\/2025\/11\/Larvas-de-Tamara-Silva-Bernaschina-768x1024.webp 768w, https:\/\/cooltivarte.com\/portal\/wp-content\/uploads\/2025\/11\/Larvas-de-Tamara-Silva-Bernaschina-225x300.webp 225w, https:\/\/cooltivarte.com\/portal\/wp-content\/uploads\/2025\/11\/Larvas-de-Tamara-Silva-Bernaschina-1152x1536.webp 1152w, https:\/\/cooltivarte.com\/portal\/wp-content\/uploads\/2025\/11\/Larvas-de-Tamara-Silva-Bernaschina-1536x2048.webp 1536w, https:\/\/cooltivarte.com\/portal\/wp-content\/uploads\/2025\/11\/Larvas-de-Tamara-Silva-Bernaschina.webp 1600w\" sizes=\"(max-width: 768px) 100vw, 768px\" \/><\/p>\n<p>&nbsp;<\/p>\n<div class=\"wp-block-group has-global-padding is-layout-constrained wp-block-group-is-layout-constrained\">\n<h4 class=\"wp-block-post-title\"><strong>Larvas de Tamara Silva Bernaschina<\/strong><\/h4>\n<\/div>\n<div class=\"entry-content wp-block-post-content has-global-padding is-layout-constrained wp-block-post-content-is-layout-constrained\">\n<p><strong>Una po\u00e9tica del desprendimiento y la mutaci\u00f3n<\/strong><\/p>\n<p>Anoche, en el \u00faltimo encuentro del a\u00f1o recibimos en nuestro grupo a una joven escritora que en poco tiempo<br \/>\nha demostrado su genialidad con reconocimiento en Europa habiendo sido galardonada en varias oportunidades.<\/p>\n<p>Larvas, el libro reciente de <a href=\"https:\/\/cooltivarte.com\/portal\/?s=Tamara+Silva+Bernaschina\" target=\"_blank\" rel=\"noopener\"><strong>Tamara Silva Bernaschina<\/strong><\/a> (Minas, 2000), es una obra que no se limita a ser le\u00edda: exige ser habitada a la vez que nos habita.<\/p>\n<p>Se trata de un libro que opera como organismo, no como objeto.<br \/>\nRespira, muda, segrega.<\/p>\n<p>La autora construye un territorio donde las im\u00e1genes \u2014visuales y mentales\u2014 funcionan como cuerpos vivos que atraviesan un proceso continuo de transformaci\u00f3n. No hay punto fijo, no hay centro estable: hay tr\u00e1nsito, umbral, tr\u00e1nsito otra vez.<\/p>\n<p>Desde las primeras p\u00e1ginas, Silva Bernaschina instala la idea de la larva no como met\u00e1fora simplista de un \u201cantes\u201d y un \u201cdespu\u00e9s\u201d, sino como un estado expandido, ambivalente, inc\u00f3modo.<\/p>\n<p>La larva, asociada tambi\u00e9n a Frank Kafka en su Metamorfosis, no promete mariposa; promete mutaci\u00f3n, que es otra cosa.<br \/>\nMutar implica desprenderse, deshacerse, dejar caer fragmentos propios que siguen hablando incluso cuando ya no pertenecen al cuerpo original. Ese gesto es la columna vertebral del libro.<\/p>\n<p>El texto avanza a trav\u00e9s de una escritura que parece brotar desde zonas subterr\u00e1neas \u2014desde un \u201cinterior\u201d que nunca termina de definirse\u2014 para luego abrirse hacia un afuera que tampoco pretende estabilidad.<br \/>\nEsa ubicaci\u00f3n intermedia, ese estar-en-tr\u00e1nsito, es uno de los mayores aciertos del libro: en Larvas todo se est\u00e1 convirtiendo en otra cosa.<\/p>\n<p>La autora se mueve entre lo corporal, lo animal y lo vegetal con una soltura que no imita el lenguaje cient\u00edfico ni el simbolismo cl\u00e1sico, sino que inventa un modo propio de observar los procesos vitales.<\/p>\n<p>La escritura se ofrece como matriz sensorial antes que narrativa. Hay im\u00e1genes que se descomponen, frases que parecen desprenderse de un cuerpo mayor, fragmentos que funcionan como restos de muda.<\/p>\n<p>El libro asume esa fragilidad como m\u00e9todo: en lugar de imponer una linealidad, propone una lectura que debe recomponerse en cada p\u00e1gina. De ah\u00ed que Larvas, compuesto por ocho cuentos, sea un libro m\u00e1s cercano a una experiencia perceptiva que a un relato cerrado.<\/p>\n<p>Uno de los aspectos m\u00e1s interesantes es c\u00f3mo Silva Bernaschina tensiona la frontera entre lo \u00edntimo y lo biol\u00f3gico. Lo que podr\u00eda haber sido un ejercicio confesional o introspectivo se desplaza hacia un territorio m\u00e1s inquietante: el de la subjetividad como organismo.<\/p>\n<p>El yo no es una voz que se impone; es una sustancia que se expande, se contrae y deja rastros. Su escritura entiende que todo cuerpo es archivo, pero tambi\u00e9n es residuo. Y en esa tensi\u00f3n \u2014entre guardar y soltar\u2014 aparece la fuerza del libro.<\/p>\n<p>La autora aborda el dolor, lo extrasensorial, el realismo m\u00e1gico, la tradici\u00f3n literaria rural de nuestro pa\u00eds, la metamorfosis emocional y las crisis vitales sin dramatismo ni exageraci\u00f3n.<\/p>\n<p>Lo hace con una precisi\u00f3n que recuerda que las larvas no sienten culpa por mutar: simplemente lo hacen.<\/p>\n<p>Larvas en todos sus abordajes es un libro que invita a pensar en aquello que debemos abandonar para seguir en movimiento. Y, sobre todo, en lo que persiste incluso despu\u00e9s de dejar de pertenecer.<\/p>\n<p>Visual y literariamente, el libro construye una est\u00e9tica de lo incompleto: figuras suspendidas, cuerpos en transici\u00f3n, materialidades que no terminan de definirse.<\/p>\n<p>Esa est\u00e9tica no es solo un recurso; es una posici\u00f3n \u00e9tica frente al mundo.<\/p>\n<p>Vivimos entre estados, dice la autora. Crecer, cambiar, desprenderse, sobrevivir: todo ocurre en ese territorio intermedio que pocas veces miramos de frente.<\/p>\n<p>Larvas confirma a Tamara Silva Bernaschina como una autora con un lenguaje propio, capaz de unir lo biol\u00f3gico con lo po\u00e9tico sin caer en lugares comunes. Nos enfrenta a esa regi\u00f3n de la vida donde la transformaci\u00f3n no es promesa, sino condici\u00f3n.<\/p>\n<p>Un libro muy recomendable que nos lleva a sub mundos, que no busca respuestas: busca movimiento. Y lo encuentra.<\/p>\n<\/div>\n<p>&nbsp;<\/p>\n<figure class=\"wp-block-image size-large\">\n<p><figure id=\"attachment_16687\" aria-describedby=\"caption-attachment-16687\" style=\"width: 768px\" class=\"wp-caption aligncenter\"><img decoding=\"async\" class=\"wp-image-16687\" title=\"Larvas de Tamara Silva Bernaschina\" src=\"https:\/\/danielbenoit.art\/wp-content\/uploads\/2025\/11\/IMG_2772-768x1024.jpeg\" sizes=\"(max-width: 768px) 100vw, 768px\" srcset=\"https:\/\/danielbenoit.art\/wp-content\/uploads\/2025\/11\/IMG_2772-768x1024.jpeg 768w, https:\/\/danielbenoit.art\/wp-content\/uploads\/2025\/11\/IMG_2772-225x300.jpeg 225w, https:\/\/danielbenoit.art\/wp-content\/uploads\/2025\/11\/IMG_2772-1152x1536.jpeg 1152w, https:\/\/danielbenoit.art\/wp-content\/uploads\/2025\/11\/IMG_2772-1536x2048.jpeg 1536w, https:\/\/danielbenoit.art\/wp-content\/uploads\/2025\/11\/IMG_2772-scaled.jpeg 1920w\" alt=\"Larvas de Tamara Silva Bernaschina\" width=\"768\" height=\"1024\" data-id=\"16687\"\/><figcaption id=\"caption-attachment-16687\" class=\"wp-caption-text\">Larvas de Tamara Silva Bernaschina<\/figcaption><\/figure><\/figure>\n<figure class=\"wp-block-image size-large\">\n<p><figure id=\"attachment_16688\" aria-describedby=\"caption-attachment-16688\" style=\"width: 768px\" class=\"wp-caption aligncenter\"><img decoding=\"async\" class=\"wp-image-16688\" title=\"Larvas de Tamara Silva Bernaschina\" src=\"https:\/\/danielbenoit.art\/wp-content\/uploads\/2025\/11\/IMG_2773-768x1024.jpeg\" sizes=\"(max-width: 768px) 100vw, 768px\" srcset=\"https:\/\/danielbenoit.art\/wp-content\/uploads\/2025\/11\/IMG_2773-768x1024.jpeg 768w, https:\/\/danielbenoit.art\/wp-content\/uploads\/2025\/11\/IMG_2773-225x300.jpeg 225w, https:\/\/danielbenoit.art\/wp-content\/uploads\/2025\/11\/IMG_2773-1152x1536.jpeg 1152w, https:\/\/danielbenoit.art\/wp-content\/uploads\/2025\/11\/IMG_2773-1536x2048.jpeg 1536w, https:\/\/danielbenoit.art\/wp-content\/uploads\/2025\/11\/IMG_2773-scaled.jpeg 1920w\" alt=\"Larvas de Tamara Silva Bernaschina\" width=\"768\" height=\"1024\" data-id=\"16688\"\/><figcaption id=\"caption-attachment-16688\" class=\"wp-caption-text\">Larvas de Tamara Silva Bernaschina<\/figcaption><\/figure><\/figure>\n<p>&nbsp;<\/p>\n<p>&nbsp;<\/p>\n","protected":false},"excerpt":{"rendered":"<p>Larvas de Tamara Silva Bernaschina<\/p>\n<p>Una po\u00e9tica del desprendimiento y la mutaci\u00f3n<\/p>\n<p>Anoche, en el \u00faltimo encuentro del a\u00f1o recibimos en nuestro grupo a una joven escritora que en poco tiempo<br \/>\nha demostrado su genialidad con reconocimiento en Europa habiendo sido galardonada en varias oportunidades.<\/p>\n<p>Larvas, el libro reciente de Tamara Silva Bernaschina (Minas, 2000), es una obra que no se limita a ser le\u00edda: exige ser habitada a la vez que nos habita.<\/p>\n","protected":false},"author":14,"featured_media":120216,"comment_status":"closed","ping_status":"closed","sticky":false,"template":"","format":"standard","meta":{"om_disable_all_campaigns":false,"ngg_post_thumbnail":0,"jnews-multi-image_gallery":[],"jnews_single_post":{"format":"standard","override":[{"template":"4","parallax":"1","layout":"right-sidebar","sidebar":"default-sidebar","second_sidebar":"default-sidebar","sticky_sidebar":"1","share_position":"bottom","share_float_style":"share-monocrhome","show_share_counter":"1","show_view_counter":"1","show_featured":"1","show_post_meta":"1","show_post_author":"1","show_post_author_image":"1","show_post_date":"1","post_date_format":"default","post_date_format_custom":"Y\/m\/d","show_post_category":"1","post_reading_time_wpm":"300","post_calculate_word_method":"str_word_count","zoom_button_out_step":"2","zoom_button_in_step":"3","show_post_tag":"1","show_prev_next_post":"1","show_popup_post":"1","show_comment_section":"1","number_popup_post":"1","show_author_box":"1","show_post_related":"0","show_inline_post_related":"0"}],"image_override":[{"single_post_thumbnail_size":"no-crop","single_post_gallery_size":"crop-500"}],"trending_post_position":"meta","trending_post_label":"Trending","sponsored_post_label":"Sponsored by","disable_ad":"0","subtitle":"Una po\u00e9tica del desprendimiento y la mutaci\u00f3n"},"jnews_primary_category":[],"jnews_social_meta":[],"jnews_override_counter":{"view_counter_number":"0","share_counter_number":"0","like_counter_number":"0","dislike_counter_number":"0"},"footnotes":""},"categories":[56],"tags":[25050,19836],"class_list":["post-120215","post","type-post","status-publish","format-standard","has-post-thumbnail","hentry","category-narradores","tag-larvas","tag-tamara-silva-bernaschina"],"yoast_head":"<!-- This site is optimized with the Yoast SEO plugin v27.5 - https:\/\/yoast.com\/product\/yoast-seo-wordpress\/ -->\n<title>Larvas de Tamara Silva Bernaschina - Cooltivarte Portal<\/title>\n<meta name=\"description\" content=\"Larvas, el libro reciente de Tamara Silva Bernaschina (Minas, 2000), es una obra que no se limita a ser le\u00edda: exige ser habitada a la vez que nos habita.\" \/>\n<meta name=\"robots\" content=\"index, follow, max-snippet:-1, max-image-preview:large, max-video-preview:-1\" \/>\n<link rel=\"canonical\" href=\"https:\/\/cooltivarte.com\/portal\/larvas-de-tamara-silva-bernaschina\/\" \/>\n<meta property=\"og:locale\" content=\"es_ES\" \/>\n<meta property=\"og:type\" content=\"article\" \/>\n<meta property=\"og:title\" content=\"Larvas de Tamara Silva Bernaschina - Una po\u00e9tica del desprendimiento y la mutaci\u00f3n by Daniel Benoit Cassou\" \/>\n<meta property=\"og:description\" content=\"Larvas, el libro reciente de Tamara Silva Bernaschina (Minas, 2000), es una obra que no se limita a ser le\u00edda: exige ser habitada a la vez que nos habita.\" \/>\n<meta property=\"og:url\" content=\"https:\/\/cooltivarte.com\/portal\/larvas-de-tamara-silva-bernaschina\/\" \/>\n<meta property=\"og:site_name\" content=\"Cooltivarte Portal\" \/>\n<meta property=\"article:publisher\" content=\"https:\/\/www.facebook.com\/cooltivartecom\/\" \/>\n<meta property=\"article:author\" content=\"https:\/\/www.facebook.com\/daniel.benoit.3557?fref=ts\" \/>\n<meta property=\"article:published_time\" content=\"2025-11-30T20:19:41+00:00\" \/>\n<meta property=\"og:image\" content=\"https:\/\/cooltivarte.com\/portal\/wp-content\/uploads\/2025\/11\/Larvas-de-Tamara-Silva-Bernaschina.webp\" \/>\n\t<meta property=\"og:image:width\" content=\"1600\" \/>\n\t<meta property=\"og:image:height\" content=\"2133\" \/>\n\t<meta property=\"og:image:type\" content=\"image\/webp\" \/>\n<meta name=\"author\" content=\"Daniel Benoit Cassou\" \/>\n<meta name=\"twitter:card\" content=\"summary_large_image\" \/>\n<meta name=\"twitter:title\" content=\"Larvas de Tamara Silva Bernaschina - Una po\u00e9tica del desprendimiento y la mutaci\u00f3n by Daniel Benoit Cassou\" \/>\n<meta name=\"twitter:description\" content=\"Larvas, el libro reciente de Tamara Silva Bernaschina (Minas, 2000), es una obra que no se limita a ser le\u00edda: exige ser habitada a la vez que nos habita.\" \/>\n<meta name=\"twitter:image\" content=\"https:\/\/cooltivarte.com\/portal\/wp-content\/uploads\/2025\/11\/Larvas-de-Tamara-Silva-Bernaschina.webp\" \/>\n<meta name=\"twitter:creator\" content=\"@https:\/\/x.com\/obolocultural\" \/>\n<meta name=\"twitter:site\" content=\"@obolocultural\" \/>\n<meta name=\"twitter:label1\" content=\"Escrito por\" \/>\n\t<meta name=\"twitter:data1\" content=\"Daniel Benoit Cassou\" \/>\n\t<meta name=\"twitter:label2\" content=\"Tiempo de lectura\" \/>\n\t<meta name=\"twitter:data2\" content=\"4 minutos\" \/>\n<!-- \/ Yoast SEO plugin. -->","yoast_head_json":{"title":"Larvas de Tamara Silva Bernaschina - Cooltivarte Portal","description":"Larvas, el libro reciente de Tamara Silva Bernaschina (Minas, 2000), es una obra que no se limita a ser le\u00edda: exige ser habitada a la vez que nos habita.","robots":{"index":"index","follow":"follow","max-snippet":"max-snippet:-1","max-image-preview":"max-image-preview:large","max-video-preview":"max-video-preview:-1"},"canonical":"https:\/\/cooltivarte.com\/portal\/larvas-de-tamara-silva-bernaschina\/","og_locale":"es_ES","og_type":"article","og_title":"Larvas de Tamara Silva Bernaschina - Una po\u00e9tica del desprendimiento y la mutaci\u00f3n by Daniel Benoit Cassou","og_description":"Larvas, el libro reciente de Tamara Silva Bernaschina (Minas, 2000), es una obra que no se limita a ser le\u00edda: exige ser habitada a la vez que nos habita.","og_url":"https:\/\/cooltivarte.com\/portal\/larvas-de-tamara-silva-bernaschina\/","og_site_name":"Cooltivarte Portal","article_publisher":"https:\/\/www.facebook.com\/cooltivartecom\/","article_author":"https:\/\/www.facebook.com\/daniel.benoit.3557?fref=ts","article_published_time":"2025-11-30T20:19:41+00:00","og_image":[{"width":1600,"height":2133,"url":"https:\/\/cooltivarte.com\/portal\/wp-content\/uploads\/2025\/11\/Larvas-de-Tamara-Silva-Bernaschina.webp","type":"image\/webp"}],"author":"Daniel Benoit Cassou","twitter_card":"summary_large_image","twitter_title":"Larvas de Tamara Silva Bernaschina - Una po\u00e9tica del desprendimiento y la mutaci\u00f3n by Daniel Benoit Cassou","twitter_description":"Larvas, el libro reciente de Tamara Silva Bernaschina (Minas, 2000), es una obra que no se limita a ser le\u00edda: exige ser habitada a la vez que nos habita.","twitter_image":"https:\/\/cooltivarte.com\/portal\/wp-content\/uploads\/2025\/11\/Larvas-de-Tamara-Silva-Bernaschina.webp","twitter_creator":"@https:\/\/x.com\/obolocultural","twitter_site":"@obolocultural","twitter_misc":{"Escrito por":"Daniel Benoit Cassou","Tiempo de lectura":"4 minutos"},"schema":{"@context":"https:\/\/schema.org","@graph":[{"@type":"NewsArticle","@id":"https:\/\/cooltivarte.com\/portal\/larvas-de-tamara-silva-bernaschina\/#article","isPartOf":{"@id":"https:\/\/cooltivarte.com\/portal\/larvas-de-tamara-silva-bernaschina\/"},"author":{"name":"Daniel Benoit Cassou","@id":"https:\/\/cooltivarte.com\/portal\/#\/schema\/person\/175e2af38af164206375abd19e491b3f"},"headline":"Larvas de Tamara Silva Bernaschina","datePublished":"2025-11-30T20:19:41+00:00","mainEntityOfPage":{"@id":"https:\/\/cooltivarte.com\/portal\/larvas-de-tamara-silva-bernaschina\/"},"wordCount":728,"publisher":{"@id":"https:\/\/cooltivarte.com\/portal\/#organization"},"image":{"@id":"https:\/\/cooltivarte.com\/portal\/larvas-de-tamara-silva-bernaschina\/#primaryimage"},"thumbnailUrl":"https:\/\/cooltivarte.com\/portal\/wp-content\/uploads\/2025\/11\/Larvas-de-Tamara-Silva-Bernaschina.webp","keywords":["Larvas","Tamara Silva Bernaschina"],"articleSection":["Literatura"],"inLanguage":"es-AR"},{"@type":"WebPage","@id":"https:\/\/cooltivarte.com\/portal\/larvas-de-tamara-silva-bernaschina\/","url":"https:\/\/cooltivarte.com\/portal\/larvas-de-tamara-silva-bernaschina\/","name":"Larvas de Tamara Silva Bernaschina - Cooltivarte Portal","isPartOf":{"@id":"https:\/\/cooltivarte.com\/portal\/#website"},"primaryImageOfPage":{"@id":"https:\/\/cooltivarte.com\/portal\/larvas-de-tamara-silva-bernaschina\/#primaryimage"},"image":{"@id":"https:\/\/cooltivarte.com\/portal\/larvas-de-tamara-silva-bernaschina\/#primaryimage"},"thumbnailUrl":"https:\/\/cooltivarte.com\/portal\/wp-content\/uploads\/2025\/11\/Larvas-de-Tamara-Silva-Bernaschina.webp","datePublished":"2025-11-30T20:19:41+00:00","description":"Larvas, el libro reciente de Tamara Silva Bernaschina (Minas, 2000), es una obra que no se limita a ser le\u00edda: exige ser habitada a la vez que nos habita.","breadcrumb":{"@id":"https:\/\/cooltivarte.com\/portal\/larvas-de-tamara-silva-bernaschina\/#breadcrumb"},"inLanguage":"es-AR","potentialAction":[{"@type":"ReadAction","target":["https:\/\/cooltivarte.com\/portal\/larvas-de-tamara-silva-bernaschina\/"]}]},{"@type":"ImageObject","inLanguage":"es-AR","@id":"https:\/\/cooltivarte.com\/portal\/larvas-de-tamara-silva-bernaschina\/#primaryimage","url":"https:\/\/cooltivarte.com\/portal\/wp-content\/uploads\/2025\/11\/Larvas-de-Tamara-Silva-Bernaschina.webp","contentUrl":"https:\/\/cooltivarte.com\/portal\/wp-content\/uploads\/2025\/11\/Larvas-de-Tamara-Silva-Bernaschina.webp","width":1600,"height":2133,"caption":"Larvas de Tamara Silva Bernaschina - Una po\u00e9tica del desprendimiento y la mutaci\u00f3n by Daniel Benoit Cassou"},{"@type":"BreadcrumbList","@id":"https:\/\/cooltivarte.com\/portal\/larvas-de-tamara-silva-bernaschina\/#breadcrumb","itemListElement":[{"@type":"ListItem","position":1,"name":"Portada","item":"https:\/\/cooltivarte.com\/portal\/"},{"@type":"ListItem","position":2,"name":"Larvas de Tamara Silva Bernaschina"}]},{"@type":"WebSite","@id":"https:\/\/cooltivarte.com\/portal\/#website","url":"https:\/\/cooltivarte.com\/portal\/","name":"Cooltivarte Portal","description":"Arte, cultura y turismo para el mundo ...","publisher":{"@id":"https:\/\/cooltivarte.com\/portal\/#organization"},"potentialAction":[{"@type":"SearchAction","target":{"@type":"EntryPoint","urlTemplate":"https:\/\/cooltivarte.com\/portal\/?s={search_term_string}"},"query-input":{"@type":"PropertyValueSpecification","valueRequired":true,"valueName":"search_term_string"}}],"inLanguage":"es-AR"},{"@type":"Organization","@id":"https:\/\/cooltivarte.com\/portal\/#organization","name":"cooltivarte","url":"https:\/\/cooltivarte.com\/portal\/","logo":{"@type":"ImageObject","inLanguage":"es-AR","@id":"https:\/\/cooltivarte.com\/portal\/#\/schema\/logo\/image\/","url":"https:\/\/cooltivarte.com\/portal\/wp-content\/uploads\/2020\/04\/logo-cooltivarte-v2.png","contentUrl":"https:\/\/cooltivarte.com\/portal\/wp-content\/uploads\/2020\/04\/logo-cooltivarte-v2.png","width":851,"height":243,"caption":"cooltivarte"},"image":{"@id":"https:\/\/cooltivarte.com\/portal\/#\/schema\/logo\/image\/"},"sameAs":["https:\/\/www.facebook.com\/cooltivartecom\/","https:\/\/x.com\/obolocultural","https:\/\/www.instagram.com\/_cooltivarte_\/","https:\/\/www.linkedin.com\/company\/-bolocultural?reportsuccess=8zaNG1HwhPbAR9iQhZ5rfGeqz_vQFftHun0ZWU0Wy9vNemRJ8vtcKdJvzQfW8XagyOJSKg0XvfJ1dp","https:\/\/www.pinterest.com\/cooltivarte\/","https:\/\/cooltivarte.tumblr.com\/","https:\/\/www.tiktok.com\/@cooltivarte","https:\/\/www.youtube.com\/@PrensaCooltivarte"]},{"@type":"Person","@id":"https:\/\/cooltivarte.com\/portal\/#\/schema\/person\/175e2af38af164206375abd19e491b3f","name":"Daniel Benoit Cassou","image":{"@type":"ImageObject","inLanguage":"es-AR","@id":"https:\/\/cooltivarte.com\/portal\/wp-content\/uploads\/2022\/11\/daniel-benoit-120x120.jpg","url":"https:\/\/cooltivarte.com\/portal\/wp-content\/uploads\/2022\/11\/daniel-benoit-120x120.jpg","contentUrl":"https:\/\/cooltivarte.com\/portal\/wp-content\/uploads\/2022\/11\/daniel-benoit-120x120.jpg","caption":"Daniel Benoit Cassou"},"description":"Daniel Benoit - (Uruguay, 1961), es contador p\u00fablico de profesi\u00f3n. Hizo su formaci\u00f3n art\u00edstica en los talleres de Hugo Longa, Clever Lara y Lacy Duarte; escultura con Jos\u00e9 Pelayo y fotograf\u00eda con Enrique Abal, Oscar Bonilla y Roberto Schettini. Realiz\u00f3 cursos de formaci\u00f3n te\u00f3rica con Nelson Di Maggio, Alfredo Torres, Nelson Bali\u00f1o y Emma Sanguinetti, entre otros. Ha participado en muestras de fotografias, colectivas asi como individuales: 2007 \u2013 Facultad de Ciencias Econ\u00f3micas; Centro Cultural Lapido; Club de Golf; Fotogramas - Montevideo 2009 \u2013 Galer\u00eda de arte La Pasionaria \u2013 Club de Golf - Montevideo 2010 \u2013 A la Follie; Trattoria La Commedia; Club de Golf \u2013 Montevideo 2011 \u2013 Museo del Azulejo; Fotograma; Club de Golf \u2013 Montevideo; Bienal X \u2013 Salto 2012 \u2013 Espacio Innova \u2013 Punta del Este Es asiduo asistente a las principales bienales de arte: Venecia, Lyon, San Pablo, Cuba, Porto Alegre, Lima, as\u00ed como ferias de Basilea, Paris, Buenos Aires, entre otras. Es coleccionista de arte nacional, asesor de arte contempor\u00e1neo, escribe en sus blogs y es columnista de la revista de arte nacional \u201cCooltivarte\u201d desde el 2012, asi como de la revista \u201cArte\u201d del periodico \u201cEl Pais\u201d. Blog","sameAs":["https:\/\/danielbenoit.art\/","https:\/\/www.facebook.com\/daniel.benoit.3557?fref=ts","https:\/\/www.instagram.com\/danielbenoitcassou\/","https:\/\/www.linkedin.com\/in\/daniel-benoit-87890a39\/","https:\/\/www.pinterest.com\/cooltivarte","https:\/\/x.com\/https:\/\/x.com\/obolocultural","https:\/\/www.youtube.com\/@PrensaCooltivarte","https:\/\/www.tumblr.com\/blog\/cooltivarte"],"url":"https:\/\/cooltivarte.com\/portal\/author\/benoit\/"}]}},"_links":{"self":[{"href":"https:\/\/cooltivarte.com\/portal\/wp-json\/wp\/v2\/posts\/120215","targetHints":{"allow":["GET"]}}],"collection":[{"href":"https:\/\/cooltivarte.com\/portal\/wp-json\/wp\/v2\/posts"}],"about":[{"href":"https:\/\/cooltivarte.com\/portal\/wp-json\/wp\/v2\/types\/post"}],"author":[{"embeddable":true,"href":"https:\/\/cooltivarte.com\/portal\/wp-json\/wp\/v2\/users\/14"}],"replies":[{"embeddable":true,"href":"https:\/\/cooltivarte.com\/portal\/wp-json\/wp\/v2\/comments?post=120215"}],"version-history":[{"count":1,"href":"https:\/\/cooltivarte.com\/portal\/wp-json\/wp\/v2\/posts\/120215\/revisions"}],"predecessor-version":[{"id":120217,"href":"https:\/\/cooltivarte.com\/portal\/wp-json\/wp\/v2\/posts\/120215\/revisions\/120217"}],"wp:featuredmedia":[{"embeddable":true,"href":"https:\/\/cooltivarte.com\/portal\/wp-json\/wp\/v2\/media\/120216"}],"wp:attachment":[{"href":"https:\/\/cooltivarte.com\/portal\/wp-json\/wp\/v2\/media?parent=120215"}],"wp:term":[{"taxonomy":"category","embeddable":true,"href":"https:\/\/cooltivarte.com\/portal\/wp-json\/wp\/v2\/categories?post=120215"},{"taxonomy":"post_tag","embeddable":true,"href":"https:\/\/cooltivarte.com\/portal\/wp-json\/wp\/v2\/tags?post=120215"}],"curies":[{"name":"wp","href":"https:\/\/api.w.org\/{rel}","templated":true}]}}