{"id":120133,"date":"2026-03-20T11:53:37","date_gmt":"2026-03-20T14:53:37","guid":{"rendered":"https:\/\/cooltivarte.com\/portal\/?p=120133"},"modified":"2026-03-20T12:42:21","modified_gmt":"2026-03-20T15:42:21","slug":"cosquin-rock-uruguay-2026","status":"publish","type":"post","link":"https:\/\/cooltivarte.com\/portal\/cosquin-rock-uruguay-2026\/","title":{"rendered":"COSQU\u00cdN ROCK SE REPROGRAMA AL DOMINGO 22 DE MARZO"},"content":{"rendered":"<p><img fetchpriority=\"high\" decoding=\"async\" class=\"aligncenter wp-image-124046 size-large\" title=\"COSQU\u00cdN ROCK SE REPROGRAMA AL DOMINGO 22 DE MARZO\" src=\"https:\/\/cooltivarte.com\/portal\/wp-content\/uploads\/2026\/03\/COSQUIN-ROCK-URUGUAY-815x1024.jpeg\" alt=\"COSQU\u00cdN ROCK SE REPROGRAMA AL DOMINGO 22 DE MARZO \" width=\"815\" height=\"1024\" srcset=\"https:\/\/cooltivarte.com\/portal\/wp-content\/uploads\/2026\/03\/COSQUIN-ROCK-URUGUAY-815x1024.jpeg 815w, https:\/\/cooltivarte.com\/portal\/wp-content\/uploads\/2026\/03\/COSQUIN-ROCK-URUGUAY-239x300.jpeg 239w, https:\/\/cooltivarte.com\/portal\/wp-content\/uploads\/2026\/03\/COSQUIN-ROCK-URUGUAY-768x964.jpeg 768w, https:\/\/cooltivarte.com\/portal\/wp-content\/uploads\/2026\/03\/COSQUIN-ROCK-URUGUAY.jpeg 856w\" sizes=\"(max-width: 815px) 100vw, 815px\" \/><\/p>\n<p>&nbsp;<\/p>\n<h2><strong>COSQU\u00cdN ROCK SE REPROGRAMA AL DOMINGO 22 DE MARZO<\/strong><\/h2>\n<p><a href=\"https:\/\/cooltivarte.com\/portal\/?s=Cosqu%C3%ADn+Rock+Uruguay\" target=\"_blank\" rel=\"noopener\"><strong>Cosqu\u00edn Rock Uruguay<\/strong><\/a> es pura manija y experiencia por eso queremos garantizar el cuidado y la experiencia para que la sexta edici\u00f3n sea puro disfrute.<\/p>\n<p>Debido a los pron\u00f3sticos clim\u00e1ticos de p\u00fablico conocimiento y tras un seguimiento y an\u00e1lisis exhaustivo con especialistas en la materia, y con la intenci\u00f3n de garantizar la seguridad y una experiencia positiva para nuestro p\u00fablico, el festival Cosqu\u00edn Rock Uruguay se reprograma para el domingo 22 de marzo.<\/p>\n<p>Agradecemos el apoyo de los artistas que, frente a esta situaci\u00f3n y con el compromiso que los caracteriza con su p\u00fablico, estar\u00e1n presentes en esta sexta edici\u00f3n.<\/p>\n<p>Las entradas mantienen su validez sin necesidad de emisi\u00f3n de un nuevo ticket. Los horarios de apertura de puertas y de las bandas se comunicar\u00e1n pr\u00f3ximamente en las redes oficiales del festival.<\/p>\n<p>Mismo pogo, mismo lugar, \u00a1mejor experiencia!<\/p>\n<p>&nbsp;<\/p>\n<p>&nbsp;<\/p>\n<p>&nbsp;<\/p>\n<h2><strong>\u00a1ESCENARIO BROU!<\/strong><\/h2>\n<p>Este escenario 360 es para vivirlo a pleno.<\/p>\n<p>Una mixtura de ritmos, emociones y m\u00fasica para disfrutarlo a full.<\/p>\n<p><img decoding=\"async\" class=\"aligncenter wp-image-124026 size-full\" title=\"ESCENARIO BROU COSQUIN ROCK URUGUAY\" src=\"https:\/\/cooltivarte.com\/portal\/wp-content\/uploads\/2026\/03\/ESCENARIO-BROU.jpg\" alt=\"ESCENARIO BROU COSQUIN ROCK URUGUAY\" width=\"697\" height=\"838\" srcset=\"https:\/\/cooltivarte.com\/portal\/wp-content\/uploads\/2026\/03\/ESCENARIO-BROU.jpg 697w, https:\/\/cooltivarte.com\/portal\/wp-content\/uploads\/2026\/03\/ESCENARIO-BROU-250x300.jpg 250w\" sizes=\"(max-width: 697px) 100vw, 697px\" \/><\/p>\n<p>&nbsp;<\/p>\n<p>&nbsp;<\/p>\n<h2><strong>ESCENARIO PILSEN<\/strong>&nbsp;<\/h2>\n<p>Un escenario para disfrutar del encuentro y los amigos.<\/p>\n<p>No te pod\u00e9s perder de estos artistas.<\/p>\n<p>&nbsp;<\/p>\n<p><img decoding=\"async\" class=\"aligncenter wp-image-124027 size-full\" title=\"ESCENARIO PILSEN\" src=\"https:\/\/cooltivarte.com\/portal\/wp-content\/uploads\/2026\/03\/ESCENARIO-PILSEN-.jpg\" alt=\"ESCENARIO PILSEN&nbsp;\" width=\"702\" height=\"843\" srcset=\"https:\/\/cooltivarte.com\/portal\/wp-content\/uploads\/2026\/03\/ESCENARIO-PILSEN-.jpg 702w, https:\/\/cooltivarte.com\/portal\/wp-content\/uploads\/2026\/03\/ESCENARIO-PILSEN--250x300.jpg 250w\" sizes=\"(max-width: 702px) 100vw, 702px\" \/><\/p>\n<p>&nbsp;<\/p>\n<p>&nbsp;<\/p>\n<h2><strong>ESCENARIO ANTEL<\/strong>&nbsp;<\/h2>\n<p>2 escenarios en 1.<br \/>\nPreparate para poguear en la Rambla de Punta Carretas.<\/p>\n<p><img loading=\"lazy\" decoding=\"async\" class=\"aligncenter wp-image-124028 size-full\" title=\"ESCENARIO ANTEL\" src=\"https:\/\/cooltivarte.com\/portal\/wp-content\/uploads\/2026\/03\/ESCENARIO-ANTEL-1.jpg\" alt=\"ESCENARIO ANTEL\" width=\"700\" height=\"844\" srcset=\"https:\/\/cooltivarte.com\/portal\/wp-content\/uploads\/2026\/03\/ESCENARIO-ANTEL-1.jpg 700w, https:\/\/cooltivarte.com\/portal\/wp-content\/uploads\/2026\/03\/ESCENARIO-ANTEL-1-249x300.jpg 249w\" sizes=\"(max-width: 700px) 100vw, 700px\" \/><\/p>\n<p>&nbsp;<\/p>\n<p><img loading=\"lazy\" decoding=\"async\" class=\"aligncenter wp-image-124029 size-full\" title=\"ESCENARIO ANTEL\" src=\"https:\/\/cooltivarte.com\/portal\/wp-content\/uploads\/2026\/03\/ESCENARIO-ANTEL-2.jpg\" alt=\"ESCENARIO ANTEL\" width=\"703\" height=\"871\" srcset=\"https:\/\/cooltivarte.com\/portal\/wp-content\/uploads\/2026\/03\/ESCENARIO-ANTEL-2.jpg 703w, https:\/\/cooltivarte.com\/portal\/wp-content\/uploads\/2026\/03\/ESCENARIO-ANTEL-2-242x300.jpg 242w\" sizes=\"(max-width: 703px) 100vw, 703px\" \/><\/p>\n<p>&nbsp;<\/p>\n<h1>&nbsp;<\/h1>\n<h1><strong>Horarios COSQU\u00cdN ROCK 2026<\/strong><\/h1>\n<p><img loading=\"lazy\" decoding=\"async\" class=\"aligncenter wp-image-124079 size-large\" title=\"horarios COSQU\u00cdN ROCK 2026\" src=\"https:\/\/cooltivarte.com\/portal\/wp-content\/uploads\/2026\/03\/horarios-COSQUIN-ROCK-2026-576x1024.jpeg\" alt=\"horarios COSQU\u00cdN ROCK 2026\" width=\"576\" height=\"1024\" srcset=\"https:\/\/cooltivarte.com\/portal\/wp-content\/uploads\/2026\/03\/horarios-COSQUIN-ROCK-2026-576x1024.jpeg 576w, https:\/\/cooltivarte.com\/portal\/wp-content\/uploads\/2026\/03\/horarios-COSQUIN-ROCK-2026-169x300.jpeg 169w, https:\/\/cooltivarte.com\/portal\/wp-content\/uploads\/2026\/03\/horarios-COSQUIN-ROCK-2026-768x1365.jpeg 768w, https:\/\/cooltivarte.com\/portal\/wp-content\/uploads\/2026\/03\/horarios-COSQUIN-ROCK-2026-864x1536.jpeg 864w, https:\/\/cooltivarte.com\/portal\/wp-content\/uploads\/2026\/03\/horarios-COSQUIN-ROCK-2026.jpeg 1080w\" sizes=\"(max-width: 576px) 100vw, 576px\" \/><\/p>\n<p>&nbsp;<\/p>\n<h1>&nbsp;<\/h1>\n<h1><strong>COSQU\u00cdN ROCK URUGUAY<\/strong><br \/>\n<strong>NOVEDADES<\/strong><\/h1>\n<p><strong>COMIENZA LA CUENTA REGRESIVA PARA LA SEXTA EDICI\u00d3N DEL FESTIVAL M\u00c1S GRANDE DE LATINOAM\u00c9RICA, Y TE CONTAMOS ALGUNAS NOVEDADES.<\/strong><\/p>\n<p><strong>SI VIAJAS DESDE EL INTERIOR DEL PA\u00cdS:<\/strong><br \/>\nCont\u00e1s con traslados desde la Terminal de Omnibus de Tres Cruces hasta el predio de Punta carretas. Los traslados salen a las 17 horas y requieren de inscripci\u00f3n previa enviando un correo a informes@trescruces.com.uy<\/p>\n<h3><strong>OBJETOS CON LOS QUE PODR\u00c1S O NO PODR\u00c1S INGRESAR:<\/strong><\/h3>\n<p><strong>SE PODR\u00c1 INGRESAR CON:<\/strong><br \/>\nTermo y mate, Botella transparente, Cigarros, Go Pro, Cargador, Lentes de sol, Lona, Mochilas y bolsos, Pilot, Ri\u00f1onera, Medicamentos, Protector Solar, Celular, Coches de beb\u00e9.<\/p>\n<p>&nbsp;<\/p>\n<p><strong>NO SE PODR\u00c1 INGRESAR CON:<\/strong><br \/>\nObjetos de vidrio, Bandera con palo, Carpas, Elementos Punzantes, Sillas Plegables, Conservadoras, Fuegos artificiales, Selfie Stick, Paraguas, Drones.<\/p>\n<p>&nbsp;<\/p>\n<p><strong>PARA TODOS LOS GUSTOS<\/strong><\/p>\n<p>Dentro del predio podr\u00e1s encontar varias zonas con ofertas gastron\u00f3micas, con un amplio abanico de propuestas que incluyen comida vegetariana, vegana, sin gluten y opciones dulces.<\/p>\n<p>\u00a1\u00a1 Alimentarse no ser\u00e1 un problema.!!<\/p>\n<p>&nbsp;<\/p>\n<p>&nbsp;<\/p>\n<blockquote class=\"tiktok-embed\" style=\"max-width: 605px; min-width: 325px;\" cite=\"https:\/\/www.tiktok.com\/@cooltivarte\/video\/7616869001255210256\" data-video-id=\"7616869001255210256\">\n<section><a title=\"@cooltivarte\" href=\"https:\/\/www.tiktok.com\/@cooltivarte?refer=embed\" target=\"_blank\" rel=\"noopener\">@cooltivarte<\/a>COSQU\u00cdN ROCK URUGUAY 2026 21 de marzo en la Rambla de Punta Carretas. GRILLA Y CONFIRMA UNA EDICI\u00d3N HIST\u00d3RICA COSQU\u00cdN ROCK URUGUAY NOVEDADES COMIENZA LA CUENTA REGRESIVA PARA LA SEXTA EDICI\u00d3N DEL FESTIVAL M\u00c1S GRANDE DE LATINOAM\u00c9RICA, Y TE CONTAMOS ALGUNAS NOVEDADES. SI VIAJAS DESDE EL INTERIOR DEL PA\u00cdS: Cont\u00e1s con traslados desde la Terminal de Omnibus de Tres Cruces hasta el predio de Punta carretas. Los traslados salen a las 17 horas y requieren de inscripci\u00f3n previa enviando un correo a informes@trescruces.com.uy OBJETOS CON LOS QUE PODR\u00c1S O NO PODR\u00c1S INGRESAR: SE PODR\u00c1 INGRESAR CON: Termo y mate, Botella transparente, Cigarros, Go Pro, Cargador, Lentes de sol, Lona, Mochilas y bolsos, Pilot, Ri\u00f1onera, Medicamentos, Protector Solar, Celular, Coches de beb\u00e9. NO SE PODR\u00c1 INGRESAR CON: Objetos de vidrio, Bandera con palo, Carpas, Elementos Punzantes, Sillas Plegables, Conservadoras, Fuegos artificiales, Selfie Stick, Paraguas, Drones. PARA TODOS LOS GUSTOS Dentro del predio podr\u00e1s encontar varias zonas con ofertas gastron\u00f3micas, con un amplio abanico de propuestas que incluyen comida vegetariana, vegana, sin gluten y opciones dulces. \u00a1\u00a1 Alimentarse no ser\u00e1 un problema.!! #PuntaCarretas #musica #cosquinrock ##cosquinrockuruguay #uruguay<a title=\"\u266c sonido original - cooltivarte\" href=\"https:\/\/www.tiktok.com\/music\/sonido-original-cooltivarte-7616869388819368722?refer=embed\" target=\"_blank\" rel=\"noopener\">\u266c sonido original &#8211; cooltivarte<\/a><\/section>\n<\/blockquote>\n<p><script async=\"\" src=\"https:\/\/www.tiktok.com\/embed.js\"><\/script><\/p>\n<p>&nbsp;<\/p>\n<h3><strong>Qui\u00e9n toca en <a href=\"https:\/\/cooltivarte.com\/portal\/?s=Cosqu%C3%ADn+Rock+Uruguay\" target=\"_blank\" rel=\"noopener\">Cosqu\u00edn Rock Uruguay<\/a>?<\/strong><\/h3>\n<p>&nbsp;<\/p>\n<div>\n<p><img loading=\"lazy\" decoding=\"async\" class=\"aligncenter wp-image-122543 size-full\" title=\"LA VELA PUERCA SE SUMA AL POGO M\u00c1S GRANDE DE EL PA\u00cdS\" src=\"https:\/\/cooltivarte.com\/portal\/wp-content\/uploads\/2026\/01\/LA-VELA-PUERCA-SE-SUMA-AL-POGO-MAS-GRANDE-DE-EL-PAIS.jpg\" alt=\"LA VELA PUERCA SE SUMA AL POGO M\u00c1S GRANDE DE EL PA\u00cdS\" width=\"816\" height=\"818\" srcset=\"https:\/\/cooltivarte.com\/portal\/wp-content\/uploads\/2026\/01\/LA-VELA-PUERCA-SE-SUMA-AL-POGO-MAS-GRANDE-DE-EL-PAIS.jpg 816w, https:\/\/cooltivarte.com\/portal\/wp-content\/uploads\/2026\/01\/LA-VELA-PUERCA-SE-SUMA-AL-POGO-MAS-GRANDE-DE-EL-PAIS-300x300.jpg 300w, https:\/\/cooltivarte.com\/portal\/wp-content\/uploads\/2026\/01\/LA-VELA-PUERCA-SE-SUMA-AL-POGO-MAS-GRANDE-DE-EL-PAIS-150x150.jpg 150w, https:\/\/cooltivarte.com\/portal\/wp-content\/uploads\/2026\/01\/LA-VELA-PUERCA-SE-SUMA-AL-POGO-MAS-GRANDE-DE-EL-PAIS-768x770.jpg 768w, https:\/\/cooltivarte.com\/portal\/wp-content\/uploads\/2026\/01\/LA-VELA-PUERCA-SE-SUMA-AL-POGO-MAS-GRANDE-DE-EL-PAIS-120x120.jpg 120w\" sizes=\"(max-width: 816px) 100vw, 816px\" \/><\/p>\n<h3>&nbsp;<\/h3>\n<h3 id=\"m_-7168981128239678003isPasted\" class=\"m_-7168981128239678003default-heading3\"><strong>LA VELA PUERCA <\/strong><strong>SE SUMA AL POGO <\/strong><strong>M\u00c1S GRANDE DE EL PA\u00cdS<\/strong><\/h3>\n<h3 id=\"m_-7168981128239678003isPasted\" class=\"m_-7168981128239678003default-heading3\">COSQU\u00cdN ROCK URUGUAY 2026 PRESENTA<\/h3>\n<\/div>\n<h3><strong>GRILLA DE ARTISTAS QUE TOCAN EN COSQU\u00cdN ROCK URUGUAY 2026<\/strong><\/h3>\n<p><strong><a href=\"https:\/\/cooltivarte.com\/portal\/?s=La+Vela+Puerca\" target=\"_blank\" rel=\"noopener\">La Vela Puerca<\/a>, <a href=\"https:\/\/cooltivarte.com\/portal\/?s=Abuela+Coca\" target=\"_blank\" rel=\"noopener\">Abuela Coca<\/a>, <a href=\"https:\/\/cooltivarte.com\/portal\/?s=Agarrate+Catalina\" target=\"_blank\" rel=\"noopener\">Agarrate Catalina<\/a>, <a href=\"https:\/\/cooltivarte.com\/portal\/?s=Camila+Ferrari\" target=\"_blank\" rel=\"noopener\">Camila Ferrari<\/a>, <a href=\"https:\/\/cooltivarte.com\/portal\/?s=Camionero\" target=\"_blank\" rel=\"noopener\">Camionero<\/a>, <a href=\"https:\/\/cooltivarte.com\/portal\/?s=Ciro+y+Los+Persas\" target=\"_blank\" rel=\"noopener\">Ciro y Los Persas<\/a>, <a href=\"https:\/\/cooltivarte.com\/portal\/?s=Cuatro+Pesos+de+Propina\" target=\"_blank\" rel=\"noopener\">Cuatro Pesos de Propina<\/a>, <a href=\"https:\/\/cooltivarte.com\/portal\/?s=DJ+Sanata\" target=\"_blank\" rel=\"noopener\">DJ Sanata<\/a>, <a href=\"https:\/\/cooltivarte.com\/portal\/?s=Divididos\" target=\"_blank\" rel=\"noopener\">Divididos<\/a>, <a href=\"https:\/\/cooltivarte.com\/portal\/?s=El+Kuelgue\" target=\"_blank\" rel=\"noopener\">El Kuelgue<\/a>, <a href=\"https:\/\/cooltivarte.com\/portal\/?s=El+Plan+de+la+Mariposa\" target=\"_blank\" rel=\"noopener\">El Plan de la Mariposa<\/a>, <a href=\"https:\/\/cooltivarte.com\/portal\/?s=Flor+Sakeo\" target=\"_blank\" rel=\"noopener\">Flor Sakeo<\/a>, <a href=\"https:\/\/cooltivarte.com\/portal\/?s=Florencia+N%C3%BA%C3%B1ez\" target=\"_blank\" rel=\"noopener\">Florencia N\u00fa\u00f1ez<\/a>, <a href=\"https:\/\/cooltivarte.com\/portal\/?s=Illya+Kuryaki+and+the+Valderramas\" target=\"_blank\" rel=\"noopener\">Illya Kuryaki and the Valderramas<\/a>, <a href=\"https:\/\/cooltivarte.com\/portal\/?s=Julieta+Rada\" target=\"_blank\" rel=\"noopener\">Julieta Rada<\/a>, <a href=\"https:\/\/cooltivarte.com\/portal\/?s=Kapanga\" target=\"_blank\" rel=\"noopener\">Kapanga<\/a>, <a href=\"https:\/\/cooltivarte.com\/portal\/?s=Koino+Yokan\" target=\"_blank\" rel=\"noopener\">Koino Yokan<\/a>, <a href=\"https:\/\/cooltivarte.com\/portal\/?s=La+Santa\" target=\"_blank\" rel=\"noopener\">La Santa<\/a>, <a href=\"https:\/\/cooltivarte.com\/portal\/?s=Louta\" target=\"_blank\" rel=\"noopener\">Louta<\/a>, <a href=\"https:\/\/cooltivarte.com\/portal\/?s=Malapraxxis\" target=\"_blank\" rel=\"noopener\">Malapraxxis<\/a>, <a href=\"https:\/\/cooltivarte.com\/portal\/?s=Manu+Mart%C3%ADnez\" target=\"_blank\" rel=\"noopener\">Manu Mart\u00ednez<\/a>, <a href=\"https:\/\/cooltivarte.com\/portal\/?s=Miel\" target=\"_blank\" rel=\"noopener\">Miel<\/a>, <a href=\"https:\/\/cooltivarte.com\/portal\/?s=Milongas+Extremas\" target=\"_blank\" rel=\"noopener\">Milongas Extremas<\/a>, <a href=\"https:\/\/cooltivarte.com\/portal\/?s=Rueda+de+Candombe\" target=\"_blank\" rel=\"noopener\">Rueda de Candombe<\/a>, <a href=\"https:\/\/cooltivarte.com\/portal\/?s=Samba+do+Marcio\" target=\"_blank\" rel=\"noopener\">Samba do Marcio<\/a>, <a href=\"https:\/\/cooltivarte.com\/portal\/?s=Silvestre+y+La+Naranja\" target=\"_blank\" rel=\"noopener\">Silvestre y La Naranja<\/a>, <a href=\"https:\/\/cooltivarte.com\/portal\/?s=Nacho+Algorta\" target=\"_blank\" rel=\"noopener\">Nacho Algorta<\/a> y <a href=\"https:\/\/cooltivarte.com\/portal\/?s=La+Susi\" target=\"_blank\" rel=\"noopener\">La Susi<\/a>, <a href=\"https:\/\/cooltivarte.com\/portal\/?s=Trotsky+Vengar%C3%A1n\" target=\"_blank\" rel=\"noopener\">Trotsky Vengar\u00e1n<\/a>, <a href=\"https:\/\/cooltivarte.com\/portal\/?s=Tussiwarriors\" target=\"_blank\" rel=\"noopener\">Tussiwarriors<\/a>, <a href=\"https:\/\/cooltivarte.com\/portal\/?s=Wos\" target=\"_blank\" rel=\"noopener\">Wos<\/a>, <a href=\"https:\/\/cooltivarte.com\/portal\/?s=YSY+A\" target=\"_blank\" rel=\"noopener\">YSY A<\/a><\/strong><\/p>\n<p>&nbsp;<\/p>\n<p>Las entradas a la venta por <a href=\"https:\/\/redtickets.uy\/evento\/Cosquin-Rock-2026\/26154\/\" target=\"_blank\" rel=\"noopener\">RedTickets<\/a><\/p>\n<p>&nbsp;<\/p>\n<p><strong>LA RAMBLA<\/strong><\/p>\n<p>La rambla de Montevideo ofrece un entorno amplio y c\u00f3modo, ideal para recibir a una concurrencia mucho mayor sin perder el clima de cercan\u00eda que caracteriza al festival.<\/p>\n<p>Un punto estrat\u00e9gico y de f\u00e1cil acceso para quienes viajan desde el interior del pa\u00eds, un marco natural en plena ciudad, frente al R\u00edo de la Plata, con un dise\u00f1o innovador y un \u00fanico objetivo: disfrutar desde temprano de una jornada llena de m\u00fasica.<\/p>\n<p>El Cosqu\u00edn Rock vuelve m\u00e1s grande, m\u00e1s libre y en un entorno espectacular.<\/p>\n<p>\u00bfListos para vivirlo?<\/p>\n<p>&nbsp;<\/p>\n<p id=\"m_-7168981128239678003isPasted\"><strong>22 de marzo de 2026 \u00b7 Rambla de Punta Carretas \u00b7 Montevideo<\/strong><\/p>\n<p>Cosqu\u00edn Rock Uruguay vuelve y la manija ya est\u00e1 oficialmente en marcha. El festival m\u00e1s grande de Latinoam\u00e9rica confirma su <strong>sexta edici\u00f3n en Uruguay<\/strong> y anuncia la <strong>grilla completa de artistas<\/strong> que formar\u00e1n parte de una <strong>jornada \u00fanica<\/strong> el <strong>s\u00e1bado 22 de marzo de 2026<\/strong>, en un nuevo y emblem\u00e1tico escenario: la <strong>Rambla de Punta Carretas<\/strong>.<\/p>\n<p>A la potente programaci\u00f3n ya anunciada, se suma una confirmaci\u00f3n muy esperada: <strong>La Vela Puerca ser\u00e1 la banda sorpresa de Cosqu\u00edn Rock Uruguay 2026<\/strong>, marcando uno de los hitos m\u00e1s celebrados del rock uruguayo al festival y consolidando una edici\u00f3n que promete ser hist\u00f3rica.<\/p>\n<p>Adem\u00e1s, <strong>el regreso de La Vela Puerca a la Rambla de Montevideo<\/strong> se da en un escenario especial para la banda: tras festejar <strong>su gira de celebraci\u00f3n por los 30 a\u00f1os con un show hist\u00f3rico ante m\u00e1s de 40.000 personas<\/strong>, fortalecen a\u00fan m\u00e1s su v\u00ednculo con el p\u00fablico uruguayo y regional.<\/p>\n<p>La Vela Puerca ha sido <strong>una de las bandas m\u00e1s recurrentes en la historia del Cosqu\u00edn Rock<\/strong>. En <em>Cosqu\u00edn Rock Uruguay<\/em> se presentaron en <strong>2019, 2023, 2024 y 2025<\/strong>, siendo figuras destacadas en el festival uruguayo que ha consolidado la presencia de referentes del rock rioplatense.<\/p>\n<p>En el <em>Cosqu\u00edn Rock C\u00f3rdoba<\/em> (Argentina), La Vela Puerca ha actuado en <strong>varias ediciones hist\u00f3ricas del festival<\/strong>, siendo uno de los pocos grupos uruguayos con presencia continua en el evento argentino desde hace a\u00f1os. De hecho, ha sido reportado que la banda ha participado en <strong>m\u00e1s de 20 ediciones del Cosqu\u00edn Rock en C\u00f3rdoba<\/strong>, consolid\u00e1ndose como uno de los artistas m\u00e1s habituales y queridos del encuentro cordob\u00e9s.<\/p>\n<p>Estas m\u00faltiples apariciones en los principales escenarios del rock rioplatense destacan a La Vela Puerca no s\u00f3lo como un pilar del movimiento musical uruguayo, sino como un <strong>v\u00ednculo hist\u00f3rico y constante entre las audiencias de Uruguay y Argentina<\/strong>.<\/p>\n<h3>&nbsp;<\/h3>\n<blockquote class=\"tiktok-embed\" style=\"max-width: 605px; min-width: 325px;\" cite=\"https:\/\/www.tiktok.com\/@cooltivarte\/video\/7615002896534342932\" data-video-id=\"7615002896534342932\">\n<section><a title=\"@cooltivarte\" href=\"https:\/\/www.tiktok.com\/@cooltivarte?refer=embed\" target=\"_blank\" rel=\"noopener\">@cooltivarte<\/a> Conferencia de prensa <a title=\"cosquinrock\" href=\"https:\/\/www.tiktok.com\/tag\/cosquinrock?refer=embed\" target=\"_blank\" rel=\"noopener\">#cosquinrock<\/a> <a title=\"cosquinrock2026\" href=\"https:\/\/www.tiktok.com\/tag\/cosquinrock2026?refer=embed\" target=\"_blank\" rel=\"noopener\">#cosquinrock2026<\/a> <a title=\"uruguay\" href=\"https:\/\/www.tiktok.com\/tag\/uruguay?refer=embed\" target=\"_blank\" rel=\"noopener\">#uruguay<\/a> <a title=\"musica\" href=\"https:\/\/www.tiktok.com\/tag\/musica?refer=embed\" target=\"_blank\" rel=\"noopener\">#musica<\/a> <a title=\"\u266c Llenos de Magia - La Vela Puerca\" href=\"https:\/\/www.tiktok.com\/music\/Llenos-de-Magia-6735752431226865666?refer=embed\" target=\"_blank\" rel=\"noopener\">\u266c Llenos de Magia &#8211; La Vela Puerca<\/a><\/section>\n<\/blockquote>\n<p><script async=\"\" src=\"https:\/\/www.tiktok.com\/embed.js\"><\/script><\/p>\n<p>&nbsp;<\/p>\n<h3 class=\"m_-7168981128239678003default-heading3\"><strong>La Rambla: un escenario natural \u00fanico<\/strong><\/h3>\n<p>Por primera vez, <strong>la Rambla de Montevideo<\/strong> se convierte en el hogar del Cosqu\u00edn Rock Uruguay. Un entorno natural en plena ciudad, amplio, c\u00f3modo y de f\u00e1cil acceso, pensado para recibir a una mayor concurrencia sin perder el clima de cercan\u00eda que distingue al festival.<\/p>\n<p>La elecci\u00f3n de marzo permitir\u00e1 disfrutar de un clima templado, ideal ara vivir desde temprano una experiencia completa al aire libre.<\/p>\n<div align=\"center\">&nbsp;<\/div>\n<h3 class=\"m_-7168981128239678003default-heading3\"><strong>Una nueva experiencia Cosqu\u00edn Rock<\/strong><\/h3>\n<p>La edici\u00f3n 2026 propone una experiencia renovada con:<\/p>\n<p><strong>4 escenarios redise\u00f1ados<br \/>\n<\/strong><\/p>\n<p>Activaciones de marcas<\/p>\n<p>Espacios gastron\u00f3micos variados<\/p>\n<p>Zonas de descanso<\/p>\n<p>Propuestas interactivas y sorpresas a lo largo del d\u00eda<strong><br \/>\n&nbsp;<\/strong><\/p>\n<p><strong>Todo en un formato de un solo d\u00eda, concentrando la intensidad, la energ\u00eda y el esp\u00edritu del Cosqu\u00edn en una jornada inolvidable.<\/strong><\/p>\n<h3 id=\"m_-7168981128239678003isPasted\" class=\"m_-7168981128239678003default-heading3\"><strong>Entradas<\/strong><\/h3>\n<p>Las <strong>entradas generales ya se encuentran a la venta a trav\u00e9s de <a href=\"https:\/\/redtickets.uy\/evento\/Cosquin-Rock-2026\/26154\/\" target=\"_blank\" rel=\"noopener\">RedTickets<\/a><\/strong>, en formato de tandas.<\/p>\n<p>Tambi\u00e9n est\u00e1n disponibles accesos al <strong>sector VIP<\/strong>, que incluye beneficios exclusivos como: accesos preferenciales, degustaci\u00f3n de comidas y bebidas, zonas de descanso, estacionamiento, regalos y m\u00e1s.<\/p>\n<div>\n<h3 id=\"m_-7168981128239678003isPasted\" class=\"m_-7168981128239678003default-heading3\"><strong>Venta para Argentina<\/strong><\/h3>\n<p>Ahora el p\u00fablico argentino tambi\u00e9n puede ser parte del pogo m\u00e1s grande de la vecina orilla, con la venta de <strong>entradas para Cosqu\u00edn Rock Uruguay 2026. Las entradas pueden adquirirse a trav\u00e9s de la plataforma de venta oficial de Argentina, <em>Ed\u00e9n Entradas<\/em><\/strong>, la misma ticketera que comercializa grandes festivales en ese pa\u00eds. Las mismas tienen verificaci\u00f3n de compra. A partir de 72 hs previas al festival ser\u00e1n enviadas v\u00eda email los tickets para el ingreso desde la plataforma RedTickets.uy.<\/p>\n<p><a class=\"m_-7168981128239678003r20-r m_-7168981128239678003default-button\" href=\"https:\/\/www.edenentradas.ar\/event\/cosquin-rock-uruguay-2026-wh\" target=\"_blank\" rel=\"noopener\" data-saferedirecturl=\"https:\/\/www.google.com\/url?q=https:\/\/gj9i8.r.bh.d.sendibt3.com\/mk\/cl\/f\/sh\/WCPzyXJiYxIVeOLu0BuVu8VuV2PDy0pF\/8_W8VG7gheBZ&amp;source=gmail&amp;ust=1770304268226000&amp;usg=AOvVaw0SiCygL-9VTnmNXe9n6K4d\"><strong>ENTRADAS EN VENTA&nbsp; DESDE ARGENTINA<\/strong><\/a><\/p>\n<\/div>\n<p>&nbsp;<\/p>\n<p>&nbsp;<\/p>\n<p>&nbsp;<\/p>\n<p>&nbsp;<\/p>\n<p>&nbsp;<\/p>\n<p>&nbsp;<\/p>\n<p>&nbsp;<\/p>\n<p>&nbsp;<br \/>\n<script async=\"\" src=\"https:\/\/pagead2.googlesyndication.com\/pagead\/js\/adsbygoogle.js?client=ca-pub-1258162831753121\" crossorigin=\"anonymous\"><\/script><br \/>\n<ins class=\"adsbygoogle\" style=\"display: block; text-align: center;\" data-ad-layout=\"in-article\" data-ad-format=\"fluid\" data-ad-client=\"ca-pub-1258162831753121\" data-ad-slot=\"9254952921\"><\/ins><br \/>\n<script>\n     (adsbygoogle = window.adsbygoogle || []).push({});\n<\/script><br \/>\n&nbsp;<\/p>\n<p>&nbsp;<\/p>\n<p>&nbsp;<\/p>\n<p>&nbsp;<\/p>\n<p>&nbsp;<\/p>\n","protected":false},"excerpt":{"rendered":"<p>COSQU\u00cdN ROCK SE REPROGRAMA AL DOMINGO 22 DE MARZO<\/p>\n<p>Cosqu\u00edn Rock Uruguay es pura manija y experiencia por eso queremos garantizar el cuidado y la experiencia para que la sexta edici\u00f3n sea puro disfrute.<\/p>\n<p>Debido a los pron\u00f3sticos clim\u00e1ticos de p\u00fablico conocimiento y tras un seguimiento y an\u00e1lisis exhaustivo con especialistas en la materia, y con la intenci\u00f3n de garantizar la seguridad y una experiencia positiva para nuestro p\u00fablico, el festival Cosqu\u00edn Rock Uruguay se reprograma para el domingo 22 de marzo.<\/p>\n<p>Agradecemos el apoyo de los artistas que, frente a esta situaci\u00f3n y con el compromiso que los caracteriza con su p\u00fablico, estar\u00e1n presentes en esta sexta edici\u00f3n.<\/p>\n<p>Las entradas mantienen su validez sin necesidad de emisi\u00f3n de un nuevo ticket. Los horarios de apertura de puertas y de las bandas se comunicar\u00e1n pr\u00f3ximamente en las redes oficiales del festival.<\/p>\n<p>Mismo pogo, mismo lugar, \u00a1mejor experiencia!<\/p>\n","protected":false},"author":8,"featured_media":124046,"comment_status":"closed","ping_status":"closed","sticky":false,"template":"","format":"standard","meta":{"om_disable_all_campaigns":false,"ngg_post_thumbnail":0,"jnews-multi-image_gallery":[],"jnews_single_post":{"format":"standard","override":[{"template":"4","parallax":"1","layout":"right-sidebar","sidebar":"default-sidebar","second_sidebar":"default-sidebar","sticky_sidebar":"1","share_position":"bottom","share_float_style":"share-monocrhome","show_share_counter":"1","show_view_counter":"1","show_featured":"1","show_post_meta":"1","show_post_author":"1","show_post_author_image":"1","show_post_date":"1","post_date_format":"default","post_date_format_custom":"Y\/m\/d","show_post_category":"1","post_reading_time_wpm":"300","post_calculate_word_method":"str_word_count","zoom_button_out_step":"2","zoom_button_in_step":"3","show_post_tag":"1","show_prev_next_post":"1","show_popup_post":"1","show_comment_section":"1","number_popup_post":"1","show_author_box":"1","show_post_related":"0","show_inline_post_related":"0"}],"image_override":[{"single_post_thumbnail_size":"no-crop","single_post_gallery_size":"crop-500"}],"trending_post_position":"meta","trending_post_label":"Trending","sponsored_post_label":"Sponsored by","disable_ad":"0","subtitle":"Rambla de Punta Carretas. GRILLA Y CONFIRMA UNA EDICI\u00d3N HIST\u00d3RICA"},"jnews_primary_category":[],"jnews_social_meta":[],"jnews_override_counter":{"view_counter_number":"0","share_counter_number":"0","like_counter_number":"0","dislike_counter_number":"0"},"footnotes":""},"categories":[3394],"tags":[25030,25217,25983,25031],"class_list":["post-120133","post","type-post","status-publish","format-standard","has-post-thumbnail","hentry","category-eventos","tag-cosquin-rock-uruguay-2026","tag-grilla-2026","tag-horarios-cosquin-rock-2026","tag-la-rambla"],"yoast_head":"<!-- This site is optimized with the Yoast SEO plugin v27.5 - https:\/\/yoast.com\/product\/yoast-seo-wordpress\/ -->\n<title>COSQU\u00cdN ROCK SE REPROGRAMA AL DOMINGO 22 DE MARZO - Cooltivarte Portal<\/title>\n<meta name=\"description\" content=\"Esta sexta edici\u00f3n del Cosqu\u00edn Rock Uruguay se vivir\u00e1 en un formato nuevo, de un solo d\u00eda, concentrando toda la energ\u00eda y la diversidad musical que caracterizan al encuentro en una jornada \u00fanica, intensa y llena de sorpresas.\" \/>\n<meta name=\"robots\" content=\"index, follow, max-snippet:-1, max-image-preview:large, max-video-preview:-1\" \/>\n<link rel=\"canonical\" href=\"https:\/\/cooltivarte.com\/portal\/cosquin-rock-uruguay-2026\/\" \/>\n<meta property=\"og:locale\" content=\"es_ES\" \/>\n<meta property=\"og:type\" content=\"article\" \/>\n<meta property=\"og:title\" content=\"COSQU\u00cdN ROCK SE REPROGRAMA AL DOMINGO 22 DE MARZO - Rambla de Punta Carretas.\" \/>\n<meta property=\"og:description\" content=\"Esta sexta edici\u00f3n del Cosqu\u00edn Rock Uruguay se vivir\u00e1 en un formato nuevo, de un solo d\u00eda, concentrando toda la energ\u00eda y la diversidad musical que caracterizan al encuentro en una jornada \u00fanica, intensa y llena de sorpresas.\" \/>\n<meta property=\"og:url\" content=\"https:\/\/cooltivarte.com\/portal\/cosquin-rock-uruguay-2026\/\" \/>\n<meta property=\"og:site_name\" content=\"Cooltivarte Portal\" \/>\n<meta property=\"article:publisher\" content=\"https:\/\/www.facebook.com\/cooltivartecom\/\" \/>\n<meta property=\"article:author\" content=\"https:\/\/www.facebook.com\/cooltivartecom\" \/>\n<meta property=\"article:published_time\" content=\"2026-03-20T14:53:37+00:00\" \/>\n<meta property=\"article:modified_time\" content=\"2026-03-20T15:42:21+00:00\" \/>\n<meta property=\"og:image\" content=\"https:\/\/cooltivarte.com\/portal\/wp-content\/uploads\/2026\/03\/COSQUIN-ROCK-URUGUAY.jpeg\" \/>\n\t<meta property=\"og:image:width\" content=\"856\" \/>\n\t<meta property=\"og:image:height\" content=\"1075\" \/>\n\t<meta property=\"og:image:type\" content=\"image\/jpeg\" \/>\n<meta name=\"author\" content=\"Cooltivarte\" \/>\n<meta name=\"twitter:card\" content=\"summary_large_image\" \/>\n<meta name=\"twitter:title\" content=\"COSQU\u00cdN ROCK SE REPROGRAMA AL DOMINGO 22 DE MARZO - Rambla de Punta Carretas.\" \/>\n<meta name=\"twitter:description\" content=\"Esta sexta edici\u00f3n del Cosqu\u00edn Rock Uruguay se vivir\u00e1 en un formato nuevo, de un solo d\u00eda, concentrando toda la energ\u00eda y la diversidad musical que caracterizan al encuentro en una jornada \u00fanica, intensa y llena de sorpresas.\" \/>\n<meta name=\"twitter:image\" content=\"https:\/\/cooltivarte.com\/portal\/wp-content\/uploads\/2026\/03\/COSQUIN-ROCK-URUGUAY.jpeg\" \/>\n<meta name=\"twitter:creator\" content=\"@https:\/\/x.com\/obolocultural\" \/>\n<meta name=\"twitter:site\" content=\"@obolocultural\" \/>\n<meta name=\"twitter:label1\" content=\"Escrito por\" \/>\n\t<meta name=\"twitter:data1\" content=\"Cooltivarte\" \/>\n\t<meta name=\"twitter:label2\" content=\"Tiempo de lectura\" \/>\n\t<meta name=\"twitter:data2\" content=\"7 minutos\" \/>\n<!-- \/ Yoast SEO plugin. -->","yoast_head_json":{"title":"COSQU\u00cdN ROCK SE REPROGRAMA AL DOMINGO 22 DE MARZO - Cooltivarte Portal","description":"Esta sexta edici\u00f3n del Cosqu\u00edn Rock Uruguay se vivir\u00e1 en un formato nuevo, de un solo d\u00eda, concentrando toda la energ\u00eda y la diversidad musical que caracterizan al encuentro en una jornada \u00fanica, intensa y llena de sorpresas.","robots":{"index":"index","follow":"follow","max-snippet":"max-snippet:-1","max-image-preview":"max-image-preview:large","max-video-preview":"max-video-preview:-1"},"canonical":"https:\/\/cooltivarte.com\/portal\/cosquin-rock-uruguay-2026\/","og_locale":"es_ES","og_type":"article","og_title":"COSQU\u00cdN ROCK SE REPROGRAMA AL DOMINGO 22 DE MARZO - Rambla de Punta Carretas.","og_description":"Esta sexta edici\u00f3n del Cosqu\u00edn Rock Uruguay se vivir\u00e1 en un formato nuevo, de un solo d\u00eda, concentrando toda la energ\u00eda y la diversidad musical que caracterizan al encuentro en una jornada \u00fanica, intensa y llena de sorpresas.","og_url":"https:\/\/cooltivarte.com\/portal\/cosquin-rock-uruguay-2026\/","og_site_name":"Cooltivarte Portal","article_publisher":"https:\/\/www.facebook.com\/cooltivartecom\/","article_author":"https:\/\/www.facebook.com\/cooltivartecom","article_published_time":"2026-03-20T14:53:37+00:00","article_modified_time":"2026-03-20T15:42:21+00:00","og_image":[{"width":856,"height":1075,"url":"https:\/\/cooltivarte.com\/portal\/wp-content\/uploads\/2026\/03\/COSQUIN-ROCK-URUGUAY.jpeg","type":"image\/jpeg"}],"author":"Cooltivarte","twitter_card":"summary_large_image","twitter_title":"COSQU\u00cdN ROCK SE REPROGRAMA AL DOMINGO 22 DE MARZO - Rambla de Punta Carretas.","twitter_description":"Esta sexta edici\u00f3n del Cosqu\u00edn Rock Uruguay se vivir\u00e1 en un formato nuevo, de un solo d\u00eda, concentrando toda la energ\u00eda y la diversidad musical que caracterizan al encuentro en una jornada \u00fanica, intensa y llena de sorpresas.","twitter_image":"https:\/\/cooltivarte.com\/portal\/wp-content\/uploads\/2026\/03\/COSQUIN-ROCK-URUGUAY.jpeg","twitter_creator":"@https:\/\/x.com\/obolocultural","twitter_site":"@obolocultural","twitter_misc":{"Escrito por":"Cooltivarte","Tiempo de lectura":"7 minutos"},"schema":{"@context":"https:\/\/schema.org","@graph":[{"@type":"NewsArticle","@id":"https:\/\/cooltivarte.com\/portal\/cosquin-rock-uruguay-2026\/#article","isPartOf":{"@id":"https:\/\/cooltivarte.com\/portal\/cosquin-rock-uruguay-2026\/"},"author":{"name":"Cooltivarte","@id":"https:\/\/cooltivarte.com\/portal\/#\/schema\/person\/ec2a4f4e71b740d0c559c0ab9a157e19"},"headline":"COSQU\u00cdN ROCK SE REPROGRAMA AL DOMINGO 22 DE MARZO","datePublished":"2026-03-20T14:53:37+00:00","dateModified":"2026-03-20T15:42:21+00:00","mainEntityOfPage":{"@id":"https:\/\/cooltivarte.com\/portal\/cosquin-rock-uruguay-2026\/"},"wordCount":1508,"publisher":{"@id":"https:\/\/cooltivarte.com\/portal\/#organization"},"image":{"@id":"https:\/\/cooltivarte.com\/portal\/cosquin-rock-uruguay-2026\/#primaryimage"},"thumbnailUrl":"https:\/\/cooltivarte.com\/portal\/wp-content\/uploads\/2026\/03\/COSQUIN-ROCK-URUGUAY.jpeg","keywords":["COSQU\u00cdN ROCK URUGUAY 2026","grilla 2026","horarios COSQU\u00cdN ROCK 2026","LA RAMBLA"],"articleSection":["Eventos"],"inLanguage":"es-AR"},{"@type":"WebPage","@id":"https:\/\/cooltivarte.com\/portal\/cosquin-rock-uruguay-2026\/","url":"https:\/\/cooltivarte.com\/portal\/cosquin-rock-uruguay-2026\/","name":"COSQU\u00cdN ROCK SE REPROGRAMA AL DOMINGO 22 DE MARZO - Cooltivarte Portal","isPartOf":{"@id":"https:\/\/cooltivarte.com\/portal\/#website"},"primaryImageOfPage":{"@id":"https:\/\/cooltivarte.com\/portal\/cosquin-rock-uruguay-2026\/#primaryimage"},"image":{"@id":"https:\/\/cooltivarte.com\/portal\/cosquin-rock-uruguay-2026\/#primaryimage"},"thumbnailUrl":"https:\/\/cooltivarte.com\/portal\/wp-content\/uploads\/2026\/03\/COSQUIN-ROCK-URUGUAY.jpeg","datePublished":"2026-03-20T14:53:37+00:00","dateModified":"2026-03-20T15:42:21+00:00","description":"Esta sexta edici\u00f3n del Cosqu\u00edn Rock Uruguay se vivir\u00e1 en un formato nuevo, de un solo d\u00eda, concentrando toda la energ\u00eda y la diversidad musical que caracterizan al encuentro en una jornada \u00fanica, intensa y llena de sorpresas.","breadcrumb":{"@id":"https:\/\/cooltivarte.com\/portal\/cosquin-rock-uruguay-2026\/#breadcrumb"},"inLanguage":"es-AR","potentialAction":[{"@type":"ReadAction","target":["https:\/\/cooltivarte.com\/portal\/cosquin-rock-uruguay-2026\/"]}]},{"@type":"ImageObject","inLanguage":"es-AR","@id":"https:\/\/cooltivarte.com\/portal\/cosquin-rock-uruguay-2026\/#primaryimage","url":"https:\/\/cooltivarte.com\/portal\/wp-content\/uploads\/2026\/03\/COSQUIN-ROCK-URUGUAY.jpeg","contentUrl":"https:\/\/cooltivarte.com\/portal\/wp-content\/uploads\/2026\/03\/COSQUIN-ROCK-URUGUAY.jpeg","width":856,"height":1075,"caption":"COSQU\u00cdN ROCK SE REPROGRAMA AL DOMINGO 22 DE MARZO"},{"@type":"BreadcrumbList","@id":"https:\/\/cooltivarte.com\/portal\/cosquin-rock-uruguay-2026\/#breadcrumb","itemListElement":[{"@type":"ListItem","position":1,"name":"Portada","item":"https:\/\/cooltivarte.com\/portal\/"},{"@type":"ListItem","position":2,"name":"COSQU\u00cdN ROCK SE REPROGRAMA AL DOMINGO 22 DE MARZO"}]},{"@type":"WebSite","@id":"https:\/\/cooltivarte.com\/portal\/#website","url":"https:\/\/cooltivarte.com\/portal\/","name":"Cooltivarte Portal","description":"Arte, cultura y turismo para el mundo ...","publisher":{"@id":"https:\/\/cooltivarte.com\/portal\/#organization"},"potentialAction":[{"@type":"SearchAction","target":{"@type":"EntryPoint","urlTemplate":"https:\/\/cooltivarte.com\/portal\/?s={search_term_string}"},"query-input":{"@type":"PropertyValueSpecification","valueRequired":true,"valueName":"search_term_string"}}],"inLanguage":"es-AR"},{"@type":"Organization","@id":"https:\/\/cooltivarte.com\/portal\/#organization","name":"cooltivarte","url":"https:\/\/cooltivarte.com\/portal\/","logo":{"@type":"ImageObject","inLanguage":"es-AR","@id":"https:\/\/cooltivarte.com\/portal\/#\/schema\/logo\/image\/","url":"https:\/\/cooltivarte.com\/portal\/wp-content\/uploads\/2020\/04\/logo-cooltivarte-v2.png","contentUrl":"https:\/\/cooltivarte.com\/portal\/wp-content\/uploads\/2020\/04\/logo-cooltivarte-v2.png","width":851,"height":243,"caption":"cooltivarte"},"image":{"@id":"https:\/\/cooltivarte.com\/portal\/#\/schema\/logo\/image\/"},"sameAs":["https:\/\/www.facebook.com\/cooltivartecom\/","https:\/\/x.com\/obolocultural","https:\/\/www.instagram.com\/_cooltivarte_\/","https:\/\/www.linkedin.com\/company\/-bolocultural?reportsuccess=8zaNG1HwhPbAR9iQhZ5rfGeqz_vQFftHun0ZWU0Wy9vNemRJ8vtcKdJvzQfW8XagyOJSKg0XvfJ1dp","https:\/\/www.pinterest.com\/cooltivarte\/","https:\/\/cooltivarte.tumblr.com\/","https:\/\/www.tiktok.com\/@cooltivarte","https:\/\/www.youtube.com\/@PrensaCooltivarte"]},{"@type":"Person","@id":"https:\/\/cooltivarte.com\/portal\/#\/schema\/person\/ec2a4f4e71b740d0c559c0ab9a157e19","name":"Cooltivarte","image":{"@type":"ImageObject","inLanguage":"es-AR","@id":"https:\/\/cooltivarte.com\/portal\/wp-content\/uploads\/2014\/05\/logo-cooltivarte-120x120.jpg","url":"https:\/\/cooltivarte.com\/portal\/wp-content\/uploads\/2014\/05\/logo-cooltivarte-120x120.jpg","contentUrl":"https:\/\/cooltivarte.com\/portal\/wp-content\/uploads\/2014\/05\/logo-cooltivarte-120x120.jpg","caption":"Cooltivarte"},"description":"Somos COOLTIVARTE.COM. Un portal digital dedicado a difundir el acontecer art\u00edstico y cultural del Uruguay. Estamos en la vuelta desde el a\u00f1o 2003, y como evoluci\u00f3n del bolet\u00edn Obolo Cultural, nos encontramos abocados a apoyar a los artistas nacionales brind\u00e1ndoles un espacio de difusi\u00f3n. Creemos en la idea de utilizar la potencialidad que hoy d\u00eda nos otorga la web, para que la cultura uruguaya y sus creadores dispongan de una din\u00e1mica ventana, que los ponga en contacto entre s\u00ed y con el mundo. Somos COOLTIVARTE.COM y pretendemos configurarnos como un portal din\u00e1mico, entretenido y atento a los nuevos emprendimientos, que busque siempre la interacci\u00f3n con los artistas.","sameAs":["http:\/\/www.cooltivarte.com","https:\/\/www.facebook.com\/cooltivartecom","https:\/\/www.instagram.com\/_cooltivarte_\/","https:\/\/www.linkedin.com\/company\/-bolocultural","https:\/\/www.pinterest.com\/cooltivarte\/","https:\/\/x.com\/https:\/\/x.com\/obolocultural","https:\/\/www.youtube.com\/@PrensaCooltivarte","https:\/\/www.tumblr.com\/blog\/cooltivarte"],"url":"https:\/\/cooltivarte.com\/portal\/author\/cooltivarte\/"}]}},"_links":{"self":[{"href":"https:\/\/cooltivarte.com\/portal\/wp-json\/wp\/v2\/posts\/120133","targetHints":{"allow":["GET"]}}],"collection":[{"href":"https:\/\/cooltivarte.com\/portal\/wp-json\/wp\/v2\/posts"}],"about":[{"href":"https:\/\/cooltivarte.com\/portal\/wp-json\/wp\/v2\/types\/post"}],"author":[{"embeddable":true,"href":"https:\/\/cooltivarte.com\/portal\/wp-json\/wp\/v2\/users\/8"}],"replies":[{"embeddable":true,"href":"https:\/\/cooltivarte.com\/portal\/wp-json\/wp\/v2\/comments?post=120133"}],"version-history":[{"count":18,"href":"https:\/\/cooltivarte.com\/portal\/wp-json\/wp\/v2\/posts\/120133\/revisions"}],"predecessor-version":[{"id":124080,"href":"https:\/\/cooltivarte.com\/portal\/wp-json\/wp\/v2\/posts\/120133\/revisions\/124080"}],"wp:featuredmedia":[{"embeddable":true,"href":"https:\/\/cooltivarte.com\/portal\/wp-json\/wp\/v2\/media\/124046"}],"wp:attachment":[{"href":"https:\/\/cooltivarte.com\/portal\/wp-json\/wp\/v2\/media?parent=120133"}],"wp:term":[{"taxonomy":"category","embeddable":true,"href":"https:\/\/cooltivarte.com\/portal\/wp-json\/wp\/v2\/categories?post=120133"},{"taxonomy":"post_tag","embeddable":true,"href":"https:\/\/cooltivarte.com\/portal\/wp-json\/wp\/v2\/tags?post=120133"}],"curies":[{"name":"wp","href":"https:\/\/api.w.org\/{rel}","templated":true}]}}