{"id":120108,"date":"2026-01-26T13:12:05","date_gmt":"2026-01-26T16:12:05","guid":{"rendered":"https:\/\/cooltivarte.com\/portal\/?p=120108"},"modified":"2026-01-26T14:38:07","modified_gmt":"2026-01-26T17:38:07","slug":"medio-y-medio-2026-30-anos","status":"publish","type":"post","link":"https:\/\/cooltivarte.com\/portal\/medio-y-medio-2026-30-anos\/","title":{"rendered":"MEDIO Y MEDIO 2026 &#8211; 30 A\u00d1OS"},"content":{"rendered":"<p><img fetchpriority=\"high\" decoding=\"async\" class=\"aligncenter wp-image-120109 size-large\" title=\"Festival Medio y Medio 2026 - 30 a\u00f1os - \u00a1Con Ustedes, los artistas!\" src=\"https:\/\/cooltivarte.com\/portal\/wp-content\/uploads\/2025\/11\/Festival-Medio-y-Medio-2026-30-anos-1024x576.jpg\" alt=\"Festival Medio y Medio 2026 - 30 a\u00f1os - \u00a1Con Ustedes, los artistas!\" width=\"1024\" height=\"576\" srcset=\"https:\/\/cooltivarte.com\/portal\/wp-content\/uploads\/2025\/11\/Festival-Medio-y-Medio-2026-30-anos-1024x576.jpg 1024w, https:\/\/cooltivarte.com\/portal\/wp-content\/uploads\/2025\/11\/Festival-Medio-y-Medio-2026-30-anos-300x169.jpg 300w, https:\/\/cooltivarte.com\/portal\/wp-content\/uploads\/2025\/11\/Festival-Medio-y-Medio-2026-30-anos-768x432.jpg 768w, https:\/\/cooltivarte.com\/portal\/wp-content\/uploads\/2025\/11\/Festival-Medio-y-Medio-2026-30-anos-1536x864.jpg 1536w, https:\/\/cooltivarte.com\/portal\/wp-content\/uploads\/2025\/11\/Festival-Medio-y-Medio-2026-30-anos.jpg 1920w\" sizes=\"(max-width: 1024px) 100vw, 1024px\" \/><\/p>\n<p>&nbsp;<\/p>\n<p><strong>MEDIO Y MEDIO 2026 \/ 30 A\u00d1OS<\/strong><\/p>\n<p>Desde diciembre de 1995 hasta hoy el camino recorrido tuvo todo tipo de aventuras, estamos cumpliendo 30 a\u00f1os y la mirada retrospectiva nos pone de frente ante la obra. Qu\u00e9 somos y c\u00f3mo nos construimos. En esa reflexi\u00f3n aparece una catarata interminable de nombres propios, inimaginable en aquellos primeros a\u00f1os.<\/p>\n<p>La proyecci\u00f3n ut\u00f3pica, la inercia del trabajo, y la b\u00fasqueda de escaparle a lo rutinario han sido grandes motores de propulsi\u00f3n, y tambi\u00e9n lo han sido el cruce de historias, la propia, la familiar y la del territorio.<\/p>\n<p>Esto nos ha llevado a pensar en la importancia que tiene esa sucesi\u00f3n de personas que han habitado Punta Ballena, y esa perspectiva nos ha dado la foto completa del por qu\u00e9 siempre pensamos \u201cMedio y Medio no podr\u00eda haber nacido en ning\u00fan otro lugar\u201d.<\/p>\n<p>El arte de este 30 aniversario -un collage en manos de la artista argentina Carolina Santantonin-, refleja estas sensaciones, nuestra historia dentro de la historia del espacio. Es por eso que la silueta de Don Antonio Lussich, original propietario y creador de este paradis\u00edaco lugar, contiene dentro nuestra propia historia y la de Punta Ballena.<\/p>\n<p>En definitiva, Punta ballena define indiscutidamente a Medio y medio, tal como Medio y Medio tambi\u00e9n define a Punta Ballena, y esto nos plantea un ejercicio enorme que re\u00fane responsabilidad, celebraci\u00f3n y b\u00fasqueda de calidad.<\/p>\n<p>Esta edici\u00f3n especial aniversario va dedicada a los habitantes de estas tierras, desde mi abuelo Juan y mi abuela Isabel, hasta Antonio Bonet, Margarita Xirgu, Rafael Alberti, Antonio Gasalla, Caros Perciavlle o Julio Bocca, a los m\u00e1s de mil artistas que han pasado por nuestros escenarios; y especialmente a mis padres, Lupa y Graciela, mis compa\u00f1eros en estos 30 a\u00f1os. Vamos a celebrarlo con m\u00e1s de 10 semanas de festival, m\u00e1s 40 noches de conciertos, y m\u00e1s de 60 artistas. \u00a1Sal\u00fa!<\/p>\n<p>&nbsp;<\/p>\n<p><strong>Leandro Quiroga Ferreres \/ Director.<\/strong><\/p>\n<p>&nbsp;<\/p>\n<p><strong>Lleg\u00f3 la hora,&nbsp;\u00a1Con ustedes, los artistas!<\/strong><\/p>\n<p>&nbsp;<\/p>\n<p><strong>LOS AUT\u00c9NTICOS DECADENTES \u00b7 OS PARALAMAS DO SUCESSO \u00b7 CUARTETO DE NOS &#8211; RATONES PARANOICOS \u00b7 RUBEN RADA \u00b7 SKAY BEILINSON \u00b7 LA DELIO VALDEZ &#8211; AGARRATE CATALINA &amp; LE\u00d3N GIECO \u00b7 CONOCIENDO RUSIA \u00b7 CATUPECU MACHU &#8211; EL PLAN DE LA MARIPOSA \u00b7 ZOE GOTUSSO \u00b7 KEVIN JOHANSEN &amp; LINIERS \u00b7 LOUTA &#8211; LA BERISO \u00b7 CRUZANDO EL CHARCO \u00b7 JUANA MOLINA \u00b7 PAULINHO MOSKA \u00b7 LOS CAFRES &#8211; COTI \u00b7 HUGO FATTORUSO &amp; FERNANDO CABRERA \u00b7 SILVIA P\u00c9REZ CRUZ \u00b7 KCHIPORROS CHACHO RAMOS \u00b7 LA ABUELA COCA \u00b7 YAMI SAFDIE \u00b7 MOSQUITO SAMBA DE RODA &#8211; ZORRITO VON \u00b7 FLORIAN \u00b7 JULIETA RADA \u00b7 MAT ALBA \u00b7 MARTTEIN \u00b7 HIPN\u00d3TICA \u00b7 BALTA LA GRECIA \u00b7 LISANDRO SKAR \u00b7 MARI JASCA \u00b7 LEO GANDELMAN \u00b7 EL PURRE &#8211; \u00c1NGELA GONZ\u00c1LEZ \u00b7 FUNKCHULA \u00b7 PAUL HIGGS \u00b7 FIESTA ORUM &#8211; SANDWICH PIANO BAR \u00b7 ADRIAN LACROIX \u00b7 BLA BLA &amp; CIA.<\/strong><\/p>\n<p>&nbsp;<\/p>\n<p><iframe title=\"Spotify Embed: MEDIO Y MEDIO 2026\" style=\"border-radius: 12px\" width=\"100%\" height=\"352\" frameborder=\"0\" allowfullscreen allow=\"autoplay; clipboard-write; encrypted-media; fullscreen; picture-in-picture\" loading=\"lazy\" src=\"https:\/\/open.spotify.com\/embed\/playlist\/2m7XeBLRqfSo1ZEd1KSLZq?si=OlGk7UVYRqOmeDWJel9prA&amp;utm_source=oembed\"><\/iframe><\/p>\n<p>&nbsp;<\/p>\n<h3><strong>GRILLA<\/strong><\/h3>\n<p><strong>DICIEMBRE<\/strong><br \/>\n\u2022 27 \/ HUGO FATTORUSO &amp; FERNANDO CABRERA Abre: Leo Gandelman<br \/>\n\u2022 29 \/ RUBEN RADA<br \/>\n\u2022 31 \/ FIESTA ORUM<\/p>\n<p>&nbsp;<\/p>\n<p><strong>ENERO<\/strong><br \/>\n\u2022 02 \/ COTI Y LOS BRILLANTES \/ Trasnoche: \u201cSandwich Piano Bar\u201d<br \/>\n\u2022 03 \/ LA BERISO<br \/>\n\u2022 04 \/ CRUZANDO EL CHARCO \/ Abre: Lisandro Skar<\/p>\n<p>&nbsp;<\/p>\n<p>\u2022 06 \/ ZORRITO VON \/ Inv. FACU BALTA<br \/>\n\u2022 07 \/ DOCUMENTAL MEDIO Y MEDIO<br \/>\n\u2022 08 \/ KCHIPORROS<br \/>\n\u2022 09 \/ YAMI SAFDIE \/ Abre: El Purre<br \/>\n\u2022 10 \/ RATONES PARANOICOS \/ Abre: La Grecia<\/p>\n<p>&nbsp;<\/p>\n<p>\u2022 12 \/ ADRIAN LACROIX ILUSIONISMO \/ Abre: Paul Higgs DJ Set<br \/>\n\u2022 13 \/ ZORRITO VON \/ Inv. MAT ALBA<br \/>\n\u2022 14 \/ ACTO DE GENTILEZA x FLORIAN<br \/>\n\u2022 15 \/ ABUELA COCA<br \/>\n\u2022 16 \/ CATUPECU MACHU<br \/>\n\u2022 17 \/ CONOCIENDO RUSIA<\/p>\n<p>&nbsp;<\/p>\n<p>\u2022 19 \/ BLA BLA &amp; CIA \/ OBRA DE TEATRO<br \/>\n\u2022 20 \/ ZORRITO VON<br \/>\n\u2022 22 \/ MOSQUITO SAMBA DE RODA<br \/>\n\u2022 23 \/ LOUTA<br \/>\n\u2022 24 \/ AGARRATE CATALINA &amp; LE\u00d3N GIECO \/ Abre: Mari Jasca<br \/>\n\u2022 25 \/ LOS CAFRES<\/p>\n<p>&nbsp;<\/p>\n<p>\u2022 27 \/ ZORRITO VON CUMPLE 60 \u00a1NOCHE SORPRESA!<br \/>\n\u2022 29 y 30 \/ KEVIN JOHANSEN &amp; LINIERS<br \/>\n\u2022 31 \/ SILVIA P\u00c9REZ CRUZ<\/p>\n<p><strong>FEBRERO<\/strong><br \/>\n\u2022 05 \/ JULIETA RADA CANDOMBE<br \/>\n\u2022 06 \/ JUANA MOLINA \/ Abre: Marttein<br \/>\n\u2022 07 \/ PAULINHO MOSKA BANDA FULL<\/p>\n<p>&nbsp;<\/p>\n<p>\u2022 12 y 13 \/ EL PLAN DE LA MARIPOSA \/ Abre: \u00c1ngela Gonz\u00e1lez<br \/>\n\u2022 14 \/ ZOE GOTUSSO \/ Abre: Hipn\u00f3tica<br \/>\n\u2022 15 \/ CHACHO RAMOS<br \/>\n\u2022 16 \/ OS PARALAMAS DO SUCESSO<\/p>\n<p>&nbsp;<\/p>\n<p>\u2022 19 \/ LA DELIO VALDEZ<br \/>\n\u2022 20 \/ SKAY BEILINSON<br \/>\n\u2022 21 \/ CUARTETO DE NOS<\/p>\n<p>&nbsp;<\/p>\n<p>\u2022 27 y 28 \/ LOS AUTENTICOS DECADENTES<\/p>\n<p>&nbsp;<\/p>\n<p>HORARIOS: TODOS LOS SHOWS A LAS 21:30 HS<br \/>\n* Excepto: FIESTA ORUM y SANDWICH PIANO BAR (Post Medianoche)<\/p>\n<p>&nbsp;<\/p>\n<p><strong>INFO IMPORTANTE<\/strong><\/p>\n<p><strong>PREVENTA EXCLUSIVA BBVA<\/strong><\/p>\n<p>A partir del viernes 28 de noviembre a las 12 del mediod\u00eda hasta el Domingo 30 inclusive estar\u00e1 vigente la PREVENTA EXCLUSIVA DE BBVA para tarjetas de cr\u00e9dito del Banco BBVA de URUGUAY<\/p>\n<p><strong>VENTA GENERAL<\/strong><\/p>\n<p>La venta general comienza el lunes 1ro de Diciembre a las 00hs., para todos los medios de pago: tarjetas de cr\u00e9dito, transferencias bancarias, compras internacionales en moneda local.<br \/>\n-Este mismo d\u00eda comenzar\u00e1 la promo 2&#215;1 del Club de Beneficios del Diario El Pais, con cupos limitados por show.<\/p>\n<p><a href=\"https:\/\/redtickets.queue-it.net\/?c=redtickets&amp;e=medioymedio2&amp;ver=v3-javascript-3.7.4&amp;cver=202&amp;man=Medio%20y%20Medio&amp;t=https%3A%2F%2Fredtickets.uy%2Fproductor%2FMedioyMedio&amp;kupver=cloudflare-1.2.3\" target=\"_blank\" rel=\"noopener\">Entradas en venta<\/a><\/p>\n<p>&nbsp;<\/p>\n<p>+ INFO<\/p>\n<p>&nbsp;<\/p>\n<p>WEB <a href=\"https:\/\/www.medioymedio.com\/\" target=\"_blank\" rel=\"noopener\">https:\/\/www.medioymedio.com\/<\/a><\/p>\n<p>IG <a href=\"https:\/\/www.instagram.com\/medioymedio\/\" target=\"_blank\" rel=\"noopener\">https:\/\/www.instagram.com\/medioymedio\/<\/a><\/p>\n<p>FB <a href=\"https:\/\/www.facebook.com\/medioymedio\" target=\"_blank\" rel=\"noopener\">https:\/\/www.facebook.com\/medioymedio<\/a><\/p>\n<p>&nbsp;<br \/>\n<script async src=\"https:\/\/pagead2.googlesyndication.com\/pagead\/js\/adsbygoogle.js?client=ca-pub-1258162831753121\"\n     crossorigin=\"anonymous\"><\/script><br \/>\n<ins class=\"adsbygoogle\"\n     style=\"display:block; text-align:center;\"\n     data-ad-layout=\"in-article\"\n     data-ad-format=\"fluid\"\n     data-ad-client=\"ca-pub-1258162831753121\"\n     data-ad-slot=\"9254952921\"><\/ins><br \/>\n<script>\n     (adsbygoogle = window.adsbygoogle || []).push({});\n<\/script><br \/>\n&nbsp;<\/p>\n","protected":false},"excerpt":{"rendered":"<p>Lleg\u00f3 la hora,\u00a0\u00a1Con ustedes, los artistas!<\/p>\n<p>LOS AUT\u00c9NTICOS DECADENTES \u00b7 OS PARALAMAS DO SUCESSO \u00b7 CUARTETO DE NOS &#8211; RATONES PARANOICOS \u00b7 RUBEN RADA \u00b7 SKAY BEILINSON \u00b7 LA DELIO VALDEZ &#8211; AGARRATE CATALINA &#038; LE\u00d3N GIECO \u00b7 CONOCIENDO RUSIA \u00b7 CATUPECU MACHU &#8211; EL PLAN DE LA MARIPOSA \u00b7 ZOE GOTUSSO \u00b7 KEVIN JOHANSEN &#038; LINIERS \u00b7 LOUTA &#8211; LA BERISO \u00b7 CRUZANDO EL CHARCO \u00b7 JUANA MOLINA \u00b7 PAULINHO MOSKA \u00b7 LOS CAFRES &#8211; COTI \u00b7 HUGO FATTORUSO &#038; FERNANDO CABRERA \u00b7 SILVIA P\u00c9REZ CRUZ \u00b7 KCHIPORROS CHACHO RAMOS \u00b7 LA ABUELA COCA \u00b7 YAMI SAFDIE \u00b7 MOSQUITO SAMBA DE RODA &#8211; ZORRITO VON \u00b7 FLORIAN \u00b7 JULIETA RADA \u00b7 MAT ALBA \u00b7 MARTTEIN \u00b7 HIPN\u00d3TICA \u00b7 BALTA LA GRECIA \u00b7 LISANDRO SKAR \u00b7 MARI JASCA \u00b7 LEO GANDELMAN \u00b7 EL PURRE &#8211; \u00c1NGELA GONZ\u00c1LEZ \u00b7 FUNKCHULA \u00b7 PAUL HIGGS \u00b7 FIESTA ORUM &#8211; SANDWICH PIANO BAR \u00b7 ADRIAN LACROIX \u00b7 BLA BLA &#038; CIA.<\/p>\n","protected":false},"author":8,"featured_media":120109,"comment_status":"closed","ping_status":"closed","sticky":false,"template":"","format":"standard","meta":{"om_disable_all_campaigns":false,"ngg_post_thumbnail":0,"jnews-multi-image_gallery":[],"jnews_single_post":{"format":"standard","override":[{"template":"4","parallax":"1","layout":"right-sidebar","sidebar":"default-sidebar","second_sidebar":"default-sidebar","sticky_sidebar":"1","share_position":"bottom","share_float_style":"share-monocrhome","show_share_counter":"1","show_view_counter":"1","show_featured":"1","show_post_meta":"1","show_post_author":"1","show_post_author_image":"1","show_post_date":"1","post_date_format":"default","post_date_format_custom":"Y\/m\/d","show_post_category":"1","post_reading_time_wpm":"300","post_calculate_word_method":"str_word_count","zoom_button_out_step":"2","zoom_button_in_step":"3","show_post_tag":"1","show_prev_next_post":"1","show_popup_post":"1","show_comment_section":"1","number_popup_post":"1","show_author_box":"1","show_post_related":"0","show_inline_post_related":"0"}],"image_override":[{"single_post_thumbnail_size":"no-crop","single_post_gallery_size":"crop-500"}],"trending_post_position":"meta","trending_post_label":"Trending","sponsored_post_label":"Sponsored by","disable_ad":"0","subtitle":"Con Ustedes, los artistas"},"jnews_primary_category":[],"jnews_social_meta":[],"jnews_override_counter":{"view_counter_number":"0","share_counter_number":"0","like_counter_number":"0","dislike_counter_number":"0"},"footnotes":""},"categories":[3394],"tags":[2540,1193],"class_list":["post-120108","post","type-post","status-publish","format-standard","has-post-thumbnail","hentry","category-eventos","tag-medio-y-medio","tag-punta-ballena"],"yoast_head":"<!-- This site is optimized with the Yoast SEO plugin v27.5 - https:\/\/yoast.com\/product\/yoast-seo-wordpress\/ -->\n<title>MEDIO Y MEDIO 2026 - 30 A\u00d1OS - Cooltivarte Portal<\/title>\n<meta name=\"description\" content=\"Desde diciembre de 1995 hasta hoy el camino recorrido tuvo todo tipo de aventuras, estamos cumpliendo 30 a\u00f1os y la mirada retrospectiva nos pone de frente ante la obra.\" \/>\n<meta name=\"robots\" content=\"index, follow, max-snippet:-1, max-image-preview:large, max-video-preview:-1\" \/>\n<link rel=\"canonical\" href=\"https:\/\/cooltivarte.com\/portal\/medio-y-medio-2026-30-anos\/\" \/>\n<meta property=\"og:locale\" content=\"es_ES\" \/>\n<meta property=\"og:type\" content=\"article\" \/>\n<meta property=\"og:title\" content=\"Festival Medio y Medio 2026 - 30 a\u00f1os - \u00a1Con Ustedes, los artistas!\" \/>\n<meta property=\"og:description\" content=\"Desde diciembre de 1995 hasta hoy el camino recorrido tuvo todo tipo de aventuras, estamos cumpliendo 30 a\u00f1os y la mirada retrospectiva nos pone de frente ante la obra.\" \/>\n<meta property=\"og:url\" content=\"https:\/\/cooltivarte.com\/portal\/medio-y-medio-2026-30-anos\/\" \/>\n<meta property=\"og:site_name\" content=\"Cooltivarte Portal\" \/>\n<meta property=\"article:publisher\" content=\"https:\/\/www.facebook.com\/cooltivartecom\/\" \/>\n<meta property=\"article:author\" content=\"https:\/\/www.facebook.com\/cooltivartecom\" \/>\n<meta property=\"article:published_time\" content=\"2026-01-26T16:12:05+00:00\" \/>\n<meta property=\"article:modified_time\" content=\"2026-01-26T17:38:07+00:00\" \/>\n<meta property=\"og:image\" content=\"https:\/\/cooltivarte.com\/portal\/wp-content\/uploads\/2025\/11\/Festival-Medio-y-Medio-2026-30-anos.jpg\" \/>\n\t<meta property=\"og:image:width\" content=\"1920\" \/>\n\t<meta property=\"og:image:height\" content=\"1080\" \/>\n\t<meta property=\"og:image:type\" content=\"image\/jpeg\" \/>\n<meta name=\"author\" content=\"Cooltivarte\" \/>\n<meta name=\"twitter:card\" content=\"summary_large_image\" \/>\n<meta name=\"twitter:title\" content=\"Festival Medio y Medio 2026 - 30 a\u00f1os - \u00a1Con Ustedes, los artistas!\" \/>\n<meta name=\"twitter:description\" content=\"Desde diciembre de 1995 hasta hoy el camino recorrido tuvo todo tipo de aventuras, estamos cumpliendo 30 a\u00f1os y la mirada retrospectiva nos pone de frente ante la obra.\" \/>\n<meta name=\"twitter:image\" content=\"https:\/\/cooltivarte.com\/portal\/wp-content\/uploads\/2025\/11\/Festival-Medio-y-Medio-2026-30-anos.jpg\" \/>\n<meta name=\"twitter:creator\" content=\"@https:\/\/x.com\/obolocultural\" \/>\n<meta name=\"twitter:site\" content=\"@obolocultural\" \/>\n<meta name=\"twitter:label1\" content=\"Escrito por\" \/>\n\t<meta name=\"twitter:data1\" content=\"Cooltivarte\" \/>\n\t<meta name=\"twitter:label2\" content=\"Tiempo de lectura\" \/>\n\t<meta name=\"twitter:data2\" content=\"5 minutos\" \/>\n<!-- \/ Yoast SEO plugin. -->","yoast_head_json":{"title":"MEDIO Y MEDIO 2026 - 30 A\u00d1OS - Cooltivarte Portal","description":"Desde diciembre de 1995 hasta hoy el camino recorrido tuvo todo tipo de aventuras, estamos cumpliendo 30 a\u00f1os y la mirada retrospectiva nos pone de frente ante la obra.","robots":{"index":"index","follow":"follow","max-snippet":"max-snippet:-1","max-image-preview":"max-image-preview:large","max-video-preview":"max-video-preview:-1"},"canonical":"https:\/\/cooltivarte.com\/portal\/medio-y-medio-2026-30-anos\/","og_locale":"es_ES","og_type":"article","og_title":"Festival Medio y Medio 2026 - 30 a\u00f1os - \u00a1Con Ustedes, los artistas!","og_description":"Desde diciembre de 1995 hasta hoy el camino recorrido tuvo todo tipo de aventuras, estamos cumpliendo 30 a\u00f1os y la mirada retrospectiva nos pone de frente ante la obra.","og_url":"https:\/\/cooltivarte.com\/portal\/medio-y-medio-2026-30-anos\/","og_site_name":"Cooltivarte Portal","article_publisher":"https:\/\/www.facebook.com\/cooltivartecom\/","article_author":"https:\/\/www.facebook.com\/cooltivartecom","article_published_time":"2026-01-26T16:12:05+00:00","article_modified_time":"2026-01-26T17:38:07+00:00","og_image":[{"width":1920,"height":1080,"url":"https:\/\/cooltivarte.com\/portal\/wp-content\/uploads\/2025\/11\/Festival-Medio-y-Medio-2026-30-anos.jpg","type":"image\/jpeg"}],"author":"Cooltivarte","twitter_card":"summary_large_image","twitter_title":"Festival Medio y Medio 2026 - 30 a\u00f1os - \u00a1Con Ustedes, los artistas!","twitter_description":"Desde diciembre de 1995 hasta hoy el camino recorrido tuvo todo tipo de aventuras, estamos cumpliendo 30 a\u00f1os y la mirada retrospectiva nos pone de frente ante la obra.","twitter_image":"https:\/\/cooltivarte.com\/portal\/wp-content\/uploads\/2025\/11\/Festival-Medio-y-Medio-2026-30-anos.jpg","twitter_creator":"@https:\/\/x.com\/obolocultural","twitter_site":"@obolocultural","twitter_misc":{"Escrito por":"Cooltivarte","Tiempo de lectura":"5 minutos"},"schema":{"@context":"https:\/\/schema.org","@graph":[{"@type":"NewsArticle","@id":"https:\/\/cooltivarte.com\/portal\/medio-y-medio-2026-30-anos\/#article","isPartOf":{"@id":"https:\/\/cooltivarte.com\/portal\/medio-y-medio-2026-30-anos\/"},"author":{"name":"Cooltivarte","@id":"https:\/\/cooltivarte.com\/portal\/#\/schema\/person\/ec2a4f4e71b740d0c559c0ab9a157e19"},"headline":"MEDIO Y MEDIO 2026 &#8211; 30 A\u00d1OS","datePublished":"2026-01-26T16:12:05+00:00","dateModified":"2026-01-26T17:38:07+00:00","mainEntityOfPage":{"@id":"https:\/\/cooltivarte.com\/portal\/medio-y-medio-2026-30-anos\/"},"wordCount":785,"publisher":{"@id":"https:\/\/cooltivarte.com\/portal\/#organization"},"image":{"@id":"https:\/\/cooltivarte.com\/portal\/medio-y-medio-2026-30-anos\/#primaryimage"},"thumbnailUrl":"https:\/\/cooltivarte.com\/portal\/wp-content\/uploads\/2025\/11\/Festival-Medio-y-Medio-2026-30-anos.jpg","keywords":["MEDIO Y MEDIO","Punta Ballena"],"articleSection":["Eventos"],"inLanguage":"es-AR"},{"@type":"WebPage","@id":"https:\/\/cooltivarte.com\/portal\/medio-y-medio-2026-30-anos\/","url":"https:\/\/cooltivarte.com\/portal\/medio-y-medio-2026-30-anos\/","name":"MEDIO Y MEDIO 2026 - 30 A\u00d1OS - Cooltivarte Portal","isPartOf":{"@id":"https:\/\/cooltivarte.com\/portal\/#website"},"primaryImageOfPage":{"@id":"https:\/\/cooltivarte.com\/portal\/medio-y-medio-2026-30-anos\/#primaryimage"},"image":{"@id":"https:\/\/cooltivarte.com\/portal\/medio-y-medio-2026-30-anos\/#primaryimage"},"thumbnailUrl":"https:\/\/cooltivarte.com\/portal\/wp-content\/uploads\/2025\/11\/Festival-Medio-y-Medio-2026-30-anos.jpg","datePublished":"2026-01-26T16:12:05+00:00","dateModified":"2026-01-26T17:38:07+00:00","description":"Desde diciembre de 1995 hasta hoy el camino recorrido tuvo todo tipo de aventuras, estamos cumpliendo 30 a\u00f1os y la mirada retrospectiva nos pone de frente ante la obra.","breadcrumb":{"@id":"https:\/\/cooltivarte.com\/portal\/medio-y-medio-2026-30-anos\/#breadcrumb"},"inLanguage":"es-AR","potentialAction":[{"@type":"ReadAction","target":["https:\/\/cooltivarte.com\/portal\/medio-y-medio-2026-30-anos\/"]}]},{"@type":"ImageObject","inLanguage":"es-AR","@id":"https:\/\/cooltivarte.com\/portal\/medio-y-medio-2026-30-anos\/#primaryimage","url":"https:\/\/cooltivarte.com\/portal\/wp-content\/uploads\/2025\/11\/Festival-Medio-y-Medio-2026-30-anos.jpg","contentUrl":"https:\/\/cooltivarte.com\/portal\/wp-content\/uploads\/2025\/11\/Festival-Medio-y-Medio-2026-30-anos.jpg","width":1920,"height":1080,"caption":"Festival Medio y Medio 2026 - 30 a\u00f1os - \u00a1Con Ustedes, los artistas!"},{"@type":"BreadcrumbList","@id":"https:\/\/cooltivarte.com\/portal\/medio-y-medio-2026-30-anos\/#breadcrumb","itemListElement":[{"@type":"ListItem","position":1,"name":"Portada","item":"https:\/\/cooltivarte.com\/portal\/"},{"@type":"ListItem","position":2,"name":"MEDIO Y MEDIO 2026 &#8211; 30 A\u00d1OS"}]},{"@type":"WebSite","@id":"https:\/\/cooltivarte.com\/portal\/#website","url":"https:\/\/cooltivarte.com\/portal\/","name":"Cooltivarte Portal","description":"Arte, cultura y turismo para el mundo ...","publisher":{"@id":"https:\/\/cooltivarte.com\/portal\/#organization"},"potentialAction":[{"@type":"SearchAction","target":{"@type":"EntryPoint","urlTemplate":"https:\/\/cooltivarte.com\/portal\/?s={search_term_string}"},"query-input":{"@type":"PropertyValueSpecification","valueRequired":true,"valueName":"search_term_string"}}],"inLanguage":"es-AR"},{"@type":"Organization","@id":"https:\/\/cooltivarte.com\/portal\/#organization","name":"cooltivarte","url":"https:\/\/cooltivarte.com\/portal\/","logo":{"@type":"ImageObject","inLanguage":"es-AR","@id":"https:\/\/cooltivarte.com\/portal\/#\/schema\/logo\/image\/","url":"https:\/\/cooltivarte.com\/portal\/wp-content\/uploads\/2020\/04\/logo-cooltivarte-v2.png","contentUrl":"https:\/\/cooltivarte.com\/portal\/wp-content\/uploads\/2020\/04\/logo-cooltivarte-v2.png","width":851,"height":243,"caption":"cooltivarte"},"image":{"@id":"https:\/\/cooltivarte.com\/portal\/#\/schema\/logo\/image\/"},"sameAs":["https:\/\/www.facebook.com\/cooltivartecom\/","https:\/\/x.com\/obolocultural","https:\/\/www.instagram.com\/_cooltivarte_\/","https:\/\/www.linkedin.com\/company\/-bolocultural?reportsuccess=8zaNG1HwhPbAR9iQhZ5rfGeqz_vQFftHun0ZWU0Wy9vNemRJ8vtcKdJvzQfW8XagyOJSKg0XvfJ1dp","https:\/\/www.pinterest.com\/cooltivarte\/","https:\/\/cooltivarte.tumblr.com\/","https:\/\/www.tiktok.com\/@cooltivarte","https:\/\/www.youtube.com\/@PrensaCooltivarte"]},{"@type":"Person","@id":"https:\/\/cooltivarte.com\/portal\/#\/schema\/person\/ec2a4f4e71b740d0c559c0ab9a157e19","name":"Cooltivarte","image":{"@type":"ImageObject","inLanguage":"es-AR","@id":"https:\/\/cooltivarte.com\/portal\/wp-content\/uploads\/2014\/05\/logo-cooltivarte-120x120.jpg","url":"https:\/\/cooltivarte.com\/portal\/wp-content\/uploads\/2014\/05\/logo-cooltivarte-120x120.jpg","contentUrl":"https:\/\/cooltivarte.com\/portal\/wp-content\/uploads\/2014\/05\/logo-cooltivarte-120x120.jpg","caption":"Cooltivarte"},"description":"Somos COOLTIVARTE.COM. Un portal digital dedicado a difundir el acontecer art\u00edstico y cultural del Uruguay. Estamos en la vuelta desde el a\u00f1o 2003, y como evoluci\u00f3n del bolet\u00edn Obolo Cultural, nos encontramos abocados a apoyar a los artistas nacionales brind\u00e1ndoles un espacio de difusi\u00f3n. Creemos en la idea de utilizar la potencialidad que hoy d\u00eda nos otorga la web, para que la cultura uruguaya y sus creadores dispongan de una din\u00e1mica ventana, que los ponga en contacto entre s\u00ed y con el mundo. Somos COOLTIVARTE.COM y pretendemos configurarnos como un portal din\u00e1mico, entretenido y atento a los nuevos emprendimientos, que busque siempre la interacci\u00f3n con los artistas.","sameAs":["http:\/\/www.cooltivarte.com","https:\/\/www.facebook.com\/cooltivartecom","https:\/\/www.instagram.com\/_cooltivarte_\/","https:\/\/www.linkedin.com\/company\/-bolocultural","https:\/\/www.pinterest.com\/cooltivarte\/","https:\/\/x.com\/https:\/\/x.com\/obolocultural","https:\/\/www.youtube.com\/@PrensaCooltivarte","https:\/\/www.tumblr.com\/blog\/cooltivarte"],"url":"https:\/\/cooltivarte.com\/portal\/author\/cooltivarte\/"}]}},"_links":{"self":[{"href":"https:\/\/cooltivarte.com\/portal\/wp-json\/wp\/v2\/posts\/120108","targetHints":{"allow":["GET"]}}],"collection":[{"href":"https:\/\/cooltivarte.com\/portal\/wp-json\/wp\/v2\/posts"}],"about":[{"href":"https:\/\/cooltivarte.com\/portal\/wp-json\/wp\/v2\/types\/post"}],"author":[{"embeddable":true,"href":"https:\/\/cooltivarte.com\/portal\/wp-json\/wp\/v2\/users\/8"}],"replies":[{"embeddable":true,"href":"https:\/\/cooltivarte.com\/portal\/wp-json\/wp\/v2\/comments?post=120108"}],"version-history":[{"count":6,"href":"https:\/\/cooltivarte.com\/portal\/wp-json\/wp\/v2\/posts\/120108\/revisions"}],"predecessor-version":[{"id":122002,"href":"https:\/\/cooltivarte.com\/portal\/wp-json\/wp\/v2\/posts\/120108\/revisions\/122002"}],"wp:featuredmedia":[{"embeddable":true,"href":"https:\/\/cooltivarte.com\/portal\/wp-json\/wp\/v2\/media\/120109"}],"wp:attachment":[{"href":"https:\/\/cooltivarte.com\/portal\/wp-json\/wp\/v2\/media?parent=120108"}],"wp:term":[{"taxonomy":"category","embeddable":true,"href":"https:\/\/cooltivarte.com\/portal\/wp-json\/wp\/v2\/categories?post=120108"},{"taxonomy":"post_tag","embeddable":true,"href":"https:\/\/cooltivarte.com\/portal\/wp-json\/wp\/v2\/tags?post=120108"}],"curies":[{"name":"wp","href":"https:\/\/api.w.org\/{rel}","templated":true}]}}