{"id":120083,"date":"2025-11-26T10:32:36","date_gmt":"2025-11-26T13:32:36","guid":{"rendered":"https:\/\/cooltivarte.com\/portal\/?p=120083"},"modified":"2025-12-04T16:41:44","modified_gmt":"2025-12-04T19:41:44","slug":"meri-deal-es-la-artista-invitada-para-abrir-los-conciertos-de-shakira-en-uruguay","status":"publish","type":"post","link":"https:\/\/cooltivarte.com\/portal\/meri-deal-es-la-artista-invitada-para-abrir-los-conciertos-de-shakira-en-uruguay\/","title":{"rendered":"Meri Deal es la artista invitada para abrir los conciertos de Shakira en Uruguay"},"content":{"rendered":"<p><img fetchpriority=\"high\" decoding=\"async\" class=\"aligncenter wp-image-120084 size-large\" title=\"Meri Deal es la artista invitada para abrir los conciertos de Shakira en Uruguay\" src=\"https:\/\/cooltivarte.com\/portal\/wp-content\/uploads\/2025\/11\/Meri-Deal-es-la-artista-invitada-para-abrir-los-conciertos-de-Shakira-en-Uruguay-683x1024.jpg\" alt=\"Meri Deal es la artista invitada para abrir los conciertos de Shakira en Uruguay\" width=\"683\" height=\"1024\" srcset=\"https:\/\/cooltivarte.com\/portal\/wp-content\/uploads\/2025\/11\/Meri-Deal-es-la-artista-invitada-para-abrir-los-conciertos-de-Shakira-en-Uruguay-683x1024.jpg 683w, https:\/\/cooltivarte.com\/portal\/wp-content\/uploads\/2025\/11\/Meri-Deal-es-la-artista-invitada-para-abrir-los-conciertos-de-Shakira-en-Uruguay-200x300.jpg 200w, https:\/\/cooltivarte.com\/portal\/wp-content\/uploads\/2025\/11\/Meri-Deal-es-la-artista-invitada-para-abrir-los-conciertos-de-Shakira-en-Uruguay-768x1152.jpg 768w, https:\/\/cooltivarte.com\/portal\/wp-content\/uploads\/2025\/11\/Meri-Deal-es-la-artista-invitada-para-abrir-los-conciertos-de-Shakira-en-Uruguay-1024x1536.jpg 1024w, https:\/\/cooltivarte.com\/portal\/wp-content\/uploads\/2025\/11\/Meri-Deal-es-la-artista-invitada-para-abrir-los-conciertos-de-Shakira-en-Uruguay-1365x2048.jpg 1365w, https:\/\/cooltivarte.com\/portal\/wp-content\/uploads\/2025\/11\/Meri-Deal-es-la-artista-invitada-para-abrir-los-conciertos-de-Shakira-en-Uruguay-scaled.jpg 1707w\" sizes=\"(max-width: 683px) 100vw, 683px\" \/><\/p>\n<div id=\"m_5269642215151986226d5\" class=\"m_5269642215151986226mceText\">\n<h2>&nbsp;<\/h2>\n<h2>&nbsp;<\/h2>\n<h2>Meri Deal es la artista invitada para abrir los conciertos de Shakira en Uruguay<\/h2>\n<h1>&nbsp;<\/h1>\n<p>La artista pop uruguaya fue la elegida para encender el <strong>Estadio Centenario<\/strong> los d\u00edas <strong>3 y 4 de diciembre 2025<\/strong>, en los dos conciertos hist\u00f3ricos que <a href=\"https:\/\/cooltivarte.com\/portal\/?s=Shakira\" target=\"_blank\" rel=\"noopener\"><strong>Shakira<\/strong><\/a> ofrecer\u00e1 en Montevideo.<\/p>\n<p>Con una carrera solista en pleno ascenso \u2014y una presencia cada vez m\u00e1s fuerte en el mercado mexicano\u2014 <a href=\"https:\/\/cooltivarte.com\/portal\/?s=Meri+Deal\" target=\"_blank\" rel=\"noopener\"><strong>Meri Deal<\/strong><\/a>, ex integrante de Toco para Vos, contin\u00faa consolidando su identidad art\u00edstica con un estilo inconfundible y una cadena de \u00e9xitos recientes. Sus \u00faltimos lanzamientos, Cobarde, Tu Fantasma y A Kil\u00f3metros de Casa, confirman su madurez musical y su impacto dentro de la nueva generaci\u00f3n del pop latino.<\/p>\n<p>No es la primera vez que Meri es elegida para escenarios de gran escala: ya abri\u00f3 los shows de <a href=\"https:\/\/cooltivarte.com\/portal\/?s=Luis+Miguel\" target=\"_blank\" rel=\"noopener\"><strong>Luis Miguel<\/strong><\/a> (2024) y<a href=\"https:\/\/cooltivarte.com\/portal\/?s=Ed+Sheeran\" target=\"_blank\" rel=\"noopener\"><strong> Ed Sheeran<\/strong><\/a>, ambos en el <strong>Estadio Centenario<\/strong>, destac\u00e1ndose por su solidez esc\u00e9nica y su conexi\u00f3n con el p\u00fablico.<\/p>\n<p>Ahora, llega uno de los hitos m\u00e1s importantes de su carrera: ser la artista invitada de<strong> Shakira<\/strong> en Uruguay.<\/p>\n<p>Dos noches. Un estadio hist\u00f3rico. Una voz local que sigue creciendo hacia el mundo.<\/p>\n<\/div>\n<p>&nbsp;<\/p>\n<blockquote class=\"instagram-media\" style=\"background: #FFF; border: 0; border-radius: 3px; box-shadow: 0 0 1px 0 rgba(0,0,0,0.5),0 1px 10px 0 rgba(0,0,0,0.15); margin: 1px; max-width: 540px; min-width: 326px; padding: 0; width: calc(100% - 2px);\" data-instgrm-captioned=\"\" data-instgrm-permalink=\"https:\/\/www.instagram.com\/reel\/DR2CKTUjm4v\/?utm_source=ig_embed&amp;utm_campaign=loading\" data-instgrm-version=\"14\">\n<div style=\"padding: 16px;\">\n<p>&nbsp;<\/p>\n<div style=\"display: flex; flex-direction: row; align-items: center;\">\n<div style=\"background-color: #f4f4f4; border-radius: 50%; flex-grow: 0; height: 40px; margin-right: 14px; width: 40px;\">&nbsp;<\/div>\n<div style=\"display: flex; flex-direction: column; flex-grow: 1; justify-content: center;\">\n<div style=\"background-color: #f4f4f4; border-radius: 4px; flex-grow: 0; height: 14px; margin-bottom: 6px; width: 100px;\">&nbsp;<\/div>\n<div style=\"background-color: #f4f4f4; border-radius: 4px; flex-grow: 0; height: 14px; width: 60px;\">&nbsp;<\/div>\n<\/div>\n<\/div>\n<div style=\"padding: 19% 0;\">&nbsp;<\/div>\n<div style=\"display: block; height: 50px; margin: 0 auto 12px; width: 50px;\">&nbsp;<\/div>\n<div style=\"padding-top: 8px;\">\n<div style=\"color: #3897f0; font-family: Arial,sans-serif; font-size: 14px; font-style: normal; font-weight: 550; line-height: 18px;\">Ver esta publicaci\u00f3n en Instagram<\/div>\n<\/div>\n<div style=\"padding: 12.5% 0;\">&nbsp;<\/div>\n<div style=\"display: flex; flex-direction: row; margin-bottom: 14px; align-items: center;\">\n<div>\n<div style=\"background-color: #f4f4f4; border-radius: 50%; height: 12.5px; width: 12.5px; transform: translateX(0px) translateY(7px);\">&nbsp;<\/div>\n<div style=\"background-color: #f4f4f4; height: 12.5px; transform: rotate(-45deg) translateX(3px) translateY(1px); width: 12.5px; flex-grow: 0; margin-right: 14px; margin-left: 2px;\">&nbsp;<\/div>\n<div style=\"background-color: #f4f4f4; border-radius: 50%; height: 12.5px; width: 12.5px; transform: translateX(9px) translateY(-18px);\">&nbsp;<\/div>\n<\/div>\n<div style=\"margin-left: 8px;\">\n<div style=\"background-color: #f4f4f4; border-radius: 50%; flex-grow: 0; height: 20px; width: 20px;\">&nbsp;<\/div>\n<div style=\"width: 0; height: 0; border-top: 2px solid transparent; border-left: 6px solid #f4f4f4; border-bottom: 2px solid transparent; transform: translateX(16px) translateY(-4px) rotate(30deg);\">&nbsp;<\/div>\n<\/div>\n<div style=\"margin-left: auto;\">\n<div style=\"width: 0px; border-top: 8px solid #F4F4F4; border-right: 8px solid transparent; transform: translateY(16px);\">&nbsp;<\/div>\n<div style=\"background-color: #f4f4f4; flex-grow: 0; height: 12px; width: 16px; transform: translateY(-4px);\">&nbsp;<\/div>\n<div style=\"width: 0; height: 0; border-top: 8px solid #F4F4F4; border-left: 8px solid transparent; transform: translateY(-4px) translateX(8px);\">&nbsp;<\/div>\n<\/div>\n<\/div>\n<div style=\"display: flex; flex-direction: column; flex-grow: 1; justify-content: center; margin-bottom: 24px;\">\n<div style=\"background-color: #f4f4f4; border-radius: 4px; flex-grow: 0; height: 14px; margin-bottom: 6px; width: 224px;\">&nbsp;<\/div>\n<div style=\"background-color: #f4f4f4; border-radius: 4px; flex-grow: 0; height: 14px; width: 144px;\">&nbsp;<\/div>\n<\/div>\n<p>&nbsp;<\/p>\n<p style=\"color: #c9c8cd; font-family: Arial,sans-serif; font-size: 14px; line-height: 17px; margin-bottom: 0; margin-top: 8px; overflow: hidden; padding: 8px 0 7px; text-align: center; text-overflow: ellipsis; white-space: nowrap;\"><a style=\"color: #c9c8cd; font-family: Arial,sans-serif; font-size: 14px; font-style: normal; font-weight: normal; line-height: 17px; text-decoration: none;\" href=\"https:\/\/www.instagram.com\/reel\/DR2CKTUjm4v\/?utm_source=ig_embed&amp;utm_campaign=loading\" target=\"_blank\" rel=\"noopener\">Una publicaci\u00f3n compartida por cooltivarte.com (@_cooltivarte_)<\/a><\/p>\n<\/div>\n<\/blockquote>\n<p><script async=\"\" src=\"\/\/www.instagram.com\/embed.js\"><\/script><br \/>\n&nbsp;<\/p>\n<p>&nbsp;<\/p>\n<p>&nbsp;<\/p>\n<p>&nbsp;<\/p>\n","protected":false},"excerpt":{"rendered":"<p>Meri Deal es la artista invitada para abrir los conciertos de Shakira en Uruguay<\/p>\n<p>La artista pop uruguaya fue la elegida para encender el Estadio Centenario los d\u00edas 3 y 4 de diciembre 2025, en los dos conciertos hist\u00f3ricos que Shakira ofrecer\u00e1 en Montevideo.<\/p>\n<p>Con una carrera solista en pleno ascenso \u2014y una presencia cada vez m\u00e1s fuerte en el mercado mexicano\u2014 Meri Deal, ex integrante de Toco para Vos, contin\u00faa consolidando su identidad art\u00edstica con un estilo inconfundible y una cadena de \u00e9xitos recientes. Sus \u00faltimos lanzamientos, Cobarde, Tu Fantasma y A Kil\u00f3metros de Casa, confirman su madurez musical y su impacto dentro de la nueva generaci\u00f3n del pop latino.<\/p>\n<p>No es la primera vez que Meri es elegida para escenarios de gran escala: ya abri\u00f3 los shows de Luis Miguel (2024) y Ed Sheeran, ambos en el Estadio Centenario, destac\u00e1ndose por su solidez esc\u00e9nica y su conexi\u00f3n con el p\u00fablico.<\/p>\n<p>Ahora, llega uno de los hitos m\u00e1s importantes de su carrera: ser la artista invitada de Shakira en Uruguay.<\/p>\n<p>Dos noches. Un estadio hist\u00f3rico. Una voz local que sigue creciendo hacia el mundo.<\/p>\n","protected":false},"author":8,"featured_media":120084,"comment_status":"closed","ping_status":"closed","sticky":false,"template":"","format":"standard","meta":{"om_disable_all_campaigns":false,"ngg_post_thumbnail":0,"jnews-multi-image_gallery":[],"jnews_single_post":{"format":"standard","override":[{"template":"4","parallax":"1","layout":"right-sidebar","sidebar":"default-sidebar","second_sidebar":"default-sidebar","sticky_sidebar":"1","share_position":"bottom","share_float_style":"share-monocrhome","show_share_counter":"1","show_view_counter":"1","show_featured":"1","show_post_meta":"1","show_post_author":"1","show_post_author_image":"1","show_post_date":"1","post_date_format":"default","post_date_format_custom":"Y\/m\/d","show_post_category":"1","post_reading_time_wpm":"300","post_calculate_word_method":"str_word_count","zoom_button_out_step":"2","zoom_button_in_step":"3","show_post_tag":"1","show_prev_next_post":"1","show_popup_post":"1","show_comment_section":"1","number_popup_post":"1","show_author_box":"1","show_post_related":"0","show_inline_post_related":"0"}],"image_override":[{"single_post_thumbnail_size":"no-crop","single_post_gallery_size":"crop-500"}],"trending_post_position":"meta","trending_post_label":"Trending","sponsored_post_label":"Sponsored by","disable_ad":"0","subtitle":"Estadio Centenario los d\u00edas 3 y 4 de diciembre 2025"},"jnews_primary_category":[],"jnews_social_meta":[],"jnews_override_counter":{"view_counter_number":"0","share_counter_number":"0","like_counter_number":"0","dislike_counter_number":"0"},"footnotes":""},"categories":[13675],"tags":[8047,8238,25017],"class_list":["post-120083","post","type-post","status-publish","format-standard","has-post-thumbnail","hentry","category-novedades","tag-meri-deal","tag-shakira","tag-shakira-en-uruguay"],"yoast_head":"<!-- This site is optimized with the Yoast SEO plugin v27.4 - https:\/\/yoast.com\/product\/yoast-seo-wordpress\/ -->\n<title>Meri Deal es la artista invitada para abrir los conciertos de Shakira en Uruguay - Cooltivarte Portal<\/title>\n<meta name=\"description\" content=\"La artista pop uruguaya fue la elegida para encender el Estadio Centenario los d\u00edas 3 y 4 de diciembre 2025, en los dos conciertos hist\u00f3ricos que Shakira ofrecer\u00e1 en Montevideo.\" \/>\n<meta name=\"robots\" content=\"index, follow, max-snippet:-1, max-image-preview:large, max-video-preview:-1\" \/>\n<link rel=\"canonical\" href=\"https:\/\/cooltivarte.com\/portal\/meri-deal-es-la-artista-invitada-para-abrir-los-conciertos-de-shakira-en-uruguay\/\" \/>\n<meta property=\"og:locale\" content=\"es_ES\" \/>\n<meta property=\"og:type\" content=\"article\" \/>\n<meta property=\"og:title\" content=\"Meri Deal es la artista invitada para abrir los conciertos de Shakira en Uruguay - Estadio Centenario los d\u00edas 3 y 4 de diciembre 2025\" \/>\n<meta property=\"og:description\" content=\"La artista pop uruguaya fue la elegida para encender el Estadio Centenario los d\u00edas 3 y 4 de diciembre 2025, en los dos conciertos hist\u00f3ricos que Shakira ofrecer\u00e1 en Montevideo.\" \/>\n<meta property=\"og:url\" content=\"https:\/\/cooltivarte.com\/portal\/meri-deal-es-la-artista-invitada-para-abrir-los-conciertos-de-shakira-en-uruguay\/\" \/>\n<meta property=\"og:site_name\" content=\"Cooltivarte Portal\" \/>\n<meta property=\"article:publisher\" content=\"https:\/\/www.facebook.com\/cooltivartecom\/\" \/>\n<meta property=\"article:author\" content=\"https:\/\/www.facebook.com\/cooltivartecom\" \/>\n<meta property=\"article:published_time\" content=\"2025-11-26T13:32:36+00:00\" \/>\n<meta property=\"article:modified_time\" content=\"2025-12-04T19:41:44+00:00\" \/>\n<meta property=\"og:image\" content=\"https:\/\/cooltivarte.com\/portal\/wp-content\/uploads\/2025\/11\/Meri-Deal-es-la-artista-invitada-para-abrir-los-conciertos-de-Shakira-en-Uruguay-scaled.jpg\" \/>\n\t<meta property=\"og:image:width\" content=\"1707\" \/>\n\t<meta property=\"og:image:height\" content=\"2560\" \/>\n\t<meta property=\"og:image:type\" content=\"image\/jpeg\" \/>\n<meta name=\"author\" content=\"Cooltivarte\" \/>\n<meta name=\"twitter:card\" content=\"summary_large_image\" \/>\n<meta name=\"twitter:title\" content=\"Meri Deal es la artista invitada para abrir los conciertos de Shakira en Uruguay - Estadio Centenario los d\u00edas 3 y 4 de diciembre 2025\" \/>\n<meta name=\"twitter:description\" content=\"La artista pop uruguaya fue la elegida para encender el Estadio Centenario los d\u00edas 3 y 4 de diciembre 2025, en los dos conciertos hist\u00f3ricos que Shakira ofrecer\u00e1 en Montevideo.\" \/>\n<meta name=\"twitter:image\" content=\"https:\/\/cooltivarte.com\/portal\/wp-content\/uploads\/2025\/11\/Meri-Deal-es-la-artista-invitada-para-abrir-los-conciertos-de-Shakira-en-Uruguay-scaled.jpg\" \/>\n<meta name=\"twitter:creator\" content=\"@https:\/\/x.com\/obolocultural\" \/>\n<meta name=\"twitter:site\" content=\"@obolocultural\" \/>\n<meta name=\"twitter:label1\" content=\"Escrito por\" \/>\n\t<meta name=\"twitter:data1\" content=\"Cooltivarte\" \/>\n\t<meta name=\"twitter:label2\" content=\"Tiempo de lectura\" \/>\n\t<meta name=\"twitter:data2\" content=\"2 minutos\" \/>\n<!-- \/ Yoast SEO plugin. -->","yoast_head_json":{"title":"Meri Deal es la artista invitada para abrir los conciertos de Shakira en Uruguay - Cooltivarte Portal","description":"La artista pop uruguaya fue la elegida para encender el Estadio Centenario los d\u00edas 3 y 4 de diciembre 2025, en los dos conciertos hist\u00f3ricos que Shakira ofrecer\u00e1 en Montevideo.","robots":{"index":"index","follow":"follow","max-snippet":"max-snippet:-1","max-image-preview":"max-image-preview:large","max-video-preview":"max-video-preview:-1"},"canonical":"https:\/\/cooltivarte.com\/portal\/meri-deal-es-la-artista-invitada-para-abrir-los-conciertos-de-shakira-en-uruguay\/","og_locale":"es_ES","og_type":"article","og_title":"Meri Deal es la artista invitada para abrir los conciertos de Shakira en Uruguay - Estadio Centenario los d\u00edas 3 y 4 de diciembre 2025","og_description":"La artista pop uruguaya fue la elegida para encender el Estadio Centenario los d\u00edas 3 y 4 de diciembre 2025, en los dos conciertos hist\u00f3ricos que Shakira ofrecer\u00e1 en Montevideo.","og_url":"https:\/\/cooltivarte.com\/portal\/meri-deal-es-la-artista-invitada-para-abrir-los-conciertos-de-shakira-en-uruguay\/","og_site_name":"Cooltivarte Portal","article_publisher":"https:\/\/www.facebook.com\/cooltivartecom\/","article_author":"https:\/\/www.facebook.com\/cooltivartecom","article_published_time":"2025-11-26T13:32:36+00:00","article_modified_time":"2025-12-04T19:41:44+00:00","og_image":[{"width":1707,"height":2560,"url":"https:\/\/cooltivarte.com\/portal\/wp-content\/uploads\/2025\/11\/Meri-Deal-es-la-artista-invitada-para-abrir-los-conciertos-de-Shakira-en-Uruguay-scaled.jpg","type":"image\/jpeg"}],"author":"Cooltivarte","twitter_card":"summary_large_image","twitter_title":"Meri Deal es la artista invitada para abrir los conciertos de Shakira en Uruguay - Estadio Centenario los d\u00edas 3 y 4 de diciembre 2025","twitter_description":"La artista pop uruguaya fue la elegida para encender el Estadio Centenario los d\u00edas 3 y 4 de diciembre 2025, en los dos conciertos hist\u00f3ricos que Shakira ofrecer\u00e1 en Montevideo.","twitter_image":"https:\/\/cooltivarte.com\/portal\/wp-content\/uploads\/2025\/11\/Meri-Deal-es-la-artista-invitada-para-abrir-los-conciertos-de-Shakira-en-Uruguay-scaled.jpg","twitter_creator":"@https:\/\/x.com\/obolocultural","twitter_site":"@obolocultural","twitter_misc":{"Escrito por":"Cooltivarte","Tiempo de lectura":"2 minutos"},"schema":{"@context":"https:\/\/schema.org","@graph":[{"@type":"NewsArticle","@id":"https:\/\/cooltivarte.com\/portal\/meri-deal-es-la-artista-invitada-para-abrir-los-conciertos-de-shakira-en-uruguay\/#article","isPartOf":{"@id":"https:\/\/cooltivarte.com\/portal\/meri-deal-es-la-artista-invitada-para-abrir-los-conciertos-de-shakira-en-uruguay\/"},"author":{"name":"Cooltivarte","@id":"https:\/\/cooltivarte.com\/portal\/#\/schema\/person\/ec2a4f4e71b740d0c559c0ab9a157e19"},"headline":"Meri Deal es la artista invitada para abrir los conciertos de Shakira en Uruguay","datePublished":"2025-11-26T13:32:36+00:00","dateModified":"2025-12-04T19:41:44+00:00","mainEntityOfPage":{"@id":"https:\/\/cooltivarte.com\/portal\/meri-deal-es-la-artista-invitada-para-abrir-los-conciertos-de-shakira-en-uruguay\/"},"wordCount":248,"publisher":{"@id":"https:\/\/cooltivarte.com\/portal\/#organization"},"image":{"@id":"https:\/\/cooltivarte.com\/portal\/meri-deal-es-la-artista-invitada-para-abrir-los-conciertos-de-shakira-en-uruguay\/#primaryimage"},"thumbnailUrl":"https:\/\/cooltivarte.com\/portal\/wp-content\/uploads\/2025\/11\/Meri-Deal-es-la-artista-invitada-para-abrir-los-conciertos-de-Shakira-en-Uruguay-scaled.jpg","keywords":["Meri Deal","Shakira","Shakira en Uruguay"],"articleSection":["Novedades"],"inLanguage":"es-AR"},{"@type":"WebPage","@id":"https:\/\/cooltivarte.com\/portal\/meri-deal-es-la-artista-invitada-para-abrir-los-conciertos-de-shakira-en-uruguay\/","url":"https:\/\/cooltivarte.com\/portal\/meri-deal-es-la-artista-invitada-para-abrir-los-conciertos-de-shakira-en-uruguay\/","name":"Meri Deal es la artista invitada para abrir los conciertos de Shakira en Uruguay - Cooltivarte Portal","isPartOf":{"@id":"https:\/\/cooltivarte.com\/portal\/#website"},"primaryImageOfPage":{"@id":"https:\/\/cooltivarte.com\/portal\/meri-deal-es-la-artista-invitada-para-abrir-los-conciertos-de-shakira-en-uruguay\/#primaryimage"},"image":{"@id":"https:\/\/cooltivarte.com\/portal\/meri-deal-es-la-artista-invitada-para-abrir-los-conciertos-de-shakira-en-uruguay\/#primaryimage"},"thumbnailUrl":"https:\/\/cooltivarte.com\/portal\/wp-content\/uploads\/2025\/11\/Meri-Deal-es-la-artista-invitada-para-abrir-los-conciertos-de-Shakira-en-Uruguay-scaled.jpg","datePublished":"2025-11-26T13:32:36+00:00","dateModified":"2025-12-04T19:41:44+00:00","description":"La artista pop uruguaya fue la elegida para encender el Estadio Centenario los d\u00edas 3 y 4 de diciembre 2025, en los dos conciertos hist\u00f3ricos que Shakira ofrecer\u00e1 en Montevideo.","breadcrumb":{"@id":"https:\/\/cooltivarte.com\/portal\/meri-deal-es-la-artista-invitada-para-abrir-los-conciertos-de-shakira-en-uruguay\/#breadcrumb"},"inLanguage":"es-AR","potentialAction":[{"@type":"ReadAction","target":["https:\/\/cooltivarte.com\/portal\/meri-deal-es-la-artista-invitada-para-abrir-los-conciertos-de-shakira-en-uruguay\/"]}]},{"@type":"ImageObject","inLanguage":"es-AR","@id":"https:\/\/cooltivarte.com\/portal\/meri-deal-es-la-artista-invitada-para-abrir-los-conciertos-de-shakira-en-uruguay\/#primaryimage","url":"https:\/\/cooltivarte.com\/portal\/wp-content\/uploads\/2025\/11\/Meri-Deal-es-la-artista-invitada-para-abrir-los-conciertos-de-Shakira-en-Uruguay-scaled.jpg","contentUrl":"https:\/\/cooltivarte.com\/portal\/wp-content\/uploads\/2025\/11\/Meri-Deal-es-la-artista-invitada-para-abrir-los-conciertos-de-Shakira-en-Uruguay-scaled.jpg","width":1707,"height":2560,"caption":"Meri Deal es la artista invitada para abrir los conciertos de Shakira en Uruguay"},{"@type":"BreadcrumbList","@id":"https:\/\/cooltivarte.com\/portal\/meri-deal-es-la-artista-invitada-para-abrir-los-conciertos-de-shakira-en-uruguay\/#breadcrumb","itemListElement":[{"@type":"ListItem","position":1,"name":"Portada","item":"https:\/\/cooltivarte.com\/portal\/"},{"@type":"ListItem","position":2,"name":"Meri Deal es la artista invitada para abrir los conciertos de Shakira en Uruguay"}]},{"@type":"WebSite","@id":"https:\/\/cooltivarte.com\/portal\/#website","url":"https:\/\/cooltivarte.com\/portal\/","name":"Cooltivarte Portal","description":"Arte, cultura y turismo para el mundo ...","publisher":{"@id":"https:\/\/cooltivarte.com\/portal\/#organization"},"potentialAction":[{"@type":"SearchAction","target":{"@type":"EntryPoint","urlTemplate":"https:\/\/cooltivarte.com\/portal\/?s={search_term_string}"},"query-input":{"@type":"PropertyValueSpecification","valueRequired":true,"valueName":"search_term_string"}}],"inLanguage":"es-AR"},{"@type":"Organization","@id":"https:\/\/cooltivarte.com\/portal\/#organization","name":"cooltivarte","url":"https:\/\/cooltivarte.com\/portal\/","logo":{"@type":"ImageObject","inLanguage":"es-AR","@id":"https:\/\/cooltivarte.com\/portal\/#\/schema\/logo\/image\/","url":"https:\/\/cooltivarte.com\/portal\/wp-content\/uploads\/2020\/04\/logo-cooltivarte-v2.png","contentUrl":"https:\/\/cooltivarte.com\/portal\/wp-content\/uploads\/2020\/04\/logo-cooltivarte-v2.png","width":851,"height":243,"caption":"cooltivarte"},"image":{"@id":"https:\/\/cooltivarte.com\/portal\/#\/schema\/logo\/image\/"},"sameAs":["https:\/\/www.facebook.com\/cooltivartecom\/","https:\/\/x.com\/obolocultural","https:\/\/www.instagram.com\/_cooltivarte_\/","https:\/\/www.linkedin.com\/company\/-bolocultural?reportsuccess=8zaNG1HwhPbAR9iQhZ5rfGeqz_vQFftHun0ZWU0Wy9vNemRJ8vtcKdJvzQfW8XagyOJSKg0XvfJ1dp","https:\/\/www.pinterest.com\/cooltivarte\/","https:\/\/cooltivarte.tumblr.com\/","https:\/\/www.tiktok.com\/@cooltivarte","https:\/\/www.youtube.com\/@PrensaCooltivarte"]},{"@type":"Person","@id":"https:\/\/cooltivarte.com\/portal\/#\/schema\/person\/ec2a4f4e71b740d0c559c0ab9a157e19","name":"Cooltivarte","image":{"@type":"ImageObject","inLanguage":"es-AR","@id":"https:\/\/cooltivarte.com\/portal\/wp-content\/uploads\/2014\/05\/logo-cooltivarte-120x120.jpg","url":"https:\/\/cooltivarte.com\/portal\/wp-content\/uploads\/2014\/05\/logo-cooltivarte-120x120.jpg","contentUrl":"https:\/\/cooltivarte.com\/portal\/wp-content\/uploads\/2014\/05\/logo-cooltivarte-120x120.jpg","caption":"Cooltivarte"},"description":"Somos COOLTIVARTE.COM. Un portal digital dedicado a difundir el acontecer art\u00edstico y cultural del Uruguay. Estamos en la vuelta desde el a\u00f1o 2003, y como evoluci\u00f3n del bolet\u00edn Obolo Cultural, nos encontramos abocados a apoyar a los artistas nacionales brind\u00e1ndoles un espacio de difusi\u00f3n. Creemos en la idea de utilizar la potencialidad que hoy d\u00eda nos otorga la web, para que la cultura uruguaya y sus creadores dispongan de una din\u00e1mica ventana, que los ponga en contacto entre s\u00ed y con el mundo. Somos COOLTIVARTE.COM y pretendemos configurarnos como un portal din\u00e1mico, entretenido y atento a los nuevos emprendimientos, que busque siempre la interacci\u00f3n con los artistas.","sameAs":["http:\/\/www.cooltivarte.com","https:\/\/www.facebook.com\/cooltivartecom","https:\/\/www.instagram.com\/_cooltivarte_\/","https:\/\/www.linkedin.com\/company\/-bolocultural","https:\/\/www.pinterest.com\/cooltivarte\/","https:\/\/x.com\/https:\/\/x.com\/obolocultural","https:\/\/www.youtube.com\/@PrensaCooltivarte","https:\/\/www.tumblr.com\/blog\/cooltivarte"],"url":"https:\/\/cooltivarte.com\/portal\/author\/cooltivarte\/"}]}},"_links":{"self":[{"href":"https:\/\/cooltivarte.com\/portal\/wp-json\/wp\/v2\/posts\/120083","targetHints":{"allow":["GET"]}}],"collection":[{"href":"https:\/\/cooltivarte.com\/portal\/wp-json\/wp\/v2\/posts"}],"about":[{"href":"https:\/\/cooltivarte.com\/portal\/wp-json\/wp\/v2\/types\/post"}],"author":[{"embeddable":true,"href":"https:\/\/cooltivarte.com\/portal\/wp-json\/wp\/v2\/users\/8"}],"replies":[{"embeddable":true,"href":"https:\/\/cooltivarte.com\/portal\/wp-json\/wp\/v2\/comments?post=120083"}],"version-history":[{"count":2,"href":"https:\/\/cooltivarte.com\/portal\/wp-json\/wp\/v2\/posts\/120083\/revisions"}],"predecessor-version":[{"id":120399,"href":"https:\/\/cooltivarte.com\/portal\/wp-json\/wp\/v2\/posts\/120083\/revisions\/120399"}],"wp:featuredmedia":[{"embeddable":true,"href":"https:\/\/cooltivarte.com\/portal\/wp-json\/wp\/v2\/media\/120084"}],"wp:attachment":[{"href":"https:\/\/cooltivarte.com\/portal\/wp-json\/wp\/v2\/media?parent=120083"}],"wp:term":[{"taxonomy":"category","embeddable":true,"href":"https:\/\/cooltivarte.com\/portal\/wp-json\/wp\/v2\/categories?post=120083"},{"taxonomy":"post_tag","embeddable":true,"href":"https:\/\/cooltivarte.com\/portal\/wp-json\/wp\/v2\/tags?post=120083"}],"curies":[{"name":"wp","href":"https:\/\/api.w.org\/{rel}","templated":true}]}}