{"id":120021,"date":"2025-11-24T11:07:12","date_gmt":"2025-11-24T14:07:12","guid":{"rendered":"https:\/\/cooltivarte.com\/portal\/?p=120021"},"modified":"2025-11-24T11:10:02","modified_gmt":"2025-11-24T14:10:02","slug":"miguel-bose-trae-su-importante-tour-al-antel-arena","status":"publish","type":"post","link":"https:\/\/cooltivarte.com\/portal\/miguel-bose-trae-su-importante-tour-al-antel-arena\/","title":{"rendered":"Miguel Bos\u00e9 trae su \u2018Importante Tour\u2019 al Antel Arena"},"content":{"rendered":"<p><img fetchpriority=\"high\" decoding=\"async\" class=\"aligncenter wp-image-120022 size-large\" title=\"Miguel Bos\u00e9 trae su \u2018Importante Tour\u2019 al Antel Arena\" src=\"https:\/\/cooltivarte.com\/portal\/wp-content\/uploads\/2025\/11\/Miguel-Bose-1024x1024.jpg\" alt=\"Miguel Bos\u00e9 trae su \u2018Importante Tour\u2019 al Antel Arena\" width=\"1024\" height=\"1024\" srcset=\"https:\/\/cooltivarte.com\/portal\/wp-content\/uploads\/2025\/11\/Miguel-Bose-1024x1024.jpg 1024w, https:\/\/cooltivarte.com\/portal\/wp-content\/uploads\/2025\/11\/Miguel-Bose-300x300.jpg 300w, https:\/\/cooltivarte.com\/portal\/wp-content\/uploads\/2025\/11\/Miguel-Bose-150x150.jpg 150w, https:\/\/cooltivarte.com\/portal\/wp-content\/uploads\/2025\/11\/Miguel-Bose-768x768.jpg 768w, https:\/\/cooltivarte.com\/portal\/wp-content\/uploads\/2025\/11\/Miguel-Bose-120x120.jpg 120w, https:\/\/cooltivarte.com\/portal\/wp-content\/uploads\/2025\/11\/Miguel-Bose-75x75.jpg 75w, https:\/\/cooltivarte.com\/portal\/wp-content\/uploads\/2025\/11\/Miguel-Bose.jpg 1080w\" sizes=\"(max-width: 1024px) 100vw, 1024px\" \/><\/p>\n<p>&nbsp;<\/p>\n<p><strong>BOS\u00c9 EST\u00c1 DE VUELTA<\/strong><\/p>\n<p><strong>ENAMORANDO AL P\u00daBLICO CON SU \u201cIMPORTANTE TOUR\u201d<\/strong><\/p>\n<p><strong>UN ENCUENTRO INTIMO Y PROVOCADOR QUE LLEGA A URUGUAY<\/strong><\/p>\n<p><strong>21 de febrero 2026<\/strong><br \/>\n<strong><a href=\"https:\/\/www.antelarena.com.uy\/events\/detail\/miguel-bose\" target=\"_blank\" rel=\"noopener\">Antel Arena<\/a><\/strong><\/p>\n<p>La preventa para clientes de Ita\u00fa y Canjes Volar comienza este 26 de noviembre a las 10 AM en antelarena.com.uy. La venta general empieza el 28 de noviembre a las 10 AM.<\/p>\n<p>&nbsp;<\/p>\n<p>&nbsp;<\/p>\n<p>El ic\u00f3nico cantante y compositor <a href=\"https:\/\/cooltivarte.com\/portal\/?s=Miguel+Bos%C3%A9\" target=\"_blank\" rel=\"noopener\"><strong>Miguel Bos\u00e9<\/strong><\/a>, considerado uno de los artistas hispanos m\u00e1s influyentes del mundo, anuncia con gran emoci\u00f3n la llegada de su \u201cIMPORTANTE TOUR\u201d a Sudam\u00e9rica y Centroam\u00e9rica, un espect\u00e1culo que promete ser intenso, \u00edntimo y profundamente conmovedor.<\/p>\n<p>Tras a\u00f1os de espera, Bos\u00e9 regres\u00f3 a los escenarios con un show que sacude el coraz\u00f3n y conecta con cada espectador de manera \u00fanica. Su imponente presencia esc\u00e9nica, acompa\u00f1ada de una puesta en escena de alto nivel, demuestra por qu\u00e9 sigue conquistando a nuevas generaciones y manteniendo intacto el amor de sus seguidores m\u00e1s fieles.<\/p>\n<p>\u201cIMPORTANTE TOUR\u201d es mucho m\u00e1s que un concierto: es una experiencia sensorial donde la m\u00fasica, la coreograf\u00eda, la iluminaci\u00f3n y el sonido se funden con elegancia y fuerza. Cada detalle ha sido cuidadosamente dise\u00f1ado para ofrecer un viaje \u00edntimo y vibrante, donde Bos\u00e9 transforma cada canci\u00f3n en un momento inolvidable.<\/p>\n<p>Temas ic\u00f3nicos como \u201cAmante Bandido\u201d, \u201cSi T\u00fa No Vuelves\u201d, \u201cAire Soy\u201d, \u201cAmiga\u201d y muchos m\u00e1s forman parte de un repertorio que trasciende generaciones y que se convierte en el soundtrack de vida de cada asistente.<\/p>\n<p>Los escenarios que ya han sido testigos de esta gira dan fe de la magia y el fervor que despierta Miguel Bos\u00e9. Miles de personas se han reunido para cantar, emocionarse y vivir de cerca un espect\u00e1culo que rompe fronteras y se prepara ahora para conquistar Centroam\u00e9rica. La gira ya ha visitado Espa\u00f1a y M\u00e9xico, pr\u00f3ximamente llegar\u00e1 a Estados Unidos, y en 2026 dar\u00e1 inici\u00f3 su esperado recorrido por Sudam\u00e9rica y Centroam\u00e9rica, llevando la intensidad, el arte y la magia de Bos\u00e9 a cada escenario.<\/p>\n<p>&nbsp;<\/p>\n<p>&nbsp;<\/p>\n<p>&nbsp;<\/p>\n","protected":false},"excerpt":{"rendered":"<p>BOS\u00c9 EST\u00c1 DE VUELTA<\/p>\n<p>ENAMORANDO AL P\u00daBLICO CON SU \u201cIMPORTANTE TOUR\u201d<\/p>\n<p>UN ENCUENTRO INTIMO Y PROVOCADOR QUE LLEGA A URUGUAY<\/p>\n<p>21 de febrero 2026<br \/>\nAntel Arena<\/p>\n<p>La preventa para clientes de Ita\u00fa y Canjes Volar comienza este 26 de noviembre a las 10 AM en antelarena.com.uy. La venta general empieza el 28 de noviembre a las 10 AM.<\/p>\n<p>El ic\u00f3nico cantante y compositor Miguel Bos\u00e9, considerado uno de los artistas hispanos m\u00e1s influyentes del mundo, anuncia con gran emoci\u00f3n la llegada de su \u201cIMPORTANTE TOUR\u201d a Sudam\u00e9rica y Centroam\u00e9rica, un espect\u00e1culo que promete ser intenso, \u00edntimo y profundamente conmovedor.<\/p>\n<p>Tras a\u00f1os de espera, Bos\u00e9 regres\u00f3 a los escenarios con un show que sacude el coraz\u00f3n y conecta con cada espectador de manera \u00fanica. Su imponente presencia esc\u00e9nica, acompa\u00f1ada de una puesta en escena de alto nivel, demuestra por qu\u00e9 sigue conquistando a nuevas generaciones y manteniendo intacto el amor de sus seguidores m\u00e1s fieles.<\/p>\n","protected":false},"author":8,"featured_media":120022,"comment_status":"closed","ping_status":"closed","sticky":false,"template":"","format":"standard","meta":{"om_disable_all_campaigns":false,"ngg_post_thumbnail":0,"jnews-multi-image_gallery":[],"jnews_single_post":{"format":"standard","override":[{"template":"4","parallax":"1","layout":"right-sidebar","sidebar":"default-sidebar","second_sidebar":"default-sidebar","sticky_sidebar":"1","share_position":"bottom","share_float_style":"share-monocrhome","show_share_counter":"1","show_view_counter":"1","show_featured":"1","show_post_meta":"1","show_post_author":"1","show_post_author_image":"1","show_post_date":"1","post_date_format":"default","post_date_format_custom":"Y\/m\/d","show_post_category":"1","post_reading_time_wpm":"300","post_calculate_word_method":"str_word_count","zoom_button_out_step":"2","zoom_button_in_step":"3","show_post_tag":"1","show_prev_next_post":"1","show_popup_post":"1","show_comment_section":"1","number_popup_post":"1","show_author_box":"1","show_post_related":"0","show_inline_post_related":"0"}],"image_override":[{"single_post_thumbnail_size":"no-crop","single_post_gallery_size":"crop-500"}],"trending_post_position":"meta","trending_post_label":"Trending","sponsored_post_label":"Sponsored by","disable_ad":"0","subtitle":"21 de febrero 2026"},"jnews_primary_category":[],"jnews_social_meta":[],"jnews_override_counter":{"view_counter_number":"0","share_counter_number":"0","like_counter_number":"0","dislike_counter_number":"0"},"footnotes":""},"categories":[3394],"tags":[7467,24999,24998],"class_list":["post-120021","post","type-post","status-publish","format-standard","has-post-thumbnail","hentry","category-eventos","tag-antel-arena","tag-importante-tour","tag-miguel-bose"],"yoast_head":"<!-- This site is optimized with the Yoast SEO plugin v27.5 - https:\/\/yoast.com\/product\/yoast-seo-wordpress\/ -->\n<title>Miguel Bos\u00e9 trae su \u2018Importante Tour\u2019 al Antel Arena - Cooltivarte Portal<\/title>\n<meta name=\"description\" content=\"El ic\u00f3nico cantante y compositor Miguel Bos\u00e9, considerado uno de los artistas hispanos m\u00e1s influyentes del mundo, anuncia con gran emoci\u00f3n la llegada de su \u201cIMPORTANTE TOUR\u201d a Sudam\u00e9rica y Centroam\u00e9rica, un espect\u00e1culo que promete ser intenso, \u00edntimo y profundamente conmovedor.\" \/>\n<meta name=\"robots\" content=\"index, follow, max-snippet:-1, max-image-preview:large, max-video-preview:-1\" \/>\n<link rel=\"canonical\" href=\"https:\/\/cooltivarte.com\/portal\/miguel-bose-trae-su-importante-tour-al-antel-arena\/\" \/>\n<meta property=\"og:locale\" content=\"es_ES\" \/>\n<meta property=\"og:type\" content=\"article\" \/>\n<meta property=\"og:title\" content=\"Miguel Bos\u00e9 trae su \u2018Importante Tour\u2019 al Antel Arena - 21 de febrero 2026\" \/>\n<meta property=\"og:description\" content=\"El ic\u00f3nico cantante y compositor Miguel Bos\u00e9, considerado uno de los artistas hispanos m\u00e1s influyentes del mundo, anuncia con gran emoci\u00f3n la llegada de su \u201cIMPORTANTE TOUR\u201d a Sudam\u00e9rica y Centroam\u00e9rica, un espect\u00e1culo que promete ser intenso, \u00edntimo y profundamente conmovedor.\" \/>\n<meta property=\"og:url\" content=\"https:\/\/cooltivarte.com\/portal\/miguel-bose-trae-su-importante-tour-al-antel-arena\/\" \/>\n<meta property=\"og:site_name\" content=\"Cooltivarte Portal\" \/>\n<meta property=\"article:publisher\" content=\"https:\/\/www.facebook.com\/cooltivartecom\/\" \/>\n<meta property=\"article:author\" content=\"https:\/\/www.facebook.com\/cooltivartecom\" \/>\n<meta property=\"article:published_time\" content=\"2025-11-24T14:07:12+00:00\" \/>\n<meta property=\"article:modified_time\" content=\"2025-11-24T14:10:02+00:00\" \/>\n<meta property=\"og:image\" content=\"https:\/\/cooltivarte.com\/portal\/wp-content\/uploads\/2025\/11\/Miguel-Bose.jpg\" \/>\n\t<meta property=\"og:image:width\" content=\"1080\" \/>\n\t<meta property=\"og:image:height\" content=\"1080\" \/>\n\t<meta property=\"og:image:type\" content=\"image\/jpeg\" \/>\n<meta name=\"author\" content=\"Cooltivarte\" \/>\n<meta name=\"twitter:card\" content=\"summary_large_image\" \/>\n<meta name=\"twitter:title\" content=\"Miguel Bos\u00e9 trae su \u2018Importante Tour\u2019 al Antel Arena - 21 de febrero 2026\" \/>\n<meta name=\"twitter:description\" content=\"El ic\u00f3nico cantante y compositor Miguel Bos\u00e9, considerado uno de los artistas hispanos m\u00e1s influyentes del mundo, anuncia con gran emoci\u00f3n la llegada de su \u201cIMPORTANTE TOUR\u201d a Sudam\u00e9rica y Centroam\u00e9rica, un espect\u00e1culo que promete ser intenso, \u00edntimo y profundamente conmovedor.\" \/>\n<meta name=\"twitter:image\" content=\"https:\/\/cooltivarte.com\/portal\/wp-content\/uploads\/2025\/11\/Miguel-Bose.jpg\" \/>\n<meta name=\"twitter:creator\" content=\"@https:\/\/x.com\/obolocultural\" \/>\n<meta name=\"twitter:site\" content=\"@obolocultural\" \/>\n<meta name=\"twitter:label1\" content=\"Escrito por\" \/>\n\t<meta name=\"twitter:data1\" content=\"Cooltivarte\" \/>\n\t<meta name=\"twitter:label2\" content=\"Tiempo de lectura\" \/>\n\t<meta name=\"twitter:data2\" content=\"2 minutos\" \/>\n<!-- \/ Yoast SEO plugin. -->","yoast_head_json":{"title":"Miguel Bos\u00e9 trae su \u2018Importante Tour\u2019 al Antel Arena - Cooltivarte Portal","description":"El ic\u00f3nico cantante y compositor Miguel Bos\u00e9, considerado uno de los artistas hispanos m\u00e1s influyentes del mundo, anuncia con gran emoci\u00f3n la llegada de su \u201cIMPORTANTE TOUR\u201d a Sudam\u00e9rica y Centroam\u00e9rica, un espect\u00e1culo que promete ser intenso, \u00edntimo y profundamente conmovedor.","robots":{"index":"index","follow":"follow","max-snippet":"max-snippet:-1","max-image-preview":"max-image-preview:large","max-video-preview":"max-video-preview:-1"},"canonical":"https:\/\/cooltivarte.com\/portal\/miguel-bose-trae-su-importante-tour-al-antel-arena\/","og_locale":"es_ES","og_type":"article","og_title":"Miguel Bos\u00e9 trae su \u2018Importante Tour\u2019 al Antel Arena - 21 de febrero 2026","og_description":"El ic\u00f3nico cantante y compositor Miguel Bos\u00e9, considerado uno de los artistas hispanos m\u00e1s influyentes del mundo, anuncia con gran emoci\u00f3n la llegada de su \u201cIMPORTANTE TOUR\u201d a Sudam\u00e9rica y Centroam\u00e9rica, un espect\u00e1culo que promete ser intenso, \u00edntimo y profundamente conmovedor.","og_url":"https:\/\/cooltivarte.com\/portal\/miguel-bose-trae-su-importante-tour-al-antel-arena\/","og_site_name":"Cooltivarte Portal","article_publisher":"https:\/\/www.facebook.com\/cooltivartecom\/","article_author":"https:\/\/www.facebook.com\/cooltivartecom","article_published_time":"2025-11-24T14:07:12+00:00","article_modified_time":"2025-11-24T14:10:02+00:00","og_image":[{"width":1080,"height":1080,"url":"https:\/\/cooltivarte.com\/portal\/wp-content\/uploads\/2025\/11\/Miguel-Bose.jpg","type":"image\/jpeg"}],"author":"Cooltivarte","twitter_card":"summary_large_image","twitter_title":"Miguel Bos\u00e9 trae su \u2018Importante Tour\u2019 al Antel Arena - 21 de febrero 2026","twitter_description":"El ic\u00f3nico cantante y compositor Miguel Bos\u00e9, considerado uno de los artistas hispanos m\u00e1s influyentes del mundo, anuncia con gran emoci\u00f3n la llegada de su \u201cIMPORTANTE TOUR\u201d a Sudam\u00e9rica y Centroam\u00e9rica, un espect\u00e1culo que promete ser intenso, \u00edntimo y profundamente conmovedor.","twitter_image":"https:\/\/cooltivarte.com\/portal\/wp-content\/uploads\/2025\/11\/Miguel-Bose.jpg","twitter_creator":"@https:\/\/x.com\/obolocultural","twitter_site":"@obolocultural","twitter_misc":{"Escrito por":"Cooltivarte","Tiempo de lectura":"2 minutos"},"schema":{"@context":"https:\/\/schema.org","@graph":[{"@type":"NewsArticle","@id":"https:\/\/cooltivarte.com\/portal\/miguel-bose-trae-su-importante-tour-al-antel-arena\/#article","isPartOf":{"@id":"https:\/\/cooltivarte.com\/portal\/miguel-bose-trae-su-importante-tour-al-antel-arena\/"},"author":{"name":"Cooltivarte","@id":"https:\/\/cooltivarte.com\/portal\/#\/schema\/person\/ec2a4f4e71b740d0c559c0ab9a157e19"},"headline":"Miguel Bos\u00e9 trae su \u2018Importante Tour\u2019 al Antel Arena","datePublished":"2025-11-24T14:07:12+00:00","dateModified":"2025-11-24T14:10:02+00:00","mainEntityOfPage":{"@id":"https:\/\/cooltivarte.com\/portal\/miguel-bose-trae-su-importante-tour-al-antel-arena\/"},"wordCount":361,"publisher":{"@id":"https:\/\/cooltivarte.com\/portal\/#organization"},"image":{"@id":"https:\/\/cooltivarte.com\/portal\/miguel-bose-trae-su-importante-tour-al-antel-arena\/#primaryimage"},"thumbnailUrl":"https:\/\/cooltivarte.com\/portal\/wp-content\/uploads\/2025\/11\/Miguel-Bose.jpg","keywords":["Antel Arena","IMPORTANTE TOUR","Miguel Bos\u00e9"],"articleSection":["Eventos"],"inLanguage":"es-AR"},{"@type":"WebPage","@id":"https:\/\/cooltivarte.com\/portal\/miguel-bose-trae-su-importante-tour-al-antel-arena\/","url":"https:\/\/cooltivarte.com\/portal\/miguel-bose-trae-su-importante-tour-al-antel-arena\/","name":"Miguel Bos\u00e9 trae su \u2018Importante Tour\u2019 al Antel Arena - Cooltivarte Portal","isPartOf":{"@id":"https:\/\/cooltivarte.com\/portal\/#website"},"primaryImageOfPage":{"@id":"https:\/\/cooltivarte.com\/portal\/miguel-bose-trae-su-importante-tour-al-antel-arena\/#primaryimage"},"image":{"@id":"https:\/\/cooltivarte.com\/portal\/miguel-bose-trae-su-importante-tour-al-antel-arena\/#primaryimage"},"thumbnailUrl":"https:\/\/cooltivarte.com\/portal\/wp-content\/uploads\/2025\/11\/Miguel-Bose.jpg","datePublished":"2025-11-24T14:07:12+00:00","dateModified":"2025-11-24T14:10:02+00:00","description":"El ic\u00f3nico cantante y compositor Miguel Bos\u00e9, considerado uno de los artistas hispanos m\u00e1s influyentes del mundo, anuncia con gran emoci\u00f3n la llegada de su \u201cIMPORTANTE TOUR\u201d a Sudam\u00e9rica y Centroam\u00e9rica, un espect\u00e1culo que promete ser intenso, \u00edntimo y profundamente conmovedor.","breadcrumb":{"@id":"https:\/\/cooltivarte.com\/portal\/miguel-bose-trae-su-importante-tour-al-antel-arena\/#breadcrumb"},"inLanguage":"es-AR","potentialAction":[{"@type":"ReadAction","target":["https:\/\/cooltivarte.com\/portal\/miguel-bose-trae-su-importante-tour-al-antel-arena\/"]}]},{"@type":"ImageObject","inLanguage":"es-AR","@id":"https:\/\/cooltivarte.com\/portal\/miguel-bose-trae-su-importante-tour-al-antel-arena\/#primaryimage","url":"https:\/\/cooltivarte.com\/portal\/wp-content\/uploads\/2025\/11\/Miguel-Bose.jpg","contentUrl":"https:\/\/cooltivarte.com\/portal\/wp-content\/uploads\/2025\/11\/Miguel-Bose.jpg","width":1080,"height":1080,"caption":"Miguel Bos\u00e9 trae su \u2018Importante Tour\u2019 al Antel Arena"},{"@type":"BreadcrumbList","@id":"https:\/\/cooltivarte.com\/portal\/miguel-bose-trae-su-importante-tour-al-antel-arena\/#breadcrumb","itemListElement":[{"@type":"ListItem","position":1,"name":"Portada","item":"https:\/\/cooltivarte.com\/portal\/"},{"@type":"ListItem","position":2,"name":"Miguel Bos\u00e9 trae su \u2018Importante Tour\u2019 al Antel Arena"}]},{"@type":"WebSite","@id":"https:\/\/cooltivarte.com\/portal\/#website","url":"https:\/\/cooltivarte.com\/portal\/","name":"Cooltivarte Portal","description":"Arte, cultura y turismo para el mundo ...","publisher":{"@id":"https:\/\/cooltivarte.com\/portal\/#organization"},"potentialAction":[{"@type":"SearchAction","target":{"@type":"EntryPoint","urlTemplate":"https:\/\/cooltivarte.com\/portal\/?s={search_term_string}"},"query-input":{"@type":"PropertyValueSpecification","valueRequired":true,"valueName":"search_term_string"}}],"inLanguage":"es-AR"},{"@type":"Organization","@id":"https:\/\/cooltivarte.com\/portal\/#organization","name":"cooltivarte","url":"https:\/\/cooltivarte.com\/portal\/","logo":{"@type":"ImageObject","inLanguage":"es-AR","@id":"https:\/\/cooltivarte.com\/portal\/#\/schema\/logo\/image\/","url":"https:\/\/cooltivarte.com\/portal\/wp-content\/uploads\/2020\/04\/logo-cooltivarte-v2.png","contentUrl":"https:\/\/cooltivarte.com\/portal\/wp-content\/uploads\/2020\/04\/logo-cooltivarte-v2.png","width":851,"height":243,"caption":"cooltivarte"},"image":{"@id":"https:\/\/cooltivarte.com\/portal\/#\/schema\/logo\/image\/"},"sameAs":["https:\/\/www.facebook.com\/cooltivartecom\/","https:\/\/x.com\/obolocultural","https:\/\/www.instagram.com\/_cooltivarte_\/","https:\/\/www.linkedin.com\/company\/-bolocultural?reportsuccess=8zaNG1HwhPbAR9iQhZ5rfGeqz_vQFftHun0ZWU0Wy9vNemRJ8vtcKdJvzQfW8XagyOJSKg0XvfJ1dp","https:\/\/www.pinterest.com\/cooltivarte\/","https:\/\/cooltivarte.tumblr.com\/","https:\/\/www.tiktok.com\/@cooltivarte","https:\/\/www.youtube.com\/@PrensaCooltivarte"]},{"@type":"Person","@id":"https:\/\/cooltivarte.com\/portal\/#\/schema\/person\/ec2a4f4e71b740d0c559c0ab9a157e19","name":"Cooltivarte","image":{"@type":"ImageObject","inLanguage":"es-AR","@id":"https:\/\/cooltivarte.com\/portal\/wp-content\/uploads\/2014\/05\/logo-cooltivarte-120x120.jpg","url":"https:\/\/cooltivarte.com\/portal\/wp-content\/uploads\/2014\/05\/logo-cooltivarte-120x120.jpg","contentUrl":"https:\/\/cooltivarte.com\/portal\/wp-content\/uploads\/2014\/05\/logo-cooltivarte-120x120.jpg","caption":"Cooltivarte"},"description":"Somos COOLTIVARTE.COM. Un portal digital dedicado a difundir el acontecer art\u00edstico y cultural del Uruguay. Estamos en la vuelta desde el a\u00f1o 2003, y como evoluci\u00f3n del bolet\u00edn Obolo Cultural, nos encontramos abocados a apoyar a los artistas nacionales brind\u00e1ndoles un espacio de difusi\u00f3n. Creemos en la idea de utilizar la potencialidad que hoy d\u00eda nos otorga la web, para que la cultura uruguaya y sus creadores dispongan de una din\u00e1mica ventana, que los ponga en contacto entre s\u00ed y con el mundo. Somos COOLTIVARTE.COM y pretendemos configurarnos como un portal din\u00e1mico, entretenido y atento a los nuevos emprendimientos, que busque siempre la interacci\u00f3n con los artistas.","sameAs":["http:\/\/www.cooltivarte.com","https:\/\/www.facebook.com\/cooltivartecom","https:\/\/www.instagram.com\/_cooltivarte_\/","https:\/\/www.linkedin.com\/company\/-bolocultural","https:\/\/www.pinterest.com\/cooltivarte\/","https:\/\/x.com\/https:\/\/x.com\/obolocultural","https:\/\/www.youtube.com\/@PrensaCooltivarte","https:\/\/www.tumblr.com\/blog\/cooltivarte"],"url":"https:\/\/cooltivarte.com\/portal\/author\/cooltivarte\/"}]}},"_links":{"self":[{"href":"https:\/\/cooltivarte.com\/portal\/wp-json\/wp\/v2\/posts\/120021","targetHints":{"allow":["GET"]}}],"collection":[{"href":"https:\/\/cooltivarte.com\/portal\/wp-json\/wp\/v2\/posts"}],"about":[{"href":"https:\/\/cooltivarte.com\/portal\/wp-json\/wp\/v2\/types\/post"}],"author":[{"embeddable":true,"href":"https:\/\/cooltivarte.com\/portal\/wp-json\/wp\/v2\/users\/8"}],"replies":[{"embeddable":true,"href":"https:\/\/cooltivarte.com\/portal\/wp-json\/wp\/v2\/comments?post=120021"}],"version-history":[{"count":1,"href":"https:\/\/cooltivarte.com\/portal\/wp-json\/wp\/v2\/posts\/120021\/revisions"}],"predecessor-version":[{"id":120023,"href":"https:\/\/cooltivarte.com\/portal\/wp-json\/wp\/v2\/posts\/120021\/revisions\/120023"}],"wp:featuredmedia":[{"embeddable":true,"href":"https:\/\/cooltivarte.com\/portal\/wp-json\/wp\/v2\/media\/120022"}],"wp:attachment":[{"href":"https:\/\/cooltivarte.com\/portal\/wp-json\/wp\/v2\/media?parent=120021"}],"wp:term":[{"taxonomy":"category","embeddable":true,"href":"https:\/\/cooltivarte.com\/portal\/wp-json\/wp\/v2\/categories?post=120021"},{"taxonomy":"post_tag","embeddable":true,"href":"https:\/\/cooltivarte.com\/portal\/wp-json\/wp\/v2\/tags?post=120021"}],"curies":[{"name":"wp","href":"https:\/\/api.w.org\/{rel}","templated":true}]}}