{"id":119744,"date":"2025-11-14T12:23:27","date_gmt":"2025-11-14T15:23:27","guid":{"rendered":"https:\/\/cooltivarte.com\/portal\/?p=119744"},"modified":"2025-11-16T12:32:04","modified_gmt":"2025-11-16T15:32:04","slug":"aitana-celebra-su-primer-latin-grammy","status":"publish","type":"post","link":"https:\/\/cooltivarte.com\/portal\/aitana-celebra-su-primer-latin-grammy\/","title":{"rendered":"AITANA CELEBRA SU PRIMER LATIN GRAMMY"},"content":{"rendered":"<p><img fetchpriority=\"high\" decoding=\"async\" class=\"aligncenter wp-image-119745 size-full\" title=\"AITANA CELEBRA SU PRIMER LATIN GRAMMY Y REAFIRMA SU POSICI\u00d3N DE ARTISTA GLOBAL\" src=\"https:\/\/cooltivarte.com\/portal\/wp-content\/uploads\/2025\/11\/AITANA-CELEBRA-SU-PRIMER-LATIN-GRAMMY-Y-REAFIRMA-SU-POSICION-DE-ARTISTA-GLOBAL.png\" alt=\"AITANA CELEBRA SU PRIMER LATIN GRAMMY Y REAFIRMA SU POSICI\u00d3N DE ARTISTA GLOBAL\" width=\"936\" height=\"626\" srcset=\"https:\/\/cooltivarte.com\/portal\/wp-content\/uploads\/2025\/11\/AITANA-CELEBRA-SU-PRIMER-LATIN-GRAMMY-Y-REAFIRMA-SU-POSICION-DE-ARTISTA-GLOBAL.png 936w, https:\/\/cooltivarte.com\/portal\/wp-content\/uploads\/2025\/11\/AITANA-CELEBRA-SU-PRIMER-LATIN-GRAMMY-Y-REAFIRMA-SU-POSICION-DE-ARTISTA-GLOBAL-300x201.png 300w, https:\/\/cooltivarte.com\/portal\/wp-content\/uploads\/2025\/11\/AITANA-CELEBRA-SU-PRIMER-LATIN-GRAMMY-Y-REAFIRMA-SU-POSICION-DE-ARTISTA-GLOBAL-768x514.png 768w\" sizes=\"(max-width: 936px) 100vw, 936px\" \/><\/p>\n<p>&nbsp;<\/p>\n<p><strong>AITANA CELEBRA SU PRIMER LATIN GRAMMY Y REAFIRMA SU POSICI\u00d3N DE ARTISTA GLOBAL <\/strong><\/p>\n<p><strong>AITANA HACE HISTORIA EN LOS LATIN GRAMMY\u00ae, AL RECIBIR SU PRIMER GRAM\u00d3FONO DORADO TRAS DOS NOMINACIONES Y FINALIZA UNA SEMANA DE \u00c9XITO EN LAS VEGAS CON UNA ACTUACI\u00d3N MEMORABLE<\/strong><\/p>\n<p>&nbsp;<\/p>\n<p><a href=\"https:\/\/cooltivarte.com\/portal\/?s=AITANA\" target=\"_blank\" rel=\"noopener\"><b>AITANA<\/b><\/a>&nbsp;ha vuelto a triunfar los&nbsp;<b>Latin GRAMMY\u00ae<\/b>&nbsp;con una presencia estelar durante la semana que ha reafirmado su posici\u00f3n como una de las artistas m\u00e1s destacadas del panorama musical internacional. La artista espa\u00f1ola brill\u00f3 en una semana cargada de emociones, actuaciones memorables y dos nominaciones que concluyen en un nuevo galard\u00f3n que consolida su trayectoria.<\/p>\n<p>Anoche tuvo lugar la&nbsp;<b>26\u00aa Entrega Anual de Latin GRAMMY<\/b>\u00ae en el MGM Grand Garden Arena de Las Vegas, donde&nbsp;<b>AITANA<\/b>&nbsp;no s\u00f3lo ofreci\u00f3 una de las actuaciones m\u00e1s comentadas de la noche, arrancando el aplauso m\u00e1s sincero de artistas como Bad Bunny, sino que adem\u00e1s se alz\u00f3 con el premio a<b>&nbsp;<i>&#8220;Mejor Empaque&#8221;<\/i>&nbsp;<\/b>por su \u00e1lbum<b>&nbsp;<i>&#8216;CUARTO AZUL&#8217;<\/i><\/b>, consolidando su trayectoria y reafirmando su evoluci\u00f3n art\u00edstica y el impacto internacional de su m\u00fasica.<\/p>\n<p>Este triunfo representa el reconocimiento a la evoluci\u00f3n y ambici\u00f3n art\u00edstica que han definido su trayectoria en los \u00faltimos a\u00f1os. Con un sonido cada vez m\u00e1s global y una identidad musical plenamente consolidada, AITANA contin\u00faa demostrando su capacidad para conectar con audiencias de todo el mundo.<\/p>\n<p>Visiblemente emocionada al recoger el galard\u00f3n, AITANA agradeci\u00f3 a su equipo, a su familia y a sus fans:<\/p>\n<p><i>&#8220;Esto es muy fuerte para m\u00ed, nunca en mi vida he recibido uno de estos. Siempre lo so\u00f1amos, pero nunca creemos que pueda pasar&#8221;.<\/i><\/p>\n<p>El galard\u00f3n llega tras una semana en la que AITANA ha sido una de las grandes protagonistas. La cantante abri\u00f3 su paso por los Latin GRAMMY\u00ae participando en la gala&nbsp;<b><i>\u201cBest New Artist<\/i>\u201d,&nbsp;<\/b>donde no s\u00f3lo actu\u00f3, interpretando una \u00edntima versi\u00f3n de su tema&nbsp;<b><i>&#8220;Vas a Quedarte&#8221;<\/i><\/b>, sino que se convirti\u00f3 en maestra de ceremonias, presentando a los nominados de este a\u00f1o y recordando con emoci\u00f3n el reconocimiento que ella misma recibi\u00f3 en esa categor\u00eda en el a\u00f1o 2019.<\/p>\n<p>Al d\u00eda siguiente, AITANA rindi\u00f3 homenaje a uno de los grandes iconos de la m\u00fasica en espa\u00f1ol durante el&nbsp;<b><i>\u201cPerson of the Year\u201d<\/i><\/b>&nbsp;dedicado a&nbsp;<b>Raphael<\/b>, interpretando una versi\u00f3n especial de uno de sus temas m\u00e1s emblem\u00e1ticos, junto a&nbsp;<b>Pablo L\u00f3pez<\/b>, que emocion\u00f3 al p\u00fablico y al propio artista.<\/p>\n<p>Esta semana ha confirmado el papel de AITANA<b>&nbsp;<\/b>como embajadora del pop en espa\u00f1ol y contin\u00faa ampliando su presencia en los escenarios internacionales que la sit\u00faan entre las grandes figuras de la nueva generaci\u00f3n musical global.<\/p>\n<p>&nbsp;<\/p>\n","protected":false},"excerpt":{"rendered":"<p>AITANA CELEBRA SU PRIMER LATIN GRAMMY Y REAFIRMA SU POSICI\u00d3N DE ARTISTA GLOBAL<\/p>\n<p>AITANA HACE HISTORIA EN LOS LATIN GRAMMY\u00ae, AL RECIBIR SU PRIMER GRAM\u00d3FONO DORADO TRAS DOS NOMINACIONES Y FINALIZA UNA SEMANA DE \u00c9XITO EN LAS VEGAS CON UNA ACTUACI\u00d3N MEMORABLE<\/p>\n<p>AITANA\u00a0ha vuelto a triunfar los\u00a0Latin GRAMMY\u00ae\u00a0con una presencia estelar durante la semana que ha reafirmado su posici\u00f3n como una de las artistas m\u00e1s destacadas del panorama musical internacional. La artista espa\u00f1ola brill\u00f3 en una semana cargada de emociones, actuaciones memorables y dos nominaciones que concluyen en un nuevo galard\u00f3n que consolida su trayectoria.<\/p>\n<p>Anoche tuvo lugar la\u00a026\u00aa Entrega Anual de Latin GRAMMY\u00ae en el MGM Grand Garden Arena de Las Vegas, donde\u00a0AITANA\u00a0no s\u00f3lo ofreci\u00f3 una de las actuaciones m\u00e1s comentadas de la noche, arrancando el aplauso m\u00e1s sincero de artistas como Bad Bunny, sino que adem\u00e1s se alz\u00f3 con el premio a\u00a0&#8220;Mejor Empaque&#8221;\u00a0por su \u00e1lbum\u00a0&#8216;CUARTO AZUL&#8217;, consolidando su trayectoria y reafirmando su evoluci\u00f3n art\u00edstica y el impacto internacional de su m\u00fasica.<\/p>\n","protected":false},"author":8,"featured_media":119745,"comment_status":"closed","ping_status":"closed","sticky":false,"template":"","format":"standard","meta":{"om_disable_all_campaigns":false,"ngg_post_thumbnail":0,"jnews-multi-image_gallery":[],"jnews_single_post":{"format":"standard","override":[{"template":"4","parallax":"1","layout":"right-sidebar","sidebar":"default-sidebar","second_sidebar":"default-sidebar","sticky_sidebar":"1","share_position":"bottom","share_float_style":"share-monocrhome","show_share_counter":"1","show_view_counter":"1","show_featured":"1","show_post_meta":"1","show_post_author":"1","show_post_author_image":"1","show_post_date":"1","post_date_format":"default","post_date_format_custom":"Y\/m\/d","show_post_category":"1","post_reading_time_wpm":"300","post_calculate_word_method":"str_word_count","zoom_button_out_step":"2","zoom_button_in_step":"3","show_post_tag":"1","show_prev_next_post":"1","show_popup_post":"1","show_comment_section":"1","number_popup_post":"1","show_author_box":"1","show_post_related":"0","show_inline_post_related":"0"}],"image_override":[{"single_post_thumbnail_size":"no-crop","single_post_gallery_size":"crop-500"}],"trending_post_position":"meta","trending_post_label":"Trending","sponsored_post_label":"Sponsored by","disable_ad":"0","subtitle":"REAFIRMA SU POSICI\u00d3N DE ARTISTA GLOBAL"},"jnews_primary_category":[],"jnews_social_meta":[],"jnews_override_counter":{"view_counter_number":"0","share_counter_number":"0","like_counter_number":"0","dislike_counter_number":"0"},"footnotes":""},"categories":[13675],"tags":[15057,725],"class_list":["post-119744","post","type-post","status-publish","format-standard","has-post-thumbnail","hentry","category-novedades","tag-aitana","tag-latin-grammy"],"yoast_head":"<!-- This site is optimized with the Yoast SEO plugin v27.5 - https:\/\/yoast.com\/product\/yoast-seo-wordpress\/ -->\n<title>AITANA CELEBRA SU PRIMER LATIN GRAMMY - Cooltivarte Portal<\/title>\n<meta name=\"description\" content=\"AL RECIBIR SU PRIMER GRAM\u00d3FONO DORADO TRAS DOS NOMINACIONES Y FINALIZA UNA SEMANA DE \u00c9XITO EN LAS VEGAS CON UNA ACTUACI\u00d3N MEMORABLE\" \/>\n<meta name=\"robots\" content=\"index, follow, max-snippet:-1, max-image-preview:large, max-video-preview:-1\" \/>\n<link rel=\"canonical\" href=\"https:\/\/cooltivarte.com\/portal\/aitana-celebra-su-primer-latin-grammy\/\" \/>\n<meta property=\"og:locale\" content=\"es_ES\" \/>\n<meta property=\"og:type\" content=\"article\" \/>\n<meta property=\"og:title\" content=\"AITANA CELEBRA SU PRIMER LATIN GRAMMY Y REAFIRMA SU POSICI\u00d3N DE ARTISTA GLOBAL\" \/>\n<meta property=\"og:description\" content=\"AL RECIBIR SU PRIMER GRAM\u00d3FONO DORADO TRAS DOS NOMINACIONES Y FINALIZA UNA SEMANA DE \u00c9XITO EN LAS VEGAS CON UNA ACTUACI\u00d3N MEMORABLE\" \/>\n<meta property=\"og:url\" content=\"https:\/\/cooltivarte.com\/portal\/aitana-celebra-su-primer-latin-grammy\/\" \/>\n<meta property=\"og:site_name\" content=\"Cooltivarte Portal\" \/>\n<meta property=\"article:publisher\" content=\"https:\/\/www.facebook.com\/cooltivartecom\/\" \/>\n<meta property=\"article:author\" content=\"https:\/\/www.facebook.com\/cooltivartecom\" \/>\n<meta property=\"article:published_time\" content=\"2025-11-14T15:23:27+00:00\" \/>\n<meta property=\"article:modified_time\" content=\"2025-11-16T15:32:04+00:00\" \/>\n<meta property=\"og:image\" content=\"https:\/\/cooltivarte.com\/portal\/wp-content\/uploads\/2025\/11\/AITANA-CELEBRA-SU-PRIMER-LATIN-GRAMMY-Y-REAFIRMA-SU-POSICION-DE-ARTISTA-GLOBAL.png\" \/>\n\t<meta property=\"og:image:width\" content=\"936\" \/>\n\t<meta property=\"og:image:height\" content=\"626\" \/>\n\t<meta property=\"og:image:type\" content=\"image\/png\" \/>\n<meta name=\"author\" content=\"Cooltivarte\" \/>\n<meta name=\"twitter:card\" content=\"summary_large_image\" \/>\n<meta name=\"twitter:title\" content=\"AITANA CELEBRA SU PRIMER LATIN GRAMMY Y REAFIRMA SU POSICI\u00d3N DE ARTISTA GLOBAL\" \/>\n<meta name=\"twitter:description\" content=\"AL RECIBIR SU PRIMER GRAM\u00d3FONO DORADO TRAS DOS NOMINACIONES Y FINALIZA UNA SEMANA DE \u00c9XITO EN LAS VEGAS CON UNA ACTUACI\u00d3N MEMORABLE\" \/>\n<meta name=\"twitter:image\" content=\"https:\/\/cooltivarte.com\/portal\/wp-content\/uploads\/2025\/11\/AITANA-CELEBRA-SU-PRIMER-LATIN-GRAMMY-Y-REAFIRMA-SU-POSICION-DE-ARTISTA-GLOBAL.png\" \/>\n<meta name=\"twitter:creator\" content=\"@https:\/\/x.com\/obolocultural\" \/>\n<meta name=\"twitter:site\" content=\"@obolocultural\" \/>\n<meta name=\"twitter:label1\" content=\"Escrito por\" \/>\n\t<meta name=\"twitter:data1\" content=\"Cooltivarte\" \/>\n\t<meta name=\"twitter:label2\" content=\"Tiempo de lectura\" \/>\n\t<meta name=\"twitter:data2\" content=\"3 minutos\" \/>\n<!-- \/ Yoast SEO plugin. -->","yoast_head_json":{"title":"AITANA CELEBRA SU PRIMER LATIN GRAMMY - Cooltivarte Portal","description":"AL RECIBIR SU PRIMER GRAM\u00d3FONO DORADO TRAS DOS NOMINACIONES Y FINALIZA UNA SEMANA DE \u00c9XITO EN LAS VEGAS CON UNA ACTUACI\u00d3N MEMORABLE","robots":{"index":"index","follow":"follow","max-snippet":"max-snippet:-1","max-image-preview":"max-image-preview:large","max-video-preview":"max-video-preview:-1"},"canonical":"https:\/\/cooltivarte.com\/portal\/aitana-celebra-su-primer-latin-grammy\/","og_locale":"es_ES","og_type":"article","og_title":"AITANA CELEBRA SU PRIMER LATIN GRAMMY Y REAFIRMA SU POSICI\u00d3N DE ARTISTA GLOBAL","og_description":"AL RECIBIR SU PRIMER GRAM\u00d3FONO DORADO TRAS DOS NOMINACIONES Y FINALIZA UNA SEMANA DE \u00c9XITO EN LAS VEGAS CON UNA ACTUACI\u00d3N MEMORABLE","og_url":"https:\/\/cooltivarte.com\/portal\/aitana-celebra-su-primer-latin-grammy\/","og_site_name":"Cooltivarte Portal","article_publisher":"https:\/\/www.facebook.com\/cooltivartecom\/","article_author":"https:\/\/www.facebook.com\/cooltivartecom","article_published_time":"2025-11-14T15:23:27+00:00","article_modified_time":"2025-11-16T15:32:04+00:00","og_image":[{"width":936,"height":626,"url":"https:\/\/cooltivarte.com\/portal\/wp-content\/uploads\/2025\/11\/AITANA-CELEBRA-SU-PRIMER-LATIN-GRAMMY-Y-REAFIRMA-SU-POSICION-DE-ARTISTA-GLOBAL.png","type":"image\/png"}],"author":"Cooltivarte","twitter_card":"summary_large_image","twitter_title":"AITANA CELEBRA SU PRIMER LATIN GRAMMY Y REAFIRMA SU POSICI\u00d3N DE ARTISTA GLOBAL","twitter_description":"AL RECIBIR SU PRIMER GRAM\u00d3FONO DORADO TRAS DOS NOMINACIONES Y FINALIZA UNA SEMANA DE \u00c9XITO EN LAS VEGAS CON UNA ACTUACI\u00d3N MEMORABLE","twitter_image":"https:\/\/cooltivarte.com\/portal\/wp-content\/uploads\/2025\/11\/AITANA-CELEBRA-SU-PRIMER-LATIN-GRAMMY-Y-REAFIRMA-SU-POSICION-DE-ARTISTA-GLOBAL.png","twitter_creator":"@https:\/\/x.com\/obolocultural","twitter_site":"@obolocultural","twitter_misc":{"Escrito por":"Cooltivarte","Tiempo de lectura":"3 minutos"},"schema":{"@context":"https:\/\/schema.org","@graph":[{"@type":"NewsArticle","@id":"https:\/\/cooltivarte.com\/portal\/aitana-celebra-su-primer-latin-grammy\/#article","isPartOf":{"@id":"https:\/\/cooltivarte.com\/portal\/aitana-celebra-su-primer-latin-grammy\/"},"author":{"name":"Cooltivarte","@id":"https:\/\/cooltivarte.com\/portal\/#\/schema\/person\/ec2a4f4e71b740d0c559c0ab9a157e19"},"headline":"AITANA CELEBRA SU PRIMER LATIN GRAMMY","datePublished":"2025-11-14T15:23:27+00:00","dateModified":"2025-11-16T15:32:04+00:00","mainEntityOfPage":{"@id":"https:\/\/cooltivarte.com\/portal\/aitana-celebra-su-primer-latin-grammy\/"},"wordCount":489,"publisher":{"@id":"https:\/\/cooltivarte.com\/portal\/#organization"},"image":{"@id":"https:\/\/cooltivarte.com\/portal\/aitana-celebra-su-primer-latin-grammy\/#primaryimage"},"thumbnailUrl":"https:\/\/cooltivarte.com\/portal\/wp-content\/uploads\/2025\/11\/AITANA-CELEBRA-SU-PRIMER-LATIN-GRAMMY-Y-REAFIRMA-SU-POSICION-DE-ARTISTA-GLOBAL.png","keywords":["Aitana","LATIN GRAMMY"],"articleSection":["Novedades"],"inLanguage":"es-AR"},{"@type":"WebPage","@id":"https:\/\/cooltivarte.com\/portal\/aitana-celebra-su-primer-latin-grammy\/","url":"https:\/\/cooltivarte.com\/portal\/aitana-celebra-su-primer-latin-grammy\/","name":"AITANA CELEBRA SU PRIMER LATIN GRAMMY - Cooltivarte Portal","isPartOf":{"@id":"https:\/\/cooltivarte.com\/portal\/#website"},"primaryImageOfPage":{"@id":"https:\/\/cooltivarte.com\/portal\/aitana-celebra-su-primer-latin-grammy\/#primaryimage"},"image":{"@id":"https:\/\/cooltivarte.com\/portal\/aitana-celebra-su-primer-latin-grammy\/#primaryimage"},"thumbnailUrl":"https:\/\/cooltivarte.com\/portal\/wp-content\/uploads\/2025\/11\/AITANA-CELEBRA-SU-PRIMER-LATIN-GRAMMY-Y-REAFIRMA-SU-POSICION-DE-ARTISTA-GLOBAL.png","datePublished":"2025-11-14T15:23:27+00:00","dateModified":"2025-11-16T15:32:04+00:00","description":"AL RECIBIR SU PRIMER GRAM\u00d3FONO DORADO TRAS DOS NOMINACIONES Y FINALIZA UNA SEMANA DE \u00c9XITO EN LAS VEGAS CON UNA ACTUACI\u00d3N MEMORABLE","breadcrumb":{"@id":"https:\/\/cooltivarte.com\/portal\/aitana-celebra-su-primer-latin-grammy\/#breadcrumb"},"inLanguage":"es-AR","potentialAction":[{"@type":"ReadAction","target":["https:\/\/cooltivarte.com\/portal\/aitana-celebra-su-primer-latin-grammy\/"]}]},{"@type":"ImageObject","inLanguage":"es-AR","@id":"https:\/\/cooltivarte.com\/portal\/aitana-celebra-su-primer-latin-grammy\/#primaryimage","url":"https:\/\/cooltivarte.com\/portal\/wp-content\/uploads\/2025\/11\/AITANA-CELEBRA-SU-PRIMER-LATIN-GRAMMY-Y-REAFIRMA-SU-POSICION-DE-ARTISTA-GLOBAL.png","contentUrl":"https:\/\/cooltivarte.com\/portal\/wp-content\/uploads\/2025\/11\/AITANA-CELEBRA-SU-PRIMER-LATIN-GRAMMY-Y-REAFIRMA-SU-POSICION-DE-ARTISTA-GLOBAL.png","width":936,"height":626,"caption":"AITANA CELEBRA SU PRIMER LATIN GRAMMY Y REAFIRMA SU POSICI\u00d3N DE ARTISTA GLOBAL"},{"@type":"BreadcrumbList","@id":"https:\/\/cooltivarte.com\/portal\/aitana-celebra-su-primer-latin-grammy\/#breadcrumb","itemListElement":[{"@type":"ListItem","position":1,"name":"Portada","item":"https:\/\/cooltivarte.com\/portal\/"},{"@type":"ListItem","position":2,"name":"AITANA CELEBRA SU PRIMER LATIN GRAMMY"}]},{"@type":"WebSite","@id":"https:\/\/cooltivarte.com\/portal\/#website","url":"https:\/\/cooltivarte.com\/portal\/","name":"Cooltivarte Portal","description":"Arte, cultura y turismo para el mundo ...","publisher":{"@id":"https:\/\/cooltivarte.com\/portal\/#organization"},"potentialAction":[{"@type":"SearchAction","target":{"@type":"EntryPoint","urlTemplate":"https:\/\/cooltivarte.com\/portal\/?s={search_term_string}"},"query-input":{"@type":"PropertyValueSpecification","valueRequired":true,"valueName":"search_term_string"}}],"inLanguage":"es-AR"},{"@type":"Organization","@id":"https:\/\/cooltivarte.com\/portal\/#organization","name":"cooltivarte","url":"https:\/\/cooltivarte.com\/portal\/","logo":{"@type":"ImageObject","inLanguage":"es-AR","@id":"https:\/\/cooltivarte.com\/portal\/#\/schema\/logo\/image\/","url":"https:\/\/cooltivarte.com\/portal\/wp-content\/uploads\/2020\/04\/logo-cooltivarte-v2.png","contentUrl":"https:\/\/cooltivarte.com\/portal\/wp-content\/uploads\/2020\/04\/logo-cooltivarte-v2.png","width":851,"height":243,"caption":"cooltivarte"},"image":{"@id":"https:\/\/cooltivarte.com\/portal\/#\/schema\/logo\/image\/"},"sameAs":["https:\/\/www.facebook.com\/cooltivartecom\/","https:\/\/x.com\/obolocultural","https:\/\/www.instagram.com\/_cooltivarte_\/","https:\/\/www.linkedin.com\/company\/-bolocultural?reportsuccess=8zaNG1HwhPbAR9iQhZ5rfGeqz_vQFftHun0ZWU0Wy9vNemRJ8vtcKdJvzQfW8XagyOJSKg0XvfJ1dp","https:\/\/www.pinterest.com\/cooltivarte\/","https:\/\/cooltivarte.tumblr.com\/","https:\/\/www.tiktok.com\/@cooltivarte","https:\/\/www.youtube.com\/@PrensaCooltivarte"]},{"@type":"Person","@id":"https:\/\/cooltivarte.com\/portal\/#\/schema\/person\/ec2a4f4e71b740d0c559c0ab9a157e19","name":"Cooltivarte","image":{"@type":"ImageObject","inLanguage":"es-AR","@id":"https:\/\/cooltivarte.com\/portal\/wp-content\/uploads\/2014\/05\/logo-cooltivarte-120x120.jpg","url":"https:\/\/cooltivarte.com\/portal\/wp-content\/uploads\/2014\/05\/logo-cooltivarte-120x120.jpg","contentUrl":"https:\/\/cooltivarte.com\/portal\/wp-content\/uploads\/2014\/05\/logo-cooltivarte-120x120.jpg","caption":"Cooltivarte"},"description":"Somos COOLTIVARTE.COM. Un portal digital dedicado a difundir el acontecer art\u00edstico y cultural del Uruguay. Estamos en la vuelta desde el a\u00f1o 2003, y como evoluci\u00f3n del bolet\u00edn Obolo Cultural, nos encontramos abocados a apoyar a los artistas nacionales brind\u00e1ndoles un espacio de difusi\u00f3n. Creemos en la idea de utilizar la potencialidad que hoy d\u00eda nos otorga la web, para que la cultura uruguaya y sus creadores dispongan de una din\u00e1mica ventana, que los ponga en contacto entre s\u00ed y con el mundo. Somos COOLTIVARTE.COM y pretendemos configurarnos como un portal din\u00e1mico, entretenido y atento a los nuevos emprendimientos, que busque siempre la interacci\u00f3n con los artistas.","sameAs":["http:\/\/www.cooltivarte.com","https:\/\/www.facebook.com\/cooltivartecom","https:\/\/www.instagram.com\/_cooltivarte_\/","https:\/\/www.linkedin.com\/company\/-bolocultural","https:\/\/www.pinterest.com\/cooltivarte\/","https:\/\/x.com\/https:\/\/x.com\/obolocultural","https:\/\/www.youtube.com\/@PrensaCooltivarte","https:\/\/www.tumblr.com\/blog\/cooltivarte"],"url":"https:\/\/cooltivarte.com\/portal\/author\/cooltivarte\/"}]}},"_links":{"self":[{"href":"https:\/\/cooltivarte.com\/portal\/wp-json\/wp\/v2\/posts\/119744","targetHints":{"allow":["GET"]}}],"collection":[{"href":"https:\/\/cooltivarte.com\/portal\/wp-json\/wp\/v2\/posts"}],"about":[{"href":"https:\/\/cooltivarte.com\/portal\/wp-json\/wp\/v2\/types\/post"}],"author":[{"embeddable":true,"href":"https:\/\/cooltivarte.com\/portal\/wp-json\/wp\/v2\/users\/8"}],"replies":[{"embeddable":true,"href":"https:\/\/cooltivarte.com\/portal\/wp-json\/wp\/v2\/comments?post=119744"}],"version-history":[{"count":1,"href":"https:\/\/cooltivarte.com\/portal\/wp-json\/wp\/v2\/posts\/119744\/revisions"}],"predecessor-version":[{"id":119746,"href":"https:\/\/cooltivarte.com\/portal\/wp-json\/wp\/v2\/posts\/119744\/revisions\/119746"}],"wp:featuredmedia":[{"embeddable":true,"href":"https:\/\/cooltivarte.com\/portal\/wp-json\/wp\/v2\/media\/119745"}],"wp:attachment":[{"href":"https:\/\/cooltivarte.com\/portal\/wp-json\/wp\/v2\/media?parent=119744"}],"wp:term":[{"taxonomy":"category","embeddable":true,"href":"https:\/\/cooltivarte.com\/portal\/wp-json\/wp\/v2\/categories?post=119744"},{"taxonomy":"post_tag","embeddable":true,"href":"https:\/\/cooltivarte.com\/portal\/wp-json\/wp\/v2\/tags?post=119744"}],"curies":[{"name":"wp","href":"https:\/\/api.w.org\/{rel}","templated":true}]}}