{"id":119682,"date":"2025-11-08T19:23:13","date_gmt":"2025-11-08T22:23:13","guid":{"rendered":"https:\/\/cooltivarte.com\/portal\/?p=119682"},"modified":"2025-11-15T19:23:41","modified_gmt":"2025-11-15T22:23:41","slug":"un-museo-secreto-en-quito","status":"publish","type":"post","link":"https:\/\/cooltivarte.com\/portal\/un-museo-secreto-en-quito\/","title":{"rendered":"Un museo secreto en Quito"},"content":{"rendered":"<figure id=\"attachment_119683\" aria-describedby=\"caption-attachment-119683\" style=\"width: 768px\" class=\"wp-caption aligncenter\"><img fetchpriority=\"high\" decoding=\"async\" class=\"wp-image-119683 size-large\" title=\"Un museo secreto en Quito by Daniel Benoit Cassou\" src=\"https:\/\/cooltivarte.com\/portal\/wp-content\/uploads\/2025\/11\/Un-museo-secreto-en-Quito-768x1024.webp\" alt=\"Un museo secreto en Quito by Daniel Benoit Cassou\" width=\"768\" height=\"1024\" srcset=\"https:\/\/cooltivarte.com\/portal\/wp-content\/uploads\/2025\/11\/Un-museo-secreto-en-Quito-768x1024.webp 768w, https:\/\/cooltivarte.com\/portal\/wp-content\/uploads\/2025\/11\/Un-museo-secreto-en-Quito-225x300.webp 225w, https:\/\/cooltivarte.com\/portal\/wp-content\/uploads\/2025\/11\/Un-museo-secreto-en-Quito-1152x1536.webp 1152w, https:\/\/cooltivarte.com\/portal\/wp-content\/uploads\/2025\/11\/Un-museo-secreto-en-Quito-1536x2048.webp 1536w, https:\/\/cooltivarte.com\/portal\/wp-content\/uploads\/2025\/11\/Un-museo-secreto-en-Quito.webp 1600w\" sizes=\"(max-width: 768px) 100vw, 768px\" \/><figcaption id=\"caption-attachment-119683\" class=\"wp-caption-text\">Iv\u00e1n Cruz Cevallos<\/figcaption><\/figure>\n<p>&nbsp;<\/p>\n<div class=\"wp-block-group has-global-padding is-layout-constrained wp-block-group-is-layout-constrained\">\n<h3 class=\"wp-block-post-title\"><strong>Un museo secreto en Quito<\/strong><\/h3>\n<\/div>\n<div class=\"entry-content wp-block-post-content has-global-padding is-layout-constrained wp-block-post-content-is-layout-constrained\">\n<p><strong>Quito, Ecuador.<\/strong><\/p>\n<p>Una visita a un gran coleccionista me llev\u00f3 a una de esas experiencias que no se olvidan.<\/p>\n<p><strong>Iv\u00e1n Cruz Cevallos<\/strong> me recibi\u00f3 en su casa ubicada en el barrio hist\u00f3rico de Quito, un verdadero santuario del arte.<\/p>\n<p>Anticuario de alma y oficio, ha dedicado su vida a rescatar piezas prehisp\u00e1nicas y coloniales, muchas de las cuales hoy integran las colecciones del<strong> Museo del Alabado<\/strong>, instituci\u00f3n que brilla por su guion curatorial y la exquisitez de su selecci\u00f3n.<\/p>\n<p>Llegu\u00e9 invitado por un amigo en com\u00fan, Nicol\u00e1s, y entre copas de vino la velada se convirti\u00f3 en un viaje por siglos de historia.<\/p>\n<p>La casa de Iv\u00e1n, de cuatro pisos y un gran patio central lleno de vegetaci\u00f3n, es en s\u00ed misma un museo.<\/p>\n<p>No hay rinc\u00f3n sin di\u00e1logo: cer\u00e1micas, tallas, lienzos y textiles conviven en perfecta armon\u00eda y en todos los ambientes hay floreros con flores naturales.<\/p>\n<p>Su ojo de coleccionista y su instinto de decorador logran un equilibrio admirable entre lo sagrado y lo cotidiano.<\/p>\n<p>Sostuve entre mis manos piezas de m\u00e1s de cuatro mil a\u00f1os. Me temblaron los dedos.<\/p>\n<p>Escuchar a Iv\u00e1n relatar las historias detr\u00e1s de cada objeto fue como recorrer los pliegues de la memoria del continente.<br \/>\nSu relaci\u00f3n con el arte \u2014intensa, casi espiritual\u2014 se parece mucho a la m\u00eda; nos re\u00edmos de nuestras coincidencias, de esa necesidad compartida de vivir rodeados de obras que nos hablan.<\/p>\n<p>En la terraza, entre plantas y esculturas, se abre una vista prodigiosa de Quito: al caer la noche, las c\u00fapulas de las iglesias coloniales emergen como si flotasen sobre un mar de luces.<\/p>\n<p>Recorrer esa casa fue un \u00e9xtasis; dejarla, una tristeza.<\/p>\n<p>Gracias, Iv\u00e1n y Nicol\u00e1s, por abrirme las puertas de un para\u00edso.<\/p>\n<\/div>\n<p>&nbsp;<\/p>\n<div style=\"width: 640px;\" class=\"wp-video\"><!--[if lt IE 9]><script>document.createElement('video');<\/script><![endif]-->\n<video class=\"wp-video-shortcode\" id=\"video-119682-1\" width=\"640\" height=\"360\" preload=\"metadata\" controls=\"controls\"><source type=\"video\/mp4\" src=\"https:\/\/danielbenoit.art\/wp-content\/uploads\/2025\/11\/284469fc091d9ba27095a42d0f4253ea.mp4?_=1\" \/><a href=\"https:\/\/danielbenoit.art\/wp-content\/uploads\/2025\/11\/284469fc091d9ba27095a42d0f4253ea.mp4\">https:\/\/danielbenoit.art\/wp-content\/uploads\/2025\/11\/284469fc091d9ba27095a42d0f4253ea.mp4<\/a><\/video><\/div>\n<p>&nbsp;<\/p>\n<p>&nbsp;<\/p>\n<p>&nbsp;<\/p>\n","protected":false},"excerpt":{"rendered":"<p>Un museo secreto en Quito<\/p>\n<p>Quito, Ecuador.<\/p>\n<p>Una visita a un gran coleccionista me llev\u00f3 a una de esas experiencias que no se olvidan.<\/p>\n<p>Iv\u00e1n Cruz Cevallos me recibi\u00f3 en su casa ubicada en el barrio hist\u00f3rico de Quito, un verdadero santuario del arte.<\/p>\n<p>Anticuario de alma y oficio, ha dedicado su vida a rescatar piezas prehisp\u00e1nicas y coloniales, muchas de las cuales hoy integran las colecciones del Museo del Alabado, instituci\u00f3n que brilla por su guion curatorial y la exquisitez de su selecci\u00f3n.<\/p>\n<p>Llegu\u00e9 invitado por un amigo en com\u00fan, Nicol\u00e1s, y entre copas de vino la velada se convirti\u00f3 en un viaje por siglos de historia.<\/p>\n<p>La casa de Iv\u00e1n, de cuatro pisos y un gran patio central lleno de vegetaci\u00f3n, es en s\u00ed misma un museo.<\/p>\n<p>No hay rinc\u00f3n sin di\u00e1logo: cer\u00e1micas, tallas, lienzos y textiles conviven en perfecta armon\u00eda y en todos los ambientes hay floreros con flores naturales.<\/p>\n","protected":false},"author":14,"featured_media":119683,"comment_status":"closed","ping_status":"closed","sticky":false,"template":"","format":"standard","meta":{"om_disable_all_campaigns":false,"ngg_post_thumbnail":0,"jnews-multi-image_gallery":[],"jnews_single_post":{"format":"standard","override":[{"template":"4","parallax":"1","layout":"right-sidebar","sidebar":"default-sidebar","second_sidebar":"default-sidebar","sticky_sidebar":"1","share_position":"bottom","share_float_style":"share-monocrhome","show_share_counter":"1","show_view_counter":"1","show_featured":"1","show_post_meta":"1","show_post_author":"1","show_post_author_image":"1","show_post_date":"1","post_date_format":"default","post_date_format_custom":"Y\/m\/d","show_post_category":"1","post_reading_time_wpm":"300","post_calculate_word_method":"str_word_count","zoom_button_out_step":"2","zoom_button_in_step":"3","show_post_tag":"1","show_prev_next_post":"1","show_popup_post":"1","show_comment_section":"1","number_popup_post":"1","show_author_box":"1","show_post_related":"0","show_inline_post_related":"0"}],"image_override":[{"single_post_thumbnail_size":"no-crop","single_post_gallery_size":"crop-500"}],"trending_post_position":"meta","trending_post_label":"Trending","sponsored_post_label":"Sponsored by","disable_ad":"0","subtitle":"Una visita a un gran coleccionista me llev\u00f3 a una de esas experiencias que no se olvidan."},"jnews_primary_category":[],"jnews_social_meta":[],"jnews_override_counter":{"view_counter_number":"0","share_counter_number":"0","like_counter_number":"0","dislike_counter_number":"0"},"footnotes":""},"categories":[6797],"tags":[24895,431,24924,13456],"class_list":["post-119682","post","type-post","status-publish","format-standard","has-post-thumbnail","hentry","category-museos","tag-ivan-cruz-cevallos","tag-museo","tag-museo-del-alabado","tag-quito"],"yoast_head":"<!-- This site is optimized with the Yoast SEO plugin v27.4 - https:\/\/yoast.com\/product\/yoast-seo-wordpress\/ -->\n<title>Un museo secreto en Quito - Cooltivarte Portal<\/title>\n<meta name=\"description\" content=\"Iv\u00e1n Cruz Cevallos me recibi\u00f3 en su casa ubicada en el barrio hist\u00f3rico de Quito, un verdadero santuario del arte.\" \/>\n<meta name=\"robots\" content=\"index, follow, max-snippet:-1, max-image-preview:large, max-video-preview:-1\" \/>\n<link rel=\"canonical\" href=\"https:\/\/cooltivarte.com\/portal\/un-museo-secreto-en-quito\/\" \/>\n<meta property=\"og:locale\" content=\"es_ES\" \/>\n<meta property=\"og:type\" content=\"article\" \/>\n<meta property=\"og:title\" content=\"Un museo secreto en Quito by Daniel Benoit Cassou\" \/>\n<meta property=\"og:description\" content=\"Iv\u00e1n Cruz Cevallos me recibi\u00f3 en su casa ubicada en el barrio hist\u00f3rico de Quito, un verdadero santuario del arte.\" \/>\n<meta property=\"og:url\" content=\"https:\/\/cooltivarte.com\/portal\/un-museo-secreto-en-quito\/\" \/>\n<meta property=\"og:site_name\" content=\"Cooltivarte Portal\" \/>\n<meta property=\"article:publisher\" content=\"https:\/\/www.facebook.com\/cooltivartecom\/\" \/>\n<meta property=\"article:author\" content=\"https:\/\/www.facebook.com\/daniel.benoit.3557?fref=ts\" \/>\n<meta property=\"article:published_time\" content=\"2025-11-08T22:23:13+00:00\" \/>\n<meta property=\"article:modified_time\" content=\"2025-11-15T22:23:41+00:00\" \/>\n<meta property=\"og:image\" content=\"https:\/\/cooltivarte.com\/portal\/wp-content\/uploads\/2025\/11\/Un-museo-secreto-en-Quito.webp\" \/>\n\t<meta property=\"og:image:width\" content=\"1600\" \/>\n\t<meta property=\"og:image:height\" content=\"2133\" \/>\n\t<meta property=\"og:image:type\" content=\"image\/webp\" \/>\n<meta name=\"author\" content=\"Daniel Benoit Cassou\" \/>\n<meta name=\"twitter:card\" content=\"summary_large_image\" \/>\n<meta name=\"twitter:title\" content=\"Un museo secreto en Quito by Daniel Benoit Cassou\" \/>\n<meta name=\"twitter:description\" content=\"Iv\u00e1n Cruz Cevallos me recibi\u00f3 en su casa ubicada en el barrio hist\u00f3rico de Quito, un verdadero santuario del arte.\" \/>\n<meta name=\"twitter:image\" content=\"https:\/\/cooltivarte.com\/portal\/wp-content\/uploads\/2025\/11\/Un-museo-secreto-en-Quito.webp\" \/>\n<meta name=\"twitter:creator\" content=\"@https:\/\/x.com\/obolocultural\" \/>\n<meta name=\"twitter:site\" content=\"@obolocultural\" \/>\n<meta name=\"twitter:label1\" content=\"Escrito por\" \/>\n\t<meta name=\"twitter:data1\" content=\"Daniel Benoit Cassou\" \/>\n\t<meta name=\"twitter:label2\" content=\"Tiempo de lectura\" \/>\n\t<meta name=\"twitter:data2\" content=\"2 minutos\" \/>\n<!-- \/ Yoast SEO plugin. -->","yoast_head_json":{"title":"Un museo secreto en Quito - Cooltivarte Portal","description":"Iv\u00e1n Cruz Cevallos me recibi\u00f3 en su casa ubicada en el barrio hist\u00f3rico de Quito, un verdadero santuario del arte.","robots":{"index":"index","follow":"follow","max-snippet":"max-snippet:-1","max-image-preview":"max-image-preview:large","max-video-preview":"max-video-preview:-1"},"canonical":"https:\/\/cooltivarte.com\/portal\/un-museo-secreto-en-quito\/","og_locale":"es_ES","og_type":"article","og_title":"Un museo secreto en Quito by Daniel Benoit Cassou","og_description":"Iv\u00e1n Cruz Cevallos me recibi\u00f3 en su casa ubicada en el barrio hist\u00f3rico de Quito, un verdadero santuario del arte.","og_url":"https:\/\/cooltivarte.com\/portal\/un-museo-secreto-en-quito\/","og_site_name":"Cooltivarte Portal","article_publisher":"https:\/\/www.facebook.com\/cooltivartecom\/","article_author":"https:\/\/www.facebook.com\/daniel.benoit.3557?fref=ts","article_published_time":"2025-11-08T22:23:13+00:00","article_modified_time":"2025-11-15T22:23:41+00:00","og_image":[{"width":1600,"height":2133,"url":"https:\/\/cooltivarte.com\/portal\/wp-content\/uploads\/2025\/11\/Un-museo-secreto-en-Quito.webp","type":"image\/webp"}],"author":"Daniel Benoit Cassou","twitter_card":"summary_large_image","twitter_title":"Un museo secreto en Quito by Daniel Benoit Cassou","twitter_description":"Iv\u00e1n Cruz Cevallos me recibi\u00f3 en su casa ubicada en el barrio hist\u00f3rico de Quito, un verdadero santuario del arte.","twitter_image":"https:\/\/cooltivarte.com\/portal\/wp-content\/uploads\/2025\/11\/Un-museo-secreto-en-Quito.webp","twitter_creator":"@https:\/\/x.com\/obolocultural","twitter_site":"@obolocultural","twitter_misc":{"Escrito por":"Daniel Benoit Cassou","Tiempo de lectura":"2 minutos"},"schema":{"@context":"https:\/\/schema.org","@graph":[{"@type":"NewsArticle","@id":"https:\/\/cooltivarte.com\/portal\/un-museo-secreto-en-quito\/#article","isPartOf":{"@id":"https:\/\/cooltivarte.com\/portal\/un-museo-secreto-en-quito\/"},"author":{"name":"Daniel Benoit Cassou","@id":"https:\/\/cooltivarte.com\/portal\/#\/schema\/person\/175e2af38af164206375abd19e491b3f"},"headline":"Un museo secreto en Quito","datePublished":"2025-11-08T22:23:13+00:00","dateModified":"2025-11-15T22:23:41+00:00","mainEntityOfPage":{"@id":"https:\/\/cooltivarte.com\/portal\/un-museo-secreto-en-quito\/"},"wordCount":349,"publisher":{"@id":"https:\/\/cooltivarte.com\/portal\/#organization"},"image":{"@id":"https:\/\/cooltivarte.com\/portal\/un-museo-secreto-en-quito\/#primaryimage"},"thumbnailUrl":"https:\/\/cooltivarte.com\/portal\/wp-content\/uploads\/2025\/11\/Un-museo-secreto-en-Quito.webp","keywords":["Iv\u00e1n Cruz Cevallos","Museo","Museo del Alabado","Quito"],"articleSection":["Museos que Cooltivan"],"inLanguage":"es-AR"},{"@type":"WebPage","@id":"https:\/\/cooltivarte.com\/portal\/un-museo-secreto-en-quito\/","url":"https:\/\/cooltivarte.com\/portal\/un-museo-secreto-en-quito\/","name":"Un museo secreto en Quito - Cooltivarte Portal","isPartOf":{"@id":"https:\/\/cooltivarte.com\/portal\/#website"},"primaryImageOfPage":{"@id":"https:\/\/cooltivarte.com\/portal\/un-museo-secreto-en-quito\/#primaryimage"},"image":{"@id":"https:\/\/cooltivarte.com\/portal\/un-museo-secreto-en-quito\/#primaryimage"},"thumbnailUrl":"https:\/\/cooltivarte.com\/portal\/wp-content\/uploads\/2025\/11\/Un-museo-secreto-en-Quito.webp","datePublished":"2025-11-08T22:23:13+00:00","dateModified":"2025-11-15T22:23:41+00:00","description":"Iv\u00e1n Cruz Cevallos me recibi\u00f3 en su casa ubicada en el barrio hist\u00f3rico de Quito, un verdadero santuario del arte.","breadcrumb":{"@id":"https:\/\/cooltivarte.com\/portal\/un-museo-secreto-en-quito\/#breadcrumb"},"inLanguage":"es-AR","potentialAction":[{"@type":"ReadAction","target":["https:\/\/cooltivarte.com\/portal\/un-museo-secreto-en-quito\/"]}]},{"@type":"ImageObject","inLanguage":"es-AR","@id":"https:\/\/cooltivarte.com\/portal\/un-museo-secreto-en-quito\/#primaryimage","url":"https:\/\/cooltivarte.com\/portal\/wp-content\/uploads\/2025\/11\/Un-museo-secreto-en-Quito.webp","contentUrl":"https:\/\/cooltivarte.com\/portal\/wp-content\/uploads\/2025\/11\/Un-museo-secreto-en-Quito.webp","width":1600,"height":2133,"caption":"Un museo secreto en Quito by Daniel Benoit Cassou"},{"@type":"BreadcrumbList","@id":"https:\/\/cooltivarte.com\/portal\/un-museo-secreto-en-quito\/#breadcrumb","itemListElement":[{"@type":"ListItem","position":1,"name":"Portada","item":"https:\/\/cooltivarte.com\/portal\/"},{"@type":"ListItem","position":2,"name":"Un museo secreto en Quito"}]},{"@type":"WebSite","@id":"https:\/\/cooltivarte.com\/portal\/#website","url":"https:\/\/cooltivarte.com\/portal\/","name":"Cooltivarte Portal","description":"Arte, cultura y turismo para el mundo ...","publisher":{"@id":"https:\/\/cooltivarte.com\/portal\/#organization"},"potentialAction":[{"@type":"SearchAction","target":{"@type":"EntryPoint","urlTemplate":"https:\/\/cooltivarte.com\/portal\/?s={search_term_string}"},"query-input":{"@type":"PropertyValueSpecification","valueRequired":true,"valueName":"search_term_string"}}],"inLanguage":"es-AR"},{"@type":"Organization","@id":"https:\/\/cooltivarte.com\/portal\/#organization","name":"cooltivarte","url":"https:\/\/cooltivarte.com\/portal\/","logo":{"@type":"ImageObject","inLanguage":"es-AR","@id":"https:\/\/cooltivarte.com\/portal\/#\/schema\/logo\/image\/","url":"https:\/\/cooltivarte.com\/portal\/wp-content\/uploads\/2020\/04\/logo-cooltivarte-v2.png","contentUrl":"https:\/\/cooltivarte.com\/portal\/wp-content\/uploads\/2020\/04\/logo-cooltivarte-v2.png","width":851,"height":243,"caption":"cooltivarte"},"image":{"@id":"https:\/\/cooltivarte.com\/portal\/#\/schema\/logo\/image\/"},"sameAs":["https:\/\/www.facebook.com\/cooltivartecom\/","https:\/\/x.com\/obolocultural","https:\/\/www.instagram.com\/_cooltivarte_\/","https:\/\/www.linkedin.com\/company\/-bolocultural?reportsuccess=8zaNG1HwhPbAR9iQhZ5rfGeqz_vQFftHun0ZWU0Wy9vNemRJ8vtcKdJvzQfW8XagyOJSKg0XvfJ1dp","https:\/\/www.pinterest.com\/cooltivarte\/","https:\/\/cooltivarte.tumblr.com\/","https:\/\/www.tiktok.com\/@cooltivarte","https:\/\/www.youtube.com\/@PrensaCooltivarte"]},{"@type":"Person","@id":"https:\/\/cooltivarte.com\/portal\/#\/schema\/person\/175e2af38af164206375abd19e491b3f","name":"Daniel Benoit Cassou","image":{"@type":"ImageObject","inLanguage":"es-AR","@id":"https:\/\/cooltivarte.com\/portal\/wp-content\/uploads\/2022\/11\/daniel-benoit-120x120.jpg","url":"https:\/\/cooltivarte.com\/portal\/wp-content\/uploads\/2022\/11\/daniel-benoit-120x120.jpg","contentUrl":"https:\/\/cooltivarte.com\/portal\/wp-content\/uploads\/2022\/11\/daniel-benoit-120x120.jpg","caption":"Daniel Benoit Cassou"},"description":"Daniel Benoit - (Uruguay, 1961), es contador p\u00fablico de profesi\u00f3n. Hizo su formaci\u00f3n art\u00edstica en los talleres de Hugo Longa, Clever Lara y Lacy Duarte; escultura con Jos\u00e9 Pelayo y fotograf\u00eda con Enrique Abal, Oscar Bonilla y Roberto Schettini. Realiz\u00f3 cursos de formaci\u00f3n te\u00f3rica con Nelson Di Maggio, Alfredo Torres, Nelson Bali\u00f1o y Emma Sanguinetti, entre otros. Ha participado en muestras de fotografias, colectivas asi como individuales: 2007 \u2013 Facultad de Ciencias Econ\u00f3micas; Centro Cultural Lapido; Club de Golf; Fotogramas - Montevideo 2009 \u2013 Galer\u00eda de arte La Pasionaria \u2013 Club de Golf - Montevideo 2010 \u2013 A la Follie; Trattoria La Commedia; Club de Golf \u2013 Montevideo 2011 \u2013 Museo del Azulejo; Fotograma; Club de Golf \u2013 Montevideo; Bienal X \u2013 Salto 2012 \u2013 Espacio Innova \u2013 Punta del Este Es asiduo asistente a las principales bienales de arte: Venecia, Lyon, San Pablo, Cuba, Porto Alegre, Lima, as\u00ed como ferias de Basilea, Paris, Buenos Aires, entre otras. Es coleccionista de arte nacional, asesor de arte contempor\u00e1neo, escribe en sus blogs y es columnista de la revista de arte nacional \u201cCooltivarte\u201d desde el 2012, asi como de la revista \u201cArte\u201d del periodico \u201cEl Pais\u201d. Blog","sameAs":["https:\/\/danielbenoit.art\/","https:\/\/www.facebook.com\/daniel.benoit.3557?fref=ts","https:\/\/www.instagram.com\/danielbenoitcassou\/","https:\/\/www.linkedin.com\/in\/daniel-benoit-87890a39\/","https:\/\/www.pinterest.com\/cooltivarte","https:\/\/x.com\/https:\/\/x.com\/obolocultural","https:\/\/www.youtube.com\/@PrensaCooltivarte","https:\/\/www.tumblr.com\/blog\/cooltivarte"],"url":"https:\/\/cooltivarte.com\/portal\/author\/benoit\/"}]}},"_links":{"self":[{"href":"https:\/\/cooltivarte.com\/portal\/wp-json\/wp\/v2\/posts\/119682","targetHints":{"allow":["GET"]}}],"collection":[{"href":"https:\/\/cooltivarte.com\/portal\/wp-json\/wp\/v2\/posts"}],"about":[{"href":"https:\/\/cooltivarte.com\/portal\/wp-json\/wp\/v2\/types\/post"}],"author":[{"embeddable":true,"href":"https:\/\/cooltivarte.com\/portal\/wp-json\/wp\/v2\/users\/14"}],"replies":[{"embeddable":true,"href":"https:\/\/cooltivarte.com\/portal\/wp-json\/wp\/v2\/comments?post=119682"}],"version-history":[{"count":2,"href":"https:\/\/cooltivarte.com\/portal\/wp-json\/wp\/v2\/posts\/119682\/revisions"}],"predecessor-version":[{"id":119685,"href":"https:\/\/cooltivarte.com\/portal\/wp-json\/wp\/v2\/posts\/119682\/revisions\/119685"}],"wp:featuredmedia":[{"embeddable":true,"href":"https:\/\/cooltivarte.com\/portal\/wp-json\/wp\/v2\/media\/119683"}],"wp:attachment":[{"href":"https:\/\/cooltivarte.com\/portal\/wp-json\/wp\/v2\/media?parent=119682"}],"wp:term":[{"taxonomy":"category","embeddable":true,"href":"https:\/\/cooltivarte.com\/portal\/wp-json\/wp\/v2\/categories?post=119682"},{"taxonomy":"post_tag","embeddable":true,"href":"https:\/\/cooltivarte.com\/portal\/wp-json\/wp\/v2\/tags?post=119682"}],"curies":[{"name":"wp","href":"https:\/\/api.w.org\/{rel}","templated":true}]}}