{"id":119530,"date":"2025-11-11T20:25:56","date_gmt":"2025-11-11T23:25:56","guid":{"rendered":"https:\/\/cooltivarte.com\/portal\/?p=119530"},"modified":"2025-11-25T21:21:58","modified_gmt":"2025-11-26T00:21:58","slug":"la-tabare-40-anos-teatro-de-verano","status":"publish","type":"post","link":"https:\/\/cooltivarte.com\/portal\/la-tabare-40-anos-teatro-de-verano\/","title":{"rendered":"LA TABAR\u00c9 40 A\u00d1OS \u2013 TEATRO DE VERANO"},"content":{"rendered":"<figure id=\"attachment_119537\" aria-describedby=\"caption-attachment-119537\" style=\"width: 658px\" class=\"wp-caption aligncenter\"><img fetchpriority=\"high\" decoding=\"async\" class=\"wp-image-119537 size-full\" title=\"La Tabare\u0301 - 40 an\u0303os - Teatro de Verano - Noviembre 2025 - Foto Mat\u00edas Mirza\" src=\"https:\/\/cooltivarte.com\/portal\/wp-content\/uploads\/2025\/11\/La-Tabare-40anos-Teatro-de-Verano-noviembre-2025-foto-Matias-Mirza.jpg\" alt=\"La Tabare\u0301 - 40 an\u0303os - Teatro de Verano - Noviembre 2025 - Foto Mat\u00edas Mirza\" width=\"658\" height=\"870\" srcset=\"https:\/\/cooltivarte.com\/portal\/wp-content\/uploads\/2025\/11\/La-Tabare-40anos-Teatro-de-Verano-noviembre-2025-foto-Matias-Mirza.jpg 658w, https:\/\/cooltivarte.com\/portal\/wp-content\/uploads\/2025\/11\/La-Tabare-40anos-Teatro-de-Verano-noviembre-2025-foto-Matias-Mirza-227x300.jpg 227w\" sizes=\"(max-width: 658px) 100vw, 658px\" \/><figcaption id=\"caption-attachment-119537\" class=\"wp-caption-text\">La Tabare\u0301 &#8211; 40 an\u0303os &#8211; Teatro de Verano &#8211; Noviembre 2025 &#8211; Foto Mat\u00edas Mirza<\/figcaption><\/figure>\n<p><span style=\"font-weight: 400;\">El s\u00e1bado 8 de noviembre 2025 fue el d\u00eda elegido por <\/span><a href=\"https:\/\/cooltivarte.com\/portal\/?s=La+Tabar%C3%A9\" target=\"_blank\" rel=\"noopener\"><b>La Tabar\u00e9<\/b><\/a><span style=\"font-weight: 400;\"> para volver al &#8220;Templo de Momo&#8221; y festejar cuatro d\u00e9cadas de un proyecto que sobrevivi\u00f3 a cambios de \u00e9poca, gobiernos y peinados. Una fecha que se amplifica porque el <\/span><b>Teatro de Verano<\/b><span style=\"font-weight: 400;\"> siempre magnifica, ser\u00e1 porque por ah\u00ed han pasaron artistas de nivel mundial.<\/span><\/p>\n<p><span style=\"font-weight: 400;\">Desde temprano los alrededores estaban agitados. Mucha gente lleg\u00f3 con tiempo para caminar la rambla, respirar cerca del R\u00edo de la Plata y dejar que la tarde cayera de a poco. Ese entorno siempre suma algo invisible: el viento moviendo remeras, el sol perdi\u00e9ndose en el rio, un murmullo de previa que junta edades y memorias distintas. El ambiente era c\u00e1lido, de reencuentro, como cuando uno vuelve a un sitio querido y reconoce gestos familiares en otrxs.<\/span><\/p>\n<p><span style=\"font-weight: 400;\">En la puerta todo avanzaba tranquilo. <strong>La Tabar\u00e9<\/strong> genera eso, nunca sab\u00e9s lo que puede pasar, pero s\u00ed que algo te va a sorprender. El show estaba fijado para las 21, aunque la cola para las entradas y acreditaciones empuj\u00f3 la largada hacia las 21:30. Nadie protest\u00f3. Era un movimiento constante de gente entrando, saludos r\u00e1pidos, abrazos breves y comentarios sueltos sobre lo que pod\u00eda venir.<\/span><\/p>\n<p><span style=\"font-weight: 400;\">Adentro, el Teatro estaba impecable. Renovado, bien iluminado, con ese esplendor modesto de los lugares que sostienen la cultura desde hace d\u00e9cadas. Esa mezcla \u2014espacio m\u00edtico, banda hist\u00f3rica, p\u00fablico dispuesto. Todo listo!!<\/span><\/p>\n<p><span style=\"font-weight: 400;\">Apenas ingres\u00e9 al Teatro, el cantero lateral acaparaba miradas. La compa\u00f1\u00eda <\/span><b>Poetas del Absurdo<\/b><span style=\"font-weight: 400;\"> sosten\u00eda una intervenci\u00f3n perform\u00e1tica con vestimenta militar, desplazamientos r\u00edgidos y una intensidad contenida que conectaba el nacimiento de la banda en dictadura con el aire entrecortado de la apertura democr\u00e1tica de mediados de los 80. Un gesto sencillo, una especie de introducci\u00f3n que sumaba sin subrayar nada y&nbsp; r\u00e1pidamente, la banda abri\u00f3 con <\/span><i><span style=\"font-weight: 400;\">A Renacer<\/span><\/i><span style=\"font-weight: 400;\">, del \u00faltimo disco. Aunque no es una canci\u00f3n escrita en los a\u00f1os 80, dialoga con ese pa\u00eds que sal\u00eda de la dictadura con m\u00e1s dudas que certezas. Hay algo en esos versos \u2014<\/span><i><span style=\"font-weight: 400;\">\u201cEsa paz que hay que aprender a vivir \/ Esa paz que no supimos crear\u201d<\/span><\/i><span style=\"font-weight: 400;\">\u2014 que enlaza con el esp\u00edritu del 85, cuando <a href=\"https:\/\/cooltivarte.com\/portal\/?s=Tabar%C3%A9+Rivero\" target=\"_blank\" rel=\"noopener\"><strong>Tabar\u00e9 Rivero<\/strong><\/a> y compa\u00f1\u00eda daban sus primeros pasos sin imaginar que aquello iba a durar 40 primaveras, algo m\u00e1s que &#8220;un pu\u00f1ado de toques&#8221;.<\/span><\/p>\n<p><span style=\"font-weight: 400;\">La noche empez\u00f3 a abrirse en capas; composiciones recientes como <\/span><i><span style=\"font-weight: 400;\">La Tecnocracia<\/span><\/i><span style=\"font-weight: 400;\"> o <\/span><i><span style=\"font-weight: 400;\">Pa\u00eds Belleza<\/span><\/i><span style=\"font-weight: 400;\"> conviviendo con cl\u00e1sicos de los 80 y 90. Las luces se mov\u00edan sobre los rostros del p\u00fablico y la banda, generando peque\u00f1as islas entre tanto ruido. A veces el silencio dejaba pasar las letras; otras, la guitarra o las intervenciones teatrales marcaban el ritmo. Tabar\u00e9 agradec\u00eda con calidez desde el arranque. Las pantallas gigantes del fondo del escenario acompa\u00f1aban sin distraer: im\u00e1genes, acercamientos, detalles; arriba y abajo todo importaba. El p\u00fablico tambi\u00e9n hac\u00eda su propio espect\u00e1culo.<\/span><\/p>\n<p><span style=\"font-weight: 400;\">Desde la platea alta empez\u00f3 a descender una bandera enorme que dec\u00eda: <\/span><b>\u201c<a href=\"https:\/\/www.instagram.com\/tabarecianos\/\" target=\"_blank\" rel=\"noopener\">La Tabar\u00e9, 40 a\u00f1os despu\u00e9s sigue siendo rocanrol<\/a>\u201d<\/b><span style=\"font-weight: 400;\">. Un lienzo de 10 x 6 metros,&nbsp; dise\u00f1ado y pintado por la barra denominada &#8220;TABARECIANOS&#8221; (<a href=\"https:\/\/www.instagram.com\/tabarecianos\/\" target=\"_blank\" rel=\"noopener\">@tabarecianos<\/a>). Bajaba sostenida por muchas manos, cruzando filas mientras el viento apenas la inflaba. Parec\u00eda una criatura viva avanzando de la parte alta hasta llegar a abajo. Ese recorrido condens\u00f3 todo; cuarenta a\u00f1os despu\u00e9s, la banda sigue moviendo en colectivo y nos sigue uniendo.<\/span><\/p>\n<p><span style=\"font-weight: 400;\">El p\u00fablico ya estaba &#8220;en una\u201d (c\u00f3mo dicen los j\u00f3venes). En un instante de pausa, desde la tribuna se escuch\u00f3 un grito: \u201c\u00a1Palestina libre!\u201d. <\/span><b>Tabar\u00e9<\/b><span style=\"font-weight: 400;\"> respondi\u00f3 al instante: <\/span><i><span style=\"font-weight: 400;\">\u201cClaro que s\u00ed, Palestina Libre!!!!\u201d.<\/span><\/i><span style=\"font-weight: 400;\"> Y sigui\u00f3.&nbsp;<\/span><\/p>\n<p><span style=\"font-weight: 400;\">La celebraci\u00f3n trajo gui\u00f1os al pasado; temas viejos, teatralidades, mezcla de rock, murga, blues y esa iron\u00eda que siempre acompa\u00f1\u00f3 al grupo. Los di\u00e1logos entre banda y p\u00fablico flu\u00edan naturales. Los invitados fueron columna vertebral en este recorrido de 35 canciones<\/span><b>. <\/b><span style=\"font-weight: 400;\">Primero lleg\u00f3 <\/span><a href=\"https:\/\/cooltivarte.com\/portal\/?s=Riki+Musso\" target=\"_blank\" rel=\"noopener\"><b>Riki Musso<\/b><\/a><span style=\"font-weight: 400;\">, presentado por Tabar\u00e9 como <\/span><i><span style=\"font-weight: 400;\">\u201cel culpable de todo\u201d,<\/span><\/i><span style=\"font-weight: 400;\"> mientras contaba que \u00e9l fue quien lo empuj\u00f3 a mostrar lo que escrib\u00eda y un gran apoyo para que naciera La Tabar\u00e9. Juntos encararon <\/span><i><span style=\"font-weight: 400;\">Psicoan\u00e1lisis<\/span><\/i><span style=\"font-weight: 400;\"> y <\/span><i><span style=\"font-weight: 400;\">El Tacho de la basura<\/span><\/i><b><i>,<\/i><\/b><span style=\"font-weight: 400;\"> con varios olvidos de letra y confusiones sobre qui\u00e9n segu\u00eda, el momento se volvi\u00f3 jocoso, algo que encaj\u00f3 perfecto estando en el templo del carnaval.&nbsp;<\/span><\/p>\n<p><span style=\"font-weight: 400;\">Despu\u00e9s apareci\u00f3 \u201cLa Ca\u00f1er\u00eda\u201d,(Nico, Nacho y Camilo) ese combo de vientos capaz de cambiar el clima apenas pisa el escenario. Con ellos sonaron <\/span><i><span style=\"font-weight: 400;\">Qu\u00e9 Suerte<\/span><\/i><span style=\"font-weight: 400;\">, <\/span><i><span style=\"font-weight: 400;\">\u00a1Qu\u00e9 Noche la de Aqu\u00e9l D\u00eda!<\/span><\/i><span style=\"font-weight: 400;\"> y <\/span><i><span style=\"font-weight: 400;\">Neurosis en mi casa<\/span><\/i><span style=\"font-weight: 400;\">. Fue la parte ac\u00fastica del show; bajaron los decibeles, manejando excelentemente los climas del show. Luego lleg\u00f3 el momento de <\/span><a href=\"https:\/\/cooltivarte.com\/portal\/?s=Sergio+Astengo\" target=\"_blank\" rel=\"noopener\"><b>Sergio Astengo<\/b><\/a><span style=\"font-weight: 400;\"> con su bandone\u00f3n, para interpretar canciones como <\/span><i><span style=\"font-weight: 400;\">El \u00daltimo Round<\/span><\/i><span style=\"font-weight: 400;\"> y <\/span><i><span style=\"font-weight: 400;\">Qu\u00e9 Hago con la Luna.<\/span><\/i><\/p>\n<p><i><span style=\"font-weight: 400;\">Un Romancero<\/span><\/i><span style=\"font-weight: 400;\"> se cant\u00f3 en coro total, con <strong>Gast\u00f3n Zunino<\/strong>, en la guitarra, a quien Tabar\u00e9 present\u00f3 como manager de la banda y excelente m\u00fasico.&nbsp; Enseguida empez\u00f3 la cadena de presencias hist\u00f3ricas: <\/span><a href=\"https:\/\/cooltivarte.com\/portal\/?s=Andr%C3%A9s+Burghi\" target=\"_blank\" rel=\"noopener\"><b>Andr\u00e9s Burghi<\/b><\/a><span style=\"font-weight: 400;\"> se hizo cargo de la bater\u00eda en <\/span><i><span style=\"font-weight: 400;\">La Enemistad<\/span><\/i><span style=\"font-weight: 400;\">. Un rato despu\u00e9s, <\/span><em>Malambo Delictivo<\/em><span style=\"font-weight: 400;\"> arm\u00f3 su ritual con bombos leg\u00fceros, zapateo y boleadoras, sumando un color inesperado y muy lucido. Cada integrante tuvo su momento para mostrar destrezas.<\/span><\/p>\n<p><span style=\"font-weight: 400;\">Lleg\u00f3 luego <\/span><a href=\"https:\/\/cooltivarte.com\/portal\/?s=Andrea+Davidovics\" target=\"_blank\" rel=\"noopener\"><b>Andrea Davidovics<\/b><\/a><span style=\"font-weight: 400;\">, con esa naturalidad de quien vuelve a casa. Su voz \u2014fundamental para entender un cap\u00edtulo entero del rock uruguayo\u2014 nos llev\u00f3 directo a los 80 con <\/span><i><span style=\"font-weight: 400;\">Patada en el Bajo Beat<\/span><\/i><span style=\"font-weight: 400;\"> y <\/span><i><span style=\"font-weight: 400;\">Excepto; <\/span><\/i><span style=\"font-weight: 400;\">un maravilla y muy celebrada<\/span><span style=\"font-weight: 400;\">. <\/span><span style=\"font-weight: 400;\">Despu\u00e9s <\/span><a href=\"https:\/\/cooltivarte.com\/portal\/?s=Alejandra+Wolff\" target=\"_blank\" rel=\"noopener\"><b>Alejandra Wolff<\/b><\/a><span style=\"font-weight: 400;\"> trajo la energ\u00eda de los 90 para atravesar <\/span><i><span style=\"font-weight: 400;\">Distop\u00eda en Blues<\/span><\/i><span style=\"font-weight: 400;\"> y una versi\u00f3n brillante de <\/span><i><span style=\"font-weight: 400;\">La Mugre de Tus Orejas<\/span><\/i><span style=\"font-weight: 400;\">, coreada por todo el p\u00fablico.<\/span><\/p>\n<p><span style=\"font-weight: 400;\">El cierre fue memoria y fiesta. Tras <\/span><i><span style=\"font-weight: 400;\">Putrefashion<\/span><\/i><span style=\"font-weight: 400;\">, <\/span><i><span style=\"font-weight: 400;\">Crua Chan<\/span><\/i><span style=\"font-weight: 400;\"> y el empuje inevitable de la gaita, el escenario volvi\u00f3 a llenarse de artistas. <\/span><a href=\"https:\/\/cooltivarte.com\/portal\/?s=Agarrate+Catalina\" target=\"_blank\" rel=\"noopener\"><b>Agarrate Catalina<\/b><\/a><span style=\"font-weight: 400;\"> pis\u00f3 el Collazo como tantas veces, pero ahora fuera de concurso, para sostener las dos \u00faltimas canciones. <\/span><i><span style=\"font-weight: 400;\">Ojal\u00e1<\/span><\/i><span style=\"font-weight: 400;\"> desemboc\u00f3 en <\/span><i><span style=\"font-weight: 400;\">Alegr\u00eds<\/span><\/i><span style=\"font-weight: 400;\">, que termin\u00f3 convertido en un canto colectivo de <\/span><i><span style=\"font-weight: 400;\">Sociedade Alternativa<\/span><\/i><span style=\"font-weight: 400;\">, con todos los invitados arriba. Parec\u00eda improvisado, aunque pens\u00e1ndolo bien era inevitable. Despu\u00e9s de cuarenta a\u00f1os, c\u00f3mo no darse ese lujo.<\/span><\/p>\n<p><b>\u00a1Felicidades- La Tabar\u00e9!&nbsp; 20 a\u00f1os no es nada, pero 40, es un mont\u00f3n!<\/b><\/p>\n<p>&nbsp;<\/p>\n<p><iframe title=\"Spotify Embed: La Tabar\u00e9\" style=\"border-radius: 12px\" width=\"100%\" height=\"352\" frameborder=\"0\" allowfullscreen allow=\"autoplay; clipboard-write; encrypted-media; fullscreen; picture-in-picture\" loading=\"lazy\" src=\"https:\/\/open.spotify.com\/embed\/artist\/0vpsHg4mpVWG7IM5gLD6UK?si=ZpL58p48RuyifQPDMlo2JA&#038;utm_source=oembed\"><\/iframe><\/p>\n<p>&nbsp;<\/p>\n<blockquote class=\"instagram-media\" style=\"background: #FFF; border: 0; border-radius: 3px; box-shadow: 0 0 1px 0 rgba(0,0,0,0.5),0 1px 10px 0 rgba(0,0,0,0.15); margin: 1px; max-width: 540px; min-width: 326px; padding: 0; width: calc(100% - 2px);\" data-instgrm-captioned=\"\" data-instgrm-permalink=\"https:\/\/www.instagram.com\/p\/DQ0tSmojd1N\/?utm_source=ig_embed&amp;utm_campaign=loading\" data-instgrm-version=\"14\">\n<div style=\"padding: 16px;\">\n<p>&nbsp;<\/p>\n<div style=\"display: flex; flex-direction: row; align-items: center;\">\n<div style=\"background-color: #f4f4f4; border-radius: 50%; flex-grow: 0; height: 40px; margin-right: 14px; width: 40px;\">&nbsp;<\/div>\n<div style=\"display: flex; flex-direction: column; flex-grow: 1; justify-content: center;\">\n<div style=\"background-color: #f4f4f4; border-radius: 4px; flex-grow: 0; height: 14px; margin-bottom: 6px; width: 100px;\">&nbsp;<\/div>\n<div style=\"background-color: #f4f4f4; border-radius: 4px; flex-grow: 0; height: 14px; width: 60px;\">&nbsp;<\/div>\n<\/div>\n<\/div>\n<div style=\"padding: 19% 0;\">&nbsp;<\/div>\n<div style=\"display: block; height: 50px; margin: 0 auto 12px; width: 50px;\">&nbsp;<\/div>\n<div style=\"padding-top: 8px;\">\n<div style=\"color: #3897f0; font-family: Arial,sans-serif; font-size: 14px; font-style: normal; font-weight: 550; line-height: 18px;\">Ver esta publicaci\u00f3n en Instagram<\/div>\n<\/div>\n<div style=\"padding: 12.5% 0;\">&nbsp;<\/div>\n<div style=\"display: flex; flex-direction: row; margin-bottom: 14px; align-items: center;\">\n<div>\n<div style=\"background-color: #f4f4f4; border-radius: 50%; height: 12.5px; width: 12.5px; transform: translateX(0px) translateY(7px);\">&nbsp;<\/div>\n<div style=\"background-color: #f4f4f4; height: 12.5px; transform: rotate(-45deg) translateX(3px) translateY(1px); width: 12.5px; flex-grow: 0; margin-right: 14px; margin-left: 2px;\">&nbsp;<\/div>\n<div style=\"background-color: #f4f4f4; border-radius: 50%; height: 12.5px; width: 12.5px; transform: translateX(9px) translateY(-18px);\">&nbsp;<\/div>\n<\/div>\n<div style=\"margin-left: 8px;\">\n<div style=\"background-color: #f4f4f4; border-radius: 50%; flex-grow: 0; height: 20px; width: 20px;\">&nbsp;<\/div>\n<div style=\"width: 0; height: 0; border-top: 2px solid transparent; border-left: 6px solid #f4f4f4; border-bottom: 2px solid transparent; transform: translateX(16px) translateY(-4px) rotate(30deg);\">&nbsp;<\/div>\n<\/div>\n<div style=\"margin-left: auto;\">\n<div style=\"width: 0px; border-top: 8px solid #F4F4F4; border-right: 8px solid transparent; transform: translateY(16px);\">&nbsp;<\/div>\n<div style=\"background-color: #f4f4f4; flex-grow: 0; height: 12px; width: 16px; transform: translateY(-4px);\">&nbsp;<\/div>\n<div style=\"width: 0; height: 0; border-top: 8px solid #F4F4F4; border-left: 8px solid transparent; transform: translateY(-4px) translateX(8px);\">&nbsp;<\/div>\n<\/div>\n<\/div>\n<div style=\"display: flex; flex-direction: column; flex-grow: 1; justify-content: center; margin-bottom: 24px;\">\n<div style=\"background-color: #f4f4f4; border-radius: 4px; flex-grow: 0; height: 14px; margin-bottom: 6px; width: 224px;\">&nbsp;<\/div>\n<div style=\"background-color: #f4f4f4; border-radius: 4px; flex-grow: 0; height: 14px; width: 144px;\">&nbsp;<\/div>\n<\/div>\n<p>&nbsp;<\/p>\n<p style=\"color: #c9c8cd; font-family: Arial,sans-serif; font-size: 14px; line-height: 17px; margin-bottom: 0; margin-top: 8px; overflow: hidden; padding: 8px 0 7px; text-align: center; text-overflow: ellipsis; white-space: nowrap;\"><a style=\"color: #c9c8cd; font-family: Arial,sans-serif; font-size: 14px; font-style: normal; font-weight: normal; line-height: 17px; text-decoration: none;\" href=\"https:\/\/www.instagram.com\/p\/DQ0tSmojd1N\/?utm_source=ig_embed&amp;utm_campaign=loading\" target=\"_blank\" rel=\"noopener\">Una publicaci\u00f3n compartida por los tabarecianos!! (@tabarecianos)<\/a><\/p>\n<\/div>\n<\/blockquote>\n<p><script async=\"\" src=\"\/\/www.instagram.com\/embed.js\"><\/script><br \/>\n&nbsp;<\/p>\n<p>&nbsp;<\/p>\n<blockquote class=\"instagram-media\" style=\"background: #FFF; border: 0; border-radius: 3px; box-shadow: 0 0 1px 0 rgba(0,0,0,0.5),0 1px 10px 0 rgba(0,0,0,0.15); margin: 1px; max-width: 540px; min-width: 326px; padding: 0; width: calc(100% - 2px);\" data-instgrm-captioned=\"\" data-instgrm-permalink=\"https:\/\/www.instagram.com\/p\/DRSlOx1EoJ-\/?utm_source=ig_embed&amp;utm_campaign=loading\" data-instgrm-version=\"14\">\n<div style=\"padding: 16px;\">\n<p>&nbsp;<\/p>\n<div style=\"display: flex; flex-direction: row; align-items: center;\">\n<div style=\"background-color: #f4f4f4; border-radius: 50%; flex-grow: 0; height: 40px; margin-right: 14px; width: 40px;\">&nbsp;<\/div>\n<div style=\"display: flex; flex-direction: column; flex-grow: 1; justify-content: center;\">\n<div style=\"background-color: #f4f4f4; border-radius: 4px; flex-grow: 0; height: 14px; margin-bottom: 6px; width: 100px;\">&nbsp;<\/div>\n<div style=\"background-color: #f4f4f4; border-radius: 4px; flex-grow: 0; height: 14px; width: 60px;\">&nbsp;<\/div>\n<\/div>\n<\/div>\n<div style=\"padding: 19% 0;\">&nbsp;<\/div>\n<div style=\"display: block; height: 50px; margin: 0 auto 12px; width: 50px;\">&nbsp;<\/div>\n<div style=\"padding-top: 8px;\">\n<div style=\"color: #3897f0; font-family: Arial,sans-serif; font-size: 14px; font-style: normal; font-weight: 550; line-height: 18px;\">Ver esta publicaci\u00f3n en Instagram<\/div>\n<\/div>\n<div style=\"padding: 12.5% 0;\">&nbsp;<\/div>\n<div style=\"display: flex; flex-direction: row; margin-bottom: 14px; align-items: center;\">\n<div>\n<div style=\"background-color: #f4f4f4; border-radius: 50%; height: 12.5px; width: 12.5px; transform: translateX(0px) translateY(7px);\">&nbsp;<\/div>\n<div style=\"background-color: #f4f4f4; height: 12.5px; transform: rotate(-45deg) translateX(3px) translateY(1px); width: 12.5px; flex-grow: 0; margin-right: 14px; margin-left: 2px;\">&nbsp;<\/div>\n<div style=\"background-color: #f4f4f4; border-radius: 50%; height: 12.5px; width: 12.5px; transform: translateX(9px) translateY(-18px);\">&nbsp;<\/div>\n<\/div>\n<div style=\"margin-left: 8px;\">\n<div style=\"background-color: #f4f4f4; border-radius: 50%; flex-grow: 0; height: 20px; width: 20px;\">&nbsp;<\/div>\n<div style=\"width: 0; height: 0; border-top: 2px solid transparent; border-left: 6px solid #f4f4f4; border-bottom: 2px solid transparent; transform: translateX(16px) translateY(-4px) rotate(30deg);\">&nbsp;<\/div>\n<\/div>\n<div style=\"margin-left: auto;\">\n<div style=\"width: 0px; border-top: 8px solid #F4F4F4; border-right: 8px solid transparent; transform: translateY(16px);\">&nbsp;<\/div>\n<div style=\"background-color: #f4f4f4; flex-grow: 0; height: 12px; width: 16px; transform: translateY(-4px);\">&nbsp;<\/div>\n<div style=\"width: 0; height: 0; border-top: 8px solid #F4F4F4; border-left: 8px solid transparent; transform: translateY(-4px) translateX(8px);\">&nbsp;<\/div>\n<\/div>\n<\/div>\n<div style=\"display: flex; flex-direction: column; flex-grow: 1; justify-content: center; margin-bottom: 24px;\">\n<div style=\"background-color: #f4f4f4; border-radius: 4px; flex-grow: 0; height: 14px; margin-bottom: 6px; width: 224px;\">&nbsp;<\/div>\n<div style=\"background-color: #f4f4f4; border-radius: 4px; flex-grow: 0; height: 14px; width: 144px;\">&nbsp;<\/div>\n<\/div>\n<p>&nbsp;<\/p>\n<p style=\"color: #c9c8cd; font-family: Arial,sans-serif; font-size: 14px; line-height: 17px; margin-bottom: 0; margin-top: 8px; overflow: hidden; padding: 8px 0 7px; text-align: center; text-overflow: ellipsis; white-space: nowrap;\"><a style=\"color: #c9c8cd; font-family: Arial,sans-serif; font-size: 14px; font-style: normal; font-weight: normal; line-height: 17px; text-decoration: none;\" href=\"https:\/\/www.instagram.com\/p\/DRSlOx1EoJ-\/?utm_source=ig_embed&amp;utm_campaign=loading\" target=\"_blank\" rel=\"noopener\">Una publicaci\u00f3n compartida por Mat\u00edas Mirza Freda (@matiasmirza)<\/a><\/p>\n<\/div>\n<\/blockquote>\n<p><script async=\"\" src=\"\/\/www.instagram.com\/embed.js\"><\/script><br \/>\n&nbsp;<\/p>\n<p>&nbsp;<br \/>\n&nbsp;<\/p>\n<h3>&nbsp;<a href=\"https:\/\/www.facebook.com\/media\/set\/?set=a.1386448966852292&amp;type=3\" target=\"_blank\" rel=\"noopener\">Ir a la fotogaler\u00eda<\/a><\/h3>\n<p><iframe style=\"border: none; overflow: hidden;\" src=\"https:\/\/www.facebook.com\/plugins\/post.php?href=https%3A%2F%2Fwww.facebook.com%2Fmedia%2Fset%2F%3Fset%3Da.1386448966852292%26type%3D3&amp;width=100%\" width=\"100%\" height=\"669\" frameborder=\"0\" scrolling=\"no\"><\/iframe><br \/>\n&nbsp;<br \/>\n&nbsp;<\/p>\n<p>&nbsp;<\/p>\n<p>&nbsp;<\/p>\n<p>&nbsp;<\/p>\n<p>&nbsp;<\/p>\n","protected":false},"excerpt":{"rendered":"<p>El s\u00e1bado 8 de noviembre 2025 fue el d\u00eda elegido por La Tabar\u00e9 para volver al Templo de Momo y festejar cuatro d\u00e9cadas de un proyecto que sobrevivi\u00f3 a cambios de \u00e9poca, gobiernos y peinados. Una fecha que se amplifica porque el Teatro de Verano siempre magnifica, ser\u00e1 porque por ah\u00ed han pasaron artistas de nivel mundial.<\/p>\n<p>Desde temprano los alrededores estaban agitados. Mucha gente lleg\u00f3 con tiempo para caminar la rambla, respirar cerca del R\u00edo de la Plata y dejar que la tarde cayera de a poco. Ese entorno siempre suma algo invisible: el viento moviendo remeras, el sol perdi\u00e9ndose en el rio, un murmullo de previa que junta edades y memorias distintas. El ambiente era c\u00e1lido, de reencuentro, como cuando uno vuelve a un sitio querido y reconoce gestos familiares en otrxs.<\/p>\n<p>En la puerta todo avanzaba tranquilo. La Tabar\u00e9 genera eso, nunca sab\u00e9s lo que puede pasar, pero s\u00ed que algo te va a sorprender. El show estaba fijado para las 21, aunque la cola para las entradas y acreditaciones empuj\u00f3 la largada hacia las 21:30. Nadie protest\u00f3. Era un movimiento constante de gente entrando, saludos r\u00e1pidos, abrazos breves y comentarios sueltos sobre lo que pod\u00eda venir.<\/p>\n<p>Adentro, el Teatro estaba impecable. Renovado, bien iluminado, con ese esplendor modesto de los lugares que sostienen la cultura desde hace d\u00e9cadas. Esa mezcla \u2014espacio m\u00edtico, banda hist\u00f3rica, p\u00fablico dispuesto. Todo listo!!<\/p>\n","protected":false},"author":199,"featured_media":119537,"comment_status":"closed","ping_status":"closed","sticky":false,"template":"","format":"standard","meta":{"om_disable_all_campaigns":false,"ngg_post_thumbnail":0,"jnews-multi-image_gallery":[],"jnews_single_post":{"format":"standard","override":[{"template":"4","parallax":"1","layout":"right-sidebar","sidebar":"default-sidebar","second_sidebar":"default-sidebar","sticky_sidebar":"1","share_position":"bottom","share_float_style":"share-monocrhome","show_share_counter":"1","show_view_counter":"1","show_featured":"1","show_post_meta":"1","show_post_author":"1","show_post_author_image":"1","show_post_date":"1","post_date_format":"default","post_date_format_custom":"Y\/m\/d","show_post_category":"1","post_reading_time_wpm":"300","post_calculate_word_method":"str_word_count","zoom_button_out_step":"2","zoom_button_in_step":"3","show_post_tag":"1","show_prev_next_post":"1","show_popup_post":"1","show_comment_section":"1","number_popup_post":"1","show_author_box":"1","show_post_related":"0","show_inline_post_related":"0"}],"image_override":[{"single_post_thumbnail_size":"no-crop","single_post_gallery_size":"crop-500"}],"trending_post_position":"meta","trending_post_label":"Trending","sponsored_post_label":"Sponsored by","disable_ad":"0","subtitle":"sigue siendo rocanrol - Noviembre 2025"},"jnews_primary_category":[],"jnews_social_meta":[],"jnews_override_counter":{"view_counter_number":"0","share_counter_number":"0","like_counter_number":"0","dislike_counter_number":"0"},"footnotes":""},"categories":[50],"tags":[3111,2953,14682,7624,759,24898,229,11109,313,1147],"class_list":["post-119530","post","type-post","status-publish","format-standard","has-post-thumbnail","hentry","category-coberturas","tag-agarrate-catalina","tag-alejandra-wolff","tag-andrea-davidovics","tag-andres-burghi","tag-la-tabare","tag-poetas-del-absurdo","tag-riki-musso","tag-sergio-astengo","tag-tabare-rivero","tag-teatro-de-verano"],"yoast_head":"<!-- This site is optimized with the Yoast SEO plugin v27.5 - https:\/\/yoast.com\/product\/yoast-seo-wordpress\/ -->\n<title>LA TABAR\u00c9 40 A\u00d1OS \u2013 TEATRO DE VERANO - Cooltivarte Portal<\/title>\n<meta name=\"description\" content=\"El s\u00e1bado 8 de noviembre 2025 fue el d\u00eda elegido por La Tabar\u00e9 para volver al Templo de Momo y festejar cuatro d\u00e9cadas de un proyecto que sobrevivi\u00f3 a cambios de \u00e9poca, gobiernos y peinados.\" \/>\n<meta name=\"robots\" content=\"index, follow, max-snippet:-1, max-image-preview:large, max-video-preview:-1\" \/>\n<link rel=\"canonical\" href=\"https:\/\/cooltivarte.com\/portal\/la-tabare-40-anos-teatro-de-verano\/\" \/>\n<meta property=\"og:locale\" content=\"es_ES\" \/>\n<meta property=\"og:type\" content=\"article\" \/>\n<meta property=\"og:title\" content=\"LA TABAR\u00c9 40 A\u00d1OS \u2013 TEATRO DE VERANO - Noviembre 2025 by Rodrigo Cabrera - Foto Mat\u00edas Mirza\" \/>\n<meta property=\"og:description\" content=\"El s\u00e1bado 8 de noviembre 2025 fue el d\u00eda elegido por La Tabar\u00e9 para volver al Templo de Momo y festejar cuatro d\u00e9cadas de un proyecto que sobrevivi\u00f3 a cambios de \u00e9poca, gobiernos y peinados.\" \/>\n<meta property=\"og:url\" content=\"https:\/\/cooltivarte.com\/portal\/la-tabare-40-anos-teatro-de-verano\/\" \/>\n<meta property=\"og:site_name\" content=\"Cooltivarte Portal\" \/>\n<meta property=\"article:publisher\" content=\"https:\/\/www.facebook.com\/cooltivartecom\/\" \/>\n<meta property=\"article:author\" content=\"https:\/\/www.facebook.com\/rodrigo.cabrera.35\" \/>\n<meta property=\"article:published_time\" content=\"2025-11-11T23:25:56+00:00\" \/>\n<meta property=\"article:modified_time\" content=\"2025-11-26T00:21:58+00:00\" \/>\n<meta property=\"og:image\" content=\"https:\/\/cooltivarte.com\/portal\/wp-content\/uploads\/2025\/11\/La-Tabare-40anos-Teatro-de-Verano-noviembre-2025-foto-Matias-Mirza.jpg\" \/>\n\t<meta property=\"og:image:width\" content=\"658\" \/>\n\t<meta property=\"og:image:height\" content=\"870\" \/>\n\t<meta property=\"og:image:type\" content=\"image\/jpeg\" \/>\n<meta name=\"author\" content=\"Rodrigo Cabrera\" \/>\n<meta name=\"twitter:card\" content=\"summary_large_image\" \/>\n<meta name=\"twitter:title\" content=\"LA TABAR\u00c9 40 A\u00d1OS \u2013 TEATRO DE VERANO - Noviembre 2025 by Rodrigo Cabrera - Foto Mat\u00edas Mirza\" \/>\n<meta name=\"twitter:description\" content=\"El s\u00e1bado 8 de noviembre 2025 fue el d\u00eda elegido por La Tabar\u00e9 para volver al Templo de Momo y festejar cuatro d\u00e9cadas de un proyecto que sobrevivi\u00f3 a cambios de \u00e9poca, gobiernos y peinados.\" \/>\n<meta name=\"twitter:image\" content=\"https:\/\/cooltivarte.com\/portal\/wp-content\/uploads\/2025\/11\/La-Tabare-40anos-Teatro-de-Verano-noviembre-2025-foto-Matias-Mirza.jpg\" \/>\n<meta name=\"twitter:creator\" content=\"@https:\/\/x.com\/obolocultural\" \/>\n<meta name=\"twitter:site\" content=\"@obolocultural\" \/>\n<meta name=\"twitter:label1\" content=\"Escrito por\" \/>\n\t<meta name=\"twitter:data1\" content=\"Rodrigo Cabrera\" \/>\n\t<meta name=\"twitter:label2\" content=\"Tiempo de lectura\" \/>\n\t<meta name=\"twitter:data2\" content=\"6 minutos\" \/>\n<!-- \/ Yoast SEO plugin. -->","yoast_head_json":{"title":"LA TABAR\u00c9 40 A\u00d1OS \u2013 TEATRO DE VERANO - Cooltivarte Portal","description":"El s\u00e1bado 8 de noviembre 2025 fue el d\u00eda elegido por La Tabar\u00e9 para volver al Templo de Momo y festejar cuatro d\u00e9cadas de un proyecto que sobrevivi\u00f3 a cambios de \u00e9poca, gobiernos y peinados.","robots":{"index":"index","follow":"follow","max-snippet":"max-snippet:-1","max-image-preview":"max-image-preview:large","max-video-preview":"max-video-preview:-1"},"canonical":"https:\/\/cooltivarte.com\/portal\/la-tabare-40-anos-teatro-de-verano\/","og_locale":"es_ES","og_type":"article","og_title":"LA TABAR\u00c9 40 A\u00d1OS \u2013 TEATRO DE VERANO - Noviembre 2025 by Rodrigo Cabrera - Foto Mat\u00edas Mirza","og_description":"El s\u00e1bado 8 de noviembre 2025 fue el d\u00eda elegido por La Tabar\u00e9 para volver al Templo de Momo y festejar cuatro d\u00e9cadas de un proyecto que sobrevivi\u00f3 a cambios de \u00e9poca, gobiernos y peinados.","og_url":"https:\/\/cooltivarte.com\/portal\/la-tabare-40-anos-teatro-de-verano\/","og_site_name":"Cooltivarte Portal","article_publisher":"https:\/\/www.facebook.com\/cooltivartecom\/","article_author":"https:\/\/www.facebook.com\/rodrigo.cabrera.35","article_published_time":"2025-11-11T23:25:56+00:00","article_modified_time":"2025-11-26T00:21:58+00:00","og_image":[{"width":658,"height":870,"url":"https:\/\/cooltivarte.com\/portal\/wp-content\/uploads\/2025\/11\/La-Tabare-40anos-Teatro-de-Verano-noviembre-2025-foto-Matias-Mirza.jpg","type":"image\/jpeg"}],"author":"Rodrigo Cabrera","twitter_card":"summary_large_image","twitter_title":"LA TABAR\u00c9 40 A\u00d1OS \u2013 TEATRO DE VERANO - Noviembre 2025 by Rodrigo Cabrera - Foto Mat\u00edas Mirza","twitter_description":"El s\u00e1bado 8 de noviembre 2025 fue el d\u00eda elegido por La Tabar\u00e9 para volver al Templo de Momo y festejar cuatro d\u00e9cadas de un proyecto que sobrevivi\u00f3 a cambios de \u00e9poca, gobiernos y peinados.","twitter_image":"https:\/\/cooltivarte.com\/portal\/wp-content\/uploads\/2025\/11\/La-Tabare-40anos-Teatro-de-Verano-noviembre-2025-foto-Matias-Mirza.jpg","twitter_creator":"@https:\/\/x.com\/obolocultural","twitter_site":"@obolocultural","twitter_misc":{"Escrito por":"Rodrigo Cabrera","Tiempo de lectura":"6 minutos"},"schema":{"@context":"https:\/\/schema.org","@graph":[{"@type":"NewsArticle","@id":"https:\/\/cooltivarte.com\/portal\/la-tabare-40-anos-teatro-de-verano\/#article","isPartOf":{"@id":"https:\/\/cooltivarte.com\/portal\/la-tabare-40-anos-teatro-de-verano\/"},"author":{"name":"Rodrigo Cabrera","@id":"https:\/\/cooltivarte.com\/portal\/#\/schema\/person\/98e010c27211186ccb0c7ca2383b48b8"},"headline":"LA TABAR\u00c9 40 A\u00d1OS \u2013 TEATRO DE VERANO","datePublished":"2025-11-11T23:25:56+00:00","dateModified":"2025-11-26T00:21:58+00:00","mainEntityOfPage":{"@id":"https:\/\/cooltivarte.com\/portal\/la-tabare-40-anos-teatro-de-verano\/"},"wordCount":1212,"publisher":{"@id":"https:\/\/cooltivarte.com\/portal\/#organization"},"image":{"@id":"https:\/\/cooltivarte.com\/portal\/la-tabare-40-anos-teatro-de-verano\/#primaryimage"},"thumbnailUrl":"https:\/\/cooltivarte.com\/portal\/wp-content\/uploads\/2025\/11\/La-Tabare-40anos-Teatro-de-Verano-noviembre-2025-foto-Matias-Mirza.jpg","keywords":["Agarrate Catalina","Alejandra Wolff","Andrea Davidovics","Andr\u00e9s Burghi","La Tabar\u00e9","Poetas del Absurdo","riki musso","Sergio Astengo","Tabar\u00e9 Rivero","Teatro de Verano"],"articleSection":["Coberturas"],"inLanguage":"es-AR"},{"@type":"WebPage","@id":"https:\/\/cooltivarte.com\/portal\/la-tabare-40-anos-teatro-de-verano\/","url":"https:\/\/cooltivarte.com\/portal\/la-tabare-40-anos-teatro-de-verano\/","name":"LA TABAR\u00c9 40 A\u00d1OS \u2013 TEATRO DE VERANO - Cooltivarte Portal","isPartOf":{"@id":"https:\/\/cooltivarte.com\/portal\/#website"},"primaryImageOfPage":{"@id":"https:\/\/cooltivarte.com\/portal\/la-tabare-40-anos-teatro-de-verano\/#primaryimage"},"image":{"@id":"https:\/\/cooltivarte.com\/portal\/la-tabare-40-anos-teatro-de-verano\/#primaryimage"},"thumbnailUrl":"https:\/\/cooltivarte.com\/portal\/wp-content\/uploads\/2025\/11\/La-Tabare-40anos-Teatro-de-Verano-noviembre-2025-foto-Matias-Mirza.jpg","datePublished":"2025-11-11T23:25:56+00:00","dateModified":"2025-11-26T00:21:58+00:00","description":"El s\u00e1bado 8 de noviembre 2025 fue el d\u00eda elegido por La Tabar\u00e9 para volver al Templo de Momo y festejar cuatro d\u00e9cadas de un proyecto que sobrevivi\u00f3 a cambios de \u00e9poca, gobiernos y peinados.","breadcrumb":{"@id":"https:\/\/cooltivarte.com\/portal\/la-tabare-40-anos-teatro-de-verano\/#breadcrumb"},"inLanguage":"es-AR","potentialAction":[{"@type":"ReadAction","target":["https:\/\/cooltivarte.com\/portal\/la-tabare-40-anos-teatro-de-verano\/"]}]},{"@type":"ImageObject","inLanguage":"es-AR","@id":"https:\/\/cooltivarte.com\/portal\/la-tabare-40-anos-teatro-de-verano\/#primaryimage","url":"https:\/\/cooltivarte.com\/portal\/wp-content\/uploads\/2025\/11\/La-Tabare-40anos-Teatro-de-Verano-noviembre-2025-foto-Matias-Mirza.jpg","contentUrl":"https:\/\/cooltivarte.com\/portal\/wp-content\/uploads\/2025\/11\/La-Tabare-40anos-Teatro-de-Verano-noviembre-2025-foto-Matias-Mirza.jpg","width":658,"height":870,"caption":"La-Tabare\u0301-40an\u0303os-Teatro-de-Verano-noviembre-2025-foto Mat\u00edas Mirza"},{"@type":"BreadcrumbList","@id":"https:\/\/cooltivarte.com\/portal\/la-tabare-40-anos-teatro-de-verano\/#breadcrumb","itemListElement":[{"@type":"ListItem","position":1,"name":"Portada","item":"https:\/\/cooltivarte.com\/portal\/"},{"@type":"ListItem","position":2,"name":"LA TABAR\u00c9 40 A\u00d1OS \u2013 TEATRO DE VERANO"}]},{"@type":"WebSite","@id":"https:\/\/cooltivarte.com\/portal\/#website","url":"https:\/\/cooltivarte.com\/portal\/","name":"Cooltivarte Portal","description":"Arte, cultura y turismo para el mundo ...","publisher":{"@id":"https:\/\/cooltivarte.com\/portal\/#organization"},"potentialAction":[{"@type":"SearchAction","target":{"@type":"EntryPoint","urlTemplate":"https:\/\/cooltivarte.com\/portal\/?s={search_term_string}"},"query-input":{"@type":"PropertyValueSpecification","valueRequired":true,"valueName":"search_term_string"}}],"inLanguage":"es-AR"},{"@type":"Organization","@id":"https:\/\/cooltivarte.com\/portal\/#organization","name":"cooltivarte","url":"https:\/\/cooltivarte.com\/portal\/","logo":{"@type":"ImageObject","inLanguage":"es-AR","@id":"https:\/\/cooltivarte.com\/portal\/#\/schema\/logo\/image\/","url":"https:\/\/cooltivarte.com\/portal\/wp-content\/uploads\/2020\/04\/logo-cooltivarte-v2.png","contentUrl":"https:\/\/cooltivarte.com\/portal\/wp-content\/uploads\/2020\/04\/logo-cooltivarte-v2.png","width":851,"height":243,"caption":"cooltivarte"},"image":{"@id":"https:\/\/cooltivarte.com\/portal\/#\/schema\/logo\/image\/"},"sameAs":["https:\/\/www.facebook.com\/cooltivartecom\/","https:\/\/x.com\/obolocultural","https:\/\/www.instagram.com\/_cooltivarte_\/","https:\/\/www.linkedin.com\/company\/-bolocultural?reportsuccess=8zaNG1HwhPbAR9iQhZ5rfGeqz_vQFftHun0ZWU0Wy9vNemRJ8vtcKdJvzQfW8XagyOJSKg0XvfJ1dp","https:\/\/www.pinterest.com\/cooltivarte\/","https:\/\/cooltivarte.tumblr.com\/","https:\/\/www.tiktok.com\/@cooltivarte","https:\/\/www.youtube.com\/@PrensaCooltivarte"]},{"@type":"Person","@id":"https:\/\/cooltivarte.com\/portal\/#\/schema\/person\/98e010c27211186ccb0c7ca2383b48b8","name":"Rodrigo Cabrera","image":{"@type":"ImageObject","inLanguage":"es-AR","@id":"https:\/\/cooltivarte.com\/portal\/wp-content\/uploads\/2026\/01\/Ro1-120x120.jpeg","url":"https:\/\/cooltivarte.com\/portal\/wp-content\/uploads\/2026\/01\/Ro1-120x120.jpeg","contentUrl":"https:\/\/cooltivarte.com\/portal\/wp-content\/uploads\/2026\/01\/Ro1-120x120.jpeg","caption":"Rodrigo Cabrera"},"description":"La comunicaci\u00f3n y el arte son mis lugares. Me muevo entre tablados, escenarios y espacios culturales, siguiendo hilos que van apareciendo en el camino. Egres\u00e9 de la FIC y de la Escuela Figari, aunque gran parte de mi formaci\u00f3n vino de compartir en ronda, con Paulo Freire como referencia. Vengo del carnaval, del rock y de la murga canci\u00f3n. Escribo como quien anota lo que siente en una libreta, como sale y sin tecnicismos. Laburo con gurises en proyectos de formaci\u00f3n. Creo en el arte como un espacio cercano y compartido, donde todas las voces importan.","sameAs":["https:\/\/www.facebook.com\/rodrigo.cabrera.35","https:\/\/www.instagram.com\/rodrigo.cabrera.35","linkedin.com\/in\/rodrigo-c-492303187","https:\/\/www.pinterest.com\/cooltivarte\/","https:\/\/x.com\/https:\/\/x.com\/obolocultural","https:\/\/www.youtube.com\/@PrensaCooltivarte","https:\/\/cooltivarte.tumblr.com\/"],"url":"https:\/\/cooltivarte.com\/portal\/author\/rodrigo-cabrera\/"}]}},"_links":{"self":[{"href":"https:\/\/cooltivarte.com\/portal\/wp-json\/wp\/v2\/posts\/119530","targetHints":{"allow":["GET"]}}],"collection":[{"href":"https:\/\/cooltivarte.com\/portal\/wp-json\/wp\/v2\/posts"}],"about":[{"href":"https:\/\/cooltivarte.com\/portal\/wp-json\/wp\/v2\/types\/post"}],"author":[{"embeddable":true,"href":"https:\/\/cooltivarte.com\/portal\/wp-json\/wp\/v2\/users\/199"}],"replies":[{"embeddable":true,"href":"https:\/\/cooltivarte.com\/portal\/wp-json\/wp\/v2\/comments?post=119530"}],"version-history":[{"count":17,"href":"https:\/\/cooltivarte.com\/portal\/wp-json\/wp\/v2\/posts\/119530\/revisions"}],"predecessor-version":[{"id":120078,"href":"https:\/\/cooltivarte.com\/portal\/wp-json\/wp\/v2\/posts\/119530\/revisions\/120078"}],"wp:featuredmedia":[{"embeddable":true,"href":"https:\/\/cooltivarte.com\/portal\/wp-json\/wp\/v2\/media\/119537"}],"wp:attachment":[{"href":"https:\/\/cooltivarte.com\/portal\/wp-json\/wp\/v2\/media?parent=119530"}],"wp:term":[{"taxonomy":"category","embeddable":true,"href":"https:\/\/cooltivarte.com\/portal\/wp-json\/wp\/v2\/categories?post=119530"},{"taxonomy":"post_tag","embeddable":true,"href":"https:\/\/cooltivarte.com\/portal\/wp-json\/wp\/v2\/tags?post=119530"}],"curies":[{"name":"wp","href":"https:\/\/api.w.org\/{rel}","templated":true}]}}