{"id":119459,"date":"2025-11-08T13:49:17","date_gmt":"2025-11-08T16:49:17","guid":{"rendered":"https:\/\/cooltivarte.com\/portal\/?p=119459"},"modified":"2025-11-08T13:49:17","modified_gmt":"2025-11-08T16:49:17","slug":"juan-asuaga-y-ale-goldfarb-en-espacio-luna-creciente","status":"publish","type":"post","link":"https:\/\/cooltivarte.com\/portal\/juan-asuaga-y-ale-goldfarb-en-espacio-luna-creciente\/","title":{"rendered":"Juan Asuaga y Ale Goldfarb en Espacio Luna Creciente"},"content":{"rendered":"<figure id=\"attachment_119461\" aria-describedby=\"caption-attachment-119461\" style=\"width: 713px\" class=\"wp-caption aligncenter\"><img fetchpriority=\"high\" decoding=\"async\" class=\"wp-image-119461 size-full\" title=\"Juan Asuaga y Ale Goldfarb en Espacio Luna Creciente - 22 de noviembre 2025 a las 21 hs.\" src=\"https:\/\/cooltivarte.com\/portal\/wp-content\/uploads\/2025\/11\/Juan-Asuaga-y-Ale-Goldfarb.jpeg\" alt=\"Juan Asuaga y Ale Goldfarb en Espacio Luna Creciente - 22 de noviembre 2025 a las 21 hs.\" width=\"713\" height=\"708\" srcset=\"https:\/\/cooltivarte.com\/portal\/wp-content\/uploads\/2025\/11\/Juan-Asuaga-y-Ale-Goldfarb.jpeg 713w, https:\/\/cooltivarte.com\/portal\/wp-content\/uploads\/2025\/11\/Juan-Asuaga-y-Ale-Goldfarb-300x298.jpeg 300w, https:\/\/cooltivarte.com\/portal\/wp-content\/uploads\/2025\/11\/Juan-Asuaga-y-Ale-Goldfarb-150x150.jpeg 150w, https:\/\/cooltivarte.com\/portal\/wp-content\/uploads\/2025\/11\/Juan-Asuaga-y-Ale-Goldfarb-120x120.jpeg 120w, https:\/\/cooltivarte.com\/portal\/wp-content\/uploads\/2025\/11\/Juan-Asuaga-y-Ale-Goldfarb-75x75.jpeg 75w\" sizes=\"(max-width: 713px) 100vw, 713px\" \/><figcaption id=\"caption-attachment-119461\" class=\"wp-caption-text\">Juan Asuaga y Ale Goldfarb<\/figcaption><\/figure>\n<p>&nbsp;<\/p>\n<div><strong>El 22 de noviembre a las 21 hs el Espacio Luna Creciente, nos recibe para abrir la puerta de nuestro ensayo.<\/strong><\/div>\n<div>&nbsp;<\/div>\n<div>Estrenamos el d\u00fao&nbsp;<strong><a href=\"https:\/\/cooltivarte.com\/portal\/?s=Juan+Asuaga\" target=\"_blank\" rel=\"noopener\">Juan Asuaga<\/a> y <a href=\"https:\/\/cooltivarte.com\/portal\/?s=Alejandra+Goldfarb\" target=\"_blank\" rel=\"noopener\">Ale Goldfarb<\/a>&nbsp;<\/strong><\/div>\n<div>\u00a1Nos damos el gusto!&nbsp;<\/div>\n<div>&nbsp;<\/div>\n<div>Desde marzo de este a\u00f1o comenzamos este encuentro de canciones que ambos ten\u00edamos guardadas esperando ser escuchadas, compartidas.<\/div>\n<div>&nbsp;<\/div>\n<div>Para m\u00ed, Ale, este d\u00fao reabre mi laboratorio de canciones de las que cuentan mi mundo interno, mis emociones, mis historias. En estas canciones recorro junto con las de Juan la posibilidad de dibujar con la guitarra y la voz, paisajes sonoros diversos como siempre me gust\u00f3. Es una alegr\u00eda volver a invitarlos a escuchar canciones de las viejas y de las nuevas en este nuevo formato.<\/div>\n<div>&nbsp;<\/div>\n<div>Para m\u00ed, Juan, este d\u00fao es un reencuentro con la maravillosa experiencia del ensayo sin prisa y de la b\u00fasqueda sin certezas. Con estas canciones me re\u00fano, junto con Ale, con una vieja pasi\u00f3n por el misterio de la guitarra y de la voz. Es tremenda alegr\u00eda invitarlos a escuchar nuestras canciones, las de siempre y las nuevas, en este nuevo formato.<\/div>\n<div>&nbsp;<\/div>\n<div>&nbsp;<\/div>\n<div>Son cupos limitadisimos!<\/div>\n<div>&nbsp;Si quer\u00e9s venir av\u00edsanos a nuestros celulares!<\/div>\n<div>&nbsp;<\/div>\n<div>\u260e\ufe0f091226665<\/div>\n<div>&nbsp; &nbsp; &nbsp;098699081<\/div>\n<div>&nbsp;<\/div>\n<div>&nbsp;<\/div>\n<div>Lugar&nbsp;<\/div>\n<div><a href=\"https:\/\/www.instagram.com\/espacio.luna.creciente\/\" target=\"_blank\" rel=\"noopener\">@espacio.luna.creciente<\/a> en Montevideo&nbsp;<\/div>\n<div>2 de mayo 1367<\/div>\n<div>&nbsp;<\/div>\n<blockquote class=\"instagram-media\" style=\"background: #FFF; border: 0; border-radius: 3px; box-shadow: 0 0 1px 0 rgba(0,0,0,0.5),0 1px 10px 0 rgba(0,0,0,0.15); margin: 1px; max-width: 540px; min-width: 326px; padding: 0; width: calc(100% - 2px);\" data-instgrm-captioned=\"\" data-instgrm-permalink=\"https:\/\/www.instagram.com\/p\/DQzEFFzAAXf\/?utm_source=ig_embed&amp;utm_campaign=loading\" data-instgrm-version=\"14\">\n<div style=\"padding: 16px;\">\n<p>&nbsp;<\/p>\n<div style=\"display: flex; flex-direction: row; align-items: center;\">\n<div style=\"background-color: #f4f4f4; border-radius: 50%; flex-grow: 0; height: 40px; margin-right: 14px; width: 40px;\">&nbsp;<\/div>\n<div style=\"display: flex; flex-direction: column; flex-grow: 1; justify-content: center;\">\n<div style=\"background-color: #f4f4f4; border-radius: 4px; flex-grow: 0; height: 14px; margin-bottom: 6px; width: 100px;\">&nbsp;<\/div>\n<div style=\"background-color: #f4f4f4; border-radius: 4px; flex-grow: 0; height: 14px; width: 60px;\">&nbsp;<\/div>\n<\/div>\n<\/div>\n<div style=\"padding: 19% 0;\">&nbsp;<\/div>\n<div style=\"display: block; height: 50px; margin: 0 auto 12px; width: 50px;\">&nbsp;<\/div>\n<div style=\"padding-top: 8px;\">\n<div style=\"color: #3897f0; font-family: Arial,sans-serif; font-size: 14px; font-style: normal; font-weight: 550; line-height: 18px;\">Ver esta publicaci\u00f3n en Instagram<\/div>\n<\/div>\n<div style=\"padding: 12.5% 0;\">&nbsp;<\/div>\n<div style=\"display: flex; flex-direction: row; margin-bottom: 14px; align-items: center;\">\n<div>\n<div style=\"background-color: #f4f4f4; border-radius: 50%; height: 12.5px; width: 12.5px; transform: translateX(0px) translateY(7px);\">&nbsp;<\/div>\n<div style=\"background-color: #f4f4f4; height: 12.5px; transform: rotate(-45deg) translateX(3px) translateY(1px); width: 12.5px; flex-grow: 0; margin-right: 14px; margin-left: 2px;\">&nbsp;<\/div>\n<div style=\"background-color: #f4f4f4; border-radius: 50%; height: 12.5px; width: 12.5px; transform: translateX(9px) translateY(-18px);\">&nbsp;<\/div>\n<\/div>\n<div style=\"margin-left: 8px;\">\n<div style=\"background-color: #f4f4f4; border-radius: 50%; flex-grow: 0; height: 20px; width: 20px;\">&nbsp;<\/div>\n<div style=\"width: 0; height: 0; border-top: 2px solid transparent; border-left: 6px solid #f4f4f4; border-bottom: 2px solid transparent; transform: translateX(16px) translateY(-4px) rotate(30deg);\">&nbsp;<\/div>\n<\/div>\n<div style=\"margin-left: auto;\">\n<div style=\"width: 0px; border-top: 8px solid #F4F4F4; border-right: 8px solid transparent; transform: translateY(16px);\">&nbsp;<\/div>\n<div style=\"background-color: #f4f4f4; flex-grow: 0; height: 12px; width: 16px; transform: translateY(-4px);\">&nbsp;<\/div>\n<div style=\"width: 0; height: 0; border-top: 8px solid #F4F4F4; border-left: 8px solid transparent; transform: translateY(-4px) translateX(8px);\">&nbsp;<\/div>\n<\/div>\n<\/div>\n<div style=\"display: flex; flex-direction: column; flex-grow: 1; justify-content: center; margin-bottom: 24px;\">\n<div style=\"background-color: #f4f4f4; border-radius: 4px; flex-grow: 0; height: 14px; margin-bottom: 6px; width: 224px;\">&nbsp;<\/div>\n<div style=\"background-color: #f4f4f4; border-radius: 4px; flex-grow: 0; height: 14px; width: 144px;\">&nbsp;<\/div>\n<\/div>\n<p>&nbsp;<\/p>\n<p style=\"color: #c9c8cd; font-family: Arial,sans-serif; font-size: 14px; line-height: 17px; margin-bottom: 0; margin-top: 8px; overflow: hidden; padding: 8px 0 7px; text-align: center; text-overflow: ellipsis; white-space: nowrap;\"><a style=\"color: #c9c8cd; font-family: Arial,sans-serif; font-size: 14px; font-style: normal; font-weight: normal; line-height: 17px; text-decoration: none;\" href=\"https:\/\/www.instagram.com\/p\/DQzEFFzAAXf\/?utm_source=ig_embed&amp;utm_campaign=loading\" target=\"_blank\" rel=\"noopener\">Una publicaci\u00f3n compartida por Alejandra Goldfarb (@alejandragoldfarb)<\/a><\/p>\n<\/div>\n<\/blockquote>\n<p><script async=\"\" src=\"\/\/www.instagram.com\/embed.js\"><\/script><\/p>\n<div>&nbsp;<\/div>\n<div>&nbsp;<\/div>\n<div>&nbsp;<\/div>\n<div>&nbsp;<\/div>\n<div>&nbsp;<\/div>\n","protected":false},"excerpt":{"rendered":"<p>El 22 de noviembre a las 21 hs el Espacio Luna Creciente, nos recibe para abrir la puerta de nuestro ensayo.<\/p>\n<p>Estrenamos el d\u00fao\u00a0Juan Asuaga y Ale Goldfarb\u00a0<br \/>\n\u00a1Nos damos el gusto!\u00a0<\/p>\n<p>Desde marzo de este a\u00f1o comenzamos este encuentro de canciones que ambos ten\u00edamos guardadas esperando ser escuchadas, compartidas.<\/p>\n<p>Para m\u00ed, Ale, este d\u00fao reabre mi laboratorio de canciones de las que cuentan mi mundo interno, mis emociones, mis historias. En estas canciones recorro junto con las de Juan la posibilidad de dibujar con la guitarra y la voz, paisajes sonoros diversos como siempre me gust\u00f3. Es una alegr\u00eda volver a invitarlos a escuchar canciones de las viejas y de las nuevas en este nuevo formato.<\/p>\n<p>Para m\u00ed, Juan, este d\u00fao es un reencuentro con la maravillosa experiencia del ensayo sin prisa y de la b\u00fasqueda sin certezas. Con estas canciones me re\u00fano, junto con Ale, con una vieja pasi\u00f3n por el misterio de la guitarra y de la voz. Es tremenda alegr\u00eda invitarlos a escuchar nuestras canciones, las de siempre y las nuevas, en este nuevo formato.<\/p>\n","protected":false},"author":8,"featured_media":119461,"comment_status":"closed","ping_status":"closed","sticky":false,"template":"","format":"standard","meta":{"om_disable_all_campaigns":false,"ngg_post_thumbnail":0,"jnews-multi-image_gallery":[],"jnews_single_post":{"format":"standard","override":[{"template":"4","parallax":"1","layout":"right-sidebar","sidebar":"default-sidebar","second_sidebar":"default-sidebar","sticky_sidebar":"1","share_position":"bottom","share_float_style":"share-monocrhome","show_share_counter":"1","show_view_counter":"1","show_featured":"1","show_post_meta":"1","show_post_author":"1","show_post_author_image":"1","show_post_date":"1","post_date_format":"default","post_date_format_custom":"Y\/m\/d","show_post_category":"1","post_reading_time_wpm":"300","post_calculate_word_method":"str_word_count","zoom_button_out_step":"2","zoom_button_in_step":"3","show_post_tag":"1","show_prev_next_post":"1","show_popup_post":"1","show_comment_section":"1","number_popup_post":"1","show_author_box":"1","show_post_related":"0","show_inline_post_related":"0"}],"image_override":[{"single_post_thumbnail_size":"no-crop","single_post_gallery_size":"crop-500"}],"trending_post_position":"meta","trending_post_label":"Trending","sponsored_post_label":"Sponsored by","disable_ad":"0","subtitle":"22 de noviembre 2025 a las 21 hs."},"jnews_primary_category":[],"jnews_social_meta":[],"jnews_override_counter":{"view_counter_number":"0","share_counter_number":"0","like_counter_number":"0","dislike_counter_number":"0"},"footnotes":""},"categories":[3394],"tags":[547,24886,12920],"class_list":["post-119459","post","type-post","status-publish","format-standard","has-post-thumbnail","hentry","category-eventos","tag-alejandra-goldfarb","tag-espacio-luna-creciente","tag-juan-asuaga"],"yoast_head":"<!-- This site is optimized with the Yoast SEO plugin v27.4 - https:\/\/yoast.com\/product\/yoast-seo-wordpress\/ -->\n<title>Juan Asuaga y Ale Goldfarb en Espacio Luna Creciente - Cooltivarte Portal<\/title>\n<meta name=\"description\" content=\"Desde marzo de este a\u00f1o comenzamos este encuentro de canciones que ambos ten\u00edamos guardadas esperando ser escuchadas, compartidas.\" \/>\n<meta name=\"robots\" content=\"index, follow, max-snippet:-1, max-image-preview:large, max-video-preview:-1\" \/>\n<link rel=\"canonical\" href=\"https:\/\/cooltivarte.com\/portal\/juan-asuaga-y-ale-goldfarb-en-espacio-luna-creciente\/\" \/>\n<meta property=\"og:locale\" content=\"es_ES\" \/>\n<meta property=\"og:type\" content=\"article\" \/>\n<meta property=\"og:title\" content=\"Juan Asuaga y Ale Goldfarb en Espacio Luna Creciente - 22 de noviembre 2025 a las 21 hs.\" \/>\n<meta property=\"og:description\" content=\"Desde marzo de este a\u00f1o comenzamos este encuentro de canciones que ambos ten\u00edamos guardadas esperando ser escuchadas, compartidas.\" \/>\n<meta property=\"og:url\" content=\"https:\/\/cooltivarte.com\/portal\/juan-asuaga-y-ale-goldfarb-en-espacio-luna-creciente\/\" \/>\n<meta property=\"og:site_name\" content=\"Cooltivarte Portal\" \/>\n<meta property=\"article:publisher\" content=\"https:\/\/www.facebook.com\/cooltivartecom\/\" \/>\n<meta property=\"article:author\" content=\"https:\/\/www.facebook.com\/cooltivartecom\" \/>\n<meta property=\"article:published_time\" content=\"2025-11-08T16:49:17+00:00\" \/>\n<meta property=\"og:image\" content=\"https:\/\/cooltivarte.com\/portal\/wp-content\/uploads\/2025\/11\/Juan-Asuaga-y-Ale-Goldfarb.jpeg\" \/>\n\t<meta property=\"og:image:width\" content=\"713\" \/>\n\t<meta property=\"og:image:height\" content=\"708\" \/>\n\t<meta property=\"og:image:type\" content=\"image\/jpeg\" \/>\n<meta name=\"author\" content=\"Cooltivarte\" \/>\n<meta name=\"twitter:card\" content=\"summary_large_image\" \/>\n<meta name=\"twitter:title\" content=\"Juan Asuaga y Ale Goldfarb en Espacio Luna Creciente - 22 de noviembre 2025 a las 21 hs.\" \/>\n<meta name=\"twitter:description\" content=\"Desde marzo de este a\u00f1o comenzamos este encuentro de canciones que ambos ten\u00edamos guardadas esperando ser escuchadas, compartidas.\" \/>\n<meta name=\"twitter:image\" content=\"https:\/\/cooltivarte.com\/portal\/wp-content\/uploads\/2025\/11\/Juan-Asuaga-y-Ale-Goldfarb.jpeg\" \/>\n<meta name=\"twitter:creator\" content=\"@https:\/\/x.com\/obolocultural\" \/>\n<meta name=\"twitter:site\" content=\"@obolocultural\" \/>\n<meta name=\"twitter:label1\" content=\"Escrito por\" \/>\n\t<meta name=\"twitter:data1\" content=\"Cooltivarte\" \/>\n\t<meta name=\"twitter:label2\" content=\"Tiempo de lectura\" \/>\n\t<meta name=\"twitter:data2\" content=\"2 minutos\" \/>\n<!-- \/ Yoast SEO plugin. -->","yoast_head_json":{"title":"Juan Asuaga y Ale Goldfarb en Espacio Luna Creciente - Cooltivarte Portal","description":"Desde marzo de este a\u00f1o comenzamos este encuentro de canciones que ambos ten\u00edamos guardadas esperando ser escuchadas, compartidas.","robots":{"index":"index","follow":"follow","max-snippet":"max-snippet:-1","max-image-preview":"max-image-preview:large","max-video-preview":"max-video-preview:-1"},"canonical":"https:\/\/cooltivarte.com\/portal\/juan-asuaga-y-ale-goldfarb-en-espacio-luna-creciente\/","og_locale":"es_ES","og_type":"article","og_title":"Juan Asuaga y Ale Goldfarb en Espacio Luna Creciente - 22 de noviembre 2025 a las 21 hs.","og_description":"Desde marzo de este a\u00f1o comenzamos este encuentro de canciones que ambos ten\u00edamos guardadas esperando ser escuchadas, compartidas.","og_url":"https:\/\/cooltivarte.com\/portal\/juan-asuaga-y-ale-goldfarb-en-espacio-luna-creciente\/","og_site_name":"Cooltivarte Portal","article_publisher":"https:\/\/www.facebook.com\/cooltivartecom\/","article_author":"https:\/\/www.facebook.com\/cooltivartecom","article_published_time":"2025-11-08T16:49:17+00:00","og_image":[{"width":713,"height":708,"url":"https:\/\/cooltivarte.com\/portal\/wp-content\/uploads\/2025\/11\/Juan-Asuaga-y-Ale-Goldfarb.jpeg","type":"image\/jpeg"}],"author":"Cooltivarte","twitter_card":"summary_large_image","twitter_title":"Juan Asuaga y Ale Goldfarb en Espacio Luna Creciente - 22 de noviembre 2025 a las 21 hs.","twitter_description":"Desde marzo de este a\u00f1o comenzamos este encuentro de canciones que ambos ten\u00edamos guardadas esperando ser escuchadas, compartidas.","twitter_image":"https:\/\/cooltivarte.com\/portal\/wp-content\/uploads\/2025\/11\/Juan-Asuaga-y-Ale-Goldfarb.jpeg","twitter_creator":"@https:\/\/x.com\/obolocultural","twitter_site":"@obolocultural","twitter_misc":{"Escrito por":"Cooltivarte","Tiempo de lectura":"2 minutos"},"schema":{"@context":"https:\/\/schema.org","@graph":[{"@type":"NewsArticle","@id":"https:\/\/cooltivarte.com\/portal\/juan-asuaga-y-ale-goldfarb-en-espacio-luna-creciente\/#article","isPartOf":{"@id":"https:\/\/cooltivarte.com\/portal\/juan-asuaga-y-ale-goldfarb-en-espacio-luna-creciente\/"},"author":{"name":"Cooltivarte","@id":"https:\/\/cooltivarte.com\/portal\/#\/schema\/person\/ec2a4f4e71b740d0c559c0ab9a157e19"},"headline":"Juan Asuaga y Ale Goldfarb en Espacio Luna Creciente","datePublished":"2025-11-08T16:49:17+00:00","mainEntityOfPage":{"@id":"https:\/\/cooltivarte.com\/portal\/juan-asuaga-y-ale-goldfarb-en-espacio-luna-creciente\/"},"wordCount":286,"publisher":{"@id":"https:\/\/cooltivarte.com\/portal\/#organization"},"image":{"@id":"https:\/\/cooltivarte.com\/portal\/juan-asuaga-y-ale-goldfarb-en-espacio-luna-creciente\/#primaryimage"},"thumbnailUrl":"https:\/\/cooltivarte.com\/portal\/wp-content\/uploads\/2025\/11\/Juan-Asuaga-y-Ale-Goldfarb.jpeg","keywords":["alejandra goldfarb","Espacio Luna Creciente","Juan Asuaga"],"articleSection":["Eventos"],"inLanguage":"es-AR"},{"@type":"WebPage","@id":"https:\/\/cooltivarte.com\/portal\/juan-asuaga-y-ale-goldfarb-en-espacio-luna-creciente\/","url":"https:\/\/cooltivarte.com\/portal\/juan-asuaga-y-ale-goldfarb-en-espacio-luna-creciente\/","name":"Juan Asuaga y Ale Goldfarb en Espacio Luna Creciente - Cooltivarte Portal","isPartOf":{"@id":"https:\/\/cooltivarte.com\/portal\/#website"},"primaryImageOfPage":{"@id":"https:\/\/cooltivarte.com\/portal\/juan-asuaga-y-ale-goldfarb-en-espacio-luna-creciente\/#primaryimage"},"image":{"@id":"https:\/\/cooltivarte.com\/portal\/juan-asuaga-y-ale-goldfarb-en-espacio-luna-creciente\/#primaryimage"},"thumbnailUrl":"https:\/\/cooltivarte.com\/portal\/wp-content\/uploads\/2025\/11\/Juan-Asuaga-y-Ale-Goldfarb.jpeg","datePublished":"2025-11-08T16:49:17+00:00","description":"Desde marzo de este a\u00f1o comenzamos este encuentro de canciones que ambos ten\u00edamos guardadas esperando ser escuchadas, compartidas.","breadcrumb":{"@id":"https:\/\/cooltivarte.com\/portal\/juan-asuaga-y-ale-goldfarb-en-espacio-luna-creciente\/#breadcrumb"},"inLanguage":"es-AR","potentialAction":[{"@type":"ReadAction","target":["https:\/\/cooltivarte.com\/portal\/juan-asuaga-y-ale-goldfarb-en-espacio-luna-creciente\/"]}]},{"@type":"ImageObject","inLanguage":"es-AR","@id":"https:\/\/cooltivarte.com\/portal\/juan-asuaga-y-ale-goldfarb-en-espacio-luna-creciente\/#primaryimage","url":"https:\/\/cooltivarte.com\/portal\/wp-content\/uploads\/2025\/11\/Juan-Asuaga-y-Ale-Goldfarb.jpeg","contentUrl":"https:\/\/cooltivarte.com\/portal\/wp-content\/uploads\/2025\/11\/Juan-Asuaga-y-Ale-Goldfarb.jpeg","width":713,"height":708,"caption":"Juan Asuaga y Ale Goldfarb en Espacio Luna Creciente - 22 de noviembre 2025 a las 21 hs."},{"@type":"BreadcrumbList","@id":"https:\/\/cooltivarte.com\/portal\/juan-asuaga-y-ale-goldfarb-en-espacio-luna-creciente\/#breadcrumb","itemListElement":[{"@type":"ListItem","position":1,"name":"Portada","item":"https:\/\/cooltivarte.com\/portal\/"},{"@type":"ListItem","position":2,"name":"Juan Asuaga y Ale Goldfarb en Espacio Luna Creciente"}]},{"@type":"WebSite","@id":"https:\/\/cooltivarte.com\/portal\/#website","url":"https:\/\/cooltivarte.com\/portal\/","name":"Cooltivarte Portal","description":"Arte, cultura y turismo para el mundo ...","publisher":{"@id":"https:\/\/cooltivarte.com\/portal\/#organization"},"potentialAction":[{"@type":"SearchAction","target":{"@type":"EntryPoint","urlTemplate":"https:\/\/cooltivarte.com\/portal\/?s={search_term_string}"},"query-input":{"@type":"PropertyValueSpecification","valueRequired":true,"valueName":"search_term_string"}}],"inLanguage":"es-AR"},{"@type":"Organization","@id":"https:\/\/cooltivarte.com\/portal\/#organization","name":"cooltivarte","url":"https:\/\/cooltivarte.com\/portal\/","logo":{"@type":"ImageObject","inLanguage":"es-AR","@id":"https:\/\/cooltivarte.com\/portal\/#\/schema\/logo\/image\/","url":"https:\/\/cooltivarte.com\/portal\/wp-content\/uploads\/2020\/04\/logo-cooltivarte-v2.png","contentUrl":"https:\/\/cooltivarte.com\/portal\/wp-content\/uploads\/2020\/04\/logo-cooltivarte-v2.png","width":851,"height":243,"caption":"cooltivarte"},"image":{"@id":"https:\/\/cooltivarte.com\/portal\/#\/schema\/logo\/image\/"},"sameAs":["https:\/\/www.facebook.com\/cooltivartecom\/","https:\/\/x.com\/obolocultural","https:\/\/www.instagram.com\/_cooltivarte_\/","https:\/\/www.linkedin.com\/company\/-bolocultural?reportsuccess=8zaNG1HwhPbAR9iQhZ5rfGeqz_vQFftHun0ZWU0Wy9vNemRJ8vtcKdJvzQfW8XagyOJSKg0XvfJ1dp","https:\/\/www.pinterest.com\/cooltivarte\/","https:\/\/cooltivarte.tumblr.com\/","https:\/\/www.tiktok.com\/@cooltivarte","https:\/\/www.youtube.com\/@PrensaCooltivarte"]},{"@type":"Person","@id":"https:\/\/cooltivarte.com\/portal\/#\/schema\/person\/ec2a4f4e71b740d0c559c0ab9a157e19","name":"Cooltivarte","image":{"@type":"ImageObject","inLanguage":"es-AR","@id":"https:\/\/cooltivarte.com\/portal\/wp-content\/uploads\/2014\/05\/logo-cooltivarte-120x120.jpg","url":"https:\/\/cooltivarte.com\/portal\/wp-content\/uploads\/2014\/05\/logo-cooltivarte-120x120.jpg","contentUrl":"https:\/\/cooltivarte.com\/portal\/wp-content\/uploads\/2014\/05\/logo-cooltivarte-120x120.jpg","caption":"Cooltivarte"},"description":"Somos COOLTIVARTE.COM. Un portal digital dedicado a difundir el acontecer art\u00edstico y cultural del Uruguay. Estamos en la vuelta desde el a\u00f1o 2003, y como evoluci\u00f3n del bolet\u00edn Obolo Cultural, nos encontramos abocados a apoyar a los artistas nacionales brind\u00e1ndoles un espacio de difusi\u00f3n. Creemos en la idea de utilizar la potencialidad que hoy d\u00eda nos otorga la web, para que la cultura uruguaya y sus creadores dispongan de una din\u00e1mica ventana, que los ponga en contacto entre s\u00ed y con el mundo. Somos COOLTIVARTE.COM y pretendemos configurarnos como un portal din\u00e1mico, entretenido y atento a los nuevos emprendimientos, que busque siempre la interacci\u00f3n con los artistas.","sameAs":["http:\/\/www.cooltivarte.com","https:\/\/www.facebook.com\/cooltivartecom","https:\/\/www.instagram.com\/_cooltivarte_\/","https:\/\/www.linkedin.com\/company\/-bolocultural","https:\/\/www.pinterest.com\/cooltivarte\/","https:\/\/x.com\/https:\/\/x.com\/obolocultural","https:\/\/www.youtube.com\/@PrensaCooltivarte","https:\/\/www.tumblr.com\/blog\/cooltivarte"],"url":"https:\/\/cooltivarte.com\/portal\/author\/cooltivarte\/"}]}},"_links":{"self":[{"href":"https:\/\/cooltivarte.com\/portal\/wp-json\/wp\/v2\/posts\/119459","targetHints":{"allow":["GET"]}}],"collection":[{"href":"https:\/\/cooltivarte.com\/portal\/wp-json\/wp\/v2\/posts"}],"about":[{"href":"https:\/\/cooltivarte.com\/portal\/wp-json\/wp\/v2\/types\/post"}],"author":[{"embeddable":true,"href":"https:\/\/cooltivarte.com\/portal\/wp-json\/wp\/v2\/users\/8"}],"replies":[{"embeddable":true,"href":"https:\/\/cooltivarte.com\/portal\/wp-json\/wp\/v2\/comments?post=119459"}],"version-history":[{"count":1,"href":"https:\/\/cooltivarte.com\/portal\/wp-json\/wp\/v2\/posts\/119459\/revisions"}],"predecessor-version":[{"id":119463,"href":"https:\/\/cooltivarte.com\/portal\/wp-json\/wp\/v2\/posts\/119459\/revisions\/119463"}],"wp:featuredmedia":[{"embeddable":true,"href":"https:\/\/cooltivarte.com\/portal\/wp-json\/wp\/v2\/media\/119461"}],"wp:attachment":[{"href":"https:\/\/cooltivarte.com\/portal\/wp-json\/wp\/v2\/media?parent=119459"}],"wp:term":[{"taxonomy":"category","embeddable":true,"href":"https:\/\/cooltivarte.com\/portal\/wp-json\/wp\/v2\/categories?post=119459"},{"taxonomy":"post_tag","embeddable":true,"href":"https:\/\/cooltivarte.com\/portal\/wp-json\/wp\/v2\/tags?post=119459"}],"curies":[{"name":"wp","href":"https:\/\/api.w.org\/{rel}","templated":true}]}}