{"id":119186,"date":"2025-11-01T05:19:31","date_gmt":"2025-11-01T08:19:31","guid":{"rendered":"https:\/\/cooltivarte.com\/portal\/?p=119186"},"modified":"2025-11-02T01:03:23","modified_gmt":"2025-11-02T04:03:23","slug":"orquesta-las-senoras-junto-a-laura-falero-en-el-chamuyo","status":"publish","type":"post","link":"https:\/\/cooltivarte.com\/portal\/orquesta-las-senoras-junto-a-laura-falero-en-el-chamuyo\/","title":{"rendered":"Orquesta Las Se\u00f1oras junto a Laura Falero en El Chamuyo"},"content":{"rendered":"<figure id=\"attachment_119187\" aria-describedby=\"caption-attachment-119187\" style=\"width: 1024px\" class=\"wp-caption aligncenter\"><img fetchpriority=\"high\" decoding=\"async\" class=\"wp-image-119187 size-large\" title=\"Foto: Pablo\" src=\"https:\/\/cooltivarte.com\/portal\/wp-content\/uploads\/2025\/11\/lf_lsenoras_elchamuyo-26-1024x683.jpg\" alt=\"Foto: Pablo Sosa\" width=\"1024\" height=\"683\" srcset=\"https:\/\/cooltivarte.com\/portal\/wp-content\/uploads\/2025\/11\/lf_lsenoras_elchamuyo-26-1024x683.jpg 1024w, https:\/\/cooltivarte.com\/portal\/wp-content\/uploads\/2025\/11\/lf_lsenoras_elchamuyo-26-300x200.jpg 300w, https:\/\/cooltivarte.com\/portal\/wp-content\/uploads\/2025\/11\/lf_lsenoras_elchamuyo-26-768x512.jpg 768w, https:\/\/cooltivarte.com\/portal\/wp-content\/uploads\/2025\/11\/lf_lsenoras_elchamuyo-26.jpg 1080w\" sizes=\"(max-width: 1024px) 100vw, 1024px\" \/><figcaption id=\"caption-attachment-119187\" class=\"wp-caption-text\">Foto: Pablo Sosa<\/figcaption><\/figure>\n<p>El pasado domingo 19 de octubre 2025 se present\u00f3 en<strong> El Chamuyo<\/strong> la <strong>Orquesta Las Se\u00f1oras<\/strong> junto a la invitada de lujo<strong> Laura Falero<\/strong>, quien estuvo abriendo la noche interpretando canciones sentidas y potentes entremezcladas con una dosis de humor. El show fue el cierre del <strong>ciclo Rizoma<\/strong>, que const\u00f3 de cuatro presentaciones compartidas con otras mujeres m\u00fasicas.<\/p>\n<p>Laura Falero habl\u00f3 con Cooltivarte y nos cont\u00f3 que su idea es terminar un disco que tiene a medio hacer \u00abpero no disfruto tanto de la producci\u00f3n como de tocar en vivo\u00bb. En lo referido al tango y su v\u00ednculo con la Orquesta Las Se\u00f1oras expres\u00f3 \u00abamo el tango y sigo a las se\u00f1oras desde sus inicios. Mi abuelo era violinista y arreglaba orquestas, mi viejo saxofonista y flautista tambi\u00e9n toc\u00f3 en agrupaciones de tango. Aprend\u00ed a cantar escuchando tangos con Mar\u00eda Gra\u00f1a\u00bb.<\/p>\n<p>El repertorio de Laura va desde canciones en ingl\u00e9s como la balada <em>Nothing Compares 2 U<\/em>, cover de Sin\u00e9ad O&#8217;Connor, hasta la versi\u00f3n bolero de <em>Por qu\u00e9 me fui a enamora de ti <\/em>de Mon Laferte. Otros temas que interpret\u00f3 fueron <em>Monstrua<\/em> canci\u00f3n con la que abri\u00f3 todos los shows de \u201cuna persona mejor\u201d su \u00faltimo show de comedia, <em>Una chispa<\/em> poema de Delmira Agustini de 1910, <em>Natural<\/em> canci\u00f3n realizada para su unipersonal Natural, estrenado en 2020, entre otros.<\/p>\n<p>Por otro lado la Orquesta Las Se\u00f1oras que cuenta con dos poderosas int\u00e9rpretes, como lo son Gabriela Morgare y Paola Larrama, realiz\u00f3 un repertorio tan variado y potente como la versi\u00f3n tanguera de la canci\u00f3n <em>Octavo d\u00eda <\/em>de la colombiana Shakira, <em>Hasta la ra\u00edz<\/em> de Natalia Lafourcade o <em>Los hijos de Gardel <\/em>de Laura Canoura. Otras canciones fueron <em>Flechazo<\/em> de Paulina Fa\u00edn, <em>Algunas formas de adi\u00f3s<\/em> de Paola Larrama, <em>Ojos de r\u00edo<\/em> de Dani Lest\u00e9 y <em>Dulce casero<\/em> de Sonia Possetti. Junto a Laura Falero interpretaron <em>Orquesta de se\u00f1oritas <\/em>de Mar\u00eda Elena Walsh y <em>Alfombra roja<\/em> de Laura Canoura.<\/p>\n<p>Orquesta Las Se\u00f1oras est\u00e1 conformada por 8 m\u00fasicas: Mayra Hern\u00e1ndez en piano, arreglo y direcci\u00f3n, Virginia \u00c1lvarez en contrabajo, Ver\u00f3nica Rumbo en bandone\u00f3n, Mariana Chilindr\u00f3n y Julieta Garrido en viol\u00edn, Gisselle Fern\u00e1ndez La\u00edno en viola y Gabriela Morgare y Paola Larrama en voz. La orquesta surgi\u00f3 en el a\u00f1o 2018 con el fin de recuperar y difundir los valiosos aportes que numerosas compositoras han realizado a la m\u00fasica latinoamericana, entre ellas Laura Canoura, Sonia Possetti, Natalia Lafourcade y Paola Larrama.<\/p>\n<figure id=\"attachment_119188\" aria-describedby=\"caption-attachment-119188\" style=\"width: 1024px\" class=\"wp-caption aligncenter\"><img decoding=\"async\" class=\"wp-image-119188 size-large\" title=\"Foto: Pablo\" src=\"https:\/\/cooltivarte.com\/portal\/wp-content\/uploads\/2025\/11\/lf_lsenoras_elchamuyo-7-1024x683.jpg\" alt=\"Foto: Pablo Sosa\" width=\"1024\" height=\"683\" srcset=\"https:\/\/cooltivarte.com\/portal\/wp-content\/uploads\/2025\/11\/lf_lsenoras_elchamuyo-7-1024x683.jpg 1024w, https:\/\/cooltivarte.com\/portal\/wp-content\/uploads\/2025\/11\/lf_lsenoras_elchamuyo-7-300x200.jpg 300w, https:\/\/cooltivarte.com\/portal\/wp-content\/uploads\/2025\/11\/lf_lsenoras_elchamuyo-7-768x512.jpg 768w, https:\/\/cooltivarte.com\/portal\/wp-content\/uploads\/2025\/11\/lf_lsenoras_elchamuyo-7.jpg 1080w\" sizes=\"(max-width: 1024px) 100vw, 1024px\" \/><figcaption id=\"caption-attachment-119188\" class=\"wp-caption-text\">Foto: Pablo Sosa<\/figcaption><\/figure>\n<p>&nbsp;<\/p>\n<p>&nbsp;<\/p>\n<p>&nbsp;<\/p>\n","protected":false},"excerpt":{"rendered":"<p>El pasado domingo 19 de octubre 2025 se present\u00f3 en El Chamuyo la Orquesta Las Se\u00f1oras junto a la invitada de lujo Laura Falero, quien estuvo abriendo la noche interpretando canciones sentidas y potentes entremezcladas con una dosis de humor. El show fue el cierre del ciclo Rizoma, que const\u00f3 de cuatro presentaciones compartidas con otras mujeres m\u00fasicas.<\/p>\n<p>Laura Falero habl\u00f3 con Cooltivarte y nos cont\u00f3 que su idea es terminar un disco que tiene a medio hacer \u00abpero no disfruto tanto de la producci\u00f3n como de tocar en vivo\u00bb. En lo referido al tango y su v\u00ednculo con la Orquesta Las Se\u00f1oras expres\u00f3 \u00abamo el tango y sigo a las se\u00f1oras desde sus inicios. Mi abuelo era violinista y arreglaba orquestas, mi viejo saxofonista y flautista tambi\u00e9n toc\u00f3 en agrupaciones de tango. Aprend\u00ed a cantar escuchando tangos con Mar\u00eda Gra\u00f1a\u00bb.<\/p>\n<p>El repertorio de Laura va desde canciones en ingl\u00e9s como la balada Nothing Compares 2 U, cover de Sin\u00e9ad O&#8217;Connor, hasta la versi\u00f3n bolero de Por qu\u00e9 me fui a enamora de ti de Mon Laferte. Otros temas que interpret\u00f3 fueron Monstrua canci\u00f3n con la que abri\u00f3 todos los shows de \u201cuna persona mejor\u201d su \u00faltimo show de comedia, Una chispa poema de Delmira Agustini de 1910, Natural canci\u00f3n realizada para su unipersonal Natural, estrenado en 2020, entre otros.<\/p>\n","protected":false},"author":231,"featured_media":119187,"comment_status":"closed","ping_status":"closed","sticky":false,"template":"","format":"standard","meta":{"om_disable_all_campaigns":false,"ngg_post_thumbnail":0,"jnews-multi-image_gallery":[],"jnews_single_post":{"format":"standard","override":[{"template":"4","parallax":"1","layout":"right-sidebar","sidebar":"default-sidebar","second_sidebar":"default-sidebar","sticky_sidebar":"1","share_position":"bottom","share_float_style":"share-monocrhome","show_share_counter":"1","show_view_counter":"1","show_featured":"1","show_post_meta":"1","show_post_author":"1","show_post_author_image":"1","show_post_date":"1","post_date_format":"default","post_date_format_custom":"Y\/m\/d","show_post_category":"1","post_reading_time_wpm":"300","post_calculate_word_method":"str_word_count","zoom_button_out_step":"2","zoom_button_in_step":"3","show_post_tag":"1","show_prev_next_post":"1","show_popup_post":"1","show_comment_section":"1","number_popup_post":"1","show_author_box":"1","show_post_related":"0","show_inline_post_related":"0"}],"image_override":[{"single_post_thumbnail_size":"no-crop","single_post_gallery_size":"crop-500"}],"trending_post_position":"meta","trending_post_label":"Trending","sponsored_post_label":"Sponsored by","disable_ad":"0","subtitle":"Una noche a puro tango femenino","gallery":"119187"},"jnews_primary_category":[],"jnews_social_meta":[],"jnews_override_counter":{"view_counter_number":"0","share_counter_number":"0","like_counter_number":"0","dislike_counter_number":"0"},"footnotes":""},"categories":[50],"tags":[21138,5243,7706,168,100,5546,24826,24827,5953,256],"class_list":["post-119186","post","type-post","status-publish","format-standard","has-post-thumbnail","hentry","category-coberturas","tag-coberturas","tag-el-chamuyo","tag-laura-falero","tag-montevideo","tag-musica","tag-musica-en-vivo","tag-orquesta-las-senoras","tag-poder-femenino","tag-show-en-vivo","tag-tango"],"yoast_head":"<!-- This site is optimized with the Yoast SEO plugin v27.5 - https:\/\/yoast.com\/product\/yoast-seo-wordpress\/ -->\n<title>Orquesta Las Se\u00f1oras junto a Laura Falero en El Chamuyo - Cooltivarte Portal<\/title>\n<meta name=\"description\" content=\"El pasado domingo 19 de octubre se present\u00f3 en El Chamuyo la Orquesta Las Se\u00f1oras junto a la invitada de lujo Laura Falero\" \/>\n<meta name=\"robots\" content=\"index, follow, max-snippet:-1, max-image-preview:large, max-video-preview:-1\" \/>\n<link rel=\"canonical\" href=\"https:\/\/cooltivarte.com\/portal\/orquesta-las-senoras-junto-a-laura-falero-en-el-chamuyo\/\" \/>\n<meta property=\"og:locale\" content=\"es_ES\" \/>\n<meta property=\"og:type\" content=\"article\" \/>\n<meta property=\"og:title\" content=\"Orquesta Las Se\u00f1oras junto a Laura Falero en El Chamuyo by Constanza Innamorato\" \/>\n<meta property=\"og:description\" content=\"El pasado domingo 19 de octubre se present\u00f3 en El Chamuyo la Orquesta Las Se\u00f1oras junto a la invitada de lujo Laura Falero\" \/>\n<meta property=\"og:url\" content=\"https:\/\/cooltivarte.com\/portal\/orquesta-las-senoras-junto-a-laura-falero-en-el-chamuyo\/\" \/>\n<meta property=\"og:site_name\" content=\"Cooltivarte Portal\" \/>\n<meta property=\"article:publisher\" content=\"https:\/\/www.facebook.com\/cooltivartecom\/\" \/>\n<meta property=\"article:author\" content=\"https:\/\/www.facebook.com\/chenalofficial\/\" \/>\n<meta property=\"article:published_time\" content=\"2025-11-01T08:19:31+00:00\" \/>\n<meta property=\"article:modified_time\" content=\"2025-11-02T04:03:23+00:00\" \/>\n<meta property=\"og:image\" content=\"https:\/\/cooltivarte.com\/portal\/wp-content\/uploads\/2025\/11\/lf_lsenoras_elchamuyo-26.jpg\" \/>\n\t<meta property=\"og:image:width\" content=\"1080\" \/>\n\t<meta property=\"og:image:height\" content=\"720\" \/>\n\t<meta property=\"og:image:type\" content=\"image\/jpeg\" \/>\n<meta name=\"author\" content=\"Constanza Innamorato\" \/>\n<meta name=\"twitter:card\" content=\"summary_large_image\" \/>\n<meta name=\"twitter:title\" content=\"Orquesta Las Se\u00f1oras junto a Laura Falero en El Chamuyo by Constanza Innamorato\" \/>\n<meta name=\"twitter:description\" content=\"El pasado domingo 19 de octubre se present\u00f3 en El Chamuyo la Orquesta Las Se\u00f1oras junto a la invitada de lujo Laura Falero\" \/>\n<meta name=\"twitter:image\" content=\"https:\/\/cooltivarte.com\/portal\/wp-content\/uploads\/2025\/11\/lf_lsenoras_elchamuyo-26.jpg\" \/>\n<meta name=\"twitter:creator\" content=\"@https:\/\/x.com\/chenalcig\/\" \/>\n<meta name=\"twitter:site\" content=\"@obolocultural\" \/>\n<meta name=\"twitter:label1\" content=\"Escrito por\" \/>\n\t<meta name=\"twitter:data1\" content=\"Constanza Innamorato\" \/>\n\t<meta name=\"twitter:label2\" content=\"Tiempo de lectura\" \/>\n\t<meta name=\"twitter:data2\" content=\"3 minutos\" \/>\n<!-- \/ Yoast SEO plugin. -->","yoast_head_json":{"title":"Orquesta Las Se\u00f1oras junto a Laura Falero en El Chamuyo - Cooltivarte Portal","description":"El pasado domingo 19 de octubre se present\u00f3 en El Chamuyo la Orquesta Las Se\u00f1oras junto a la invitada de lujo Laura Falero","robots":{"index":"index","follow":"follow","max-snippet":"max-snippet:-1","max-image-preview":"max-image-preview:large","max-video-preview":"max-video-preview:-1"},"canonical":"https:\/\/cooltivarte.com\/portal\/orquesta-las-senoras-junto-a-laura-falero-en-el-chamuyo\/","og_locale":"es_ES","og_type":"article","og_title":"Orquesta Las Se\u00f1oras junto a Laura Falero en El Chamuyo by Constanza Innamorato","og_description":"El pasado domingo 19 de octubre se present\u00f3 en El Chamuyo la Orquesta Las Se\u00f1oras junto a la invitada de lujo Laura Falero","og_url":"https:\/\/cooltivarte.com\/portal\/orquesta-las-senoras-junto-a-laura-falero-en-el-chamuyo\/","og_site_name":"Cooltivarte Portal","article_publisher":"https:\/\/www.facebook.com\/cooltivartecom\/","article_author":"https:\/\/www.facebook.com\/chenalofficial\/","article_published_time":"2025-11-01T08:19:31+00:00","article_modified_time":"2025-11-02T04:03:23+00:00","og_image":[{"width":1080,"height":720,"url":"https:\/\/cooltivarte.com\/portal\/wp-content\/uploads\/2025\/11\/lf_lsenoras_elchamuyo-26.jpg","type":"image\/jpeg"}],"author":"Constanza Innamorato","twitter_card":"summary_large_image","twitter_title":"Orquesta Las Se\u00f1oras junto a Laura Falero en El Chamuyo by Constanza Innamorato","twitter_description":"El pasado domingo 19 de octubre se present\u00f3 en El Chamuyo la Orquesta Las Se\u00f1oras junto a la invitada de lujo Laura Falero","twitter_image":"https:\/\/cooltivarte.com\/portal\/wp-content\/uploads\/2025\/11\/lf_lsenoras_elchamuyo-26.jpg","twitter_creator":"@https:\/\/x.com\/chenalcig\/","twitter_site":"@obolocultural","twitter_misc":{"Escrito por":"Constanza Innamorato","Tiempo de lectura":"3 minutos"},"schema":{"@context":"https:\/\/schema.org","@graph":[{"@type":"NewsArticle","@id":"https:\/\/cooltivarte.com\/portal\/orquesta-las-senoras-junto-a-laura-falero-en-el-chamuyo\/#article","isPartOf":{"@id":"https:\/\/cooltivarte.com\/portal\/orquesta-las-senoras-junto-a-laura-falero-en-el-chamuyo\/"},"author":{"name":"Constanza Innamorato","@id":"https:\/\/cooltivarte.com\/portal\/#\/schema\/person\/03d03b75f72fcbce9eb76cdc846aa9ed"},"headline":"Orquesta Las Se\u00f1oras junto a Laura Falero en El Chamuyo","datePublished":"2025-11-01T08:19:31+00:00","dateModified":"2025-11-02T04:03:23+00:00","mainEntityOfPage":{"@id":"https:\/\/cooltivarte.com\/portal\/orquesta-las-senoras-junto-a-laura-falero-en-el-chamuyo\/"},"wordCount":464,"publisher":{"@id":"https:\/\/cooltivarte.com\/portal\/#organization"},"image":{"@id":"https:\/\/cooltivarte.com\/portal\/orquesta-las-senoras-junto-a-laura-falero-en-el-chamuyo\/#primaryimage"},"thumbnailUrl":"https:\/\/cooltivarte.com\/portal\/wp-content\/uploads\/2025\/11\/lf_lsenoras_elchamuyo-26.jpg","keywords":["coberturas","El Chamuyo","Laura Falero","Montevideo","M\u00fasica","m\u00fasica en vivo","Orquesta Las Se\u00f1oras","poder femenino","Show en vivo","Tango"],"articleSection":["Coberturas"],"inLanguage":"es-AR"},{"@type":"WebPage","@id":"https:\/\/cooltivarte.com\/portal\/orquesta-las-senoras-junto-a-laura-falero-en-el-chamuyo\/","url":"https:\/\/cooltivarte.com\/portal\/orquesta-las-senoras-junto-a-laura-falero-en-el-chamuyo\/","name":"Orquesta Las Se\u00f1oras junto a Laura Falero en El Chamuyo - Cooltivarte Portal","isPartOf":{"@id":"https:\/\/cooltivarte.com\/portal\/#website"},"primaryImageOfPage":{"@id":"https:\/\/cooltivarte.com\/portal\/orquesta-las-senoras-junto-a-laura-falero-en-el-chamuyo\/#primaryimage"},"image":{"@id":"https:\/\/cooltivarte.com\/portal\/orquesta-las-senoras-junto-a-laura-falero-en-el-chamuyo\/#primaryimage"},"thumbnailUrl":"https:\/\/cooltivarte.com\/portal\/wp-content\/uploads\/2025\/11\/lf_lsenoras_elchamuyo-26.jpg","datePublished":"2025-11-01T08:19:31+00:00","dateModified":"2025-11-02T04:03:23+00:00","description":"El pasado domingo 19 de octubre se present\u00f3 en El Chamuyo la Orquesta Las Se\u00f1oras junto a la invitada de lujo Laura Falero","breadcrumb":{"@id":"https:\/\/cooltivarte.com\/portal\/orquesta-las-senoras-junto-a-laura-falero-en-el-chamuyo\/#breadcrumb"},"inLanguage":"es-AR","potentialAction":[{"@type":"ReadAction","target":["https:\/\/cooltivarte.com\/portal\/orquesta-las-senoras-junto-a-laura-falero-en-el-chamuyo\/"]}]},{"@type":"ImageObject","inLanguage":"es-AR","@id":"https:\/\/cooltivarte.com\/portal\/orquesta-las-senoras-junto-a-laura-falero-en-el-chamuyo\/#primaryimage","url":"https:\/\/cooltivarte.com\/portal\/wp-content\/uploads\/2025\/11\/lf_lsenoras_elchamuyo-26.jpg","contentUrl":"https:\/\/cooltivarte.com\/portal\/wp-content\/uploads\/2025\/11\/lf_lsenoras_elchamuyo-26.jpg","width":1080,"height":720,"caption":"Foto: Pablo"},{"@type":"BreadcrumbList","@id":"https:\/\/cooltivarte.com\/portal\/orquesta-las-senoras-junto-a-laura-falero-en-el-chamuyo\/#breadcrumb","itemListElement":[{"@type":"ListItem","position":1,"name":"Portada","item":"https:\/\/cooltivarte.com\/portal\/"},{"@type":"ListItem","position":2,"name":"Orquesta Las Se\u00f1oras junto a Laura Falero en El Chamuyo"}]},{"@type":"WebSite","@id":"https:\/\/cooltivarte.com\/portal\/#website","url":"https:\/\/cooltivarte.com\/portal\/","name":"Cooltivarte Portal","description":"Arte, cultura y turismo para el mundo ...","publisher":{"@id":"https:\/\/cooltivarte.com\/portal\/#organization"},"potentialAction":[{"@type":"SearchAction","target":{"@type":"EntryPoint","urlTemplate":"https:\/\/cooltivarte.com\/portal\/?s={search_term_string}"},"query-input":{"@type":"PropertyValueSpecification","valueRequired":true,"valueName":"search_term_string"}}],"inLanguage":"es-AR"},{"@type":"Organization","@id":"https:\/\/cooltivarte.com\/portal\/#organization","name":"cooltivarte","url":"https:\/\/cooltivarte.com\/portal\/","logo":{"@type":"ImageObject","inLanguage":"es-AR","@id":"https:\/\/cooltivarte.com\/portal\/#\/schema\/logo\/image\/","url":"https:\/\/cooltivarte.com\/portal\/wp-content\/uploads\/2020\/04\/logo-cooltivarte-v2.png","contentUrl":"https:\/\/cooltivarte.com\/portal\/wp-content\/uploads\/2020\/04\/logo-cooltivarte-v2.png","width":851,"height":243,"caption":"cooltivarte"},"image":{"@id":"https:\/\/cooltivarte.com\/portal\/#\/schema\/logo\/image\/"},"sameAs":["https:\/\/www.facebook.com\/cooltivartecom\/","https:\/\/x.com\/obolocultural","https:\/\/www.instagram.com\/_cooltivarte_\/","https:\/\/www.linkedin.com\/company\/-bolocultural?reportsuccess=8zaNG1HwhPbAR9iQhZ5rfGeqz_vQFftHun0ZWU0Wy9vNemRJ8vtcKdJvzQfW8XagyOJSKg0XvfJ1dp","https:\/\/www.pinterest.com\/cooltivarte\/","https:\/\/cooltivarte.tumblr.com\/","https:\/\/www.tiktok.com\/@cooltivarte","https:\/\/www.youtube.com\/@PrensaCooltivarte"]},{"@type":"Person","@id":"https:\/\/cooltivarte.com\/portal\/#\/schema\/person\/03d03b75f72fcbce9eb76cdc846aa9ed","name":"Constanza Innamorato","image":{"@type":"ImageObject","inLanguage":"es-AR","@id":"https:\/\/cooltivarte.com\/portal\/wp-content\/uploads\/2025\/05\/Constanza-Innamorato-120x120.jpg","url":"https:\/\/cooltivarte.com\/portal\/wp-content\/uploads\/2025\/05\/Constanza-Innamorato-120x120.jpg","contentUrl":"https:\/\/cooltivarte.com\/portal\/wp-content\/uploads\/2025\/05\/Constanza-Innamorato-120x120.jpg","caption":"Constanza Innamorato"},"description":"Periodista, m\u00fasica, escritora y poeta, estudi\u00f3 Abogac\u00eda en la Facultad de Derecho, y culmin\u00f3 la Licenciatura en Letras en la Facultad de Humanidades (Udelar). Su trabajo se encuentra enfocado en el \u00e1rea de la literatura uruguaya. Actualmente es docente de Literatura y Comunicaci\u00f3n y Sociedad en secundaria.","sameAs":["https:\/\/www.facebook.com\/chenalofficial\/","https:\/\/www.instagram.com\/chenal.cig\/","https:\/\/www.linkedin.com\/company\/-bolocultural","https:\/\/www.pinterest.com\/cooltivarte","https:\/\/x.com\/https:\/\/x.com\/chenalcig\/","https:\/\/www.youtube.com\/@PrensaCooltivarte","https:\/\/www.tumblr.com\/blog\/cooltivarte"],"url":"https:\/\/cooltivarte.com\/portal\/author\/chenal-innamorato\/"}]}},"_links":{"self":[{"href":"https:\/\/cooltivarte.com\/portal\/wp-json\/wp\/v2\/posts\/119186","targetHints":{"allow":["GET"]}}],"collection":[{"href":"https:\/\/cooltivarte.com\/portal\/wp-json\/wp\/v2\/posts"}],"about":[{"href":"https:\/\/cooltivarte.com\/portal\/wp-json\/wp\/v2\/types\/post"}],"author":[{"embeddable":true,"href":"https:\/\/cooltivarte.com\/portal\/wp-json\/wp\/v2\/users\/231"}],"replies":[{"embeddable":true,"href":"https:\/\/cooltivarte.com\/portal\/wp-json\/wp\/v2\/comments?post=119186"}],"version-history":[{"count":5,"href":"https:\/\/cooltivarte.com\/portal\/wp-json\/wp\/v2\/posts\/119186\/revisions"}],"predecessor-version":[{"id":119244,"href":"https:\/\/cooltivarte.com\/portal\/wp-json\/wp\/v2\/posts\/119186\/revisions\/119244"}],"wp:featuredmedia":[{"embeddable":true,"href":"https:\/\/cooltivarte.com\/portal\/wp-json\/wp\/v2\/media\/119187"}],"wp:attachment":[{"href":"https:\/\/cooltivarte.com\/portal\/wp-json\/wp\/v2\/media?parent=119186"}],"wp:term":[{"taxonomy":"category","embeddable":true,"href":"https:\/\/cooltivarte.com\/portal\/wp-json\/wp\/v2\/categories?post=119186"},{"taxonomy":"post_tag","embeddable":true,"href":"https:\/\/cooltivarte.com\/portal\/wp-json\/wp\/v2\/tags?post=119186"}],"curies":[{"name":"wp","href":"https:\/\/api.w.org\/{rel}","templated":true}]}}