{"id":119006,"date":"2026-03-12T12:55:52","date_gmt":"2026-03-12T15:55:52","guid":{"rendered":"https:\/\/cooltivarte.com\/portal\/?p=119006"},"modified":"2026-03-12T19:35:06","modified_gmt":"2026-03-12T22:35:06","slug":"bryan-adams-en-uruguay-en-el-marco-de-su-gira-roll-with-the-punches","status":"publish","type":"post","link":"https:\/\/cooltivarte.com\/portal\/bryan-adams-en-uruguay-en-el-marco-de-su-gira-roll-with-the-punches\/","title":{"rendered":"Bryan Adams en Uruguay en el marco de su gira \u2018Roll with the punches\u2019"},"content":{"rendered":"<p>&nbsp;<\/p>\n<p><img fetchpriority=\"high\" decoding=\"async\" class=\"aligncenter wp-image-123606 size-large\" title=\"Bryan Adams en Antel Arena\" src=\"https:\/\/cooltivarte.com\/portal\/wp-content\/uploads\/2025\/10\/Bryan-Adams-en-Antel-Arena-758x1024.jpg\" alt=\"Bryan Adams en Antel Arena\" width=\"758\" height=\"1024\" srcset=\"https:\/\/cooltivarte.com\/portal\/wp-content\/uploads\/2025\/10\/Bryan-Adams-en-Antel-Arena-758x1024.jpg 758w, https:\/\/cooltivarte.com\/portal\/wp-content\/uploads\/2025\/10\/Bryan-Adams-en-Antel-Arena-222x300.jpg 222w, https:\/\/cooltivarte.com\/portal\/wp-content\/uploads\/2025\/10\/Bryan-Adams-en-Antel-Arena-768x1038.jpg 768w, https:\/\/cooltivarte.com\/portal\/wp-content\/uploads\/2025\/10\/Bryan-Adams-en-Antel-Arena.jpg 1080w\" sizes=\"(max-width: 758px) 100vw, 758px\" \/><\/p>\n<p>&nbsp;<\/p>\n<p><strong>Bryan Adams en Uruguay en el marco de su gira \u2018Roll with the punches\u2019<\/strong><br \/>\n<strong>13 de marzo 2026 &#8211; 21 horas<\/strong><br \/>\n<strong>Antel Arena<\/strong><\/p>\n<p><a href=\"https:\/\/reduts.com.uy\/tickets\/es\/entradas-musica-bryan-adams\" target=\"_blank\" rel=\"noopener\">Entradas<\/a><\/p>\n<p>&nbsp;<\/p>\n<blockquote class=\"twitter-tweet\">\n<p dir=\"ltr\" lang=\"es\">Bryan Adams en Uruguay en el marco de su gira \u2018Roll with the punches\u2019<br \/>\n13 de marzo 2026 &#8211; Antel Arena <a href=\"https:\/\/t.co\/rB53r2E6lP\">https:\/\/t.co\/rB53r2E6lP<\/a> <a href=\"https:\/\/t.co\/LOQpiWM8V7\">pic.twitter.com\/LOQpiWM8V7<\/a><\/p>\n<p>\u2014 cooltivarte.com (@obolocultural) <a href=\"https:\/\/twitter.com\/obolocultural\/status\/2032223539919471077?ref_src=twsrc%5Etfw\">March 12, 2026<\/a><\/p><\/blockquote>\n<p><script async=\"\" src=\"https:\/\/platform.twitter.com\/widgets.js\" charset=\"utf-8\"><\/script><\/p>\n<p>&nbsp;<\/p>\n<p>&nbsp;<\/p>\n<p>Debido a ajustes log\u00edsticos el show cambia de escenario. Nueva locaci\u00f3n: <strong>Antel Arena<\/strong>. El d\u00eda y horario se mantienen. Las entradas adquiridas conservan total validez y no se debe hacer ninguna gesti\u00f3n. Al momento de llegar al recinto seg\u00fan la entrada adquirida ser\u00e1n reubicados.<\/p>\n<p>Para quienes no puedan concurrir al show, el plazo de devoluci\u00f3n ser\u00e1 del 16 al 23 de marzo 2026 inclusive. Para esto, deben comunicarse a la siguiente direcci\u00f3n de correo electr\u00f3nico: <a href=\"mailto:soporte@reduts.com.uy\" target=\"_blank\" rel=\"noopener\">soporte@reduts.com.uy<\/a>, durante el plazo anteriormente mencionado y solicitar dicha devoluci\u00f3n.<\/p>\n<p>&nbsp;<\/p>\n<p>Bryan Adams ha estado de gira por el mundo durante casi cuatro d\u00e9cadas. Su m\u00fasica ha alcanzado el n\u00famero 1 en m\u00e1s de 40 pa\u00edses y ha recibido numerosos premios, incluyendo un Grammy, American Music Awards, tres premios \u00d3scar y cinco nominaciones a los Globos de Oro. Es Compa\u00f1ero de la Orden de Canad\u00e1.<\/p>\n<p>En 2018, se aventur\u00f3 en el mundo del teatro musical, coescribiendo las canciones de &#8220;Pretty Woman: The Musical&#8221; y lanz\u00f3 su decimosexto \u00e1lbum de estudio, &#8220;So Happy It Hurts&#8221;, en 2022.<\/p>\n<p>Tambi\u00e9n sigui\u00f3 los pasos de Taylor Swift al regrabar algunas de sus canciones m\u00e1s importantes con un \u00e1lbum doble de &#8220;Classics&#8221; en 2023, y poco despu\u00e9s lanz\u00f3 una caja recopilatoria de tres \u00e1lbumes de su residencia en el Royal Albert Hall.<\/p>\n<p>En agosto de 2024, Bryan lanz\u00f3 Bad Records, su propio sello independiente, con un sencillo digital de edici\u00f3n limitada de \u20187\u2019 y un v\u00eddeo de dos canciones: &#8220;Rock And Roll Hell&#8221; y &#8220;War Machine&#8221;.<\/p>\n<p>La gira &#8220;Roll With The Punches&#8221; comenz\u00f3 en mayo de 2025 y el \u00e1lbum fue publicado en noviembre.&nbsp;<\/p>\n<p>&nbsp;<\/p>\n<p>&nbsp;<\/p>\n<p>&nbsp;<\/p>\n","protected":false},"excerpt":{"rendered":"<p>Bryan Adams en Uruguay en el marco de su gira \u2018Roll with the punches\u2019<br \/>\n13 de marzo 2026 &#8211; 21 horas<br \/>\nAntel Arena<\/p>\n<p>Entradas<\/p>\n<p>Debido a ajustes log\u00edsticos el show cambia de escenario. Nueva locaci\u00f3n: Antel Arena. El d\u00eda y horario se mantienen. Las entradas adquiridas conservan total validez y no se debe hacer ninguna gesti\u00f3n. Al momento de llegar al recinto seg\u00fan la entrada adquirida ser\u00e1n reubicados.<\/p>\n<p>Para quienes no puedan concurrir al show, el plazo de devoluci\u00f3n ser\u00e1 del 16 al 23 de marzo 2026 inclusive. Para esto, deben comunicarse a la siguiente direcci\u00f3n de correo electr\u00f3nico: soporte@reduts.com.uy, durante el plazo anteriormente mencionado y solicitar dicha devoluci\u00f3n.<\/p>\n","protected":false},"author":8,"featured_media":123606,"comment_status":"closed","ping_status":"closed","sticky":false,"template":"","format":"standard","meta":{"om_disable_all_campaigns":false,"ngg_post_thumbnail":0,"jnews-multi-image_gallery":[],"jnews_single_post":{"format":"standard","override":[{"template":"4","parallax":"1","layout":"right-sidebar","sidebar":"default-sidebar","second_sidebar":"default-sidebar","sticky_sidebar":"1","share_position":"bottom","share_float_style":"share-monocrhome","show_share_counter":"1","show_view_counter":"1","show_featured":"1","show_post_meta":"1","show_post_author":"1","show_post_author_image":"1","show_post_date":"1","post_date_format":"default","post_date_format_custom":"Y\/m\/d","show_post_category":"1","post_reading_time_wpm":"300","post_calculate_word_method":"str_word_count","zoom_button_out_step":"2","zoom_button_in_step":"3","show_post_tag":"1","show_prev_next_post":"1","show_popup_post":"1","show_comment_section":"1","number_popup_post":"1","show_author_box":"1","show_post_related":"0","show_inline_post_related":"0"}],"image_override":[{"single_post_thumbnail_size":"no-crop","single_post_gallery_size":"crop-500"}],"trending_post_position":"meta","trending_post_label":"Trending","sponsored_post_label":"Sponsored by","disable_ad":"0","subtitle":"13 de marzo 2026 - Antel Arena"},"jnews_primary_category":[],"jnews_social_meta":[],"jnews_override_counter":{"view_counter_number":"0","share_counter_number":"0","like_counter_number":"0","dislike_counter_number":"0"},"footnotes":""},"categories":[3394],"tags":[7467,9535],"class_list":["post-119006","post","type-post","status-publish","format-standard","has-post-thumbnail","hentry","category-eventos","tag-antel-arena","tag-bryan-adams"],"yoast_head":"<!-- This site is optimized with the Yoast SEO plugin v27.5 - https:\/\/yoast.com\/product\/yoast-seo-wordpress\/ -->\n<title>Bryan Adams en Uruguay en el marco de su gira \u2018Roll with the punches\u2019 - Cooltivarte Portal<\/title>\n<meta name=\"description\" content=\"Bryan Adams ha estado de gira por el mundo durante casi cuatro d\u00e9cadas. Su m\u00fasica ha alcanzado el n\u00famero 1 en m\u00e1s de 40 pa\u00edses y ha recibido numerosos premios, incluyendo un Grammy, American Music Awards, tres premios \u00d3scar y cinco nominaciones a los Globos de Oro.\" \/>\n<meta name=\"robots\" content=\"index, follow, max-snippet:-1, max-image-preview:large, max-video-preview:-1\" \/>\n<link rel=\"canonical\" href=\"https:\/\/cooltivarte.com\/portal\/bryan-adams-en-uruguay-en-el-marco-de-su-gira-roll-with-the-punches\/\" \/>\n<meta property=\"og:locale\" content=\"es_ES\" \/>\n<meta property=\"og:type\" content=\"article\" \/>\n<meta property=\"og:title\" content=\"Bryan Adams en Uruguay en el marco de su gira \u2018Roll with the punches\u2019\" \/>\n<meta property=\"og:description\" content=\"Bryan Adams ha estado de gira por el mundo durante casi cuatro d\u00e9cadas. Su m\u00fasica ha alcanzado el n\u00famero 1 en m\u00e1s de 40 pa\u00edses y ha recibido numerosos premios, incluyendo un Grammy, American Music Awards, tres premios \u00d3scar y cinco nominaciones a los Globos de Oro.\" \/>\n<meta property=\"og:url\" content=\"https:\/\/cooltivarte.com\/portal\/bryan-adams-en-uruguay-en-el-marco-de-su-gira-roll-with-the-punches\/\" \/>\n<meta property=\"og:site_name\" content=\"Cooltivarte Portal\" \/>\n<meta property=\"article:publisher\" content=\"https:\/\/www.facebook.com\/cooltivartecom\/\" \/>\n<meta property=\"article:author\" content=\"https:\/\/www.facebook.com\/cooltivartecom\" \/>\n<meta property=\"article:published_time\" content=\"2026-03-12T15:55:52+00:00\" \/>\n<meta property=\"article:modified_time\" content=\"2026-03-12T22:35:06+00:00\" \/>\n<meta property=\"og:image\" content=\"https:\/\/cooltivarte.com\/portal\/wp-content\/uploads\/2025\/10\/Bryan-Adams-en-Antel-Arena.jpg\" \/>\n\t<meta property=\"og:image:width\" content=\"1080\" \/>\n\t<meta property=\"og:image:height\" content=\"1459\" \/>\n\t<meta property=\"og:image:type\" content=\"image\/jpeg\" \/>\n<meta name=\"author\" content=\"Cooltivarte\" \/>\n<meta name=\"twitter:card\" content=\"summary_large_image\" \/>\n<meta name=\"twitter:title\" content=\"Bryan Adams en Uruguay en el marco de su gira \u2018Roll with the punches\u2019\" \/>\n<meta name=\"twitter:description\" content=\"Bryan Adams ha estado de gira por el mundo durante casi cuatro d\u00e9cadas. Su m\u00fasica ha alcanzado el n\u00famero 1 en m\u00e1s de 40 pa\u00edses y ha recibido numerosos premios, incluyendo un Grammy, American Music Awards, tres premios \u00d3scar y cinco nominaciones a los Globos de Oro.\" \/>\n<meta name=\"twitter:image\" content=\"https:\/\/cooltivarte.com\/portal\/wp-content\/uploads\/2025\/10\/Bryan-Adams-en-Antel-Arena.jpg\" \/>\n<meta name=\"twitter:creator\" content=\"@https:\/\/x.com\/obolocultural\" \/>\n<meta name=\"twitter:site\" content=\"@obolocultural\" \/>\n<meta name=\"twitter:label1\" content=\"Escrito por\" \/>\n\t<meta name=\"twitter:data1\" content=\"Cooltivarte\" \/>\n\t<meta name=\"twitter:label2\" content=\"Tiempo de lectura\" \/>\n\t<meta name=\"twitter:data2\" content=\"2 minutos\" \/>\n<!-- \/ Yoast SEO plugin. -->","yoast_head_json":{"title":"Bryan Adams en Uruguay en el marco de su gira \u2018Roll with the punches\u2019 - Cooltivarte Portal","description":"Bryan Adams ha estado de gira por el mundo durante casi cuatro d\u00e9cadas. Su m\u00fasica ha alcanzado el n\u00famero 1 en m\u00e1s de 40 pa\u00edses y ha recibido numerosos premios, incluyendo un Grammy, American Music Awards, tres premios \u00d3scar y cinco nominaciones a los Globos de Oro.","robots":{"index":"index","follow":"follow","max-snippet":"max-snippet:-1","max-image-preview":"max-image-preview:large","max-video-preview":"max-video-preview:-1"},"canonical":"https:\/\/cooltivarte.com\/portal\/bryan-adams-en-uruguay-en-el-marco-de-su-gira-roll-with-the-punches\/","og_locale":"es_ES","og_type":"article","og_title":"Bryan Adams en Uruguay en el marco de su gira \u2018Roll with the punches\u2019","og_description":"Bryan Adams ha estado de gira por el mundo durante casi cuatro d\u00e9cadas. Su m\u00fasica ha alcanzado el n\u00famero 1 en m\u00e1s de 40 pa\u00edses y ha recibido numerosos premios, incluyendo un Grammy, American Music Awards, tres premios \u00d3scar y cinco nominaciones a los Globos de Oro.","og_url":"https:\/\/cooltivarte.com\/portal\/bryan-adams-en-uruguay-en-el-marco-de-su-gira-roll-with-the-punches\/","og_site_name":"Cooltivarte Portal","article_publisher":"https:\/\/www.facebook.com\/cooltivartecom\/","article_author":"https:\/\/www.facebook.com\/cooltivartecom","article_published_time":"2026-03-12T15:55:52+00:00","article_modified_time":"2026-03-12T22:35:06+00:00","og_image":[{"width":1080,"height":1459,"url":"https:\/\/cooltivarte.com\/portal\/wp-content\/uploads\/2025\/10\/Bryan-Adams-en-Antel-Arena.jpg","type":"image\/jpeg"}],"author":"Cooltivarte","twitter_card":"summary_large_image","twitter_title":"Bryan Adams en Uruguay en el marco de su gira \u2018Roll with the punches\u2019","twitter_description":"Bryan Adams ha estado de gira por el mundo durante casi cuatro d\u00e9cadas. Su m\u00fasica ha alcanzado el n\u00famero 1 en m\u00e1s de 40 pa\u00edses y ha recibido numerosos premios, incluyendo un Grammy, American Music Awards, tres premios \u00d3scar y cinco nominaciones a los Globos de Oro.","twitter_image":"https:\/\/cooltivarte.com\/portal\/wp-content\/uploads\/2025\/10\/Bryan-Adams-en-Antel-Arena.jpg","twitter_creator":"@https:\/\/x.com\/obolocultural","twitter_site":"@obolocultural","twitter_misc":{"Escrito por":"Cooltivarte","Tiempo de lectura":"2 minutos"},"schema":{"@context":"https:\/\/schema.org","@graph":[{"@type":"NewsArticle","@id":"https:\/\/cooltivarte.com\/portal\/bryan-adams-en-uruguay-en-el-marco-de-su-gira-roll-with-the-punches\/#article","isPartOf":{"@id":"https:\/\/cooltivarte.com\/portal\/bryan-adams-en-uruguay-en-el-marco-de-su-gira-roll-with-the-punches\/"},"author":{"name":"Cooltivarte","@id":"https:\/\/cooltivarte.com\/portal\/#\/schema\/person\/ec2a4f4e71b740d0c559c0ab9a157e19"},"headline":"Bryan Adams en Uruguay en el marco de su gira \u2018Roll with the punches\u2019","datePublished":"2026-03-12T15:55:52+00:00","dateModified":"2026-03-12T22:35:06+00:00","mainEntityOfPage":{"@id":"https:\/\/cooltivarte.com\/portal\/bryan-adams-en-uruguay-en-el-marco-de-su-gira-roll-with-the-punches\/"},"wordCount":356,"publisher":{"@id":"https:\/\/cooltivarte.com\/portal\/#organization"},"image":{"@id":"https:\/\/cooltivarte.com\/portal\/bryan-adams-en-uruguay-en-el-marco-de-su-gira-roll-with-the-punches\/#primaryimage"},"thumbnailUrl":"https:\/\/cooltivarte.com\/portal\/wp-content\/uploads\/2025\/10\/Bryan-Adams-en-Antel-Arena.jpg","keywords":["Antel Arena","BRYAN ADAMS"],"articleSection":["Eventos"],"inLanguage":"es-AR"},{"@type":"WebPage","@id":"https:\/\/cooltivarte.com\/portal\/bryan-adams-en-uruguay-en-el-marco-de-su-gira-roll-with-the-punches\/","url":"https:\/\/cooltivarte.com\/portal\/bryan-adams-en-uruguay-en-el-marco-de-su-gira-roll-with-the-punches\/","name":"Bryan Adams en Uruguay en el marco de su gira \u2018Roll with the punches\u2019 - Cooltivarte Portal","isPartOf":{"@id":"https:\/\/cooltivarte.com\/portal\/#website"},"primaryImageOfPage":{"@id":"https:\/\/cooltivarte.com\/portal\/bryan-adams-en-uruguay-en-el-marco-de-su-gira-roll-with-the-punches\/#primaryimage"},"image":{"@id":"https:\/\/cooltivarte.com\/portal\/bryan-adams-en-uruguay-en-el-marco-de-su-gira-roll-with-the-punches\/#primaryimage"},"thumbnailUrl":"https:\/\/cooltivarte.com\/portal\/wp-content\/uploads\/2025\/10\/Bryan-Adams-en-Antel-Arena.jpg","datePublished":"2026-03-12T15:55:52+00:00","dateModified":"2026-03-12T22:35:06+00:00","description":"Bryan Adams ha estado de gira por el mundo durante casi cuatro d\u00e9cadas. Su m\u00fasica ha alcanzado el n\u00famero 1 en m\u00e1s de 40 pa\u00edses y ha recibido numerosos premios, incluyendo un Grammy, American Music Awards, tres premios \u00d3scar y cinco nominaciones a los Globos de Oro.","breadcrumb":{"@id":"https:\/\/cooltivarte.com\/portal\/bryan-adams-en-uruguay-en-el-marco-de-su-gira-roll-with-the-punches\/#breadcrumb"},"inLanguage":"es-AR","potentialAction":[{"@type":"ReadAction","target":["https:\/\/cooltivarte.com\/portal\/bryan-adams-en-uruguay-en-el-marco-de-su-gira-roll-with-the-punches\/"]}]},{"@type":"ImageObject","inLanguage":"es-AR","@id":"https:\/\/cooltivarte.com\/portal\/bryan-adams-en-uruguay-en-el-marco-de-su-gira-roll-with-the-punches\/#primaryimage","url":"https:\/\/cooltivarte.com\/portal\/wp-content\/uploads\/2025\/10\/Bryan-Adams-en-Antel-Arena.jpg","contentUrl":"https:\/\/cooltivarte.com\/portal\/wp-content\/uploads\/2025\/10\/Bryan-Adams-en-Antel-Arena.jpg","width":1080,"height":1459,"caption":"Bryan Adams en Antel Arena"},{"@type":"BreadcrumbList","@id":"https:\/\/cooltivarte.com\/portal\/bryan-adams-en-uruguay-en-el-marco-de-su-gira-roll-with-the-punches\/#breadcrumb","itemListElement":[{"@type":"ListItem","position":1,"name":"Portada","item":"https:\/\/cooltivarte.com\/portal\/"},{"@type":"ListItem","position":2,"name":"Bryan Adams en Uruguay en el marco de su gira \u2018Roll with the punches\u2019"}]},{"@type":"WebSite","@id":"https:\/\/cooltivarte.com\/portal\/#website","url":"https:\/\/cooltivarte.com\/portal\/","name":"Cooltivarte Portal","description":"Arte, cultura y turismo para el mundo ...","publisher":{"@id":"https:\/\/cooltivarte.com\/portal\/#organization"},"potentialAction":[{"@type":"SearchAction","target":{"@type":"EntryPoint","urlTemplate":"https:\/\/cooltivarte.com\/portal\/?s={search_term_string}"},"query-input":{"@type":"PropertyValueSpecification","valueRequired":true,"valueName":"search_term_string"}}],"inLanguage":"es-AR"},{"@type":"Organization","@id":"https:\/\/cooltivarte.com\/portal\/#organization","name":"cooltivarte","url":"https:\/\/cooltivarte.com\/portal\/","logo":{"@type":"ImageObject","inLanguage":"es-AR","@id":"https:\/\/cooltivarte.com\/portal\/#\/schema\/logo\/image\/","url":"https:\/\/cooltivarte.com\/portal\/wp-content\/uploads\/2020\/04\/logo-cooltivarte-v2.png","contentUrl":"https:\/\/cooltivarte.com\/portal\/wp-content\/uploads\/2020\/04\/logo-cooltivarte-v2.png","width":851,"height":243,"caption":"cooltivarte"},"image":{"@id":"https:\/\/cooltivarte.com\/portal\/#\/schema\/logo\/image\/"},"sameAs":["https:\/\/www.facebook.com\/cooltivartecom\/","https:\/\/x.com\/obolocultural","https:\/\/www.instagram.com\/_cooltivarte_\/","https:\/\/www.linkedin.com\/company\/-bolocultural?reportsuccess=8zaNG1HwhPbAR9iQhZ5rfGeqz_vQFftHun0ZWU0Wy9vNemRJ8vtcKdJvzQfW8XagyOJSKg0XvfJ1dp","https:\/\/www.pinterest.com\/cooltivarte\/","https:\/\/cooltivarte.tumblr.com\/","https:\/\/www.tiktok.com\/@cooltivarte","https:\/\/www.youtube.com\/@PrensaCooltivarte"]},{"@type":"Person","@id":"https:\/\/cooltivarte.com\/portal\/#\/schema\/person\/ec2a4f4e71b740d0c559c0ab9a157e19","name":"Cooltivarte","image":{"@type":"ImageObject","inLanguage":"es-AR","@id":"https:\/\/cooltivarte.com\/portal\/wp-content\/uploads\/2014\/05\/logo-cooltivarte-120x120.jpg","url":"https:\/\/cooltivarte.com\/portal\/wp-content\/uploads\/2014\/05\/logo-cooltivarte-120x120.jpg","contentUrl":"https:\/\/cooltivarte.com\/portal\/wp-content\/uploads\/2014\/05\/logo-cooltivarte-120x120.jpg","caption":"Cooltivarte"},"description":"Somos COOLTIVARTE.COM. Un portal digital dedicado a difundir el acontecer art\u00edstico y cultural del Uruguay. Estamos en la vuelta desde el a\u00f1o 2003, y como evoluci\u00f3n del bolet\u00edn Obolo Cultural, nos encontramos abocados a apoyar a los artistas nacionales brind\u00e1ndoles un espacio de difusi\u00f3n. Creemos en la idea de utilizar la potencialidad que hoy d\u00eda nos otorga la web, para que la cultura uruguaya y sus creadores dispongan de una din\u00e1mica ventana, que los ponga en contacto entre s\u00ed y con el mundo. Somos COOLTIVARTE.COM y pretendemos configurarnos como un portal din\u00e1mico, entretenido y atento a los nuevos emprendimientos, que busque siempre la interacci\u00f3n con los artistas.","sameAs":["http:\/\/www.cooltivarte.com","https:\/\/www.facebook.com\/cooltivartecom","https:\/\/www.instagram.com\/_cooltivarte_\/","https:\/\/www.linkedin.com\/company\/-bolocultural","https:\/\/www.pinterest.com\/cooltivarte\/","https:\/\/x.com\/https:\/\/x.com\/obolocultural","https:\/\/www.youtube.com\/@PrensaCooltivarte","https:\/\/www.tumblr.com\/blog\/cooltivarte"],"url":"https:\/\/cooltivarte.com\/portal\/author\/cooltivarte\/"}]}},"_links":{"self":[{"href":"https:\/\/cooltivarte.com\/portal\/wp-json\/wp\/v2\/posts\/119006","targetHints":{"allow":["GET"]}}],"collection":[{"href":"https:\/\/cooltivarte.com\/portal\/wp-json\/wp\/v2\/posts"}],"about":[{"href":"https:\/\/cooltivarte.com\/portal\/wp-json\/wp\/v2\/types\/post"}],"author":[{"embeddable":true,"href":"https:\/\/cooltivarte.com\/portal\/wp-json\/wp\/v2\/users\/8"}],"replies":[{"embeddable":true,"href":"https:\/\/cooltivarte.com\/portal\/wp-json\/wp\/v2\/comments?post=119006"}],"version-history":[{"count":5,"href":"https:\/\/cooltivarte.com\/portal\/wp-json\/wp\/v2\/posts\/119006\/revisions"}],"predecessor-version":[{"id":123857,"href":"https:\/\/cooltivarte.com\/portal\/wp-json\/wp\/v2\/posts\/119006\/revisions\/123857"}],"wp:featuredmedia":[{"embeddable":true,"href":"https:\/\/cooltivarte.com\/portal\/wp-json\/wp\/v2\/media\/123606"}],"wp:attachment":[{"href":"https:\/\/cooltivarte.com\/portal\/wp-json\/wp\/v2\/media?parent=119006"}],"wp:term":[{"taxonomy":"category","embeddable":true,"href":"https:\/\/cooltivarte.com\/portal\/wp-json\/wp\/v2\/categories?post=119006"},{"taxonomy":"post_tag","embeddable":true,"href":"https:\/\/cooltivarte.com\/portal\/wp-json\/wp\/v2\/tags?post=119006"}],"curies":[{"name":"wp","href":"https:\/\/api.w.org\/{rel}","templated":true}]}}