{"id":118650,"date":"2025-10-22T16:09:05","date_gmt":"2025-10-22T19:09:05","guid":{"rendered":"https:\/\/cooltivarte.com\/portal\/?p=118650"},"modified":"2025-10-22T17:56:54","modified_gmt":"2025-10-22T20:56:54","slug":"sonora-festival-de-podcast","status":"publish","type":"post","link":"https:\/\/cooltivarte.com\/portal\/sonora-festival-de-podcast\/","title":{"rendered":"Sonora &#8211; Festival de Podcast"},"content":{"rendered":"<p><img fetchpriority=\"high\" decoding=\"async\" class=\"aligncenter wp-image-118651 size-large\" title=\"Sonora - Festival de Podcast - 21\/11\/2025\" src=\"https:\/\/cooltivarte.com\/portal\/wp-content\/uploads\/2025\/10\/Sonora-Festival-de-Podcast-1024x536.jpg\" alt=\"Sonora - Festival de Podcast - 21\/11\/2025\" width=\"1024\" height=\"536\" srcset=\"https:\/\/cooltivarte.com\/portal\/wp-content\/uploads\/2025\/10\/Sonora-Festival-de-Podcast-1024x536.jpg 1024w, https:\/\/cooltivarte.com\/portal\/wp-content\/uploads\/2025\/10\/Sonora-Festival-de-Podcast-300x157.jpg 300w, https:\/\/cooltivarte.com\/portal\/wp-content\/uploads\/2025\/10\/Sonora-Festival-de-Podcast-768x402.jpg 768w, https:\/\/cooltivarte.com\/portal\/wp-content\/uploads\/2025\/10\/Sonora-Festival-de-Podcast.jpg 1200w\" sizes=\"(max-width: 1024px) 100vw, 1024px\" \/><\/p>\n<p>&nbsp;<\/p>\n<p><strong>Sonora &#8211; Festival de Podcast &#8211; 21\/11\/2025<\/strong><\/p>\n<p><strong>Viernes 21 de Noviembre &#8211; 16:30 hs. &#8211; Ser\u00e1 con entrada gratuita en el Centro Cultural de Espa\u00f1a en Montevideo (CCE).<br \/>\n<\/strong><\/p>\n<p><a href=\"https:\/\/redtickets.uy\/evento\/Sonora--Festival-de-Podcast--21112025\/25094\/\" target=\"_blank\" rel=\"noopener\">Entradas en venta<\/a><\/p>\n<p>\u00a1Vuelve Sonora con su tercera edici\u00f3n!<br \/>\nEl evento m\u00e1s importante del audio uruguayo.<\/p>\n<p>Sonora es un encuentro para disfrutar de podcasts en vivo, charlas y mesas de debate. Adem\u00e1s, se entregar\u00e1 el Premio Sonora Aural al podcast uruguayo m\u00e1s destacado del a\u00f1o, para el que se postularon 56 producciones.<\/p>\n<p>Este a\u00f1o participan: Hotel Jorge Juan con Javier Aznar (Espa\u00f1a), De eso no se habla con Isabel Cadenas Ca\u00f1\u00f3n (Espa\u00f1a), Maxi Guerra, Podcast en la feria, Ruido de mate, Santas Listas, Perdidos en el \u00e9ter, la diaria, El Pa\u00eds y El Observador.<\/p>\n<p>Record\u00e1 asistir al evento con c\u00e9dula, DNI o documento de identificaci\u00f3n equivalente, ya que habr\u00e1 control en la entrada del CCE.<\/p>\n<p>Viernes 21 de noviembre \u2013 Sonora, Festival de Podcast<br \/>\n16:30 \u2013 Apertura de puertas<\/p>\n<p>Si quer\u00e9s participar en los talleres, charlas y clubes de escucha del evento Sonora Creativa, a realizarse el s\u00e1bado 22 de noviembre, reserv\u00e1 tu lugar ac\u00e1.<\/p>\n<p>Para m\u00e1s informaci\u00f3n, ingres\u00e1 en <a href=\"http:\/\/sonorapodcast.uy\/\" target=\"_blank\" rel=\"noopener\">sonorapodcast.uy<\/a> o segu\u00ed a Sonora en Instagram y X.<\/p>\n<p>Edad m\u00ednima: apto para todo p\u00fablico<\/p>\n<p>Es nominativo: si<\/p>\n<p>Tiene acceso inclusivo: si<\/p>\n<p>Centro Cultural de Espa\u00f1a &#8211; Rinc\u00f3n 629<\/p>\n<p>&nbsp;<\/p>\n<p><span style=\"font-weight: 400;\">Sonora, festival de podcast, celebra su tercera edici\u00f3n con siete invitados internacionales<\/span><\/p>\n<p>&nbsp;<\/p>\n<figure id=\"attachment_118660\" aria-describedby=\"caption-attachment-118660\" style=\"width: 925px\" class=\"wp-caption aligncenter\"><img decoding=\"async\" class=\"wp-image-118660 size-full\" title=\"Cr\u00e9dito de FOTOS: Mat\u00edas Arizaga \/ Difusi\u00f3n Sonora\" src=\"https:\/\/cooltivarte.com\/portal\/wp-content\/uploads\/2025\/10\/sonora.jpg\" alt=\"Cr\u00e9dito de FOTOS: Mat\u00edas Arizaga \/ Difusi\u00f3n Sonora\" width=\"925\" height=\"610\" srcset=\"https:\/\/cooltivarte.com\/portal\/wp-content\/uploads\/2025\/10\/sonora.jpg 925w, https:\/\/cooltivarte.com\/portal\/wp-content\/uploads\/2025\/10\/sonora-300x198.jpg 300w, https:\/\/cooltivarte.com\/portal\/wp-content\/uploads\/2025\/10\/sonora-768x506.jpg 768w\" sizes=\"(max-width: 925px) 100vw, 925px\" \/><figcaption id=\"caption-attachment-118660\" class=\"wp-caption-text\">Cr\u00e9dito de FOTOS: Mat\u00edas Arizaga \/ Difusi\u00f3n Sonora<\/figcaption><\/figure>\n<h3><strong>El fin de semana del audio en Uruguay contar\u00e1 con shows en vivo, charlas, talleres, mesas de debate, clubes de escucha y la entrega del Premio Sonora Aural.<\/strong><\/h3>\n<p>&nbsp;<\/p>\n<p><span style=\"font-weight: 400;\">Noviembre llega cargado de propuestas culturales y una de ellas ser\u00e1 la tercera edici\u00f3n del <\/span><a href=\"https:\/\/sonorapodcast.uy\/\" target=\"_blank\" rel=\"noopener\"><i><span style=\"font-weight: 400;\">Sonora, festival de podcast<\/span><\/i><\/a><span style=\"font-weight: 400;\">, el evento m\u00e1s importante del audio uruguayo. Este a\u00f1o se realizar\u00e1 en el Centro Cultural de Espa\u00f1a en Montevideo (CCE), el viernes 21 de noviembre desde las 17 horas y el s\u00e1bado 22 a partir de las 11, con entrada gratuita.<\/span><\/p>\n<p><span style=\"font-weight: 400;\">Tras una primera edici\u00f3n experimental y una segunda de crecimiento, Sonora 2025 se presenta como una oportunidad de consolidaci\u00f3n, un espacio que re\u00fane a audiencia, productores, gestores culturales, estudiantes y profesionales del sector, tanto de Uruguay como de toda Iberoam\u00e9rica. En total, participar\u00e1n siete invitados internacionales, que se sumar\u00e1n a una amplia representaci\u00f3n local.<\/span><\/p>\n<p>&nbsp;<\/p>\n<h4><span style=\"font-weight: 400;\">Viernes 21 \u2013 Shows, conversaciones y premiaci\u00f3n<\/span><\/h4>\n<p>&nbsp;<\/p>\n<p><span style=\"font-weight: 400;\">El primer d\u00eda contar\u00e1 con la participaci\u00f3n de la periodista espa\u00f1ola <\/span><b>Isabel Cadenas Ca\u00f1\u00f3n<\/b><span style=\"font-weight: 400;\">, creadora del podcast <\/span><b><i>(De eso no se habla)<\/i><\/b><span style=\"font-weight: 400;\">, quien dialogar\u00e1 con la periodista uruguaya Ana Laura P\u00e9rez. Tambi\u00e9n habr\u00e1 un episodio en vivo de <\/span><b><i>Hotel Jorge Juan<\/i><\/b><span style=\"font-weight: 400;\">, el podcast de <\/span><i><span style=\"font-weight: 400;\">Vanity Fair Espa\u00f1a<\/span><\/i><span style=\"font-weight: 400;\">, conducido por Javier Aznar, quien entrevistar\u00e1 a un invitado muy especial.<\/span><\/p>\n<p>&nbsp;<\/p>\n<p><span style=\"font-weight: 400;\">El escenario tambi\u00e9n recibir\u00e1 a podcasts uruguayos:<\/span><\/p>\n<ul>\n<li style=\"font-weight: 400;\" aria-level=\"1\"><b>Maxi Guerra<\/b><span style=\"font-weight: 400;\">, responsable del exitoso <\/span><b><i>Gastropol\u00edtica<\/i><\/b><span style=\"font-weight: 400;\">, estrenar\u00e1 una nueva producci\u00f3n original.<\/span><\/li>\n<li style=\"font-weight: 400;\" aria-level=\"1\"><b><i>Santas Listas<\/i><\/b><span style=\"font-weight: 400;\">, uno de los referentes del podcast de cine en Uruguay, regresa tras participar en la primera edici\u00f3n.&nbsp;<\/span><\/li>\n<li style=\"font-weight: 400;\" aria-level=\"1\"><b><i>Perdidos en el \u00e9ter<\/i><\/b><span style=\"font-weight: 400;\">, hist\u00f3rico podcast uruguayo de cultura pop.<\/span><\/li>\n<li style=\"font-weight: 400;\" aria-level=\"1\"><b><i>Ruido de mate<\/i><\/b><span style=\"font-weight: 400;\">, un nuevo podcast de historias estrenado este a\u00f1o, abrir\u00e1 el festival.<\/span><\/li>\n<\/ul>\n<p>&nbsp;<\/p>\n<p><span style=\"font-weight: 400;\">En las pausas, SONORA brinda una instancia de vinculaci\u00f3n e intercambio profesional, para que estudiantes, aficionados y realizadores conecten con medios de comunicaci\u00f3n y nuevas tendencias, promoviendo el di\u00e1logo, la colaboraci\u00f3n y la generaci\u00f3n de oportunidades. Tambi\u00e9n&nbsp; podr\u00e1n acercarse a conversar con <\/span><b><i>Podcast en la feria<\/i><\/b><span style=\"font-weight: 400;\">, registrando impresiones y entrevistas improvisadas.<\/span><\/p>\n<p>&nbsp;<\/p>\n<p><span style=\"font-weight: 400;\">Habr\u00e1 adem\u00e1s una mesa de debate sobre medios uruguayos y su transformaci\u00f3n digital, moderada por el periodista argentino <\/span><b>Pablo Fisher<\/b><span style=\"font-weight: 400;\"> (<\/span><i><span style=\"font-weight: 400;\">Escucha Podcast<\/span><\/i><span style=\"font-weight: 400;\">), con representantes de <\/span><b><i>la diaria<\/i><\/b><span style=\"font-weight: 400;\">, <\/span><b><i>El Pa\u00eds<\/i><\/b><span style=\"font-weight: 400;\"> y <\/span><b><i>El Observador<\/i><\/b><span style=\"font-weight: 400;\"> que compartir\u00e1n sus experiencias en podcast, videopodcast y streaming.<\/span><\/p>\n<p>&nbsp;<\/p>\n<p><span style=\"font-weight: 400;\">Al cierre se entregar\u00e1 por segunda edici\u00f3n consecutiva el <\/span><b>Premio Sonora Aural<\/b><span style=\"font-weight: 400;\">. Un jurado integrado por seis especialistas de Uruguay y Argentina elegir\u00e1, entre las 56 producciones que se postularon, al podcast m\u00e1s destacado del per\u00edodo comprendido entre el 1 de octubre de 2024 y el 30 de septiembre de 2025.<\/span><\/p>\n<p>&nbsp;<\/p>\n<p><span style=\"font-weight: 400;\">El ganador representar\u00e1 al <\/span><i><span style=\"font-weight: 400;\">Sonora, festival de podcast<\/span><\/i><span style=\"font-weight: 400;\"> en el <\/span><b>Premio Aural Global<\/b><span style=\"font-weight: 400;\">, junto con los vencedores de otros festivales que integran el <\/span><b>Circuito Iberoamericano de Festivales de Podcast (CIFESPOD)<\/b><span style=\"font-weight: 400;\">.<\/span><\/p>\n<p>&nbsp;<\/p>\n<p><span style=\"font-weight: 400;\">Las entradas para el festival se pueden reservar <\/span><a href=\"https:\/\/redtickets.uy\/evento\/Sonora--Festival-de-Podcast--21102025\/25094\/\" target=\"_blank\" rel=\"noopener\"><span style=\"font-weight: 400;\">aqu\u00ed<\/span><\/a><span style=\"font-weight: 400;\">.<\/span><\/p>\n<h4><span style=\"font-weight: 400;\">S\u00e1bado 22 &#8211; Sonora Creativa: talleres, charlas y escucha<\/span><\/h4>\n<p><span style=\"font-weight: 400;\">El s\u00e1bado ser\u00e1 el turno de <\/span><i><span style=\"font-weight: 400;\">Sonora Creativa<\/span><\/i><span style=\"font-weight: 400;\">, una jornada que ocupar\u00e1 tres salas en simult\u00e1neo con charlas, talleres y clubes de escucha.<\/span><\/p>\n<p>&nbsp;<\/p>\n<p><span style=\"font-weight: 400;\">Este a\u00f1o, la propuesta crece: de dos instancias con instructores internacionales en 2024 a seis actividades formativas y tres clubes de escucha, todas gratuitas con inscripci\u00f3n previa.&nbsp;<\/span><\/p>\n<p>&nbsp;<\/p>\n<p><span style=\"font-weight: 400;\">En la sala de escucha, participar\u00e1n un ganador uruguayo y dos de los tres podcasts en espa\u00f1ol elegidos entre los 100 mejores de la historia por Left of the Dial Media:<\/span><\/p>\n<ul>\n<li style=\"font-weight: 400;\" aria-level=\"1\"><b><i>(De eso no se habla)<\/i><\/b><span style=\"font-weight: 400;\">, con su creadora, <\/span><b>Isabel Cadenas Ca\u00f1\u00f3n<\/b><span style=\"font-weight: 400;\">.<\/span><\/li>\n<li style=\"font-weight: 400;\" aria-level=\"1\"><b><i>Radio Ambulante<\/i><\/b><span style=\"font-weight: 400;\">, con la productora argentina <\/span><b>Emilia Erbetta<\/b><span style=\"font-weight: 400;\">.<\/span><\/li>\n<li style=\"font-weight: 400;\" aria-level=\"1\"><b><i>8 que cuentan<\/i><\/b><span style=\"font-weight: 400;\">, ganador del Premio Sonora Aural 2024, guiado por su directora creativa, la periodista uruguaya <\/span><b>Naus\u00edcaa Palomeque<\/b><span style=\"font-weight: 400;\">, y con la participaci\u00f3n de la escritora <\/span><b>Carolina Bello<\/b><span style=\"font-weight: 400;\">.<\/span><\/li>\n<\/ul>\n<p>&nbsp;<\/p>\n<p><span style=\"font-weight: 400;\">Tambi\u00e9n habr\u00e1 un espacio para el streaming. Desde Argentina llegan dos representantes del canal <\/span><b><i>Blender<\/i><\/b><span style=\"font-weight: 400;\">:&nbsp;<\/span><\/p>\n<ul>\n<li style=\"font-weight: 400;\" aria-level=\"1\"><b>Federico Rusconi<\/b><span style=\"font-weight: 400;\">, director de alianzas estrat\u00e9gicas y eventos, ofrecer\u00e1 una charla sobre alianzas..<\/span><\/li>\n<li style=\"font-weight: 400;\" aria-level=\"1\"><b>Egu<\/b><span style=\"font-weight: 400;\">, director de arte y parte de la creaci\u00f3n del proyecto, hablar\u00e1 sobre el ecosistema e identidad de medios digitales.<\/span><\/li>\n<\/ul>\n<p>&nbsp;<\/p>\n<p><span style=\"font-weight: 400;\">Sonora Creativa tendr\u00e1 adem\u00e1s una charla sobre el panorama de la ficci\u00f3n sonora en espa\u00f1ol, a cargo de <\/span><b>Pablo Fisher<\/b><span style=\"font-weight: 400;\">, docente de la diplomatura en podcast de la Universidad Nacional de Rafaela.<\/span><\/p>\n<p>&nbsp;<\/p>\n<p><span style=\"font-weight: 400;\">Adem\u00e1s, <\/span><b>Javier Aznar<\/b><span style=\"font-weight: 400;\"> conversar\u00e1 sobre los aprendizajes que dejan los podcasts conversacionales, y <\/span><b>Emilia Erbetta<\/b><span style=\"font-weight: 400;\">, de <\/span><b><i>Radio Ambulante<\/i><\/b><span style=\"font-weight: 400;\">, dar\u00e1 un taller sobre c\u00f3mo entrevistar pensando en audio.<\/span><\/p>\n<p>&nbsp;<\/p>\n<p><span style=\"font-weight: 400;\">Por \u00faltimo, habr\u00e1 un <\/span><i><span style=\"font-weight: 400;\">focus group podcastero<\/span><\/i><span style=\"font-weight: 400;\">: los participantes podr\u00e1n escuchar el primer episodio de <\/span><b><i>\u201cEl peor cuento de Quiroga\u201d<\/i><\/b><span style=\"font-weight: 400;\">, una serie de docuficci\u00f3n narrada por la periodista <\/span><b>Camila Cibils<\/b><span style=\"font-weight: 400;\"> y el actor Roberto Su\u00e1rez. Camila guiar\u00e1 la conversaci\u00f3n.<\/span><\/p>\n<p>&nbsp;<\/p>\n<p><span style=\"font-weight: 400;\">Las entradas para Sonora Creativa se puede reservar <\/span><a href=\"https:\/\/redtickets.uy\/evento\/Sonora-Creativa--22112025--Talleres-charlas-clubes-de-escucha\/24600\/\" target=\"_blank\" rel=\"noopener\"><span style=\"font-weight: 400;\">aqu\u00ed<\/span><\/a><span style=\"font-weight: 400;\">.<\/span><\/p>\n<h4><span style=\"font-weight: 400;\">Entradas<\/span><\/h4>\n<p><span style=\"font-weight: 400;\">Tanto <\/span><i><span style=\"font-weight: 400;\">Sonora, festival de podcast <\/span><\/i><span style=\"font-weight: 400;\">como <\/span><i><span style=\"font-weight: 400;\">Sonora Creativa<\/span><\/i><span style=\"font-weight: 400;\"> son eventos gratuitos con inscripci\u00f3n previa. Las entradas se pueden reservar en RedTickets <\/span><a href=\"https:\/\/redtickets.uy\/evento\/Sonora--Festival-de-Podcast-2025\/25094\/\" target=\"_blank\" rel=\"noopener\"><span style=\"font-weight: 400;\">para el festival<\/span><\/a><span style=\"font-weight: 400;\">, y seleccionando la actividad de inter\u00e9s para <\/span><a href=\"https:\/\/redtickets.uy\/evento\/Sonora-Creativa-2025\/24600\/\" target=\"_blank\" rel=\"noopener\"><span style=\"font-weight: 400;\">Sonora Creativa<\/span><\/a><span style=\"font-weight: 400;\">. Para ingresar al CCE es necesario presentar c\u00e9dula de identidad, DNI o documento de identificaci\u00f3n equivalente.<\/span><\/p>\n<p>&nbsp;<\/p>\n<h4><span style=\"font-weight: 400;\">Apoyos&nbsp;<\/span><\/h4>\n<p><i><span style=\"font-weight: 400;\">Sonora, festival de podcast<\/span><\/i><span style=\"font-weight: 400;\">, no ser\u00eda posible sin el apoyo de Universidad ORT, Universidad Cat\u00f3lica, Hotel Ibis Rambla y Hindenburg como sponsors. Tambi\u00e9n cuenta con <\/span><i><span style=\"font-weight: 400;\">El Pa\u00eds, El Observador, la diaria<\/span><\/i><span style=\"font-weight: 400;\">, semanario <\/span><i><span style=\"font-weight: 400;\">Brecha<\/span><\/i><span style=\"font-weight: 400;\">, <\/span><i><span style=\"font-weight: 400;\">TV Ciudad<\/span><\/i><span style=\"font-weight: 400;\"> y <\/span><i><span style=\"font-weight: 400;\">M24 <\/span><\/i><span style=\"font-weight: 400;\">como media partners.<\/span><\/p>\n<p>&nbsp;<\/p>\n<p><span style=\"font-weight: 400;\">El festival recibe el respaldo del Centro Cultural de Espa\u00f1a en Montevideo, la Embajada de Espa\u00f1a en Uruguay y la Direcci\u00f3n Nacional de Cultura, y ha sido declarado de inter\u00e9s por el Ministerio de Educaci\u00f3n y Cultura (MEC) y la Agencia Nacional de Investigaci\u00f3n e Innovaci\u00f3n (ANII).<\/span><\/p>\n<p>&nbsp;<\/p>\n<p>&nbsp;<\/p>\n<p>&nbsp;<\/p>\n<p>&nbsp;<\/p>\n","protected":false},"excerpt":{"rendered":"<p>Sonora &#8211; Festival de Podcast &#8211; 21\/11\/2025<\/p>\n<p>Viernes 21 de Noviembre &#8211; 16:30 hs. &#8211; Ser\u00e1 con entrada gratuita en el Centro Cultural de Espa\u00f1a en Montevideo (CCE).<\/p>\n<p>Entradas en venta<\/p>\n<p>\u00a1Vuelve Sonora con su tercera edici\u00f3n!<br \/>\nEl evento m\u00e1s importante del audio uruguayo.<\/p>\n<p>Sonora es un encuentro para disfrutar de podcasts en vivo, charlas y mesas de debate. Adem\u00e1s, se entregar\u00e1 el Premio Sonora Aural al podcast uruguayo m\u00e1s destacado del a\u00f1o, para el que se postularon 56 producciones.<\/p>\n<p>Este a\u00f1o participan: Hotel Jorge Juan con Javier Aznar (Espa\u00f1a), De eso no se habla con Isabel Cadenas Ca\u00f1\u00f3n (Espa\u00f1a), Maxi Guerra, Podcast en la feria, Ruido de mate, Santas Listas, Perdidos en el \u00e9ter, la diaria, El Pa\u00eds y El Observador.<\/p>\n","protected":false},"author":8,"featured_media":118651,"comment_status":"closed","ping_status":"closed","sticky":false,"template":"","format":"standard","meta":{"om_disable_all_campaigns":false,"ngg_post_thumbnail":0,"jnews-multi-image_gallery":[],"jnews_single_post":{"format":"standard","override":[{"template":"4","parallax":"1","layout":"right-sidebar","sidebar":"default-sidebar","second_sidebar":"default-sidebar","sticky_sidebar":"1","share_position":"bottom","share_float_style":"share-monocrhome","show_share_counter":"1","show_view_counter":"1","show_featured":"1","show_post_meta":"1","show_post_author":"1","show_post_author_image":"1","show_post_date":"1","post_date_format":"default","post_date_format_custom":"Y\/m\/d","show_post_category":"1","post_reading_time_wpm":"300","post_calculate_word_method":"str_word_count","zoom_button_out_step":"2","zoom_button_in_step":"3","show_post_tag":"1","show_prev_next_post":"1","show_popup_post":"1","number_popup_post":"1","show_author_box":"1","show_post_related":"0","show_inline_post_related":"0"}],"image_override":[{"single_post_thumbnail_size":"no-crop","single_post_gallery_size":"crop-500"}],"trending_post_position":"meta","trending_post_label":"Trending","sponsored_post_label":"Sponsored by","disable_ad":"0","subtitle":"21\/11\/2025"},"jnews_primary_category":[],"jnews_social_meta":[],"jnews_override_counter":{"view_counter_number":"0","share_counter_number":"0","like_counter_number":"0","dislike_counter_number":"0"},"footnotes":""},"categories":[3394],"tags":[200,12608,24728,7713],"class_list":["post-118650","post","type-post","status-publish","format-standard","has-post-thumbnail","hentry","category-eventos","tag-cce","tag-centro-cultural-de-espana-en-montevideo","tag-festival-de-podcast","tag-sonora"],"yoast_head":"<!-- This site is optimized with the Yoast SEO plugin v27.4 - https:\/\/yoast.com\/product\/yoast-seo-wordpress\/ -->\n<title>Sonora - Festival de Podcast - Cooltivarte Portal<\/title>\n<meta name=\"description\" content=\"Ser\u00e1 con entrada gratuita en el Centro Cultural de Espa\u00f1a en Montevideo (CCE).\" \/>\n<meta name=\"robots\" content=\"index, follow, max-snippet:-1, max-image-preview:large, max-video-preview:-1\" \/>\n<link rel=\"canonical\" href=\"https:\/\/cooltivarte.com\/portal\/sonora-festival-de-podcast\/\" \/>\n<meta property=\"og:locale\" content=\"es_ES\" \/>\n<meta property=\"og:type\" content=\"article\" \/>\n<meta property=\"og:title\" content=\"Sonora - Festival de Podcast - 21\/11\/2025\" \/>\n<meta property=\"og:description\" content=\"Ser\u00e1 con entrada gratuita en el Centro Cultural de Espa\u00f1a en Montevideo (CCE).\" \/>\n<meta property=\"og:url\" content=\"https:\/\/cooltivarte.com\/portal\/sonora-festival-de-podcast\/\" \/>\n<meta property=\"og:site_name\" content=\"Cooltivarte Portal\" \/>\n<meta property=\"article:publisher\" content=\"https:\/\/www.facebook.com\/cooltivartecom\/\" \/>\n<meta property=\"article:author\" content=\"https:\/\/www.facebook.com\/cooltivartecom\" \/>\n<meta property=\"article:published_time\" content=\"2025-10-22T19:09:05+00:00\" \/>\n<meta property=\"article:modified_time\" content=\"2025-10-22T20:56:54+00:00\" \/>\n<meta property=\"og:image\" content=\"https:\/\/cooltivarte.com\/portal\/wp-content\/uploads\/2025\/10\/Sonora-Festival-de-Podcast.jpg\" \/>\n\t<meta property=\"og:image:width\" content=\"1200\" \/>\n\t<meta property=\"og:image:height\" content=\"628\" \/>\n\t<meta property=\"og:image:type\" content=\"image\/jpeg\" \/>\n<meta name=\"author\" content=\"Cooltivarte\" \/>\n<meta name=\"twitter:card\" content=\"summary_large_image\" \/>\n<meta name=\"twitter:title\" content=\"Sonora - Festival de Podcast - 21\/11\/2025\" \/>\n<meta name=\"twitter:description\" content=\"Ser\u00e1 con entrada gratuita en el Centro Cultural de Espa\u00f1a en Montevideo (CCE).\" \/>\n<meta name=\"twitter:image\" content=\"https:\/\/cooltivarte.com\/portal\/wp-content\/uploads\/2025\/10\/Sonora-Festival-de-Podcast.jpg\" \/>\n<meta name=\"twitter:creator\" content=\"@https:\/\/x.com\/obolocultural\" \/>\n<meta name=\"twitter:site\" content=\"@obolocultural\" \/>\n<meta name=\"twitter:label1\" content=\"Escrito por\" \/>\n\t<meta name=\"twitter:data1\" content=\"Cooltivarte\" \/>\n\t<meta name=\"twitter:label2\" content=\"Tiempo de lectura\" \/>\n\t<meta name=\"twitter:data2\" content=\"6 minutos\" \/>\n<!-- \/ Yoast SEO plugin. -->","yoast_head_json":{"title":"Sonora - Festival de Podcast - Cooltivarte Portal","description":"Ser\u00e1 con entrada gratuita en el Centro Cultural de Espa\u00f1a en Montevideo (CCE).","robots":{"index":"index","follow":"follow","max-snippet":"max-snippet:-1","max-image-preview":"max-image-preview:large","max-video-preview":"max-video-preview:-1"},"canonical":"https:\/\/cooltivarte.com\/portal\/sonora-festival-de-podcast\/","og_locale":"es_ES","og_type":"article","og_title":"Sonora - Festival de Podcast - 21\/11\/2025","og_description":"Ser\u00e1 con entrada gratuita en el Centro Cultural de Espa\u00f1a en Montevideo (CCE).","og_url":"https:\/\/cooltivarte.com\/portal\/sonora-festival-de-podcast\/","og_site_name":"Cooltivarte Portal","article_publisher":"https:\/\/www.facebook.com\/cooltivartecom\/","article_author":"https:\/\/www.facebook.com\/cooltivartecom","article_published_time":"2025-10-22T19:09:05+00:00","article_modified_time":"2025-10-22T20:56:54+00:00","og_image":[{"width":1200,"height":628,"url":"https:\/\/cooltivarte.com\/portal\/wp-content\/uploads\/2025\/10\/Sonora-Festival-de-Podcast.jpg","type":"image\/jpeg"}],"author":"Cooltivarte","twitter_card":"summary_large_image","twitter_title":"Sonora - Festival de Podcast - 21\/11\/2025","twitter_description":"Ser\u00e1 con entrada gratuita en el Centro Cultural de Espa\u00f1a en Montevideo (CCE).","twitter_image":"https:\/\/cooltivarte.com\/portal\/wp-content\/uploads\/2025\/10\/Sonora-Festival-de-Podcast.jpg","twitter_creator":"@https:\/\/x.com\/obolocultural","twitter_site":"@obolocultural","twitter_misc":{"Escrito por":"Cooltivarte","Tiempo de lectura":"6 minutos"},"schema":{"@context":"https:\/\/schema.org","@graph":[{"@type":"NewsArticle","@id":"https:\/\/cooltivarte.com\/portal\/sonora-festival-de-podcast\/#article","isPartOf":{"@id":"https:\/\/cooltivarte.com\/portal\/sonora-festival-de-podcast\/"},"author":{"name":"Cooltivarte","@id":"https:\/\/cooltivarte.com\/portal\/#\/schema\/person\/ec2a4f4e71b740d0c559c0ab9a157e19"},"headline":"Sonora &#8211; Festival de Podcast","datePublished":"2025-10-22T19:09:05+00:00","dateModified":"2025-10-22T20:56:54+00:00","mainEntityOfPage":{"@id":"https:\/\/cooltivarte.com\/portal\/sonora-festival-de-podcast\/"},"wordCount":1234,"publisher":{"@id":"https:\/\/cooltivarte.com\/portal\/#organization"},"image":{"@id":"https:\/\/cooltivarte.com\/portal\/sonora-festival-de-podcast\/#primaryimage"},"thumbnailUrl":"https:\/\/cooltivarte.com\/portal\/wp-content\/uploads\/2025\/10\/Sonora-Festival-de-Podcast.jpg","keywords":["cce","Centro Cultural de Espa\u00f1a en Montevideo","Festival de Podcast","Sonora"],"articleSection":["Eventos"],"inLanguage":"es-AR"},{"@type":"WebPage","@id":"https:\/\/cooltivarte.com\/portal\/sonora-festival-de-podcast\/","url":"https:\/\/cooltivarte.com\/portal\/sonora-festival-de-podcast\/","name":"Sonora - Festival de Podcast - Cooltivarte Portal","isPartOf":{"@id":"https:\/\/cooltivarte.com\/portal\/#website"},"primaryImageOfPage":{"@id":"https:\/\/cooltivarte.com\/portal\/sonora-festival-de-podcast\/#primaryimage"},"image":{"@id":"https:\/\/cooltivarte.com\/portal\/sonora-festival-de-podcast\/#primaryimage"},"thumbnailUrl":"https:\/\/cooltivarte.com\/portal\/wp-content\/uploads\/2025\/10\/Sonora-Festival-de-Podcast.jpg","datePublished":"2025-10-22T19:09:05+00:00","dateModified":"2025-10-22T20:56:54+00:00","description":"Ser\u00e1 con entrada gratuita en el Centro Cultural de Espa\u00f1a en Montevideo (CCE).","breadcrumb":{"@id":"https:\/\/cooltivarte.com\/portal\/sonora-festival-de-podcast\/#breadcrumb"},"inLanguage":"es-AR","potentialAction":[{"@type":"ReadAction","target":["https:\/\/cooltivarte.com\/portal\/sonora-festival-de-podcast\/"]}]},{"@type":"ImageObject","inLanguage":"es-AR","@id":"https:\/\/cooltivarte.com\/portal\/sonora-festival-de-podcast\/#primaryimage","url":"https:\/\/cooltivarte.com\/portal\/wp-content\/uploads\/2025\/10\/Sonora-Festival-de-Podcast.jpg","contentUrl":"https:\/\/cooltivarte.com\/portal\/wp-content\/uploads\/2025\/10\/Sonora-Festival-de-Podcast.jpg","width":1200,"height":628,"caption":"Sonora - Festival de Podcast - 21\/11\/2025"},{"@type":"BreadcrumbList","@id":"https:\/\/cooltivarte.com\/portal\/sonora-festival-de-podcast\/#breadcrumb","itemListElement":[{"@type":"ListItem","position":1,"name":"Portada","item":"https:\/\/cooltivarte.com\/portal\/"},{"@type":"ListItem","position":2,"name":"Sonora &#8211; Festival de Podcast"}]},{"@type":"WebSite","@id":"https:\/\/cooltivarte.com\/portal\/#website","url":"https:\/\/cooltivarte.com\/portal\/","name":"Cooltivarte Portal","description":"Arte, cultura y turismo para el mundo ...","publisher":{"@id":"https:\/\/cooltivarte.com\/portal\/#organization"},"potentialAction":[{"@type":"SearchAction","target":{"@type":"EntryPoint","urlTemplate":"https:\/\/cooltivarte.com\/portal\/?s={search_term_string}"},"query-input":{"@type":"PropertyValueSpecification","valueRequired":true,"valueName":"search_term_string"}}],"inLanguage":"es-AR"},{"@type":"Organization","@id":"https:\/\/cooltivarte.com\/portal\/#organization","name":"cooltivarte","url":"https:\/\/cooltivarte.com\/portal\/","logo":{"@type":"ImageObject","inLanguage":"es-AR","@id":"https:\/\/cooltivarte.com\/portal\/#\/schema\/logo\/image\/","url":"https:\/\/cooltivarte.com\/portal\/wp-content\/uploads\/2020\/04\/logo-cooltivarte-v2.png","contentUrl":"https:\/\/cooltivarte.com\/portal\/wp-content\/uploads\/2020\/04\/logo-cooltivarte-v2.png","width":851,"height":243,"caption":"cooltivarte"},"image":{"@id":"https:\/\/cooltivarte.com\/portal\/#\/schema\/logo\/image\/"},"sameAs":["https:\/\/www.facebook.com\/cooltivartecom\/","https:\/\/x.com\/obolocultural","https:\/\/www.instagram.com\/_cooltivarte_\/","https:\/\/www.linkedin.com\/company\/-bolocultural?reportsuccess=8zaNG1HwhPbAR9iQhZ5rfGeqz_vQFftHun0ZWU0Wy9vNemRJ8vtcKdJvzQfW8XagyOJSKg0XvfJ1dp","https:\/\/www.pinterest.com\/cooltivarte\/","https:\/\/cooltivarte.tumblr.com\/","https:\/\/www.tiktok.com\/@cooltivarte","https:\/\/www.youtube.com\/@PrensaCooltivarte"]},{"@type":"Person","@id":"https:\/\/cooltivarte.com\/portal\/#\/schema\/person\/ec2a4f4e71b740d0c559c0ab9a157e19","name":"Cooltivarte","image":{"@type":"ImageObject","inLanguage":"es-AR","@id":"https:\/\/cooltivarte.com\/portal\/wp-content\/uploads\/2014\/05\/logo-cooltivarte-120x120.jpg","url":"https:\/\/cooltivarte.com\/portal\/wp-content\/uploads\/2014\/05\/logo-cooltivarte-120x120.jpg","contentUrl":"https:\/\/cooltivarte.com\/portal\/wp-content\/uploads\/2014\/05\/logo-cooltivarte-120x120.jpg","caption":"Cooltivarte"},"description":"Somos COOLTIVARTE.COM. Un portal digital dedicado a difundir el acontecer art\u00edstico y cultural del Uruguay. Estamos en la vuelta desde el a\u00f1o 2003, y como evoluci\u00f3n del bolet\u00edn Obolo Cultural, nos encontramos abocados a apoyar a los artistas nacionales brind\u00e1ndoles un espacio de difusi\u00f3n. Creemos en la idea de utilizar la potencialidad que hoy d\u00eda nos otorga la web, para que la cultura uruguaya y sus creadores dispongan de una din\u00e1mica ventana, que los ponga en contacto entre s\u00ed y con el mundo. Somos COOLTIVARTE.COM y pretendemos configurarnos como un portal din\u00e1mico, entretenido y atento a los nuevos emprendimientos, que busque siempre la interacci\u00f3n con los artistas.","sameAs":["http:\/\/www.cooltivarte.com","https:\/\/www.facebook.com\/cooltivartecom","https:\/\/www.instagram.com\/_cooltivarte_\/","https:\/\/www.linkedin.com\/company\/-bolocultural","https:\/\/www.pinterest.com\/cooltivarte\/","https:\/\/x.com\/https:\/\/x.com\/obolocultural","https:\/\/www.youtube.com\/@PrensaCooltivarte","https:\/\/www.tumblr.com\/blog\/cooltivarte"],"url":"https:\/\/cooltivarte.com\/portal\/author\/cooltivarte\/"}]}},"_links":{"self":[{"href":"https:\/\/cooltivarte.com\/portal\/wp-json\/wp\/v2\/posts\/118650","targetHints":{"allow":["GET"]}}],"collection":[{"href":"https:\/\/cooltivarte.com\/portal\/wp-json\/wp\/v2\/posts"}],"about":[{"href":"https:\/\/cooltivarte.com\/portal\/wp-json\/wp\/v2\/types\/post"}],"author":[{"embeddable":true,"href":"https:\/\/cooltivarte.com\/portal\/wp-json\/wp\/v2\/users\/8"}],"replies":[{"embeddable":true,"href":"https:\/\/cooltivarte.com\/portal\/wp-json\/wp\/v2\/comments?post=118650"}],"version-history":[{"count":3,"href":"https:\/\/cooltivarte.com\/portal\/wp-json\/wp\/v2\/posts\/118650\/revisions"}],"predecessor-version":[{"id":118661,"href":"https:\/\/cooltivarte.com\/portal\/wp-json\/wp\/v2\/posts\/118650\/revisions\/118661"}],"wp:featuredmedia":[{"embeddable":true,"href":"https:\/\/cooltivarte.com\/portal\/wp-json\/wp\/v2\/media\/118651"}],"wp:attachment":[{"href":"https:\/\/cooltivarte.com\/portal\/wp-json\/wp\/v2\/media?parent=118650"}],"wp:term":[{"taxonomy":"category","embeddable":true,"href":"https:\/\/cooltivarte.com\/portal\/wp-json\/wp\/v2\/categories?post=118650"},{"taxonomy":"post_tag","embeddable":true,"href":"https:\/\/cooltivarte.com\/portal\/wp-json\/wp\/v2\/tags?post=118650"}],"curies":[{"name":"wp","href":"https:\/\/api.w.org\/{rel}","templated":true}]}}