{"id":11845,"date":"2015-03-27T12:59:59","date_gmt":"2015-03-27T12:59:59","guid":{"rendered":"http:\/\/cooltivarte.com\/portal\/?p=11845"},"modified":"2019-03-14T18:53:22","modified_gmt":"2019-03-14T21:53:22","slug":"homenaje-a-arlett-fernandez","status":"publish","type":"post","link":"https:\/\/cooltivarte.com\/portal\/homenaje-a-arlett-fernandez\/","title":{"rendered":"Homenaje a Arlett Fern\u00e1ndez"},"content":{"rendered":"<p style=\"text-align: justify;\"><strong>Homenaje a Arlett Fern\u00e1ndez en Sala Zitarrosa 25 de Marzo 2015<\/strong><\/p>\n<p style=\"text-align: justify;\"><strong>El encuentro del mi\u00e9rcoles 25 de marzo en la Sala Zitarrosa tuvo como motivo el tributo a la artista Arlett Fern\u00e1ndez. \u00a0Lo recaudado en el concierto ser\u00e1 en su beneficio, \u00a0ya que est\u00e1 viviendo una situaci\u00f3n econ\u00f3mica precaria, siendo adem\u00e1s portadora de Parkinson, lo que afect\u00f3 su lado izquierdo, asoci\u00e1ndose a otras patolog\u00edas. Pero m\u00e1s all\u00e1 de este hecho ben\u00e9fico, el recital estuvo enfocado homenajearla, \u00a0y tambi\u00e9n a reclamar por los derechos de todos los artistas.<\/strong><\/p>\n<p style=\"text-align: justify;\">M\u00e1s all\u00e1 de su enfermedad, Arlett Fern\u00e1ndez es una mujer con mucha fuerza de voluntad, demostr\u00e1ndolo en su show y su canto de esa noche, dejando todo de s\u00ed en el escenario. En un show muy emotivo, como se preve\u00eda, pero tambi\u00e9n con su cuota de humor, para ponerle buena cara a los problemas y as\u00ed alejarlos por unos momentos donde la m\u00fasica reina y cura.<\/p>\n<p style=\"text-align: justify;\">Los invitados que la acompa\u00f1aron fueron de lujo. As\u00ed pasaron figuras como Estela Magnone, Fernando Cabrera, Mart\u00edn Ibarburu, Mauricio Ubal, R\u00faben Olivera, Fabi\u00e1n Marquisio, Malena Muyala, Olga Delgrossi y Moyi Figueira y Luis Esquibel.<\/p>\n<p style=\"text-align: justify;\">En el final, una muy buena concurrencia de p\u00fablico, la aplaudi\u00f3 de pie, dando un broche de oro a una jornada que m\u00e1s que nunca lo merec\u00eda, tanto por artistas participantes, pero m\u00e1s que nada como por el motivo del encuentro.<\/p>\n<p style=\"text-align: justify;\"><em><b>Arlett Fern\u00e1ndez<\/b> comenz\u00f3 su carrera en 1993, desarrollando una destacada capacidad interpretativa a lo largo del circuito montevideano de espect\u00e1culos y pe\u00f1as. En 1994 se integr\u00f3 al Tr\u00edo de Walter Volont\u00e9 \u201cTanguer\u00eda del 40\u201d. Concurs\u00f3 en el Festival de Folklore y la Cultura Popular de 1995 y obtuvo el primer premio. Cant\u00f3 en el Teatro Sol\u00eds junto a Yamand\u00fa Palacios \u201cTangos y Milongas en Concierto\u201d en 1996; y particip\u00f3 en el CD \u201cAs\u00ed Canta Am\u00e9rica\u201d. Durante 1998 actu\u00f3 en el Hotel Conrad de Punta del Este y en el teatro Florencio S\u00e1nchez de Paysand\u00fa, junto a Larbanois Carrero.<\/em><\/p>\n<p style=\"text-align: justify;\"><em>En el a\u00f1o 2000 participa en el 40\u00ba Festival Nacional e Internacional de Folklore Cosqu\u00edn, de C\u00f3rdoba, logrando el \u201c1er Premio \u201cRevelaci\u00f3n\u201d y el 1er Premio \u201cMejor Voz de Tango\u201d. En el mismo a\u00f1o fue invitada al Festival de Varadero y actu\u00f3 en festivales folkl\u00f3ricos en la Rep\u00fablica Argentina. Particip\u00f3 tambi\u00e9n la edici\u00f3n 41\u00ba del Festival de Folklore de Cosqu\u00edn 2001. Act\u00faa junto a la Orquesta del Sal\u00f3n Sinf\u00f3nico, dirigida por Luis Alberto P\u00e9rez. Comparti\u00f3 escenario en el espect\u00e1culo que ofrecieron \u201cLos Nocheros\u201d(Argentina) en nuestro pa\u00eds, en el mes de agosto del 2003. En el 2003, grab\u00f3 su \u00faltimo trabajo discogr\u00e1fico, llamado \u201cCanto\u201d.<\/em><\/p>\n<p>Imagen portada:\u00a0Homenaje a Arlett Fern\u00e1ndez en\u00a0<a href=\"https:\/\/www.facebook.com\/lasalazitarrosa\" target=\"_blank\" rel=\"noopener\" data-gt=\"{&quot;entity_id&quot;:&quot;176981492383663&quot;,&quot;entity_path&quot;:&quot;\\\/media\\\/set\\\/index.php&quot;}\" data-hovercard=\"\/ajax\/hovercard\/page.php?id=176981492383663&amp;extragetparams=%7B%22directed_target_id%22%3A0%7D\">Sala Zitarrosa<\/a>\u00a025 de Marzo 2015 Foto \u00a9 Ivonne Morales<\/p>\n<p>&nbsp;<\/p>\n<p>https:\/\/www.facebook.com\/media\/set\/?set=a.838399716206943.1073742350.163210523725869&#038;type=1<\/p>\n<p>&nbsp;<\/p>\n<p>&nbsp;<\/p>\n<p>&nbsp;<\/p>\n<p style=\"text-align: justify;\">[sam id=&#8221;21&#8243; name=&#8221;notas y articulos&#8221; codes=&#8221;true&#8221;]<\/p>\n<p>&nbsp;<\/p>\n","protected":false},"excerpt":{"rendered":"<p>Homenaje a Arlett Fern\u00e1ndez en Sala Zitarrosa 25 de Marzo 2015 El encuentro del mi\u00e9rcoles 25 de marzo en la Sala Zitarrosa tuvo como motivo el tributo a la artista Arlett Fern\u00e1ndez. \u00a0Lo recaudado en el concierto ser\u00e1 en su beneficio, \u00a0ya que est\u00e1 viviendo una situaci\u00f3n econ\u00f3mica precaria, siendo adem\u00e1s portadora de Parkinson, lo [&hellip;]<\/p>\n","protected":false},"author":48,"featured_media":11846,"comment_status":"closed","ping_status":"closed","sticky":false,"template":"","format":"standard","meta":{"om_disable_all_campaigns":false,"ngg_post_thumbnail":0,"jnews-multi-image_gallery":[],"jnews_single_post":[],"jnews_primary_category":[],"jnews_social_meta":[],"jnews_override_counter":[],"footnotes":""},"categories":[50],"tags":[2701,1099,1267,2705,89,2708,2702,2706,2704,2707,100,322,2703,60,88],"class_list":["post-11845","post","type-post","status-publish","format-standard","has-post-thumbnail","hentry","category-coberturas","tag-arlett-fernandez","tag-eduardo-larbanois","tag-estela-magnone","tag-fabian-marquisio","tag-fernando-cabrera","tag-luis-esquibel","tag-malena-muyala","tag-martin-ibarburu","tag-mauricio-ubal","tag-moyi-figueira","tag-musica","tag-musica-uruguaya","tag-olga-delgrossi","tag-ruben-olivera","tag-uruguay"],"yoast_head":"<!-- This site is optimized with the Yoast SEO plugin v27.5 - https:\/\/yoast.com\/product\/yoast-seo-wordpress\/ -->\n<title>Homenaje a Arlett Fern\u00e1ndez - Cooltivarte Portal<\/title>\n<meta name=\"description\" content=\"COOLTIVARTE.COM es un portal digital colaborativo de actualizaci\u00f3n permanente dedicado a difundir el acontecer art\u00edstico y cultural, entrevista artistas, gestores y productores de las diferentes disciplinas del arte, y publicando art\u00edculos de reflexi\u00f3n de producci\u00f3n propia sobre los elementos culturales.\" \/>\n<meta name=\"robots\" content=\"index, follow, max-snippet:-1, max-image-preview:large, max-video-preview:-1\" \/>\n<link rel=\"canonical\" href=\"https:\/\/cooltivarte.com\/portal\/homenaje-a-arlett-fernandez\/\" \/>\n<meta property=\"og:locale\" content=\"es_ES\" \/>\n<meta property=\"og:type\" content=\"article\" \/>\n<meta property=\"og:title\" content=\"Homenaje a Arlett Fern\u00e1ndez - Cooltivarte Portal\" \/>\n<meta property=\"og:description\" content=\"COOLTIVARTE.COM es un portal digital colaborativo de actualizaci\u00f3n permanente dedicado a difundir el acontecer art\u00edstico y cultural, entrevista artistas, gestores y productores de las diferentes disciplinas del arte, y publicando art\u00edculos de reflexi\u00f3n de producci\u00f3n propia sobre los elementos culturales.\" \/>\n<meta property=\"og:url\" content=\"https:\/\/cooltivarte.com\/portal\/homenaje-a-arlett-fernandez\/\" \/>\n<meta property=\"og:site_name\" content=\"Cooltivarte Portal\" \/>\n<meta property=\"article:publisher\" content=\"https:\/\/www.facebook.com\/cooltivartecom\/\" \/>\n<meta property=\"article:author\" content=\"http:\/\/www.facebook.com\/JaibonFotografia\" \/>\n<meta property=\"article:published_time\" content=\"2015-03-27T12:59:59+00:00\" \/>\n<meta property=\"article:modified_time\" content=\"2019-03-14T21:53:22+00:00\" \/>\n<meta property=\"og:image\" content=\"https:\/\/cooltivarte.com\/portal\/wp-content\/uploads\/2015\/03\/Arlett-Fern\u00e1ndez-foto-Ivonne-Morales.jpg\" \/>\n\t<meta property=\"og:image:width\" content=\"960\" \/>\n\t<meta property=\"og:image:height\" content=\"880\" \/>\n\t<meta property=\"og:image:type\" content=\"image\/jpeg\" \/>\n<meta name=\"author\" content=\"Ivonne Morales\" \/>\n<meta name=\"twitter:card\" content=\"summary_large_image\" \/>\n<meta name=\"twitter:creator\" content=\"@https:\/\/x.com\/obolocultural\" \/>\n<meta name=\"twitter:site\" content=\"@obolocultural\" \/>\n<meta name=\"twitter:label1\" content=\"Escrito por\" \/>\n\t<meta name=\"twitter:data1\" content=\"Ivonne Morales\" \/>\n\t<meta name=\"twitter:label2\" content=\"Tiempo de lectura\" \/>\n\t<meta name=\"twitter:data2\" content=\"3 minutos\" \/>\n<!-- \/ Yoast SEO plugin. -->","yoast_head_json":{"title":"Homenaje a Arlett Fern\u00e1ndez - Cooltivarte Portal","description":"COOLTIVARTE.COM es un portal digital colaborativo de actualizaci\u00f3n permanente dedicado a difundir el acontecer art\u00edstico y cultural, entrevista artistas, gestores y productores de las diferentes disciplinas del arte, y publicando art\u00edculos de reflexi\u00f3n de producci\u00f3n propia sobre los elementos culturales.","robots":{"index":"index","follow":"follow","max-snippet":"max-snippet:-1","max-image-preview":"max-image-preview:large","max-video-preview":"max-video-preview:-1"},"canonical":"https:\/\/cooltivarte.com\/portal\/homenaje-a-arlett-fernandez\/","og_locale":"es_ES","og_type":"article","og_title":"Homenaje a Arlett Fern\u00e1ndez - Cooltivarte Portal","og_description":"COOLTIVARTE.COM es un portal digital colaborativo de actualizaci\u00f3n permanente dedicado a difundir el acontecer art\u00edstico y cultural, entrevista artistas, gestores y productores de las diferentes disciplinas del arte, y publicando art\u00edculos de reflexi\u00f3n de producci\u00f3n propia sobre los elementos culturales.","og_url":"https:\/\/cooltivarte.com\/portal\/homenaje-a-arlett-fernandez\/","og_site_name":"Cooltivarte Portal","article_publisher":"https:\/\/www.facebook.com\/cooltivartecom\/","article_author":"http:\/\/www.facebook.com\/JaibonFotografia","article_published_time":"2015-03-27T12:59:59+00:00","article_modified_time":"2019-03-14T21:53:22+00:00","og_image":[{"width":960,"height":880,"url":"https:\/\/cooltivarte.com\/portal\/wp-content\/uploads\/2015\/03\/Arlett-Fern\u00e1ndez-foto-Ivonne-Morales.jpg","type":"image\/jpeg"}],"author":"Ivonne Morales","twitter_card":"summary_large_image","twitter_creator":"@https:\/\/x.com\/obolocultural","twitter_site":"@obolocultural","twitter_misc":{"Escrito por":"Ivonne Morales","Tiempo de lectura":"3 minutos"},"schema":{"@context":"https:\/\/schema.org","@graph":[{"@type":"NewsArticle","@id":"https:\/\/cooltivarte.com\/portal\/homenaje-a-arlett-fernandez\/#article","isPartOf":{"@id":"https:\/\/cooltivarte.com\/portal\/homenaje-a-arlett-fernandez\/"},"author":{"name":"Ivonne Morales","@id":"https:\/\/cooltivarte.com\/portal\/#\/schema\/person\/fe75e4361eedb6fa9290c17ba2cb0038"},"headline":"Homenaje a Arlett Fern\u00e1ndez","datePublished":"2015-03-27T12:59:59+00:00","dateModified":"2019-03-14T21:53:22+00:00","mainEntityOfPage":{"@id":"https:\/\/cooltivarte.com\/portal\/homenaje-a-arlett-fernandez\/"},"wordCount":508,"publisher":{"@id":"https:\/\/cooltivarte.com\/portal\/#organization"},"image":{"@id":"https:\/\/cooltivarte.com\/portal\/homenaje-a-arlett-fernandez\/#primaryimage"},"thumbnailUrl":"https:\/\/cooltivarte.com\/portal\/wp-content\/uploads\/2015\/03\/Arlett-Fern\u00e1ndez-foto-Ivonne-Morales.jpg","keywords":["Arlett Fern\u00e1ndez","Eduardo Larbanois","estela magnone","Fabi\u00e1n Marquisio","Fernando Cabrera","Luis Esquibel","Malena Muyala","Mart\u00edn Ibarburu","Mauricio Ubal","Moyi Figueira","M\u00fasica","M\u00fasica Uruguaya","Olga Delgrossi","rub\u00e9n olivera","Uruguay"],"articleSection":["Coberturas"],"inLanguage":"es-AR"},{"@type":"WebPage","@id":"https:\/\/cooltivarte.com\/portal\/homenaje-a-arlett-fernandez\/","url":"https:\/\/cooltivarte.com\/portal\/homenaje-a-arlett-fernandez\/","name":"Homenaje a Arlett Fern\u00e1ndez - Cooltivarte Portal","isPartOf":{"@id":"https:\/\/cooltivarte.com\/portal\/#website"},"primaryImageOfPage":{"@id":"https:\/\/cooltivarte.com\/portal\/homenaje-a-arlett-fernandez\/#primaryimage"},"image":{"@id":"https:\/\/cooltivarte.com\/portal\/homenaje-a-arlett-fernandez\/#primaryimage"},"thumbnailUrl":"https:\/\/cooltivarte.com\/portal\/wp-content\/uploads\/2015\/03\/Arlett-Fern\u00e1ndez-foto-Ivonne-Morales.jpg","datePublished":"2015-03-27T12:59:59+00:00","dateModified":"2019-03-14T21:53:22+00:00","description":"COOLTIVARTE.COM es un portal digital colaborativo de actualizaci\u00f3n permanente dedicado a difundir el acontecer art\u00edstico y cultural, entrevista artistas, gestores y productores de las diferentes disciplinas del arte, y publicando art\u00edculos de reflexi\u00f3n de producci\u00f3n propia sobre los elementos culturales.","breadcrumb":{"@id":"https:\/\/cooltivarte.com\/portal\/homenaje-a-arlett-fernandez\/#breadcrumb"},"inLanguage":"es-AR","potentialAction":[{"@type":"ReadAction","target":["https:\/\/cooltivarte.com\/portal\/homenaje-a-arlett-fernandez\/"]}]},{"@type":"ImageObject","inLanguage":"es-AR","@id":"https:\/\/cooltivarte.com\/portal\/homenaje-a-arlett-fernandez\/#primaryimage","url":"https:\/\/cooltivarte.com\/portal\/wp-content\/uploads\/2015\/03\/Arlett-Fern\u00e1ndez-foto-Ivonne-Morales.jpg","contentUrl":"https:\/\/cooltivarte.com\/portal\/wp-content\/uploads\/2015\/03\/Arlett-Fern\u00e1ndez-foto-Ivonne-Morales.jpg","width":960,"height":880,"caption":"imagen - Homenaje a Arlett Fern\u00e1ndez en Sala Zitarrosa 25 de Marzo 2015 Foto \u00a9 Ivonne Morales"},{"@type":"BreadcrumbList","@id":"https:\/\/cooltivarte.com\/portal\/homenaje-a-arlett-fernandez\/#breadcrumb","itemListElement":[{"@type":"ListItem","position":1,"name":"Portada","item":"https:\/\/cooltivarte.com\/portal\/"},{"@type":"ListItem","position":2,"name":"Homenaje a Arlett Fern\u00e1ndez"}]},{"@type":"WebSite","@id":"https:\/\/cooltivarte.com\/portal\/#website","url":"https:\/\/cooltivarte.com\/portal\/","name":"Cooltivarte Portal","description":"Arte, cultura y turismo para el mundo ...","publisher":{"@id":"https:\/\/cooltivarte.com\/portal\/#organization"},"potentialAction":[{"@type":"SearchAction","target":{"@type":"EntryPoint","urlTemplate":"https:\/\/cooltivarte.com\/portal\/?s={search_term_string}"},"query-input":{"@type":"PropertyValueSpecification","valueRequired":true,"valueName":"search_term_string"}}],"inLanguage":"es-AR"},{"@type":"Organization","@id":"https:\/\/cooltivarte.com\/portal\/#organization","name":"cooltivarte","url":"https:\/\/cooltivarte.com\/portal\/","logo":{"@type":"ImageObject","inLanguage":"es-AR","@id":"https:\/\/cooltivarte.com\/portal\/#\/schema\/logo\/image\/","url":"https:\/\/cooltivarte.com\/portal\/wp-content\/uploads\/2020\/04\/logo-cooltivarte-v2.png","contentUrl":"https:\/\/cooltivarte.com\/portal\/wp-content\/uploads\/2020\/04\/logo-cooltivarte-v2.png","width":851,"height":243,"caption":"cooltivarte"},"image":{"@id":"https:\/\/cooltivarte.com\/portal\/#\/schema\/logo\/image\/"},"sameAs":["https:\/\/www.facebook.com\/cooltivartecom\/","https:\/\/x.com\/obolocultural","https:\/\/www.instagram.com\/_cooltivarte_\/","https:\/\/www.linkedin.com\/company\/-bolocultural?reportsuccess=8zaNG1HwhPbAR9iQhZ5rfGeqz_vQFftHun0ZWU0Wy9vNemRJ8vtcKdJvzQfW8XagyOJSKg0XvfJ1dp","https:\/\/www.pinterest.com\/cooltivarte\/","https:\/\/cooltivarte.tumblr.com\/","https:\/\/www.tiktok.com\/@cooltivarte","https:\/\/www.youtube.com\/@PrensaCooltivarte"]},{"@type":"Person","@id":"https:\/\/cooltivarte.com\/portal\/#\/schema\/person\/fe75e4361eedb6fa9290c17ba2cb0038","name":"Ivonne Morales","image":{"@type":"ImageObject","inLanguage":"es-AR","@id":"https:\/\/cooltivarte.com\/portal\/wp-content\/uploads\/2015\/02\/ivonne-morales1-120x120.jpg","url":"https:\/\/cooltivarte.com\/portal\/wp-content\/uploads\/2015\/02\/ivonne-morales1-120x120.jpg","contentUrl":"https:\/\/cooltivarte.com\/portal\/wp-content\/uploads\/2015\/02\/ivonne-morales1-120x120.jpg","caption":"Ivonne Morales"},"description":"Su formaci\u00f3n como fot\u00f3grafa, ha sido autodidacta, no s\u00f3lo a trav\u00e9s de su propia experiencia, sino de nutrirse del aporte de colegas. Durante su adolescencia, sus primeras c\u00e1maras fueron de pel\u00edcula y a partir de ese momento sinti\u00f3 gran inter\u00e9s por la fotograf\u00eda. Comenz\u00f3 por fotografiar paisajes o simplemente situaciones cotidianas. Luego de haber incursionado brevemente en el mundo de la m\u00fasica como cantante, comienza a registrar shows, a modo de hobbie. Su inter\u00e9s por la fotograf\u00eda comienza a cobrar m\u00e1s importancia y es a partir de ah\u00ed, donde decide poner m\u00e1s \u00e9nfasis, no s\u00f3lo en captar las im\u00e1genes, sino en editar las fotograf\u00edas, para lograr un mejor resultado final. En el a\u00f1o 2012, comienza a frecuentar el boliche \"Paullier &amp; Guan\u00e1\", donde se iniciaba la propuesta \"Martes On Fire\", encabezada por Francisco Fattoruso, y durante todo el primer ciclo, registra cada instancia a trav\u00e9s de sus fotos, que son publicadas en Facebook semanalmente, ya tomando la fotograf\u00eda como algo m\u00e1s que un hobbie. A partir de \u00e9sta gran puerta, comienza a ampliar su espectro y a registrar otros eventos, as\u00ed como tambi\u00e9n a incursionar en otros temas, como arquitectura, registro de muestras o exposiciones, fotograf\u00eda social, fotograf\u00eda macro y algunas t\u00e9cnicas experimentales. Actualmente, se puede visitar su p\u00e1gina, donde son publicados todos sus trabajos. J\u00e1ibon Fotograf\u00eda","sameAs":["http:\/\/www.facebook.com\/JaibonFotografia","https:\/\/www.instagram.com\/_cooltivarte_\/","https:\/\/www.linkedin.com\/company\/-bolocultural","https:\/\/www.pinterest.com\/cooltivarte","https:\/\/x.com\/https:\/\/x.com\/obolocultural","https:\/\/www.youtube.com\/@PrensaCooltivarte","https:\/\/www.tumblr.com\/blog\/cooltivarte"],"url":"https:\/\/cooltivarte.com\/portal\/author\/ivonnem\/"}]}},"_links":{"self":[{"href":"https:\/\/cooltivarte.com\/portal\/wp-json\/wp\/v2\/posts\/11845","targetHints":{"allow":["GET"]}}],"collection":[{"href":"https:\/\/cooltivarte.com\/portal\/wp-json\/wp\/v2\/posts"}],"about":[{"href":"https:\/\/cooltivarte.com\/portal\/wp-json\/wp\/v2\/types\/post"}],"author":[{"embeddable":true,"href":"https:\/\/cooltivarte.com\/portal\/wp-json\/wp\/v2\/users\/48"}],"replies":[{"embeddable":true,"href":"https:\/\/cooltivarte.com\/portal\/wp-json\/wp\/v2\/comments?post=11845"}],"version-history":[{"count":5,"href":"https:\/\/cooltivarte.com\/portal\/wp-json\/wp\/v2\/posts\/11845\/revisions"}],"predecessor-version":[{"id":46303,"href":"https:\/\/cooltivarte.com\/portal\/wp-json\/wp\/v2\/posts\/11845\/revisions\/46303"}],"wp:featuredmedia":[{"embeddable":true,"href":"https:\/\/cooltivarte.com\/portal\/wp-json\/wp\/v2\/media\/11846"}],"wp:attachment":[{"href":"https:\/\/cooltivarte.com\/portal\/wp-json\/wp\/v2\/media?parent=11845"}],"wp:term":[{"taxonomy":"category","embeddable":true,"href":"https:\/\/cooltivarte.com\/portal\/wp-json\/wp\/v2\/categories?post=11845"},{"taxonomy":"post_tag","embeddable":true,"href":"https:\/\/cooltivarte.com\/portal\/wp-json\/wp\/v2\/tags?post=11845"}],"curies":[{"name":"wp","href":"https:\/\/api.w.org\/{rel}","templated":true}]}}