{"id":118303,"date":"2025-10-16T09:41:03","date_gmt":"2025-10-16T12:41:03","guid":{"rendered":"https:\/\/cooltivarte.com\/portal\/?p=118303"},"modified":"2025-10-16T09:47:23","modified_gmt":"2025-10-16T12:47:23","slug":"ganadores-premios-graffiti-2025-primera-entrega","status":"publish","type":"post","link":"https:\/\/cooltivarte.com\/portal\/ganadores-premios-graffiti-2025-primera-entrega\/","title":{"rendered":"GANADORES PREMIOS GRAFFITI 2025 &#8211; Primera entrega"},"content":{"rendered":"<p><img fetchpriority=\"high\" decoding=\"async\" class=\"aligncenter wp-image-118304 size-large\" title=\"GANADORES PREMIOS GRAFFITI 2025 - Segunda entrega\" src=\"https:\/\/cooltivarte.com\/portal\/wp-content\/uploads\/2025\/10\/premios-graffiti-2025-1024x680.png\" alt=\"GANADORES PREMIOS GRAFFITI 2025 - Segunda entrega\" width=\"1024\" height=\"680\" srcset=\"https:\/\/cooltivarte.com\/portal\/wp-content\/uploads\/2025\/10\/premios-graffiti-2025-1024x680.png 1024w, https:\/\/cooltivarte.com\/portal\/wp-content\/uploads\/2025\/10\/premios-graffiti-2025-300x199.png 300w, https:\/\/cooltivarte.com\/portal\/wp-content\/uploads\/2025\/10\/premios-graffiti-2025-768x510.png 768w, https:\/\/cooltivarte.com\/portal\/wp-content\/uploads\/2025\/10\/premios-graffiti-2025.png 1050w\" sizes=\"(max-width: 1024px) 100vw, 1024px\" \/><\/p>\n<p>&nbsp;<\/p>\n<p>&nbsp;<\/p>\n<h2><strong>GANADORES PREMIOS GRAFFITI 2025<\/strong><\/h2>\n<p>&nbsp;<\/p>\n<h3><strong>Premios entregados el 15 de octubre en la Ceremonia de Lanzamiento en el Complejo Cultural Politeama<\/strong><\/h3>\n<p>&nbsp;<\/p>\n<p><strong>MEJOR DISE\u00d1O DE ARTE<\/strong><\/p>\n<p><strong>Bruma Cabra Club &#8211; <\/strong>T\u00fcssi Dematteis \/ Little Butterfly Records &#8211; Dise\u00f1ador Gr\u00e1fico: Gabriel Ameijenda<\/p>\n<p>&nbsp;<\/p>\n<p><strong>MEJOR LIBRO SOBRE M\u00daSICA URUGUAYA<\/strong><\/p>\n<p><strong>Uruguayan locos. Los comienzos del rap en UY &#8211; <\/strong>Diego Rocha \/ Estuario editora<\/p>\n<p>&nbsp;<\/p>\n<p><strong>MEJOR VIDEO DE LARGA DURACI\u00d3N<\/strong><\/p>\n<p><strong>360 Show en Vivo Antel Arena &#8211; <\/strong>Buitres \/ MMG<\/p>\n<p>&nbsp;<\/p>\n<p><strong>MEJOR VIDEO CLIP EN VIVO<\/strong><\/p>\n<p><strong>Asesinos son \u2013 Chole y <\/strong>Banda Martes 13 \/ MMG<\/p>\n<p>&nbsp;<\/p>\n<p><strong>MEJOR VIDEO CLIP<\/strong><\/p>\n<p><strong>La vida empieza &#8211; <\/strong>Jorge Nasser, Fabi\u00e1n Krut, Ra\u00fal Castro y Agarrate Catalina \/ MMG \u2013 Director Gabriel Bossio<\/p>\n<p>&nbsp;<\/p>\n<p><strong>MEJOR EDICI\u00d3N ESPECIAL<\/strong><\/p>\n<p><strong>80 A\u00f1os &#8211; Saldos y Retazos. Vol.1 &#8211; <\/strong>Hugo Fattoruso \/ MMG<\/p>\n<p>&nbsp;<\/p>\n<p><strong>MEJOR \u00c1LBUM DE INSPIRACI\u00d3N RELIGIOSA<\/strong><\/p>\n<p><strong>Un nuevo comienzo &#8211;<\/strong> Alvaro Trinidad \/ Big Sound<\/p>\n<p>&nbsp;<\/p>\n<p><strong>MEJOR \u00c1LBUM EN VIVO<\/strong><\/p>\n<p><strong>La historia de mis canciones &#8211; <\/strong>Jos\u00e9 Carbajal &#8220;El Sabalero&#8221; \/ MMG<\/p>\n<p>&nbsp;<\/p>\n<p><strong>MEJOR \u00c1LBUM DE M\u00daSICA ELECTR\u00d3NICA<\/strong><\/p>\n<p><strong>Rel\u00e1mpagos &#8211; <\/strong>Goro Gocher \/ Sondor<\/p>\n<p>&nbsp;<\/p>\n<p><strong>MEJOR \u00c1LBUM POP<\/strong><\/p>\n<p><strong>Fe &#8211; <\/strong>Florencia N\u00fa\u00f1ez \/ Little Butterfly Records<\/p>\n<p>&nbsp;<\/p>\n<p><strong>MEJOR \u00c1LBUM DE M\u00daSICA INSTRUMENTAL<\/strong><\/p>\n<p><strong>Montevideano &#8211;<\/strong> Luciano Supervielle, Orquesta Filarm\u00f3nica de Montevideo \/ Little Butterfly Records<\/p>\n<p>&nbsp;<\/p>\n<p><strong>MEJOR \u00c1LBUM DE TANGO<\/strong><\/p>\n<p><strong>Che Papusa d\u00fao\u2026y el tango se hizo mujer &#8211; <\/strong>Che Papusa d\u00fao<strong> \/ <\/strong>Uruguay Musical<\/p>\n<p>&nbsp;<\/p>\n<p><strong>MEJOR \u00c1LBUM DE FOLCLORE<\/strong><\/p>\n<p><strong>Cl\u00e1sicos del folklore Uruguayo &#8211; <\/strong>Catherine Vergnes \/ IND<\/p>\n<p>&nbsp;<\/p>\n<p><strong>MEJOR \u00c1LBUM DE CANDOMBE FUSI\u00d3N<\/strong><\/p>\n<p><strong>Candombe &#8211; <\/strong>Julieta Rada \/ IND<\/p>\n<p>&nbsp;<\/p>\n<p><strong>MEJOR \u00c1LBUM DE M\u00daSICA POPULAR Y CANCI\u00d3N URBANA<\/strong><\/p>\n<p><strong>La canci\u00f3n pide la canci\u00f3n tiene &#8211; <\/strong>Diego Gonz\u00e1lez \/ Bizarro<\/p>\n<p>&nbsp;<\/p>\n<p><strong>PREMIO GRAFFITI INSTITUCIONAL<\/strong><\/p>\n<p><strong>Gobierno de Canelones<\/strong><\/p>\n<p>Por la inauguraci\u00f3n del Espacio Col\u00f3n,un centro cultural multidisciplinario<\/p>\n<p>que fortalece la cultura local y la innovaci\u00f3n tecnol\u00f3gica.<\/p>\n<p>&nbsp;<\/p>\n<p><strong>MENCI\u00d3N ESPECIAL DEL JURADO<\/strong><\/p>\n<p><strong>Municipio de Pando<\/strong><\/p>\n<p><strong>Colectivo La Cuna<\/strong><\/p>\n<p>Por la realizaci\u00f3n de Patrimonio Rock<\/p>\n<p>&nbsp;<\/p>\n<h4><strong>Ya qued\u00f3 habilitada en la p\u00e1gina web de los Premios la <a href=\"https:\/\/premiosgraffiti.com.uy\/votacion\/\" target=\"_blank\" rel=\"noopener\">Votaci\u00f3n Popular<\/a> para elegir el Tema Popular del A\u00f1o y El Premio Omar Guti\u00e9rrez al Artista del A\u00f1o<\/strong><\/h4>\n<p>&nbsp;<\/p>\n<p>Tambi\u00e9n se inaugur\u00f3 en el <strong>Espacio Col\u00f3n de Canelones<\/strong> la <strong>Muestra Audiovisual sobre la historia de los <a href=\"https:\/\/www.premiosgraffiti.com.uy\" target=\"_blank\" rel=\"noopener\">Premios Graffiti a la M\u00fasica Uruguaya<\/a><\/strong><strong>.<\/strong><\/p>\n<p>La muestra permanecer\u00e1 abierta al p\u00fablico hasta el 31 de octubre y es con entrada libre.<\/p>\n<p>&nbsp;<\/p>\n<p>&nbsp;<\/p>\n<h2><strong>Las Ceremonias de los Premios Graffiti 2025 se completan los d\u00edas 5 y 6 de noviembre en la Sala Zitarrosa<\/strong><strong>, con los siguientes Shows en vivo:<\/strong><\/h2>\n<p>&nbsp;<\/p>\n<p><strong>5 de noviembre<\/strong><\/p>\n<p>LA NUEVA ESCUELA<\/p>\n<p>CATHERINE VERGNES<\/p>\n<p>DIEGO DREXLER<\/p>\n<p>FILO<\/p>\n<p>PROYECTO CANIBAL TROILO<\/p>\n<p>&nbsp;<\/p>\n<p><strong>6 de noviembre <\/strong><\/p>\n<p>FLORENCIA NU\u00d1EZ<\/p>\n<p>MATIAS VALDEZ<\/p>\n<p>SUPERVIELLE<\/p>\n<p>GONZALO BRANCCIARI<\/p>\n<p>Invitada especial desde Espa\u00f1a<\/p>\n<p>ALBA LAMERCED<\/p>\n<p>&nbsp;<\/p>\n<p>&nbsp;<\/p>\n","protected":false},"excerpt":{"rendered":"<p>GANADORES PREMIOS GRAFFITI 2025<\/p>\n<p>Premios entregados el 15 de octubre en la Ceremonia de Lanzamiento en el Complejo Cultural Politeama<\/p>\n","protected":false},"author":8,"featured_media":118304,"comment_status":"closed","ping_status":"closed","sticky":false,"template":"","format":"standard","meta":{"om_disable_all_campaigns":false,"ngg_post_thumbnail":0,"jnews-multi-image_gallery":[],"jnews_single_post":{"format":"standard","override":[{"template":"4","parallax":"1","layout":"right-sidebar","sidebar":"default-sidebar","second_sidebar":"default-sidebar","sticky_sidebar":"1","share_position":"bottom","share_float_style":"share-monocrhome","show_share_counter":"1","show_view_counter":"1","show_featured":"1","show_post_meta":"1","show_post_author":"1","show_post_author_image":"1","show_post_date":"1","post_date_format":"default","post_date_format_custom":"Y\/m\/d","show_post_category":"1","post_reading_time_wpm":"300","post_calculate_word_method":"str_word_count","zoom_button_out_step":"2","zoom_button_in_step":"3","show_post_tag":"1","show_prev_next_post":"1","show_popup_post":"1","number_popup_post":"1","show_author_box":"1","show_post_related":"0","show_inline_post_related":"0"}],"image_override":[{"single_post_thumbnail_size":"no-crop","single_post_gallery_size":"crop-500"}],"trending_post_position":"meta","trending_post_label":"Trending","sponsored_post_label":"Sponsored by","disable_ad":"0","subtitle":"Premios entregados el 15 de octubre en la Ceremonia de Lanzamiento en el Complejo Cultural Politeama"},"jnews_primary_category":[],"jnews_social_meta":[],"jnews_override_counter":{"view_counter_number":"0","share_counter_number":"0","like_counter_number":"0","dislike_counter_number":"0"},"footnotes":""},"categories":[7025],"tags":[7312,6909],"class_list":["post-118303","post","type-post","status-publish","format-standard","has-post-thumbnail","hentry","category-premios-graffiti","tag-ganadores-premios-graffiti","tag-premios-graffiti-a-la-musica-uruguaya"],"yoast_head":"<!-- This site is optimized with the Yoast SEO plugin v27.4 - https:\/\/yoast.com\/product\/yoast-seo-wordpress\/ -->\n<title>GANADORES PREMIOS GRAFFITI 2025 - Primera entrega - Cooltivarte Portal<\/title>\n<meta name=\"description\" content=\"Ya qued\u00f3 habilitada en la p\u00e1gina web de los Premios la Votaci\u00f3n Popular para elegir el Tema Popular del A\u00f1o y El Premio Omar Guti\u00e9rrez al Artista del A\u00f1o\" \/>\n<meta name=\"robots\" content=\"index, follow, max-snippet:-1, max-image-preview:large, max-video-preview:-1\" \/>\n<link rel=\"canonical\" href=\"https:\/\/cooltivarte.com\/portal\/ganadores-premios-graffiti-2025-primera-entrega\/\" \/>\n<meta property=\"og:locale\" content=\"es_ES\" \/>\n<meta property=\"og:type\" content=\"article\" \/>\n<meta property=\"og:title\" content=\"GANADORES PREMIOS GRAFFITI 2025 - Primera entrega\" \/>\n<meta property=\"og:description\" content=\"Ya qued\u00f3 habilitada en la p\u00e1gina web de los Premios la Votaci\u00f3n Popular para elegir el Tema Popular del A\u00f1o y El Premio Omar Guti\u00e9rrez al Artista del A\u00f1o\" \/>\n<meta property=\"og:url\" content=\"https:\/\/cooltivarte.com\/portal\/ganadores-premios-graffiti-2025-primera-entrega\/\" \/>\n<meta property=\"og:site_name\" content=\"Cooltivarte Portal\" \/>\n<meta property=\"article:publisher\" content=\"https:\/\/www.facebook.com\/cooltivartecom\/\" \/>\n<meta property=\"article:author\" content=\"https:\/\/www.facebook.com\/cooltivartecom\" \/>\n<meta property=\"article:published_time\" content=\"2025-10-16T12:41:03+00:00\" \/>\n<meta property=\"article:modified_time\" content=\"2025-10-16T12:47:23+00:00\" \/>\n<meta property=\"og:image\" content=\"https:\/\/cooltivarte.com\/portal\/wp-content\/uploads\/2025\/10\/premios-graffiti-2025.png\" \/>\n\t<meta property=\"og:image:width\" content=\"1050\" \/>\n\t<meta property=\"og:image:height\" content=\"697\" \/>\n\t<meta property=\"og:image:type\" content=\"image\/png\" \/>\n<meta name=\"author\" content=\"Cooltivarte\" \/>\n<meta name=\"twitter:card\" content=\"summary_large_image\" \/>\n<meta name=\"twitter:title\" content=\"GANADORES PREMIOS GRAFFITI 2025 - Primera entrega\" \/>\n<meta name=\"twitter:description\" content=\"Ya qued\u00f3 habilitada en la p\u00e1gina web de los Premios la Votaci\u00f3n Popular para elegir el Tema Popular del A\u00f1o y El Premio Omar Guti\u00e9rrez al Artista del A\u00f1o\" \/>\n<meta name=\"twitter:image\" content=\"https:\/\/cooltivarte.com\/portal\/wp-content\/uploads\/2025\/10\/premios-graffiti-2025.png\" \/>\n<meta name=\"twitter:creator\" content=\"@https:\/\/x.com\/obolocultural\" \/>\n<meta name=\"twitter:site\" content=\"@obolocultural\" \/>\n<meta name=\"twitter:label1\" content=\"Escrito por\" \/>\n\t<meta name=\"twitter:data1\" content=\"Cooltivarte\" \/>\n\t<meta name=\"twitter:label2\" content=\"Tiempo de lectura\" \/>\n\t<meta name=\"twitter:data2\" content=\"3 minutos\" \/>\n<!-- \/ Yoast SEO plugin. -->","yoast_head_json":{"title":"GANADORES PREMIOS GRAFFITI 2025 - Primera entrega - Cooltivarte Portal","description":"Ya qued\u00f3 habilitada en la p\u00e1gina web de los Premios la Votaci\u00f3n Popular para elegir el Tema Popular del A\u00f1o y El Premio Omar Guti\u00e9rrez al Artista del A\u00f1o","robots":{"index":"index","follow":"follow","max-snippet":"max-snippet:-1","max-image-preview":"max-image-preview:large","max-video-preview":"max-video-preview:-1"},"canonical":"https:\/\/cooltivarte.com\/portal\/ganadores-premios-graffiti-2025-primera-entrega\/","og_locale":"es_ES","og_type":"article","og_title":"GANADORES PREMIOS GRAFFITI 2025 - Primera entrega","og_description":"Ya qued\u00f3 habilitada en la p\u00e1gina web de los Premios la Votaci\u00f3n Popular para elegir el Tema Popular del A\u00f1o y El Premio Omar Guti\u00e9rrez al Artista del A\u00f1o","og_url":"https:\/\/cooltivarte.com\/portal\/ganadores-premios-graffiti-2025-primera-entrega\/","og_site_name":"Cooltivarte Portal","article_publisher":"https:\/\/www.facebook.com\/cooltivartecom\/","article_author":"https:\/\/www.facebook.com\/cooltivartecom","article_published_time":"2025-10-16T12:41:03+00:00","article_modified_time":"2025-10-16T12:47:23+00:00","og_image":[{"width":1050,"height":697,"url":"https:\/\/cooltivarte.com\/portal\/wp-content\/uploads\/2025\/10\/premios-graffiti-2025.png","type":"image\/png"}],"author":"Cooltivarte","twitter_card":"summary_large_image","twitter_title":"GANADORES PREMIOS GRAFFITI 2025 - Primera entrega","twitter_description":"Ya qued\u00f3 habilitada en la p\u00e1gina web de los Premios la Votaci\u00f3n Popular para elegir el Tema Popular del A\u00f1o y El Premio Omar Guti\u00e9rrez al Artista del A\u00f1o","twitter_image":"https:\/\/cooltivarte.com\/portal\/wp-content\/uploads\/2025\/10\/premios-graffiti-2025.png","twitter_creator":"@https:\/\/x.com\/obolocultural","twitter_site":"@obolocultural","twitter_misc":{"Escrito por":"Cooltivarte","Tiempo de lectura":"3 minutos"},"schema":{"@context":"https:\/\/schema.org","@graph":[{"@type":"NewsArticle","@id":"https:\/\/cooltivarte.com\/portal\/ganadores-premios-graffiti-2025-primera-entrega\/#article","isPartOf":{"@id":"https:\/\/cooltivarte.com\/portal\/ganadores-premios-graffiti-2025-primera-entrega\/"},"author":{"name":"Cooltivarte","@id":"https:\/\/cooltivarte.com\/portal\/#\/schema\/person\/ec2a4f4e71b740d0c559c0ab9a157e19"},"headline":"GANADORES PREMIOS GRAFFITI 2025 &#8211; Primera entrega","datePublished":"2025-10-16T12:41:03+00:00","dateModified":"2025-10-16T12:47:23+00:00","mainEntityOfPage":{"@id":"https:\/\/cooltivarte.com\/portal\/ganadores-premios-graffiti-2025-primera-entrega\/"},"wordCount":472,"publisher":{"@id":"https:\/\/cooltivarte.com\/portal\/#organization"},"image":{"@id":"https:\/\/cooltivarte.com\/portal\/ganadores-premios-graffiti-2025-primera-entrega\/#primaryimage"},"thumbnailUrl":"https:\/\/cooltivarte.com\/portal\/wp-content\/uploads\/2025\/10\/premios-graffiti-2025.png","keywords":["GANADORES PREMIOS GRAFFITI","Premios Graffiti a la M\u00fasica Uruguaya"],"articleSection":["Premios Graffiti"],"inLanguage":"es-AR"},{"@type":"WebPage","@id":"https:\/\/cooltivarte.com\/portal\/ganadores-premios-graffiti-2025-primera-entrega\/","url":"https:\/\/cooltivarte.com\/portal\/ganadores-premios-graffiti-2025-primera-entrega\/","name":"GANADORES PREMIOS GRAFFITI 2025 - Primera entrega - Cooltivarte Portal","isPartOf":{"@id":"https:\/\/cooltivarte.com\/portal\/#website"},"primaryImageOfPage":{"@id":"https:\/\/cooltivarte.com\/portal\/ganadores-premios-graffiti-2025-primera-entrega\/#primaryimage"},"image":{"@id":"https:\/\/cooltivarte.com\/portal\/ganadores-premios-graffiti-2025-primera-entrega\/#primaryimage"},"thumbnailUrl":"https:\/\/cooltivarte.com\/portal\/wp-content\/uploads\/2025\/10\/premios-graffiti-2025.png","datePublished":"2025-10-16T12:41:03+00:00","dateModified":"2025-10-16T12:47:23+00:00","description":"Ya qued\u00f3 habilitada en la p\u00e1gina web de los Premios la Votaci\u00f3n Popular para elegir el Tema Popular del A\u00f1o y El Premio Omar Guti\u00e9rrez al Artista del A\u00f1o","breadcrumb":{"@id":"https:\/\/cooltivarte.com\/portal\/ganadores-premios-graffiti-2025-primera-entrega\/#breadcrumb"},"inLanguage":"es-AR","potentialAction":[{"@type":"ReadAction","target":["https:\/\/cooltivarte.com\/portal\/ganadores-premios-graffiti-2025-primera-entrega\/"]}]},{"@type":"ImageObject","inLanguage":"es-AR","@id":"https:\/\/cooltivarte.com\/portal\/ganadores-premios-graffiti-2025-primera-entrega\/#primaryimage","url":"https:\/\/cooltivarte.com\/portal\/wp-content\/uploads\/2025\/10\/premios-graffiti-2025.png","contentUrl":"https:\/\/cooltivarte.com\/portal\/wp-content\/uploads\/2025\/10\/premios-graffiti-2025.png","width":1050,"height":697,"caption":"GANADORES PREMIOS GRAFFITI 2025 - Segunda entrega"},{"@type":"BreadcrumbList","@id":"https:\/\/cooltivarte.com\/portal\/ganadores-premios-graffiti-2025-primera-entrega\/#breadcrumb","itemListElement":[{"@type":"ListItem","position":1,"name":"Portada","item":"https:\/\/cooltivarte.com\/portal\/"},{"@type":"ListItem","position":2,"name":"GANADORES PREMIOS GRAFFITI 2025 &#8211; Primera entrega"}]},{"@type":"WebSite","@id":"https:\/\/cooltivarte.com\/portal\/#website","url":"https:\/\/cooltivarte.com\/portal\/","name":"Cooltivarte Portal","description":"Arte, cultura y turismo para el mundo ...","publisher":{"@id":"https:\/\/cooltivarte.com\/portal\/#organization"},"potentialAction":[{"@type":"SearchAction","target":{"@type":"EntryPoint","urlTemplate":"https:\/\/cooltivarte.com\/portal\/?s={search_term_string}"},"query-input":{"@type":"PropertyValueSpecification","valueRequired":true,"valueName":"search_term_string"}}],"inLanguage":"es-AR"},{"@type":"Organization","@id":"https:\/\/cooltivarte.com\/portal\/#organization","name":"cooltivarte","url":"https:\/\/cooltivarte.com\/portal\/","logo":{"@type":"ImageObject","inLanguage":"es-AR","@id":"https:\/\/cooltivarte.com\/portal\/#\/schema\/logo\/image\/","url":"https:\/\/cooltivarte.com\/portal\/wp-content\/uploads\/2020\/04\/logo-cooltivarte-v2.png","contentUrl":"https:\/\/cooltivarte.com\/portal\/wp-content\/uploads\/2020\/04\/logo-cooltivarte-v2.png","width":851,"height":243,"caption":"cooltivarte"},"image":{"@id":"https:\/\/cooltivarte.com\/portal\/#\/schema\/logo\/image\/"},"sameAs":["https:\/\/www.facebook.com\/cooltivartecom\/","https:\/\/x.com\/obolocultural","https:\/\/www.instagram.com\/_cooltivarte_\/","https:\/\/www.linkedin.com\/company\/-bolocultural?reportsuccess=8zaNG1HwhPbAR9iQhZ5rfGeqz_vQFftHun0ZWU0Wy9vNemRJ8vtcKdJvzQfW8XagyOJSKg0XvfJ1dp","https:\/\/www.pinterest.com\/cooltivarte\/","https:\/\/cooltivarte.tumblr.com\/","https:\/\/www.tiktok.com\/@cooltivarte","https:\/\/www.youtube.com\/@PrensaCooltivarte"]},{"@type":"Person","@id":"https:\/\/cooltivarte.com\/portal\/#\/schema\/person\/ec2a4f4e71b740d0c559c0ab9a157e19","name":"Cooltivarte","image":{"@type":"ImageObject","inLanguage":"es-AR","@id":"https:\/\/cooltivarte.com\/portal\/wp-content\/uploads\/2014\/05\/logo-cooltivarte-120x120.jpg","url":"https:\/\/cooltivarte.com\/portal\/wp-content\/uploads\/2014\/05\/logo-cooltivarte-120x120.jpg","contentUrl":"https:\/\/cooltivarte.com\/portal\/wp-content\/uploads\/2014\/05\/logo-cooltivarte-120x120.jpg","caption":"Cooltivarte"},"description":"Somos COOLTIVARTE.COM. Un portal digital dedicado a difundir el acontecer art\u00edstico y cultural del Uruguay. Estamos en la vuelta desde el a\u00f1o 2003, y como evoluci\u00f3n del bolet\u00edn Obolo Cultural, nos encontramos abocados a apoyar a los artistas nacionales brind\u00e1ndoles un espacio de difusi\u00f3n. Creemos en la idea de utilizar la potencialidad que hoy d\u00eda nos otorga la web, para que la cultura uruguaya y sus creadores dispongan de una din\u00e1mica ventana, que los ponga en contacto entre s\u00ed y con el mundo. Somos COOLTIVARTE.COM y pretendemos configurarnos como un portal din\u00e1mico, entretenido y atento a los nuevos emprendimientos, que busque siempre la interacci\u00f3n con los artistas.","sameAs":["http:\/\/www.cooltivarte.com","https:\/\/www.facebook.com\/cooltivartecom","https:\/\/www.instagram.com\/_cooltivarte_\/","https:\/\/www.linkedin.com\/company\/-bolocultural","https:\/\/www.pinterest.com\/cooltivarte\/","https:\/\/x.com\/https:\/\/x.com\/obolocultural","https:\/\/www.youtube.com\/@PrensaCooltivarte","https:\/\/www.tumblr.com\/blog\/cooltivarte"],"url":"https:\/\/cooltivarte.com\/portal\/author\/cooltivarte\/"}]}},"_links":{"self":[{"href":"https:\/\/cooltivarte.com\/portal\/wp-json\/wp\/v2\/posts\/118303","targetHints":{"allow":["GET"]}}],"collection":[{"href":"https:\/\/cooltivarte.com\/portal\/wp-json\/wp\/v2\/posts"}],"about":[{"href":"https:\/\/cooltivarte.com\/portal\/wp-json\/wp\/v2\/types\/post"}],"author":[{"embeddable":true,"href":"https:\/\/cooltivarte.com\/portal\/wp-json\/wp\/v2\/users\/8"}],"replies":[{"embeddable":true,"href":"https:\/\/cooltivarte.com\/portal\/wp-json\/wp\/v2\/comments?post=118303"}],"version-history":[{"count":4,"href":"https:\/\/cooltivarte.com\/portal\/wp-json\/wp\/v2\/posts\/118303\/revisions"}],"predecessor-version":[{"id":118309,"href":"https:\/\/cooltivarte.com\/portal\/wp-json\/wp\/v2\/posts\/118303\/revisions\/118309"}],"wp:featuredmedia":[{"embeddable":true,"href":"https:\/\/cooltivarte.com\/portal\/wp-json\/wp\/v2\/media\/118304"}],"wp:attachment":[{"href":"https:\/\/cooltivarte.com\/portal\/wp-json\/wp\/v2\/media?parent=118303"}],"wp:term":[{"taxonomy":"category","embeddable":true,"href":"https:\/\/cooltivarte.com\/portal\/wp-json\/wp\/v2\/categories?post=118303"},{"taxonomy":"post_tag","embeddable":true,"href":"https:\/\/cooltivarte.com\/portal\/wp-json\/wp\/v2\/tags?post=118303"}],"curies":[{"name":"wp","href":"https:\/\/api.w.org\/{rel}","templated":true}]}}