{"id":118253,"date":"2026-04-05T19:44:28","date_gmt":"2026-04-05T22:44:28","guid":{"rendered":"https:\/\/cooltivarte.com\/portal\/?p=118253"},"modified":"2026-04-07T13:28:32","modified_gmt":"2026-04-07T16:28:32","slug":"jorge-drexler-anuncia-gira-en-el-cono-sur-de-america-para-2026","status":"publish","type":"post","link":"https:\/\/cooltivarte.com\/portal\/jorge-drexler-anuncia-gira-en-el-cono-sur-de-america-para-2026\/","title":{"rendered":"Jorge Drexler anuncia gira en el Cono Sur de Am\u00e9rica para 2026"},"content":{"rendered":"<p><img fetchpriority=\"high\" decoding=\"async\" class=\"aligncenter wp-image-118254 size-full\" title=\"Jorge Drexler anuncia gira en el Cono Sur de Am\u00e9rica para 2026 - ANTEL ARENA - 6 de JUNIO\" src=\"https:\/\/cooltivarte.com\/portal\/wp-content\/uploads\/2025\/10\/Jorge-Drexler-anuncia-gira-en-el-Cono-Sur-de-America-para-2026.png\" alt=\"Jorge Drexler anuncia gira en el Cono Sur de Am\u00e9rica para 2026 - ANTEL ARENA - 6 de JUNIO\" width=\"644\" height=\"339\" srcset=\"https:\/\/cooltivarte.com\/portal\/wp-content\/uploads\/2025\/10\/Jorge-Drexler-anuncia-gira-en-el-Cono-Sur-de-America-para-2026.png 644w, https:\/\/cooltivarte.com\/portal\/wp-content\/uploads\/2025\/10\/Jorge-Drexler-anuncia-gira-en-el-Cono-Sur-de-America-para-2026-300x158.png 300w\" sizes=\"(max-width: 644px) 100vw, 644px\" \/><\/p>\n<p>&nbsp;<\/p>\n<p><strong><a href=\"https:\/\/cooltivarte.com\/portal\/?s=Jorge+Drexler\" target=\"_blank\" rel=\"noopener\">Jorge Drexler<\/a> anuncia gira en el Cono Sur de Am\u00e9rica para 2026 &#8211; <\/strong><\/p>\n<p><strong>ANTEL ARENA &#8211; 6 de JUNIO 2026 &#8211; 7 de JUNIO 2026 &#8211; NUEVA FUNCI\u00d3N<\/strong><\/p>\n<p>&nbsp;<\/p>\n<p>*Preventa Exclusiva BROU con tarjetas de cr\u00e9dito y d\u00e9bito BROU Recompensa Mastercard y BROU VISA.<\/p>\n<p style=\"font-weight: 400;\">&nbsp;<\/p>\n<p style=\"font-weight: 400;\">Toda la informaci\u00f3n y links de venta oficiales en:&nbsp;<a href=\"http:\/\/www.jorgedrexler.com\/\" target=\"_blank\" rel=\"noopener\" data-saferedirecturl=\"https:\/\/www.google.com\/url?q=http:\/\/www.jorgedrexler.com&amp;source=gmail&amp;ust=1760562792684000&amp;usg=AOvVaw2mhySH6bQrou5FpOOnCv03\">www.jorgedrexler.com<\/a><\/p>\n<p>&nbsp;<\/p>\n<div data-mow_video=\"v-mafokntt1mq\">&nbsp;<\/div>\n<p>&nbsp;<\/p>\n<p><iframe title=\"Spotify Embed: Jorge Drexler\" style=\"border-radius: 12px\" width=\"100%\" height=\"352\" frameborder=\"0\" allowfullscreen allow=\"autoplay; clipboard-write; encrypted-media; fullscreen; picture-in-picture\" loading=\"lazy\" src=\"https:\/\/open.spotify.com\/embed\/artist\/4ssUf5gLb1GBLxi1BhPrVt?si=cAJIT_K7S2ipzFgXBEEH8Q&amp;utm_source=oembed\"><\/iframe><\/p>\n<p>&nbsp;<\/p>\n<p><em><strong>Jorge Drexler<\/strong> es un compositor y cantante uruguayo con una larga trayectoria profesional vinculada a la m\u00fasica y las artes. Durante sus m\u00e1s de 30 a\u00f1os de carrera ha grabado catorce discos de estudio y ha ofrecido conciertos por todo el mundo.<\/em><\/p>\n<p><em>M\u00e9dico de formaci\u00f3n, en 1995 decidi\u00f3 dejar atr\u00e1s su vida en Uruguay y trasladarse a Espa\u00f1a para dedicarse completamente a la m\u00fasica y la composici\u00f3n. A lo largo de su carrera, su obra ha sido galardonada con un premio Oscar por \u201cAl otro lado del r\u00edo\u201d (2005) -Mejor Canci\u00f3n Original, siendo la primera en lengua no inglesa en conseguir este galard\u00f3n- trece Latin Grammys (2014, 2018, 2021 y 2022), un Premio Goya (2011) y una Biznaga de Plata, entre otros reconocimientos.<\/em><\/p>\n<p><em>En 2017 particip\u00f3 en la primera edici\u00f3n de TED en castellano, grabando una charla titulada \u201cPoes\u00eda, m\u00fasica e identidad\u201d, una de las m\u00e1s aclamadas de la plataforma. En 2018 graba los m\u00edticos Tiny Desk Concerts de NPR y en 2023 forma parte del programa de televisi\u00f3n Austin City Limits.<\/em><\/p>\n<p><em>Tras casi cinco a\u00f1os de silencio discogr\u00e1fico, en abril de 2022 Drexler present\u00f3 su nuevo \u00e1lbum, \u201cTinta y Tiempo\u201d. Un trabajo brillante, generoso, abundante, llamado a convertirse en un imprescindible de su repertorio, que cuenta con las colaboraciones de Rub\u00e9n Blades, C. Tangana, Noga Erez y Mart\u00edn Buscaglia. Recientemente, Drexler ha recibido siete premios Latin Grammy, cinco de ellos por este \u00faltimo disco.<\/em><\/p>\n<p><em>A la par que el lanzamiento de este \u00e1lbum, arranc\u00f3 una extensa gira internacional por Latinoam\u00e9rica y Europa.<\/em><\/p>\n<p><em>La trayectoria de Drexler es extensa y frondosa, en su esp\u00edritu incansable de b\u00fasqueda y experimentaci\u00f3n con la m\u00fasica y las letras. Sus textos, inspirados en diferentes \u00e1reas del conocimiento, son poli\u00e9dricos y se sumergen en el mundo de la poes\u00eda o la ciencia por igual. Su pasi\u00f3n por la prosa y el verso, las d\u00e9cimas y la palabra; adem\u00e1s de su personal destreza para expresar las emociones de las personas, que se suma a su voluntad f\u00e9rrea de tender puentes entre las diferentes culturas y buscar el nexo y la empat\u00eda entre todas las sociedades del mundo moderno.<\/em><\/p>\n<p>&nbsp;<\/p>\n<p>De la mano de la salida de su nuevo \u00e1lbum, Drexler contin\u00faa ampliando su gira. Se sumaron nuevas ciudades y pa\u00edses a las fechas ya anunciadas previamente<\/p>\n<h3>Aqu\u00ed el listado completo de la <strong>gira TARAC\u00c1<\/strong> (pr\u00f3x m\u00e1s confirmaciones):<\/h3>\n<ul>\n<li dir=\"ltr\">10\/04\/2026: Mendoza (Argentina) &#8211; Arena Maip\u00fa<\/li>\n<li dir=\"ltr\">12\/04\/2026: C\u00f3rdoba (Argentina) &#8211; Quality Arena<\/li>\n<li dir=\"ltr\">14\/04\/2026: Rosario (Argentina) &#8211; Bioceres Arena<\/li>\n<li dir=\"ltr\">17\/04\/2026: Buenos Aires (Argentina) &#8211; Movistar Arena (Agotadas)<\/li>\n<li dir=\"ltr\">18\/04\/2026: Buenos Aires (argentina) &#8211; Movistar Arena (\u00daltimas entradas)<\/li>\n<li dir=\"ltr\">21\/04\/2026: Mar de Plata (Argentina) &#8211; Radio City<\/li>\n<li dir=\"ltr\">25\/04\/2026: Santiago de Chile (Chile) &#8211; Movistar Arena (\u00daltimas entradas)<\/li>\n<li dir=\"ltr\">26\/04\/2026: Santiago de Chile (Chile) &#8211; Movistar Arena<\/li>\n<li dir=\"ltr\">21\/05\/2026: Curitiba (Brasil) &#8211; Teatro Positivo (Nueva fecha)<\/li>\n<li dir=\"ltr\">23\/05\/2026: S\u00e3o Paulo (Brasil) &#8211; Espa\u00e7o Unimed (\u00daltimas entradas)<\/li>\n<li dir=\"ltr\">27\/05\/2026: R\u00edo de Janeiro (Brasil) &#8211; Circo Voador (Nueva fecha)<\/li>\n<li dir=\"ltr\">29\/05\/2026: Porto Alegre (Brasil) &#8211; Ara\u00fajo Vianna (Entradas agotadas)<\/li>\n<li dir=\"ltr\">30\/05\/2026: Porto Alegre (Brasil) &#8211; Ara\u00fajo Vianna (\u00daltimas entradas)<\/li>\n<li dir=\"ltr\">06\/06\/2026: Montevideo (Uruguay) &#8211; Antel Arena (Entradas agotadas)<\/li>\n<li dir=\"ltr\">07\/06\/2026: Montevideo (Uruguay) &#8211; Antel Arena (Nueva fecha)<\/li>\n<li dir=\"ltr\">06\/09\/2026: Bogot\u00e1 (Colombia) &#8211; Movistar Arena (Nueva fecha)<\/li>\n<li dir=\"ltr\">10\/09\/2026: Ciudad de Guatemala (Guatemala) &#8211; Forum Majadas (Nueva fecha)<\/li>\n<li dir=\"ltr\">12\/09\/2026: San Jos\u00e9&nbsp; (Costa Rica) &#8211; (Nueva fecha)<\/li>\n<li dir=\"ltr\">26\/09\/2026: Madrid (Espa\u00f1a) &#8211; Movistar Arena<\/li>\n<li dir=\"ltr\">16\/10\/2026: Valencia (Espa\u00f1a) &#8211; Roig Arena<\/li>\n<li dir=\"ltr\">24\/10\/2026: Sevilla (Espa\u00f1a) &#8211; Cartuja Center (Nueva fecha)<\/li>\n<li dir=\"ltr\">31\/10\/2026: Barcelona (Espa\u00f1a) &#8211; Palau Sant Jordi<\/li>\n<li dir=\"ltr\">21\/11\/2026: A Coru\u00f1a (Espa\u00f1a) &#8211; Palacio de la \u00d3pera (Nueva fecha)<\/li>\n<li dir=\"ltr\">28\/11\/2026: Bilbao (Espa\u00f1a) &#8211; Euskalduna (Nueva fecha)<\/li>\n<li dir=\"ltr\">12\/02\/2027: Lima (Per\u00fa) &#8211; Anfiteatro del Parque de la Exposici\u00f3n (Nueva fecha)<\/li>\n<li dir=\"ltr\">16\/02\/2026: Quito (Ecuador) &#8211; Pr\u00f3ximamente<\/li>\n<li dir=\"ltr\">Febrero 2027: Ciudad de M\u00e9xico (M\u00e9xico) &#8211; Pr\u00f3ximamente<\/li>\n<\/ul>\n<p>&nbsp;<\/p>\n<p>&nbsp;<br \/>\n<script async=\"\" src=\"https:\/\/pagead2.googlesyndication.com\/pagead\/js\/adsbygoogle.js?client=ca-pub-1258162831753121\" crossorigin=\"anonymous\"><\/script><br \/>\n<ins class=\"adsbygoogle\" style=\"display: block; text-align: center;\" data-ad-layout=\"in-article\" data-ad-format=\"fluid\" data-ad-client=\"ca-pub-1258162831753121\" data-ad-slot=\"9254952921\"><\/ins><br \/>\n<script>\n     (adsbygoogle = window.adsbygoogle || []).push({});\n<\/script><br \/>\n&nbsp;<\/p>\n<p>&nbsp;<\/p>\n","protected":false},"excerpt":{"rendered":"<p>Jorge Drexler es un compositor y cantante uruguayo con una larga trayectoria profesional vinculada a la m\u00fasica y las artes. Durante sus m\u00e1s de 30 a\u00f1os de carrera ha grabado catorce discos de estudio y ha ofrecido conciertos por todo el mundo.<\/p>\n<p>M\u00e9dico de formaci\u00f3n, en 1995 decidi\u00f3 dejar atr\u00e1s su vida en Uruguay y trasladarse a Espa\u00f1a para dedicarse completamente a la m\u00fasica y la composici\u00f3n. A lo largo de su carrera, su obra ha sido galardonada con un premio Oscar por \u201cAl otro lado del r\u00edo\u201d (2005) -Mejor Canci\u00f3n Original, siendo la primera en lengua no inglesa en conseguir este galard\u00f3n- trece Latin Grammys (2014, 2018, 2021 y 2022), un Premio Goya (2011) y una Biznaga de Plata, entre otros reconocimientos.<\/p>\n<p>En 2017 particip\u00f3 en la primera edici\u00f3n de TED en castellano, grabando una charla titulada \u201cPoes\u00eda, m\u00fasica e identidad\u201d, una de las m\u00e1s aclamadas de la plataforma. En 2018 graba los m\u00edticos Tiny Desk Concerts de NPR y en 2023 forma parte del programa de televisi\u00f3n Austin City Limits.<\/p>\n","protected":false},"author":8,"featured_media":118254,"comment_status":"closed","ping_status":"closed","sticky":false,"template":"","format":"standard","meta":{"om_disable_all_campaigns":false,"ngg_post_thumbnail":0,"jnews-multi-image_gallery":[],"jnews_single_post":{"format":"standard","override":[{"template":"4","parallax":"1","layout":"right-sidebar","sidebar":"default-sidebar","second_sidebar":"default-sidebar","sticky_sidebar":"1","share_position":"bottom","share_float_style":"share-monocrhome","show_share_counter":"1","show_view_counter":"1","show_featured":"1","show_post_meta":"1","show_post_author":"1","show_post_author_image":"1","show_post_date":"1","post_date_format":"default","post_date_format_custom":"Y\/m\/d","show_post_category":"1","post_reading_time_wpm":"300","post_calculate_word_method":"str_word_count","zoom_button_out_step":"2","zoom_button_in_step":"3","show_post_tag":"1","show_prev_next_post":"1","show_popup_post":"1","number_popup_post":"1","show_author_box":"1","show_post_related":"0","show_inline_post_related":"0","show_comment_section":"1"}],"image_override":[{"single_post_thumbnail_size":"no-crop","single_post_gallery_size":"crop-500"}],"trending_post_position":"meta","trending_post_label":"Trending","sponsored_post_label":"Sponsored by","disable_ad":"0","subtitle":"ANTEL ARENA - 6 de JUNIO de 2026 - 7 de JUNIO - NUEVA FUNCI\u00d3N"},"jnews_primary_category":[],"jnews_social_meta":[],"jnews_override_counter":{"view_counter_number":"0","share_counter_number":"0","like_counter_number":"0","dislike_counter_number":"0"},"footnotes":""},"categories":[3394],"tags":[7467,26034,910],"class_list":["post-118253","post","type-post","status-publish","format-standard","has-post-thumbnail","hentry","category-eventos","tag-antel-arena","tag-gira-taraca","tag-jorge-drexler"],"yoast_head":"<!-- This site is optimized with the Yoast SEO plugin v27.5 - https:\/\/yoast.com\/product\/yoast-seo-wordpress\/ -->\n<title>Jorge Drexler anuncia gira en el Cono Sur de Am\u00e9rica para 2026 - Cooltivarte Portal<\/title>\n<meta name=\"description\" content=\"Jorge Drexler es un compositor y cantante uruguayo con una larga trayectoria profesional vinculada a la m\u00fasica y las artes. Durante sus m\u00e1s de 30 a\u00f1os de carrera ha grabado catorce discos de estudio y ha ofrecido conciertos por todo el mundo.\" \/>\n<meta name=\"robots\" content=\"index, follow, max-snippet:-1, max-image-preview:large, max-video-preview:-1\" \/>\n<link rel=\"canonical\" href=\"https:\/\/cooltivarte.com\/portal\/jorge-drexler-anuncia-gira-en-el-cono-sur-de-america-para-2026\/\" \/>\n<meta property=\"og:locale\" content=\"es_ES\" \/>\n<meta property=\"og:type\" content=\"article\" \/>\n<meta property=\"og:title\" content=\"Jorge Drexler anuncia gira en el Cono Sur de Am\u00e9rica para 2026 - ANTEL ARENA - 6 de JUNIO 2026 - 7 de JUNIO 2026 - NUEVA FUNCI\u00d3N\" \/>\n<meta property=\"og:description\" content=\"Jorge Drexler es un compositor y cantante uruguayo con una larga trayectoria profesional vinculada a la m\u00fasica y las artes. Durante sus m\u00e1s de 30 a\u00f1os de carrera ha grabado catorce discos de estudio y ha ofrecido conciertos por todo el mundo.\" \/>\n<meta property=\"og:url\" content=\"https:\/\/cooltivarte.com\/portal\/jorge-drexler-anuncia-gira-en-el-cono-sur-de-america-para-2026\/\" \/>\n<meta property=\"og:site_name\" content=\"Cooltivarte Portal\" \/>\n<meta property=\"article:publisher\" content=\"https:\/\/www.facebook.com\/cooltivartecom\/\" \/>\n<meta property=\"article:author\" content=\"https:\/\/www.facebook.com\/cooltivartecom\" \/>\n<meta property=\"article:published_time\" content=\"2026-04-05T22:44:28+00:00\" \/>\n<meta property=\"article:modified_time\" content=\"2026-04-07T16:28:32+00:00\" \/>\n<meta property=\"og:image\" content=\"https:\/\/cooltivarte.com\/portal\/wp-content\/uploads\/2025\/10\/Jorge-Drexler-anuncia-gira-en-el-Cono-Sur-de-America-para-2026.png\" \/>\n\t<meta property=\"og:image:width\" content=\"644\" \/>\n\t<meta property=\"og:image:height\" content=\"339\" \/>\n\t<meta property=\"og:image:type\" content=\"image\/png\" \/>\n<meta name=\"author\" content=\"Cooltivarte\" \/>\n<meta name=\"twitter:card\" content=\"summary_large_image\" \/>\n<meta name=\"twitter:title\" content=\"Jorge Drexler anuncia gira en el Cono Sur de Am\u00e9rica para 2026 - ANTEL ARENA - 6 de JUNIO 2026 - 7 de JUNIO 2026 - NUEVA FUNCI\u00d3N\" \/>\n<meta name=\"twitter:description\" content=\"Jorge Drexler es un compositor y cantante uruguayo con una larga trayectoria profesional vinculada a la m\u00fasica y las artes. Durante sus m\u00e1s de 30 a\u00f1os de carrera ha grabado catorce discos de estudio y ha ofrecido conciertos por todo el mundo.\" \/>\n<meta name=\"twitter:image\" content=\"https:\/\/cooltivarte.com\/portal\/wp-content\/uploads\/2025\/10\/Jorge-Drexler-anuncia-gira-en-el-Cono-Sur-de-America-para-2026.png\" \/>\n<meta name=\"twitter:creator\" content=\"@https:\/\/x.com\/obolocultural\" \/>\n<meta name=\"twitter:site\" content=\"@obolocultural\" \/>\n<meta name=\"twitter:label1\" content=\"Escrito por\" \/>\n\t<meta name=\"twitter:data1\" content=\"Cooltivarte\" \/>\n\t<meta name=\"twitter:label2\" content=\"Tiempo de lectura\" \/>\n\t<meta name=\"twitter:data2\" content=\"4 minutos\" \/>\n<!-- \/ Yoast SEO plugin. -->","yoast_head_json":{"title":"Jorge Drexler anuncia gira en el Cono Sur de Am\u00e9rica para 2026 - Cooltivarte Portal","description":"Jorge Drexler es un compositor y cantante uruguayo con una larga trayectoria profesional vinculada a la m\u00fasica y las artes. Durante sus m\u00e1s de 30 a\u00f1os de carrera ha grabado catorce discos de estudio y ha ofrecido conciertos por todo el mundo.","robots":{"index":"index","follow":"follow","max-snippet":"max-snippet:-1","max-image-preview":"max-image-preview:large","max-video-preview":"max-video-preview:-1"},"canonical":"https:\/\/cooltivarte.com\/portal\/jorge-drexler-anuncia-gira-en-el-cono-sur-de-america-para-2026\/","og_locale":"es_ES","og_type":"article","og_title":"Jorge Drexler anuncia gira en el Cono Sur de Am\u00e9rica para 2026 - ANTEL ARENA - 6 de JUNIO 2026 - 7 de JUNIO 2026 - NUEVA FUNCI\u00d3N","og_description":"Jorge Drexler es un compositor y cantante uruguayo con una larga trayectoria profesional vinculada a la m\u00fasica y las artes. Durante sus m\u00e1s de 30 a\u00f1os de carrera ha grabado catorce discos de estudio y ha ofrecido conciertos por todo el mundo.","og_url":"https:\/\/cooltivarte.com\/portal\/jorge-drexler-anuncia-gira-en-el-cono-sur-de-america-para-2026\/","og_site_name":"Cooltivarte Portal","article_publisher":"https:\/\/www.facebook.com\/cooltivartecom\/","article_author":"https:\/\/www.facebook.com\/cooltivartecom","article_published_time":"2026-04-05T22:44:28+00:00","article_modified_time":"2026-04-07T16:28:32+00:00","og_image":[{"width":644,"height":339,"url":"https:\/\/cooltivarte.com\/portal\/wp-content\/uploads\/2025\/10\/Jorge-Drexler-anuncia-gira-en-el-Cono-Sur-de-America-para-2026.png","type":"image\/png"}],"author":"Cooltivarte","twitter_card":"summary_large_image","twitter_title":"Jorge Drexler anuncia gira en el Cono Sur de Am\u00e9rica para 2026 - ANTEL ARENA - 6 de JUNIO 2026 - 7 de JUNIO 2026 - NUEVA FUNCI\u00d3N","twitter_description":"Jorge Drexler es un compositor y cantante uruguayo con una larga trayectoria profesional vinculada a la m\u00fasica y las artes. Durante sus m\u00e1s de 30 a\u00f1os de carrera ha grabado catorce discos de estudio y ha ofrecido conciertos por todo el mundo.","twitter_image":"https:\/\/cooltivarte.com\/portal\/wp-content\/uploads\/2025\/10\/Jorge-Drexler-anuncia-gira-en-el-Cono-Sur-de-America-para-2026.png","twitter_creator":"@https:\/\/x.com\/obolocultural","twitter_site":"@obolocultural","twitter_misc":{"Escrito por":"Cooltivarte","Tiempo de lectura":"4 minutos"},"schema":{"@context":"https:\/\/schema.org","@graph":[{"@type":"NewsArticle","@id":"https:\/\/cooltivarte.com\/portal\/jorge-drexler-anuncia-gira-en-el-cono-sur-de-america-para-2026\/#article","isPartOf":{"@id":"https:\/\/cooltivarte.com\/portal\/jorge-drexler-anuncia-gira-en-el-cono-sur-de-america-para-2026\/"},"author":{"name":"Cooltivarte","@id":"https:\/\/cooltivarte.com\/portal\/#\/schema\/person\/ec2a4f4e71b740d0c559c0ab9a157e19"},"headline":"Jorge Drexler anuncia gira en el Cono Sur de Am\u00e9rica para 2026","datePublished":"2026-04-05T22:44:28+00:00","dateModified":"2026-04-07T16:28:32+00:00","mainEntityOfPage":{"@id":"https:\/\/cooltivarte.com\/portal\/jorge-drexler-anuncia-gira-en-el-cono-sur-de-america-para-2026\/"},"wordCount":724,"publisher":{"@id":"https:\/\/cooltivarte.com\/portal\/#organization"},"image":{"@id":"https:\/\/cooltivarte.com\/portal\/jorge-drexler-anuncia-gira-en-el-cono-sur-de-america-para-2026\/#primaryimage"},"thumbnailUrl":"https:\/\/cooltivarte.com\/portal\/wp-content\/uploads\/2025\/10\/Jorge-Drexler-anuncia-gira-en-el-Cono-Sur-de-America-para-2026.png","keywords":["Antel Arena","gira TARAC\u00c1","Jorge Drexler"],"articleSection":["Eventos"],"inLanguage":"es-AR"},{"@type":"WebPage","@id":"https:\/\/cooltivarte.com\/portal\/jorge-drexler-anuncia-gira-en-el-cono-sur-de-america-para-2026\/","url":"https:\/\/cooltivarte.com\/portal\/jorge-drexler-anuncia-gira-en-el-cono-sur-de-america-para-2026\/","name":"Jorge Drexler anuncia gira en el Cono Sur de Am\u00e9rica para 2026 - Cooltivarte Portal","isPartOf":{"@id":"https:\/\/cooltivarte.com\/portal\/#website"},"primaryImageOfPage":{"@id":"https:\/\/cooltivarte.com\/portal\/jorge-drexler-anuncia-gira-en-el-cono-sur-de-america-para-2026\/#primaryimage"},"image":{"@id":"https:\/\/cooltivarte.com\/portal\/jorge-drexler-anuncia-gira-en-el-cono-sur-de-america-para-2026\/#primaryimage"},"thumbnailUrl":"https:\/\/cooltivarte.com\/portal\/wp-content\/uploads\/2025\/10\/Jorge-Drexler-anuncia-gira-en-el-Cono-Sur-de-America-para-2026.png","datePublished":"2026-04-05T22:44:28+00:00","dateModified":"2026-04-07T16:28:32+00:00","description":"Jorge Drexler es un compositor y cantante uruguayo con una larga trayectoria profesional vinculada a la m\u00fasica y las artes. Durante sus m\u00e1s de 30 a\u00f1os de carrera ha grabado catorce discos de estudio y ha ofrecido conciertos por todo el mundo.","breadcrumb":{"@id":"https:\/\/cooltivarte.com\/portal\/jorge-drexler-anuncia-gira-en-el-cono-sur-de-america-para-2026\/#breadcrumb"},"inLanguage":"es-AR","potentialAction":[{"@type":"ReadAction","target":["https:\/\/cooltivarte.com\/portal\/jorge-drexler-anuncia-gira-en-el-cono-sur-de-america-para-2026\/"]}]},{"@type":"ImageObject","inLanguage":"es-AR","@id":"https:\/\/cooltivarte.com\/portal\/jorge-drexler-anuncia-gira-en-el-cono-sur-de-america-para-2026\/#primaryimage","url":"https:\/\/cooltivarte.com\/portal\/wp-content\/uploads\/2025\/10\/Jorge-Drexler-anuncia-gira-en-el-Cono-Sur-de-America-para-2026.png","contentUrl":"https:\/\/cooltivarte.com\/portal\/wp-content\/uploads\/2025\/10\/Jorge-Drexler-anuncia-gira-en-el-Cono-Sur-de-America-para-2026.png","width":644,"height":339,"caption":"Jorge Drexler anuncia gira en el Cono Sur de Am\u00e9rica para 2026 - ANTEL ARENA - 6 de JUNIO"},{"@type":"BreadcrumbList","@id":"https:\/\/cooltivarte.com\/portal\/jorge-drexler-anuncia-gira-en-el-cono-sur-de-america-para-2026\/#breadcrumb","itemListElement":[{"@type":"ListItem","position":1,"name":"Portada","item":"https:\/\/cooltivarte.com\/portal\/"},{"@type":"ListItem","position":2,"name":"Jorge Drexler anuncia gira en el Cono Sur de Am\u00e9rica para 2026"}]},{"@type":"WebSite","@id":"https:\/\/cooltivarte.com\/portal\/#website","url":"https:\/\/cooltivarte.com\/portal\/","name":"Cooltivarte Portal","description":"Arte, cultura y turismo para el mundo ...","publisher":{"@id":"https:\/\/cooltivarte.com\/portal\/#organization"},"potentialAction":[{"@type":"SearchAction","target":{"@type":"EntryPoint","urlTemplate":"https:\/\/cooltivarte.com\/portal\/?s={search_term_string}"},"query-input":{"@type":"PropertyValueSpecification","valueRequired":true,"valueName":"search_term_string"}}],"inLanguage":"es-AR"},{"@type":"Organization","@id":"https:\/\/cooltivarte.com\/portal\/#organization","name":"cooltivarte","url":"https:\/\/cooltivarte.com\/portal\/","logo":{"@type":"ImageObject","inLanguage":"es-AR","@id":"https:\/\/cooltivarte.com\/portal\/#\/schema\/logo\/image\/","url":"https:\/\/cooltivarte.com\/portal\/wp-content\/uploads\/2020\/04\/logo-cooltivarte-v2.png","contentUrl":"https:\/\/cooltivarte.com\/portal\/wp-content\/uploads\/2020\/04\/logo-cooltivarte-v2.png","width":851,"height":243,"caption":"cooltivarte"},"image":{"@id":"https:\/\/cooltivarte.com\/portal\/#\/schema\/logo\/image\/"},"sameAs":["https:\/\/www.facebook.com\/cooltivartecom\/","https:\/\/x.com\/obolocultural","https:\/\/www.instagram.com\/_cooltivarte_\/","https:\/\/www.linkedin.com\/company\/-bolocultural?reportsuccess=8zaNG1HwhPbAR9iQhZ5rfGeqz_vQFftHun0ZWU0Wy9vNemRJ8vtcKdJvzQfW8XagyOJSKg0XvfJ1dp","https:\/\/www.pinterest.com\/cooltivarte\/","https:\/\/cooltivarte.tumblr.com\/","https:\/\/www.tiktok.com\/@cooltivarte","https:\/\/www.youtube.com\/@PrensaCooltivarte"]},{"@type":"Person","@id":"https:\/\/cooltivarte.com\/portal\/#\/schema\/person\/ec2a4f4e71b740d0c559c0ab9a157e19","name":"Cooltivarte","image":{"@type":"ImageObject","inLanguage":"es-AR","@id":"https:\/\/cooltivarte.com\/portal\/wp-content\/uploads\/2014\/05\/logo-cooltivarte-120x120.jpg","url":"https:\/\/cooltivarte.com\/portal\/wp-content\/uploads\/2014\/05\/logo-cooltivarte-120x120.jpg","contentUrl":"https:\/\/cooltivarte.com\/portal\/wp-content\/uploads\/2014\/05\/logo-cooltivarte-120x120.jpg","caption":"Cooltivarte"},"description":"Somos COOLTIVARTE.COM. Un portal digital dedicado a difundir el acontecer art\u00edstico y cultural del Uruguay. Estamos en la vuelta desde el a\u00f1o 2003, y como evoluci\u00f3n del bolet\u00edn Obolo Cultural, nos encontramos abocados a apoyar a los artistas nacionales brind\u00e1ndoles un espacio de difusi\u00f3n. Creemos en la idea de utilizar la potencialidad que hoy d\u00eda nos otorga la web, para que la cultura uruguaya y sus creadores dispongan de una din\u00e1mica ventana, que los ponga en contacto entre s\u00ed y con el mundo. Somos COOLTIVARTE.COM y pretendemos configurarnos como un portal din\u00e1mico, entretenido y atento a los nuevos emprendimientos, que busque siempre la interacci\u00f3n con los artistas.","sameAs":["http:\/\/www.cooltivarte.com","https:\/\/www.facebook.com\/cooltivartecom","https:\/\/www.instagram.com\/_cooltivarte_\/","https:\/\/www.linkedin.com\/company\/-bolocultural","https:\/\/www.pinterest.com\/cooltivarte\/","https:\/\/x.com\/https:\/\/x.com\/obolocultural","https:\/\/www.youtube.com\/@PrensaCooltivarte","https:\/\/www.tumblr.com\/blog\/cooltivarte"],"url":"https:\/\/cooltivarte.com\/portal\/author\/cooltivarte\/"}]}},"_links":{"self":[{"href":"https:\/\/cooltivarte.com\/portal\/wp-json\/wp\/v2\/posts\/118253","targetHints":{"allow":["GET"]}}],"collection":[{"href":"https:\/\/cooltivarte.com\/portal\/wp-json\/wp\/v2\/posts"}],"about":[{"href":"https:\/\/cooltivarte.com\/portal\/wp-json\/wp\/v2\/types\/post"}],"author":[{"embeddable":true,"href":"https:\/\/cooltivarte.com\/portal\/wp-json\/wp\/v2\/users\/8"}],"replies":[{"embeddable":true,"href":"https:\/\/cooltivarte.com\/portal\/wp-json\/wp\/v2\/comments?post=118253"}],"version-history":[{"count":8,"href":"https:\/\/cooltivarte.com\/portal\/wp-json\/wp\/v2\/posts\/118253\/revisions"}],"predecessor-version":[{"id":124320,"href":"https:\/\/cooltivarte.com\/portal\/wp-json\/wp\/v2\/posts\/118253\/revisions\/124320"}],"wp:featuredmedia":[{"embeddable":true,"href":"https:\/\/cooltivarte.com\/portal\/wp-json\/wp\/v2\/media\/118254"}],"wp:attachment":[{"href":"https:\/\/cooltivarte.com\/portal\/wp-json\/wp\/v2\/media?parent=118253"}],"wp:term":[{"taxonomy":"category","embeddable":true,"href":"https:\/\/cooltivarte.com\/portal\/wp-json\/wp\/v2\/categories?post=118253"},{"taxonomy":"post_tag","embeddable":true,"href":"https:\/\/cooltivarte.com\/portal\/wp-json\/wp\/v2\/tags?post=118253"}],"curies":[{"name":"wp","href":"https:\/\/api.w.org\/{rel}","templated":true}]}}