{"id":118047,"date":"2025-10-20T12:25:10","date_gmt":"2025-10-20T15:25:10","guid":{"rendered":"https:\/\/cooltivarte.com\/portal\/?p=118047"},"modified":"2025-10-20T20:52:51","modified_gmt":"2025-10-20T23:52:51","slug":"sold-out-historico-de-cuarteto-de-nos-en-mexico","status":"publish","type":"post","link":"https:\/\/cooltivarte.com\/portal\/sold-out-historico-de-cuarteto-de-nos-en-mexico\/","title":{"rendered":"SOLD OUT HIST\u00d3RICO DE CUARTETO DE NOS EN M\u00c9XICO"},"content":{"rendered":"<figure id=\"attachment_118529\" aria-describedby=\"caption-attachment-118529\" style=\"width: 766px\" class=\"wp-caption aligncenter\"><img fetchpriority=\"high\" decoding=\"async\" class=\"wp-image-118529 size-large\" title=\"CUARTETO DE NOS\" src=\"https:\/\/cooltivarte.com\/portal\/wp-content\/uploads\/2025\/10\/CUARTETO-DE-NOS-766x1024.jpg\" alt=\"CUARTETO DE NOS\" width=\"766\" height=\"1024\" srcset=\"https:\/\/cooltivarte.com\/portal\/wp-content\/uploads\/2025\/10\/CUARTETO-DE-NOS-766x1024.jpg 766w, https:\/\/cooltivarte.com\/portal\/wp-content\/uploads\/2025\/10\/CUARTETO-DE-NOS-224x300.jpg 224w, https:\/\/cooltivarte.com\/portal\/wp-content\/uploads\/2025\/10\/CUARTETO-DE-NOS-768x1027.jpg 768w, https:\/\/cooltivarte.com\/portal\/wp-content\/uploads\/2025\/10\/CUARTETO-DE-NOS.jpg 1101w\" sizes=\"(max-width: 766px) 100vw, 766px\" \/><figcaption id=\"caption-attachment-118529\" class=\"wp-caption-text\">CUARTETO DE NOS<\/figcaption><\/figure>\n<p>&nbsp;<\/p>\n<p>&nbsp;<\/p>\n<p>&nbsp;<\/p>\n<p><strong>SOLD OUT HIST\u00d3RICO DE <a href=\"https:\/\/cooltivarte.com\/portal\/?s=cuarteto+de+nos\" target=\"_blank\" rel=\"noopener\">CUARTETO DE NOS<\/a> EN M\u00c9XICO<\/strong><\/p>\n<p class=\"\"><strong>Los mexicanos abarrotaron el Palacio de los Deportes para ver a&nbsp;CUARTETO DE NOS en vivo este s\u00e1bado 18 de octubre<\/strong><\/p>\n<p class=\"last-child\">La noche del s\u00e1bado 18 de octubre en el Palacio de los Deportes de Ciudad de M\u00e9xico, quedar\u00e1 plasmado en el coraz\u00f3n de las casi 18,000 personas que colmaron sus instalaciones, haciendo un SOLD OUT con m\u00e1s de 1 mes de antelaci\u00f3n, y sobre todo, en el coraz\u00f3n de CUARTETO DE NOS, que lo di\u00f3 todo.<\/p>\n<p class=\"\">El show de su nuevo disco PUERTAS inici\u00f3 con la impactante \u201cCara de Nada\u201d, donde Roberto irrumpe con su careta, destacando que&nbsp;<em>\u201csu cara nunca ser\u00e1 el reflejo de su alma\u201d<\/em>&nbsp;y nunca mejor aplicado que en esta ocasi\u00f3n, donde la emoci\u00f3n desbordaba a todos, arriba y abajo del escenario.<\/p>\n<p class=\"\">Llamaba la atenci\u00f3n la imponente presencia de las nuevas generaciones de 9 a 16 a\u00f1os, que son hoy m\u00e1s del 60% del p\u00fablico de Cuarteto y este s\u00e1bado se los pudo ver a muchos de ellos con sus outfits que recrean al personaje de la canci\u00f3n \u201cEl cintur\u00f3n gris\u201d; que ya es una marca registrada en los shows de todo el mundo. Tambi\u00e9n se pod\u00eda ver a todos esos padres que llevaron a sus hijos fan\u00e1ticos, quiz\u00e1s por primera vez a un show y que esos hijos han sido los responsables de haber vuelto fan\u00e1tica a toda su familia.&nbsp;<\/p>\n<p class=\"last-child\">Sin duda hay algo en la propuesta del Cuarteto, que trasciende edades, contextos sociales y de \u00e9poca y es cuando las emociones y vivencias se conectan m\u00e1s all\u00e1 del tiempo.&nbsp; Eso es lo que creemos ver cuando tantos ni\u00f1os, adolescentes, j\u00f3venes y adultos se encuentran en un mismo show. Lo contempor\u00e1neo de su m\u00fasica, sus letras filos\u00f3ficas, existencialistas y de cr\u00edtica social son cantadas por ni\u00f1os y adultos como un mantra cat\u00e1rtico, donde cada uno la interpreta a su manera y confirma que no hay edad para ser parte de un mismo sentir.<\/p>\n<p>La historia de CDN con M\u00e9xico ya tiene casi 20 a\u00f1os de recorrido, donde han pasado por todo tipo de recintos y tambi\u00e9n por 30 ciudades del pa\u00eds, acercando su m\u00fasica a cada uno de sus fans, donde quiera que est\u00e9n. Ese agradecimiento de su fiel p\u00fablico,&nbsp; se refleja en este hito de hacer sold out en el Palacio de los deportes con m\u00e1s de 1 mes de antelaci\u00f3n.&nbsp; Pero tambi\u00e9n en este tour, pasaron por ciudades como Monterrey y Guadalajara con shows multitudinarios agotados, lo que tambi\u00e9n viene pasando en los \u00faltimos tiempos en el resto del pa\u00eds, lo que refleja el amor y agradecimiento del p\u00fablico se extiende a todo el territorio.<\/p>\n<p><strong>Cuarteto de Nos&nbsp;<\/strong>hace historia hoy en M\u00e9xico, pero tambi\u00e9n en toda Latinoam\u00e9rica y siguen disfrutando del camino , sorprendi\u00e9ndose y emocion\u00e1ndose.&nbsp; Porque si hay algo que ha sabido hacer el Cuarteto en tantos a\u00f1os de carrera, es ser fieles a ellos mismos, cambiar, arriesgarse y hacer su camino tranquilos y sin artiller\u00eda industrial. Hoy gozan de este presente, que les sigue abriendo puertas y ellos van sin dudarlo a atravesar cada una de ellas, felices con lo que cada una les depara.<\/p>\n<p>Destacamos su \u00faltimo lanzamiento del Video Clip de \u201cGanaron los malos\u201d en vivo en el Estadio de Ferro en Buenos Aires (Arg), el pasado 20\/9, donde se confirma que el fanatismo por el Cuarteto, atraviesa de norte a sur el continente.<\/p>\n<p>&nbsp;<\/p>\n<p><strong>En Montevideo, los podremos ver cerrando el a\u00f1o en el Antel Arena el pr\u00f3ximo 6 de diciembre 2025 y quedan las <a href=\"https:\/\/www.antelarena.com.uy\/events\/detail\/cuarteto-de-nos-2025\" target=\"_blank\" rel=\"noopener\">\u00daLTIMAS ENTRADAS<\/a>!<\/strong><\/p>\n<p>&nbsp;<\/p>\n<p><img decoding=\"async\" class=\"rsImg rsMainSlideImage\" src=\"https:\/\/www.antelarena.com.uy\/assets\/img\/Web-Antel-Arena-Destaque-1600x540px-1f4e659a9a.jpg\" alt=\"\"\/><\/p>\n<p>&nbsp;<\/p>\n<p>&nbsp;<\/p>\n<p>&nbsp;<\/p>\n<p>&nbsp;<\/p>\n<p>&nbsp;<\/p>\n","protected":false},"excerpt":{"rendered":"<p>SOLD OUT HIST\u00d3RICO DE CUARTETO DE NOS EN M\u00c9XICO<\/p>\n<p>Los mexicanos abarrotaron el Palacio de los Deportes para ver a\u00a0CUARTETO DE NOS en vivo este s\u00e1bado 18 de octubre<\/p>\n<p>La noche del s\u00e1bado 18 de octubre en el Palacio de los Deportes de Ciudad de M\u00e9xico, quedar\u00e1 plasmado en el coraz\u00f3n de las casi 18,000 personas que colmaron sus instalaciones, haciendo un SOLD OUT con m\u00e1s de 1 mes de antelaci\u00f3n, y sobre todo, en el coraz\u00f3n de CUARTETO DE NOS, que lo di\u00f3 todo.<\/p>\n<p>El show de su nuevo disco PUERTAS inici\u00f3 con la impactante \u201cCara de Nada\u201d, donde Roberto irrumpe con su careta, destacando que\u00a0\u201csu cara nunca ser\u00e1 el reflejo de su alma\u201d\u00a0y nunca mejor aplicado que en esta ocasi\u00f3n, donde la emoci\u00f3n desbordaba a todos, arriba y abajo del escenario.<\/p>\n<p>Llamaba la atenci\u00f3n la imponente presencia de las nuevas generaciones de 9 a 16 a\u00f1os, que son hoy m\u00e1s del 60% del p\u00fablico de Cuarteto y este s\u00e1bado se los pudo ver a muchos de ellos con sus outfits que recrean al personaje de la canci\u00f3n \u201cEl cintur\u00f3n gris\u201d; que ya es una marca registrada en los shows de todo el mundo. Tambi\u00e9n se pod\u00eda ver a todos esos padres que llevaron a sus hijos fan\u00e1ticos, quiz\u00e1s por primera vez a un show y que esos hijos han sido los responsables de haber vuelto fan\u00e1tica a toda su familia.\u00a0<\/p>\n","protected":false},"author":8,"featured_media":118529,"comment_status":"closed","ping_status":"closed","sticky":false,"template":"","format":"standard","meta":{"om_disable_all_campaigns":false,"ngg_post_thumbnail":0,"jnews-multi-image_gallery":[],"jnews_single_post":{"format":"standard","override":[{"template":"4","parallax":"1","layout":"right-sidebar","sidebar":"default-sidebar","second_sidebar":"default-sidebar","sticky_sidebar":"1","share_position":"bottom","share_float_style":"share-monocrhome","show_share_counter":"1","show_view_counter":"1","show_featured":"1","show_post_meta":"1","show_post_author":"1","show_post_author_image":"1","show_post_date":"1","post_date_format":"default","post_date_format_custom":"Y\/m\/d","show_post_category":"1","post_reading_time_wpm":"300","post_calculate_word_method":"str_word_count","zoom_button_out_step":"2","zoom_button_in_step":"3","show_post_tag":"1","show_prev_next_post":"1","show_popup_post":"1","number_popup_post":"1","show_author_box":"1","show_post_related":"0","show_inline_post_related":"0"}],"image_override":[{"single_post_thumbnail_size":"no-crop","single_post_gallery_size":"crop-500"}],"trending_post_position":"meta","trending_post_label":"Trending","sponsored_post_label":"Sponsored by","disable_ad":"0","subtitle":"En Montevideo, los podremos ver cerrando el a\u00f1o en el Antel Arena el pr\u00f3ximo 6 de diciembre 2025"},"jnews_primary_category":[],"jnews_social_meta":[],"jnews_override_counter":{"view_counter_number":"0","share_counter_number":"0","like_counter_number":"0","dislike_counter_number":"0"},"footnotes":""},"categories":[3394],"tags":[7860,99],"class_list":["post-118047","post","type-post","status-publish","format-standard","has-post-thumbnail","hentry","category-eventos","tag-ciudad-de-mexico","tag-cuarteto-de-nos"],"yoast_head":"<!-- This site is optimized with the Yoast SEO plugin v27.5 - https:\/\/yoast.com\/product\/yoast-seo-wordpress\/ -->\n<title>SOLD OUT HIST\u00d3RICO DE CUARTETO DE NOS EN M\u00c9XICO - Cooltivarte Portal<\/title>\n<meta name=\"description\" content=\"Los mexicanos abarrotaron el Palacio de los Deportes para ver a\u00a0CUARTETO DE NOS en vivo este s\u00e1bado 18 de octubre\" \/>\n<meta name=\"robots\" content=\"index, follow, max-snippet:-1, max-image-preview:large, max-video-preview:-1\" \/>\n<link rel=\"canonical\" href=\"https:\/\/cooltivarte.com\/portal\/sold-out-historico-de-cuarteto-de-nos-en-mexico\/\" \/>\n<meta property=\"og:locale\" content=\"es_ES\" \/>\n<meta property=\"og:type\" content=\"article\" \/>\n<meta property=\"og:title\" content=\"SOLD OUT HIST\u00d3RICO DE CUARTETO DE NOS EN M\u00c9XICO\" \/>\n<meta property=\"og:description\" content=\"En Montevideo, los podremos ver cerrando el a\u00f1o en el Antel Arena el pr\u00f3ximo 6 de diciembre 2025\" \/>\n<meta property=\"og:url\" content=\"https:\/\/cooltivarte.com\/portal\/sold-out-historico-de-cuarteto-de-nos-en-mexico\/\" \/>\n<meta property=\"og:site_name\" content=\"Cooltivarte Portal\" \/>\n<meta property=\"article:publisher\" content=\"https:\/\/www.facebook.com\/cooltivartecom\/\" \/>\n<meta property=\"article:author\" content=\"https:\/\/www.facebook.com\/cooltivartecom\" \/>\n<meta property=\"article:published_time\" content=\"2025-10-20T15:25:10+00:00\" \/>\n<meta property=\"article:modified_time\" content=\"2025-10-20T23:52:51+00:00\" \/>\n<meta property=\"og:image\" content=\"https:\/\/cooltivarte.com\/portal\/wp-content\/uploads\/2025\/10\/CUARTETO-DE-NOS.jpg\" \/>\n\t<meta property=\"og:image:width\" content=\"1101\" \/>\n\t<meta property=\"og:image:height\" content=\"1472\" \/>\n\t<meta property=\"og:image:type\" content=\"image\/jpeg\" \/>\n<meta name=\"author\" content=\"Cooltivarte\" \/>\n<meta name=\"twitter:card\" content=\"summary_large_image\" \/>\n<meta name=\"twitter:title\" content=\"SOLD OUT HIST\u00d3RICO DE CUARTETO DE NOS EN M\u00c9XICO\" \/>\n<meta name=\"twitter:description\" content=\"En Montevideo, los podremos ver cerrando el a\u00f1o en el Antel Arena el pr\u00f3ximo 6 de diciembre 2025\" \/>\n<meta name=\"twitter:image\" content=\"https:\/\/cooltivarte.com\/portal\/wp-content\/uploads\/2025\/10\/CUARTETO-DE-NOS.jpg\" \/>\n<meta name=\"twitter:creator\" content=\"@https:\/\/x.com\/obolocultural\" \/>\n<meta name=\"twitter:site\" content=\"@obolocultural\" \/>\n<meta name=\"twitter:label1\" content=\"Escrito por\" \/>\n\t<meta name=\"twitter:data1\" content=\"Cooltivarte\" \/>\n\t<meta name=\"twitter:label2\" content=\"Tiempo de lectura\" \/>\n\t<meta name=\"twitter:data2\" content=\"4 minutos\" \/>\n<!-- \/ Yoast SEO plugin. -->","yoast_head_json":{"title":"SOLD OUT HIST\u00d3RICO DE CUARTETO DE NOS EN M\u00c9XICO - Cooltivarte Portal","description":"Los mexicanos abarrotaron el Palacio de los Deportes para ver a\u00a0CUARTETO DE NOS en vivo este s\u00e1bado 18 de octubre","robots":{"index":"index","follow":"follow","max-snippet":"max-snippet:-1","max-image-preview":"max-image-preview:large","max-video-preview":"max-video-preview:-1"},"canonical":"https:\/\/cooltivarte.com\/portal\/sold-out-historico-de-cuarteto-de-nos-en-mexico\/","og_locale":"es_ES","og_type":"article","og_title":"SOLD OUT HIST\u00d3RICO DE CUARTETO DE NOS EN M\u00c9XICO","og_description":"En Montevideo, los podremos ver cerrando el a\u00f1o en el Antel Arena el pr\u00f3ximo 6 de diciembre 2025","og_url":"https:\/\/cooltivarte.com\/portal\/sold-out-historico-de-cuarteto-de-nos-en-mexico\/","og_site_name":"Cooltivarte Portal","article_publisher":"https:\/\/www.facebook.com\/cooltivartecom\/","article_author":"https:\/\/www.facebook.com\/cooltivartecom","article_published_time":"2025-10-20T15:25:10+00:00","article_modified_time":"2025-10-20T23:52:51+00:00","og_image":[{"width":1101,"height":1472,"url":"https:\/\/cooltivarte.com\/portal\/wp-content\/uploads\/2025\/10\/CUARTETO-DE-NOS.jpg","type":"image\/jpeg"}],"author":"Cooltivarte","twitter_card":"summary_large_image","twitter_title":"SOLD OUT HIST\u00d3RICO DE CUARTETO DE NOS EN M\u00c9XICO","twitter_description":"En Montevideo, los podremos ver cerrando el a\u00f1o en el Antel Arena el pr\u00f3ximo 6 de diciembre 2025","twitter_image":"https:\/\/cooltivarte.com\/portal\/wp-content\/uploads\/2025\/10\/CUARTETO-DE-NOS.jpg","twitter_creator":"@https:\/\/x.com\/obolocultural","twitter_site":"@obolocultural","twitter_misc":{"Escrito por":"Cooltivarte","Tiempo de lectura":"4 minutos"},"schema":{"@context":"https:\/\/schema.org","@graph":[{"@type":"NewsArticle","@id":"https:\/\/cooltivarte.com\/portal\/sold-out-historico-de-cuarteto-de-nos-en-mexico\/#article","isPartOf":{"@id":"https:\/\/cooltivarte.com\/portal\/sold-out-historico-de-cuarteto-de-nos-en-mexico\/"},"author":{"name":"Cooltivarte","@id":"https:\/\/cooltivarte.com\/portal\/#\/schema\/person\/ec2a4f4e71b740d0c559c0ab9a157e19"},"headline":"SOLD OUT HIST\u00d3RICO DE CUARTETO DE NOS EN M\u00c9XICO","datePublished":"2025-10-20T15:25:10+00:00","dateModified":"2025-10-20T23:52:51+00:00","mainEntityOfPage":{"@id":"https:\/\/cooltivarte.com\/portal\/sold-out-historico-de-cuarteto-de-nos-en-mexico\/"},"wordCount":669,"publisher":{"@id":"https:\/\/cooltivarte.com\/portal\/#organization"},"image":{"@id":"https:\/\/cooltivarte.com\/portal\/sold-out-historico-de-cuarteto-de-nos-en-mexico\/#primaryimage"},"thumbnailUrl":"https:\/\/cooltivarte.com\/portal\/wp-content\/uploads\/2025\/10\/CUARTETO-DE-NOS.jpg","keywords":["Ciudad de M\u00e9xico","Cuarteto de Nos"],"articleSection":["Eventos"],"inLanguage":"es-AR"},{"@type":"WebPage","@id":"https:\/\/cooltivarte.com\/portal\/sold-out-historico-de-cuarteto-de-nos-en-mexico\/","url":"https:\/\/cooltivarte.com\/portal\/sold-out-historico-de-cuarteto-de-nos-en-mexico\/","name":"SOLD OUT HIST\u00d3RICO DE CUARTETO DE NOS EN M\u00c9XICO - Cooltivarte Portal","isPartOf":{"@id":"https:\/\/cooltivarte.com\/portal\/#website"},"primaryImageOfPage":{"@id":"https:\/\/cooltivarte.com\/portal\/sold-out-historico-de-cuarteto-de-nos-en-mexico\/#primaryimage"},"image":{"@id":"https:\/\/cooltivarte.com\/portal\/sold-out-historico-de-cuarteto-de-nos-en-mexico\/#primaryimage"},"thumbnailUrl":"https:\/\/cooltivarte.com\/portal\/wp-content\/uploads\/2025\/10\/CUARTETO-DE-NOS.jpg","datePublished":"2025-10-20T15:25:10+00:00","dateModified":"2025-10-20T23:52:51+00:00","description":"Los mexicanos abarrotaron el Palacio de los Deportes para ver a\u00a0CUARTETO DE NOS en vivo este s\u00e1bado 18 de octubre","breadcrumb":{"@id":"https:\/\/cooltivarte.com\/portal\/sold-out-historico-de-cuarteto-de-nos-en-mexico\/#breadcrumb"},"inLanguage":"es-AR","potentialAction":[{"@type":"ReadAction","target":["https:\/\/cooltivarte.com\/portal\/sold-out-historico-de-cuarteto-de-nos-en-mexico\/"]}]},{"@type":"ImageObject","inLanguage":"es-AR","@id":"https:\/\/cooltivarte.com\/portal\/sold-out-historico-de-cuarteto-de-nos-en-mexico\/#primaryimage","url":"https:\/\/cooltivarte.com\/portal\/wp-content\/uploads\/2025\/10\/CUARTETO-DE-NOS.jpg","contentUrl":"https:\/\/cooltivarte.com\/portal\/wp-content\/uploads\/2025\/10\/CUARTETO-DE-NOS.jpg","width":1101,"height":1472,"caption":"CUARTETO DE NOS"},{"@type":"BreadcrumbList","@id":"https:\/\/cooltivarte.com\/portal\/sold-out-historico-de-cuarteto-de-nos-en-mexico\/#breadcrumb","itemListElement":[{"@type":"ListItem","position":1,"name":"Portada","item":"https:\/\/cooltivarte.com\/portal\/"},{"@type":"ListItem","position":2,"name":"SOLD OUT HIST\u00d3RICO DE CUARTETO DE NOS EN M\u00c9XICO"}]},{"@type":"WebSite","@id":"https:\/\/cooltivarte.com\/portal\/#website","url":"https:\/\/cooltivarte.com\/portal\/","name":"Cooltivarte Portal","description":"Arte, cultura y turismo para el mundo ...","publisher":{"@id":"https:\/\/cooltivarte.com\/portal\/#organization"},"potentialAction":[{"@type":"SearchAction","target":{"@type":"EntryPoint","urlTemplate":"https:\/\/cooltivarte.com\/portal\/?s={search_term_string}"},"query-input":{"@type":"PropertyValueSpecification","valueRequired":true,"valueName":"search_term_string"}}],"inLanguage":"es-AR"},{"@type":"Organization","@id":"https:\/\/cooltivarte.com\/portal\/#organization","name":"cooltivarte","url":"https:\/\/cooltivarte.com\/portal\/","logo":{"@type":"ImageObject","inLanguage":"es-AR","@id":"https:\/\/cooltivarte.com\/portal\/#\/schema\/logo\/image\/","url":"https:\/\/cooltivarte.com\/portal\/wp-content\/uploads\/2020\/04\/logo-cooltivarte-v2.png","contentUrl":"https:\/\/cooltivarte.com\/portal\/wp-content\/uploads\/2020\/04\/logo-cooltivarte-v2.png","width":851,"height":243,"caption":"cooltivarte"},"image":{"@id":"https:\/\/cooltivarte.com\/portal\/#\/schema\/logo\/image\/"},"sameAs":["https:\/\/www.facebook.com\/cooltivartecom\/","https:\/\/x.com\/obolocultural","https:\/\/www.instagram.com\/_cooltivarte_\/","https:\/\/www.linkedin.com\/company\/-bolocultural?reportsuccess=8zaNG1HwhPbAR9iQhZ5rfGeqz_vQFftHun0ZWU0Wy9vNemRJ8vtcKdJvzQfW8XagyOJSKg0XvfJ1dp","https:\/\/www.pinterest.com\/cooltivarte\/","https:\/\/cooltivarte.tumblr.com\/","https:\/\/www.tiktok.com\/@cooltivarte","https:\/\/www.youtube.com\/@PrensaCooltivarte"]},{"@type":"Person","@id":"https:\/\/cooltivarte.com\/portal\/#\/schema\/person\/ec2a4f4e71b740d0c559c0ab9a157e19","name":"Cooltivarte","image":{"@type":"ImageObject","inLanguage":"es-AR","@id":"https:\/\/cooltivarte.com\/portal\/wp-content\/uploads\/2014\/05\/logo-cooltivarte-120x120.jpg","url":"https:\/\/cooltivarte.com\/portal\/wp-content\/uploads\/2014\/05\/logo-cooltivarte-120x120.jpg","contentUrl":"https:\/\/cooltivarte.com\/portal\/wp-content\/uploads\/2014\/05\/logo-cooltivarte-120x120.jpg","caption":"Cooltivarte"},"description":"Somos COOLTIVARTE.COM. Un portal digital dedicado a difundir el acontecer art\u00edstico y cultural del Uruguay. Estamos en la vuelta desde el a\u00f1o 2003, y como evoluci\u00f3n del bolet\u00edn Obolo Cultural, nos encontramos abocados a apoyar a los artistas nacionales brind\u00e1ndoles un espacio de difusi\u00f3n. Creemos en la idea de utilizar la potencialidad que hoy d\u00eda nos otorga la web, para que la cultura uruguaya y sus creadores dispongan de una din\u00e1mica ventana, que los ponga en contacto entre s\u00ed y con el mundo. Somos COOLTIVARTE.COM y pretendemos configurarnos como un portal din\u00e1mico, entretenido y atento a los nuevos emprendimientos, que busque siempre la interacci\u00f3n con los artistas.","sameAs":["http:\/\/www.cooltivarte.com","https:\/\/www.facebook.com\/cooltivartecom","https:\/\/www.instagram.com\/_cooltivarte_\/","https:\/\/www.linkedin.com\/company\/-bolocultural","https:\/\/www.pinterest.com\/cooltivarte\/","https:\/\/x.com\/https:\/\/x.com\/obolocultural","https:\/\/www.youtube.com\/@PrensaCooltivarte","https:\/\/www.tumblr.com\/blog\/cooltivarte"],"url":"https:\/\/cooltivarte.com\/portal\/author\/cooltivarte\/"}]}},"_links":{"self":[{"href":"https:\/\/cooltivarte.com\/portal\/wp-json\/wp\/v2\/posts\/118047","targetHints":{"allow":["GET"]}}],"collection":[{"href":"https:\/\/cooltivarte.com\/portal\/wp-json\/wp\/v2\/posts"}],"about":[{"href":"https:\/\/cooltivarte.com\/portal\/wp-json\/wp\/v2\/types\/post"}],"author":[{"embeddable":true,"href":"https:\/\/cooltivarte.com\/portal\/wp-json\/wp\/v2\/users\/8"}],"replies":[{"embeddable":true,"href":"https:\/\/cooltivarte.com\/portal\/wp-json\/wp\/v2\/comments?post=118047"}],"version-history":[{"count":5,"href":"https:\/\/cooltivarte.com\/portal\/wp-json\/wp\/v2\/posts\/118047\/revisions"}],"predecessor-version":[{"id":118532,"href":"https:\/\/cooltivarte.com\/portal\/wp-json\/wp\/v2\/posts\/118047\/revisions\/118532"}],"wp:featuredmedia":[{"embeddable":true,"href":"https:\/\/cooltivarte.com\/portal\/wp-json\/wp\/v2\/media\/118529"}],"wp:attachment":[{"href":"https:\/\/cooltivarte.com\/portal\/wp-json\/wp\/v2\/media?parent=118047"}],"wp:term":[{"taxonomy":"category","embeddable":true,"href":"https:\/\/cooltivarte.com\/portal\/wp-json\/wp\/v2\/categories?post=118047"},{"taxonomy":"post_tag","embeddable":true,"href":"https:\/\/cooltivarte.com\/portal\/wp-json\/wp\/v2\/tags?post=118047"}],"curies":[{"name":"wp","href":"https:\/\/api.w.org\/{rel}","templated":true}]}}