{"id":117972,"date":"2025-10-05T16:24:11","date_gmt":"2025-10-05T19:24:11","guid":{"rendered":"https:\/\/cooltivarte.com\/portal\/?p=117972"},"modified":"2025-10-08T16:28:56","modified_gmt":"2025-10-08T19:28:56","slug":"profesionalizacion-docente-desde-un-enfoque-critico","status":"publish","type":"post","link":"https:\/\/cooltivarte.com\/portal\/profesionalizacion-docente-desde-un-enfoque-critico\/","title":{"rendered":"Profesionalizaci\u00f3n docente desde un enfoque cr\u00edtico"},"content":{"rendered":"<p><iframe style=\"border: none; overflow: hidden;\" src=\"https:\/\/www.facebook.com\/plugins\/video.php?height=314&amp;href=https%3A%2F%2Fwww.facebook.com%2Freel%2F4175739829348243%2F&amp;show_text=false&amp;width=560&amp;t=0\" width=\"560\" height=\"314\" frameborder=\"0\" scrolling=\"no\" allowfullscreen=\"allowfullscreen\"><span data-mce-type=\"bookmark\" style=\"display: inline-block; width: 0px; overflow: hidden; line-height: 0;\" class=\"mce_SELRES_start\">\ufeff<\/span><\/iframe><br \/>\n&nbsp;<\/p>\n<p>Invitado por la <strong>Inspecci\u00f3n Departamental de Educaci\u00f3n Inicial y Primaria de Lavalleja<\/strong>, dialogamos sobre &#8220;<em><strong>Profesionalizaci\u00f3n docente desde un enfoque cr\u00edtico<\/strong><\/em>&#8220;, en di\u00e1logo con profesores\/as de Educaci\u00f3n F\u00edsica.<\/p>\n<p>Excelente instancia de necesario intercambio. \u00a1A seguir pensando juntos!<\/p>\n<p>&nbsp;<\/p>\n<p>&nbsp;<\/p>\n<p>&nbsp;<\/p>\n","protected":false},"excerpt":{"rendered":"<p>Invitado por la Inspecci\u00f3n Departamental de Educaci\u00f3n Inicial y Primaria de Lavalleja, dialogamos sobre &#8220;Profesionalizaci\u00f3n docente desde un enfoque cr\u00edtico&#8221;, en di\u00e1logo con profesores\/as de Educaci\u00f3n F\u00edsica.<\/p>\n<p>Excelente instancia de necesario intercambio. \u00a1A seguir pensando juntos!<\/p>\n","protected":false},"author":9,"featured_media":117974,"comment_status":"closed","ping_status":"closed","sticky":false,"template":"","format":"standard","meta":{"om_disable_all_campaigns":false,"ngg_post_thumbnail":0,"jnews-multi-image_gallery":[],"jnews_single_post":{"format":"standard","override":[{"template":"4","parallax":"1","layout":"right-sidebar","sidebar":"default-sidebar","second_sidebar":"default-sidebar","sticky_sidebar":"1","share_position":"bottom","share_float_style":"share-monocrhome","show_share_counter":"1","show_view_counter":"1","show_featured":"1","show_post_meta":"1","show_post_author":"1","show_post_author_image":"1","show_post_date":"1","post_date_format":"default","post_date_format_custom":"Y\/m\/d","show_post_category":"1","post_reading_time_wpm":"300","post_calculate_word_method":"str_word_count","zoom_button_out_step":"2","zoom_button_in_step":"3","show_post_tag":"1","show_prev_next_post":"1","show_popup_post":"1","number_popup_post":"1","show_author_box":"1","show_post_related":"0","show_inline_post_related":"0"}],"image_override":[{"single_post_thumbnail_size":"no-crop","single_post_gallery_size":"crop-500"}],"trending_post_position":"meta","trending_post_label":"Trending","sponsored_post_label":"Sponsored by","disable_ad":"0","subtitle":""},"jnews_primary_category":[],"jnews_social_meta":[],"jnews_override_counter":{"view_counter_number":"0","share_counter_number":"0","like_counter_number":"0","dislike_counter_number":"0"},"footnotes":""},"categories":[3384],"tags":[],"class_list":["post-117972","post","type-post","status-publish","format-standard","has-post-thumbnail","hentry","category-educacion"],"yoast_head":"<!-- This site is optimized with the Yoast SEO plugin v27.4 - https:\/\/yoast.com\/product\/yoast-seo-wordpress\/ -->\n<title>Profesionalizaci\u00f3n docente desde un enfoque cr\u00edtico - Cooltivarte Portal<\/title>\n<meta name=\"description\" content=\"nvitado por la Inspecci\u00f3n Departamental de Educaci\u00f3n Inicial y Primaria de Lavalleja, dialogamos sobre &quot;Profesionalizaci\u00f3n docente desde un enfoque cr\u00edtico&quot;, en di\u00e1logo con profesores\/as de Educaci\u00f3n F\u00edsica.\" \/>\n<meta name=\"robots\" content=\"index, follow, max-snippet:-1, max-image-preview:large, max-video-preview:-1\" \/>\n<link rel=\"canonical\" href=\"https:\/\/cooltivarte.com\/portal\/profesionalizacion-docente-desde-un-enfoque-critico\/\" \/>\n<meta property=\"og:locale\" content=\"es_ES\" \/>\n<meta property=\"og:type\" content=\"article\" \/>\n<meta property=\"og:title\" content=\"Profesionalizaci\u00f3n docente desde un enfoque cr\u00edtico\" \/>\n<meta property=\"og:description\" content=\"nvitado por la Inspecci\u00f3n Departamental de Educaci\u00f3n Inicial y Primaria de Lavalleja, dialogamos sobre &quot;Profesionalizaci\u00f3n docente desde un enfoque cr\u00edtico&quot;, en di\u00e1logo con profesores\/as de Educaci\u00f3n F\u00edsica.\" \/>\n<meta property=\"og:url\" content=\"https:\/\/cooltivarte.com\/portal\/profesionalizacion-docente-desde-un-enfoque-critico\/\" \/>\n<meta property=\"og:site_name\" content=\"Cooltivarte Portal\" \/>\n<meta property=\"article:publisher\" content=\"https:\/\/www.facebook.com\/cooltivartecom\/\" \/>\n<meta property=\"article:author\" content=\"http:\/\/www.facebook.com\/pablorom777\" \/>\n<meta property=\"article:published_time\" content=\"2025-10-05T19:24:11+00:00\" \/>\n<meta property=\"article:modified_time\" content=\"2025-10-08T19:28:56+00:00\" \/>\n<meta property=\"og:image\" content=\"https:\/\/cooltivarte.com\/portal\/wp-content\/uploads\/2025\/10\/Profesionalizacion-docente-desde-un-enfoque-critico.jpg\" \/>\n\t<meta property=\"og:image:width\" content=\"655\" \/>\n\t<meta property=\"og:image:height\" content=\"369\" \/>\n\t<meta property=\"og:image:type\" content=\"image\/jpeg\" \/>\n<meta name=\"author\" content=\"Pablo Romero\" \/>\n<meta name=\"twitter:card\" content=\"summary_large_image\" \/>\n<meta name=\"twitter:title\" content=\"Profesionalizaci\u00f3n docente desde un enfoque cr\u00edtico\" \/>\n<meta name=\"twitter:description\" content=\"nvitado por la Inspecci\u00f3n Departamental de Educaci\u00f3n Inicial y Primaria de Lavalleja, dialogamos sobre &quot;Profesionalizaci\u00f3n docente desde un enfoque cr\u00edtico&quot;, en di\u00e1logo con profesores\/as de Educaci\u00f3n F\u00edsica.\" \/>\n<meta name=\"twitter:image\" content=\"https:\/\/cooltivarte.com\/portal\/wp-content\/uploads\/2025\/10\/Profesionalizacion-docente-desde-un-enfoque-critico.jpg\" \/>\n<meta name=\"twitter:creator\" content=\"@https:\/\/twitter.com\/Pabloromero74\" \/>\n<meta name=\"twitter:site\" content=\"@obolocultural\" \/>\n<meta name=\"twitter:label1\" content=\"Escrito por\" \/>\n\t<meta name=\"twitter:data1\" content=\"Pablo Romero\" \/>\n\t<meta name=\"twitter:label2\" content=\"Tiempo de lectura\" \/>\n\t<meta name=\"twitter:data2\" content=\"1 minuto\" \/>\n<!-- \/ Yoast SEO plugin. -->","yoast_head_json":{"title":"Profesionalizaci\u00f3n docente desde un enfoque cr\u00edtico - Cooltivarte Portal","description":"nvitado por la Inspecci\u00f3n Departamental de Educaci\u00f3n Inicial y Primaria de Lavalleja, dialogamos sobre \"Profesionalizaci\u00f3n docente desde un enfoque cr\u00edtico\", en di\u00e1logo con profesores\/as de Educaci\u00f3n F\u00edsica.","robots":{"index":"index","follow":"follow","max-snippet":"max-snippet:-1","max-image-preview":"max-image-preview:large","max-video-preview":"max-video-preview:-1"},"canonical":"https:\/\/cooltivarte.com\/portal\/profesionalizacion-docente-desde-un-enfoque-critico\/","og_locale":"es_ES","og_type":"article","og_title":"Profesionalizaci\u00f3n docente desde un enfoque cr\u00edtico","og_description":"nvitado por la Inspecci\u00f3n Departamental de Educaci\u00f3n Inicial y Primaria de Lavalleja, dialogamos sobre \"Profesionalizaci\u00f3n docente desde un enfoque cr\u00edtico\", en di\u00e1logo con profesores\/as de Educaci\u00f3n F\u00edsica.","og_url":"https:\/\/cooltivarte.com\/portal\/profesionalizacion-docente-desde-un-enfoque-critico\/","og_site_name":"Cooltivarte Portal","article_publisher":"https:\/\/www.facebook.com\/cooltivartecom\/","article_author":"http:\/\/www.facebook.com\/pablorom777","article_published_time":"2025-10-05T19:24:11+00:00","article_modified_time":"2025-10-08T19:28:56+00:00","og_image":[{"width":655,"height":369,"url":"https:\/\/cooltivarte.com\/portal\/wp-content\/uploads\/2025\/10\/Profesionalizacion-docente-desde-un-enfoque-critico.jpg","type":"image\/jpeg"}],"author":"Pablo Romero","twitter_card":"summary_large_image","twitter_title":"Profesionalizaci\u00f3n docente desde un enfoque cr\u00edtico","twitter_description":"nvitado por la Inspecci\u00f3n Departamental de Educaci\u00f3n Inicial y Primaria de Lavalleja, dialogamos sobre \"Profesionalizaci\u00f3n docente desde un enfoque cr\u00edtico\", en di\u00e1logo con profesores\/as de Educaci\u00f3n F\u00edsica.","twitter_image":"https:\/\/cooltivarte.com\/portal\/wp-content\/uploads\/2025\/10\/Profesionalizacion-docente-desde-un-enfoque-critico.jpg","twitter_creator":"@https:\/\/twitter.com\/Pabloromero74","twitter_site":"@obolocultural","twitter_misc":{"Escrito por":"Pablo Romero","Tiempo de lectura":"1 minuto"},"schema":{"@context":"https:\/\/schema.org","@graph":[{"@type":"NewsArticle","@id":"https:\/\/cooltivarte.com\/portal\/profesionalizacion-docente-desde-un-enfoque-critico\/#article","isPartOf":{"@id":"https:\/\/cooltivarte.com\/portal\/profesionalizacion-docente-desde-un-enfoque-critico\/"},"author":{"name":"Pablo Romero","@id":"https:\/\/cooltivarte.com\/portal\/#\/schema\/person\/4142f96deaf5a27e4da3000f2d909698"},"headline":"Profesionalizaci\u00f3n docente desde un enfoque cr\u00edtico","datePublished":"2025-10-05T19:24:11+00:00","dateModified":"2025-10-08T19:28:56+00:00","mainEntityOfPage":{"@id":"https:\/\/cooltivarte.com\/portal\/profesionalizacion-docente-desde-un-enfoque-critico\/"},"wordCount":56,"publisher":{"@id":"https:\/\/cooltivarte.com\/portal\/#organization"},"image":{"@id":"https:\/\/cooltivarte.com\/portal\/profesionalizacion-docente-desde-un-enfoque-critico\/#primaryimage"},"thumbnailUrl":"https:\/\/cooltivarte.com\/portal\/wp-content\/uploads\/2025\/10\/Profesionalizacion-docente-desde-un-enfoque-critico.jpg","articleSection":["Educaci\u00f3n"],"inLanguage":"es-AR"},{"@type":"WebPage","@id":"https:\/\/cooltivarte.com\/portal\/profesionalizacion-docente-desde-un-enfoque-critico\/","url":"https:\/\/cooltivarte.com\/portal\/profesionalizacion-docente-desde-un-enfoque-critico\/","name":"Profesionalizaci\u00f3n docente desde un enfoque cr\u00edtico - Cooltivarte Portal","isPartOf":{"@id":"https:\/\/cooltivarte.com\/portal\/#website"},"primaryImageOfPage":{"@id":"https:\/\/cooltivarte.com\/portal\/profesionalizacion-docente-desde-un-enfoque-critico\/#primaryimage"},"image":{"@id":"https:\/\/cooltivarte.com\/portal\/profesionalizacion-docente-desde-un-enfoque-critico\/#primaryimage"},"thumbnailUrl":"https:\/\/cooltivarte.com\/portal\/wp-content\/uploads\/2025\/10\/Profesionalizacion-docente-desde-un-enfoque-critico.jpg","datePublished":"2025-10-05T19:24:11+00:00","dateModified":"2025-10-08T19:28:56+00:00","description":"nvitado por la Inspecci\u00f3n Departamental de Educaci\u00f3n Inicial y Primaria de Lavalleja, dialogamos sobre \"Profesionalizaci\u00f3n docente desde un enfoque cr\u00edtico\", en di\u00e1logo con profesores\/as de Educaci\u00f3n F\u00edsica.","breadcrumb":{"@id":"https:\/\/cooltivarte.com\/portal\/profesionalizacion-docente-desde-un-enfoque-critico\/#breadcrumb"},"inLanguage":"es-AR","potentialAction":[{"@type":"ReadAction","target":["https:\/\/cooltivarte.com\/portal\/profesionalizacion-docente-desde-un-enfoque-critico\/"]}]},{"@type":"ImageObject","inLanguage":"es-AR","@id":"https:\/\/cooltivarte.com\/portal\/profesionalizacion-docente-desde-un-enfoque-critico\/#primaryimage","url":"https:\/\/cooltivarte.com\/portal\/wp-content\/uploads\/2025\/10\/Profesionalizacion-docente-desde-un-enfoque-critico.jpg","contentUrl":"https:\/\/cooltivarte.com\/portal\/wp-content\/uploads\/2025\/10\/Profesionalizacion-docente-desde-un-enfoque-critico.jpg","width":655,"height":369,"caption":"Profesionalizaci\u00f3n docente desde un enfoque cr\u00edtico"},{"@type":"BreadcrumbList","@id":"https:\/\/cooltivarte.com\/portal\/profesionalizacion-docente-desde-un-enfoque-critico\/#breadcrumb","itemListElement":[{"@type":"ListItem","position":1,"name":"Portada","item":"https:\/\/cooltivarte.com\/portal\/"},{"@type":"ListItem","position":2,"name":"Profesionalizaci\u00f3n docente desde un enfoque cr\u00edtico"}]},{"@type":"WebSite","@id":"https:\/\/cooltivarte.com\/portal\/#website","url":"https:\/\/cooltivarte.com\/portal\/","name":"Cooltivarte Portal","description":"Arte, cultura y turismo para el mundo ...","publisher":{"@id":"https:\/\/cooltivarte.com\/portal\/#organization"},"potentialAction":[{"@type":"SearchAction","target":{"@type":"EntryPoint","urlTemplate":"https:\/\/cooltivarte.com\/portal\/?s={search_term_string}"},"query-input":{"@type":"PropertyValueSpecification","valueRequired":true,"valueName":"search_term_string"}}],"inLanguage":"es-AR"},{"@type":"Organization","@id":"https:\/\/cooltivarte.com\/portal\/#organization","name":"cooltivarte","url":"https:\/\/cooltivarte.com\/portal\/","logo":{"@type":"ImageObject","inLanguage":"es-AR","@id":"https:\/\/cooltivarte.com\/portal\/#\/schema\/logo\/image\/","url":"https:\/\/cooltivarte.com\/portal\/wp-content\/uploads\/2020\/04\/logo-cooltivarte-v2.png","contentUrl":"https:\/\/cooltivarte.com\/portal\/wp-content\/uploads\/2020\/04\/logo-cooltivarte-v2.png","width":851,"height":243,"caption":"cooltivarte"},"image":{"@id":"https:\/\/cooltivarte.com\/portal\/#\/schema\/logo\/image\/"},"sameAs":["https:\/\/www.facebook.com\/cooltivartecom\/","https:\/\/x.com\/obolocultural","https:\/\/www.instagram.com\/_cooltivarte_\/","https:\/\/www.linkedin.com\/company\/-bolocultural?reportsuccess=8zaNG1HwhPbAR9iQhZ5rfGeqz_vQFftHun0ZWU0Wy9vNemRJ8vtcKdJvzQfW8XagyOJSKg0XvfJ1dp","https:\/\/www.pinterest.com\/cooltivarte\/","https:\/\/cooltivarte.tumblr.com\/","https:\/\/www.tiktok.com\/@cooltivarte","https:\/\/www.youtube.com\/@PrensaCooltivarte"]},{"@type":"Person","@id":"https:\/\/cooltivarte.com\/portal\/#\/schema\/person\/4142f96deaf5a27e4da3000f2d909698","name":"Pablo Romero","image":{"@type":"ImageObject","inLanguage":"es-AR","@id":"https:\/\/cooltivarte.com\/portal\/wp-content\/uploads\/2014\/05\/pablo-romero-120x120.jpg","url":"https:\/\/cooltivarte.com\/portal\/wp-content\/uploads\/2014\/05\/pablo-romero-120x120.jpg","contentUrl":"https:\/\/cooltivarte.com\/portal\/wp-content\/uploads\/2014\/05\/pablo-romero-120x120.jpg","caption":"Pablo Romero"},"description":"Profesor de Filosof\u00eda (egresado del IPA) y posgraduado como Especialista en Pol\u00edtica y Gesti\u00f3n de la Educaci\u00f3n, es docente de \u00c9tica en Universidad CLAEH y de Filosof\u00eda en educaci\u00f3n secundaria. Autor de \"Sobre el sentido de educar\" (Ediciones B-Penguin Random House, 2021) y coautor de obras sobre el campo de la filosof\u00eda de la educaci\u00f3n, es expositor a nivel nacional e internacional sobre temas educativos. Se ha desempe\u00f1ado como docente de Argumentaci\u00f3n en la Universidad Cat\u00f3lica y realizado ciclos de columnas de filosof\u00eda en radio El Espectador y en el canal televisivo TV Ciudad.","sameAs":["http:\/\/pabloromero7.blogspot.com\/","http:\/\/www.facebook.com\/pablorom777","https:\/\/www.instagram.com\/pabloromero1974\/","https:\/\/www.linkedin.com\/in\/pablo-romero-garca-7b82989b\/","https:\/\/www.pinterest.com\/cooltivarte\/","https:\/\/x.com\/https:\/\/twitter.com\/Pabloromero74","https:\/\/www.youtube.com\/@PrensaCooltivarte","https:\/\/cooltivarte.tumblr.com\/"],"url":"https:\/\/cooltivarte.com\/portal\/author\/romero\/"}]}},"_links":{"self":[{"href":"https:\/\/cooltivarte.com\/portal\/wp-json\/wp\/v2\/posts\/117972","targetHints":{"allow":["GET"]}}],"collection":[{"href":"https:\/\/cooltivarte.com\/portal\/wp-json\/wp\/v2\/posts"}],"about":[{"href":"https:\/\/cooltivarte.com\/portal\/wp-json\/wp\/v2\/types\/post"}],"author":[{"embeddable":true,"href":"https:\/\/cooltivarte.com\/portal\/wp-json\/wp\/v2\/users\/9"}],"replies":[{"embeddable":true,"href":"https:\/\/cooltivarte.com\/portal\/wp-json\/wp\/v2\/comments?post=117972"}],"version-history":[{"count":1,"href":"https:\/\/cooltivarte.com\/portal\/wp-json\/wp\/v2\/posts\/117972\/revisions"}],"predecessor-version":[{"id":117975,"href":"https:\/\/cooltivarte.com\/portal\/wp-json\/wp\/v2\/posts\/117972\/revisions\/117975"}],"wp:featuredmedia":[{"embeddable":true,"href":"https:\/\/cooltivarte.com\/portal\/wp-json\/wp\/v2\/media\/117974"}],"wp:attachment":[{"href":"https:\/\/cooltivarte.com\/portal\/wp-json\/wp\/v2\/media?parent=117972"}],"wp:term":[{"taxonomy":"category","embeddable":true,"href":"https:\/\/cooltivarte.com\/portal\/wp-json\/wp\/v2\/categories?post=117972"},{"taxonomy":"post_tag","embeddable":true,"href":"https:\/\/cooltivarte.com\/portal\/wp-json\/wp\/v2\/tags?post=117972"}],"curies":[{"name":"wp","href":"https:\/\/api.w.org\/{rel}","templated":true}]}}