{"id":117621,"date":"2025-09-16T20:51:14","date_gmt":"2025-09-16T23:51:14","guid":{"rendered":"https:\/\/cooltivarte.com\/portal\/?p=117621"},"modified":"2025-09-20T20:57:43","modified_gmt":"2025-09-20T23:57:43","slug":"jorge-drexler-lanza-nueva-cancion-el-fin-y-el-medio","status":"publish","type":"post","link":"https:\/\/cooltivarte.com\/portal\/jorge-drexler-lanza-nueva-cancion-el-fin-y-el-medio\/","title":{"rendered":"Jorge Drexler lanza nueva canci\u00f3n &#8220;El fin y el medio&#8221;"},"content":{"rendered":"<figure id=\"attachment_117622\" aria-describedby=\"caption-attachment-117622\" style=\"width: 640px\" class=\"wp-caption aligncenter\"><img fetchpriority=\"high\" decoding=\"async\" class=\"wp-image-117622 size-full\" title=\"Jorge Drexler lanza nueva canci\u00f3n &quot;El fin y el medio&quot;\" src=\"https:\/\/cooltivarte.com\/portal\/wp-content\/uploads\/2025\/09\/El-fin-y-el-medio.jpg\" alt=\"Jorge Drexler lanza nueva canci\u00f3n &quot;El fin y el medio&quot;\" width=\"640\" height=\"853\" srcset=\"https:\/\/cooltivarte.com\/portal\/wp-content\/uploads\/2025\/09\/El-fin-y-el-medio.jpg 640w, https:\/\/cooltivarte.com\/portal\/wp-content\/uploads\/2025\/09\/El-fin-y-el-medio-225x300.jpg 225w\" sizes=\"(max-width: 640px) 100vw, 640px\" \/><figcaption id=\"caption-attachment-117622\" class=\"wp-caption-text\">Jorge Drexler<\/figcaption><\/figure>\n<p>&nbsp;<\/p>\n<h3>Jorge Drexler lanza nueva canci\u00f3n &#8220;El fin y el medio&#8221;<\/h3>\n<p><strong>El artista uruguayo presenta hoy una canci\u00f3n emotiva y punzante, fruto del dolor con el que observamos el mundo.<\/strong><\/p>\n<p>&nbsp;<\/p>\n<p>15 de septiembre de 2025 (San Juan, PR) \u2014 &#8220;<em>El fin y el medio<\/em>&#8221; de <a href=\"https:\/\/cooltivarte.com\/portal\/?s=Jorge+Drexler\" target=\"_blank\" rel=\"noopener\"><strong>Jorge Drexler<\/strong><\/a>, contiene rabia, reivindicaci\u00f3n de la Justicia y la Raz\u00f3n por encima de cualquier consideraci\u00f3n pol\u00edtica o econ\u00f3mica; belleza en la forma de expresar la belleza de la idea; y la amargura de gritar sin la certeza de que el mensaje llegue sencillo y cristalino como es: que nada ni nadie est\u00e1 por encima del derecho a la vida de los inocentes<\/p>\n<p>\u201cNo hay signo, no hay bando,<\/p>\n<p>no hay ideolog\u00eda ni misterio.<\/p>\n<p>No hay un solo fin que justifique cualquier medio\u201c<\/p>\n<p>&nbsp;<br \/>\n<iframe title=\"YouTube video player\" src=\"https:\/\/www.youtube.com\/embed\/_mKFcduZUTQ?si=5t8bk706ucNQjqyI\" width=\"100%\" height=\"515\" frameborder=\"0\" allowfullscreen=\"allowfullscreen\"><span data-mce-type=\"bookmark\" style=\"display: inline-block; width: 0px; overflow: hidden; line-height: 0;\" class=\"mce_SELRES_start\">\ufeff<\/span><\/iframe><br \/>\n&nbsp;<\/p>\n<p>As\u00ed la presenta el propio artista:<\/p>\n<p>\u201c<em>Empec\u00e9 a escribir esta canci\u00f3n hace a\u00f1os ya, pero pude terminarla reci\u00e9n hace poco tiempo. Aparentemente, los seres humanos no aprendemos nada de nuestras historias m\u00e1s dolorosas, y algunas canciones siguen volvi\u00e9ndome una y otra vez al papel y a la guitarra. Pero uno no escribe cuando quiere, sino cuando la propia canci\u00f3n lo dispone. Ellas tienen su propio tiempo y aunque me hubiera gustado terminarla antes, solo recientemente consegu\u00ed completar la idea tal como quer\u00eda.<\/em><\/p>\n<p><em>La m\u00fasica es de mi hijo Pablo y esta fue la primera canci\u00f3n que escribimos juntos.<\/em><\/p>\n<p><em>Acerca del contenido de una canci\u00f3n, prefiero siempre dejar que ella hable por s\u00ed misma y confiar en lo que esta tenga que decir por sus propios medios.<\/em>\u201d<\/p>\n<p>&nbsp;<\/p>\n<p><strong>\u201cEl fin y el medio\u201d est\u00e1 escrita por Jorge Drexler y Pablo Drexler, producida por Jorge Drexler, Lucas Piedracueva y Tadu V\u00e1zquez. Mezclada por Carles &#8220;Campi&#8221; Camp\u00f3n y masterizada por Fred Kevorkian. Los m\u00fasicos que participan son: Facu Balta (Teclados), Tadu V\u00e1zquez (programaciones), Borja Barrueta (percusi\u00f3n en mesa) y Nasrine Rahmani (Percusi\u00f3n flamenca), adem\u00e1s de Jorge Drexler (voz y guitarra).<\/strong><\/p>\n<p>&nbsp;<\/p>\n<p>&nbsp;<\/p>\n","protected":false},"excerpt":{"rendered":"<p>15 de septiembre de 2025 (San Juan, PR) \u2014 &#8220;El fin y el medio&#8221; de Jorge Drexler, contiene rabia, reivindicaci\u00f3n de la Justicia y la Raz\u00f3n por encima de cualquier consideraci\u00f3n pol\u00edtica o econ\u00f3mica; belleza en la forma de expresar la belleza de la idea; y la amargura de gritar sin la certeza de que el mensaje llegue sencillo y cristalino como es: que nada ni nadie est\u00e1 por encima del derecho a la vida de los inocentes<\/p>\n<p>\u201cNo hay signo, no hay bando,<\/p>\n<p>no hay ideolog\u00eda ni misterio.<\/p>\n<p>No hay un solo fin que justifique cualquier medio\u201c<\/p>\n","protected":false},"author":8,"featured_media":117622,"comment_status":"closed","ping_status":"closed","sticky":false,"template":"","format":"standard","meta":{"om_disable_all_campaigns":false,"ngg_post_thumbnail":0,"jnews-multi-image_gallery":[],"jnews_single_post":{"format":"standard","override":[{"template":"4","parallax":"1","layout":"right-sidebar","sidebar":"default-sidebar","second_sidebar":"default-sidebar","sticky_sidebar":"1","share_position":"bottom","share_float_style":"share-monocrhome","show_share_counter":"1","show_view_counter":"1","show_featured":"1","show_post_meta":"1","show_post_author":"1","show_post_author_image":"1","show_post_date":"1","post_date_format":"default","post_date_format_custom":"Y\/m\/d","show_post_category":"1","post_reading_time_wpm":"300","post_calculate_word_method":"str_word_count","zoom_button_out_step":"2","zoom_button_in_step":"3","show_post_tag":"1","show_prev_next_post":"1","show_popup_post":"1","number_popup_post":"1","show_author_box":"1","show_post_related":"0","show_inline_post_related":"0"}],"image_override":[{"single_post_thumbnail_size":"no-crop","single_post_gallery_size":"crop-500"}],"trending_post_position":"meta","trending_post_label":"Trending","sponsored_post_label":"Sponsored by","disable_ad":"0","subtitle":"El artista uruguayo presenta hoy una canci\u00f3n emotiva y punzante, fruto del dolor con el que observamos el mundo."},"jnews_primary_category":[],"jnews_social_meta":[],"jnews_override_counter":{"view_counter_number":"0","share_counter_number":"0","like_counter_number":"0","dislike_counter_number":"0"},"footnotes":""},"categories":[73],"tags":[24506,910],"class_list":["post-117621","post","type-post","status-publish","format-standard","has-post-thumbnail","hentry","category-discos","tag-el-fin-y-el-medio","tag-jorge-drexler"],"yoast_head":"<!-- This site is optimized with the Yoast SEO plugin v27.5 - https:\/\/yoast.com\/product\/yoast-seo-wordpress\/ -->\n<title>Jorge Drexler lanza nueva canci\u00f3n &quot;El fin y el medio&quot; - Cooltivarte Portal<\/title>\n<meta name=\"description\" content=\"El artista uruguayo presenta hoy una canci\u00f3n emotiva y punzante, fruto del dolor con el que observamos el mundo.\" \/>\n<meta name=\"robots\" content=\"index, follow, max-snippet:-1, max-image-preview:large, max-video-preview:-1\" \/>\n<link rel=\"canonical\" href=\"https:\/\/cooltivarte.com\/portal\/jorge-drexler-lanza-nueva-cancion-el-fin-y-el-medio\/\" \/>\n<meta property=\"og:locale\" content=\"es_ES\" \/>\n<meta property=\"og:type\" content=\"article\" \/>\n<meta property=\"og:title\" content=\"Jorge Drexler lanza nueva canci\u00f3n &quot;El fin y el medio&quot;\" \/>\n<meta property=\"og:description\" content=\"El artista uruguayo presenta hoy una canci\u00f3n emotiva y punzante, fruto del dolor con el que observamos el mundo.\" \/>\n<meta property=\"og:url\" content=\"https:\/\/cooltivarte.com\/portal\/jorge-drexler-lanza-nueva-cancion-el-fin-y-el-medio\/\" \/>\n<meta property=\"og:site_name\" content=\"Cooltivarte Portal\" \/>\n<meta property=\"article:publisher\" content=\"https:\/\/www.facebook.com\/cooltivartecom\/\" \/>\n<meta property=\"article:author\" content=\"https:\/\/www.facebook.com\/cooltivartecom\" \/>\n<meta property=\"article:published_time\" content=\"2025-09-16T23:51:14+00:00\" \/>\n<meta property=\"article:modified_time\" content=\"2025-09-20T23:57:43+00:00\" \/>\n<meta property=\"og:image\" content=\"https:\/\/cooltivarte.com\/portal\/wp-content\/uploads\/2025\/09\/El-fin-y-el-medio.jpg\" \/>\n\t<meta property=\"og:image:width\" content=\"640\" \/>\n\t<meta property=\"og:image:height\" content=\"853\" \/>\n\t<meta property=\"og:image:type\" content=\"image\/jpeg\" \/>\n<meta name=\"author\" content=\"Cooltivarte\" \/>\n<meta name=\"twitter:card\" content=\"summary_large_image\" \/>\n<meta name=\"twitter:title\" content=\"Jorge Drexler lanza nueva canci\u00f3n &quot;El fin y el medio&quot;\" \/>\n<meta name=\"twitter:description\" content=\"El artista uruguayo presenta hoy una canci\u00f3n emotiva y punzante, fruto del dolor con el que observamos el mundo.\" \/>\n<meta name=\"twitter:image\" content=\"https:\/\/cooltivarte.com\/portal\/wp-content\/uploads\/2025\/09\/El-fin-y-el-medio.jpg\" \/>\n<meta name=\"twitter:creator\" content=\"@https:\/\/x.com\/obolocultural\" \/>\n<meta name=\"twitter:site\" content=\"@obolocultural\" \/>\n<meta name=\"twitter:label1\" content=\"Escrito por\" \/>\n\t<meta name=\"twitter:data1\" content=\"Cooltivarte\" \/>\n\t<meta name=\"twitter:label2\" content=\"Tiempo de lectura\" \/>\n\t<meta name=\"twitter:data2\" content=\"2 minutos\" \/>\n<!-- \/ Yoast SEO plugin. -->","yoast_head_json":{"title":"Jorge Drexler lanza nueva canci\u00f3n \"El fin y el medio\" - Cooltivarte Portal","description":"El artista uruguayo presenta hoy una canci\u00f3n emotiva y punzante, fruto del dolor con el que observamos el mundo.","robots":{"index":"index","follow":"follow","max-snippet":"max-snippet:-1","max-image-preview":"max-image-preview:large","max-video-preview":"max-video-preview:-1"},"canonical":"https:\/\/cooltivarte.com\/portal\/jorge-drexler-lanza-nueva-cancion-el-fin-y-el-medio\/","og_locale":"es_ES","og_type":"article","og_title":"Jorge Drexler lanza nueva canci\u00f3n \"El fin y el medio\"","og_description":"El artista uruguayo presenta hoy una canci\u00f3n emotiva y punzante, fruto del dolor con el que observamos el mundo.","og_url":"https:\/\/cooltivarte.com\/portal\/jorge-drexler-lanza-nueva-cancion-el-fin-y-el-medio\/","og_site_name":"Cooltivarte Portal","article_publisher":"https:\/\/www.facebook.com\/cooltivartecom\/","article_author":"https:\/\/www.facebook.com\/cooltivartecom","article_published_time":"2025-09-16T23:51:14+00:00","article_modified_time":"2025-09-20T23:57:43+00:00","og_image":[{"width":640,"height":853,"url":"https:\/\/cooltivarte.com\/portal\/wp-content\/uploads\/2025\/09\/El-fin-y-el-medio.jpg","type":"image\/jpeg"}],"author":"Cooltivarte","twitter_card":"summary_large_image","twitter_title":"Jorge Drexler lanza nueva canci\u00f3n \"El fin y el medio\"","twitter_description":"El artista uruguayo presenta hoy una canci\u00f3n emotiva y punzante, fruto del dolor con el que observamos el mundo.","twitter_image":"https:\/\/cooltivarte.com\/portal\/wp-content\/uploads\/2025\/09\/El-fin-y-el-medio.jpg","twitter_creator":"@https:\/\/x.com\/obolocultural","twitter_site":"@obolocultural","twitter_misc":{"Escrito por":"Cooltivarte","Tiempo de lectura":"2 minutos"},"schema":{"@context":"https:\/\/schema.org","@graph":[{"@type":"NewsArticle","@id":"https:\/\/cooltivarte.com\/portal\/jorge-drexler-lanza-nueva-cancion-el-fin-y-el-medio\/#article","isPartOf":{"@id":"https:\/\/cooltivarte.com\/portal\/jorge-drexler-lanza-nueva-cancion-el-fin-y-el-medio\/"},"author":{"name":"Cooltivarte","@id":"https:\/\/cooltivarte.com\/portal\/#\/schema\/person\/ec2a4f4e71b740d0c559c0ab9a157e19"},"headline":"Jorge Drexler lanza nueva canci\u00f3n &#8220;El fin y el medio&#8221;","datePublished":"2025-09-16T23:51:14+00:00","dateModified":"2025-09-20T23:57:43+00:00","mainEntityOfPage":{"@id":"https:\/\/cooltivarte.com\/portal\/jorge-drexler-lanza-nueva-cancion-el-fin-y-el-medio\/"},"wordCount":362,"publisher":{"@id":"https:\/\/cooltivarte.com\/portal\/#organization"},"image":{"@id":"https:\/\/cooltivarte.com\/portal\/jorge-drexler-lanza-nueva-cancion-el-fin-y-el-medio\/#primaryimage"},"thumbnailUrl":"https:\/\/cooltivarte.com\/portal\/wp-content\/uploads\/2025\/09\/El-fin-y-el-medio.jpg","keywords":["El fin y el medio","Jorge Drexler"],"articleSection":["Discos"],"inLanguage":"es-AR"},{"@type":"WebPage","@id":"https:\/\/cooltivarte.com\/portal\/jorge-drexler-lanza-nueva-cancion-el-fin-y-el-medio\/","url":"https:\/\/cooltivarte.com\/portal\/jorge-drexler-lanza-nueva-cancion-el-fin-y-el-medio\/","name":"Jorge Drexler lanza nueva canci\u00f3n \"El fin y el medio\" - Cooltivarte Portal","isPartOf":{"@id":"https:\/\/cooltivarte.com\/portal\/#website"},"primaryImageOfPage":{"@id":"https:\/\/cooltivarte.com\/portal\/jorge-drexler-lanza-nueva-cancion-el-fin-y-el-medio\/#primaryimage"},"image":{"@id":"https:\/\/cooltivarte.com\/portal\/jorge-drexler-lanza-nueva-cancion-el-fin-y-el-medio\/#primaryimage"},"thumbnailUrl":"https:\/\/cooltivarte.com\/portal\/wp-content\/uploads\/2025\/09\/El-fin-y-el-medio.jpg","datePublished":"2025-09-16T23:51:14+00:00","dateModified":"2025-09-20T23:57:43+00:00","description":"El artista uruguayo presenta hoy una canci\u00f3n emotiva y punzante, fruto del dolor con el que observamos el mundo.","breadcrumb":{"@id":"https:\/\/cooltivarte.com\/portal\/jorge-drexler-lanza-nueva-cancion-el-fin-y-el-medio\/#breadcrumb"},"inLanguage":"es-AR","potentialAction":[{"@type":"ReadAction","target":["https:\/\/cooltivarte.com\/portal\/jorge-drexler-lanza-nueva-cancion-el-fin-y-el-medio\/"]}]},{"@type":"ImageObject","inLanguage":"es-AR","@id":"https:\/\/cooltivarte.com\/portal\/jorge-drexler-lanza-nueva-cancion-el-fin-y-el-medio\/#primaryimage","url":"https:\/\/cooltivarte.com\/portal\/wp-content\/uploads\/2025\/09\/El-fin-y-el-medio.jpg","contentUrl":"https:\/\/cooltivarte.com\/portal\/wp-content\/uploads\/2025\/09\/El-fin-y-el-medio.jpg","width":640,"height":853,"caption":"Jorge Drexler lanza nueva canci\u00f3n \"El fin y el medio\""},{"@type":"BreadcrumbList","@id":"https:\/\/cooltivarte.com\/portal\/jorge-drexler-lanza-nueva-cancion-el-fin-y-el-medio\/#breadcrumb","itemListElement":[{"@type":"ListItem","position":1,"name":"Portada","item":"https:\/\/cooltivarte.com\/portal\/"},{"@type":"ListItem","position":2,"name":"Jorge Drexler lanza nueva canci\u00f3n &#8220;El fin y el medio&#8221;"}]},{"@type":"WebSite","@id":"https:\/\/cooltivarte.com\/portal\/#website","url":"https:\/\/cooltivarte.com\/portal\/","name":"Cooltivarte Portal","description":"Arte, cultura y turismo para el mundo ...","publisher":{"@id":"https:\/\/cooltivarte.com\/portal\/#organization"},"potentialAction":[{"@type":"SearchAction","target":{"@type":"EntryPoint","urlTemplate":"https:\/\/cooltivarte.com\/portal\/?s={search_term_string}"},"query-input":{"@type":"PropertyValueSpecification","valueRequired":true,"valueName":"search_term_string"}}],"inLanguage":"es-AR"},{"@type":"Organization","@id":"https:\/\/cooltivarte.com\/portal\/#organization","name":"cooltivarte","url":"https:\/\/cooltivarte.com\/portal\/","logo":{"@type":"ImageObject","inLanguage":"es-AR","@id":"https:\/\/cooltivarte.com\/portal\/#\/schema\/logo\/image\/","url":"https:\/\/cooltivarte.com\/portal\/wp-content\/uploads\/2020\/04\/logo-cooltivarte-v2.png","contentUrl":"https:\/\/cooltivarte.com\/portal\/wp-content\/uploads\/2020\/04\/logo-cooltivarte-v2.png","width":851,"height":243,"caption":"cooltivarte"},"image":{"@id":"https:\/\/cooltivarte.com\/portal\/#\/schema\/logo\/image\/"},"sameAs":["https:\/\/www.facebook.com\/cooltivartecom\/","https:\/\/x.com\/obolocultural","https:\/\/www.instagram.com\/_cooltivarte_\/","https:\/\/www.linkedin.com\/company\/-bolocultural?reportsuccess=8zaNG1HwhPbAR9iQhZ5rfGeqz_vQFftHun0ZWU0Wy9vNemRJ8vtcKdJvzQfW8XagyOJSKg0XvfJ1dp","https:\/\/www.pinterest.com\/cooltivarte\/","https:\/\/cooltivarte.tumblr.com\/","https:\/\/www.tiktok.com\/@cooltivarte","https:\/\/www.youtube.com\/@PrensaCooltivarte"]},{"@type":"Person","@id":"https:\/\/cooltivarte.com\/portal\/#\/schema\/person\/ec2a4f4e71b740d0c559c0ab9a157e19","name":"Cooltivarte","image":{"@type":"ImageObject","inLanguage":"es-AR","@id":"https:\/\/cooltivarte.com\/portal\/wp-content\/uploads\/2014\/05\/logo-cooltivarte-120x120.jpg","url":"https:\/\/cooltivarte.com\/portal\/wp-content\/uploads\/2014\/05\/logo-cooltivarte-120x120.jpg","contentUrl":"https:\/\/cooltivarte.com\/portal\/wp-content\/uploads\/2014\/05\/logo-cooltivarte-120x120.jpg","caption":"Cooltivarte"},"description":"Somos COOLTIVARTE.COM. Un portal digital dedicado a difundir el acontecer art\u00edstico y cultural del Uruguay. Estamos en la vuelta desde el a\u00f1o 2003, y como evoluci\u00f3n del bolet\u00edn Obolo Cultural, nos encontramos abocados a apoyar a los artistas nacionales brind\u00e1ndoles un espacio de difusi\u00f3n. Creemos en la idea de utilizar la potencialidad que hoy d\u00eda nos otorga la web, para que la cultura uruguaya y sus creadores dispongan de una din\u00e1mica ventana, que los ponga en contacto entre s\u00ed y con el mundo. Somos COOLTIVARTE.COM y pretendemos configurarnos como un portal din\u00e1mico, entretenido y atento a los nuevos emprendimientos, que busque siempre la interacci\u00f3n con los artistas.","sameAs":["http:\/\/www.cooltivarte.com","https:\/\/www.facebook.com\/cooltivartecom","https:\/\/www.instagram.com\/_cooltivarte_\/","https:\/\/www.linkedin.com\/company\/-bolocultural","https:\/\/www.pinterest.com\/cooltivarte\/","https:\/\/x.com\/https:\/\/x.com\/obolocultural","https:\/\/www.youtube.com\/@PrensaCooltivarte","https:\/\/www.tumblr.com\/blog\/cooltivarte"],"url":"https:\/\/cooltivarte.com\/portal\/author\/cooltivarte\/"}]}},"_links":{"self":[{"href":"https:\/\/cooltivarte.com\/portal\/wp-json\/wp\/v2\/posts\/117621","targetHints":{"allow":["GET"]}}],"collection":[{"href":"https:\/\/cooltivarte.com\/portal\/wp-json\/wp\/v2\/posts"}],"about":[{"href":"https:\/\/cooltivarte.com\/portal\/wp-json\/wp\/v2\/types\/post"}],"author":[{"embeddable":true,"href":"https:\/\/cooltivarte.com\/portal\/wp-json\/wp\/v2\/users\/8"}],"replies":[{"embeddable":true,"href":"https:\/\/cooltivarte.com\/portal\/wp-json\/wp\/v2\/comments?post=117621"}],"version-history":[{"count":1,"href":"https:\/\/cooltivarte.com\/portal\/wp-json\/wp\/v2\/posts\/117621\/revisions"}],"predecessor-version":[{"id":117623,"href":"https:\/\/cooltivarte.com\/portal\/wp-json\/wp\/v2\/posts\/117621\/revisions\/117623"}],"wp:featuredmedia":[{"embeddable":true,"href":"https:\/\/cooltivarte.com\/portal\/wp-json\/wp\/v2\/media\/117622"}],"wp:attachment":[{"href":"https:\/\/cooltivarte.com\/portal\/wp-json\/wp\/v2\/media?parent=117621"}],"wp:term":[{"taxonomy":"category","embeddable":true,"href":"https:\/\/cooltivarte.com\/portal\/wp-json\/wp\/v2\/categories?post=117621"},{"taxonomy":"post_tag","embeddable":true,"href":"https:\/\/cooltivarte.com\/portal\/wp-json\/wp\/v2\/tags?post=117621"}],"curies":[{"name":"wp","href":"https:\/\/api.w.org\/{rel}","templated":true}]}}