{"id":117124,"date":"2025-09-08T20:30:58","date_gmt":"2025-09-08T23:30:58","guid":{"rendered":"https:\/\/cooltivarte.com\/portal\/?p=117124"},"modified":"2025-09-10T08:22:20","modified_gmt":"2025-09-10T11:22:20","slug":"perros-entrevista-a-gerardo-minutti","status":"publish","type":"post","link":"https:\/\/cooltivarte.com\/portal\/perros-entrevista-a-gerardo-minutti\/","title":{"rendered":"Perros &#8211; Entrevista a Gerardo Minutti"},"content":{"rendered":"<figure id=\"attachment_117147\" aria-describedby=\"caption-attachment-117147\" style=\"width: 1024px\" class=\"wp-caption aligncenter\"><img fetchpriority=\"high\" decoding=\"async\" class=\"wp-image-117147 size-large\" title=\"Perros \u2013 Entrevista a Gerardo Minutti\" src=\"https:\/\/cooltivarte.com\/portal\/wp-content\/uploads\/2025\/09\/Perros-\u2013-Entrevista-a-Gerardo-Minutti-1024x576.webp\" alt=\"Perros \u2013 Entrevista a Gerardo Minutti\" width=\"1024\" height=\"576\" srcset=\"https:\/\/cooltivarte.com\/portal\/wp-content\/uploads\/2025\/09\/Perros-\u2013-Entrevista-a-Gerardo-Minutti-1024x576.webp 1024w, https:\/\/cooltivarte.com\/portal\/wp-content\/uploads\/2025\/09\/Perros-\u2013-Entrevista-a-Gerardo-Minutti-300x169.webp 300w, https:\/\/cooltivarte.com\/portal\/wp-content\/uploads\/2025\/09\/Perros-\u2013-Entrevista-a-Gerardo-Minutti-768x432.webp 768w, https:\/\/cooltivarte.com\/portal\/wp-content\/uploads\/2025\/09\/Perros-\u2013-Entrevista-a-Gerardo-Minutti-1536x864.webp 1536w, https:\/\/cooltivarte.com\/portal\/wp-content\/uploads\/2025\/09\/Perros-\u2013-Entrevista-a-Gerardo-Minutti.webp 1920w\" sizes=\"(max-width: 1024px) 100vw, 1024px\" \/><figcaption id=\"caption-attachment-117147\" class=\"wp-caption-text\">Perros \u2013 Gerardo Minutti<\/figcaption><\/figure>\n<p>La pel\u00edcula <strong data-start=\"294\" data-end=\"306\"><em data-start=\"296\" data-end=\"304\">Perros<\/em><\/strong>, escrita y dirigida por <strong data-start=\"331\" data-end=\"350\">Gerardo Minutti<\/strong>, fue seleccionada para representar a Uruguay en la categor\u00eda <strong data-start=\"412\" data-end=\"470\">Mejor Pel\u00edcula Iberoamericana de los Premios Goya 2026<\/strong>. Tras su paso por el Festival de M\u00e1laga \u2014donde obtuvo el Premio Biznaga de Plata a la mejor interpretaci\u00f3n femenina de reparto\u2014 y por el Festival Cinematogr\u00e1fico Internacional del Uruguay, la pel\u00edcula se estrenar\u00e1 en salas nacionales el pr\u00f3ximo <strong data-start=\"716\" data-end=\"735\">25 de setiembre 2025<\/strong>.<\/p>\n<p><i><span style=\"font-weight: 400;\">Perros<\/span><\/i><span style=\"font-weight: 400;\"> nos lleva a un barrio montevideano de clase media para mostrarnos c\u00f3mo, detr\u00e1s de la aparente cordialidad entre vecinos, laten tensiones, envidias y secretos. <\/span><\/p>\n<p>Protagonizada por <b>N\u00e9stor Guzzini y <\/b><b><i>Mar\u00eda Elena P\u00e9rez<\/i><\/b><b>, como los Salda\u00f1a y Marcelo Subiotto y&nbsp; Noelia Campo, como los Pernas.<\/b><\/p>\n<p>Conversamos con su director, Gerardo Minutti, sobre el largo proceso de gestaci\u00f3n de la pel\u00edcula, su mirada sobre la condici\u00f3n humana y lo que significa este reconocimiento internacional.<\/p>\n<p>&nbsp;<\/p>\n<div class=\"jeg_video_container jeg_video_content\"><iframe title=\"Perros - Entrevista a Gerardo Minutti\" width=\"500\" height=\"281\" src=\"https:\/\/www.youtube.com\/embed\/LVwPlHrOLh0?feature=oembed\" frameborder=\"0\" allow=\"accelerometer; autoplay; clipboard-write; encrypted-media; gyroscope; picture-in-picture; web-share\" referrerpolicy=\"strict-origin-when-cross-origin\" allowfullscreen><\/iframe><\/div>\n<p>&nbsp;<\/p>\n<p>&nbsp;<\/p>\n<p>&nbsp;<\/p>\n<p>&nbsp;<\/p>\n<p>&nbsp;<\/p>\n<p>&nbsp;<\/p>\n","protected":false},"excerpt":{"rendered":"<p>La pel\u00edcula Perros, escrita y dirigida por Gerardo Minutti, fue seleccionada para representar a Uruguay en la categor\u00eda Mejor Pel\u00edcula Iberoamericana de los Premios Goya 2026. Tras su paso por el Festival de M\u00e1laga \u2014donde obtuvo el Premio Biznaga de Plata a la mejor interpretaci\u00f3n femenina de reparto\u2014 y por el Festival Cinematogr\u00e1fico Internacional del Uruguay, la pel\u00edcula se estrenar\u00e1 en salas nacionales el pr\u00f3ximo 25 de setiembre 2025.<\/p>\n<p>Perros nos lleva a un barrio montevideano de clase media para mostrarnos c\u00f3mo, detr\u00e1s de la aparente cordialidad entre vecinos, laten tensiones, envidias y secretos.<\/p>\n<p>Protagonizada por N\u00e9stor Guzzini y Mar\u00eda Elena P\u00e9rez, como los Salda\u00f1a y Marcelo Subiotto y\u00a0 Noelia Campo, como los Pernas.<\/p>\n<p>Conversamos con su director, Gerardo Minutti, sobre el largo proceso de gestaci\u00f3n de la pel\u00edcula, su mirada sobre la condici\u00f3n humana y lo que significa este reconocimiento internacional.<\/p>\n","protected":false},"author":155,"featured_media":117147,"comment_status":"closed","ping_status":"closed","sticky":false,"template":"","format":"standard","meta":{"om_disable_all_campaigns":false,"ngg_post_thumbnail":0,"jnews-multi-image_gallery":[],"jnews_single_post":{"subtitle":"Mejor Pel\u00edcula Iberoamericana de los Premios Goya 2026","format":"standard","override":[{"template":"4","parallax":"1","layout":"right-sidebar","sidebar":"default-sidebar","second_sidebar":"default-sidebar","sticky_sidebar":"1","share_position":"bottom","share_float_style":"share-monocrhome","show_share_counter":"1","show_view_counter":"1","show_featured":"1","show_post_meta":"1","show_post_author":"1","show_post_author_image":"1","show_post_date":"1","post_date_format":"default","post_date_format_custom":"Y\/m\/d","show_post_category":"1","post_reading_time_wpm":"300","post_calculate_word_method":"str_word_count","zoom_button_out_step":"2","zoom_button_in_step":"3","show_post_tag":"1","show_prev_next_post":"1","show_popup_post":"1","number_popup_post":"1","show_author_box":"1","show_post_related":"0","show_inline_post_related":"0"}],"image_override":[{"single_post_thumbnail_size":"no-crop","single_post_gallery_size":"crop-500"}],"trending_post_position":"meta","trending_post_label":"Trending","sponsored_post_label":"Sponsored by","disable_ad":"0"},"jnews_primary_category":[],"jnews_social_meta":[],"jnews_override_counter":{"view_counter_number":"0","share_counter_number":"0","like_counter_number":"0","dislike_counter_number":"0"},"footnotes":""},"categories":[72],"tags":[24450],"class_list":["post-117124","post","type-post","status-publish","format-standard","has-post-thumbnail","hentry","category-cine","tag-gerardo-minutti"],"yoast_head":"<!-- This site is optimized with the Yoast SEO plugin v27.5 - https:\/\/yoast.com\/product\/yoast-seo-wordpress\/ -->\n<title>Perros - Entrevista a Gerardo Minutti - Cooltivarte Portal<\/title>\n<meta name=\"description\" content=\"La pel\u00edcula Perros, escrita y dirigida por Gerardo Minutti, fue seleccionada para representar a Uruguay en la categor\u00eda Mejor Pel\u00edcula Iberoamericana de los Premios Goya 2026.\" \/>\n<meta name=\"robots\" content=\"index, follow, max-snippet:-1, max-image-preview:large, max-video-preview:-1\" \/>\n<link rel=\"canonical\" href=\"https:\/\/cooltivarte.com\/portal\/perros-entrevista-a-gerardo-minutti\/\" \/>\n<meta property=\"og:locale\" content=\"es_ES\" \/>\n<meta property=\"og:type\" content=\"article\" \/>\n<meta property=\"og:title\" content=\"Perros - Entrevista a Gerardo Minutti - Mejor Pel\u00edcula Iberoamericana de los Premios Goya 2026 by Luciana Rodriguez\" \/>\n<meta property=\"og:description\" content=\"La pel\u00edcula Perros, escrita y dirigida por Gerardo Minutti, fue seleccionada para representar a Uruguay en la categor\u00eda Mejor Pel\u00edcula Iberoamericana de los Premios Goya 2026.\" \/>\n<meta property=\"og:url\" content=\"https:\/\/cooltivarte.com\/portal\/perros-entrevista-a-gerardo-minutti\/\" \/>\n<meta property=\"og:site_name\" content=\"Cooltivarte Portal\" \/>\n<meta property=\"article:publisher\" content=\"https:\/\/www.facebook.com\/cooltivartecom\/\" \/>\n<meta property=\"article:author\" content=\"https:\/\/www.facebook.com\/cineylibros\/\" \/>\n<meta property=\"article:published_time\" content=\"2025-09-08T23:30:58+00:00\" \/>\n<meta property=\"article:modified_time\" content=\"2025-09-10T11:22:20+00:00\" \/>\n<meta property=\"og:image\" content=\"https:\/\/cooltivarte.com\/portal\/wp-content\/uploads\/2025\/09\/Perros-\u2013-Entrevista-a-Gerardo-Minutti.webp\" \/>\n\t<meta property=\"og:image:width\" content=\"1920\" \/>\n\t<meta property=\"og:image:height\" content=\"1080\" \/>\n\t<meta property=\"og:image:type\" content=\"image\/webp\" \/>\n<meta name=\"author\" content=\"Luciana Rodriguez\" \/>\n<meta name=\"twitter:card\" content=\"summary_large_image\" \/>\n<meta name=\"twitter:title\" content=\"Perros - Entrevista a Gerardo Minutti - Mejor Pel\u00edcula Iberoamericana de los Premios Goya 2026 by Luciana Rodriguez\" \/>\n<meta name=\"twitter:description\" content=\"La pel\u00edcula Perros, escrita y dirigida por Gerardo Minutti, fue seleccionada para representar a Uruguay en la categor\u00eda Mejor Pel\u00edcula Iberoamericana de los Premios Goya 2026.\" \/>\n<meta name=\"twitter:image\" content=\"https:\/\/cooltivarte.com\/portal\/wp-content\/uploads\/2025\/09\/Perros-\u2013-Entrevista-a-Gerardo-Minutti.webp\" \/>\n<meta name=\"twitter:creator\" content=\"@https:\/\/x.com\/obolocultural\" \/>\n<meta name=\"twitter:site\" content=\"@obolocultural\" \/>\n<meta name=\"twitter:label1\" content=\"Escrito por\" \/>\n\t<meta name=\"twitter:data1\" content=\"Luciana Rodriguez\" \/>\n\t<meta name=\"twitter:label2\" content=\"Tiempo de lectura\" \/>\n\t<meta name=\"twitter:data2\" content=\"2 minutos\" \/>\n<!-- \/ Yoast SEO plugin. -->","yoast_head_json":{"title":"Perros - Entrevista a Gerardo Minutti - Cooltivarte Portal","description":"La pel\u00edcula Perros, escrita y dirigida por Gerardo Minutti, fue seleccionada para representar a Uruguay en la categor\u00eda Mejor Pel\u00edcula Iberoamericana de los Premios Goya 2026.","robots":{"index":"index","follow":"follow","max-snippet":"max-snippet:-1","max-image-preview":"max-image-preview:large","max-video-preview":"max-video-preview:-1"},"canonical":"https:\/\/cooltivarte.com\/portal\/perros-entrevista-a-gerardo-minutti\/","og_locale":"es_ES","og_type":"article","og_title":"Perros - Entrevista a Gerardo Minutti - Mejor Pel\u00edcula Iberoamericana de los Premios Goya 2026 by Luciana Rodriguez","og_description":"La pel\u00edcula Perros, escrita y dirigida por Gerardo Minutti, fue seleccionada para representar a Uruguay en la categor\u00eda Mejor Pel\u00edcula Iberoamericana de los Premios Goya 2026.","og_url":"https:\/\/cooltivarte.com\/portal\/perros-entrevista-a-gerardo-minutti\/","og_site_name":"Cooltivarte Portal","article_publisher":"https:\/\/www.facebook.com\/cooltivartecom\/","article_author":"https:\/\/www.facebook.com\/cineylibros\/","article_published_time":"2025-09-08T23:30:58+00:00","article_modified_time":"2025-09-10T11:22:20+00:00","og_image":[{"width":1920,"height":1080,"url":"https:\/\/cooltivarte.com\/portal\/wp-content\/uploads\/2025\/09\/Perros-\u2013-Entrevista-a-Gerardo-Minutti.webp","type":"image\/webp"}],"author":"Luciana Rodriguez","twitter_card":"summary_large_image","twitter_title":"Perros - Entrevista a Gerardo Minutti - Mejor Pel\u00edcula Iberoamericana de los Premios Goya 2026 by Luciana Rodriguez","twitter_description":"La pel\u00edcula Perros, escrita y dirigida por Gerardo Minutti, fue seleccionada para representar a Uruguay en la categor\u00eda Mejor Pel\u00edcula Iberoamericana de los Premios Goya 2026.","twitter_image":"https:\/\/cooltivarte.com\/portal\/wp-content\/uploads\/2025\/09\/Perros-\u2013-Entrevista-a-Gerardo-Minutti.webp","twitter_creator":"@https:\/\/x.com\/obolocultural","twitter_site":"@obolocultural","twitter_misc":{"Escrito por":"Luciana Rodriguez","Tiempo de lectura":"2 minutos"},"schema":{"@context":"https:\/\/schema.org","@graph":[{"@type":"NewsArticle","@id":"https:\/\/cooltivarte.com\/portal\/perros-entrevista-a-gerardo-minutti\/#article","isPartOf":{"@id":"https:\/\/cooltivarte.com\/portal\/perros-entrevista-a-gerardo-minutti\/"},"author":{"name":"Luciana Rodriguez","@id":"https:\/\/cooltivarte.com\/portal\/#\/schema\/person\/5e9cf931afe7ffe76aa2a2d7d2c906bd"},"headline":"Perros &#8211; Entrevista a Gerardo Minutti","datePublished":"2025-09-08T23:30:58+00:00","dateModified":"2025-09-10T11:22:20+00:00","mainEntityOfPage":{"@id":"https:\/\/cooltivarte.com\/portal\/perros-entrevista-a-gerardo-minutti\/"},"wordCount":186,"publisher":{"@id":"https:\/\/cooltivarte.com\/portal\/#organization"},"image":{"@id":"https:\/\/cooltivarte.com\/portal\/perros-entrevista-a-gerardo-minutti\/#primaryimage"},"thumbnailUrl":"https:\/\/cooltivarte.com\/portal\/wp-content\/uploads\/2025\/09\/Perros-\u2013-Entrevista-a-Gerardo-Minutti.webp","keywords":["Gerardo Minutti"],"articleSection":["Cine y TV"],"inLanguage":"es-AR"},{"@type":"WebPage","@id":"https:\/\/cooltivarte.com\/portal\/perros-entrevista-a-gerardo-minutti\/","url":"https:\/\/cooltivarte.com\/portal\/perros-entrevista-a-gerardo-minutti\/","name":"Perros - Entrevista a Gerardo Minutti - Cooltivarte Portal","isPartOf":{"@id":"https:\/\/cooltivarte.com\/portal\/#website"},"primaryImageOfPage":{"@id":"https:\/\/cooltivarte.com\/portal\/perros-entrevista-a-gerardo-minutti\/#primaryimage"},"image":{"@id":"https:\/\/cooltivarte.com\/portal\/perros-entrevista-a-gerardo-minutti\/#primaryimage"},"thumbnailUrl":"https:\/\/cooltivarte.com\/portal\/wp-content\/uploads\/2025\/09\/Perros-\u2013-Entrevista-a-Gerardo-Minutti.webp","datePublished":"2025-09-08T23:30:58+00:00","dateModified":"2025-09-10T11:22:20+00:00","description":"La pel\u00edcula Perros, escrita y dirigida por Gerardo Minutti, fue seleccionada para representar a Uruguay en la categor\u00eda Mejor Pel\u00edcula Iberoamericana de los Premios Goya 2026.","breadcrumb":{"@id":"https:\/\/cooltivarte.com\/portal\/perros-entrevista-a-gerardo-minutti\/#breadcrumb"},"inLanguage":"es-AR","potentialAction":[{"@type":"ReadAction","target":["https:\/\/cooltivarte.com\/portal\/perros-entrevista-a-gerardo-minutti\/"]}]},{"@type":"ImageObject","inLanguage":"es-AR","@id":"https:\/\/cooltivarte.com\/portal\/perros-entrevista-a-gerardo-minutti\/#primaryimage","url":"https:\/\/cooltivarte.com\/portal\/wp-content\/uploads\/2025\/09\/Perros-\u2013-Entrevista-a-Gerardo-Minutti.webp","contentUrl":"https:\/\/cooltivarte.com\/portal\/wp-content\/uploads\/2025\/09\/Perros-\u2013-Entrevista-a-Gerardo-Minutti.webp","width":1920,"height":1080,"caption":"Perros \u2013 Entrevista a Gerardo Minutti"},{"@type":"BreadcrumbList","@id":"https:\/\/cooltivarte.com\/portal\/perros-entrevista-a-gerardo-minutti\/#breadcrumb","itemListElement":[{"@type":"ListItem","position":1,"name":"Portada","item":"https:\/\/cooltivarte.com\/portal\/"},{"@type":"ListItem","position":2,"name":"Perros &#8211; Entrevista a Gerardo Minutti"}]},{"@type":"WebSite","@id":"https:\/\/cooltivarte.com\/portal\/#website","url":"https:\/\/cooltivarte.com\/portal\/","name":"Cooltivarte Portal","description":"Arte, cultura y turismo para el mundo ...","publisher":{"@id":"https:\/\/cooltivarte.com\/portal\/#organization"},"potentialAction":[{"@type":"SearchAction","target":{"@type":"EntryPoint","urlTemplate":"https:\/\/cooltivarte.com\/portal\/?s={search_term_string}"},"query-input":{"@type":"PropertyValueSpecification","valueRequired":true,"valueName":"search_term_string"}}],"inLanguage":"es-AR"},{"@type":"Organization","@id":"https:\/\/cooltivarte.com\/portal\/#organization","name":"cooltivarte","url":"https:\/\/cooltivarte.com\/portal\/","logo":{"@type":"ImageObject","inLanguage":"es-AR","@id":"https:\/\/cooltivarte.com\/portal\/#\/schema\/logo\/image\/","url":"https:\/\/cooltivarte.com\/portal\/wp-content\/uploads\/2020\/04\/logo-cooltivarte-v2.png","contentUrl":"https:\/\/cooltivarte.com\/portal\/wp-content\/uploads\/2020\/04\/logo-cooltivarte-v2.png","width":851,"height":243,"caption":"cooltivarte"},"image":{"@id":"https:\/\/cooltivarte.com\/portal\/#\/schema\/logo\/image\/"},"sameAs":["https:\/\/www.facebook.com\/cooltivartecom\/","https:\/\/x.com\/obolocultural","https:\/\/www.instagram.com\/_cooltivarte_\/","https:\/\/www.linkedin.com\/company\/-bolocultural?reportsuccess=8zaNG1HwhPbAR9iQhZ5rfGeqz_vQFftHun0ZWU0Wy9vNemRJ8vtcKdJvzQfW8XagyOJSKg0XvfJ1dp","https:\/\/www.pinterest.com\/cooltivarte\/","https:\/\/cooltivarte.tumblr.com\/","https:\/\/www.tiktok.com\/@cooltivarte","https:\/\/www.youtube.com\/@PrensaCooltivarte"]},{"@type":"Person","@id":"https:\/\/cooltivarte.com\/portal\/#\/schema\/person\/5e9cf931afe7ffe76aa2a2d7d2c906bd","name":"Luciana Rodriguez","image":{"@type":"ImageObject","inLanguage":"es-AR","@id":"https:\/\/cooltivarte.com\/portal\/wp-content\/uploads\/2019\/10\/luciana-120x120.jpg","url":"https:\/\/cooltivarte.com\/portal\/wp-content\/uploads\/2019\/10\/luciana-120x120.jpg","contentUrl":"https:\/\/cooltivarte.com\/portal\/wp-content\/uploads\/2019\/10\/luciana-120x120.jpg","caption":"Luciana Rodriguez"},"description":"Luciana Rodr\u00edguez, mam\u00e1, fot\u00f3grafa, t\u00e9cnica en comunicaci\u00f3n social, actualmente realizando la licenciatura en comunicaci\u00f3n audiovisual en la Fic (Udelar). Desde peque\u00f1a mi primer amor fue el cine, tard\u00edamente encontr\u00e9 mi segunda pasi\u00f3n en la literatura. Mi sue\u00f1o es lograr convertirme en cineasta, principalmente dentro del cine documental, mientras tanto disfruto de las obras ajenas intentando por este medio que otros las conozcan.","sameAs":["https:\/\/entrenoslibroscine.wordpress.com\/","https:\/\/www.facebook.com\/cineylibros\/","https:\/\/www.instagram.com\/luciana.rodriguez.cine","https:\/\/www.linkedin.com\/company\/-bolocultural\/","https:\/\/www.pinterest.com\/cooltivarte\/","https:\/\/x.com\/https:\/\/x.com\/obolocultural","https:\/\/www.youtube.com\/@PrensaCooltivarte","https:\/\/cooltivarte.tumblr.com\/"],"url":"https:\/\/cooltivarte.com\/portal\/author\/luciana-rodriguez\/"}]}},"_links":{"self":[{"href":"https:\/\/cooltivarte.com\/portal\/wp-json\/wp\/v2\/posts\/117124","targetHints":{"allow":["GET"]}}],"collection":[{"href":"https:\/\/cooltivarte.com\/portal\/wp-json\/wp\/v2\/posts"}],"about":[{"href":"https:\/\/cooltivarte.com\/portal\/wp-json\/wp\/v2\/types\/post"}],"author":[{"embeddable":true,"href":"https:\/\/cooltivarte.com\/portal\/wp-json\/wp\/v2\/users\/155"}],"replies":[{"embeddable":true,"href":"https:\/\/cooltivarte.com\/portal\/wp-json\/wp\/v2\/comments?post=117124"}],"version-history":[{"count":5,"href":"https:\/\/cooltivarte.com\/portal\/wp-json\/wp\/v2\/posts\/117124\/revisions"}],"predecessor-version":[{"id":117148,"href":"https:\/\/cooltivarte.com\/portal\/wp-json\/wp\/v2\/posts\/117124\/revisions\/117148"}],"wp:featuredmedia":[{"embeddable":true,"href":"https:\/\/cooltivarte.com\/portal\/wp-json\/wp\/v2\/media\/117147"}],"wp:attachment":[{"href":"https:\/\/cooltivarte.com\/portal\/wp-json\/wp\/v2\/media?parent=117124"}],"wp:term":[{"taxonomy":"category","embeddable":true,"href":"https:\/\/cooltivarte.com\/portal\/wp-json\/wp\/v2\/categories?post=117124"},{"taxonomy":"post_tag","embeddable":true,"href":"https:\/\/cooltivarte.com\/portal\/wp-json\/wp\/v2\/tags?post=117124"}],"curies":[{"name":"wp","href":"https:\/\/api.w.org\/{rel}","templated":true}]}}