{"id":116769,"date":"2025-08-29T19:25:23","date_gmt":"2025-08-29T22:25:23","guid":{"rendered":"https:\/\/cooltivarte.com\/portal\/?p=116769"},"modified":"2025-08-29T19:25:53","modified_gmt":"2025-08-29T22:25:53","slug":"congreso-phos-2025","status":"publish","type":"post","link":"https:\/\/cooltivarte.com\/portal\/congreso-phos-2025\/","title":{"rendered":"Congreso PHOS 2025"},"content":{"rendered":"<p><img fetchpriority=\"high\" decoding=\"async\" class=\"aligncenter wp-image-116770 size-full\" title=\"Congreso PHOS 2025 - Centro de conferencia - Sal\u00f3n Azul - Intendencia de Montevideo - 09 - 10 de Setiembre 2025 - 10am a 6pm.\" src=\"https:\/\/cooltivarte.com\/portal\/wp-content\/uploads\/2025\/08\/phos-de-fotografia.jpg\" alt=\"Congreso PHOS 2025 - Centro de conferencia - Sal\u00f3n Azul - Intendencia de Montevideo - 09 - 10 de Setiembre 2025 - 10am a 6pm.\" width=\"819\" height=\"1024\" srcset=\"https:\/\/cooltivarte.com\/portal\/wp-content\/uploads\/2025\/08\/phos-de-fotografia.jpg 819w, https:\/\/cooltivarte.com\/portal\/wp-content\/uploads\/2025\/08\/phos-de-fotografia-240x300.jpg 240w, https:\/\/cooltivarte.com\/portal\/wp-content\/uploads\/2025\/08\/phos-de-fotografia-768x960.jpg 768w\" sizes=\"(max-width: 819px) 100vw, 819px\" \/><\/p>\n<p>&nbsp;<\/p>\n<p><strong>Congreso PHOS 2025 &#8211; Centro de conferencia<\/strong><\/p>\n<p><strong>Sal\u00f3n Azul &#8211; Intendencia de Montevideo&nbsp;<\/strong><\/p>\n<p><strong>09 &#8211; 10 de Setiembre 2025 &#8211; 10am a 6pm.<\/strong><\/p>\n<p><a href=\"https:\/\/docs.google.com\/forms\/d\/1D5ZVoJ0XwDTmfX6K_3mjfQUhaan3EsbsN15eOK75hsM\/viewform?fbclid=PAZXh0bgNhZW0CMTEAAacF86RgQUuGp7dwKDT9URKY9w4inLg9j3jbtSbxnFscSzeEusp5cQIOM6dsMg_aem_C3ZNZ9dpgpA0VMvVa7UDlA&amp;edit_requested=true\" target=\"_blank\" rel=\"noopener\">Inscribite para la edici\u00f3n de PHOS 2025<\/a><\/p>\n<p>&nbsp;<\/p>\n<p>Fot\u00f3grafos y Vide\u00f3grafos de diversas corrientes creativas coincidimos en una idea com\u00fan: la creaci\u00f3n de un Congreso donde el arte visual se convierte en protagonista.<\/p>\n<p>Ya no se trata de una idea, sino de un proyecto consolidado.<\/p>\n<p>&nbsp;<\/p>\n<p><strong><a href=\"https:\/\/linktr.ee\/deborah_elenter\" target=\"_blank\" rel=\"noopener\">Deborah Elenter<\/a>, Uruguay.<\/strong><\/p>\n<p>Fot\u00f3grafa de partos, artista visual y doula. Con formaci\u00f3n previa en ingenier\u00eda qu\u00edmica y ambiental, desde 2015 se dedica a documentar nacimientos y a investigar la experiencia de las mujeres durante el parto en el contexto uruguayo. Es pionera en esta pr\u00e1ctica en Uruguay y ha acompa\u00f1ado y fotografiado m\u00e1s de 180 nacimientos, desarrollando una mirada sensible, \u00e9tica y profundamente respetuosa. En el \u00e1mbito art\u00edstico ha expuesto en diversos espacios -incluyendo dos exposiciones individuales en torno al parto-, y ha publicado dos fotolibros. Su obra ha recibido reconocimientos y becas a nivel nacional e internacional. Participa regularmente como docente invitada en talleres especializados y como jurado en convocatorias vinculadas a la fotograf\u00eda.<\/p>\n<p>&nbsp;<\/p>\n<p><strong><a href=\"https:\/\/linktr.ee\/mboffano\" target=\"_blank\" rel=\"noopener\">Mateo Boffano<\/a>, Uruguay.<\/strong><\/p>\n<p>Fot\u00f3grafo y director de Boffano Studios, un equipo de 15 fot\u00f3grafos con m\u00e1s de 700 bodas realizadas en Uruguay y el mundo. Vive en Punta del Este, es pap\u00e1 de Chiara y apasionado del mar y la bicicleta. En el congreso compartir\u00e1 su visi\u00f3n sobre c\u00f3mo construir una marca s\u00f3lida y trabajar en equipo dentro del mundo de la fotograf\u00eda.<\/p>\n<p>&nbsp;<\/p>\n<p><strong><a href=\"https:\/\/www.instagram.com\/valedillon\/\" target=\"_blank\" rel=\"noopener\">Valeria Dillon<\/a>, Argentina.\u2028<\/strong><\/p>\n<p>Fot\u00f3grafa especializada en retratos \u00edntimos con una est\u00e9tica intimista y cinematogr\u00e1fica. Desde 2019 desarrolla Lado V, en donde explora la intimidad visual desde el boudoir hasta la fotograf\u00eda er\u00f3tica, trabajando con personas de todos los g\u00e9neros y parejas. Cree profundamente que lo er\u00f3tico tambi\u00e9n es arte, y lo aborda desde el respeto, la sensibilidad y la expresi\u00f3n personal. Para Valeria cada persona que retrata tiene algo que contar: desde el deseo, la necesidad de romper estructuras (propias y ajenas) hasta el anhelo de verse desde otro lugar, sin tab\u00faes ni prejuicios. Sus sesiones invitan a un reencuentro con el cuerpo, aportando al desarrollo de la autoestima, el amor propio y el descubrimiento en la propia piel. Su trabajo la ha llevado a participar de publicaciones en revistas de Londres, Rusia y EEUU.<\/p>\n<p>&nbsp;<\/p>\n<p><strong><a href=\"https:\/\/www.instagram.com\/chapas09\/\" target=\"_blank\" rel=\"noopener\">Diego Paz<\/a>, Uruguay.<\/strong><\/p>\n<p>Filmmaker y Content Creator uruguayo, con m\u00e1s de 10 a\u00f1os de experiencia internacional. Trabaj\u00f3 para marcas como Sony, Jeep, CONMEBOL, Club A. River Plate, FIFA e ISASurf, siempre con un enfoque visual potente, deportivo, agresivo y aventurero. Su c\u00e1mara lo llev\u00f3 por todo el mundo, capturando momentos que mezclan adrenalina, viajes y emoci\u00f3n real. En PHOS contar\u00e1 c\u00f3mo llevar tus proyectos afuera y hacerlos realidad, desde la primera idea hasta el \u00faltimo plano.<\/p>\n<p>&nbsp;<\/p>\n<p><a href=\"https:\/\/asuncionpineyrua.com\/\" target=\"_blank\" rel=\"noopener\">Asunci\u00f3n Pi\u00f1eyr\u00faa<\/a>, Uruguay.<\/p>\n<p>Especializada en fotograf\u00eda ecuestre, su inter\u00e9s nace a ra\u00edz de su profunda conexi\u00f3n con los caballos y la naturaleza, habi\u00e9ndoles dedicado gran parte de su vida desde su infancia a la actualidad y conectando con ellos a trav\u00e9s del trabajo y el deporte. Desde el a\u00f1o 2009 se dedica a viajar por el mundo retratando c\u00e9lebres Pura Sangre de Carrera, y a lo largo de su trayectoria ha retratado individualmente m\u00e1s de 3.000 caballos, tanto para publicidades como para proyectos personales. \u2028En su lista de clientes se encuentran Queen Elizabeth II, los pr\u00edncipes de Qatar y Dubai y los grandes haras de Normand\u00eda, Irlanda, Inglaterra, Australia y Estados Unidos.\u2028Como parte de sus proyectos visita lugares donde habitan caballos en estado semi salvaje, logrando capturarlos en su estado m\u00e1s puro.\u2028Tambi\u00e9n dedica tiempo a retratar a los reconocidos caballos Criollos de nuestro pa\u00eds.<\/p>\n<p>&nbsp;<\/p>\n<p><a href=\"https:\/\/www.instagram.com\/mperez.uy\/\" target=\"_blank\" rel=\"noopener\">Mart\u00edn P\u00e9rez<\/a>, Uruguay.<\/p>\n<p>Mag\u00edster en Arte por la Universidad Federal do Par\u00e1 (UFPA, Bel\u00e9m, Brasil), y Licenciado en Artes por el Instituto Escuela Nacional de Bellas Artes (IENBA, UdelaR).\u2028Investiga la relaci\u00f3n de la fotograf\u00eda con la performance y los nuevos medios, abordando estas tensiones desde la elaboraci\u00f3n de ficciones.\u2028Como docente en \u00e1mbitos formales y no formales, desarrolla diferentes acciones y proyectos que nuclean la fotograf\u00eda y lo educativo. Su ponencia en el PHOS 2025 sera \u201cDe la huella de luz a la imagen generativa\u201d.<\/p>\n<p>&nbsp;<\/p>\n<p><a href=\"https:\/\/linktr.ee\/pau_zambelli\" target=\"_blank\" rel=\"noopener\" data-type=\"link\" data-id=\"https:\/\/www.instagram.com\/pau_zambelli\/\">Paula Zambelli<\/a>, Argentina.<\/p>\n<p>Licenciada en Teor\u00eda e Historia del Arte. Docente y creadora visual, se especializa en color, composici\u00f3n, arte contempor\u00e1neo, creatividad y an\u00e1lisis estrat\u00e9gico. A lo largo de sus 25 a\u00f1os de trayectoria ha realizado workshops, retiros, materias curriculares, y ponencias, en escuelas de fotograf\u00eda, universidades, museos de arte, galer\u00edas y congresos, tanto en Argentina como en el exterior. En el Congreso PHOS tendremos el placer de escuchar su ponencia \u201cEl poder del color en la fotograf\u00eda\u201d.<\/p>\n<p>&nbsp;<\/p>\n<p><a href=\"https:\/\/afyvu.com.uy\/phos\/\" target=\"_blank\" rel=\"noopener\">https:\/\/afyvu.com.uy\/phos\/<\/a><\/p>\n<p>&nbsp;<\/p>\n<p>&nbsp;<\/p>\n","protected":false},"excerpt":{"rendered":"<p>Congreso PHOS 2025 &#8211; Centro de conferencia<\/p>\n<p>Sal\u00f3n Azul &#8211; Intendencia de Montevideo\u00a0<\/p>\n<p>09 &#8211; 10 de Setiembre 2025 &#8211; 10am a 6pm.<\/p>\n<p>Inscribite para la edici\u00f3n de PHOS 2025<\/p>\n<p>Fot\u00f3grafos y Vide\u00f3grafos de diversas corrientes creativas coincidimos en una idea com\u00fan: la creaci\u00f3n de un Congreso donde el arte visual se convierte en protagonista.<\/p>\n<p>Ya no se trata de una idea, sino de un proyecto consolidado.<\/p>\n","protected":false},"author":8,"featured_media":116770,"comment_status":"closed","ping_status":"closed","sticky":false,"template":"","format":"standard","meta":{"om_disable_all_campaigns":false,"ngg_post_thumbnail":0,"jnews-multi-image_gallery":[],"jnews_single_post":{"format":"standard","override":[{"template":"4","parallax":"1","layout":"right-sidebar","sidebar":"default-sidebar","second_sidebar":"default-sidebar","sticky_sidebar":"1","share_position":"bottom","share_float_style":"share-monocrhome","show_share_counter":"1","show_view_counter":"1","show_featured":"1","show_post_meta":"1","show_post_author":"1","show_post_author_image":"1","show_post_date":"1","post_date_format":"default","post_date_format_custom":"Y\/m\/d","show_post_category":"1","post_reading_time_wpm":"300","post_calculate_word_method":"str_word_count","zoom_button_out_step":"2","zoom_button_in_step":"3","show_post_tag":"1","show_prev_next_post":"1","show_popup_post":"1","number_popup_post":"1","show_author_box":"1","show_post_related":"0","show_inline_post_related":"0"}],"image_override":[{"single_post_thumbnail_size":"no-crop","single_post_gallery_size":"crop-500"}],"trending_post_position":"meta","trending_post_label":"Trending","sponsored_post_label":"Sponsored by","disable_ad":"0","subtitle":"Centro de conferencia - Sal\u00f3n Azul - Intendencia de Montevideo - 09 - 10 de Setiembre 2025 - 10am a 6pm."},"jnews_primary_category":[],"jnews_social_meta":[],"jnews_override_counter":{"view_counter_number":"0","share_counter_number":"0","like_counter_number":"0","dislike_counter_number":"0"},"footnotes":""},"categories":[53],"tags":[6689,24414],"class_list":["post-116769","post","type-post","status-publish","format-standard","has-post-thumbnail","hentry","category-clic","tag-congreso","tag-phos"],"yoast_head":"<!-- This site is optimized with the Yoast SEO plugin v27.5 - https:\/\/yoast.com\/product\/yoast-seo-wordpress\/ -->\n<title>Congreso PHOS 2025 - Cooltivarte Portal<\/title>\n<meta name=\"description\" content=\"Fot\u00f3grafos y Vide\u00f3grafos de diversas corrientes creativas coincidimos en una idea com\u00fan: la creaci\u00f3n de un Congreso donde el arte visual se convierte en protagonista.\" \/>\n<meta name=\"robots\" content=\"index, follow, max-snippet:-1, max-image-preview:large, max-video-preview:-1\" \/>\n<link rel=\"canonical\" href=\"https:\/\/cooltivarte.com\/portal\/congreso-phos-2025\/\" \/>\n<meta property=\"og:locale\" content=\"es_ES\" \/>\n<meta property=\"og:type\" content=\"article\" \/>\n<meta property=\"og:title\" content=\"Congreso PHOS 2025 - Centro de conferencia - Sal\u00f3n Azul - Intendencia de Montevideo - 09 - 10 de Setiembre 2025 - 10am a 6pm.\" \/>\n<meta property=\"og:description\" content=\"Fot\u00f3grafos y Vide\u00f3grafos de diversas corrientes creativas coincidimos en una idea com\u00fan: la creaci\u00f3n de un Congreso donde el arte visual se convierte en protagonista.\" \/>\n<meta property=\"og:url\" content=\"https:\/\/cooltivarte.com\/portal\/congreso-phos-2025\/\" \/>\n<meta property=\"og:site_name\" content=\"Cooltivarte Portal\" \/>\n<meta property=\"article:publisher\" content=\"https:\/\/www.facebook.com\/cooltivartecom\/\" \/>\n<meta property=\"article:author\" content=\"https:\/\/www.facebook.com\/cooltivartecom\" \/>\n<meta property=\"article:published_time\" content=\"2025-08-29T22:25:23+00:00\" \/>\n<meta property=\"article:modified_time\" content=\"2025-08-29T22:25:53+00:00\" \/>\n<meta property=\"og:image\" content=\"https:\/\/cooltivarte.com\/portal\/wp-content\/uploads\/2025\/08\/phos-de-fotografia.jpg\" \/>\n\t<meta property=\"og:image:width\" content=\"819\" \/>\n\t<meta property=\"og:image:height\" content=\"1024\" \/>\n\t<meta property=\"og:image:type\" content=\"image\/jpeg\" \/>\n<meta name=\"author\" content=\"Cooltivarte\" \/>\n<meta name=\"twitter:card\" content=\"summary_large_image\" \/>\n<meta name=\"twitter:title\" content=\"Congreso PHOS 2025 - Centro de conferencia - Sal\u00f3n Azul - Intendencia de Montevideo - 09 - 10 de Setiembre 2025 - 10am a 6pm.\" \/>\n<meta name=\"twitter:description\" content=\"Fot\u00f3grafos y Vide\u00f3grafos de diversas corrientes creativas coincidimos en una idea com\u00fan: la creaci\u00f3n de un Congreso donde el arte visual se convierte en protagonista.\" \/>\n<meta name=\"twitter:image\" content=\"https:\/\/cooltivarte.com\/portal\/wp-content\/uploads\/2025\/08\/phos-de-fotografia.jpg\" \/>\n<meta name=\"twitter:creator\" content=\"@https:\/\/x.com\/obolocultural\" \/>\n<meta name=\"twitter:site\" content=\"@obolocultural\" \/>\n<meta name=\"twitter:label1\" content=\"Escrito por\" \/>\n\t<meta name=\"twitter:data1\" content=\"Cooltivarte\" \/>\n\t<meta name=\"twitter:label2\" content=\"Tiempo de lectura\" \/>\n\t<meta name=\"twitter:data2\" content=\"4 minutos\" \/>\n<!-- \/ Yoast SEO plugin. -->","yoast_head_json":{"title":"Congreso PHOS 2025 - Cooltivarte Portal","description":"Fot\u00f3grafos y Vide\u00f3grafos de diversas corrientes creativas coincidimos en una idea com\u00fan: la creaci\u00f3n de un Congreso donde el arte visual se convierte en protagonista.","robots":{"index":"index","follow":"follow","max-snippet":"max-snippet:-1","max-image-preview":"max-image-preview:large","max-video-preview":"max-video-preview:-1"},"canonical":"https:\/\/cooltivarte.com\/portal\/congreso-phos-2025\/","og_locale":"es_ES","og_type":"article","og_title":"Congreso PHOS 2025 - Centro de conferencia - Sal\u00f3n Azul - Intendencia de Montevideo - 09 - 10 de Setiembre 2025 - 10am a 6pm.","og_description":"Fot\u00f3grafos y Vide\u00f3grafos de diversas corrientes creativas coincidimos en una idea com\u00fan: la creaci\u00f3n de un Congreso donde el arte visual se convierte en protagonista.","og_url":"https:\/\/cooltivarte.com\/portal\/congreso-phos-2025\/","og_site_name":"Cooltivarte Portal","article_publisher":"https:\/\/www.facebook.com\/cooltivartecom\/","article_author":"https:\/\/www.facebook.com\/cooltivartecom","article_published_time":"2025-08-29T22:25:23+00:00","article_modified_time":"2025-08-29T22:25:53+00:00","og_image":[{"width":819,"height":1024,"url":"https:\/\/cooltivarte.com\/portal\/wp-content\/uploads\/2025\/08\/phos-de-fotografia.jpg","type":"image\/jpeg"}],"author":"Cooltivarte","twitter_card":"summary_large_image","twitter_title":"Congreso PHOS 2025 - Centro de conferencia - Sal\u00f3n Azul - Intendencia de Montevideo - 09 - 10 de Setiembre 2025 - 10am a 6pm.","twitter_description":"Fot\u00f3grafos y Vide\u00f3grafos de diversas corrientes creativas coincidimos en una idea com\u00fan: la creaci\u00f3n de un Congreso donde el arte visual se convierte en protagonista.","twitter_image":"https:\/\/cooltivarte.com\/portal\/wp-content\/uploads\/2025\/08\/phos-de-fotografia.jpg","twitter_creator":"@https:\/\/x.com\/obolocultural","twitter_site":"@obolocultural","twitter_misc":{"Escrito por":"Cooltivarte","Tiempo de lectura":"4 minutos"},"schema":{"@context":"https:\/\/schema.org","@graph":[{"@type":"NewsArticle","@id":"https:\/\/cooltivarte.com\/portal\/congreso-phos-2025\/#article","isPartOf":{"@id":"https:\/\/cooltivarte.com\/portal\/congreso-phos-2025\/"},"author":{"name":"Cooltivarte","@id":"https:\/\/cooltivarte.com\/portal\/#\/schema\/person\/ec2a4f4e71b740d0c559c0ab9a157e19"},"headline":"Congreso PHOS 2025","datePublished":"2025-08-29T22:25:23+00:00","dateModified":"2025-08-29T22:25:53+00:00","mainEntityOfPage":{"@id":"https:\/\/cooltivarte.com\/portal\/congreso-phos-2025\/"},"wordCount":842,"publisher":{"@id":"https:\/\/cooltivarte.com\/portal\/#organization"},"image":{"@id":"https:\/\/cooltivarte.com\/portal\/congreso-phos-2025\/#primaryimage"},"thumbnailUrl":"https:\/\/cooltivarte.com\/portal\/wp-content\/uploads\/2025\/08\/phos-de-fotografia.jpg","keywords":["Congreso","PHOS"],"articleSection":["Clic - Fotograf\u00eda"],"inLanguage":"es-AR"},{"@type":"WebPage","@id":"https:\/\/cooltivarte.com\/portal\/congreso-phos-2025\/","url":"https:\/\/cooltivarte.com\/portal\/congreso-phos-2025\/","name":"Congreso PHOS 2025 - Cooltivarte Portal","isPartOf":{"@id":"https:\/\/cooltivarte.com\/portal\/#website"},"primaryImageOfPage":{"@id":"https:\/\/cooltivarte.com\/portal\/congreso-phos-2025\/#primaryimage"},"image":{"@id":"https:\/\/cooltivarte.com\/portal\/congreso-phos-2025\/#primaryimage"},"thumbnailUrl":"https:\/\/cooltivarte.com\/portal\/wp-content\/uploads\/2025\/08\/phos-de-fotografia.jpg","datePublished":"2025-08-29T22:25:23+00:00","dateModified":"2025-08-29T22:25:53+00:00","description":"Fot\u00f3grafos y Vide\u00f3grafos de diversas corrientes creativas coincidimos en una idea com\u00fan: la creaci\u00f3n de un Congreso donde el arte visual se convierte en protagonista.","breadcrumb":{"@id":"https:\/\/cooltivarte.com\/portal\/congreso-phos-2025\/#breadcrumb"},"inLanguage":"es-AR","potentialAction":[{"@type":"ReadAction","target":["https:\/\/cooltivarte.com\/portal\/congreso-phos-2025\/"]}]},{"@type":"ImageObject","inLanguage":"es-AR","@id":"https:\/\/cooltivarte.com\/portal\/congreso-phos-2025\/#primaryimage","url":"https:\/\/cooltivarte.com\/portal\/wp-content\/uploads\/2025\/08\/phos-de-fotografia.jpg","contentUrl":"https:\/\/cooltivarte.com\/portal\/wp-content\/uploads\/2025\/08\/phos-de-fotografia.jpg","width":819,"height":1024,"caption":"Congreso PHOS 2025 - Centro de conferencia - Sal\u00f3n Azul - Intendencia de Montevideo - 09 - 10 de Setiembre 2025 - 10am a 6pm."},{"@type":"BreadcrumbList","@id":"https:\/\/cooltivarte.com\/portal\/congreso-phos-2025\/#breadcrumb","itemListElement":[{"@type":"ListItem","position":1,"name":"Portada","item":"https:\/\/cooltivarte.com\/portal\/"},{"@type":"ListItem","position":2,"name":"Congreso PHOS 2025"}]},{"@type":"WebSite","@id":"https:\/\/cooltivarte.com\/portal\/#website","url":"https:\/\/cooltivarte.com\/portal\/","name":"Cooltivarte Portal","description":"Arte, cultura y turismo para el mundo ...","publisher":{"@id":"https:\/\/cooltivarte.com\/portal\/#organization"},"potentialAction":[{"@type":"SearchAction","target":{"@type":"EntryPoint","urlTemplate":"https:\/\/cooltivarte.com\/portal\/?s={search_term_string}"},"query-input":{"@type":"PropertyValueSpecification","valueRequired":true,"valueName":"search_term_string"}}],"inLanguage":"es-AR"},{"@type":"Organization","@id":"https:\/\/cooltivarte.com\/portal\/#organization","name":"cooltivarte","url":"https:\/\/cooltivarte.com\/portal\/","logo":{"@type":"ImageObject","inLanguage":"es-AR","@id":"https:\/\/cooltivarte.com\/portal\/#\/schema\/logo\/image\/","url":"https:\/\/cooltivarte.com\/portal\/wp-content\/uploads\/2020\/04\/logo-cooltivarte-v2.png","contentUrl":"https:\/\/cooltivarte.com\/portal\/wp-content\/uploads\/2020\/04\/logo-cooltivarte-v2.png","width":851,"height":243,"caption":"cooltivarte"},"image":{"@id":"https:\/\/cooltivarte.com\/portal\/#\/schema\/logo\/image\/"},"sameAs":["https:\/\/www.facebook.com\/cooltivartecom\/","https:\/\/x.com\/obolocultural","https:\/\/www.instagram.com\/_cooltivarte_\/","https:\/\/www.linkedin.com\/company\/-bolocultural?reportsuccess=8zaNG1HwhPbAR9iQhZ5rfGeqz_vQFftHun0ZWU0Wy9vNemRJ8vtcKdJvzQfW8XagyOJSKg0XvfJ1dp","https:\/\/www.pinterest.com\/cooltivarte\/","https:\/\/cooltivarte.tumblr.com\/","https:\/\/www.tiktok.com\/@cooltivarte","https:\/\/www.youtube.com\/@PrensaCooltivarte"]},{"@type":"Person","@id":"https:\/\/cooltivarte.com\/portal\/#\/schema\/person\/ec2a4f4e71b740d0c559c0ab9a157e19","name":"Cooltivarte","image":{"@type":"ImageObject","inLanguage":"es-AR","@id":"https:\/\/cooltivarte.com\/portal\/wp-content\/uploads\/2014\/05\/logo-cooltivarte-120x120.jpg","url":"https:\/\/cooltivarte.com\/portal\/wp-content\/uploads\/2014\/05\/logo-cooltivarte-120x120.jpg","contentUrl":"https:\/\/cooltivarte.com\/portal\/wp-content\/uploads\/2014\/05\/logo-cooltivarte-120x120.jpg","caption":"Cooltivarte"},"description":"Somos COOLTIVARTE.COM. Un portal digital dedicado a difundir el acontecer art\u00edstico y cultural del Uruguay. Estamos en la vuelta desde el a\u00f1o 2003, y como evoluci\u00f3n del bolet\u00edn Obolo Cultural, nos encontramos abocados a apoyar a los artistas nacionales brind\u00e1ndoles un espacio de difusi\u00f3n. Creemos en la idea de utilizar la potencialidad que hoy d\u00eda nos otorga la web, para que la cultura uruguaya y sus creadores dispongan de una din\u00e1mica ventana, que los ponga en contacto entre s\u00ed y con el mundo. Somos COOLTIVARTE.COM y pretendemos configurarnos como un portal din\u00e1mico, entretenido y atento a los nuevos emprendimientos, que busque siempre la interacci\u00f3n con los artistas.","sameAs":["http:\/\/www.cooltivarte.com","https:\/\/www.facebook.com\/cooltivartecom","https:\/\/www.instagram.com\/_cooltivarte_\/","https:\/\/www.linkedin.com\/company\/-bolocultural","https:\/\/www.pinterest.com\/cooltivarte\/","https:\/\/x.com\/https:\/\/x.com\/obolocultural","https:\/\/www.youtube.com\/@PrensaCooltivarte","https:\/\/www.tumblr.com\/blog\/cooltivarte"],"url":"https:\/\/cooltivarte.com\/portal\/author\/cooltivarte\/"}]}},"_links":{"self":[{"href":"https:\/\/cooltivarte.com\/portal\/wp-json\/wp\/v2\/posts\/116769","targetHints":{"allow":["GET"]}}],"collection":[{"href":"https:\/\/cooltivarte.com\/portal\/wp-json\/wp\/v2\/posts"}],"about":[{"href":"https:\/\/cooltivarte.com\/portal\/wp-json\/wp\/v2\/types\/post"}],"author":[{"embeddable":true,"href":"https:\/\/cooltivarte.com\/portal\/wp-json\/wp\/v2\/users\/8"}],"replies":[{"embeddable":true,"href":"https:\/\/cooltivarte.com\/portal\/wp-json\/wp\/v2\/comments?post=116769"}],"version-history":[{"count":1,"href":"https:\/\/cooltivarte.com\/portal\/wp-json\/wp\/v2\/posts\/116769\/revisions"}],"predecessor-version":[{"id":116771,"href":"https:\/\/cooltivarte.com\/portal\/wp-json\/wp\/v2\/posts\/116769\/revisions\/116771"}],"wp:featuredmedia":[{"embeddable":true,"href":"https:\/\/cooltivarte.com\/portal\/wp-json\/wp\/v2\/media\/116770"}],"wp:attachment":[{"href":"https:\/\/cooltivarte.com\/portal\/wp-json\/wp\/v2\/media?parent=116769"}],"wp:term":[{"taxonomy":"category","embeddable":true,"href":"https:\/\/cooltivarte.com\/portal\/wp-json\/wp\/v2\/categories?post=116769"},{"taxonomy":"post_tag","embeddable":true,"href":"https:\/\/cooltivarte.com\/portal\/wp-json\/wp\/v2\/tags?post=116769"}],"curies":[{"name":"wp","href":"https:\/\/api.w.org\/{rel}","templated":true}]}}