{"id":116686,"date":"2025-08-23T07:55:45","date_gmt":"2025-08-23T10:55:45","guid":{"rendered":"https:\/\/cooltivarte.com\/portal\/?p=116686"},"modified":"2025-08-27T08:05:17","modified_gmt":"2025-08-27T11:05:17","slug":"sandra-costabel-recibira-el-premio-estrella-del-sur-2025-en-montevideo","status":"publish","type":"post","link":"https:\/\/cooltivarte.com\/portal\/sandra-costabel-recibira-el-premio-estrella-del-sur-2025-en-montevideo\/","title":{"rendered":"Sandra Costabel recibir\u00e1 el Premio Estrella del Sur 2025 en Montevideo"},"content":{"rendered":"<figure id=\"attachment_116687\" aria-describedby=\"caption-attachment-116687\" style=\"width: 768px\" class=\"wp-caption aligncenter\"><img fetchpriority=\"high\" decoding=\"async\" class=\"wp-image-116687 size-large\" title=\"Sandra Costabel\" src=\"https:\/\/cooltivarte.com\/portal\/wp-content\/uploads\/2025\/08\/Sandra-Costabel-768x1024.jpeg\" alt=\"Sandra Costabel\" width=\"768\" height=\"1024\" srcset=\"https:\/\/cooltivarte.com\/portal\/wp-content\/uploads\/2025\/08\/Sandra-Costabel-768x1024.jpeg 768w, https:\/\/cooltivarte.com\/portal\/wp-content\/uploads\/2025\/08\/Sandra-Costabel-225x300.jpeg 225w, https:\/\/cooltivarte.com\/portal\/wp-content\/uploads\/2025\/08\/Sandra-Costabel-1152x1536.jpeg 1152w, https:\/\/cooltivarte.com\/portal\/wp-content\/uploads\/2025\/08\/Sandra-Costabel.jpeg 1536w\" sizes=\"(max-width: 768px) 100vw, 768px\" \/><figcaption id=\"caption-attachment-116687\" class=\"wp-caption-text\">Sandra Costabel<\/figcaption><\/figure>\n<p><b>Sandra Costabel recibir\u00e1 el Premio Estrella del Sur 2025 en Montevideo<\/b><\/p>\n<p><span style=\"font-weight: 400;\">La cantante, compositora y gestora cultural uruguaya Sandra Costabel ser\u00e1 distinguida con el Premio Estrella del Sur 2025, un reconocimiento que se entrega a nivel nacional e internacional a artistas, escritores, m\u00fasicos, actores, gestores culturales y sociales que contribuyen al desarrollo de la comunidad desde su quehacer.&nbsp;<\/span><\/p>\n<p><span style=\"font-weight: 400;\">La ceremonia tendr\u00e1 lugar el pr\u00f3ximo <strong>s\u00e1bado 20 de setiembre 2025<\/strong> en el <strong>Hotel Radisson de Montevideo<\/strong>, en el marco de una gala que reunir\u00e1 a referentes culturales y sociales del pa\u00eds y del extranjero.&nbsp;<\/span><\/p>\n<p><span style=\"font-weight: 400;\">El <strong><a href=\"https:\/\/www.premioestrelladelsur.com\/\" target=\"_blank\" rel=\"noopener\">Premio Estrella del Sur<\/a> <\/strong>naci\u00f3 en Uruguay en 2017, impulsado por la Comunidad Literaria Versos Compartidos junto a la Esquina Cultural La Paz, y se ha consolidado como un homenaje en vida a quienes trabajan de manera constante y comprometida en el arte, la cultura y la sociedad.&nbsp;<\/span><\/p>\n<p><span style=\"font-weight: 400;\">Sandra Costabel, propuesta por su colega y amigo Leonel Far\u00edas, ha desarrollado una trayectoria art\u00edstica que integra m\u00fasica popular, tango y folklore latinoamericano con proyectos sociales y educativos en Uruguay y en el exterior. Su trabajo ha sido presentado en escenarios de Am\u00e9rica y Europa, siempre con una mirada puesta en el v\u00ednculo entre arte, memoria y transformaci\u00f3n social.&nbsp;<\/span><\/p>\n<p><b>\u201cRecibo este reconocimiento con mucha gratitud, como un est\u00edmulo que comparto con todas las personas y comunidades que me han acompa\u00f1ado en este camino\u201d, expres\u00f3 Costabel.&nbsp;<\/b><\/p>\n<p><a href=\"https:\/\/linktr.ee\/sandracostabel\" target=\"_blank\" rel=\"noopener\">https:\/\/linktr.ee\/sandracostabel<\/a><\/p>\n<p>&nbsp;<\/p>\n","protected":false},"excerpt":{"rendered":"<p>Sandra Costabel recibir\u00e1 el Premio Estrella del Sur 2025 en Montevideo<\/p>\n<p>La cantante, compositora y gestora cultural uruguaya Sandra Costabel ser\u00e1 distinguida con el Premio Estrella del Sur 2025, un reconocimiento que se entrega a nivel nacional e internacional a artistas, escritores, m\u00fasicos, actores, gestores culturales y sociales que contribuyen al desarrollo de la comunidad desde su quehacer.\u00a0<\/p>\n<p>La ceremonia tendr\u00e1 lugar el pr\u00f3ximo s\u00e1bado 20 de setiembre 2025 en el Hotel Radisson de Montevideo, en el marco de una gala que reunir\u00e1 a referentes culturales y sociales del pa\u00eds y del extranjero.\u00a0<\/p>\n<p>El Premio Estrella del Sur naci\u00f3 en Uruguay en 2017, impulsado por la Comunidad Literaria Versos Compartidos junto a la Esquina Cultural La Paz, y se ha consolidado como un homenaje en vida a quienes trabajan de manera constante y comprometida en el arte, la cultura y la sociedad.\u00a0<\/p>\n","protected":false},"author":8,"featured_media":116687,"comment_status":"closed","ping_status":"closed","sticky":false,"template":"","format":"standard","meta":{"om_disable_all_campaigns":false,"ngg_post_thumbnail":0,"jnews-multi-image_gallery":[],"jnews_single_post":{"subtitle":"s\u00e1bado 20 de setiembre 2025 en el Hotel Radisson de Montevideo","format":"standard","override":[{"template":"4","parallax":"1","layout":"right-sidebar","sidebar":"default-sidebar","second_sidebar":"default-sidebar","sticky_sidebar":"1","share_position":"bottom","share_float_style":"share-monocrhome","show_share_counter":"1","show_view_counter":"1","show_featured":"1","show_post_meta":"1","show_post_author":"1","show_post_author_image":"1","show_post_date":"1","post_date_format":"default","post_date_format_custom":"Y\/m\/d","show_post_category":"1","post_reading_time_wpm":"300","post_calculate_word_method":"str_word_count","zoom_button_out_step":"2","zoom_button_in_step":"3","show_post_tag":"1","show_prev_next_post":"1","show_popup_post":"1","number_popup_post":"1","show_author_box":"1","show_post_related":"0","show_inline_post_related":"0"}],"image_override":[{"single_post_thumbnail_size":"no-crop","single_post_gallery_size":"crop-500"}],"trending_post_position":"meta","trending_post_label":"Trending","sponsored_post_label":"Sponsored by","disable_ad":"0"},"jnews_primary_category":[],"jnews_social_meta":[],"jnews_override_counter":{"view_counter_number":"0","share_counter_number":"0","like_counter_number":"0","dislike_counter_number":"0"},"footnotes":""},"categories":[13675],"tags":[24408,24409,24407],"class_list":["post-116686","post","type-post","status-publish","format-standard","has-post-thumbnail","hentry","category-novedades","tag-hotel-radisson-de-montevideo","tag-premio-estrella-del-sur","tag-sandra-costabel"],"yoast_head":"<!-- This site is optimized with the Yoast SEO plugin v27.4 - https:\/\/yoast.com\/product\/yoast-seo-wordpress\/ -->\n<title>Sandra Costabel recibir\u00e1 el Premio Estrella del Sur 2025 en Montevideo - Cooltivarte Portal<\/title>\n<meta name=\"description\" content=\"La ceremonia tendr\u00e1 lugar el pr\u00f3ximo s\u00e1bado 20 de setiembre 2025 en el Hotel Radisson de Montevideo, en el marco de una gala que reunir\u00e1 a referentes culturales y sociales del pa\u00eds y del extranjero.\u00a0\" \/>\n<meta name=\"robots\" content=\"index, follow, max-snippet:-1, max-image-preview:large, max-video-preview:-1\" \/>\n<link rel=\"canonical\" href=\"https:\/\/cooltivarte.com\/portal\/sandra-costabel-recibira-el-premio-estrella-del-sur-2025-en-montevideo\/\" \/>\n<meta property=\"og:locale\" content=\"es_ES\" \/>\n<meta property=\"og:type\" content=\"article\" \/>\n<meta property=\"og:title\" content=\"Sandra Costabel recibir\u00e1 el Premio Estrella del Sur 2025 en Montevideo\" \/>\n<meta property=\"og:description\" content=\"La ceremonia tendr\u00e1 lugar el pr\u00f3ximo s\u00e1bado 20 de setiembre 2025 en el Hotel Radisson de Montevideo, en el marco de una gala que reunir\u00e1 a referentes culturales y sociales del pa\u00eds y del extranjero.\u00a0\" \/>\n<meta property=\"og:url\" content=\"https:\/\/cooltivarte.com\/portal\/sandra-costabel-recibira-el-premio-estrella-del-sur-2025-en-montevideo\/\" \/>\n<meta property=\"og:site_name\" content=\"Cooltivarte Portal\" \/>\n<meta property=\"article:publisher\" content=\"https:\/\/www.facebook.com\/cooltivartecom\/\" \/>\n<meta property=\"article:author\" content=\"https:\/\/www.facebook.com\/cooltivartecom\" \/>\n<meta property=\"article:published_time\" content=\"2025-08-23T10:55:45+00:00\" \/>\n<meta property=\"article:modified_time\" content=\"2025-08-27T11:05:17+00:00\" \/>\n<meta property=\"og:image\" content=\"https:\/\/cooltivarte.com\/portal\/wp-content\/uploads\/2025\/08\/Sandra-Costabel.jpeg\" \/>\n\t<meta property=\"og:image:width\" content=\"1536\" \/>\n\t<meta property=\"og:image:height\" content=\"2048\" \/>\n\t<meta property=\"og:image:type\" content=\"image\/jpeg\" \/>\n<meta name=\"author\" content=\"Cooltivarte\" \/>\n<meta name=\"twitter:card\" content=\"summary_large_image\" \/>\n<meta name=\"twitter:title\" content=\"Sandra Costabel recibir\u00e1 el Premio Estrella del Sur 2025 en Montevideo\" \/>\n<meta name=\"twitter:description\" content=\"La ceremonia tendr\u00e1 lugar el pr\u00f3ximo s\u00e1bado 20 de setiembre 2025 en el Hotel Radisson de Montevideo, en el marco de una gala que reunir\u00e1 a referentes culturales y sociales del pa\u00eds y del extranjero.\u00a0\" \/>\n<meta name=\"twitter:image\" content=\"https:\/\/cooltivarte.com\/portal\/wp-content\/uploads\/2025\/08\/Sandra-Costabel.jpeg\" \/>\n<meta name=\"twitter:creator\" content=\"@https:\/\/x.com\/obolocultural\" \/>\n<meta name=\"twitter:site\" content=\"@obolocultural\" \/>\n<meta name=\"twitter:label1\" content=\"Escrito por\" \/>\n\t<meta name=\"twitter:data1\" content=\"Cooltivarte\" \/>\n\t<meta name=\"twitter:label2\" content=\"Tiempo de lectura\" \/>\n\t<meta name=\"twitter:data2\" content=\"2 minutos\" \/>\n<!-- \/ Yoast SEO plugin. -->","yoast_head_json":{"title":"Sandra Costabel recibir\u00e1 el Premio Estrella del Sur 2025 en Montevideo - Cooltivarte Portal","description":"La ceremonia tendr\u00e1 lugar el pr\u00f3ximo s\u00e1bado 20 de setiembre 2025 en el Hotel Radisson de Montevideo, en el marco de una gala que reunir\u00e1 a referentes culturales y sociales del pa\u00eds y del extranjero.\u00a0","robots":{"index":"index","follow":"follow","max-snippet":"max-snippet:-1","max-image-preview":"max-image-preview:large","max-video-preview":"max-video-preview:-1"},"canonical":"https:\/\/cooltivarte.com\/portal\/sandra-costabel-recibira-el-premio-estrella-del-sur-2025-en-montevideo\/","og_locale":"es_ES","og_type":"article","og_title":"Sandra Costabel recibir\u00e1 el Premio Estrella del Sur 2025 en Montevideo","og_description":"La ceremonia tendr\u00e1 lugar el pr\u00f3ximo s\u00e1bado 20 de setiembre 2025 en el Hotel Radisson de Montevideo, en el marco de una gala que reunir\u00e1 a referentes culturales y sociales del pa\u00eds y del extranjero.\u00a0","og_url":"https:\/\/cooltivarte.com\/portal\/sandra-costabel-recibira-el-premio-estrella-del-sur-2025-en-montevideo\/","og_site_name":"Cooltivarte Portal","article_publisher":"https:\/\/www.facebook.com\/cooltivartecom\/","article_author":"https:\/\/www.facebook.com\/cooltivartecom","article_published_time":"2025-08-23T10:55:45+00:00","article_modified_time":"2025-08-27T11:05:17+00:00","og_image":[{"width":1536,"height":2048,"url":"https:\/\/cooltivarte.com\/portal\/wp-content\/uploads\/2025\/08\/Sandra-Costabel.jpeg","type":"image\/jpeg"}],"author":"Cooltivarte","twitter_card":"summary_large_image","twitter_title":"Sandra Costabel recibir\u00e1 el Premio Estrella del Sur 2025 en Montevideo","twitter_description":"La ceremonia tendr\u00e1 lugar el pr\u00f3ximo s\u00e1bado 20 de setiembre 2025 en el Hotel Radisson de Montevideo, en el marco de una gala que reunir\u00e1 a referentes culturales y sociales del pa\u00eds y del extranjero.\u00a0","twitter_image":"https:\/\/cooltivarte.com\/portal\/wp-content\/uploads\/2025\/08\/Sandra-Costabel.jpeg","twitter_creator":"@https:\/\/x.com\/obolocultural","twitter_site":"@obolocultural","twitter_misc":{"Escrito por":"Cooltivarte","Tiempo de lectura":"2 minutos"},"schema":{"@context":"https:\/\/schema.org","@graph":[{"@type":"NewsArticle","@id":"https:\/\/cooltivarte.com\/portal\/sandra-costabel-recibira-el-premio-estrella-del-sur-2025-en-montevideo\/#article","isPartOf":{"@id":"https:\/\/cooltivarte.com\/portal\/sandra-costabel-recibira-el-premio-estrella-del-sur-2025-en-montevideo\/"},"author":{"name":"Cooltivarte","@id":"https:\/\/cooltivarte.com\/portal\/#\/schema\/person\/ec2a4f4e71b740d0c559c0ab9a157e19"},"headline":"Sandra Costabel recibir\u00e1 el Premio Estrella del Sur 2025 en Montevideo","datePublished":"2025-08-23T10:55:45+00:00","dateModified":"2025-08-27T11:05:17+00:00","mainEntityOfPage":{"@id":"https:\/\/cooltivarte.com\/portal\/sandra-costabel-recibira-el-premio-estrella-del-sur-2025-en-montevideo\/"},"wordCount":263,"publisher":{"@id":"https:\/\/cooltivarte.com\/portal\/#organization"},"image":{"@id":"https:\/\/cooltivarte.com\/portal\/sandra-costabel-recibira-el-premio-estrella-del-sur-2025-en-montevideo\/#primaryimage"},"thumbnailUrl":"https:\/\/cooltivarte.com\/portal\/wp-content\/uploads\/2025\/08\/Sandra-Costabel.jpeg","keywords":["Hotel Radisson de Montevideo","Premio Estrella del Sur","Sandra Costabel"],"articleSection":["Novedades"],"inLanguage":"es-AR"},{"@type":"WebPage","@id":"https:\/\/cooltivarte.com\/portal\/sandra-costabel-recibira-el-premio-estrella-del-sur-2025-en-montevideo\/","url":"https:\/\/cooltivarte.com\/portal\/sandra-costabel-recibira-el-premio-estrella-del-sur-2025-en-montevideo\/","name":"Sandra Costabel recibir\u00e1 el Premio Estrella del Sur 2025 en Montevideo - Cooltivarte Portal","isPartOf":{"@id":"https:\/\/cooltivarte.com\/portal\/#website"},"primaryImageOfPage":{"@id":"https:\/\/cooltivarte.com\/portal\/sandra-costabel-recibira-el-premio-estrella-del-sur-2025-en-montevideo\/#primaryimage"},"image":{"@id":"https:\/\/cooltivarte.com\/portal\/sandra-costabel-recibira-el-premio-estrella-del-sur-2025-en-montevideo\/#primaryimage"},"thumbnailUrl":"https:\/\/cooltivarte.com\/portal\/wp-content\/uploads\/2025\/08\/Sandra-Costabel.jpeg","datePublished":"2025-08-23T10:55:45+00:00","dateModified":"2025-08-27T11:05:17+00:00","description":"La ceremonia tendr\u00e1 lugar el pr\u00f3ximo s\u00e1bado 20 de setiembre 2025 en el Hotel Radisson de Montevideo, en el marco de una gala que reunir\u00e1 a referentes culturales y sociales del pa\u00eds y del extranjero.\u00a0","breadcrumb":{"@id":"https:\/\/cooltivarte.com\/portal\/sandra-costabel-recibira-el-premio-estrella-del-sur-2025-en-montevideo\/#breadcrumb"},"inLanguage":"es-AR","potentialAction":[{"@type":"ReadAction","target":["https:\/\/cooltivarte.com\/portal\/sandra-costabel-recibira-el-premio-estrella-del-sur-2025-en-montevideo\/"]}]},{"@type":"ImageObject","inLanguage":"es-AR","@id":"https:\/\/cooltivarte.com\/portal\/sandra-costabel-recibira-el-premio-estrella-del-sur-2025-en-montevideo\/#primaryimage","url":"https:\/\/cooltivarte.com\/portal\/wp-content\/uploads\/2025\/08\/Sandra-Costabel.jpeg","contentUrl":"https:\/\/cooltivarte.com\/portal\/wp-content\/uploads\/2025\/08\/Sandra-Costabel.jpeg","width":1536,"height":2048,"caption":"Sandra Costabel"},{"@type":"BreadcrumbList","@id":"https:\/\/cooltivarte.com\/portal\/sandra-costabel-recibira-el-premio-estrella-del-sur-2025-en-montevideo\/#breadcrumb","itemListElement":[{"@type":"ListItem","position":1,"name":"Portada","item":"https:\/\/cooltivarte.com\/portal\/"},{"@type":"ListItem","position":2,"name":"Sandra Costabel recibir\u00e1 el Premio Estrella del Sur 2025 en Montevideo"}]},{"@type":"WebSite","@id":"https:\/\/cooltivarte.com\/portal\/#website","url":"https:\/\/cooltivarte.com\/portal\/","name":"Cooltivarte Portal","description":"Arte, cultura y turismo para el mundo ...","publisher":{"@id":"https:\/\/cooltivarte.com\/portal\/#organization"},"potentialAction":[{"@type":"SearchAction","target":{"@type":"EntryPoint","urlTemplate":"https:\/\/cooltivarte.com\/portal\/?s={search_term_string}"},"query-input":{"@type":"PropertyValueSpecification","valueRequired":true,"valueName":"search_term_string"}}],"inLanguage":"es-AR"},{"@type":"Organization","@id":"https:\/\/cooltivarte.com\/portal\/#organization","name":"cooltivarte","url":"https:\/\/cooltivarte.com\/portal\/","logo":{"@type":"ImageObject","inLanguage":"es-AR","@id":"https:\/\/cooltivarte.com\/portal\/#\/schema\/logo\/image\/","url":"https:\/\/cooltivarte.com\/portal\/wp-content\/uploads\/2020\/04\/logo-cooltivarte-v2.png","contentUrl":"https:\/\/cooltivarte.com\/portal\/wp-content\/uploads\/2020\/04\/logo-cooltivarte-v2.png","width":851,"height":243,"caption":"cooltivarte"},"image":{"@id":"https:\/\/cooltivarte.com\/portal\/#\/schema\/logo\/image\/"},"sameAs":["https:\/\/www.facebook.com\/cooltivartecom\/","https:\/\/x.com\/obolocultural","https:\/\/www.instagram.com\/_cooltivarte_\/","https:\/\/www.linkedin.com\/company\/-bolocultural?reportsuccess=8zaNG1HwhPbAR9iQhZ5rfGeqz_vQFftHun0ZWU0Wy9vNemRJ8vtcKdJvzQfW8XagyOJSKg0XvfJ1dp","https:\/\/www.pinterest.com\/cooltivarte\/","https:\/\/cooltivarte.tumblr.com\/","https:\/\/www.tiktok.com\/@cooltivarte","https:\/\/www.youtube.com\/@PrensaCooltivarte"]},{"@type":"Person","@id":"https:\/\/cooltivarte.com\/portal\/#\/schema\/person\/ec2a4f4e71b740d0c559c0ab9a157e19","name":"Cooltivarte","image":{"@type":"ImageObject","inLanguage":"es-AR","@id":"https:\/\/cooltivarte.com\/portal\/wp-content\/uploads\/2014\/05\/logo-cooltivarte-120x120.jpg","url":"https:\/\/cooltivarte.com\/portal\/wp-content\/uploads\/2014\/05\/logo-cooltivarte-120x120.jpg","contentUrl":"https:\/\/cooltivarte.com\/portal\/wp-content\/uploads\/2014\/05\/logo-cooltivarte-120x120.jpg","caption":"Cooltivarte"},"description":"Somos COOLTIVARTE.COM. Un portal digital dedicado a difundir el acontecer art\u00edstico y cultural del Uruguay. Estamos en la vuelta desde el a\u00f1o 2003, y como evoluci\u00f3n del bolet\u00edn Obolo Cultural, nos encontramos abocados a apoyar a los artistas nacionales brind\u00e1ndoles un espacio de difusi\u00f3n. Creemos en la idea de utilizar la potencialidad que hoy d\u00eda nos otorga la web, para que la cultura uruguaya y sus creadores dispongan de una din\u00e1mica ventana, que los ponga en contacto entre s\u00ed y con el mundo. Somos COOLTIVARTE.COM y pretendemos configurarnos como un portal din\u00e1mico, entretenido y atento a los nuevos emprendimientos, que busque siempre la interacci\u00f3n con los artistas.","sameAs":["http:\/\/www.cooltivarte.com","https:\/\/www.facebook.com\/cooltivartecom","https:\/\/www.instagram.com\/_cooltivarte_\/","https:\/\/www.linkedin.com\/company\/-bolocultural","https:\/\/www.pinterest.com\/cooltivarte\/","https:\/\/x.com\/https:\/\/x.com\/obolocultural","https:\/\/www.youtube.com\/@PrensaCooltivarte","https:\/\/www.tumblr.com\/blog\/cooltivarte"],"url":"https:\/\/cooltivarte.com\/portal\/author\/cooltivarte\/"}]}},"_links":{"self":[{"href":"https:\/\/cooltivarte.com\/portal\/wp-json\/wp\/v2\/posts\/116686","targetHints":{"allow":["GET"]}}],"collection":[{"href":"https:\/\/cooltivarte.com\/portal\/wp-json\/wp\/v2\/posts"}],"about":[{"href":"https:\/\/cooltivarte.com\/portal\/wp-json\/wp\/v2\/types\/post"}],"author":[{"embeddable":true,"href":"https:\/\/cooltivarte.com\/portal\/wp-json\/wp\/v2\/users\/8"}],"replies":[{"embeddable":true,"href":"https:\/\/cooltivarte.com\/portal\/wp-json\/wp\/v2\/comments?post=116686"}],"version-history":[{"count":1,"href":"https:\/\/cooltivarte.com\/portal\/wp-json\/wp\/v2\/posts\/116686\/revisions"}],"predecessor-version":[{"id":116689,"href":"https:\/\/cooltivarte.com\/portal\/wp-json\/wp\/v2\/posts\/116686\/revisions\/116689"}],"wp:featuredmedia":[{"embeddable":true,"href":"https:\/\/cooltivarte.com\/portal\/wp-json\/wp\/v2\/media\/116687"}],"wp:attachment":[{"href":"https:\/\/cooltivarte.com\/portal\/wp-json\/wp\/v2\/media?parent=116686"}],"wp:term":[{"taxonomy":"category","embeddable":true,"href":"https:\/\/cooltivarte.com\/portal\/wp-json\/wp\/v2\/categories?post=116686"},{"taxonomy":"post_tag","embeddable":true,"href":"https:\/\/cooltivarte.com\/portal\/wp-json\/wp\/v2\/tags?post=116686"}],"curies":[{"name":"wp","href":"https:\/\/api.w.org\/{rel}","templated":true}]}}