{"id":116504,"date":"2025-08-20T11:27:00","date_gmt":"2025-08-20T14:27:00","guid":{"rendered":"https:\/\/cooltivarte.com\/portal\/?p=116504"},"modified":"2025-08-20T11:27:00","modified_gmt":"2025-08-20T14:27:00","slug":"que-no-quede-en-el-tintero-de-mauricio-rodriguez","status":"publish","type":"post","link":"https:\/\/cooltivarte.com\/portal\/que-no-quede-en-el-tintero-de-mauricio-rodriguez\/","title":{"rendered":"Que no quede en el tintero de Mauricio Rodr\u00edguez"},"content":{"rendered":"<figure id=\"attachment_116505\" aria-describedby=\"caption-attachment-116505\" style=\"width: 683px\" class=\"wp-caption aligncenter\"><img fetchpriority=\"high\" decoding=\"async\" class=\"wp-image-116505 size-large\" title=\"Que no quede en el tintero de Mauricio Rodr\u00edguez\" src=\"https:\/\/cooltivarte.com\/portal\/wp-content\/uploads\/2025\/08\/que-no-quede-en-el-tintero-683x1024.jpeg\" alt=\"tapa de libro\" width=\"683\" height=\"1024\" srcset=\"https:\/\/cooltivarte.com\/portal\/wp-content\/uploads\/2025\/08\/que-no-quede-en-el-tintero-683x1024.jpeg 683w, https:\/\/cooltivarte.com\/portal\/wp-content\/uploads\/2025\/08\/que-no-quede-en-el-tintero-200x300.jpeg 200w, https:\/\/cooltivarte.com\/portal\/wp-content\/uploads\/2025\/08\/que-no-quede-en-el-tintero-768x1151.jpeg 768w, https:\/\/cooltivarte.com\/portal\/wp-content\/uploads\/2025\/08\/que-no-quede-en-el-tintero-1025x1536.jpeg 1025w, https:\/\/cooltivarte.com\/portal\/wp-content\/uploads\/2025\/08\/que-no-quede-en-el-tintero.jpeg 1170w\" sizes=\"(max-width: 683px) 100vw, 683px\" \/><figcaption id=\"caption-attachment-116505\" class=\"wp-caption-text\">Que no quede en el tintero de Mauricio Rodr\u00edguez<\/figcaption><\/figure>\n<p>\u201c<em><strong>Que no quede en el tintero. Las historias m\u00e1s incre\u00edbles de la m\u00fasica uruguaya<\/strong><\/em>\u201d.<\/p>\n<p>Un largo collar de recuerdos y an\u00e9cdotas que van desde <a href=\"https:\/\/cooltivarte.com\/portal\/?s=Amalia+de+la+Vega\" target=\"_blank\" rel=\"noopener\"><strong>Amalia de la Vega<\/strong><\/a> a <a href=\"https:\/\/cooltivarte.com\/portal\/?s=Luana\" target=\"_blank\" rel=\"noopener\"><strong>Luana<\/strong><\/a>, desde <a href=\"https:\/\/cooltivarte.com\/portal\/?s=Jaime+Roos\" target=\"_blank\" rel=\"noopener\"><strong>Jaime Roos<\/strong><\/a> a <a href=\"https:\/\/cooltivarte.com\/portal\/?s=Karibe+con+K\" target=\"_blank\" rel=\"noopener\"><strong>Karibe con K<\/strong><\/a> o desde <a href=\"https:\/\/cooltivarte.com\/portal\/?s=Laura+Canoura\" target=\"_blank\" rel=\"noopener\"><strong>Laura Canoura<\/strong><\/a> a <a href=\"https:\/\/cooltivarte.com\/portal\/?s=Gustavo+Noceti\" target=\"_blank\" rel=\"noopener\"><strong>Gustavo Noceti<\/strong><\/a>, <a href=\"https:\/\/cooltivarte.com\/portal\/?s=Chacho+Ramos\" target=\"_blank\" rel=\"noopener\"><strong>Chacho Ramos<\/strong><\/a> o <a href=\"https:\/\/cooltivarte.com\/portal\/?s=No+Te+Va+Gustar\" target=\"_blank\" rel=\"noopener\"><strong>No Te Va Gustar<\/strong><\/a>.<\/p>\n<p>En breve en su librer\u00eda amiga. Editado por <a href=\"https:\/\/www.instagram.com\/planetadelibrosuy\/\" target=\"_blank\" rel=\"noopener\">@planetadelibrosuy<\/a><\/p>\n<p><strong>Dice en la contratapa:<\/strong> <em>\u00bfCu\u00e1ntas historias desconocidas forjaron el mapa secreto de la m\u00fasica uruguaya? Que no quede en el tintero es un recorrido fascinante por algunos de los caminos m\u00e1s emblem\u00e1ticos del cancionero nacional. Con entusiasmo de fan\u00e1tico y erudici\u00f3n de experto, <a href=\"https:\/\/cooltivarte.com\/portal\/?s=Mauricio+Rodr%C3%ADguez\" target=\"_blank\" rel=\"noopener\"><strong>Mauricio Rodr\u00edguez<\/strong><\/a> nos conduce a trav\u00e9s de una multitud de episodios ins\u00f3litos, hilarantes o emotivos que reconstruyen el rostro m\u00faltiple de la historia musical del Uruguay.<\/em><br \/>\n<em>Este libro inagotable, destinado a la relectura constante, explora el inabarcable territorio de la creaci\u00f3n: desde la epifan\u00eda inicial que lleva<\/em><\/p>\n<p><a href=\"https:\/\/www.instagram.com\/mauricio_rou\/\" target=\"_blank\" rel=\"noopener\">@\u00e9mauricio_rou<\/a><\/p>\n<p>&nbsp;<\/p>\n<p>&nbsp;<\/p>\n<p>&nbsp;<\/p>\n","protected":false},"excerpt":{"rendered":"<p>\u201cQue no quede en el tintero. Las historias m\u00e1s incre\u00edbles de la m\u00fasica uruguaya\u201d.<\/p>\n<p>Un largo collar de recuerdos y an\u00e9cdotas que van desde Amalia de la Vega a Luana, desde Jaime Roos a Karibe con K o desde Laura Canoura a Gustavo Noceti, Chacho Ramos o No Te Va Gustar.<\/p>\n<p>En breve en su librer\u00eda amiga. Editado por @planetadelibrosuy<\/p>\n<p>Dice en la contratapa: \u00bfCu\u00e1ntas historias desconocidas forjaron el mapa secreto de la m\u00fasica uruguaya? Que no quede en el tintero es un recorrido fascinante por algunos de los caminos m\u00e1s emblem\u00e1ticos del cancionero nacional. Con entusiasmo de fan\u00e1tico y erudici\u00f3n de experto, Mauricio Rodr\u00edguez nos conduce a trav\u00e9s de una multitud de episodios ins\u00f3litos, hilarantes o emotivos que reconstruyen el rostro m\u00faltiple de la historia musical del Uruguay.<br \/>\nEste libro inagotable, destinado a la relectura constante, explora el inabarcable territorio de la creaci\u00f3n: desde la epifan\u00eda inicial que lleva<\/p>\n","protected":false},"author":8,"featured_media":116505,"comment_status":"closed","ping_status":"closed","sticky":false,"template":"","format":"standard","meta":{"om_disable_all_campaigns":false,"ngg_post_thumbnail":0,"jnews-multi-image_gallery":[],"jnews_single_post":{"format":"standard","override":[{"template":"4","parallax":"1","layout":"right-sidebar","sidebar":"default-sidebar","second_sidebar":"default-sidebar","sticky_sidebar":"1","share_position":"bottom","share_float_style":"share-monocrhome","show_share_counter":"1","show_view_counter":"1","show_featured":"1","show_post_meta":"1","show_post_author":"1","show_post_author_image":"1","show_post_date":"1","post_date_format":"default","post_date_format_custom":"Y\/m\/d","show_post_category":"1","post_reading_time_wpm":"300","post_calculate_word_method":"str_word_count","zoom_button_out_step":"2","zoom_button_in_step":"3","show_post_tag":"1","show_prev_next_post":"1","show_popup_post":"1","number_popup_post":"1","show_author_box":"1","show_post_related":"0","show_inline_post_related":"0"}],"image_override":[{"single_post_thumbnail_size":"no-crop","single_post_gallery_size":"crop-500"}],"trending_post_position":"meta","trending_post_label":"Trending","sponsored_post_label":"Sponsored by","disable_ad":"0","subtitle":"Las historias m\u00e1s incre\u00edbles de la m\u00fasica uruguaya"},"jnews_primary_category":[],"jnews_social_meta":[],"jnews_override_counter":{"view_counter_number":"0","share_counter_number":"0","like_counter_number":"0","dislike_counter_number":"0"},"footnotes":""},"categories":[56],"tags":[9648,322],"class_list":["post-116504","post","type-post","status-publish","format-standard","has-post-thumbnail","hentry","category-narradores","tag-mauricio-rodriguez","tag-musica-uruguaya"],"yoast_head":"<!-- This site is optimized with the Yoast SEO plugin v27.5 - https:\/\/yoast.com\/product\/yoast-seo-wordpress\/ -->\n<title>Que no quede en el tintero de Mauricio Rodr\u00edguez - Cooltivarte Portal<\/title>\n<meta name=\"description\" content=\"Un largo collar de recuerdos y an\u00e9cdotas que van desde Amalia de la Vega a Luana, desde Jaime Roos a Karibe con K o desde Laura Canoura a Gustavo Noceti, Chacho Ramos o No Te Va Gustar.\" \/>\n<meta name=\"robots\" content=\"index, follow, max-snippet:-1, max-image-preview:large, max-video-preview:-1\" \/>\n<link rel=\"canonical\" href=\"https:\/\/cooltivarte.com\/portal\/que-no-quede-en-el-tintero-de-mauricio-rodriguez\/\" \/>\n<meta property=\"og:locale\" content=\"es_ES\" \/>\n<meta property=\"og:type\" content=\"article\" \/>\n<meta property=\"og:title\" content=\"Que no quede en el tintero de Mauricio Rodr\u00edguez - Las historias m\u00e1s incre\u00edbles de la m\u00fasica uruguaya\" \/>\n<meta property=\"og:description\" content=\"Un largo collar de recuerdos y an\u00e9cdotas que van desde Amalia de la Vega a Luana, desde Jaime Roos a Karibe con K o desde Laura Canoura a Gustavo Noceti, Chacho Ramos o No Te Va Gustar.\" \/>\n<meta property=\"og:url\" content=\"https:\/\/cooltivarte.com\/portal\/que-no-quede-en-el-tintero-de-mauricio-rodriguez\/\" \/>\n<meta property=\"og:site_name\" content=\"Cooltivarte Portal\" \/>\n<meta property=\"article:publisher\" content=\"https:\/\/www.facebook.com\/cooltivartecom\/\" \/>\n<meta property=\"article:author\" content=\"https:\/\/www.facebook.com\/cooltivartecom\" \/>\n<meta property=\"article:published_time\" content=\"2025-08-20T14:27:00+00:00\" \/>\n<meta property=\"og:image\" content=\"https:\/\/cooltivarte.com\/portal\/wp-content\/uploads\/2025\/08\/que-no-quede-en-el-tintero.jpeg\" \/>\n\t<meta property=\"og:image:width\" content=\"1170\" \/>\n\t<meta property=\"og:image:height\" content=\"1754\" \/>\n\t<meta property=\"og:image:type\" content=\"image\/jpeg\" \/>\n<meta name=\"author\" content=\"Cooltivarte\" \/>\n<meta name=\"twitter:card\" content=\"summary_large_image\" \/>\n<meta name=\"twitter:title\" content=\"Que no quede en el tintero de Mauricio Rodr\u00edguez - Las historias m\u00e1s incre\u00edbles de la m\u00fasica uruguaya\" \/>\n<meta name=\"twitter:description\" content=\"Un largo collar de recuerdos y an\u00e9cdotas que van desde Amalia de la Vega a Luana, desde Jaime Roos a Karibe con K o desde Laura Canoura a Gustavo Noceti, Chacho Ramos o No Te Va Gustar.\" \/>\n<meta name=\"twitter:image\" content=\"https:\/\/cooltivarte.com\/portal\/wp-content\/uploads\/2025\/08\/que-no-quede-en-el-tintero.jpeg\" \/>\n<meta name=\"twitter:creator\" content=\"@https:\/\/x.com\/obolocultural\" \/>\n<meta name=\"twitter:site\" content=\"@obolocultural\" \/>\n<meta name=\"twitter:label1\" content=\"Escrito por\" \/>\n\t<meta name=\"twitter:data1\" content=\"Cooltivarte\" \/>\n\t<meta name=\"twitter:label2\" content=\"Tiempo de lectura\" \/>\n\t<meta name=\"twitter:data2\" content=\"2 minutos\" \/>\n<!-- \/ Yoast SEO plugin. -->","yoast_head_json":{"title":"Que no quede en el tintero de Mauricio Rodr\u00edguez - Cooltivarte Portal","description":"Un largo collar de recuerdos y an\u00e9cdotas que van desde Amalia de la Vega a Luana, desde Jaime Roos a Karibe con K o desde Laura Canoura a Gustavo Noceti, Chacho Ramos o No Te Va Gustar.","robots":{"index":"index","follow":"follow","max-snippet":"max-snippet:-1","max-image-preview":"max-image-preview:large","max-video-preview":"max-video-preview:-1"},"canonical":"https:\/\/cooltivarte.com\/portal\/que-no-quede-en-el-tintero-de-mauricio-rodriguez\/","og_locale":"es_ES","og_type":"article","og_title":"Que no quede en el tintero de Mauricio Rodr\u00edguez - Las historias m\u00e1s incre\u00edbles de la m\u00fasica uruguaya","og_description":"Un largo collar de recuerdos y an\u00e9cdotas que van desde Amalia de la Vega a Luana, desde Jaime Roos a Karibe con K o desde Laura Canoura a Gustavo Noceti, Chacho Ramos o No Te Va Gustar.","og_url":"https:\/\/cooltivarte.com\/portal\/que-no-quede-en-el-tintero-de-mauricio-rodriguez\/","og_site_name":"Cooltivarte Portal","article_publisher":"https:\/\/www.facebook.com\/cooltivartecom\/","article_author":"https:\/\/www.facebook.com\/cooltivartecom","article_published_time":"2025-08-20T14:27:00+00:00","og_image":[{"width":1170,"height":1754,"url":"https:\/\/cooltivarte.com\/portal\/wp-content\/uploads\/2025\/08\/que-no-quede-en-el-tintero.jpeg","type":"image\/jpeg"}],"author":"Cooltivarte","twitter_card":"summary_large_image","twitter_title":"Que no quede en el tintero de Mauricio Rodr\u00edguez - Las historias m\u00e1s incre\u00edbles de la m\u00fasica uruguaya","twitter_description":"Un largo collar de recuerdos y an\u00e9cdotas que van desde Amalia de la Vega a Luana, desde Jaime Roos a Karibe con K o desde Laura Canoura a Gustavo Noceti, Chacho Ramos o No Te Va Gustar.","twitter_image":"https:\/\/cooltivarte.com\/portal\/wp-content\/uploads\/2025\/08\/que-no-quede-en-el-tintero.jpeg","twitter_creator":"@https:\/\/x.com\/obolocultural","twitter_site":"@obolocultural","twitter_misc":{"Escrito por":"Cooltivarte","Tiempo de lectura":"2 minutos"},"schema":{"@context":"https:\/\/schema.org","@graph":[{"@type":"NewsArticle","@id":"https:\/\/cooltivarte.com\/portal\/que-no-quede-en-el-tintero-de-mauricio-rodriguez\/#article","isPartOf":{"@id":"https:\/\/cooltivarte.com\/portal\/que-no-quede-en-el-tintero-de-mauricio-rodriguez\/"},"author":{"name":"Cooltivarte","@id":"https:\/\/cooltivarte.com\/portal\/#\/schema\/person\/ec2a4f4e71b740d0c559c0ab9a157e19"},"headline":"Que no quede en el tintero de Mauricio Rodr\u00edguez","datePublished":"2025-08-20T14:27:00+00:00","mainEntityOfPage":{"@id":"https:\/\/cooltivarte.com\/portal\/que-no-quede-en-el-tintero-de-mauricio-rodriguez\/"},"wordCount":199,"publisher":{"@id":"https:\/\/cooltivarte.com\/portal\/#organization"},"image":{"@id":"https:\/\/cooltivarte.com\/portal\/que-no-quede-en-el-tintero-de-mauricio-rodriguez\/#primaryimage"},"thumbnailUrl":"https:\/\/cooltivarte.com\/portal\/wp-content\/uploads\/2025\/08\/que-no-quede-en-el-tintero.jpeg","keywords":["Mauricio Rodriguez","M\u00fasica Uruguaya"],"articleSection":["Literatura"],"inLanguage":"es-AR"},{"@type":"WebPage","@id":"https:\/\/cooltivarte.com\/portal\/que-no-quede-en-el-tintero-de-mauricio-rodriguez\/","url":"https:\/\/cooltivarte.com\/portal\/que-no-quede-en-el-tintero-de-mauricio-rodriguez\/","name":"Que no quede en el tintero de Mauricio Rodr\u00edguez - Cooltivarte Portal","isPartOf":{"@id":"https:\/\/cooltivarte.com\/portal\/#website"},"primaryImageOfPage":{"@id":"https:\/\/cooltivarte.com\/portal\/que-no-quede-en-el-tintero-de-mauricio-rodriguez\/#primaryimage"},"image":{"@id":"https:\/\/cooltivarte.com\/portal\/que-no-quede-en-el-tintero-de-mauricio-rodriguez\/#primaryimage"},"thumbnailUrl":"https:\/\/cooltivarte.com\/portal\/wp-content\/uploads\/2025\/08\/que-no-quede-en-el-tintero.jpeg","datePublished":"2025-08-20T14:27:00+00:00","description":"Un largo collar de recuerdos y an\u00e9cdotas que van desde Amalia de la Vega a Luana, desde Jaime Roos a Karibe con K o desde Laura Canoura a Gustavo Noceti, Chacho Ramos o No Te Va Gustar.","breadcrumb":{"@id":"https:\/\/cooltivarte.com\/portal\/que-no-quede-en-el-tintero-de-mauricio-rodriguez\/#breadcrumb"},"inLanguage":"es-AR","potentialAction":[{"@type":"ReadAction","target":["https:\/\/cooltivarte.com\/portal\/que-no-quede-en-el-tintero-de-mauricio-rodriguez\/"]}]},{"@type":"ImageObject","inLanguage":"es-AR","@id":"https:\/\/cooltivarte.com\/portal\/que-no-quede-en-el-tintero-de-mauricio-rodriguez\/#primaryimage","url":"https:\/\/cooltivarte.com\/portal\/wp-content\/uploads\/2025\/08\/que-no-quede-en-el-tintero.jpeg","contentUrl":"https:\/\/cooltivarte.com\/portal\/wp-content\/uploads\/2025\/08\/que-no-quede-en-el-tintero.jpeg","width":1170,"height":1754,"caption":"Que no quede en el tintero de Mauricio Rodr\u00edguez - Las historias m\u00e1s incre\u00edbles de la m\u00fasica uruguaya"},{"@type":"BreadcrumbList","@id":"https:\/\/cooltivarte.com\/portal\/que-no-quede-en-el-tintero-de-mauricio-rodriguez\/#breadcrumb","itemListElement":[{"@type":"ListItem","position":1,"name":"Portada","item":"https:\/\/cooltivarte.com\/portal\/"},{"@type":"ListItem","position":2,"name":"Que no quede en el tintero de Mauricio Rodr\u00edguez"}]},{"@type":"WebSite","@id":"https:\/\/cooltivarte.com\/portal\/#website","url":"https:\/\/cooltivarte.com\/portal\/","name":"Cooltivarte Portal","description":"Arte, cultura y turismo para el mundo ...","publisher":{"@id":"https:\/\/cooltivarte.com\/portal\/#organization"},"potentialAction":[{"@type":"SearchAction","target":{"@type":"EntryPoint","urlTemplate":"https:\/\/cooltivarte.com\/portal\/?s={search_term_string}"},"query-input":{"@type":"PropertyValueSpecification","valueRequired":true,"valueName":"search_term_string"}}],"inLanguage":"es-AR"},{"@type":"Organization","@id":"https:\/\/cooltivarte.com\/portal\/#organization","name":"cooltivarte","url":"https:\/\/cooltivarte.com\/portal\/","logo":{"@type":"ImageObject","inLanguage":"es-AR","@id":"https:\/\/cooltivarte.com\/portal\/#\/schema\/logo\/image\/","url":"https:\/\/cooltivarte.com\/portal\/wp-content\/uploads\/2020\/04\/logo-cooltivarte-v2.png","contentUrl":"https:\/\/cooltivarte.com\/portal\/wp-content\/uploads\/2020\/04\/logo-cooltivarte-v2.png","width":851,"height":243,"caption":"cooltivarte"},"image":{"@id":"https:\/\/cooltivarte.com\/portal\/#\/schema\/logo\/image\/"},"sameAs":["https:\/\/www.facebook.com\/cooltivartecom\/","https:\/\/x.com\/obolocultural","https:\/\/www.instagram.com\/_cooltivarte_\/","https:\/\/www.linkedin.com\/company\/-bolocultural?reportsuccess=8zaNG1HwhPbAR9iQhZ5rfGeqz_vQFftHun0ZWU0Wy9vNemRJ8vtcKdJvzQfW8XagyOJSKg0XvfJ1dp","https:\/\/www.pinterest.com\/cooltivarte\/","https:\/\/cooltivarte.tumblr.com\/","https:\/\/www.tiktok.com\/@cooltivarte","https:\/\/www.youtube.com\/@PrensaCooltivarte"]},{"@type":"Person","@id":"https:\/\/cooltivarte.com\/portal\/#\/schema\/person\/ec2a4f4e71b740d0c559c0ab9a157e19","name":"Cooltivarte","image":{"@type":"ImageObject","inLanguage":"es-AR","@id":"https:\/\/cooltivarte.com\/portal\/wp-content\/uploads\/2014\/05\/logo-cooltivarte-120x120.jpg","url":"https:\/\/cooltivarte.com\/portal\/wp-content\/uploads\/2014\/05\/logo-cooltivarte-120x120.jpg","contentUrl":"https:\/\/cooltivarte.com\/portal\/wp-content\/uploads\/2014\/05\/logo-cooltivarte-120x120.jpg","caption":"Cooltivarte"},"description":"Somos COOLTIVARTE.COM. Un portal digital dedicado a difundir el acontecer art\u00edstico y cultural del Uruguay. Estamos en la vuelta desde el a\u00f1o 2003, y como evoluci\u00f3n del bolet\u00edn Obolo Cultural, nos encontramos abocados a apoyar a los artistas nacionales brind\u00e1ndoles un espacio de difusi\u00f3n. Creemos en la idea de utilizar la potencialidad que hoy d\u00eda nos otorga la web, para que la cultura uruguaya y sus creadores dispongan de una din\u00e1mica ventana, que los ponga en contacto entre s\u00ed y con el mundo. Somos COOLTIVARTE.COM y pretendemos configurarnos como un portal din\u00e1mico, entretenido y atento a los nuevos emprendimientos, que busque siempre la interacci\u00f3n con los artistas.","sameAs":["http:\/\/www.cooltivarte.com","https:\/\/www.facebook.com\/cooltivartecom","https:\/\/www.instagram.com\/_cooltivarte_\/","https:\/\/www.linkedin.com\/company\/-bolocultural","https:\/\/www.pinterest.com\/cooltivarte\/","https:\/\/x.com\/https:\/\/x.com\/obolocultural","https:\/\/www.youtube.com\/@PrensaCooltivarte","https:\/\/www.tumblr.com\/blog\/cooltivarte"],"url":"https:\/\/cooltivarte.com\/portal\/author\/cooltivarte\/"}]}},"_links":{"self":[{"href":"https:\/\/cooltivarte.com\/portal\/wp-json\/wp\/v2\/posts\/116504","targetHints":{"allow":["GET"]}}],"collection":[{"href":"https:\/\/cooltivarte.com\/portal\/wp-json\/wp\/v2\/posts"}],"about":[{"href":"https:\/\/cooltivarte.com\/portal\/wp-json\/wp\/v2\/types\/post"}],"author":[{"embeddable":true,"href":"https:\/\/cooltivarte.com\/portal\/wp-json\/wp\/v2\/users\/8"}],"replies":[{"embeddable":true,"href":"https:\/\/cooltivarte.com\/portal\/wp-json\/wp\/v2\/comments?post=116504"}],"version-history":[{"count":1,"href":"https:\/\/cooltivarte.com\/portal\/wp-json\/wp\/v2\/posts\/116504\/revisions"}],"predecessor-version":[{"id":116506,"href":"https:\/\/cooltivarte.com\/portal\/wp-json\/wp\/v2\/posts\/116504\/revisions\/116506"}],"wp:featuredmedia":[{"embeddable":true,"href":"https:\/\/cooltivarte.com\/portal\/wp-json\/wp\/v2\/media\/116505"}],"wp:attachment":[{"href":"https:\/\/cooltivarte.com\/portal\/wp-json\/wp\/v2\/media?parent=116504"}],"wp:term":[{"taxonomy":"category","embeddable":true,"href":"https:\/\/cooltivarte.com\/portal\/wp-json\/wp\/v2\/categories?post=116504"},{"taxonomy":"post_tag","embeddable":true,"href":"https:\/\/cooltivarte.com\/portal\/wp-json\/wp\/v2\/tags?post=116504"}],"curies":[{"name":"wp","href":"https:\/\/api.w.org\/{rel}","templated":true}]}}