{"id":116075,"date":"2025-08-09T10:56:04","date_gmt":"2025-08-09T13:56:04","guid":{"rendered":"https:\/\/cooltivarte.com\/portal\/?p=116075"},"modified":"2025-08-17T21:35:06","modified_gmt":"2025-08-18T00:35:06","slug":"la-gata-rusa-la-huelga-de-las-manecillas-del-reloj","status":"publish","type":"post","link":"https:\/\/cooltivarte.com\/portal\/la-gata-rusa-la-huelga-de-las-manecillas-del-reloj\/","title":{"rendered":"LA GATA RUSA &#8211; La huelga de las manecillas del reloj"},"content":{"rendered":"<p><img fetchpriority=\"high\" decoding=\"async\" class=\"aligncenter wp-image-116076 size-large\" title=\"LA GATA RUSA PRESENTA SU PRIMER \u00c1LBUM \u201cLa huelga de las manecillas del reloj\u201d\" src=\"https:\/\/cooltivarte.com\/portal\/wp-content\/uploads\/2025\/08\/LA-GATA-RUSA-1024x1017.webp\" alt=\"la banda ensayando en ciudad m\u00fasica\" width=\"1024\" height=\"1017\" srcset=\"https:\/\/cooltivarte.com\/portal\/wp-content\/uploads\/2025\/08\/LA-GATA-RUSA-1024x1017.webp 1024w, https:\/\/cooltivarte.com\/portal\/wp-content\/uploads\/2025\/08\/LA-GATA-RUSA-300x298.webp 300w, https:\/\/cooltivarte.com\/portal\/wp-content\/uploads\/2025\/08\/LA-GATA-RUSA-150x150.webp 150w, https:\/\/cooltivarte.com\/portal\/wp-content\/uploads\/2025\/08\/LA-GATA-RUSA-768x763.webp 768w, https:\/\/cooltivarte.com\/portal\/wp-content\/uploads\/2025\/08\/LA-GATA-RUSA-1536x1526.webp 1536w, https:\/\/cooltivarte.com\/portal\/wp-content\/uploads\/2025\/08\/LA-GATA-RUSA-120x120.webp 120w, https:\/\/cooltivarte.com\/portal\/wp-content\/uploads\/2025\/08\/LA-GATA-RUSA-75x75.webp 75w, https:\/\/cooltivarte.com\/portal\/wp-content\/uploads\/2025\/08\/LA-GATA-RUSA.webp 1546w\" sizes=\"(max-width: 1024px) 100vw, 1024px\" \/><\/p>\n<p>&nbsp;<\/p>\n<p><strong>LA GATA RUSA PRESENTA SU PRIMER \u00c1LBUM <\/strong><br \/>\n<strong>\u201cLa huelga de las manecillas del reloj\u201d<\/strong><\/p>\n<p>Estamos muy contentos de anunciarles el lanzamiento del PRIMER \u00c1LBUM de <strong>La Gata Rusa<\/strong>; \u201c<strong><em>La huelga de las manecillas del reloj<\/em><\/strong>\u201d, que se materializa a solo un a\u00f1o de haber conformado la banda.<\/p>\n<p>Somos una banda de rock\/pop emergente, formada en 2024 en el barrio Reducto. Nuestra m\u00fasica fusiona g\u00e9neros como rock, pop y blues, y se caracteriza por composiciones originales y un estilo que rinde homenaje a grandes artistas como Charly Garc\u00eda, Fito P\u00e1ez, Luis Alberto Spinetta, Pink Floyd, Beatles, entre otros.<\/p>\n<p><a href=\"https:\/\/www.lagatarusa.com\/\" target=\"_blank\" rel=\"noopener\"><strong>La Gata Rusa<\/strong><\/a> est\u00e1 integrada por <strong>Pablo Bello<\/strong> (guitarrista y compositor), <strong>Mat\u00edas R\u00f3tulo<\/strong> (bajista y compositor), <strong>Valeria Berm\u00fadez<\/strong> (vocalista) y <strong>Egor Lobanov<\/strong> (baterista), y estaremos presentando nuestro primer \u00e1lbum \u201cLa huelga de las manecillas del reloj\u201d, en el pr\u00f3ximo mes de setiembre.<\/p>\n<p>Les compartimos el listado de temas que integran este trabajo y les invitamos a escucharlos en las siguientes plataformas: YouTube, Apple Music, Spotify y YouTube Music, entre otras.<\/p>\n<p>-La sin leyenda<br \/>\n-Campoamor<br \/>\n-La iron\u00eda de vivir<br \/>\n-La ausencia de Melisa<br \/>\n-La huelga de las manecillas del reloj<br \/>\n-Blues del adi\u00f3s<br \/>\n-Bello intermezzo<br \/>\n-Ni\u00f1o pescador<br \/>\n-Ni\u00f1o y bicicleta<br \/>\n-Minuana<br \/>\n-El temblor del Picaflor<br \/>\n-Todo lo que siempre viene siempre se va<br \/>\n-Cerca<br \/>\n-La huelga y el gato<\/p>\n<p>Adem\u00e1s, el <strong>27 de noviembre 2025<\/strong> daremos un show en <strong>MVD Under Bar<\/strong> con <strong>Carlitos Calavera<\/strong>, y estaremos grabando un disco en vivo.<\/p>\n<p>&nbsp;<\/p>\n<p><iframe title=\"Spotify Embed: La Gata Rusa\" style=\"border-radius: 12px\" width=\"100%\" height=\"352\" frameborder=\"0\" allowfullscreen allow=\"autoplay; clipboard-write; encrypted-media; fullscreen; picture-in-picture\" loading=\"lazy\" src=\"https:\/\/open.spotify.com\/embed\/artist\/3yfIbJaVYNyXsVoUJr1foI?si=R6gjIR8zR4OgiZJOWFb1KQ&#038;utm_source=oembed\"><\/iframe><\/p>\n<p>&nbsp;<br \/>\n<iframe title=\"YouTube video player\" src=\"https:\/\/www.youtube.com\/embed\/yud-4_nD-rY?si=AUCNyAvaAhNHF1HN\" width=\"100%\" height=\"515\" frameborder=\"0\" allowfullscreen=\"allowfullscreen\"><span data-mce-type=\"bookmark\" style=\"display: inline-block; width: 0px; overflow: hidden; line-height: 0;\" class=\"mce_SELRES_start\">\ufeff<\/span><\/iframe><br \/>\n&nbsp;<\/p>\n<p>&nbsp;<\/p>\n","protected":false},"excerpt":{"rendered":"<p>LA GATA RUSA PRESENTA SU PRIMER \u00c1LBUM<br \/>\n\u201cLa huelga de las manecillas del reloj\u201d<\/p>\n<p>Estamos muy contentos de anunciarles el lanzamiento del PRIMER \u00c1LBUM de La Gata Rusa; \u201cLa huelga de las manecillas del reloj\u201d, que se materializa a solo un a\u00f1o de haber conformado la banda.<\/p>\n<p>Somos una banda de rock\/pop emergente, formada en 2024 en el barrio Reducto. Nuestra m\u00fasica fusiona g\u00e9neros como rock, pop y blues, y se caracteriza por composiciones originales y un estilo que rinde homenaje a grandes artistas como Charly Garc\u00eda, Fito P\u00e1ez, Luis Alberto Spinetta, Pink Floyd, Beatles, entre otros.<\/p>\n<p>La Gata Rusa est\u00e1 integrada por Pablo Bello (guitarrista y compositor), Mat\u00edas R\u00f3tulo (bajista y compositor), Valeria Berm\u00fadez (vocalista) y Egor Lobanov (baterista), y estaremos presentando nuestro primer \u00e1lbum \u201cLa huelga de las manecillas del reloj\u201d, en el pr\u00f3ximo mes de setiembre.<\/p>\n<p>Les compartimos el listado de temas que integran este trabajo y les invitamos a escucharlos en las siguientes plataformas: YouTube, Apple Music, Spotify y YouTube Music, entre otras.<\/p>\n","protected":false},"author":8,"featured_media":116076,"comment_status":"closed","ping_status":"closed","sticky":false,"template":"","format":"standard","meta":{"om_disable_all_campaigns":false,"ngg_post_thumbnail":0,"jnews-multi-image_gallery":[],"jnews_single_post":{"format":"standard","override":[{"template":"4","parallax":"1","layout":"right-sidebar","sidebar":"default-sidebar","second_sidebar":"default-sidebar","sticky_sidebar":"1","share_position":"bottom","share_float_style":"share-monocrhome","show_share_counter":"1","show_view_counter":"1","show_featured":"1","show_post_meta":"1","show_post_author":"1","show_post_author_image":"1","show_post_date":"1","post_date_format":"default","post_date_format_custom":"Y\/m\/d","show_post_category":"1","post_reading_time_wpm":"300","post_calculate_word_method":"str_word_count","zoom_button_out_step":"2","zoom_button_in_step":"3","show_post_tag":"1","show_prev_next_post":"1","show_popup_post":"1","number_popup_post":"1","show_author_box":"1","show_post_related":"0","show_inline_post_related":"0"}],"image_override":[{"single_post_thumbnail_size":"no-crop","single_post_gallery_size":"crop-500"}],"trending_post_position":"meta","trending_post_label":"Trending","sponsored_post_label":"Sponsored by","disable_ad":"0","subtitle":"LANZA SU PRIMER \u00c1LBUM"},"jnews_primary_category":[],"jnews_social_meta":[],"jnews_override_counter":{"view_counter_number":"0","share_counter_number":"0","like_counter_number":"0","dislike_counter_number":"0"},"footnotes":""},"categories":[13675],"tags":[24218],"class_list":["post-116075","post","type-post","status-publish","format-standard","has-post-thumbnail","hentry","category-novedades","tag-la-gata-rusa"],"yoast_head":"<!-- This site is optimized with the Yoast SEO plugin v27.5 - https:\/\/yoast.com\/product\/yoast-seo-wordpress\/ -->\n<title>LA GATA RUSA - La huelga de las manecillas del reloj - Cooltivarte Portal<\/title>\n<meta name=\"description\" content=\"La Gata Rusa est\u00e1 integrada por Pablo Bello (guitarrista y compositor), Mat\u00edas R\u00f3tulo (bajista y compositor), Valeria Berm\u00fadez (vocalista) y Egor Lobanov (baterista)\" \/>\n<meta name=\"robots\" content=\"index, follow, max-snippet:-1, max-image-preview:large, max-video-preview:-1\" \/>\n<link rel=\"canonical\" href=\"https:\/\/cooltivarte.com\/portal\/la-gata-rusa-la-huelga-de-las-manecillas-del-reloj\/\" \/>\n<meta property=\"og:locale\" content=\"es_ES\" \/>\n<meta property=\"og:type\" content=\"article\" \/>\n<meta property=\"og:title\" content=\"LA GATA RUSA PRESENTA SU PRIMER \u00c1LBUM \u201cLa huelga de las manecillas del reloj\u201d\" \/>\n<meta property=\"og:description\" content=\"La Gata Rusa est\u00e1 integrada por Pablo Bello (guitarrista y compositor), Mat\u00edas R\u00f3tulo (bajista y compositor), Valeria Berm\u00fadez (vocalista) y Egor Lobanov (baterista)\" \/>\n<meta property=\"og:url\" content=\"https:\/\/cooltivarte.com\/portal\/la-gata-rusa-la-huelga-de-las-manecillas-del-reloj\/\" \/>\n<meta property=\"og:site_name\" content=\"Cooltivarte Portal\" \/>\n<meta property=\"article:publisher\" content=\"https:\/\/www.facebook.com\/cooltivartecom\/\" \/>\n<meta property=\"article:author\" content=\"https:\/\/www.facebook.com\/cooltivartecom\" \/>\n<meta property=\"article:published_time\" content=\"2025-08-09T13:56:04+00:00\" \/>\n<meta property=\"article:modified_time\" content=\"2025-08-18T00:35:06+00:00\" \/>\n<meta property=\"og:image\" content=\"https:\/\/cooltivarte.com\/portal\/wp-content\/uploads\/2025\/08\/LA-GATA-RUSA.webp\" \/>\n\t<meta property=\"og:image:width\" content=\"1546\" \/>\n\t<meta property=\"og:image:height\" content=\"1536\" \/>\n\t<meta property=\"og:image:type\" content=\"image\/webp\" \/>\n<meta name=\"author\" content=\"Cooltivarte\" \/>\n<meta name=\"twitter:card\" content=\"summary_large_image\" \/>\n<meta name=\"twitter:title\" content=\"LA GATA RUSA PRESENTA SU PRIMER \u00c1LBUM \u201cLa huelga de las manecillas del reloj\u201d\" \/>\n<meta name=\"twitter:description\" content=\"La Gata Rusa est\u00e1 integrada por Pablo Bello (guitarrista y compositor), Mat\u00edas R\u00f3tulo (bajista y compositor), Valeria Berm\u00fadez (vocalista) y Egor Lobanov (baterista)\" \/>\n<meta name=\"twitter:image\" content=\"https:\/\/cooltivarte.com\/portal\/wp-content\/uploads\/2025\/08\/LA-GATA-RUSA.webp\" \/>\n<meta name=\"twitter:creator\" content=\"@https:\/\/x.com\/obolocultural\" \/>\n<meta name=\"twitter:site\" content=\"@obolocultural\" \/>\n<meta name=\"twitter:label1\" content=\"Escrito por\" \/>\n\t<meta name=\"twitter:data1\" content=\"Cooltivarte\" \/>\n\t<meta name=\"twitter:label2\" content=\"Tiempo de lectura\" \/>\n\t<meta name=\"twitter:data2\" content=\"2 minutos\" \/>\n<!-- \/ Yoast SEO plugin. -->","yoast_head_json":{"title":"LA GATA RUSA - La huelga de las manecillas del reloj - Cooltivarte Portal","description":"La Gata Rusa est\u00e1 integrada por Pablo Bello (guitarrista y compositor), Mat\u00edas R\u00f3tulo (bajista y compositor), Valeria Berm\u00fadez (vocalista) y Egor Lobanov (baterista)","robots":{"index":"index","follow":"follow","max-snippet":"max-snippet:-1","max-image-preview":"max-image-preview:large","max-video-preview":"max-video-preview:-1"},"canonical":"https:\/\/cooltivarte.com\/portal\/la-gata-rusa-la-huelga-de-las-manecillas-del-reloj\/","og_locale":"es_ES","og_type":"article","og_title":"LA GATA RUSA PRESENTA SU PRIMER \u00c1LBUM \u201cLa huelga de las manecillas del reloj\u201d","og_description":"La Gata Rusa est\u00e1 integrada por Pablo Bello (guitarrista y compositor), Mat\u00edas R\u00f3tulo (bajista y compositor), Valeria Berm\u00fadez (vocalista) y Egor Lobanov (baterista)","og_url":"https:\/\/cooltivarte.com\/portal\/la-gata-rusa-la-huelga-de-las-manecillas-del-reloj\/","og_site_name":"Cooltivarte Portal","article_publisher":"https:\/\/www.facebook.com\/cooltivartecom\/","article_author":"https:\/\/www.facebook.com\/cooltivartecom","article_published_time":"2025-08-09T13:56:04+00:00","article_modified_time":"2025-08-18T00:35:06+00:00","og_image":[{"width":1546,"height":1536,"url":"https:\/\/cooltivarte.com\/portal\/wp-content\/uploads\/2025\/08\/LA-GATA-RUSA.webp","type":"image\/webp"}],"author":"Cooltivarte","twitter_card":"summary_large_image","twitter_title":"LA GATA RUSA PRESENTA SU PRIMER \u00c1LBUM \u201cLa huelga de las manecillas del reloj\u201d","twitter_description":"La Gata Rusa est\u00e1 integrada por Pablo Bello (guitarrista y compositor), Mat\u00edas R\u00f3tulo (bajista y compositor), Valeria Berm\u00fadez (vocalista) y Egor Lobanov (baterista)","twitter_image":"https:\/\/cooltivarte.com\/portal\/wp-content\/uploads\/2025\/08\/LA-GATA-RUSA.webp","twitter_creator":"@https:\/\/x.com\/obolocultural","twitter_site":"@obolocultural","twitter_misc":{"Escrito por":"Cooltivarte","Tiempo de lectura":"2 minutos"},"schema":{"@context":"https:\/\/schema.org","@graph":[{"@type":"NewsArticle","@id":"https:\/\/cooltivarte.com\/portal\/la-gata-rusa-la-huelga-de-las-manecillas-del-reloj\/#article","isPartOf":{"@id":"https:\/\/cooltivarte.com\/portal\/la-gata-rusa-la-huelga-de-las-manecillas-del-reloj\/"},"author":{"name":"Cooltivarte","@id":"https:\/\/cooltivarte.com\/portal\/#\/schema\/person\/ec2a4f4e71b740d0c559c0ab9a157e19"},"headline":"LA GATA RUSA &#8211; La huelga de las manecillas del reloj","datePublished":"2025-08-09T13:56:04+00:00","dateModified":"2025-08-18T00:35:06+00:00","mainEntityOfPage":{"@id":"https:\/\/cooltivarte.com\/portal\/la-gata-rusa-la-huelga-de-las-manecillas-del-reloj\/"},"wordCount":282,"publisher":{"@id":"https:\/\/cooltivarte.com\/portal\/#organization"},"image":{"@id":"https:\/\/cooltivarte.com\/portal\/la-gata-rusa-la-huelga-de-las-manecillas-del-reloj\/#primaryimage"},"thumbnailUrl":"https:\/\/cooltivarte.com\/portal\/wp-content\/uploads\/2025\/08\/LA-GATA-RUSA.webp","keywords":["La Gata Rusa"],"articleSection":["Novedades"],"inLanguage":"es-AR"},{"@type":"WebPage","@id":"https:\/\/cooltivarte.com\/portal\/la-gata-rusa-la-huelga-de-las-manecillas-del-reloj\/","url":"https:\/\/cooltivarte.com\/portal\/la-gata-rusa-la-huelga-de-las-manecillas-del-reloj\/","name":"LA GATA RUSA - La huelga de las manecillas del reloj - Cooltivarte Portal","isPartOf":{"@id":"https:\/\/cooltivarte.com\/portal\/#website"},"primaryImageOfPage":{"@id":"https:\/\/cooltivarte.com\/portal\/la-gata-rusa-la-huelga-de-las-manecillas-del-reloj\/#primaryimage"},"image":{"@id":"https:\/\/cooltivarte.com\/portal\/la-gata-rusa-la-huelga-de-las-manecillas-del-reloj\/#primaryimage"},"thumbnailUrl":"https:\/\/cooltivarte.com\/portal\/wp-content\/uploads\/2025\/08\/LA-GATA-RUSA.webp","datePublished":"2025-08-09T13:56:04+00:00","dateModified":"2025-08-18T00:35:06+00:00","description":"La Gata Rusa est\u00e1 integrada por Pablo Bello (guitarrista y compositor), Mat\u00edas R\u00f3tulo (bajista y compositor), Valeria Berm\u00fadez (vocalista) y Egor Lobanov (baterista)","breadcrumb":{"@id":"https:\/\/cooltivarte.com\/portal\/la-gata-rusa-la-huelga-de-las-manecillas-del-reloj\/#breadcrumb"},"inLanguage":"es-AR","potentialAction":[{"@type":"ReadAction","target":["https:\/\/cooltivarte.com\/portal\/la-gata-rusa-la-huelga-de-las-manecillas-del-reloj\/"]}]},{"@type":"ImageObject","inLanguage":"es-AR","@id":"https:\/\/cooltivarte.com\/portal\/la-gata-rusa-la-huelga-de-las-manecillas-del-reloj\/#primaryimage","url":"https:\/\/cooltivarte.com\/portal\/wp-content\/uploads\/2025\/08\/LA-GATA-RUSA.webp","contentUrl":"https:\/\/cooltivarte.com\/portal\/wp-content\/uploads\/2025\/08\/LA-GATA-RUSA.webp","width":1546,"height":1536,"caption":"LA GATA RUSA PRESENTA SU PRIMER \u00c1LBUM \u201cLa huelga de las manecillas del reloj\u201d"},{"@type":"BreadcrumbList","@id":"https:\/\/cooltivarte.com\/portal\/la-gata-rusa-la-huelga-de-las-manecillas-del-reloj\/#breadcrumb","itemListElement":[{"@type":"ListItem","position":1,"name":"Portada","item":"https:\/\/cooltivarte.com\/portal\/"},{"@type":"ListItem","position":2,"name":"LA GATA RUSA &#8211; La huelga de las manecillas del reloj"}]},{"@type":"WebSite","@id":"https:\/\/cooltivarte.com\/portal\/#website","url":"https:\/\/cooltivarte.com\/portal\/","name":"Cooltivarte Portal","description":"Arte, cultura y turismo para el mundo ...","publisher":{"@id":"https:\/\/cooltivarte.com\/portal\/#organization"},"potentialAction":[{"@type":"SearchAction","target":{"@type":"EntryPoint","urlTemplate":"https:\/\/cooltivarte.com\/portal\/?s={search_term_string}"},"query-input":{"@type":"PropertyValueSpecification","valueRequired":true,"valueName":"search_term_string"}}],"inLanguage":"es-AR"},{"@type":"Organization","@id":"https:\/\/cooltivarte.com\/portal\/#organization","name":"cooltivarte","url":"https:\/\/cooltivarte.com\/portal\/","logo":{"@type":"ImageObject","inLanguage":"es-AR","@id":"https:\/\/cooltivarte.com\/portal\/#\/schema\/logo\/image\/","url":"https:\/\/cooltivarte.com\/portal\/wp-content\/uploads\/2020\/04\/logo-cooltivarte-v2.png","contentUrl":"https:\/\/cooltivarte.com\/portal\/wp-content\/uploads\/2020\/04\/logo-cooltivarte-v2.png","width":851,"height":243,"caption":"cooltivarte"},"image":{"@id":"https:\/\/cooltivarte.com\/portal\/#\/schema\/logo\/image\/"},"sameAs":["https:\/\/www.facebook.com\/cooltivartecom\/","https:\/\/x.com\/obolocultural","https:\/\/www.instagram.com\/_cooltivarte_\/","https:\/\/www.linkedin.com\/company\/-bolocultural?reportsuccess=8zaNG1HwhPbAR9iQhZ5rfGeqz_vQFftHun0ZWU0Wy9vNemRJ8vtcKdJvzQfW8XagyOJSKg0XvfJ1dp","https:\/\/www.pinterest.com\/cooltivarte\/","https:\/\/cooltivarte.tumblr.com\/","https:\/\/www.tiktok.com\/@cooltivarte","https:\/\/www.youtube.com\/@PrensaCooltivarte"]},{"@type":"Person","@id":"https:\/\/cooltivarte.com\/portal\/#\/schema\/person\/ec2a4f4e71b740d0c559c0ab9a157e19","name":"Cooltivarte","image":{"@type":"ImageObject","inLanguage":"es-AR","@id":"https:\/\/cooltivarte.com\/portal\/wp-content\/uploads\/2014\/05\/logo-cooltivarte-120x120.jpg","url":"https:\/\/cooltivarte.com\/portal\/wp-content\/uploads\/2014\/05\/logo-cooltivarte-120x120.jpg","contentUrl":"https:\/\/cooltivarte.com\/portal\/wp-content\/uploads\/2014\/05\/logo-cooltivarte-120x120.jpg","caption":"Cooltivarte"},"description":"Somos COOLTIVARTE.COM. Un portal digital dedicado a difundir el acontecer art\u00edstico y cultural del Uruguay. Estamos en la vuelta desde el a\u00f1o 2003, y como evoluci\u00f3n del bolet\u00edn Obolo Cultural, nos encontramos abocados a apoyar a los artistas nacionales brind\u00e1ndoles un espacio de difusi\u00f3n. Creemos en la idea de utilizar la potencialidad que hoy d\u00eda nos otorga la web, para que la cultura uruguaya y sus creadores dispongan de una din\u00e1mica ventana, que los ponga en contacto entre s\u00ed y con el mundo. Somos COOLTIVARTE.COM y pretendemos configurarnos como un portal din\u00e1mico, entretenido y atento a los nuevos emprendimientos, que busque siempre la interacci\u00f3n con los artistas.","sameAs":["http:\/\/www.cooltivarte.com","https:\/\/www.facebook.com\/cooltivartecom","https:\/\/www.instagram.com\/_cooltivarte_\/","https:\/\/www.linkedin.com\/company\/-bolocultural","https:\/\/www.pinterest.com\/cooltivarte\/","https:\/\/x.com\/https:\/\/x.com\/obolocultural","https:\/\/www.youtube.com\/@PrensaCooltivarte","https:\/\/www.tumblr.com\/blog\/cooltivarte"],"url":"https:\/\/cooltivarte.com\/portal\/author\/cooltivarte\/"}]}},"_links":{"self":[{"href":"https:\/\/cooltivarte.com\/portal\/wp-json\/wp\/v2\/posts\/116075","targetHints":{"allow":["GET"]}}],"collection":[{"href":"https:\/\/cooltivarte.com\/portal\/wp-json\/wp\/v2\/posts"}],"about":[{"href":"https:\/\/cooltivarte.com\/portal\/wp-json\/wp\/v2\/types\/post"}],"author":[{"embeddable":true,"href":"https:\/\/cooltivarte.com\/portal\/wp-json\/wp\/v2\/users\/8"}],"replies":[{"embeddable":true,"href":"https:\/\/cooltivarte.com\/portal\/wp-json\/wp\/v2\/comments?post=116075"}],"version-history":[{"count":1,"href":"https:\/\/cooltivarte.com\/portal\/wp-json\/wp\/v2\/posts\/116075\/revisions"}],"predecessor-version":[{"id":116077,"href":"https:\/\/cooltivarte.com\/portal\/wp-json\/wp\/v2\/posts\/116075\/revisions\/116077"}],"wp:featuredmedia":[{"embeddable":true,"href":"https:\/\/cooltivarte.com\/portal\/wp-json\/wp\/v2\/media\/116076"}],"wp:attachment":[{"href":"https:\/\/cooltivarte.com\/portal\/wp-json\/wp\/v2\/media?parent=116075"}],"wp:term":[{"taxonomy":"category","embeddable":true,"href":"https:\/\/cooltivarte.com\/portal\/wp-json\/wp\/v2\/categories?post=116075"},{"taxonomy":"post_tag","embeddable":true,"href":"https:\/\/cooltivarte.com\/portal\/wp-json\/wp\/v2\/tags?post=116075"}],"curies":[{"name":"wp","href":"https:\/\/api.w.org\/{rel}","templated":true}]}}