{"id":115941,"date":"2025-08-26T09:28:58","date_gmt":"2025-08-26T12:28:58","guid":{"rendered":"https:\/\/cooltivarte.com\/portal\/?p=115941"},"modified":"2025-08-27T08:04:25","modified_gmt":"2025-08-27T11:04:25","slug":"festival-techo-punta-del-este","status":"publish","type":"post","link":"https:\/\/cooltivarte.com\/portal\/festival-techo-punta-del-este\/","title":{"rendered":"FESTIVAL TECHO  &#8211; Punta del Este"},"content":{"rendered":"<figure id=\"attachment_116664\" aria-describedby=\"caption-attachment-116664\" style=\"width: 1024px\" class=\"wp-caption aligncenter\"><img fetchpriority=\"high\" decoding=\"async\" class=\"wp-image-116664 size-large\" title=\"FESTIVAL TECHO - La Barra - Punta del Este - Agosto 2025 - Foto Diego Rodr\u00edguez\" src=\"https:\/\/cooltivarte.com\/portal\/wp-content\/uploads\/2025\/08\/FESTIVAL-TECHO-La-Barra-Punta-del-Este-Agosto-2025-Foto-Diego-Rodriguez-1024x683.jpg\" alt=\"FESTIVAL TECHO - La Barra - Punta del Este - Agosto 2025 - Foto Diego Rodr\u00edguez\" width=\"1024\" height=\"683\" srcset=\"https:\/\/cooltivarte.com\/portal\/wp-content\/uploads\/2025\/08\/FESTIVAL-TECHO-La-Barra-Punta-del-Este-Agosto-2025-Foto-Diego-Rodriguez-1024x683.jpg 1024w, https:\/\/cooltivarte.com\/portal\/wp-content\/uploads\/2025\/08\/FESTIVAL-TECHO-La-Barra-Punta-del-Este-Agosto-2025-Foto-Diego-Rodriguez-300x200.jpg 300w, https:\/\/cooltivarte.com\/portal\/wp-content\/uploads\/2025\/08\/FESTIVAL-TECHO-La-Barra-Punta-del-Este-Agosto-2025-Foto-Diego-Rodriguez-768x512.jpg 768w, https:\/\/cooltivarte.com\/portal\/wp-content\/uploads\/2025\/08\/FESTIVAL-TECHO-La-Barra-Punta-del-Este-Agosto-2025-Foto-Diego-Rodriguez.jpg 1200w\" sizes=\"(max-width: 1024px) 100vw, 1024px\" \/><figcaption id=\"caption-attachment-116664\" class=\"wp-caption-text\">FESTIVAL TECHO &#8211; La Barra &#8211; Punta del Este &#8211; Agosto 2025 &#8211; Foto Diego Rodr\u00edguez<\/figcaption><\/figure>\n<p>&nbsp;<\/p>\n<p style=\"font-weight: 400;\"><a href=\"https:\/\/www.instagram.com\/festivaltecho\/\" target=\"_blank\" rel=\"noopener\"><strong>TECHO<\/strong><\/a> primer festival INDOOR en Temporada de Invierno en<strong> Punta del Este<\/strong>, que nace con la visi\u00f3n de consolidarse como un punto de encuentro anual entre m\u00fasica, arte y comunidad.<\/p>\n<p style=\"font-weight: 400;\">Producido por Faro Contenido, <strong>TECHO<\/strong> apost\u00f3 a una experiencia ecl\u00e9ctica, sonora y visual, con identidad, dise\u00f1o y contenido.&nbsp;<\/p>\n<p style=\"font-weight: 400;\">Esta primera edici\u00f3n marca el inicio de un ciclo pensado para el p\u00fablico local y tur\u00edstico, en los meses de Agosto y Septiembre.<\/p>\n<p style=\"font-weight: 400;\"><strong>TECHO<\/strong>: El Primer Festival Bajo Techo de Uruguay que Revoluciona la Temporada de Invierno en Punta del Este, a realizarse en<strong> El Centro de Convenciones<\/strong>.<\/p>\n<p style=\"font-weight: 400;\">La Intendencia de Maldonado y la productora Faro con la primera edici\u00f3n de TECHO, un festival sin precedentes que transform\u00f3 la temporada baja de Punta del Este en un vibrante escenario cultural y tur\u00edstico.&nbsp;<\/p>\n<p style=\"font-weight: 400;\">Siendo este 2025 el puntapi\u00e9&nbsp;inicial.&nbsp;<\/p>\n<p>&nbsp;<br \/>\n&nbsp;<\/p>\n<h3>&nbsp;<a href=\"https:\/\/www.facebook.com\/media\/set\/?set=a.1309414147889108&amp;type=3\" target=\"_blank\" rel=\"noopener\">Ir a la fotogaler\u00eda<\/a><\/h3>\n<p><iframe style=\"border: none; overflow: hidden;\" src=\"https:\/\/www.facebook.com\/plugins\/post.php?href=https%3A%2F%2Fwww.facebook.com%2Fmedia%2Fset%2F%3Fset%3Da.1309414147889108%26type%3D3&amp;width=100%\" width=\"100%\" height=\"669\" frameborder=\"0\" scrolling=\"no\"><\/iframe><br \/>\n&nbsp;<br \/>\n&nbsp;<\/p>\n<blockquote class=\"instagram-media\" style=\"background: #FFF; border: 0; border-radius: 3px; box-shadow: 0 0 1px 0 rgba(0,0,0,0.5),0 1px 10px 0 rgba(0,0,0,0.15); margin: 1px; max-width: 540px; min-width: 326px; padding: 0; width: calc(100% - 2px);\" data-instgrm-captioned=\"\" data-instgrm-permalink=\"https:\/\/www.instagram.com\/p\/DN1iPMoXNRG\/?utm_source=ig_embed&amp;utm_campaign=loading\" data-instgrm-version=\"14\">\n<div style=\"padding: 16px;\">\n<p>&nbsp;<\/p>\n<div style=\"display: flex; flex-direction: row; align-items: center;\">\n<div style=\"background-color: #f4f4f4; border-radius: 50%; flex-grow: 0; height: 40px; margin-right: 14px; width: 40px;\">&nbsp;<\/div>\n<div style=\"display: flex; flex-direction: column; flex-grow: 1; justify-content: center;\">\n<div style=\"background-color: #f4f4f4; border-radius: 4px; flex-grow: 0; height: 14px; margin-bottom: 6px; width: 100px;\">&nbsp;<\/div>\n<div style=\"background-color: #f4f4f4; border-radius: 4px; flex-grow: 0; height: 14px; width: 60px;\">&nbsp;<\/div>\n<\/div>\n<\/div>\n<div style=\"padding: 19% 0;\">&nbsp;<\/div>\n<div style=\"display: block; height: 50px; margin: 0 auto 12px; width: 50px;\">&nbsp;<\/div>\n<div style=\"padding-top: 8px;\">\n<div style=\"color: #3897f0; font-family: Arial,sans-serif; font-size: 14px; font-style: normal; font-weight: 550; line-height: 18px;\">Ver esta publicaci\u00f3n en Instagram<\/div>\n<\/div>\n<div style=\"padding: 12.5% 0;\">&nbsp;<\/div>\n<div style=\"display: flex; flex-direction: row; margin-bottom: 14px; align-items: center;\">\n<div>\n<div style=\"background-color: #f4f4f4; border-radius: 50%; height: 12.5px; width: 12.5px; transform: translateX(0px) translateY(7px);\">&nbsp;<\/div>\n<div style=\"background-color: #f4f4f4; height: 12.5px; transform: rotate(-45deg) translateX(3px) translateY(1px); width: 12.5px; flex-grow: 0; margin-right: 14px; margin-left: 2px;\">&nbsp;<\/div>\n<div style=\"background-color: #f4f4f4; border-radius: 50%; height: 12.5px; width: 12.5px; transform: translateX(9px) translateY(-18px);\">&nbsp;<\/div>\n<\/div>\n<div style=\"margin-left: 8px;\">\n<div style=\"background-color: #f4f4f4; border-radius: 50%; flex-grow: 0; height: 20px; width: 20px;\">&nbsp;<\/div>\n<div style=\"width: 0; height: 0; border-top: 2px solid transparent; border-left: 6px solid #f4f4f4; border-bottom: 2px solid transparent; transform: translateX(16px) translateY(-4px) rotate(30deg);\">&nbsp;<\/div>\n<\/div>\n<div style=\"margin-left: auto;\">\n<div style=\"width: 0px; border-top: 8px solid #F4F4F4; border-right: 8px solid transparent; transform: translateY(16px);\">&nbsp;<\/div>\n<div style=\"background-color: #f4f4f4; flex-grow: 0; height: 12px; width: 16px; transform: translateY(-4px);\">&nbsp;<\/div>\n<div style=\"width: 0; height: 0; border-top: 8px solid #F4F4F4; border-left: 8px solid transparent; transform: translateY(-4px) translateX(8px);\">&nbsp;<\/div>\n<\/div>\n<\/div>\n<div style=\"display: flex; flex-direction: column; flex-grow: 1; justify-content: center; margin-bottom: 24px;\">\n<div style=\"background-color: #f4f4f4; border-radius: 4px; flex-grow: 0; height: 14px; margin-bottom: 6px; width: 224px;\">&nbsp;<\/div>\n<div style=\"background-color: #f4f4f4; border-radius: 4px; flex-grow: 0; height: 14px; width: 144px;\">&nbsp;<\/div>\n<\/div>\n<p>&nbsp;<\/p>\n<p style=\"color: #c9c8cd; font-family: Arial,sans-serif; font-size: 14px; line-height: 17px; margin-bottom: 0; margin-top: 8px; overflow: hidden; padding: 8px 0 7px; text-align: center; text-overflow: ellipsis; white-space: nowrap;\"><a style=\"color: #c9c8cd; font-family: Arial,sans-serif; font-size: 14px; font-style: normal; font-weight: normal; line-height: 17px; text-decoration: none;\" href=\"https:\/\/www.instagram.com\/p\/DN1iPMoXNRG\/?utm_source=ig_embed&amp;utm_campaign=loading\" target=\"_blank\" rel=\"noopener\">Una publicaci\u00f3n compartida por cooltivarte.com (@_cooltivarte_)<\/a><\/p>\n<\/div>\n<\/blockquote>\n<p><script async=\"\" src=\"\/\/www.instagram.com\/embed.js\"><\/script><\/p>\n<p style=\"font-weight: 400;\">&nbsp;<\/p>\n<p style=\"font-weight: 400;\">&nbsp;<\/p>\n<p style=\"font-weight: 400;\">&nbsp;<\/p>\n<p style=\"font-weight: 400;\"><strong>23 de Agosto 2025: <a href=\"https:\/\/cooltivarte.com\/portal\/?s=La+Vela+Puerca\" target=\"_blank\" rel=\"noopener\">La Vela Puerca<\/a> y <a href=\"https:\/\/cooltivarte.com\/portal\/?s=El+Peyote+Asesino\" target=\"_blank\" rel=\"noopener\">El Peyote Asesino<\/a><\/strong><\/p>\n<p style=\"font-weight: 400;\">23, 24 y 25 de Agosto: <strong>Techo Kids<\/strong><\/p>\n<p>&nbsp;<\/p>\n<p style=\"font-weight: 400;\"><strong>6 de Septiembre 2025: <a href=\"https:\/\/cooltivarte.com\/portal\/?s=Luck+Ra\" target=\"_blank\" rel=\"noopener\">Luck Ra<\/a> y <a href=\"https:\/\/cooltivarte.com\/portal\/?s=La+Nueva+Escuela\" target=\"_blank\" rel=\"noopener\">La Nueva Escuela<\/a><\/strong><\/p>\n<p style=\"font-weight: 400;\">5, 6 y 7 de Septiembre: Techo Kids<\/p>\n<p style=\"font-weight: 400;\"><strong>Importante:&nbsp;<em>En ambas fechas se suman Bandas locales<\/em><em>&nbsp;<\/em><\/strong><\/p>\n<p style=\"font-weight: 400;\"><strong>APTO TODO P\u00daBLICO<\/strong><\/p>\n<p>&nbsp;<\/p>\n<p><img decoding=\"async\" class=\"aligncenter wp-image-116345 size-large\" title=\"techo punta del este\" src=\"https:\/\/cooltivarte.com\/portal\/wp-content\/uploads\/2025\/08\/techo-punta-del-este-682x1024.jpg\" alt=\"techo punta del este\" width=\"682\" height=\"1024\" srcset=\"https:\/\/cooltivarte.com\/portal\/wp-content\/uploads\/2025\/08\/techo-punta-del-este-682x1024.jpg 682w, https:\/\/cooltivarte.com\/portal\/wp-content\/uploads\/2025\/08\/techo-punta-del-este-200x300.jpg 200w, https:\/\/cooltivarte.com\/portal\/wp-content\/uploads\/2025\/08\/techo-punta-del-este-768x1152.jpg 768w, https:\/\/cooltivarte.com\/portal\/wp-content\/uploads\/2025\/08\/techo-punta-del-este-1024x1536.jpg 1024w, https:\/\/cooltivarte.com\/portal\/wp-content\/uploads\/2025\/08\/techo-punta-del-este.jpg 1181w\" sizes=\"(max-width: 682px) 100vw, 682px\" \/><\/p>\n<p style=\"font-weight: 400;\">&nbsp;<\/p>\n<p><strong>6 de Septiembre 2025:&nbsp;<a href=\"https:\/\/cooltivarte.com\/portal\/?s=Luck+Ra\" target=\"_blank\" rel=\"noopener\">Luck Ra<\/a>&nbsp;y&nbsp;<a href=\"https:\/\/cooltivarte.com\/portal\/?s=La+Nueva+Escuela\" target=\"_blank\" rel=\"noopener\">La Nueva Escuela<\/a><\/strong><\/p>\n<p>5, 6 y 7 de Septiembre: Techo Kids<\/p>\n<p>&nbsp;<\/p>\n<p>Entradas en venta por&nbsp;<a href=\"https:\/\/redtickets.uy\/evento\/Festival-TECHO-Luck-Ra-y-La-Nueva-Escuela--0609\/22979\/\" target=\"_blank\" rel=\"noopener\" data-saferedirecturl=\"https:\/\/www.google.com\/url?q=https:\/\/redtickets.uy\/evento\/Festival-TECHO-Luck-Ra-y-La-Nueva-Escuela--0609\/22979\/&amp;source=gmail&amp;ust=1754427959720000&amp;usg=AOvVaw05Sbxs0oyYagjwmjaIYXCi\">REDTICKETS<\/a><\/p>\n<p>&nbsp;<\/p>\n<p><strong>Importante:&nbsp;<em>En ambas fechas se suman Bandas locales<\/em><em>&nbsp;<\/em><\/strong><\/p>\n<p>&nbsp;<\/p>\n<p><strong>APTO TODO P\u00daBLICO<\/strong><\/p>\n<p>&nbsp;<\/p>\n<p><strong><u>Infraestructura y Variedad de Experiencias<\/u><\/strong><\/p>\n<p>&nbsp;<\/p>\n<p>El festival se desarrollar\u00e1&nbsp;en el Centro de Convenciones de Punta del Este, un marco ideal de importante dimensi\u00f3n, donde se contar\u00e1&nbsp;con dos escenarios que ofrecen una infraestructura t\u00e9cnica de alto nivel y los mejores exponentes del departamento garantizando espect\u00e1culos de excelencia.&nbsp;<\/p>\n<p>&nbsp;<\/p>\n<p>Adem\u00e1s de la programaci\u00f3n musical, TECHO incluir\u00e1:<\/p>\n<p>&nbsp;<\/p>\n<ul>\n<li>Feria de Cervezas Artesanales:&nbsp;<\/li>\n<\/ul>\n<p>Un espacio dedicado a la degustaci\u00f3n de cervezas artesanales, con productos de calidad y explicaciones sobre su elaboraci\u00f3n.<\/p>\n<p>&nbsp;<\/p>\n<ul>\n<li>Feria de Artesanos, Artistas y Emprendedores Locales:&nbsp;<\/li>\n<\/ul>\n<p>Con una curadur\u00eda de primer nivel, este espacio fomenta el talento y la creatividad de la regi\u00f3n a trav\u00e9s de un animado paseo de compras.<\/p>\n<p>&nbsp;<\/p>\n<ul>\n<li>Oferta Gastron\u00f3mica Diversa:&nbsp;<\/li>\n<\/ul>\n<p>Entre sus atractivos se destaca la presencia de uno de los restaurantes m\u00e1s exitosos del balneario, complementado por una amplia oferta de food trucks que elevar\u00e1n la experiencia culinaria.<\/p>\n<p>&nbsp;<\/p>\n<ul>\n<li>Parque de Diversiones:&nbsp;<\/li>\n<\/ul>\n<p>Un&nbsp;\u00e1rea dise\u00f1ada especialmente para los m\u00e1s peque\u00f1os y no tan peque\u00f1os, que incluye inflables, juegos mec\u00e1nicos y atracciones, espect\u00e1culos para ni\u00f1os y atracciones diversas.<\/p>\n<p>&nbsp;<\/p>\n<p class=\"\">El festival se desarrollar\u00e1 en el Centro de Convenciones de Punta del Este, un marco ideal de importante dimensi\u00f3n, donde se contar\u00e1 con dos escenarios con una infraestructura t\u00e9cnica de alto nivel.<\/p>\n<p class=\"\">Adem\u00e1s de la programaci\u00f3n musical, TECHO incluir\u00e1:<\/p>\n<p class=\"\"><strong>Feria de Cervezas Artesanales:<\/strong><\/p>\n<p class=\"\">Un espacio dedicado a la degustaci\u00f3n de cervezas artesanales, con productos de calidad y explicaciones sobre su elaboraci\u00f3n.<\/p>\n<p class=\"\"><strong>Feria de Artesanos, Artistas y Emprendedores Locales:<\/strong><\/p>\n<p class=\"\">Con la curadur\u00eda de Manifiesto eventos, este espacio fomenta el talento y la creatividad de la regi\u00f3n a trav\u00e9s de un animado paseo de compras.<\/p>\n<p class=\"\"><strong>Oferta Gastron\u00f3mica Diversa:<\/strong><\/p>\n<p class=\"\">Entre sus atractivos se destaca la presencia de Capi, uno de los restaurantes m\u00e1s exitosos del balneario, complementado por una amplia oferta de food trucks que elevar\u00e1n la experiencia culinaria.<\/p>\n<p class=\"\"><strong>Parque de Diversiones:<\/strong><\/p>\n<p class=\"\">Un \u00e1rea dise\u00f1ada especialmente para los m\u00e1s peque\u00f1os y no tan peque\u00f1os, que incluye inflables, juegos mec\u00e1nicos y atracciones, espect\u00e1culos para ni\u00f1os y atracciones diversas.<\/p>\n<p class=\"\"><strong>COMPROMISO:<\/strong><\/p>\n<p class=\"\"><strong>Festival TECHO con la comunidad de Maldonado:<\/strong><\/p>\n<p class=\"\">Adem\u00e1s de ser una plataforma para la m\u00fasica y la cultura, Festival TECHO nace con un prop\u00f3sito m\u00e1s amplio: generar impacto positivo en la comunidad que nos rodea. Por eso, uno de los pilares fundamentales del festival es impulsar acciones ben\u00e9ficas orientadas a distintas instituciones sociales de Maldonado.<\/p>\n<p class=\"last-child\">Queremos que el festival no s\u00f3lo sea una experiencia art\u00edstica, sino tambi\u00e9n una oportunidad de colaborar, visibilizar causas y tender puentes con organizaciones que trabajan d\u00eda a d\u00eda por el bienestar de la comunidad.<\/p>\n<p>&nbsp;<\/p>\n<p>&nbsp;<\/p>\n","protected":false},"excerpt":{"rendered":"<p>TECHO primer festival INDOOR en Temporada de Invierno en Punta del Este, que nace con la visi\u00f3n de consolidarse como un punto de encuentro anual entre m\u00fasica, arte y comunidad.<\/p>\n<p>Producido por Faro Contenido, TECHO apuesta a una experiencia ecl\u00e9ctica, sonora y visual , con identidad, dise\u00f1o y contenido.\u00a0<\/p>\n<p>Esta\u00a0primera edici\u00f3n\u00a0marca el inicio\u00a0de un ciclo pensado para el p\u00fablico local y tur\u00edstico, en los meses de Agosto y Septiembre<\/p>\n<p>TECHO: El Primer Festival Bajo Techo de Uruguay que Revoluciona la Temporada de Invierno en Punta del Este, a realizarse en El Centro de Convenciones.<\/p>\n<p>La Intendencia de Maldonado y la productora Faro anuncian con orgullo la primera edici\u00f3n de TECHO, un festival sin precedentes que promete transformar la temporada baja de Punta del Este en un vibrante escenario cultural y tur\u00edstico.\u00a0<\/p>\n<p>Siendo este 2025 el puntapi\u00e9\u00a0inicial.\u00a0<\/p>\n","protected":false},"author":238,"featured_media":116664,"comment_status":"closed","ping_status":"closed","sticky":false,"template":"","format":"standard","meta":{"om_disable_all_campaigns":false,"ngg_post_thumbnail":0,"jnews-multi-image_gallery":[],"jnews_single_post":{"format":"standard","override":[{"template":"4","parallax":"1","layout":"right-sidebar","sidebar":"default-sidebar","second_sidebar":"default-sidebar","sticky_sidebar":"1","share_position":"bottom","share_float_style":"share-monocrhome","show_share_counter":"1","show_view_counter":"1","show_featured":"1","show_post_meta":"1","show_post_author":"1","show_post_author_image":"1","show_post_date":"1","post_date_format":"default","post_date_format_custom":"Y\/m\/d","show_post_category":"1","post_reading_time_wpm":"300","post_calculate_word_method":"str_word_count","zoom_button_out_step":"2","zoom_button_in_step":"3","show_post_tag":"1","show_prev_next_post":"1","show_popup_post":"1","number_popup_post":"1","show_author_box":"1","show_post_related":"0","show_inline_post_related":"0"}],"image_override":[{"single_post_thumbnail_size":"no-crop","single_post_gallery_size":"crop-500"}],"trending_post_position":"meta","trending_post_label":"Trending","sponsored_post_label":"Sponsored by","disable_ad":"0","subtitle":"Primera Edici\u00f3n - 2025"},"jnews_primary_category":[],"jnews_social_meta":[],"jnews_override_counter":{"view_counter_number":"0","share_counter_number":"0","like_counter_number":"0","dislike_counter_number":"0"},"footnotes":""},"categories":[50],"tags":[24202,272,21667,1194,24201],"class_list":["post-115941","post","type-post","status-publish","format-standard","has-post-thumbnail","hentry","category-coberturas","tag-juan-casalas","tag-la-vela-puerca","tag-luck-ra","tag-punta-del-este","tag-techo"],"yoast_head":"<!-- This site is optimized with the Yoast SEO plugin v27.5 - https:\/\/yoast.com\/product\/yoast-seo-wordpress\/ -->\n<title>FESTIVAL TECHO - Punta del Este - Cooltivarte Portal<\/title>\n<meta name=\"description\" content=\"TECHO primer festival INDOOR en Temporada de Invierno en Punta del Este, que nace con la visi\u00f3n de consolidarse como un punto de encuentro anual entre m\u00fasica, arte y comunidad.\" \/>\n<meta name=\"robots\" content=\"index, follow, max-snippet:-1, max-image-preview:large, max-video-preview:-1\" \/>\n<link rel=\"canonical\" href=\"https:\/\/cooltivarte.com\/portal\/festival-techo-punta-del-este\/\" \/>\n<meta property=\"og:locale\" content=\"es_ES\" \/>\n<meta property=\"og:type\" content=\"article\" \/>\n<meta property=\"og:title\" content=\"FESTIVAL TECHO - La Barra - Punta del Este - Agosto 2025 - Foto Diego Rodr\u00edguez\" \/>\n<meta property=\"og:description\" content=\"TECHO primer festival INDOOR en Temporada de Invierno en Punta del Este, que nace con la visi\u00f3n de consolidarse como un punto de encuentro anual entre m\u00fasica, arte y comunidad.\" \/>\n<meta property=\"og:url\" content=\"https:\/\/cooltivarte.com\/portal\/festival-techo-punta-del-este\/\" \/>\n<meta property=\"og:site_name\" content=\"Cooltivarte Portal\" \/>\n<meta property=\"article:publisher\" content=\"https:\/\/www.facebook.com\/cooltivartecom\/\" \/>\n<meta property=\"article:author\" content=\"https:\/\/www.facebook.com\/cooltivartecom\/\" \/>\n<meta property=\"article:published_time\" content=\"2025-08-26T12:28:58+00:00\" \/>\n<meta property=\"article:modified_time\" content=\"2025-08-27T11:04:25+00:00\" \/>\n<meta property=\"og:image\" content=\"https:\/\/cooltivarte.com\/portal\/wp-content\/uploads\/2025\/08\/FESTIVAL-TECHO-La-Barra-Punta-del-Este-Agosto-2025-Foto-Diego-Rodriguez.jpg\" \/>\n\t<meta property=\"og:image:width\" content=\"1200\" \/>\n\t<meta property=\"og:image:height\" content=\"800\" \/>\n\t<meta property=\"og:image:type\" content=\"image\/jpeg\" \/>\n<meta name=\"author\" content=\"Diego Rodr\u00edguez\" \/>\n<meta name=\"twitter:card\" content=\"summary_large_image\" \/>\n<meta name=\"twitter:title\" content=\"FESTIVAL TECHO - La Barra - Punta del Este - Agosto 2025 - Foto Diego Rodr\u00edguez\" \/>\n<meta name=\"twitter:description\" content=\"TECHO primer festival INDOOR en Temporada de Invierno en Punta del Este, que nace con la visi\u00f3n de consolidarse como un punto de encuentro anual entre m\u00fasica, arte y comunidad.\" \/>\n<meta name=\"twitter:image\" content=\"https:\/\/cooltivarte.com\/portal\/wp-content\/uploads\/2025\/08\/FESTIVAL-TECHO-La-Barra-Punta-del-Este-Agosto-2025-Foto-Diego-Rodriguez.jpg\" \/>\n<meta name=\"twitter:creator\" content=\"@https:\/\/x.com\/obolocultural\" \/>\n<meta name=\"twitter:site\" content=\"@obolocultural\" \/>\n<meta name=\"twitter:label1\" content=\"Escrito por\" \/>\n\t<meta name=\"twitter:data1\" content=\"Diego Rodr\u00edguez\" \/>\n\t<meta name=\"twitter:label2\" content=\"Tiempo de lectura\" \/>\n\t<meta name=\"twitter:data2\" content=\"4 minutos\" \/>\n<!-- \/ Yoast SEO plugin. -->","yoast_head_json":{"title":"FESTIVAL TECHO - Punta del Este - Cooltivarte Portal","description":"TECHO primer festival INDOOR en Temporada de Invierno en Punta del Este, que nace con la visi\u00f3n de consolidarse como un punto de encuentro anual entre m\u00fasica, arte y comunidad.","robots":{"index":"index","follow":"follow","max-snippet":"max-snippet:-1","max-image-preview":"max-image-preview:large","max-video-preview":"max-video-preview:-1"},"canonical":"https:\/\/cooltivarte.com\/portal\/festival-techo-punta-del-este\/","og_locale":"es_ES","og_type":"article","og_title":"FESTIVAL TECHO - La Barra - Punta del Este - Agosto 2025 - Foto Diego Rodr\u00edguez","og_description":"TECHO primer festival INDOOR en Temporada de Invierno en Punta del Este, que nace con la visi\u00f3n de consolidarse como un punto de encuentro anual entre m\u00fasica, arte y comunidad.","og_url":"https:\/\/cooltivarte.com\/portal\/festival-techo-punta-del-este\/","og_site_name":"Cooltivarte Portal","article_publisher":"https:\/\/www.facebook.com\/cooltivartecom\/","article_author":"https:\/\/www.facebook.com\/cooltivartecom\/","article_published_time":"2025-08-26T12:28:58+00:00","article_modified_time":"2025-08-27T11:04:25+00:00","og_image":[{"width":1200,"height":800,"url":"https:\/\/cooltivarte.com\/portal\/wp-content\/uploads\/2025\/08\/FESTIVAL-TECHO-La-Barra-Punta-del-Este-Agosto-2025-Foto-Diego-Rodriguez.jpg","type":"image\/jpeg"}],"author":"Diego Rodr\u00edguez","twitter_card":"summary_large_image","twitter_title":"FESTIVAL TECHO - La Barra - Punta del Este - Agosto 2025 - Foto Diego Rodr\u00edguez","twitter_description":"TECHO primer festival INDOOR en Temporada de Invierno en Punta del Este, que nace con la visi\u00f3n de consolidarse como un punto de encuentro anual entre m\u00fasica, arte y comunidad.","twitter_image":"https:\/\/cooltivarte.com\/portal\/wp-content\/uploads\/2025\/08\/FESTIVAL-TECHO-La-Barra-Punta-del-Este-Agosto-2025-Foto-Diego-Rodriguez.jpg","twitter_creator":"@https:\/\/x.com\/obolocultural","twitter_site":"@obolocultural","twitter_misc":{"Escrito por":"Diego Rodr\u00edguez","Tiempo de lectura":"4 minutos"},"schema":{"@context":"https:\/\/schema.org","@graph":[{"@type":"NewsArticle","@id":"https:\/\/cooltivarte.com\/portal\/festival-techo-punta-del-este\/#article","isPartOf":{"@id":"https:\/\/cooltivarte.com\/portal\/festival-techo-punta-del-este\/"},"author":{"name":"Diego Rodr\u00edguez","@id":"https:\/\/cooltivarte.com\/portal\/#\/schema\/person\/0c6783d32b510a8f9a9a6b67204c10d5"},"headline":"FESTIVAL TECHO &#8211; Punta del Este","datePublished":"2025-08-26T12:28:58+00:00","dateModified":"2025-08-27T11:04:25+00:00","mainEntityOfPage":{"@id":"https:\/\/cooltivarte.com\/portal\/festival-techo-punta-del-este\/"},"wordCount":786,"publisher":{"@id":"https:\/\/cooltivarte.com\/portal\/#organization"},"image":{"@id":"https:\/\/cooltivarte.com\/portal\/festival-techo-punta-del-este\/#primaryimage"},"thumbnailUrl":"https:\/\/cooltivarte.com\/portal\/wp-content\/uploads\/2025\/08\/FESTIVAL-TECHO-La-Barra-Punta-del-Este-Agosto-2025-Foto-Diego-Rodriguez.jpg","keywords":["Juan Casalas","La Vela Puerca","Luck Ra","Punta del Este","TECHO"],"articleSection":["Coberturas"],"inLanguage":"es-AR"},{"@type":"WebPage","@id":"https:\/\/cooltivarte.com\/portal\/festival-techo-punta-del-este\/","url":"https:\/\/cooltivarte.com\/portal\/festival-techo-punta-del-este\/","name":"FESTIVAL TECHO - Punta del Este - Cooltivarte Portal","isPartOf":{"@id":"https:\/\/cooltivarte.com\/portal\/#website"},"primaryImageOfPage":{"@id":"https:\/\/cooltivarte.com\/portal\/festival-techo-punta-del-este\/#primaryimage"},"image":{"@id":"https:\/\/cooltivarte.com\/portal\/festival-techo-punta-del-este\/#primaryimage"},"thumbnailUrl":"https:\/\/cooltivarte.com\/portal\/wp-content\/uploads\/2025\/08\/FESTIVAL-TECHO-La-Barra-Punta-del-Este-Agosto-2025-Foto-Diego-Rodriguez.jpg","datePublished":"2025-08-26T12:28:58+00:00","dateModified":"2025-08-27T11:04:25+00:00","description":"TECHO primer festival INDOOR en Temporada de Invierno en Punta del Este, que nace con la visi\u00f3n de consolidarse como un punto de encuentro anual entre m\u00fasica, arte y comunidad.","breadcrumb":{"@id":"https:\/\/cooltivarte.com\/portal\/festival-techo-punta-del-este\/#breadcrumb"},"inLanguage":"es-AR","potentialAction":[{"@type":"ReadAction","target":["https:\/\/cooltivarte.com\/portal\/festival-techo-punta-del-este\/"]}]},{"@type":"ImageObject","inLanguage":"es-AR","@id":"https:\/\/cooltivarte.com\/portal\/festival-techo-punta-del-este\/#primaryimage","url":"https:\/\/cooltivarte.com\/portal\/wp-content\/uploads\/2025\/08\/FESTIVAL-TECHO-La-Barra-Punta-del-Este-Agosto-2025-Foto-Diego-Rodriguez.jpg","contentUrl":"https:\/\/cooltivarte.com\/portal\/wp-content\/uploads\/2025\/08\/FESTIVAL-TECHO-La-Barra-Punta-del-Este-Agosto-2025-Foto-Diego-Rodriguez.jpg","width":1200,"height":800,"caption":"FESTIVAL TECHO - La Barra - Punta del Este - Agosto 2025 - Foto Diego Rodr\u00edguez"},{"@type":"BreadcrumbList","@id":"https:\/\/cooltivarte.com\/portal\/festival-techo-punta-del-este\/#breadcrumb","itemListElement":[{"@type":"ListItem","position":1,"name":"Portada","item":"https:\/\/cooltivarte.com\/portal\/"},{"@type":"ListItem","position":2,"name":"FESTIVAL TECHO &#8211; Punta del Este"}]},{"@type":"WebSite","@id":"https:\/\/cooltivarte.com\/portal\/#website","url":"https:\/\/cooltivarte.com\/portal\/","name":"Cooltivarte Portal","description":"Arte, cultura y turismo para el mundo ...","publisher":{"@id":"https:\/\/cooltivarte.com\/portal\/#organization"},"potentialAction":[{"@type":"SearchAction","target":{"@type":"EntryPoint","urlTemplate":"https:\/\/cooltivarte.com\/portal\/?s={search_term_string}"},"query-input":{"@type":"PropertyValueSpecification","valueRequired":true,"valueName":"search_term_string"}}],"inLanguage":"es-AR"},{"@type":"Organization","@id":"https:\/\/cooltivarte.com\/portal\/#organization","name":"cooltivarte","url":"https:\/\/cooltivarte.com\/portal\/","logo":{"@type":"ImageObject","inLanguage":"es-AR","@id":"https:\/\/cooltivarte.com\/portal\/#\/schema\/logo\/image\/","url":"https:\/\/cooltivarte.com\/portal\/wp-content\/uploads\/2020\/04\/logo-cooltivarte-v2.png","contentUrl":"https:\/\/cooltivarte.com\/portal\/wp-content\/uploads\/2020\/04\/logo-cooltivarte-v2.png","width":851,"height":243,"caption":"cooltivarte"},"image":{"@id":"https:\/\/cooltivarte.com\/portal\/#\/schema\/logo\/image\/"},"sameAs":["https:\/\/www.facebook.com\/cooltivartecom\/","https:\/\/x.com\/obolocultural","https:\/\/www.instagram.com\/_cooltivarte_\/","https:\/\/www.linkedin.com\/company\/-bolocultural?reportsuccess=8zaNG1HwhPbAR9iQhZ5rfGeqz_vQFftHun0ZWU0Wy9vNemRJ8vtcKdJvzQfW8XagyOJSKg0XvfJ1dp","https:\/\/www.pinterest.com\/cooltivarte\/","https:\/\/cooltivarte.tumblr.com\/","https:\/\/www.tiktok.com\/@cooltivarte","https:\/\/www.youtube.com\/@PrensaCooltivarte"]},{"@type":"Person","@id":"https:\/\/cooltivarte.com\/portal\/#\/schema\/person\/0c6783d32b510a8f9a9a6b67204c10d5","name":"Diego Rodr\u00edguez","image":{"@type":"ImageObject","inLanguage":"es-AR","@id":"https:\/\/cooltivarte.com\/portal\/wp-content\/uploads\/2025\/08\/diego-120x120.jpg","url":"https:\/\/cooltivarte.com\/portal\/wp-content\/uploads\/2025\/08\/diego-120x120.jpg","contentUrl":"https:\/\/cooltivarte.com\/portal\/wp-content\/uploads\/2025\/08\/diego-120x120.jpg","caption":"Diego Rodr\u00edguez"},"sameAs":["https:\/\/www.facebook.com\/cooltivartecom\/","https:\/\/www.instagram.com\/_cooltivarte_\/","https:\/\/www.linkedin.com\/company\/-bolocultural","https:\/\/www.pinterest.com\/cooltivarte","https:\/\/x.com\/https:\/\/x.com\/obolocultural","https:\/\/www.youtube.com\/@PrensaCooltivarte","https:\/\/www.tumblr.com\/blog\/cooltivarte"],"url":"https:\/\/cooltivarte.com\/portal\/author\/diego-rodriguez\/"}]}},"_links":{"self":[{"href":"https:\/\/cooltivarte.com\/portal\/wp-json\/wp\/v2\/posts\/115941","targetHints":{"allow":["GET"]}}],"collection":[{"href":"https:\/\/cooltivarte.com\/portal\/wp-json\/wp\/v2\/posts"}],"about":[{"href":"https:\/\/cooltivarte.com\/portal\/wp-json\/wp\/v2\/types\/post"}],"author":[{"embeddable":true,"href":"https:\/\/cooltivarte.com\/portal\/wp-json\/wp\/v2\/users\/238"}],"replies":[{"embeddable":true,"href":"https:\/\/cooltivarte.com\/portal\/wp-json\/wp\/v2\/comments?post=115941"}],"version-history":[{"count":7,"href":"https:\/\/cooltivarte.com\/portal\/wp-json\/wp\/v2\/posts\/115941\/revisions"}],"predecessor-version":[{"id":116688,"href":"https:\/\/cooltivarte.com\/portal\/wp-json\/wp\/v2\/posts\/115941\/revisions\/116688"}],"wp:featuredmedia":[{"embeddable":true,"href":"https:\/\/cooltivarte.com\/portal\/wp-json\/wp\/v2\/media\/116664"}],"wp:attachment":[{"href":"https:\/\/cooltivarte.com\/portal\/wp-json\/wp\/v2\/media?parent=115941"}],"wp:term":[{"taxonomy":"category","embeddable":true,"href":"https:\/\/cooltivarte.com\/portal\/wp-json\/wp\/v2\/categories?post=115941"},{"taxonomy":"post_tag","embeddable":true,"href":"https:\/\/cooltivarte.com\/portal\/wp-json\/wp\/v2\/tags?post=115941"}],"curies":[{"name":"wp","href":"https:\/\/api.w.org\/{rel}","templated":true}]}}