{"id":115774,"date":"2025-07-31T13:58:51","date_gmt":"2025-07-31T16:58:51","guid":{"rendered":"https:\/\/cooltivarte.com\/portal\/?p=115774"},"modified":"2025-07-31T13:58:51","modified_gmt":"2025-07-31T16:58:51","slug":"montevideo-sonoro-palermo","status":"publish","type":"post","link":"https:\/\/cooltivarte.com\/portal\/montevideo-sonoro-palermo\/","title":{"rendered":"Montevideo Sonoro &#8211; Palermo"},"content":{"rendered":"<figure id=\"attachment_115775\" aria-describedby=\"caption-attachment-115775\" style=\"width: 700px\" class=\"wp-caption aligncenter\"><img fetchpriority=\"high\" decoding=\"async\" class=\"wp-image-115775 size-full\" title=\"Montevideo Sonoro - Palermo by Mar\u00eda Jos\u00e9 Pieri\" src=\"https:\/\/cooltivarte.com\/portal\/wp-content\/uploads\/2025\/07\/Montevideo-Sonoro-Palermo-by-Maria-Jose-Pieri-copia.jpg\" alt=\"personas en la calle con auriculares\" width=\"700\" height=\"932\" srcset=\"https:\/\/cooltivarte.com\/portal\/wp-content\/uploads\/2025\/07\/Montevideo-Sonoro-Palermo-by-Maria-Jose-Pieri-copia.jpg 700w, https:\/\/cooltivarte.com\/portal\/wp-content\/uploads\/2025\/07\/Montevideo-Sonoro-Palermo-by-Maria-Jose-Pieri-copia-225x300.jpg 225w\" sizes=\"(max-width: 700px) 100vw, 700px\" \/><figcaption id=\"caption-attachment-115775\" class=\"wp-caption-text\">Montevideo Sonoro &#8211; Palermo by Mar\u00eda Jos\u00e9 Pieri<\/figcaption><\/figure>\n<p>&nbsp;<\/p>\n<p>Estreno de un nuevo recorrido del proyecto <a href=\"https:\/\/www.montevideosonoro.uy\/\" target=\"_blank\" rel=\"noopener\"><strong>Montevideo Sonoro<\/strong><\/a>. Es una ma\u00f1ana fresca, al principio chispeaba pero parece que se va a aguantar y podremos hacer el paseo sin agua. La gente se empieza a hacer presente en el lugar de encuentro: la plaza<strong> Juan Ram\u00f3n G\u00f3mez<\/strong>. Hay encuentros, abrazos, mucha gente con mate y termo aunque otros compran caf\u00e9 en un lugar cercano. Se arma una fila ordenada para retirar los auriculares, donde suena en loop la canci\u00f3n emblema: Montevideo de <strong>Diego Gonz\u00e1lez<\/strong>, que habla del perfume a vainilla de la garrapi\u00f1ada y no s\u00e9 por qu\u00e9 no hay un carrito ah\u00ed mismo ofreciendo esa noble golosina.<\/p>\n<p>Mientras nuestro anfitri\u00f3n <strong>Carlos Dopico<\/strong> anuncia el debut, varios grupitos aprovechan para sacarse selfies con los auriculares puestos, con mucha expectativa.<\/p>\n<p>La introducci\u00f3n es con la historia de este proyecto creado por dos canarios:<strong> Daniel Mach\u00edn<\/strong> y <strong>Gabriel Bentancur<\/strong> que comenzaron colocando stencils con QR en ciertas esquinas, que remiten a canciones o videos relacionados con el lugar. El caudal de informaci\u00f3n les desbord\u00f3, por lo que fue necesario crear una web y un libro (que se ofrece al final del recorrido junto a Hoy como ayer del propio Dopico). Presenta al equipo, donde <strong>Santiago Casaf\u00faa<\/strong> se convertir\u00e1 en nuestro DJ. La tecnolog\u00eda de <strong>Domo Silent<\/strong> nos permitir\u00e1 realizar este recorrido inmersivo donde la propuesta es generar un &#8220;cardumen&#8221; de gente donde cada uno haga el paseo a su ritmo, aprovechando cada espacio del territorio; mientras nos cuida el equipo de seguridad compuesto por Mat\u00edas y Edward.<\/p>\n<p>Arrancamos con candombe, no pod\u00eda ser de otra manera. Personajes del barrio son nombrados, de esos que nos podemos cruzar en cualquier momento por la vereda. Se empiezan a mover las patitas, mientras se comparte una bolsa de bizcochos. Se menciona que fue el D\u00eda de la Mujer Afrodescendiente y se describe el toque Ansina como exhuberante. La historia del barrio Palermo es similar a la del Barrio Sur, relacionada con el avance de la ciudad a otros territorios, y las consecuencias que estos movimientos tuvieron (y tienen) para los sectores menos favorecidos de la sociedad. Dopico nos lleva a imaginar esos campos desolados y como fueron poblados paulatinamente por inmigrantes italianos, especialmente sicilianos. De ah\u00ed el nombre del barrio.<\/p>\n<p>Pasamos a escuchar un tema creado en una esquina cercana, mucho m\u00e1s actual, y aprovechando los adelantos t\u00e9cnicos que permitieron la grabaci\u00f3n de m\u00fasica fuera de los estudios profesionales. El relato no s\u00f3lo habla de historias de m\u00fasicas y sus creadores. Tambi\u00e9n nos cuenta la historia de algunos avances cient\u00edficos y tecnol\u00f3gicos a trav\u00e9s del tiempo.<\/p>\n<p>Nos movemos a la otra punta de la placita y debemos esquivar las mesas de una parrillada que all\u00ed funciona, cuyo personal empezaba tranquilamente a acomodar manteles y vajillas. Algunos mozos se colocan brevemente los auriculares para tratar de entender de qu\u00e9 se trata esa invasi\u00f3n de personas en su espacio de trabajo, y se sacan fotos con el grupo como fondo, como si fu\u00e9ramos una atracci\u00f3n (que somos).<\/p>\n<p>El relato de Dopico sobre una canci\u00f3n compuesta cerca de esa esquina es tan v\u00edvido, tan conmovedor que le da otro significado a la letra, ya no volver\u00e1 a sonar igual para nosotros.<\/p>\n<p>Mientras nos movemos por el barrio, podemos apreciar la arquitectura baja, los patios internos con plantas y hasta palmeras. Esos detalles que no se aprecian cuando se anda apurado por la ciudad.<\/p>\n<p>Estamos llegando a la casa de mi prima, se me ocurre avisarle que se asome. Nos encontramos en su puerta y pido un auricular para que pueda escuchar por un momento y entender qu\u00e9 hace esa multitud frente a su casa (ah\u00ed descubro que es vecina de una conocida artista); pero una de sus peque\u00f1as hijas aprovecha la ocasi\u00f3n, se coloca el aparato y ni corta ni perezosa, sale a la calle en pijama de pantera rosa, uni\u00e9ndose a la escucha con atenci\u00f3n plena. Fue tan r\u00e1pido el movimiento, ella se sum\u00f3 con tanta naturalidad al colectivo, que me asombra: hizo propia su propia vereda, s\u00f3lo por escuchar en silencio un relato que habla de arte y artistas. Ya si este proyecto hace que los ni\u00f1os y ni\u00f1as vuelvan a ser los due\u00f1os de la vereda, vali\u00f3 la pena.<\/p>\n<p>Un \u00fanico punto malo en este recorrido: por supuesto ajeno a sus creadores: debemos estar atentos a d\u00f3nde pisamos. Evidentemente hay falta de cultura c\u00edvica en el barrio, los perros dejan sus cacas en la vereda y durante todo el paseo vemos a gente primero patinando, luego puteando, finalmente tratando de limpiar sus zapatos. Realmente mucha falta de responsabilidad, por parte de los due\u00f1os de esos canes.<\/p>\n<p>Pero tambi\u00e9n hay c\u00e1lidas devoluciones. Mientras cruzamos la calle, escuchamos por el micr\u00f3fono de Dopico a una se\u00f1ora que se le acerca y confiesa: &#8220;esto es m\u00e1s curativo que una terapia&#8221;. Todos sonre\u00edmos, conmovidos.<br \/>\nSeguimos recorriendo, pasamos junto a un cami\u00f3n que est\u00e1 empezando a bajar una mudanza y algunos bailan y saltan al ritmo de una canci\u00f3n que Dopico nos explica c\u00f3mo fue grabada. Conocemos detalles contractuales con grandes corporaciones, y aprendizajes de artistas muy conocidos hoy y muy noveles en aquel momento.<\/p>\n<p>Seguimos con otro candombe (ser\u00e1 una constante en este barrio, era una fija) mientras algunos sacan fotos a un grafiti que muy apropiadamente dice &#8220;cumbia y carnaval&#8221;. Las paredes de esta zona est\u00e1n profusamente cubiertas de pinturas y grafitis, tambi\u00e9n de esculturas.<\/p>\n<p>Luego de atravesar una concurrida feria barrial donde se aprovecha para comprar tortas fritas, pasamos por la puerta de la Casa de la Cultura Afro; algunos aprovechan y entran a visitarla. Ansina est\u00e1 presente en las calles, en su gente, en la m\u00fasica que cuenta la historia del conventillo y su desalojo. Es nuestra historia reciente tambi\u00e9n.<\/p>\n<p>El sol abriga y nos acaricia en un momento en que el viento empieza a hacerse sentir. En este barrio hay pocos edificios en altura, entonces podemos apreciar las macetas en las azoteas, las Santa Rita trepando por las paredes, los \u00e1rboles retorcidos pegados al lado de puertas con decenas de timbres que muestran que por un estrecho corredor hay cientos de personas viviendo en los centros de las manzanas. Suena un tango y tambi\u00e9n veo los farolitos de hierro y vidrio, no los hab\u00eda visto hasta ahora que la m\u00fasica me lleva a esas esquinas mal iluminadas, la letra que habla de paredes con goteras, de boxeo y del tambor. Hay muchas rejas, si, pero no todas son recientes. La mayor\u00eda tienen a\u00f1os de herrumbre y preciosos dise\u00f1os que alhajan fachadas y puertas.<\/p>\n<p>Nos vamos acercando a la rambla y suena un candombe viejo en versi\u00f3n nueva. Primera vez en estos paseos que oigo una carcajada ante una an\u00e9cdota, qu\u00e9 lindo es re\u00edrse de a muchos. Escuchamos m\u00e1s historias de barrio, experiencias cotidianas que artistas con mucho talento convierten en poemas y canciones.<\/p>\n<p>El paseo termina mientras recordamos infancias de otros tiempos, cuando se pon\u00eda el judas por un vint\u00e9n; el viento sur nos espera y nos recibe, Sopla cruel pero el coraz\u00f3n est\u00e1 tibio por los relatos y el cuerpo caliente por tanto tambor.<\/p>\n<p>Fue una ma\u00f1ana distinta, que rompe con la rutina ciudadana. Nos convocan a referenciar, a recomendar estos paseos, nosotros somos quienes podemos colaborar para que este proyecto autogestivo contin\u00fae y siga abarcando otros barrios.<\/p>\n<p>Luego del aplauso con varios \u00a1bravo! nos despedimos con una \u00faltima canci\u00f3n, que ten\u00eda que ser un candombe. Y nos vamos con muchos m\u00e1s datos y la curiosidad de ir a revisar el videoclip y encontrar los detalles que hasta ahora no hab\u00edamos visto.<\/p>\n<p>Un \u00e9xito este nuevo recorrido por Palermo, de los m\u00e1s conmovedores hasta el momento. Recomiendo de coraz\u00f3n que lo experimenten as\u00ed como todos los otros: Ciudad Vieja, Barrio Sur, Malv\u00edn, Prado, Parque Rod\u00f3. Todos tienen su magia y adem\u00e1s nos permiten un espacio y tiempo de conocimiento, disfrute e introspecci\u00f3n que se lo recomiendo a cualquiera. Sal\u00fa.<\/p>\n<p>&nbsp;<\/p>\n<p>&nbsp;<\/p>\n<p>&nbsp;<\/p>\n","protected":false},"excerpt":{"rendered":"<p>Estreno de un nuevo recorrido del proyecto Montevideo Sonoro. Es una ma\u00f1ana fresca, al principio chispeaba pero parece que se va a aguantar y podremos hacer el paseo sin agua. La gente se empieza a hacer presente en el lugar de encuentro: la plaza Juan Ram\u00f3n G\u00f3mez. Hay encuentros, abrazos, mucha gente con mate y termo aunque otros compran caf\u00e9 en un lugar cercano. Se arma una fila ordenada para retirar los auriculares, donde suena en loop la canci\u00f3n emblema: Montevideo de Diego Gonz\u00e1lez, que habla del perfume a vainilla de la garrapi\u00f1ada y no s\u00e9 por qu\u00e9 no hay un carrito ah\u00ed mismo ofreciendo esa noble golosina.<\/p>\n<p>Mientras nuestro anfitri\u00f3n Carlos Dopico anuncia el debut, varios grupitos aprovechan para sacarse selfies con los auriculares puestos, con mucha expectativa.<\/p>\n<p>La introducci\u00f3n es con la historia de este proyecto creado por dos canarios: Daniel Mach\u00edn y Gabriel Bentancur que comenzaron colocando stencils con QR en ciertas esquinas, que remiten a canciones o videos relacionados con el lugar. El caudal de informaci\u00f3n les desbord\u00f3, por lo que fue necesario crear una web y un libro (que se ofrece al final del recorrido junto a Hoy como ayer del propio Dopico). Presenta al equipo, donde Santiago Casaf\u00faa se convertir\u00e1 en nuestro DJ. La tecnolog\u00eda de Domo Silent nos permitir\u00e1 realizar este recorrido inmersivo donde la propuesta es generar un &#8220;cardumen&#8221; de gente donde cada uno haga el paseo a su ritmo, aprovechando cada espacio del territorio; mientras nos cuida el equipo de seguridad compuesto por Mat\u00edas y Edward.<\/p>\n","protected":false},"author":221,"featured_media":115775,"comment_status":"closed","ping_status":"closed","sticky":false,"template":"","format":"standard","meta":{"om_disable_all_campaigns":false,"ngg_post_thumbnail":0,"jnews-multi-image_gallery":[],"jnews_single_post":{"subtitle":"","format":"standard","override":[{"template":"4","parallax":"1","layout":"right-sidebar","sidebar":"default-sidebar","second_sidebar":"default-sidebar","sticky_sidebar":"1","share_position":"bottom","share_float_style":"share-monocrhome","show_share_counter":"1","show_view_counter":"1","show_featured":"1","show_post_meta":"1","show_post_author":"1","show_post_author_image":"1","show_post_date":"1","post_date_format":"default","post_date_format_custom":"Y\/m\/d","show_post_category":"1","post_reading_time_wpm":"300","post_calculate_word_method":"str_word_count","zoom_button_out_step":"2","zoom_button_in_step":"3","show_post_tag":"1","show_prev_next_post":"1","show_popup_post":"1","number_popup_post":"1","show_author_box":"1","show_post_related":"0","show_inline_post_related":"0"}],"image_override":[{"single_post_thumbnail_size":"no-crop","single_post_gallery_size":"crop-500"}],"trending_post_position":"meta","trending_post_label":"Trending","sponsored_post_label":"Sponsored by","disable_ad":"0"},"jnews_primary_category":[],"jnews_social_meta":[],"jnews_override_counter":{"view_counter_number":"0","share_counter_number":"0","like_counter_number":"0","dislike_counter_number":"0"},"footnotes":""},"categories":[4573],"tags":[6919],"class_list":["post-115774","post","type-post","status-publish","format-standard","has-post-thumbnail","hentry","category-cobertura-sensible","tag-montevideo-sonoro"],"yoast_head":"<!-- This site is optimized with the Yoast SEO plugin v27.4 - https:\/\/yoast.com\/product\/yoast-seo-wordpress\/ -->\n<title>Montevideo Sonoro - Palermo - Cooltivarte Portal<\/title>\n<meta name=\"description\" content=\"Estreno de un nuevo recorrido del proyecto Montevideo Sonoro. Es una ma\u00f1ana fresca, al principio chispeaba pero parece que se va a aguantar y podremos hacer el paseo sin agua.\" \/>\n<meta name=\"robots\" content=\"index, follow, max-snippet:-1, max-image-preview:large, max-video-preview:-1\" \/>\n<link rel=\"canonical\" href=\"https:\/\/cooltivarte.com\/portal\/montevideo-sonoro-palermo\/\" \/>\n<meta property=\"og:locale\" content=\"es_ES\" \/>\n<meta property=\"og:type\" content=\"article\" \/>\n<meta property=\"og:title\" content=\"Montevideo Sonoro - Palermo by Mar\u00eda Jos\u00e9 Pieri\" \/>\n<meta property=\"og:description\" content=\"Estreno de un nuevo recorrido del proyecto Montevideo Sonoro. Es una ma\u00f1ana fresca, al principio chispeaba pero parece que se va a aguantar y podremos hacer el paseo sin agua.\" \/>\n<meta property=\"og:url\" content=\"https:\/\/cooltivarte.com\/portal\/montevideo-sonoro-palermo\/\" \/>\n<meta property=\"og:site_name\" content=\"Cooltivarte Portal\" \/>\n<meta property=\"article:publisher\" content=\"https:\/\/www.facebook.com\/cooltivartecom\/\" \/>\n<meta property=\"article:author\" content=\"https:\/\/www.facebook.com\/maria.jose.pieri\" \/>\n<meta property=\"article:published_time\" content=\"2025-07-31T16:58:51+00:00\" \/>\n<meta property=\"og:image\" content=\"https:\/\/cooltivarte.com\/portal\/wp-content\/uploads\/2025\/07\/Montevideo-Sonoro-Palermo-by-Maria-Jose-Pieri-copia.jpg\" \/>\n\t<meta property=\"og:image:width\" content=\"700\" \/>\n\t<meta property=\"og:image:height\" content=\"932\" \/>\n\t<meta property=\"og:image:type\" content=\"image\/jpeg\" \/>\n<meta name=\"author\" content=\"Mar\u00eda Jos\u00e9 Pieri\" \/>\n<meta name=\"twitter:card\" content=\"summary_large_image\" \/>\n<meta name=\"twitter:title\" content=\"Montevideo Sonoro - Palermo by Mar\u00eda Jos\u00e9 Pieri\" \/>\n<meta name=\"twitter:description\" content=\"Estreno de un nuevo recorrido del proyecto Montevideo Sonoro. Es una ma\u00f1ana fresca, al principio chispeaba pero parece que se va a aguantar y podremos hacer el paseo sin agua.\" \/>\n<meta name=\"twitter:image\" content=\"https:\/\/cooltivarte.com\/portal\/wp-content\/uploads\/2025\/07\/Montevideo-Sonoro-Palermo-by-Maria-Jose-Pieri-copia.jpg\" \/>\n<meta name=\"twitter:creator\" content=\"@https:\/\/x.com\/majo70\" \/>\n<meta name=\"twitter:site\" content=\"@obolocultural\" \/>\n<meta name=\"twitter:label1\" content=\"Escrito por\" \/>\n\t<meta name=\"twitter:data1\" content=\"Mar\u00eda Jos\u00e9 Pieri\" \/>\n\t<meta name=\"twitter:label2\" content=\"Tiempo de lectura\" \/>\n\t<meta name=\"twitter:data2\" content=\"7 minutos\" \/>\n<!-- \/ Yoast SEO plugin. -->","yoast_head_json":{"title":"Montevideo Sonoro - Palermo - Cooltivarte Portal","description":"Estreno de un nuevo recorrido del proyecto Montevideo Sonoro. Es una ma\u00f1ana fresca, al principio chispeaba pero parece que se va a aguantar y podremos hacer el paseo sin agua.","robots":{"index":"index","follow":"follow","max-snippet":"max-snippet:-1","max-image-preview":"max-image-preview:large","max-video-preview":"max-video-preview:-1"},"canonical":"https:\/\/cooltivarte.com\/portal\/montevideo-sonoro-palermo\/","og_locale":"es_ES","og_type":"article","og_title":"Montevideo Sonoro - Palermo by Mar\u00eda Jos\u00e9 Pieri","og_description":"Estreno de un nuevo recorrido del proyecto Montevideo Sonoro. Es una ma\u00f1ana fresca, al principio chispeaba pero parece que se va a aguantar y podremos hacer el paseo sin agua.","og_url":"https:\/\/cooltivarte.com\/portal\/montevideo-sonoro-palermo\/","og_site_name":"Cooltivarte Portal","article_publisher":"https:\/\/www.facebook.com\/cooltivartecom\/","article_author":"https:\/\/www.facebook.com\/maria.jose.pieri","article_published_time":"2025-07-31T16:58:51+00:00","og_image":[{"width":700,"height":932,"url":"https:\/\/cooltivarte.com\/portal\/wp-content\/uploads\/2025\/07\/Montevideo-Sonoro-Palermo-by-Maria-Jose-Pieri-copia.jpg","type":"image\/jpeg"}],"author":"Mar\u00eda Jos\u00e9 Pieri","twitter_card":"summary_large_image","twitter_title":"Montevideo Sonoro - Palermo by Mar\u00eda Jos\u00e9 Pieri","twitter_description":"Estreno de un nuevo recorrido del proyecto Montevideo Sonoro. Es una ma\u00f1ana fresca, al principio chispeaba pero parece que se va a aguantar y podremos hacer el paseo sin agua.","twitter_image":"https:\/\/cooltivarte.com\/portal\/wp-content\/uploads\/2025\/07\/Montevideo-Sonoro-Palermo-by-Maria-Jose-Pieri-copia.jpg","twitter_creator":"@https:\/\/x.com\/majo70","twitter_site":"@obolocultural","twitter_misc":{"Escrito por":"Mar\u00eda Jos\u00e9 Pieri","Tiempo de lectura":"7 minutos"},"schema":{"@context":"https:\/\/schema.org","@graph":[{"@type":"NewsArticle","@id":"https:\/\/cooltivarte.com\/portal\/montevideo-sonoro-palermo\/#article","isPartOf":{"@id":"https:\/\/cooltivarte.com\/portal\/montevideo-sonoro-palermo\/"},"author":{"name":"Mar\u00eda Jos\u00e9 Pieri","@id":"https:\/\/cooltivarte.com\/portal\/#\/schema\/person\/06ef0e0148e87cc17ab57dd1c0ecab47"},"headline":"Montevideo Sonoro &#8211; Palermo","datePublished":"2025-07-31T16:58:51+00:00","mainEntityOfPage":{"@id":"https:\/\/cooltivarte.com\/portal\/montevideo-sonoro-palermo\/"},"wordCount":1418,"publisher":{"@id":"https:\/\/cooltivarte.com\/portal\/#organization"},"image":{"@id":"https:\/\/cooltivarte.com\/portal\/montevideo-sonoro-palermo\/#primaryimage"},"thumbnailUrl":"https:\/\/cooltivarte.com\/portal\/wp-content\/uploads\/2025\/07\/Montevideo-Sonoro-Palermo-by-Maria-Jose-Pieri-copia.jpg","keywords":["Montevideo Sonoro"],"articleSection":["Muestra Sensible"],"inLanguage":"es-AR"},{"@type":"WebPage","@id":"https:\/\/cooltivarte.com\/portal\/montevideo-sonoro-palermo\/","url":"https:\/\/cooltivarte.com\/portal\/montevideo-sonoro-palermo\/","name":"Montevideo Sonoro - Palermo - Cooltivarte Portal","isPartOf":{"@id":"https:\/\/cooltivarte.com\/portal\/#website"},"primaryImageOfPage":{"@id":"https:\/\/cooltivarte.com\/portal\/montevideo-sonoro-palermo\/#primaryimage"},"image":{"@id":"https:\/\/cooltivarte.com\/portal\/montevideo-sonoro-palermo\/#primaryimage"},"thumbnailUrl":"https:\/\/cooltivarte.com\/portal\/wp-content\/uploads\/2025\/07\/Montevideo-Sonoro-Palermo-by-Maria-Jose-Pieri-copia.jpg","datePublished":"2025-07-31T16:58:51+00:00","description":"Estreno de un nuevo recorrido del proyecto Montevideo Sonoro. Es una ma\u00f1ana fresca, al principio chispeaba pero parece que se va a aguantar y podremos hacer el paseo sin agua.","breadcrumb":{"@id":"https:\/\/cooltivarte.com\/portal\/montevideo-sonoro-palermo\/#breadcrumb"},"inLanguage":"es-AR","potentialAction":[{"@type":"ReadAction","target":["https:\/\/cooltivarte.com\/portal\/montevideo-sonoro-palermo\/"]}]},{"@type":"ImageObject","inLanguage":"es-AR","@id":"https:\/\/cooltivarte.com\/portal\/montevideo-sonoro-palermo\/#primaryimage","url":"https:\/\/cooltivarte.com\/portal\/wp-content\/uploads\/2025\/07\/Montevideo-Sonoro-Palermo-by-Maria-Jose-Pieri-copia.jpg","contentUrl":"https:\/\/cooltivarte.com\/portal\/wp-content\/uploads\/2025\/07\/Montevideo-Sonoro-Palermo-by-Maria-Jose-Pieri-copia.jpg","width":700,"height":932,"caption":"Montevideo Sonoro - Palermo by Mar\u00eda Jos\u00e9 Pieri"},{"@type":"BreadcrumbList","@id":"https:\/\/cooltivarte.com\/portal\/montevideo-sonoro-palermo\/#breadcrumb","itemListElement":[{"@type":"ListItem","position":1,"name":"Portada","item":"https:\/\/cooltivarte.com\/portal\/"},{"@type":"ListItem","position":2,"name":"Montevideo Sonoro &#8211; Palermo"}]},{"@type":"WebSite","@id":"https:\/\/cooltivarte.com\/portal\/#website","url":"https:\/\/cooltivarte.com\/portal\/","name":"Cooltivarte Portal","description":"Arte, cultura y turismo para el mundo ...","publisher":{"@id":"https:\/\/cooltivarte.com\/portal\/#organization"},"potentialAction":[{"@type":"SearchAction","target":{"@type":"EntryPoint","urlTemplate":"https:\/\/cooltivarte.com\/portal\/?s={search_term_string}"},"query-input":{"@type":"PropertyValueSpecification","valueRequired":true,"valueName":"search_term_string"}}],"inLanguage":"es-AR"},{"@type":"Organization","@id":"https:\/\/cooltivarte.com\/portal\/#organization","name":"cooltivarte","url":"https:\/\/cooltivarte.com\/portal\/","logo":{"@type":"ImageObject","inLanguage":"es-AR","@id":"https:\/\/cooltivarte.com\/portal\/#\/schema\/logo\/image\/","url":"https:\/\/cooltivarte.com\/portal\/wp-content\/uploads\/2020\/04\/logo-cooltivarte-v2.png","contentUrl":"https:\/\/cooltivarte.com\/portal\/wp-content\/uploads\/2020\/04\/logo-cooltivarte-v2.png","width":851,"height":243,"caption":"cooltivarte"},"image":{"@id":"https:\/\/cooltivarte.com\/portal\/#\/schema\/logo\/image\/"},"sameAs":["https:\/\/www.facebook.com\/cooltivartecom\/","https:\/\/x.com\/obolocultural","https:\/\/www.instagram.com\/_cooltivarte_\/","https:\/\/www.linkedin.com\/company\/-bolocultural?reportsuccess=8zaNG1HwhPbAR9iQhZ5rfGeqz_vQFftHun0ZWU0Wy9vNemRJ8vtcKdJvzQfW8XagyOJSKg0XvfJ1dp","https:\/\/www.pinterest.com\/cooltivarte\/","https:\/\/cooltivarte.tumblr.com\/","https:\/\/www.tiktok.com\/@cooltivarte","https:\/\/www.youtube.com\/@PrensaCooltivarte"]},{"@type":"Person","@id":"https:\/\/cooltivarte.com\/portal\/#\/schema\/person\/06ef0e0148e87cc17ab57dd1c0ecab47","name":"Mar\u00eda Jos\u00e9 Pieri","image":{"@type":"ImageObject","inLanguage":"es-AR","@id":"https:\/\/cooltivarte.com\/portal\/wp-content\/uploads\/2024\/07\/Majo-Pieri-120x120.jpeg","url":"https:\/\/cooltivarte.com\/portal\/wp-content\/uploads\/2024\/07\/Majo-Pieri-120x120.jpeg","contentUrl":"https:\/\/cooltivarte.com\/portal\/wp-content\/uploads\/2024\/07\/Majo-Pieri-120x120.jpeg","caption":"Mar\u00eda Jos\u00e9 Pieri"},"description":"UDELAR, CIENCIAS DE LA COMUNICACI\u00d3N Mujer y madre de adolescente, descubr\u00ed hace a\u00f1os el mundo de la producci\u00f3n teatral, en b\u00fasqueda de profundizar en conocimientos y herramientas para poder desarrollar m\u00e1s esa veta en presente y futuro.","sameAs":["https:\/\/cooltivarte.com\/portal\/author\/maria-jose-pieri\/","https:\/\/www.facebook.com\/maria.jose.pieri","https:\/\/www.instagram.com\/majo_p970\/","https:\/\/www.linkedin.com\/in\/maria-jose-pieri-5939a921\/","https:\/\/www.pinterest.com\/cooltivarte","https:\/\/x.com\/https:\/\/x.com\/majo70","https:\/\/www.youtube.com\/@PrensaCooltivarte","https:\/\/www.tumblr.com\/blog\/cooltivarte"],"url":"https:\/\/cooltivarte.com\/portal\/author\/maria-jose-pieri\/"}]}},"_links":{"self":[{"href":"https:\/\/cooltivarte.com\/portal\/wp-json\/wp\/v2\/posts\/115774","targetHints":{"allow":["GET"]}}],"collection":[{"href":"https:\/\/cooltivarte.com\/portal\/wp-json\/wp\/v2\/posts"}],"about":[{"href":"https:\/\/cooltivarte.com\/portal\/wp-json\/wp\/v2\/types\/post"}],"author":[{"embeddable":true,"href":"https:\/\/cooltivarte.com\/portal\/wp-json\/wp\/v2\/users\/221"}],"replies":[{"embeddable":true,"href":"https:\/\/cooltivarte.com\/portal\/wp-json\/wp\/v2\/comments?post=115774"}],"version-history":[{"count":1,"href":"https:\/\/cooltivarte.com\/portal\/wp-json\/wp\/v2\/posts\/115774\/revisions"}],"predecessor-version":[{"id":115776,"href":"https:\/\/cooltivarte.com\/portal\/wp-json\/wp\/v2\/posts\/115774\/revisions\/115776"}],"wp:featuredmedia":[{"embeddable":true,"href":"https:\/\/cooltivarte.com\/portal\/wp-json\/wp\/v2\/media\/115775"}],"wp:attachment":[{"href":"https:\/\/cooltivarte.com\/portal\/wp-json\/wp\/v2\/media?parent=115774"}],"wp:term":[{"taxonomy":"category","embeddable":true,"href":"https:\/\/cooltivarte.com\/portal\/wp-json\/wp\/v2\/categories?post=115774"},{"taxonomy":"post_tag","embeddable":true,"href":"https:\/\/cooltivarte.com\/portal\/wp-json\/wp\/v2\/tags?post=115774"}],"curies":[{"name":"wp","href":"https:\/\/api.w.org\/{rel}","templated":true}]}}