{"id":115337,"date":"2025-07-19T20:10:41","date_gmt":"2025-07-19T23:10:41","guid":{"rendered":"https:\/\/cooltivarte.com\/portal\/?p=115337"},"modified":"2025-07-19T20:12:46","modified_gmt":"2025-07-19T23:12:46","slug":"homenaje-a-osiris-rodriguez-castillos","status":"publish","type":"post","link":"https:\/\/cooltivarte.com\/portal\/homenaje-a-osiris-rodriguez-castillos\/","title":{"rendered":"Homenaje a Osiris Rodr\u00edguez Castillos"},"content":{"rendered":"<p><img fetchpriority=\"high\" decoding=\"async\" class=\"aligncenter wp-image-115338 size-full\" title=\"Homenaje a Osiris Rodr\u00edguez Castillos - 21 de julio 2025 - Sala Camacu\u00e1\" src=\"https:\/\/cooltivarte.com\/portal\/wp-content\/uploads\/2025\/07\/Homenaje-a-Osiris-Rodriguez-Castillos-21-de-julio-2025-Sala-Camacua.jpeg\" alt=\"Homenaje a Osiris Rodr\u00edguez Castillos - 21 de julio 2025 - Sala Camacu\u00e1\" width=\"940\" height=\"788\" srcset=\"https:\/\/cooltivarte.com\/portal\/wp-content\/uploads\/2025\/07\/Homenaje-a-Osiris-Rodriguez-Castillos-21-de-julio-2025-Sala-Camacua.jpeg 940w, https:\/\/cooltivarte.com\/portal\/wp-content\/uploads\/2025\/07\/Homenaje-a-Osiris-Rodriguez-Castillos-21-de-julio-2025-Sala-Camacua-300x251.jpeg 300w, https:\/\/cooltivarte.com\/portal\/wp-content\/uploads\/2025\/07\/Homenaje-a-Osiris-Rodriguez-Castillos-21-de-julio-2025-Sala-Camacua-768x644.jpeg 768w\" sizes=\"(max-width: 940px) 100vw, 940px\" \/><\/p>\n<p>&nbsp;<\/p>\n<p><strong>Homenaje a Osiris Rodr\u00edguez Castillos &#8211; 21 de julio 2025 &#8211; Sala Camacu\u00e1<\/strong><\/p>\n<p><span style=\"font-weight: 400;\"><strong>La entrada es libre y gratuita, y el encuentro comenzar\u00e1 a las 20 horas.&nbsp;<\/strong><\/span><\/p>\n<p>&nbsp;<\/p>\n<p><strong>El pr\u00f3ximo lunes 21 de julio 2025, la Sala Camacu\u00e1 de Montevideo ser\u00e1 el escenario del homenaje a Osiris Rodr\u00edguez Castillos, al celebrarse 100 a\u00f1os de su nacimiento.&nbsp;<\/strong><\/p>\n<p><span style=\"font-weight: 400;\">Este evento, organizado por Sala Camacu\u00e1 y La Noche Azul, y moderado por<strong> Mauricio Rodr\u00edguez<\/strong>, conductor de Radio Camacu\u00e1, reunir\u00e1 m\u00fasica, cine y conversaci\u00f3n para celebrar la vida y obra de uno de los pilares del folclore uruguayo. <strong>La entrada es libre y gratuita, y el encuentro comenzar\u00e1 a las 20 horas.&nbsp;<\/strong><\/span><\/p>\n<p><span style=\"font-weight: 400;\">La velada contar\u00e1 con la participaci\u00f3n de <strong>Jorge Esteves Ramos<\/strong>, director del documental \u201cOsiris de la piel para adentro\u201d, y <strong>Guillermo Pellegrino<\/strong>, coautor del libro \u201cA la orilla del silencio. Vida y obra de Osiris Rodr\u00edguez Castillos\u201d. Ambos compartir\u00e1n sus experiencias y perspectivas sobre la figura de Osiris, ofreciendo una mirada profunda a su legado art\u00edstico y humano.&nbsp;<\/span><\/p>\n<p><span style=\"font-weight: 400;\">La m\u00fasica estar\u00e1 presente a trav\u00e9s de las guitarras de <strong>Jorge Alastra<\/strong> y <strong>Oscar Red\u00f3n Cabrera<\/strong>, quienes interpretar\u00e1n canciones emblem\u00e1ticas del repertorio de Osiris. Red\u00f3n Cabrera ha dedicado a\u00f1os a la investigaci\u00f3n y difusi\u00f3n de la obra del artista, publicando libros como \u201cOsiris Rodr\u00edguez Castillos \u2013 Obras para guitarra y canto\u201d (2019), \u201cObras para guitarra\u201d (2020) y \u201cOtras canciones\u201d (2021).&nbsp;<\/span><\/p>\n<p><span style=\"font-weight: 400;\">La jornada culminar\u00e1 con la proyecci\u00f3n del documental sobre Osiris dirigido por <strong>Esteves Ramos<\/strong>. Este filme, estrenado en 2022, ha sido exhibido en diversas salas y festivales de Uruguay y Argentina, y actualmente est\u00e1 disponible en plataformas como +Cinemateca y Retina Latina.&nbsp;<\/span><\/p>\n<p><span style=\"font-weight: 400;\">Nacido en Montevideo el 21 de julio de 1925,<strong> Osiris Rodr\u00edguez Castillos<\/strong> fue poeta, escritor, compositor, y luthier. Considerado uno de los fundadores del canto popular uruguayo, su obra se caracteriza por una profunda conexi\u00f3n con las ra\u00edces orientales y una b\u00fasqueda constante de autenticidad.&nbsp;<\/span><\/p>\n<p><span style=\"font-weight: 400;\">Su obra po\u00e9tica incluye t\u00edtulos como \u201cGrillo nochero\u201d (1955), \u201c1904 &#8211; Luna roja\u201d (1957) y \u201cCantos del norte y del sur\u201d (1963). En narrativa, public\u00f3 \u201cEntierro de carnaval\u201d (1960) y \u201cVida y aventuras del gaucho Alambre\u201d (1979).&nbsp;<\/span><\/p>\n<p><span style=\"font-weight: 400;\">Discogr\u00e1ficamente, Osiris dej\u00f3 una huella imborrable con \u00e1lbumes como \u201cPoemas y canciones orientales\u201d (1962), \u201cEl forastero\u201d (1966) y \u201cCimarrones\u201d (1973). Su m\u00fasica ha sido interpretada por destacados artistas como Alfredo Zitarrosa, Mercedes Sosa y Joan Manuel Serrat.<\/span><\/p>\n<p><span style=\"font-weight: 400;\">Durante la dictadura c\u00edvico-militar en Uruguay, Osiris se exili\u00f3 en Madrid, donde continu\u00f3 su labor creativa y desarroll\u00f3 su faceta de luthier, creando la guitarra &#8220;Osiris&#8221;. Regres\u00f3 al pa\u00eds en 1992 y falleci\u00f3 el 10 de octubre de 1996.&nbsp;<\/span><\/p>\n<p><span style=\"font-weight: 400;\">El homenaje en Sala Camacu\u00e1 es una oportunidad para redescubrir y valorar la obra de Osiris Rodr\u00edguez Castillos, cuya influencia sigue vigente en la m\u00fasica y la cultura uruguaya. Su compromiso con la identidad nacional y su pasi\u00f3n por la expresi\u00f3n art\u00edstica lo convierten en una figura imprescindible del patrimonio cultural del pa\u00eds.<\/span><\/p>\n<p><span style=\"font-weight: 400;\">Para quienes deseen profundizar en su vida y obra, el libro A la orilla del silencio de Guillermo Pellegrino y Jorge Basilago ofrece una biograf\u00eda detallada y emotiva, mientras que el documental Osiris de la piel para adentro brinda una mirada \u00edntima y reflexiva sobre su legado.&nbsp;<\/span><\/p>\n<p>&nbsp;<br \/>\n<iframe title=\"YouTube video player\" src=\"https:\/\/www.youtube.com\/embed\/uUjFqKBufrw?si=HakJLRQeNtUmnFkd\" width=\"100%\" height=\"515\" frameborder=\"0\" allowfullscreen=\"allowfullscreen\"><span data-mce-type=\"bookmark\" style=\"display: inline-block; width: 0px; overflow: hidden; line-height: 0;\" class=\"mce_SELRES_start\">\ufeff<\/span><\/iframe><br \/>\n&nbsp;<\/p>\n<p>&nbsp;<\/p>\n","protected":false},"excerpt":{"rendered":"<p>Homenaje a Osiris Rodr\u00edguez Castillos &#8211; 21 de julio 2025 &#8211; Sala Camacu\u00e1<\/p>\n<p>La entrada es libre y gratuita, y el encuentro comenzar\u00e1 a las 20 horas.\u00a0<\/p>\n<p>El pr\u00f3ximo lunes 21 de julio 2025, la Sala Camacu\u00e1 de Montevideo ser\u00e1 el escenario del homenaje a Osiris Rodr\u00edguez Castillos, al celebrarse 100 a\u00f1os de su nacimiento.\u00a0<\/p>\n<p>Este evento, organizado por Sala Camacu\u00e1 y La Noche Azul, y moderado por Mauricio Rodr\u00edguez, conductor de Radio Camacu\u00e1, reunir\u00e1 m\u00fasica, cine y conversaci\u00f3n para celebrar la vida y obra de uno de los pilares del folclore uruguayo. La entrada es libre y gratuita, y el encuentro comenzar\u00e1 a las 20 horas.\u00a0<\/p>\n<p>La velada contar\u00e1 con la participaci\u00f3n de Jorge Esteves Ramos, director del documental \u201cOsiris de la piel para adentro\u201d, y Guillermo Pellegrino, coautor del libro \u201cA la orilla del silencio. Vida y obra de Osiris Rodr\u00edguez Castillos\u201d. Ambos compartir\u00e1n sus experiencias y perspectivas sobre la figura de Osiris, ofreciendo una mirada profunda a su legado art\u00edstico y humano.\u00a0<\/p>\n<p>La m\u00fasica estar\u00e1 presente a trav\u00e9s de las guitarras de Jorge Alastra y Oscar Red\u00f3n Cabrera, quienes interpretar\u00e1n canciones emblem\u00e1ticas del repertorio de Osiris. Red\u00f3n Cabrera ha dedicado a\u00f1os a la investigaci\u00f3n y difusi\u00f3n de la obra del artista, publicando libros como \u201cOsiris Rodr\u00edguez Castillos \u2013 Obras para guitarra y canto\u201d (2019), \u201cObras para guitarra\u201d (2020) y \u201cOtras canciones\u201d (2021).\u00a0<\/p>\n","protected":false},"author":8,"featured_media":115338,"comment_status":"closed","ping_status":"closed","sticky":false,"template":"","format":"standard","meta":{"om_disable_all_campaigns":false,"ngg_post_thumbnail":0,"jnews-multi-image_gallery":[],"jnews_single_post":{"format":"standard","override":[{"template":"4","parallax":"1","layout":"right-sidebar","sidebar":"default-sidebar","second_sidebar":"default-sidebar","sticky_sidebar":"1","share_position":"bottom","share_float_style":"share-monocrhome","show_share_counter":"1","show_view_counter":"1","show_featured":"1","show_post_meta":"1","show_post_author":"1","show_post_author_image":"1","show_post_date":"1","post_date_format":"default","post_date_format_custom":"Y\/m\/d","show_post_category":"1","post_reading_time_wpm":"300","post_calculate_word_method":"str_word_count","zoom_button_out_step":"2","zoom_button_in_step":"3","show_post_tag":"1","show_prev_next_post":"1","show_popup_post":"1","number_popup_post":"1","show_author_box":"1","show_post_related":"0","show_inline_post_related":"0"}],"image_override":[{"single_post_thumbnail_size":"no-crop","single_post_gallery_size":"crop-500"}],"trending_post_position":"meta","trending_post_label":"Trending","sponsored_post_label":"Sponsored by","disable_ad":"0","subtitle":"21 de julio 2025 - Sala Camacu\u00e1 - entrada es libre y gratuita"},"jnews_primary_category":[],"jnews_social_meta":[],"jnews_override_counter":{"view_counter_number":"0","share_counter_number":"0","like_counter_number":"0","dislike_counter_number":"0"},"footnotes":""},"categories":[3394],"tags":[24127,24129,368,9648,24128,16253,4389],"class_list":["post-115337","post","type-post","status-publish","format-standard","has-post-thumbnail","hentry","category-eventos","tag-esteves-ramos","tag-guillermo-pellegrino","tag-jorge-alastra","tag-mauricio-rodriguez","tag-oscar-redon-cabrera","tag-osiris-rodriguez-castillos","tag-sala-camacua"],"yoast_head":"<!-- This site is optimized with the Yoast SEO plugin v27.5 - https:\/\/yoast.com\/product\/yoast-seo-wordpress\/ -->\n<title>Homenaje a Osiris Rodr\u00edguez Castillos - Cooltivarte Portal<\/title>\n<meta name=\"description\" content=\"El pr\u00f3ximo lunes 21 de julio 2025, la Sala Camacu\u00e1 de Montevideo ser\u00e1 el escenario del homenaje a Osiris Rodr\u00edguez Castillos, al celebrarse 100 a\u00f1os de su nacimiento.\u00a0\" \/>\n<meta name=\"robots\" content=\"index, follow, max-snippet:-1, max-image-preview:large, max-video-preview:-1\" \/>\n<link rel=\"canonical\" href=\"https:\/\/cooltivarte.com\/portal\/homenaje-a-osiris-rodriguez-castillos\/\" \/>\n<meta property=\"og:locale\" content=\"es_ES\" \/>\n<meta property=\"og:type\" content=\"article\" \/>\n<meta property=\"og:title\" content=\"Homenaje a Osiris Rodr\u00edguez Castillos - 21 de julio 2025 - Sala Camacu\u00e1\" \/>\n<meta property=\"og:description\" content=\"El pr\u00f3ximo lunes 21 de julio 2025, la Sala Camacu\u00e1 de Montevideo ser\u00e1 el escenario del homenaje a Osiris Rodr\u00edguez Castillos, al celebrarse 100 a\u00f1os de su nacimiento.\u00a0\" \/>\n<meta property=\"og:url\" content=\"https:\/\/cooltivarte.com\/portal\/homenaje-a-osiris-rodriguez-castillos\/\" \/>\n<meta property=\"og:site_name\" content=\"Cooltivarte Portal\" \/>\n<meta property=\"article:publisher\" content=\"https:\/\/www.facebook.com\/cooltivartecom\/\" \/>\n<meta property=\"article:author\" content=\"https:\/\/www.facebook.com\/cooltivartecom\" \/>\n<meta property=\"article:published_time\" content=\"2025-07-19T23:10:41+00:00\" \/>\n<meta property=\"article:modified_time\" content=\"2025-07-19T23:12:46+00:00\" \/>\n<meta property=\"og:image\" content=\"https:\/\/cooltivarte.com\/portal\/wp-content\/uploads\/2025\/07\/Homenaje-a-Osiris-Rodriguez-Castillos-21-de-julio-2025-Sala-Camacua.jpeg\" \/>\n\t<meta property=\"og:image:width\" content=\"940\" \/>\n\t<meta property=\"og:image:height\" content=\"788\" \/>\n\t<meta property=\"og:image:type\" content=\"image\/jpeg\" \/>\n<meta name=\"author\" content=\"Cooltivarte\" \/>\n<meta name=\"twitter:card\" content=\"summary_large_image\" \/>\n<meta name=\"twitter:title\" content=\"Homenaje a Osiris Rodr\u00edguez Castillos - 21 de julio 2025 - Sala Camacu\u00e1\" \/>\n<meta name=\"twitter:description\" content=\"El pr\u00f3ximo lunes 21 de julio 2025, la Sala Camacu\u00e1 de Montevideo ser\u00e1 el escenario del homenaje a Osiris Rodr\u00edguez Castillos, al celebrarse 100 a\u00f1os de su nacimiento.\u00a0\" \/>\n<meta name=\"twitter:image\" content=\"https:\/\/cooltivarte.com\/portal\/wp-content\/uploads\/2025\/07\/Homenaje-a-Osiris-Rodriguez-Castillos-21-de-julio-2025-Sala-Camacua.jpeg\" \/>\n<meta name=\"twitter:creator\" content=\"@https:\/\/x.com\/obolocultural\" \/>\n<meta name=\"twitter:site\" content=\"@obolocultural\" \/>\n<meta name=\"twitter:label1\" content=\"Escrito por\" \/>\n\t<meta name=\"twitter:data1\" content=\"Cooltivarte\" \/>\n\t<meta name=\"twitter:label2\" content=\"Tiempo de lectura\" \/>\n\t<meta name=\"twitter:data2\" content=\"3 minutos\" \/>\n<!-- \/ Yoast SEO plugin. -->","yoast_head_json":{"title":"Homenaje a Osiris Rodr\u00edguez Castillos - Cooltivarte Portal","description":"El pr\u00f3ximo lunes 21 de julio 2025, la Sala Camacu\u00e1 de Montevideo ser\u00e1 el escenario del homenaje a Osiris Rodr\u00edguez Castillos, al celebrarse 100 a\u00f1os de su nacimiento.\u00a0","robots":{"index":"index","follow":"follow","max-snippet":"max-snippet:-1","max-image-preview":"max-image-preview:large","max-video-preview":"max-video-preview:-1"},"canonical":"https:\/\/cooltivarte.com\/portal\/homenaje-a-osiris-rodriguez-castillos\/","og_locale":"es_ES","og_type":"article","og_title":"Homenaje a Osiris Rodr\u00edguez Castillos - 21 de julio 2025 - Sala Camacu\u00e1","og_description":"El pr\u00f3ximo lunes 21 de julio 2025, la Sala Camacu\u00e1 de Montevideo ser\u00e1 el escenario del homenaje a Osiris Rodr\u00edguez Castillos, al celebrarse 100 a\u00f1os de su nacimiento.\u00a0","og_url":"https:\/\/cooltivarte.com\/portal\/homenaje-a-osiris-rodriguez-castillos\/","og_site_name":"Cooltivarte Portal","article_publisher":"https:\/\/www.facebook.com\/cooltivartecom\/","article_author":"https:\/\/www.facebook.com\/cooltivartecom","article_published_time":"2025-07-19T23:10:41+00:00","article_modified_time":"2025-07-19T23:12:46+00:00","og_image":[{"width":940,"height":788,"url":"https:\/\/cooltivarte.com\/portal\/wp-content\/uploads\/2025\/07\/Homenaje-a-Osiris-Rodriguez-Castillos-21-de-julio-2025-Sala-Camacua.jpeg","type":"image\/jpeg"}],"author":"Cooltivarte","twitter_card":"summary_large_image","twitter_title":"Homenaje a Osiris Rodr\u00edguez Castillos - 21 de julio 2025 - Sala Camacu\u00e1","twitter_description":"El pr\u00f3ximo lunes 21 de julio 2025, la Sala Camacu\u00e1 de Montevideo ser\u00e1 el escenario del homenaje a Osiris Rodr\u00edguez Castillos, al celebrarse 100 a\u00f1os de su nacimiento.\u00a0","twitter_image":"https:\/\/cooltivarte.com\/portal\/wp-content\/uploads\/2025\/07\/Homenaje-a-Osiris-Rodriguez-Castillos-21-de-julio-2025-Sala-Camacua.jpeg","twitter_creator":"@https:\/\/x.com\/obolocultural","twitter_site":"@obolocultural","twitter_misc":{"Escrito por":"Cooltivarte","Tiempo de lectura":"3 minutos"},"schema":{"@context":"https:\/\/schema.org","@graph":[{"@type":"NewsArticle","@id":"https:\/\/cooltivarte.com\/portal\/homenaje-a-osiris-rodriguez-castillos\/#article","isPartOf":{"@id":"https:\/\/cooltivarte.com\/portal\/homenaje-a-osiris-rodriguez-castillos\/"},"author":{"name":"Cooltivarte","@id":"https:\/\/cooltivarte.com\/portal\/#\/schema\/person\/ec2a4f4e71b740d0c559c0ab9a157e19"},"headline":"Homenaje a Osiris Rodr\u00edguez Castillos","datePublished":"2025-07-19T23:10:41+00:00","dateModified":"2025-07-19T23:12:46+00:00","mainEntityOfPage":{"@id":"https:\/\/cooltivarte.com\/portal\/homenaje-a-osiris-rodriguez-castillos\/"},"wordCount":559,"publisher":{"@id":"https:\/\/cooltivarte.com\/portal\/#organization"},"image":{"@id":"https:\/\/cooltivarte.com\/portal\/homenaje-a-osiris-rodriguez-castillos\/#primaryimage"},"thumbnailUrl":"https:\/\/cooltivarte.com\/portal\/wp-content\/uploads\/2025\/07\/Homenaje-a-Osiris-Rodriguez-Castillos-21-de-julio-2025-Sala-Camacua.jpeg","keywords":["Esteves Ramos","Guillermo Pellegrino","Jorge Alastra","Mauricio Rodriguez","Oscar Red\u00f3n Cabrera","Osiris Rodr\u00edguez Castillos","Sala Camacu\u00e0"],"articleSection":["Eventos"],"inLanguage":"es-AR"},{"@type":"WebPage","@id":"https:\/\/cooltivarte.com\/portal\/homenaje-a-osiris-rodriguez-castillos\/","url":"https:\/\/cooltivarte.com\/portal\/homenaje-a-osiris-rodriguez-castillos\/","name":"Homenaje a Osiris Rodr\u00edguez Castillos - Cooltivarte Portal","isPartOf":{"@id":"https:\/\/cooltivarte.com\/portal\/#website"},"primaryImageOfPage":{"@id":"https:\/\/cooltivarte.com\/portal\/homenaje-a-osiris-rodriguez-castillos\/#primaryimage"},"image":{"@id":"https:\/\/cooltivarte.com\/portal\/homenaje-a-osiris-rodriguez-castillos\/#primaryimage"},"thumbnailUrl":"https:\/\/cooltivarte.com\/portal\/wp-content\/uploads\/2025\/07\/Homenaje-a-Osiris-Rodriguez-Castillos-21-de-julio-2025-Sala-Camacua.jpeg","datePublished":"2025-07-19T23:10:41+00:00","dateModified":"2025-07-19T23:12:46+00:00","description":"El pr\u00f3ximo lunes 21 de julio 2025, la Sala Camacu\u00e1 de Montevideo ser\u00e1 el escenario del homenaje a Osiris Rodr\u00edguez Castillos, al celebrarse 100 a\u00f1os de su nacimiento.\u00a0","breadcrumb":{"@id":"https:\/\/cooltivarte.com\/portal\/homenaje-a-osiris-rodriguez-castillos\/#breadcrumb"},"inLanguage":"es-AR","potentialAction":[{"@type":"ReadAction","target":["https:\/\/cooltivarte.com\/portal\/homenaje-a-osiris-rodriguez-castillos\/"]}]},{"@type":"ImageObject","inLanguage":"es-AR","@id":"https:\/\/cooltivarte.com\/portal\/homenaje-a-osiris-rodriguez-castillos\/#primaryimage","url":"https:\/\/cooltivarte.com\/portal\/wp-content\/uploads\/2025\/07\/Homenaje-a-Osiris-Rodriguez-Castillos-21-de-julio-2025-Sala-Camacua.jpeg","contentUrl":"https:\/\/cooltivarte.com\/portal\/wp-content\/uploads\/2025\/07\/Homenaje-a-Osiris-Rodriguez-Castillos-21-de-julio-2025-Sala-Camacua.jpeg","width":940,"height":788,"caption":"Homenaje a Osiris Rodr\u00edguez Castillos - 21 de julio 2025 - Sala Camacu\u00e1"},{"@type":"BreadcrumbList","@id":"https:\/\/cooltivarte.com\/portal\/homenaje-a-osiris-rodriguez-castillos\/#breadcrumb","itemListElement":[{"@type":"ListItem","position":1,"name":"Portada","item":"https:\/\/cooltivarte.com\/portal\/"},{"@type":"ListItem","position":2,"name":"Homenaje a Osiris Rodr\u00edguez Castillos"}]},{"@type":"WebSite","@id":"https:\/\/cooltivarte.com\/portal\/#website","url":"https:\/\/cooltivarte.com\/portal\/","name":"Cooltivarte Portal","description":"Arte, cultura y turismo para el mundo ...","publisher":{"@id":"https:\/\/cooltivarte.com\/portal\/#organization"},"potentialAction":[{"@type":"SearchAction","target":{"@type":"EntryPoint","urlTemplate":"https:\/\/cooltivarte.com\/portal\/?s={search_term_string}"},"query-input":{"@type":"PropertyValueSpecification","valueRequired":true,"valueName":"search_term_string"}}],"inLanguage":"es-AR"},{"@type":"Organization","@id":"https:\/\/cooltivarte.com\/portal\/#organization","name":"cooltivarte","url":"https:\/\/cooltivarte.com\/portal\/","logo":{"@type":"ImageObject","inLanguage":"es-AR","@id":"https:\/\/cooltivarte.com\/portal\/#\/schema\/logo\/image\/","url":"https:\/\/cooltivarte.com\/portal\/wp-content\/uploads\/2020\/04\/logo-cooltivarte-v2.png","contentUrl":"https:\/\/cooltivarte.com\/portal\/wp-content\/uploads\/2020\/04\/logo-cooltivarte-v2.png","width":851,"height":243,"caption":"cooltivarte"},"image":{"@id":"https:\/\/cooltivarte.com\/portal\/#\/schema\/logo\/image\/"},"sameAs":["https:\/\/www.facebook.com\/cooltivartecom\/","https:\/\/x.com\/obolocultural","https:\/\/www.instagram.com\/_cooltivarte_\/","https:\/\/www.linkedin.com\/company\/-bolocultural?reportsuccess=8zaNG1HwhPbAR9iQhZ5rfGeqz_vQFftHun0ZWU0Wy9vNemRJ8vtcKdJvzQfW8XagyOJSKg0XvfJ1dp","https:\/\/www.pinterest.com\/cooltivarte\/","https:\/\/cooltivarte.tumblr.com\/","https:\/\/www.tiktok.com\/@cooltivarte","https:\/\/www.youtube.com\/@PrensaCooltivarte"]},{"@type":"Person","@id":"https:\/\/cooltivarte.com\/portal\/#\/schema\/person\/ec2a4f4e71b740d0c559c0ab9a157e19","name":"Cooltivarte","image":{"@type":"ImageObject","inLanguage":"es-AR","@id":"https:\/\/cooltivarte.com\/portal\/wp-content\/uploads\/2014\/05\/logo-cooltivarte-120x120.jpg","url":"https:\/\/cooltivarte.com\/portal\/wp-content\/uploads\/2014\/05\/logo-cooltivarte-120x120.jpg","contentUrl":"https:\/\/cooltivarte.com\/portal\/wp-content\/uploads\/2014\/05\/logo-cooltivarte-120x120.jpg","caption":"Cooltivarte"},"description":"Somos COOLTIVARTE.COM. Un portal digital dedicado a difundir el acontecer art\u00edstico y cultural del Uruguay. Estamos en la vuelta desde el a\u00f1o 2003, y como evoluci\u00f3n del bolet\u00edn Obolo Cultural, nos encontramos abocados a apoyar a los artistas nacionales brind\u00e1ndoles un espacio de difusi\u00f3n. Creemos en la idea de utilizar la potencialidad que hoy d\u00eda nos otorga la web, para que la cultura uruguaya y sus creadores dispongan de una din\u00e1mica ventana, que los ponga en contacto entre s\u00ed y con el mundo. Somos COOLTIVARTE.COM y pretendemos configurarnos como un portal din\u00e1mico, entretenido y atento a los nuevos emprendimientos, que busque siempre la interacci\u00f3n con los artistas.","sameAs":["http:\/\/www.cooltivarte.com","https:\/\/www.facebook.com\/cooltivartecom","https:\/\/www.instagram.com\/_cooltivarte_\/","https:\/\/www.linkedin.com\/company\/-bolocultural","https:\/\/www.pinterest.com\/cooltivarte\/","https:\/\/x.com\/https:\/\/x.com\/obolocultural","https:\/\/www.youtube.com\/@PrensaCooltivarte","https:\/\/www.tumblr.com\/blog\/cooltivarte"],"url":"https:\/\/cooltivarte.com\/portal\/author\/cooltivarte\/"}]}},"_links":{"self":[{"href":"https:\/\/cooltivarte.com\/portal\/wp-json\/wp\/v2\/posts\/115337","targetHints":{"allow":["GET"]}}],"collection":[{"href":"https:\/\/cooltivarte.com\/portal\/wp-json\/wp\/v2\/posts"}],"about":[{"href":"https:\/\/cooltivarte.com\/portal\/wp-json\/wp\/v2\/types\/post"}],"author":[{"embeddable":true,"href":"https:\/\/cooltivarte.com\/portal\/wp-json\/wp\/v2\/users\/8"}],"replies":[{"embeddable":true,"href":"https:\/\/cooltivarte.com\/portal\/wp-json\/wp\/v2\/comments?post=115337"}],"version-history":[{"count":1,"href":"https:\/\/cooltivarte.com\/portal\/wp-json\/wp\/v2\/posts\/115337\/revisions"}],"predecessor-version":[{"id":115339,"href":"https:\/\/cooltivarte.com\/portal\/wp-json\/wp\/v2\/posts\/115337\/revisions\/115339"}],"wp:featuredmedia":[{"embeddable":true,"href":"https:\/\/cooltivarte.com\/portal\/wp-json\/wp\/v2\/media\/115338"}],"wp:attachment":[{"href":"https:\/\/cooltivarte.com\/portal\/wp-json\/wp\/v2\/media?parent=115337"}],"wp:term":[{"taxonomy":"category","embeddable":true,"href":"https:\/\/cooltivarte.com\/portal\/wp-json\/wp\/v2\/categories?post=115337"},{"taxonomy":"post_tag","embeddable":true,"href":"https:\/\/cooltivarte.com\/portal\/wp-json\/wp\/v2\/tags?post=115337"}],"curies":[{"name":"wp","href":"https:\/\/api.w.org\/{rel}","templated":true}]}}