{"id":113778,"date":"2025-05-28T15:54:35","date_gmt":"2025-05-28T18:54:35","guid":{"rendered":"https:\/\/cooltivarte.com\/portal\/?p=113778"},"modified":"2025-05-28T17:27:54","modified_gmt":"2025-05-28T20:27:54","slug":"fernando-cabrera-en-la-sociedad-urbana-villa-dolores","status":"publish","type":"post","link":"https:\/\/cooltivarte.com\/portal\/fernando-cabrera-en-la-sociedad-urbana-villa-dolores\/","title":{"rendered":"Fernando Cabrera en la Sociedad Urbana Villa Dolores"},"content":{"rendered":"<figure id=\"attachment_113781\" aria-describedby=\"caption-attachment-113781\" style=\"width: 1024px\" class=\"wp-caption aligncenter\"><img fetchpriority=\"high\" decoding=\"async\" class=\"wp-image-113781 size-large\" title=\"Fernando Cabrera - Sociedad Urbana de Villa Dolores - Mayo 2025 - Fot\u00f3grafo Juan Manuel L\u00f3pez\" src=\"https:\/\/cooltivarte.com\/portal\/wp-content\/uploads\/2025\/05\/Fernando-Cabrera-Socidad-Urbana-de-Villa-Dolores-Mayo-2025-Fotografo-Juan-Manuel-Lopez-1024x913.jpg\" alt=\"Fernando Cabrera - Sociedad Urbana de Villa Dolores - Mayo 2025 - Fot\u00f3grafo Juan Manuel L\u00f3pez\" width=\"1024\" height=\"913\" srcset=\"https:\/\/cooltivarte.com\/portal\/wp-content\/uploads\/2025\/05\/Fernando-Cabrera-Socidad-Urbana-de-Villa-Dolores-Mayo-2025-Fotografo-Juan-Manuel-Lopez-1024x913.jpg 1024w, https:\/\/cooltivarte.com\/portal\/wp-content\/uploads\/2025\/05\/Fernando-Cabrera-Socidad-Urbana-de-Villa-Dolores-Mayo-2025-Fotografo-Juan-Manuel-Lopez-300x268.jpg 300w, https:\/\/cooltivarte.com\/portal\/wp-content\/uploads\/2025\/05\/Fernando-Cabrera-Socidad-Urbana-de-Villa-Dolores-Mayo-2025-Fotografo-Juan-Manuel-Lopez-768x685.jpg 768w, https:\/\/cooltivarte.com\/portal\/wp-content\/uploads\/2025\/05\/Fernando-Cabrera-Socidad-Urbana-de-Villa-Dolores-Mayo-2025-Fotografo-Juan-Manuel-Lopez-1536x1370.jpg 1536w, https:\/\/cooltivarte.com\/portal\/wp-content\/uploads\/2025\/05\/Fernando-Cabrera-Socidad-Urbana-de-Villa-Dolores-Mayo-2025-Fotografo-Juan-Manuel-Lopez-2048x1827.jpg 2048w\" sizes=\"(max-width: 1024px) 100vw, 1024px\" \/><figcaption id=\"caption-attachment-113781\" class=\"wp-caption-text\">Fernando Cabrera &#8211; Sociedad Urbana de Villa Dolores &#8211; Mayo 2025 &#8211; Foto Juan Manuel L\u00f3pez<\/figcaption><\/figure>\n<p>&nbsp;<\/p>\n<p>Llegar a la <a href=\"https:\/\/sociedadurbanavilladolores.com\/\" target=\"_blank\" rel=\"noopener\"><b>Sociedad Urbana Villa Dolores<\/b><\/a> es entrar en un refugio que sabe c\u00f3mo cuidar su atm\u00f3sfera. El aire tiene ese olor a madera vieja y a vino que acompa\u00f1a la charla baja. La recepci\u00f3n es c\u00e1lida, sin apuros, con gente que te mira y te hace sentir en casa.<\/p>\n<p>Como casi siempre, llegu\u00e9 sobre la hora y me sent\u00e9 en una butaca alta, al fondo, donde unas diez mesas se dispersaban en el sal\u00f3n, iluminadas por el parpadeo c\u00e1lido de los candiles. El murmullo era un susurro constante, las copas chocaban con delicadeza y las conversaciones parec\u00edan m\u00e1s secretas que ruidosas. Hab\u00eda algo de sagrado en esa espera, como si todos supi\u00e9ramos que la m\u00fasica que estaba por venir merec\u00eda ese silencio previo.<\/p>\n<p>A las 21:20, sin prisa pero con paso firme, apareci\u00f3 <a href=\"https:\/\/cooltivarte.com\/portal\/?s=Fernando+Cabrera\" target=\"_blank\" rel=\"noopener\"><b>Fernando Cabrera<\/b><\/a> por el pasillo central, guitarra en mano. Caminaba con esa calma que es a la vez modestia y dignidad, como quien sabe que no necesita anunciar su llegada para ser el centro. Pero la sala no tard\u00f3 en descubrirlo. De inmediato, los ojos atentos lo siguieron y los aplausos se dieron espont\u00e1neos. \u00c9l respondi\u00f3 con una sonrisa apenas perceptible, una peque\u00f1a inclinaci\u00f3n de cabeza, y se instal\u00f3 en el centro del escenario con la naturalidad de quien vuelve a un hogar.<\/p>\n<p>Vest\u00eda como un caballero moderno; saco mostaza claro, camisa blanca, pantal\u00f3n oscuro y zapatos limpios que parec\u00edan hechos para recorrer caminos pero sin perder la compostura. Era un aspecto se\u00f1orial, sin rigidez ni distancia, m\u00e1s bien una ternura contenida en sus gestos y miradas que cruzaba con el p\u00fablico. Cabrera no necesita hablar para decir mucho. Su sola presencia ya marca el tono de la noche.<\/p>\n<p>Prepar\u00f3 su lugar con cuidado; guitarra lista, micr\u00f3fono, un atril con letras y pentagramas, una mesita con p\u00faas, un vaso de agua. Todo muy simple, sin distracciones, como el hombre que va a contar historias sin adornos.<\/p>\n<p>Comenz\u00f3 con <em><b>Te abrac\u00e9 en la noche<\/b><\/em>, y la voz bajita se col\u00f3 por cada rinc\u00f3n del sal\u00f3n. Continu\u00f3 con <em><b>Caminos en flor<\/b><\/em> y <em><b>El tiempo est\u00e1 despu\u00e9s<\/b><\/em>, hilvanando canciones que parec\u00edan susurradas al o\u00eddo, un di\u00e1logo \u00edntimo entre artista y p\u00fablico. Es que la noche de domingo no ped\u00eda m\u00e1s que eso, cercan\u00eda y verdad.<\/p>\n<p>Siguieron pasando las canciones: <em><b>La garra del coraz\u00f3n<\/b><\/em>, <em><b>Mar\u00eda Elena<\/b>, <b>Estaba en otra vida<\/b>, <b>Agua<\/b>, <b>El loco<\/b><\/em>. Cada tema una historia, una emoci\u00f3n tejida con la voz que a veces se quebraba apenas y la guitarra que sonaba con la precisi\u00f3n de un tipo que ya tiene un recorrido importante. En Cr\u00edticas, arranc\u00f3 risas contando c\u00f3mo fue sencillo armar la letra juntando frases de amigos, familiares, ex parejas y otras voces que lo hab\u00edan marcado. Esa mezcla de humor y sinceridad le dio un aire fresco en medio de la solemnidad.<\/p>\n<p>Sigui\u00f3 con <em><b>Viva la patria <\/b><\/em>y <em><b>El liceo<\/b><\/em>, una canci\u00f3n con versos que golpean justo: <i>\u201c\u2026Profesores, profesores, unos pocos tan cercanos y otros tantos delatores&#8230;\u201d.<\/i> La luz sobre el escenario era austera, apenas dos luces rojas a los costados y una blanca al centro. No hab\u00eda adornos ni pantallas. Solo la figura de Cabrera, sentado justo ah\u00ed, en el centro de la calma, dominando el espacio con la quietud que impone un verdadero caballero.<\/p>\n<p>En las mesas separadas, voces bajas, con la paciencia y el respeto que merece. No se apuraba nada, no hac\u00eda falta. Cada canci\u00f3n encontraba su lugar, cada pausa era parte de la conversaci\u00f3n silenciosa.<\/p>\n<p>Siguieron <em><b>La casa de al lado<\/b>, <b>Manta y roc\u00edo<\/b>, <\/em>y <em><b>Lisa se cas\u00f3<\/b><\/em>, donde Fernando se permiti\u00f3 contar una historia detr\u00e1s de la canci\u00f3n; la invitaci\u00f3n al casamiento de su expareja pocos meses despu\u00e9s de la separaci\u00f3n. Cont\u00f3 que no fue a ese casamiento, pero la situaci\u00f3n le sirvi\u00f3 para escribir la canci\u00f3n. La forma en que lo relat\u00f3 gener\u00f3 risas y aplausos algo inc\u00f3modos, como si todos entendi\u00e9ramos el trasfondo y comparti\u00e9ramos un secreto.<\/p>\n<p>Despu\u00e9s vinieron, <em><b>Por ejemplo<\/b>, <b>Puerta de los dos<\/b>, <b>Salvataje <\/b><\/em>y <em><b>Un pueblo<\/b>.<\/em> Antes de continuar, agradeci\u00f3 con sencillez a los encargados del lugar, al sonidista y a la productora que lo acompa\u00f1a desde hace a\u00f1os. Nada grandilocuente, solo un gesto honesto que cerr\u00f3 esa pausa con calidez.<\/p>\n<p>A las 22:30 anunci\u00f3 que terminaba, se levant\u00f3, pero el aplauso fue tan fuerte y largo que volvi\u00f3 para cerrar con <em><b>Imposible <\/b><\/em>y <em><b>Viveza<\/b><\/em>. En <em><b>Viveza<\/b> <\/em>se anim\u00f3 a quitar la guitarra y cant\u00f3 solo, con una cajita de f\u00f3sforos en la mano haciendo las veces de maraca. Era el gesto peque\u00f1o y sencillo que resume todo: sin artificios, sin excesos, solo m\u00fasica y presencia.<\/p>\n<p><strong>Fernando Cabrera<\/strong> es un caballero de la canci\u00f3n. Con una guitarra pelada, sin efectos ni adornos, le da espacio al silencio como si fuera parte del show. Su voz, seca y directa, atraviesa el sal\u00f3n sin esfuerzo. La gente escucha con atenci\u00f3n, con esa mezcla de respeto y cercan\u00eda que genera alguien que no necesita levantar la voz para hacerse notar. Cabrera maneja la noche con la tranquilidad de quien conoce el camino de memoria.<\/p>\n<p>Una noche para guardar, sencilla y profunda al calor de una guitarra y la compa\u00f1\u00eda de un caballero que no olvida el arte de la humildad.<\/p>\n<p><iframe title=\"Spotify Embed: Fernando Cabrera\" style=\"border-radius: 12px\" width=\"100%\" height=\"352\" frameborder=\"0\" allowfullscreen allow=\"autoplay; clipboard-write; encrypted-media; fullscreen; picture-in-picture\" loading=\"lazy\" src=\"https:\/\/open.spotify.com\/embed\/artist\/6SgzbJKexV8Ouadaaa6PVy?si=HvVJ1GdjR2aRvtjYqAyxqg&#038;utm_source=oembed\"><\/iframe><\/p>\n<p>&nbsp;<\/p>\n<p>&nbsp;<\/p>\n","protected":false},"excerpt":{"rendered":"<p>Llegar a la Sociedad Urbana Villa Dolores es entrar en un refugio que sabe c\u00f3mo cuidar su atm\u00f3sfera. El aire tiene ese olor a madera vieja y a vino que acompa\u00f1a la charla baja. La recepci\u00f3n es c\u00e1lida, sin apuros, con gente que te mira y te hace sentir en casa. Como casi siempre, llegu\u00e9 sobre la hora, ese momento en que todo est\u00e1 listo, pero nada se apura. Me sent\u00e9 en una butaca alta, al fondo, donde unas diez mesas se dispersaban en el sal\u00f3n, iluminadas por el parpadeo c\u00e1lido de los candiles. El murmullo era un susurro constante, las copas chocaban con delicadeza y las conversaciones parec\u00edan m\u00e1s secretas que ruidosas. Hab\u00eda algo de sagrado en esa espera, como si todos supi\u00e9ramos que la m\u00fasica que estaba por venir merec\u00eda ese silencio previo.<\/p>\n<p>A las 21:20, sin prisa pero con paso firme, apareci\u00f3 Fernando Cabrera por el pasillo central, guitarra en mano. Caminaba con esa calma que es a la vez modestia y dignidad, como quien sabe que no necesita anunciar su llegada para ser el centro. Pero la sala no tard\u00f3 en descubrirlo. De inmediato, los ojos atentos lo siguieron y los aplausos se dieron espont\u00e1neos. \u00c9l respondi\u00f3 con una sonrisa apenas perceptible, una peque\u00f1a inclinaci\u00f3n de cabeza, y se instal\u00f3 en el centro del escenario con la naturalidad de quien vuelve a un hogar.<\/p>\n","protected":false},"author":199,"featured_media":113781,"comment_status":"closed","ping_status":"closed","sticky":false,"template":"","format":"standard","meta":{"om_disable_all_campaigns":false,"ngg_post_thumbnail":0,"jnews-multi-image_gallery":[],"jnews_single_post":{"format":"standard","override":[{"template":"4","parallax":"1","layout":"right-sidebar","sidebar":"default-sidebar","second_sidebar":"default-sidebar","sticky_sidebar":"1","share_position":"bottom","share_float_style":"share-monocrhome","show_share_counter":"1","show_view_counter":"1","show_featured":"1","show_post_meta":"1","show_post_author":"1","show_post_author_image":"1","show_post_date":"1","post_date_format":"default","post_date_format_custom":"Y\/m\/d","show_post_category":"1","post_reading_time_wpm":"300","post_calculate_word_method":"str_word_count","zoom_button_out_step":"2","zoom_button_in_step":"3","show_post_tag":"1","show_prev_next_post":"1","show_popup_post":"1","number_popup_post":"1","show_author_box":"1","show_post_related":"0","show_inline_post_related":"0"}],"image_override":[{"single_post_thumbnail_size":"no-crop","single_post_gallery_size":"crop-500"}],"trending_post_position":"meta","trending_post_label":"Trending","sponsored_post_label":"Sponsored by","disable_ad":"0","subtitle":"Una noche de intimidad, m\u00fasica y presencia se\u00f1orial"},"jnews_primary_category":[],"jnews_social_meta":[],"jnews_override_counter":{"view_counter_number":"0","share_counter_number":"0","like_counter_number":"0","dislike_counter_number":"0"},"footnotes":""},"categories":[50],"tags":[89,17356],"class_list":["post-113778","post","type-post","status-publish","format-standard","has-post-thumbnail","hentry","category-coberturas","tag-fernando-cabrera","tag-sociedad-urbana-villa-dolores"],"yoast_head":"<!-- This site is optimized with the Yoast SEO plugin v27.4 - https:\/\/yoast.com\/product\/yoast-seo-wordpress\/ -->\n<title>Fernando Cabrera en la Sociedad Urbana Villa Dolores - Cooltivarte Portal<\/title>\n<meta name=\"description\" content=\"A las 21:20, sin prisa pero con paso firme, apareci\u00f3 Fernando Cabrera por el pasillo central, guitarra en mano.\" \/>\n<meta name=\"robots\" content=\"index, follow, max-snippet:-1, max-image-preview:large, max-video-preview:-1\" \/>\n<link rel=\"canonical\" href=\"https:\/\/cooltivarte.com\/portal\/fernando-cabrera-en-la-sociedad-urbana-villa-dolores\/\" \/>\n<meta property=\"og:locale\" content=\"es_ES\" \/>\n<meta property=\"og:type\" content=\"article\" \/>\n<meta property=\"og:title\" content=\"Fernando Cabrera en la Sociedad Urbana Villa Dolores - Una noche de intimidad, m\u00fasica y presencia se\u00f1orial by Rodrigo Cabrera - Foto Juan Manuel L\u00f3pez\" \/>\n<meta property=\"og:description\" content=\"A las 21:20, sin prisa pero con paso firme, apareci\u00f3 Fernando Cabrera por el pasillo central, guitarra en mano.\" \/>\n<meta property=\"og:url\" content=\"https:\/\/cooltivarte.com\/portal\/fernando-cabrera-en-la-sociedad-urbana-villa-dolores\/\" \/>\n<meta property=\"og:site_name\" content=\"Cooltivarte Portal\" \/>\n<meta property=\"article:publisher\" content=\"https:\/\/www.facebook.com\/cooltivartecom\/\" \/>\n<meta property=\"article:author\" content=\"https:\/\/www.facebook.com\/rodrigo.cabrera.35\" \/>\n<meta property=\"article:published_time\" content=\"2025-05-28T18:54:35+00:00\" \/>\n<meta property=\"article:modified_time\" content=\"2025-05-28T20:27:54+00:00\" \/>\n<meta property=\"og:image\" content=\"https:\/\/cooltivarte.com\/portal\/wp-content\/uploads\/2025\/05\/Fernando-Cabrera-Socidad-Urbana-de-Villa-Dolores-Mayo-2025-Fotografo-Juan-Manuel-Lopez-scaled.jpg\" \/>\n\t<meta property=\"og:image:width\" content=\"2560\" \/>\n\t<meta property=\"og:image:height\" content=\"2283\" \/>\n\t<meta property=\"og:image:type\" content=\"image\/jpeg\" \/>\n<meta name=\"author\" content=\"Rodrigo Cabrera\" \/>\n<meta name=\"twitter:card\" content=\"summary_large_image\" \/>\n<meta name=\"twitter:title\" content=\"Fernando Cabrera en la Sociedad Urbana Villa Dolores - Una noche de intimidad, m\u00fasica y presencia se\u00f1orial by Rodrigo Cabrera - Foto Juan Manuel L\u00f3pez\" \/>\n<meta name=\"twitter:description\" content=\"A las 21:20, sin prisa pero con paso firme, apareci\u00f3 Fernando Cabrera por el pasillo central, guitarra en mano.\" \/>\n<meta name=\"twitter:image\" content=\"https:\/\/cooltivarte.com\/portal\/wp-content\/uploads\/2025\/05\/Fernando-Cabrera-Socidad-Urbana-de-Villa-Dolores-Mayo-2025-Fotografo-Juan-Manuel-Lopez-scaled.jpg\" \/>\n<meta name=\"twitter:creator\" content=\"@https:\/\/x.com\/obolocultural\" \/>\n<meta name=\"twitter:site\" content=\"@obolocultural\" \/>\n<meta name=\"twitter:label1\" content=\"Escrito por\" \/>\n\t<meta name=\"twitter:data1\" content=\"Rodrigo Cabrera\" \/>\n\t<meta name=\"twitter:label2\" content=\"Tiempo de lectura\" \/>\n\t<meta name=\"twitter:data2\" content=\"5 minutos\" \/>\n<!-- \/ Yoast SEO plugin. -->","yoast_head_json":{"title":"Fernando Cabrera en la Sociedad Urbana Villa Dolores - Cooltivarte Portal","description":"A las 21:20, sin prisa pero con paso firme, apareci\u00f3 Fernando Cabrera por el pasillo central, guitarra en mano.","robots":{"index":"index","follow":"follow","max-snippet":"max-snippet:-1","max-image-preview":"max-image-preview:large","max-video-preview":"max-video-preview:-1"},"canonical":"https:\/\/cooltivarte.com\/portal\/fernando-cabrera-en-la-sociedad-urbana-villa-dolores\/","og_locale":"es_ES","og_type":"article","og_title":"Fernando Cabrera en la Sociedad Urbana Villa Dolores - Una noche de intimidad, m\u00fasica y presencia se\u00f1orial by Rodrigo Cabrera - Foto Juan Manuel L\u00f3pez","og_description":"A las 21:20, sin prisa pero con paso firme, apareci\u00f3 Fernando Cabrera por el pasillo central, guitarra en mano.","og_url":"https:\/\/cooltivarte.com\/portal\/fernando-cabrera-en-la-sociedad-urbana-villa-dolores\/","og_site_name":"Cooltivarte Portal","article_publisher":"https:\/\/www.facebook.com\/cooltivartecom\/","article_author":"https:\/\/www.facebook.com\/rodrigo.cabrera.35","article_published_time":"2025-05-28T18:54:35+00:00","article_modified_time":"2025-05-28T20:27:54+00:00","og_image":[{"width":2560,"height":2283,"url":"https:\/\/cooltivarte.com\/portal\/wp-content\/uploads\/2025\/05\/Fernando-Cabrera-Socidad-Urbana-de-Villa-Dolores-Mayo-2025-Fotografo-Juan-Manuel-Lopez-scaled.jpg","type":"image\/jpeg"}],"author":"Rodrigo Cabrera","twitter_card":"summary_large_image","twitter_title":"Fernando Cabrera en la Sociedad Urbana Villa Dolores - Una noche de intimidad, m\u00fasica y presencia se\u00f1orial by Rodrigo Cabrera - Foto Juan Manuel L\u00f3pez","twitter_description":"A las 21:20, sin prisa pero con paso firme, apareci\u00f3 Fernando Cabrera por el pasillo central, guitarra en mano.","twitter_image":"https:\/\/cooltivarte.com\/portal\/wp-content\/uploads\/2025\/05\/Fernando-Cabrera-Socidad-Urbana-de-Villa-Dolores-Mayo-2025-Fotografo-Juan-Manuel-Lopez-scaled.jpg","twitter_creator":"@https:\/\/x.com\/obolocultural","twitter_site":"@obolocultural","twitter_misc":{"Escrito por":"Rodrigo Cabrera","Tiempo de lectura":"5 minutos"},"schema":{"@context":"https:\/\/schema.org","@graph":[{"@type":"NewsArticle","@id":"https:\/\/cooltivarte.com\/portal\/fernando-cabrera-en-la-sociedad-urbana-villa-dolores\/#article","isPartOf":{"@id":"https:\/\/cooltivarte.com\/portal\/fernando-cabrera-en-la-sociedad-urbana-villa-dolores\/"},"author":{"name":"Rodrigo Cabrera","@id":"https:\/\/cooltivarte.com\/portal\/#\/schema\/person\/98e010c27211186ccb0c7ca2383b48b8"},"headline":"Fernando Cabrera en la Sociedad Urbana Villa Dolores","datePublished":"2025-05-28T18:54:35+00:00","dateModified":"2025-05-28T20:27:54+00:00","mainEntityOfPage":{"@id":"https:\/\/cooltivarte.com\/portal\/fernando-cabrera-en-la-sociedad-urbana-villa-dolores\/"},"wordCount":979,"publisher":{"@id":"https:\/\/cooltivarte.com\/portal\/#organization"},"image":{"@id":"https:\/\/cooltivarte.com\/portal\/fernando-cabrera-en-la-sociedad-urbana-villa-dolores\/#primaryimage"},"thumbnailUrl":"https:\/\/cooltivarte.com\/portal\/wp-content\/uploads\/2025\/05\/Fernando-Cabrera-Socidad-Urbana-de-Villa-Dolores-Mayo-2025-Fotografo-Juan-Manuel-Lopez-scaled.jpg","keywords":["Fernando Cabrera","Sociedad Urbana Villa Dolores"],"articleSection":["Coberturas"],"inLanguage":"es-AR"},{"@type":"WebPage","@id":"https:\/\/cooltivarte.com\/portal\/fernando-cabrera-en-la-sociedad-urbana-villa-dolores\/","url":"https:\/\/cooltivarte.com\/portal\/fernando-cabrera-en-la-sociedad-urbana-villa-dolores\/","name":"Fernando Cabrera en la Sociedad Urbana Villa Dolores - Cooltivarte Portal","isPartOf":{"@id":"https:\/\/cooltivarte.com\/portal\/#website"},"primaryImageOfPage":{"@id":"https:\/\/cooltivarte.com\/portal\/fernando-cabrera-en-la-sociedad-urbana-villa-dolores\/#primaryimage"},"image":{"@id":"https:\/\/cooltivarte.com\/portal\/fernando-cabrera-en-la-sociedad-urbana-villa-dolores\/#primaryimage"},"thumbnailUrl":"https:\/\/cooltivarte.com\/portal\/wp-content\/uploads\/2025\/05\/Fernando-Cabrera-Socidad-Urbana-de-Villa-Dolores-Mayo-2025-Fotografo-Juan-Manuel-Lopez-scaled.jpg","datePublished":"2025-05-28T18:54:35+00:00","dateModified":"2025-05-28T20:27:54+00:00","description":"A las 21:20, sin prisa pero con paso firme, apareci\u00f3 Fernando Cabrera por el pasillo central, guitarra en mano.","breadcrumb":{"@id":"https:\/\/cooltivarte.com\/portal\/fernando-cabrera-en-la-sociedad-urbana-villa-dolores\/#breadcrumb"},"inLanguage":"es-AR","potentialAction":[{"@type":"ReadAction","target":["https:\/\/cooltivarte.com\/portal\/fernando-cabrera-en-la-sociedad-urbana-villa-dolores\/"]}]},{"@type":"ImageObject","inLanguage":"es-AR","@id":"https:\/\/cooltivarte.com\/portal\/fernando-cabrera-en-la-sociedad-urbana-villa-dolores\/#primaryimage","url":"https:\/\/cooltivarte.com\/portal\/wp-content\/uploads\/2025\/05\/Fernando-Cabrera-Socidad-Urbana-de-Villa-Dolores-Mayo-2025-Fotografo-Juan-Manuel-Lopez-scaled.jpg","contentUrl":"https:\/\/cooltivarte.com\/portal\/wp-content\/uploads\/2025\/05\/Fernando-Cabrera-Socidad-Urbana-de-Villa-Dolores-Mayo-2025-Fotografo-Juan-Manuel-Lopez-scaled.jpg","width":2560,"height":2283,"caption":"Fernando Cabrera - Socidad Urbana de Villa Dolores - Mayo 2025 - Fot\u00f3grafo Juan Manuel L\u00f3pez"},{"@type":"BreadcrumbList","@id":"https:\/\/cooltivarte.com\/portal\/fernando-cabrera-en-la-sociedad-urbana-villa-dolores\/#breadcrumb","itemListElement":[{"@type":"ListItem","position":1,"name":"Portada","item":"https:\/\/cooltivarte.com\/portal\/"},{"@type":"ListItem","position":2,"name":"Fernando Cabrera en la Sociedad Urbana Villa Dolores"}]},{"@type":"WebSite","@id":"https:\/\/cooltivarte.com\/portal\/#website","url":"https:\/\/cooltivarte.com\/portal\/","name":"Cooltivarte Portal","description":"Arte, cultura y turismo para el mundo ...","publisher":{"@id":"https:\/\/cooltivarte.com\/portal\/#organization"},"potentialAction":[{"@type":"SearchAction","target":{"@type":"EntryPoint","urlTemplate":"https:\/\/cooltivarte.com\/portal\/?s={search_term_string}"},"query-input":{"@type":"PropertyValueSpecification","valueRequired":true,"valueName":"search_term_string"}}],"inLanguage":"es-AR"},{"@type":"Organization","@id":"https:\/\/cooltivarte.com\/portal\/#organization","name":"cooltivarte","url":"https:\/\/cooltivarte.com\/portal\/","logo":{"@type":"ImageObject","inLanguage":"es-AR","@id":"https:\/\/cooltivarte.com\/portal\/#\/schema\/logo\/image\/","url":"https:\/\/cooltivarte.com\/portal\/wp-content\/uploads\/2020\/04\/logo-cooltivarte-v2.png","contentUrl":"https:\/\/cooltivarte.com\/portal\/wp-content\/uploads\/2020\/04\/logo-cooltivarte-v2.png","width":851,"height":243,"caption":"cooltivarte"},"image":{"@id":"https:\/\/cooltivarte.com\/portal\/#\/schema\/logo\/image\/"},"sameAs":["https:\/\/www.facebook.com\/cooltivartecom\/","https:\/\/x.com\/obolocultural","https:\/\/www.instagram.com\/_cooltivarte_\/","https:\/\/www.linkedin.com\/company\/-bolocultural?reportsuccess=8zaNG1HwhPbAR9iQhZ5rfGeqz_vQFftHun0ZWU0Wy9vNemRJ8vtcKdJvzQfW8XagyOJSKg0XvfJ1dp","https:\/\/www.pinterest.com\/cooltivarte\/","https:\/\/cooltivarte.tumblr.com\/","https:\/\/www.tiktok.com\/@cooltivarte","https:\/\/www.youtube.com\/@PrensaCooltivarte"]},{"@type":"Person","@id":"https:\/\/cooltivarte.com\/portal\/#\/schema\/person\/98e010c27211186ccb0c7ca2383b48b8","name":"Rodrigo Cabrera","image":{"@type":"ImageObject","inLanguage":"es-AR","@id":"https:\/\/cooltivarte.com\/portal\/wp-content\/uploads\/2026\/01\/Ro1-120x120.jpeg","url":"https:\/\/cooltivarte.com\/portal\/wp-content\/uploads\/2026\/01\/Ro1-120x120.jpeg","contentUrl":"https:\/\/cooltivarte.com\/portal\/wp-content\/uploads\/2026\/01\/Ro1-120x120.jpeg","caption":"Rodrigo Cabrera"},"description":"La comunicaci\u00f3n y el arte son mis lugares. Me muevo entre tablados, escenarios y espacios culturales, siguiendo hilos que van apareciendo en el camino. Egres\u00e9 de la FIC y de la Escuela Figari, aunque gran parte de mi formaci\u00f3n vino de compartir en ronda, con Paulo Freire como referencia. Vengo del carnaval, del rock y de la murga canci\u00f3n. Escribo como quien anota lo que siente en una libreta, como sale y sin tecnicismos. Laburo con gurises en proyectos de formaci\u00f3n. Creo en el arte como un espacio cercano y compartido, donde todas las voces importan.","sameAs":["https:\/\/www.facebook.com\/rodrigo.cabrera.35","https:\/\/www.instagram.com\/rodrigo.cabrera.35","linkedin.com\/in\/rodrigo-c-492303187","https:\/\/www.pinterest.com\/cooltivarte\/","https:\/\/x.com\/https:\/\/x.com\/obolocultural","https:\/\/www.youtube.com\/@PrensaCooltivarte","https:\/\/cooltivarte.tumblr.com\/"],"url":"https:\/\/cooltivarte.com\/portal\/author\/rodrigo-cabrera\/"}]}},"_links":{"self":[{"href":"https:\/\/cooltivarte.com\/portal\/wp-json\/wp\/v2\/posts\/113778","targetHints":{"allow":["GET"]}}],"collection":[{"href":"https:\/\/cooltivarte.com\/portal\/wp-json\/wp\/v2\/posts"}],"about":[{"href":"https:\/\/cooltivarte.com\/portal\/wp-json\/wp\/v2\/types\/post"}],"author":[{"embeddable":true,"href":"https:\/\/cooltivarte.com\/portal\/wp-json\/wp\/v2\/users\/199"}],"replies":[{"embeddable":true,"href":"https:\/\/cooltivarte.com\/portal\/wp-json\/wp\/v2\/comments?post=113778"}],"version-history":[{"count":5,"href":"https:\/\/cooltivarte.com\/portal\/wp-json\/wp\/v2\/posts\/113778\/revisions"}],"predecessor-version":[{"id":113788,"href":"https:\/\/cooltivarte.com\/portal\/wp-json\/wp\/v2\/posts\/113778\/revisions\/113788"}],"wp:featuredmedia":[{"embeddable":true,"href":"https:\/\/cooltivarte.com\/portal\/wp-json\/wp\/v2\/media\/113781"}],"wp:attachment":[{"href":"https:\/\/cooltivarte.com\/portal\/wp-json\/wp\/v2\/media?parent=113778"}],"wp:term":[{"taxonomy":"category","embeddable":true,"href":"https:\/\/cooltivarte.com\/portal\/wp-json\/wp\/v2\/categories?post=113778"},{"taxonomy":"post_tag","embeddable":true,"href":"https:\/\/cooltivarte.com\/portal\/wp-json\/wp\/v2\/tags?post=113778"}],"curies":[{"name":"wp","href":"https:\/\/api.w.org\/{rel}","templated":true}]}}