{"id":113495,"date":"2025-05-19T14:33:19","date_gmt":"2025-05-19T17:33:19","guid":{"rendered":"https:\/\/cooltivarte.com\/portal\/?p=113495"},"modified":"2025-05-19T14:33:19","modified_gmt":"2025-05-19T17:33:19","slug":"casa-museo-guillermo-tovar-de-teresa","status":"publish","type":"post","link":"https:\/\/cooltivarte.com\/portal\/casa-museo-guillermo-tovar-de-teresa\/","title":{"rendered":"Casa Museo Guillermo Tovar de Teresa"},"content":{"rendered":"<figure id=\"attachment_113496\" aria-describedby=\"caption-attachment-113496\" style=\"width: 768px\" class=\"wp-caption aligncenter\"><img fetchpriority=\"high\" decoding=\"async\" class=\"wp-image-113496 size-large\" title=\"Casa Museo Guillermo Tovar de Teresa - CDMX - M\u00e9xico by Daniel Benoit Cassou\" src=\"https:\/\/cooltivarte.com\/portal\/wp-content\/uploads\/2025\/05\/Casa-Museo-Guillermo-Tovar-de-Teresa-768x1024.webp\" alt=\"Casa Museo Guillermo Tovar de Teresa - CDMX - M\u00e9xico by Daniel Benoit Cassou\" width=\"768\" height=\"1024\" srcset=\"https:\/\/cooltivarte.com\/portal\/wp-content\/uploads\/2025\/05\/Casa-Museo-Guillermo-Tovar-de-Teresa-768x1024.webp 768w, https:\/\/cooltivarte.com\/portal\/wp-content\/uploads\/2025\/05\/Casa-Museo-Guillermo-Tovar-de-Teresa-225x300.webp 225w, https:\/\/cooltivarte.com\/portal\/wp-content\/uploads\/2025\/05\/Casa-Museo-Guillermo-Tovar-de-Teresa-1152x1536.webp 1152w, https:\/\/cooltivarte.com\/portal\/wp-content\/uploads\/2025\/05\/Casa-Museo-Guillermo-Tovar-de-Teresa-1536x2048.webp 1536w, https:\/\/cooltivarte.com\/portal\/wp-content\/uploads\/2025\/05\/Casa-Museo-Guillermo-Tovar-de-Teresa.webp 1600w\" sizes=\"(max-width: 768px) 100vw, 768px\" \/><figcaption id=\"caption-attachment-113496\" class=\"wp-caption-text\">Casa Museo Guillermo Tovar de Teresa &#8211; CDMX &#8211; M\u00e9xico by Daniel Benoit Cassou<\/figcaption><\/figure>\n<p>&nbsp;<\/p>\n<div class=\"wp-block-group has-global-padding is-layout-constrained wp-block-group-is-layout-constrained\">\n<h1 class=\"wp-block-post-title\">Casa Museo Guillermo Tovar de Teresa<\/h1>\n<\/div>\n<div class=\"entry-content wp-block-post-content has-global-padding is-layout-constrained wp-block-post-content-is-layout-constrained\">\n<p><strong>CDMX, M\u00e9xico.<\/strong><\/p>\n<p>Este museo es un golpe de suerte para quienes aman la historia y el arte.<\/p>\n<p>Entrar en el mismo es viajar en un tiempo pasado donde aun se oyen los pasos de quienes lo habitaran. Es una joyita recoleta que da gusto de recorrer y habitar aunque sea por un rato.<\/p>\n<p>All\u00ed vivi\u00f3 el historiador y bibli\u00f3filo&nbsp;<strong>Guillermo Tovar y de Teresa (1956-2013)<\/strong>&nbsp;quien se dedic\u00f3 durante toda su vida a preservar y recuperar piezas incluyendo pinturas, esculturas, fotograf\u00edas, muebles de \u00e9poca as\u00ed como tapices.<\/p>\n<p>Tovar y de Teresa de gusto exquisito y refinado, coleccionista m\u00faltiple, es un art\u00edfice muy importante dentro del pasado reciente de su pa\u00eds. Conform\u00f3 una biblioteca de 20000 vol\u00famenes y mas de 1000 piezas de arte colonial de Nueva Espa\u00f1a, el Virreinato, la conformaci\u00f3n nacional mexicana decimonica, el Segundo Imperio y el Porfiriato que dur\u00f3 35 a\u00f1os desde 1876 a 1911, que forman parte de su museo.<\/p>\n<p>Con su agudo inter\u00e9s consigui\u00f3 penetrar en los patrimonios culturales de las familias m\u00e1s pudientes que conservaban bienes de \u00e9poca de valor art\u00edstico que fue incorporando poco a poco a su colecci\u00f3n.<\/p>\n<p>Era un coleccionista de alma, lo que habla del inter\u00e9s personal de preservar y compartir de forma desinteresada con su pa\u00eds.<\/p>\n<p>Su casa est\u00e1 ubicada en la colonia Roma de M\u00e9xico y cuenta con 990 m2 de construcci\u00f3n que pueden ser recorridos con entrada libre.<\/p>\n<p>Luego de su fallecimiento a ra\u00edz de c\u00e1ncer de medula \u00f3sea, sus hermanos contrataron a la subastadora inglesa Christie\u2019s, as\u00ed como a la librer\u00eda mas importante de Madrid creada en 1947 representada por Alicia Bard\u00f3n nieta de los fundadores conocedora de tomos exclusivos, que le clasificaron, tasaron y ordenaron concluyendo en un cat\u00e1logo con el fin de su venta.<\/p>\n<p>Previo remate, los hermanos Tovar y de Teresa, tuvieron la atinada idea de hablar con&nbsp;<strong>Carlos Slim (Ciudad de M\u00e9xico, 1940)<\/strong>, el capitalista mas importante de M\u00e9xico y uno de los hombres mas ricos del mundo, que habiendo sido muy amigo de Guillermo y con un esp\u00edritu filantr\u00f3pico opt\u00f3 por adquirir a trav\u00e9s de su Fundaci\u00f3n la totalidad de la colecci\u00f3n incluyendo la residencia con todo su acervo convirti\u00e9ndolo en el tercer museo que forma parte del Museo Soumaya.<\/p>\n<p>Guillermo Tovar y de Teresa hab\u00eda colaborado con Slim en la creaci\u00f3n del primer museo Soumaya en Plaza Loreto.<\/p>\n<p>La casa ofrece un recorrido a trav\u00e9s de las \u00e1reas que van desde el vest\u00edbulo, el comedor, la biblioteca, su dormitorio, las salas amarilla, la roja y la azul denominaci\u00f3n en virtud del color de sus paredes llegando al patio central y el hermoso jard\u00edn victoriano.<\/p>\n<p>Cuenta con obras excepcionales pero mas que la identificaci\u00f3n individual de cada una, lo importante es el contexto general que conforma la totalidad que habla del prop\u00f3sito del coleccionista que con tanta dedicaci\u00f3n y esfuerzo las fue adquiriendo. Es all\u00ed que radica el valor del coleccionista que sabe rescatar y presentar a trav\u00e9s de una exposici\u00f3n donde las piezas se lucen en todo su esplendor as\u00ed como tambi\u00e9n dialogan creando la obra mayor que lleva la firma Tovar y de Teresa.<\/p>\n<p>Dentro de las obras de arte destacan el \u00f3leo Arc\u00e1ngel San Rafael de Miguel Cabrera (1695-1768) as\u00ed como una porcelana de la Virgen de Guadalupe que fuera obsequiada por la Emperatriz Carlota a una de sus dama de compa\u00f1\u00eda. Tambi\u00e9n llama la atenci\u00f3n un Pegaso de vidrio italiano azul realizado a trav\u00e9s de la t\u00e9cnica del soplado. En la bibliotecea se encuentra la colecci\u00f3n completa de los tomos de Sor Juana In\u00e9s de la Cruz<\/p>\n<p>Guillermo Tovar de profesi\u00f3n abogado habiendo estudiado historia en la Sorbona, tuvo una carrera destacada en el \u00e1rea cultural de su pa\u00eds. Entre 1991 y 1992 ocup\u00f3 el cargo de director del Instituto Nacional de Bellas Artes (INBA) per\u00edodo durante el cual reinaugur\u00f3 el Auditorio Nacional que hab\u00eda permanecido cerrado durante mas de un a\u00f1o.<\/p>\n<p>Destaca la direcci\u00f3n que realizara durante trece a\u00f1os, de 1992 al 2000 y del 2012 al 2015, al frente del Consejo Nacional para la Cultura y las Artes (Conaculta), \u00f3rgano creado en 1988 que habla muy bien del inter\u00e9s cultural del gobierno de M\u00e9xico. Fue embajador por su pa\u00eds en Roma (2001-2007). Al final de su carrera se desempe\u00f1\u00f3 como primer secretario de Cultura de M\u00e9xico.<\/p>\n<p>Gran lector tambi\u00e9n fue un renombrado escritor con 39 obras en su haber entre las que se destacan La ciudad de los Palacios: Cr\u00f3nica de un Patrimonio Perdido, Pintura y Escultura del Renacimiento en M\u00e9xico y El Pegaso o el mundo barroco novohispano del siglo XVII, M\u00e9xico barroco (1981), La ciudad de M\u00e9xico y la utop\u00eda en el siglo XVI (1987), El arte de los Lagarto, iluminadores novohispanos de los siglos XVI y XVII (1988), Bibliograf\u00eda novohispana de arte (dos vol\u00famenes, 1988) y Miguel Cabrera, pintor de c\u00e1mara de la reina celestial (1985), entre otros.<\/p>\n<p>La residencia porfiriana, ubicada la calle Valladolid n\u00famero 52, que se encontraba en un estado de abandono, la adquiri\u00f3 en 1995 devolvi\u00e9ndole el esplendor que tuviera otrora y que gracias a su generosidad y a la participaci\u00f3n de la Fundaci\u00f3n Slim, puede ser visitada dando cuenta de un pasado esplendoroso que habla de la rica cultura de M\u00e9xico.<\/p>\n<\/div>\n<p>&nbsp;<\/p>\n<div style=\"width: 640px;\" class=\"wp-video\"><!--[if lt IE 9]><script>document.createElement('video');<\/script><![endif]-->\n<video class=\"wp-video-shortcode\" id=\"video-113495-1\" width=\"640\" height=\"360\" preload=\"metadata\" controls=\"controls\"><source type=\"video\/mp4\" src=\"https:\/\/danielbenoit.art\/wp-content\/uploads\/2025\/05\/AQN_lpP4lHdjse-L9XNgVsA__O9PbByNfHFkE4DL8FhLnR0ymu6lKoTHw7blMTw9cVJuiLV5JCxYb1CJ5KIAh0YK.mp4?_=1\" \/><a href=\"https:\/\/danielbenoit.art\/wp-content\/uploads\/2025\/05\/AQN_lpP4lHdjse-L9XNgVsA__O9PbByNfHFkE4DL8FhLnR0ymu6lKoTHw7blMTw9cVJuiLV5JCxYb1CJ5KIAh0YK.mp4\">https:\/\/danielbenoit.art\/wp-content\/uploads\/2025\/05\/AQN_lpP4lHdjse-L9XNgVsA__O9PbByNfHFkE4DL8FhLnR0ymu6lKoTHw7blMTw9cVJuiLV5JCxYb1CJ5KIAh0YK.mp4<\/a><\/video><\/div>\n<p>&nbsp;<\/p>\n<p>&nbsp;<\/p>\n<p>&nbsp;<\/p>\n","protected":false},"excerpt":{"rendered":"<p>Este museo es un golpe de suerte para quienes aman la historia y el arte.<\/p>\n<p>Entrar en el mismo es viajar en un tiempo pasado donde aun se oyen los pasos de quienes lo habitaran. Es una joyita recoleta que da gusto de recorrer y habitar aunque sea por un rato.<\/p>\n<p>All\u00ed vivi\u00f3 el historiador y bibli\u00f3filo\u00a0Guillermo Tovar y de Teresa (1956-2013)\u00a0quien se dedic\u00f3 durante toda su vida a preservar y recuperar piezas incluyendo pinturas, esculturas, fotograf\u00edas, muebles de \u00e9poca as\u00ed como tapices.<\/p>\n<p>Tovar y de Teresa de gusto exquisito y refinado, coleccionista m\u00faltiple, es un art\u00edfice muy importante dentro del pasado reciente de su pa\u00eds. Conform\u00f3 una biblioteca de 20000 vol\u00famenes y mas de 1000 piezas de arte colonial de Nueva Espa\u00f1a, el Virreinato, la conformaci\u00f3n nacional mexicana decimonica, el Segundo Imperio y el Porfiriato que dur\u00f3 35 a\u00f1os desde 1876 a 1911, que forman parte de su museo.<\/p>\n","protected":false},"author":14,"featured_media":113496,"comment_status":"closed","ping_status":"closed","sticky":false,"template":"","format":"standard","meta":{"om_disable_all_campaigns":false,"ngg_post_thumbnail":0,"jnews-multi-image_gallery":[],"jnews_single_post":{"format":"standard","override":[{"template":"4","parallax":"1","layout":"right-sidebar","sidebar":"default-sidebar","second_sidebar":"default-sidebar","sticky_sidebar":"1","share_position":"bottom","share_float_style":"share-monocrhome","show_share_counter":"1","show_view_counter":"1","show_featured":"1","show_post_meta":"1","show_post_author":"1","show_post_author_image":"1","show_post_date":"1","post_date_format":"default","post_date_format_custom":"Y\/m\/d","show_post_category":"1","post_reading_time_wpm":"300","post_calculate_word_method":"str_word_count","zoom_button_out_step":"2","zoom_button_in_step":"3","show_post_tag":"1","show_prev_next_post":"1","show_popup_post":"1","number_popup_post":"1","show_author_box":"1","show_post_related":"0","show_inline_post_related":"0"}],"image_override":[{"single_post_thumbnail_size":"no-crop","single_post_gallery_size":"crop-500"}],"trending_post_position":"meta","trending_post_label":"Trending","sponsored_post_label":"Sponsored by","disable_ad":"0","subtitle":"CDMX, M\u00e9xico."},"jnews_primary_category":[],"jnews_social_meta":[],"jnews_override_counter":{"view_counter_number":"0","share_counter_number":"0","like_counter_number":"0","dislike_counter_number":"0"},"footnotes":""},"categories":[52],"tags":[],"class_list":["post-113495","post","type-post","status-publish","format-standard","has-post-thumbnail","hentry","category-artista"],"yoast_head":"<!-- This site is optimized with the Yoast SEO plugin v27.5 - https:\/\/yoast.com\/product\/yoast-seo-wordpress\/ -->\n<title>Casa Museo Guillermo Tovar de Teresa - Cooltivarte Portal<\/title>\n<meta name=\"description\" content=\"All\u00ed vivi\u00f3 el historiador y bibli\u00f3filo\u00a0Guillermo Tovar y de Teresa (1956-2013)\u00a0quien se dedic\u00f3 durante toda su vida a preservar y recuperar piezas incluyendo pinturas, esculturas, fotograf\u00edas, muebles de \u00e9poca as\u00ed como tapices.\" \/>\n<meta name=\"robots\" content=\"index, follow, max-snippet:-1, max-image-preview:large, max-video-preview:-1\" \/>\n<link rel=\"canonical\" href=\"https:\/\/cooltivarte.com\/portal\/casa-museo-guillermo-tovar-de-teresa\/\" \/>\n<meta property=\"og:locale\" content=\"es_ES\" \/>\n<meta property=\"og:type\" content=\"article\" \/>\n<meta property=\"og:title\" content=\"Casa Museo Guillermo Tovar de Teresa - CDMX - M\u00e9xico by Daniel Benoit Cassou\" \/>\n<meta property=\"og:description\" content=\"All\u00ed vivi\u00f3 el historiador y bibli\u00f3filo\u00a0Guillermo Tovar y de Teresa (1956-2013)\u00a0quien se dedic\u00f3 durante toda su vida a preservar y recuperar piezas incluyendo pinturas, esculturas, fotograf\u00edas, muebles de \u00e9poca as\u00ed como tapices.\" \/>\n<meta property=\"og:url\" content=\"https:\/\/cooltivarte.com\/portal\/casa-museo-guillermo-tovar-de-teresa\/\" \/>\n<meta property=\"og:site_name\" content=\"Cooltivarte Portal\" \/>\n<meta property=\"article:publisher\" content=\"https:\/\/www.facebook.com\/cooltivartecom\/\" \/>\n<meta property=\"article:author\" content=\"https:\/\/www.facebook.com\/daniel.benoit.3557?fref=ts\" \/>\n<meta property=\"article:published_time\" content=\"2025-05-19T17:33:19+00:00\" \/>\n<meta property=\"og:image\" content=\"https:\/\/cooltivarte.com\/portal\/wp-content\/uploads\/2025\/05\/Casa-Museo-Guillermo-Tovar-de-Teresa.webp\" \/>\n\t<meta property=\"og:image:width\" content=\"1600\" \/>\n\t<meta property=\"og:image:height\" content=\"2133\" \/>\n\t<meta property=\"og:image:type\" content=\"image\/webp\" \/>\n<meta name=\"author\" content=\"Daniel Benoit Cassou\" \/>\n<meta name=\"twitter:card\" content=\"summary_large_image\" \/>\n<meta name=\"twitter:title\" content=\"Casa Museo Guillermo Tovar de Teresa - CDMX - M\u00e9xico by Daniel Benoit Cassou\" \/>\n<meta name=\"twitter:description\" content=\"All\u00ed vivi\u00f3 el historiador y bibli\u00f3filo\u00a0Guillermo Tovar y de Teresa (1956-2013)\u00a0quien se dedic\u00f3 durante toda su vida a preservar y recuperar piezas incluyendo pinturas, esculturas, fotograf\u00edas, muebles de \u00e9poca as\u00ed como tapices.\" \/>\n<meta name=\"twitter:image\" content=\"https:\/\/cooltivarte.com\/portal\/wp-content\/uploads\/2025\/05\/Casa-Museo-Guillermo-Tovar-de-Teresa.webp\" \/>\n<meta name=\"twitter:creator\" content=\"@https:\/\/x.com\/obolocultural\" \/>\n<meta name=\"twitter:site\" content=\"@obolocultural\" \/>\n<meta name=\"twitter:label1\" content=\"Escrito por\" \/>\n\t<meta name=\"twitter:data1\" content=\"Daniel Benoit Cassou\" \/>\n\t<meta name=\"twitter:label2\" content=\"Tiempo de lectura\" \/>\n\t<meta name=\"twitter:data2\" content=\"5 minutos\" \/>\n<!-- \/ Yoast SEO plugin. -->","yoast_head_json":{"title":"Casa Museo Guillermo Tovar de Teresa - Cooltivarte Portal","description":"All\u00ed vivi\u00f3 el historiador y bibli\u00f3filo\u00a0Guillermo Tovar y de Teresa (1956-2013)\u00a0quien se dedic\u00f3 durante toda su vida a preservar y recuperar piezas incluyendo pinturas, esculturas, fotograf\u00edas, muebles de \u00e9poca as\u00ed como tapices.","robots":{"index":"index","follow":"follow","max-snippet":"max-snippet:-1","max-image-preview":"max-image-preview:large","max-video-preview":"max-video-preview:-1"},"canonical":"https:\/\/cooltivarte.com\/portal\/casa-museo-guillermo-tovar-de-teresa\/","og_locale":"es_ES","og_type":"article","og_title":"Casa Museo Guillermo Tovar de Teresa - CDMX - M\u00e9xico by Daniel Benoit Cassou","og_description":"All\u00ed vivi\u00f3 el historiador y bibli\u00f3filo\u00a0Guillermo Tovar y de Teresa (1956-2013)\u00a0quien se dedic\u00f3 durante toda su vida a preservar y recuperar piezas incluyendo pinturas, esculturas, fotograf\u00edas, muebles de \u00e9poca as\u00ed como tapices.","og_url":"https:\/\/cooltivarte.com\/portal\/casa-museo-guillermo-tovar-de-teresa\/","og_site_name":"Cooltivarte Portal","article_publisher":"https:\/\/www.facebook.com\/cooltivartecom\/","article_author":"https:\/\/www.facebook.com\/daniel.benoit.3557?fref=ts","article_published_time":"2025-05-19T17:33:19+00:00","og_image":[{"width":1600,"height":2133,"url":"https:\/\/cooltivarte.com\/portal\/wp-content\/uploads\/2025\/05\/Casa-Museo-Guillermo-Tovar-de-Teresa.webp","type":"image\/webp"}],"author":"Daniel Benoit Cassou","twitter_card":"summary_large_image","twitter_title":"Casa Museo Guillermo Tovar de Teresa - CDMX - M\u00e9xico by Daniel Benoit Cassou","twitter_description":"All\u00ed vivi\u00f3 el historiador y bibli\u00f3filo\u00a0Guillermo Tovar y de Teresa (1956-2013)\u00a0quien se dedic\u00f3 durante toda su vida a preservar y recuperar piezas incluyendo pinturas, esculturas, fotograf\u00edas, muebles de \u00e9poca as\u00ed como tapices.","twitter_image":"https:\/\/cooltivarte.com\/portal\/wp-content\/uploads\/2025\/05\/Casa-Museo-Guillermo-Tovar-de-Teresa.webp","twitter_creator":"@https:\/\/x.com\/obolocultural","twitter_site":"@obolocultural","twitter_misc":{"Escrito por":"Daniel Benoit Cassou","Tiempo de lectura":"5 minutos"},"schema":{"@context":"https:\/\/schema.org","@graph":[{"@type":"NewsArticle","@id":"https:\/\/cooltivarte.com\/portal\/casa-museo-guillermo-tovar-de-teresa\/#article","isPartOf":{"@id":"https:\/\/cooltivarte.com\/portal\/casa-museo-guillermo-tovar-de-teresa\/"},"author":{"name":"Daniel Benoit Cassou","@id":"https:\/\/cooltivarte.com\/portal\/#\/schema\/person\/175e2af38af164206375abd19e491b3f"},"headline":"Casa Museo Guillermo Tovar de Teresa","datePublished":"2025-05-19T17:33:19+00:00","mainEntityOfPage":{"@id":"https:\/\/cooltivarte.com\/portal\/casa-museo-guillermo-tovar-de-teresa\/"},"wordCount":982,"publisher":{"@id":"https:\/\/cooltivarte.com\/portal\/#organization"},"image":{"@id":"https:\/\/cooltivarte.com\/portal\/casa-museo-guillermo-tovar-de-teresa\/#primaryimage"},"thumbnailUrl":"https:\/\/cooltivarte.com\/portal\/wp-content\/uploads\/2025\/05\/Casa-Museo-Guillermo-Tovar-de-Teresa.webp","articleSection":["Arte"],"inLanguage":"es-AR"},{"@type":"WebPage","@id":"https:\/\/cooltivarte.com\/portal\/casa-museo-guillermo-tovar-de-teresa\/","url":"https:\/\/cooltivarte.com\/portal\/casa-museo-guillermo-tovar-de-teresa\/","name":"Casa Museo Guillermo Tovar de Teresa - Cooltivarte Portal","isPartOf":{"@id":"https:\/\/cooltivarte.com\/portal\/#website"},"primaryImageOfPage":{"@id":"https:\/\/cooltivarte.com\/portal\/casa-museo-guillermo-tovar-de-teresa\/#primaryimage"},"image":{"@id":"https:\/\/cooltivarte.com\/portal\/casa-museo-guillermo-tovar-de-teresa\/#primaryimage"},"thumbnailUrl":"https:\/\/cooltivarte.com\/portal\/wp-content\/uploads\/2025\/05\/Casa-Museo-Guillermo-Tovar-de-Teresa.webp","datePublished":"2025-05-19T17:33:19+00:00","description":"All\u00ed vivi\u00f3 el historiador y bibli\u00f3filo\u00a0Guillermo Tovar y de Teresa (1956-2013)\u00a0quien se dedic\u00f3 durante toda su vida a preservar y recuperar piezas incluyendo pinturas, esculturas, fotograf\u00edas, muebles de \u00e9poca as\u00ed como tapices.","breadcrumb":{"@id":"https:\/\/cooltivarte.com\/portal\/casa-museo-guillermo-tovar-de-teresa\/#breadcrumb"},"inLanguage":"es-AR","potentialAction":[{"@type":"ReadAction","target":["https:\/\/cooltivarte.com\/portal\/casa-museo-guillermo-tovar-de-teresa\/"]}]},{"@type":"ImageObject","inLanguage":"es-AR","@id":"https:\/\/cooltivarte.com\/portal\/casa-museo-guillermo-tovar-de-teresa\/#primaryimage","url":"https:\/\/cooltivarte.com\/portal\/wp-content\/uploads\/2025\/05\/Casa-Museo-Guillermo-Tovar-de-Teresa.webp","contentUrl":"https:\/\/cooltivarte.com\/portal\/wp-content\/uploads\/2025\/05\/Casa-Museo-Guillermo-Tovar-de-Teresa.webp","width":1600,"height":2133,"caption":"Casa Museo Guillermo Tovar de Teresa - CDMX - M\u00e9xico by Daniel Benoit Cassou"},{"@type":"BreadcrumbList","@id":"https:\/\/cooltivarte.com\/portal\/casa-museo-guillermo-tovar-de-teresa\/#breadcrumb","itemListElement":[{"@type":"ListItem","position":1,"name":"Portada","item":"https:\/\/cooltivarte.com\/portal\/"},{"@type":"ListItem","position":2,"name":"Casa Museo Guillermo Tovar de Teresa"}]},{"@type":"WebSite","@id":"https:\/\/cooltivarte.com\/portal\/#website","url":"https:\/\/cooltivarte.com\/portal\/","name":"Cooltivarte Portal","description":"Arte, cultura y turismo para el mundo ...","publisher":{"@id":"https:\/\/cooltivarte.com\/portal\/#organization"},"potentialAction":[{"@type":"SearchAction","target":{"@type":"EntryPoint","urlTemplate":"https:\/\/cooltivarte.com\/portal\/?s={search_term_string}"},"query-input":{"@type":"PropertyValueSpecification","valueRequired":true,"valueName":"search_term_string"}}],"inLanguage":"es-AR"},{"@type":"Organization","@id":"https:\/\/cooltivarte.com\/portal\/#organization","name":"cooltivarte","url":"https:\/\/cooltivarte.com\/portal\/","logo":{"@type":"ImageObject","inLanguage":"es-AR","@id":"https:\/\/cooltivarte.com\/portal\/#\/schema\/logo\/image\/","url":"https:\/\/cooltivarte.com\/portal\/wp-content\/uploads\/2020\/04\/logo-cooltivarte-v2.png","contentUrl":"https:\/\/cooltivarte.com\/portal\/wp-content\/uploads\/2020\/04\/logo-cooltivarte-v2.png","width":851,"height":243,"caption":"cooltivarte"},"image":{"@id":"https:\/\/cooltivarte.com\/portal\/#\/schema\/logo\/image\/"},"sameAs":["https:\/\/www.facebook.com\/cooltivartecom\/","https:\/\/x.com\/obolocultural","https:\/\/www.instagram.com\/_cooltivarte_\/","https:\/\/www.linkedin.com\/company\/-bolocultural?reportsuccess=8zaNG1HwhPbAR9iQhZ5rfGeqz_vQFftHun0ZWU0Wy9vNemRJ8vtcKdJvzQfW8XagyOJSKg0XvfJ1dp","https:\/\/www.pinterest.com\/cooltivarte\/","https:\/\/cooltivarte.tumblr.com\/","https:\/\/www.tiktok.com\/@cooltivarte","https:\/\/www.youtube.com\/@PrensaCooltivarte"]},{"@type":"Person","@id":"https:\/\/cooltivarte.com\/portal\/#\/schema\/person\/175e2af38af164206375abd19e491b3f","name":"Daniel Benoit Cassou","image":{"@type":"ImageObject","inLanguage":"es-AR","@id":"https:\/\/cooltivarte.com\/portal\/wp-content\/uploads\/2022\/11\/daniel-benoit-120x120.jpg","url":"https:\/\/cooltivarte.com\/portal\/wp-content\/uploads\/2022\/11\/daniel-benoit-120x120.jpg","contentUrl":"https:\/\/cooltivarte.com\/portal\/wp-content\/uploads\/2022\/11\/daniel-benoit-120x120.jpg","caption":"Daniel Benoit Cassou"},"description":"Daniel Benoit - (Uruguay, 1961), es contador p\u00fablico de profesi\u00f3n. Hizo su formaci\u00f3n art\u00edstica en los talleres de Hugo Longa, Clever Lara y Lacy Duarte; escultura con Jos\u00e9 Pelayo y fotograf\u00eda con Enrique Abal, Oscar Bonilla y Roberto Schettini. Realiz\u00f3 cursos de formaci\u00f3n te\u00f3rica con Nelson Di Maggio, Alfredo Torres, Nelson Bali\u00f1o y Emma Sanguinetti, entre otros. Ha participado en muestras de fotografias, colectivas asi como individuales: 2007 \u2013 Facultad de Ciencias Econ\u00f3micas; Centro Cultural Lapido; Club de Golf; Fotogramas - Montevideo 2009 \u2013 Galer\u00eda de arte La Pasionaria \u2013 Club de Golf - Montevideo 2010 \u2013 A la Follie; Trattoria La Commedia; Club de Golf \u2013 Montevideo 2011 \u2013 Museo del Azulejo; Fotograma; Club de Golf \u2013 Montevideo; Bienal X \u2013 Salto 2012 \u2013 Espacio Innova \u2013 Punta del Este Es asiduo asistente a las principales bienales de arte: Venecia, Lyon, San Pablo, Cuba, Porto Alegre, Lima, as\u00ed como ferias de Basilea, Paris, Buenos Aires, entre otras. Es coleccionista de arte nacional, asesor de arte contempor\u00e1neo, escribe en sus blogs y es columnista de la revista de arte nacional \u201cCooltivarte\u201d desde el 2012, asi como de la revista \u201cArte\u201d del periodico \u201cEl Pais\u201d. Blog","sameAs":["https:\/\/danielbenoit.art\/","https:\/\/www.facebook.com\/daniel.benoit.3557?fref=ts","https:\/\/www.instagram.com\/danielbenoitcassou\/","https:\/\/www.linkedin.com\/in\/daniel-benoit-87890a39\/","https:\/\/www.pinterest.com\/cooltivarte","https:\/\/x.com\/https:\/\/x.com\/obolocultural","https:\/\/www.youtube.com\/@PrensaCooltivarte","https:\/\/www.tumblr.com\/blog\/cooltivarte"],"url":"https:\/\/cooltivarte.com\/portal\/author\/benoit\/"}]}},"_links":{"self":[{"href":"https:\/\/cooltivarte.com\/portal\/wp-json\/wp\/v2\/posts\/113495","targetHints":{"allow":["GET"]}}],"collection":[{"href":"https:\/\/cooltivarte.com\/portal\/wp-json\/wp\/v2\/posts"}],"about":[{"href":"https:\/\/cooltivarte.com\/portal\/wp-json\/wp\/v2\/types\/post"}],"author":[{"embeddable":true,"href":"https:\/\/cooltivarte.com\/portal\/wp-json\/wp\/v2\/users\/14"}],"replies":[{"embeddable":true,"href":"https:\/\/cooltivarte.com\/portal\/wp-json\/wp\/v2\/comments?post=113495"}],"version-history":[{"count":1,"href":"https:\/\/cooltivarte.com\/portal\/wp-json\/wp\/v2\/posts\/113495\/revisions"}],"predecessor-version":[{"id":113497,"href":"https:\/\/cooltivarte.com\/portal\/wp-json\/wp\/v2\/posts\/113495\/revisions\/113497"}],"wp:featuredmedia":[{"embeddable":true,"href":"https:\/\/cooltivarte.com\/portal\/wp-json\/wp\/v2\/media\/113496"}],"wp:attachment":[{"href":"https:\/\/cooltivarte.com\/portal\/wp-json\/wp\/v2\/media?parent=113495"}],"wp:term":[{"taxonomy":"category","embeddable":true,"href":"https:\/\/cooltivarte.com\/portal\/wp-json\/wp\/v2\/categories?post=113495"},{"taxonomy":"post_tag","embeddable":true,"href":"https:\/\/cooltivarte.com\/portal\/wp-json\/wp\/v2\/tags?post=113495"}],"curies":[{"name":"wp","href":"https:\/\/api.w.org\/{rel}","templated":true}]}}