{"id":113446,"date":"2025-05-23T12:48:00","date_gmt":"2025-05-23T15:48:00","guid":{"rendered":"https:\/\/cooltivarte.com\/portal\/?p=113446"},"modified":"2025-05-26T18:08:17","modified_gmt":"2025-05-26T21:08:17","slug":"charla-a-partir-de-la-serie-adolescencia-aterrizaje-en-villa-dolores","status":"publish","type":"post","link":"https:\/\/cooltivarte.com\/portal\/charla-a-partir-de-la-serie-adolescencia-aterrizaje-en-villa-dolores\/","title":{"rendered":"CHARLA A PARTIR DE LA SERIE ADOLESCENCIA Aterrizaje en Villa Dolores"},"content":{"rendered":"<p><img fetchpriority=\"high\" decoding=\"async\" class=\"aligncenter wp-image-113447 size-large\" title=\"CHARLA A PARTIR DE LA SERIE ADOLESCENCIA\" src=\"https:\/\/cooltivarte.com\/portal\/wp-content\/uploads\/2025\/05\/CHARLA-A-PARTIR-DE-LA-SERIE-ADOLESCENCIA-819x1024.jpeg\" alt=\"CHARLA A PARTIR DE LA SERIE ADOLESCENCIA\" width=\"819\" height=\"1024\" srcset=\"https:\/\/cooltivarte.com\/portal\/wp-content\/uploads\/2025\/05\/CHARLA-A-PARTIR-DE-LA-SERIE-ADOLESCENCIA-819x1024.jpeg 819w, https:\/\/cooltivarte.com\/portal\/wp-content\/uploads\/2025\/05\/CHARLA-A-PARTIR-DE-LA-SERIE-ADOLESCENCIA-240x300.jpeg 240w, https:\/\/cooltivarte.com\/portal\/wp-content\/uploads\/2025\/05\/CHARLA-A-PARTIR-DE-LA-SERIE-ADOLESCENCIA-768x960.jpeg 768w, https:\/\/cooltivarte.com\/portal\/wp-content\/uploads\/2025\/05\/CHARLA-A-PARTIR-DE-LA-SERIE-ADOLESCENCIA.jpeg 1080w\" sizes=\"(max-width: 819px) 100vw, 819px\" \/><\/p>\n<p>&nbsp;<\/p>\n<p><strong>CHARLA A PARTIR DE LA SERIE <a href=\"https:\/\/cooltivarte.com\/portal\/?s=ADOLESCENCIA\" target=\"_blank\" rel=\"noopener\">ADOLESCENCIA<\/a><\/strong><br \/>\n<strong>Aterrizaje en Villa Dolores<\/strong><\/p>\n<p><strong>Introducci\u00f3n: Mario Villagr\u00e1n <\/strong><br \/>\n<strong>Mesa: Soci\u00f3logo Luis Eduardo Mor\u00e1s y fil\u00f3sofo <a href=\"https:\/\/cooltivarte.com\/portal\/author\/romero\/\" target=\"_blank\" rel=\"noopener\">Pablo Romero<\/a><\/strong><\/p>\n<p>Encuentro en el barrio para conversar sobre problem\u00e1ticas y desaf\u00edos presentes en la reconocida serie de Netflix que pueden aterrizarse a las realidades de los\/as adolescentes de nuestra comunidad.<\/p>\n<p>Participaron especialistas y organizaciones sociales y deportivas de la zona.<\/p>\n<p><strong>PANEL<\/strong><br \/>\nRepresentantes de Apal Liceo 12 &#8211; Colegio San Ignacio &#8211; Club Uni\u00f3n Vecinal &#8211; Club 25 de Agosto &#8211; Club Layva &#8211; Colegio San Ignacio &#8211; Gimnasio Burpee<\/p>\n<p>JUEVES 22 de mayo 2025&nbsp;<\/p>\n<p><strong>Club 25 de Agosto &#8211; Bado 3186<\/strong><\/p>\n<p>&nbsp;<br \/>\n&nbsp;<\/p>\n<h3>&nbsp;<a href=\"https:\/\/www.facebook.com\/media\/set\/?set=a.1233829388780918&amp;type=3\" target=\"_blank\" rel=\"noopener\">Ir a la fotogaler\u00eda<\/a><\/h3>\n<p><iframe style=\"border: none; overflow: hidden;\" src=\"https:\/\/www.facebook.com\/plugins\/post.php?href=https%3A%2F%2Fwww.facebook.com%2Fmedia%2Fset%2F%3Fset%3Da.1233829388780918%26type%3D3&amp;width=100%\" width=\"100%\" height=\"669\" frameborder=\"0\" scrolling=\"no\"><\/iframe><br \/>\n&nbsp;<\/p>\n<figure id=\"attachment_113671\" aria-describedby=\"caption-attachment-113671\" style=\"width: 1024px\" class=\"wp-caption aligncenter\"><img decoding=\"async\" class=\"wp-image-113671 size-large\" title=\"CHARLA A PARTIR DE LA SERIE ADOLESCENCIA - Villa Dolores - Mayo 2025 - Foto Federico Meneses\" src=\"https:\/\/cooltivarte.com\/portal\/wp-content\/uploads\/2025\/05\/CHARLA-A-PARTIR-DE-LA-SERIE-ADOLESCENCIA-Villa-Dolores-Mayo-2025-Foto-Federico-Meneses-1024x684.jpg\" alt=\"CHARLA A PARTIR DE LA SERIE ADOLESCENCIA - Villa Dolores - Mayo 2025 - Foto Federico Meneses\" width=\"1024\" height=\"684\" srcset=\"https:\/\/cooltivarte.com\/portal\/wp-content\/uploads\/2025\/05\/CHARLA-A-PARTIR-DE-LA-SERIE-ADOLESCENCIA-Villa-Dolores-Mayo-2025-Foto-Federico-Meneses-1024x684.jpg 1024w, https:\/\/cooltivarte.com\/portal\/wp-content\/uploads\/2025\/05\/CHARLA-A-PARTIR-DE-LA-SERIE-ADOLESCENCIA-Villa-Dolores-Mayo-2025-Foto-Federico-Meneses-300x200.jpg 300w, https:\/\/cooltivarte.com\/portal\/wp-content\/uploads\/2025\/05\/CHARLA-A-PARTIR-DE-LA-SERIE-ADOLESCENCIA-Villa-Dolores-Mayo-2025-Foto-Federico-Meneses-768x513.jpg 768w, https:\/\/cooltivarte.com\/portal\/wp-content\/uploads\/2025\/05\/CHARLA-A-PARTIR-DE-LA-SERIE-ADOLESCENCIA-Villa-Dolores-Mayo-2025-Foto-Federico-Meneses.jpg 1200w\" sizes=\"(max-width: 1024px) 100vw, 1024px\" \/><figcaption id=\"caption-attachment-113671\" class=\"wp-caption-text\">CHARLA A PARTIR DE LA SERIE ADOLESCENCIA &#8211; Villa Dolores &#8211; Mayo 2025 &#8211; Foto Federico Meneses<\/figcaption><\/figure>\n<p>La serie<strong> Adolescencia<\/strong> de Netflix toca una serie de problem\u00e1ticas que son bastante comunes y relevantes para los adolescentes en muchas partes del mundo, incluidas nuestras comunidades. Algunos de los desaf\u00edos que se abordan y que aterrizan a la realidad de los\/as adolescentes incluyen:<\/p>\n<p><strong>La presi\u00f3n social y de los pares<\/strong>: Los adolescentes enfrentan constantemente la presi\u00f3n de encajar en grupos sociales, ya sea a trav\u00e9s de su apariencia, sus actitudes o sus intereses. Esta presi\u00f3n se refleja en las decisiones que toman, desde la elecci\u00f3n de amigos hasta el consumo de sustancias. En nuestra comunidad, especialmente en entornos donde las expectativas familiares y sociales son fuertes, esta presi\u00f3n puede ser a\u00fan m\u00e1s intensificada.<\/p>\n<p><strong>La identidad y el autodescubrimiento<\/strong>: Los personajes de Adolescencia luchan por encontrar su identidad, por comprender qui\u00e9nes son, cu\u00e1l es su lugar en el mundo y c\u00f3mo se relacionan con su entorno. Esto se conecta directamente con la b\u00fasqueda de pertenencia y aceptaci\u00f3n en una etapa tan formativa. En nuestra comunidad, los j\u00f3venes tambi\u00e9n pueden verse afectados por estigmas culturales o expectativas tradicionales que dificultan este proceso de autodescubrimiento.<\/p>\n<p><strong>El uso de las redes sociales<\/strong>: La serie refleja c\u00f3mo las redes sociales pueden ser tanto un espacio de conexi\u00f3n como de alienaci\u00f3n. Muchos adolescentes, tanto en la serie como en nuestra realidad, sienten la presi\u00f3n de mostrar una vida perfecta en plataformas digitales, lo que puede generar ansiedad, inseguridad y una desconexi\u00f3n con la realidad. El impacto de las redes sociales en la salud mental es un tema crucial que afecta a los j\u00f3venes.<\/p>\n<p><strong>Las relaciones familiares<\/strong>: Las tensiones familiares son un tema recurrente en Adolescencia, especialmente la relaci\u00f3n con los padres o cuidadores. En nuestra comunidad, donde las estructuras familiares pueden ser diversas y complejas, las expectativas y normas familiares juegan un papel importante en c\u00f3mo los adolescentes gestionan sus conflictos internos y su desarrollo personal.<\/p>\n<p><strong>La sexualidad y las relaciones afectivas<\/strong>: En la serie, los personajes exploran sus primeras relaciones rom\u00e1nticas y sexuales, enfrent\u00e1ndose a los retos de la comunicaci\u00f3n, el consentimiento y las emociones complejas. En nuestra comunidad, los adolescentes tambi\u00e9n lidian con estos temas, a menudo sin suficiente educaci\u00f3n sexual o apoyo emocional, lo que puede llevar a malentendidos, inseguridades y presiones externas.<\/p>\n<p><strong>Problemas de salud mental<\/strong>: Uno de los aspectos m\u00e1s visibles en la serie es el enfoque en la salud mental de los adolescentes, incluyendo ansiedad, depresi\u00f3n y trastornos alimentarios. Este es un desaf\u00edo creciente en nuestra sociedad, donde los j\u00f3venes a menudo no tienen acceso adecuado a recursos para abordar estos problemas de manera saludable y efectiva.<\/p>\n<p><strong>La violencia de g\u00e9nero y la discriminaci\u00f3n<\/strong>: A lo largo de la serie se abordan cuestiones de violencia de g\u00e9nero, tanto f\u00edsica como emocional. En nuestra comunidad, esta es una problem\u00e1tica que afecta a muchos adolescentes, especialmente a las mujeres y personas LGBTIQ+, quienes pueden enfrentar discriminaci\u00f3n o violencia dentro de sus entornos cercanos, ya sea en casa, la escuela o en el c\u00edrculo social.<\/p>\n<p><strong>Adolescencia<\/strong> refleja una serie de luchas universales que atraviesan muchos j\u00f3venes, y sus realidades pueden ser muy similares a las de los adolescentes de nuestra comunidad, quienes enfrentan sus propios desaf\u00edos relacionados con la identidad, la presi\u00f3n social, la salud mental y las relaciones interpersonales.<\/p>\n<p>&nbsp;<\/p>\n<blockquote class=\"instagram-media\" style=\"background: #FFF; border: 0; border-radius: 3px; box-shadow: 0 0 1px 0 rgba(0,0,0,0.5),0 1px 10px 0 rgba(0,0,0,0.15); margin: 1px; max-width: 540px; min-width: 326px; padding: 0; width: calc(100% - 2px);\" data-instgrm-captioned=\"\" data-instgrm-permalink=\"https:\/\/www.instagram.com\/p\/DKAAlxYuo62\/?utm_source=ig_embed&amp;utm_campaign=loading\" data-instgrm-version=\"14\">\n<div style=\"padding: 16px;\">\n<p>&nbsp;<\/p>\n<div style=\"display: flex; flex-direction: row; align-items: center;\">\n<div style=\"background-color: #f4f4f4; border-radius: 50%; flex-grow: 0; height: 40px; margin-right: 14px; width: 40px;\">&nbsp;<\/div>\n<div style=\"display: flex; flex-direction: column; flex-grow: 1; justify-content: center;\">\n<div style=\"background-color: #f4f4f4; border-radius: 4px; flex-grow: 0; height: 14px; margin-bottom: 6px; width: 100px;\">&nbsp;<\/div>\n<div style=\"background-color: #f4f4f4; border-radius: 4px; flex-grow: 0; height: 14px; width: 60px;\">&nbsp;<\/div>\n<\/div>\n<\/div>\n<div style=\"padding: 19% 0;\">&nbsp;<\/div>\n<div style=\"display: block; height: 50px; margin: 0 auto 12px; width: 50px;\">&nbsp;<\/div>\n<div style=\"padding-top: 8px;\">\n<div style=\"color: #3897f0; font-family: Arial,sans-serif; font-size: 14px; font-style: normal; font-weight: 550; line-height: 18px;\">Ver esta publicaci\u00f3n en Instagram<\/div>\n<\/div>\n<div style=\"padding: 12.5% 0;\">&nbsp;<\/div>\n<div style=\"display: flex; flex-direction: row; margin-bottom: 14px; align-items: center;\">\n<div>\n<div style=\"background-color: #f4f4f4; border-radius: 50%; height: 12.5px; width: 12.5px; transform: translateX(0px) translateY(7px);\">&nbsp;<\/div>\n<div style=\"background-color: #f4f4f4; height: 12.5px; transform: rotate(-45deg) translateX(3px) translateY(1px); width: 12.5px; flex-grow: 0; margin-right: 14px; margin-left: 2px;\">&nbsp;<\/div>\n<div style=\"background-color: #f4f4f4; border-radius: 50%; height: 12.5px; width: 12.5px; transform: translateX(9px) translateY(-18px);\">&nbsp;<\/div>\n<\/div>\n<div style=\"margin-left: 8px;\">\n<div style=\"background-color: #f4f4f4; border-radius: 50%; flex-grow: 0; height: 20px; width: 20px;\">&nbsp;<\/div>\n<div style=\"width: 0; height: 0; border-top: 2px solid transparent; border-left: 6px solid #f4f4f4; border-bottom: 2px solid transparent; transform: translateX(16px) translateY(-4px) rotate(30deg);\">&nbsp;<\/div>\n<\/div>\n<div style=\"margin-left: auto;\">\n<div style=\"width: 0px; border-top: 8px solid #F4F4F4; border-right: 8px solid transparent; transform: translateY(16px);\">&nbsp;<\/div>\n<div style=\"background-color: #f4f4f4; flex-grow: 0; height: 12px; width: 16px; transform: translateY(-4px);\">&nbsp;<\/div>\n<div style=\"width: 0; height: 0; border-top: 8px solid #F4F4F4; border-left: 8px solid transparent; transform: translateY(-4px) translateX(8px);\">&nbsp;<\/div>\n<\/div>\n<\/div>\n<div style=\"display: flex; flex-direction: column; flex-grow: 1; justify-content: center; margin-bottom: 24px;\">\n<div style=\"background-color: #f4f4f4; border-radius: 4px; flex-grow: 0; height: 14px; margin-bottom: 6px; width: 224px;\">&nbsp;<\/div>\n<div style=\"background-color: #f4f4f4; border-radius: 4px; flex-grow: 0; height: 14px; width: 144px;\">&nbsp;<\/div>\n<\/div>\n<p>&nbsp;<\/p>\n<p style=\"color: #c9c8cd; font-family: Arial,sans-serif; font-size: 14px; line-height: 17px; margin-bottom: 0; margin-top: 8px; overflow: hidden; padding: 8px 0 7px; text-align: center; text-overflow: ellipsis; white-space: nowrap;\"><a style=\"color: #c9c8cd; font-family: Arial,sans-serif; font-size: 14px; font-style: normal; font-weight: normal; line-height: 17px; text-decoration: none;\" href=\"https:\/\/www.instagram.com\/p\/DKAAlxYuo62\/?utm_source=ig_embed&amp;utm_campaign=loading\" target=\"_blank\" rel=\"noopener\">Una publicaci\u00f3n compartida por cooltivarte.com (@_cooltivarte_)<\/a><\/p>\n<\/div>\n<\/blockquote>\n<p><script async=\"\" src=\"\/\/www.instagram.com\/embed.js\"><\/script><br \/>\n&nbsp;<\/p>\n<p>&nbsp;<\/p>\n<p>&nbsp;<\/p>\n","protected":false},"excerpt":{"rendered":"<p>La serie Adolescencia de Netflix toca una serie de problem\u00e1ticas que son bastante comunes y relevantes para los adolescentes en muchas partes del mundo, incluidas nuestras comunidades. Algunos de los desaf\u00edos que se abordan en la serie y que aterrizan a la realidad de los\/as adolescentes de nuestra comunidad incluyen:<\/p>\n","protected":false},"author":8,"featured_media":113671,"comment_status":"closed","ping_status":"closed","sticky":false,"template":"","format":"standard","meta":{"om_disable_all_campaigns":false,"ngg_post_thumbnail":0,"jnews-multi-image_gallery":[],"jnews_single_post":{"format":"standard","override":[{"template":"4","parallax":"1","layout":"right-sidebar","sidebar":"default-sidebar","second_sidebar":"default-sidebar","sticky_sidebar":"1","share_position":"bottom","share_float_style":"share-monocrhome","show_share_counter":"1","show_view_counter":"1","show_featured":"1","show_post_meta":"1","show_post_author":"1","show_post_author_image":"1","show_post_date":"1","post_date_format":"default","post_date_format_custom":"Y\/m\/d","show_post_category":"1","post_reading_time_wpm":"300","post_calculate_word_method":"str_word_count","zoom_button_out_step":"2","zoom_button_in_step":"3","show_post_tag":"1","show_prev_next_post":"1","show_popup_post":"1","number_popup_post":"1","show_author_box":"1","show_post_related":"0","show_inline_post_related":"0"}],"image_override":[{"single_post_thumbnail_size":"no-crop","single_post_gallery_size":"crop-500"}],"trending_post_position":"meta","trending_post_label":"Trending","sponsored_post_label":"Sponsored by","disable_ad":"0","subtitle":"Mesa: Soci\u00f3logo Luis Eduardo Mor\u00e1s y fil\u00f3sofo Pablo Romero"},"jnews_primary_category":[],"jnews_social_meta":[],"jnews_override_counter":{"view_counter_number":"0","share_counter_number":"0","like_counter_number":"0","dislike_counter_number":"0"},"footnotes":""},"categories":[4573],"tags":[23681,23906,23905,86,5334],"class_list":["post-113446","post","type-post","status-publish","format-standard","has-post-thumbnail","hentry","category-cobertura-sensible","tag-adolescencia","tag-luis-eduardo-moras","tag-mario-villagran","tag-pablo-romero","tag-serie"],"yoast_head":"<!-- This site is optimized with the Yoast SEO plugin v27.4 - https:\/\/yoast.com\/product\/yoast-seo-wordpress\/ -->\n<title>CHARLA A PARTIR DE LA SERIE ADOLESCENCIA Aterrizaje en Villa Dolores - Cooltivarte Portal<\/title>\n<meta name=\"description\" content=\"La serie Adolescencia de Netflix toca una serie de problem\u00e1ticas que son bastante comunes y relevantes para los adolescentes en muchas partes del mundo, incluidas nuestras comunidades.\" \/>\n<meta name=\"robots\" content=\"index, follow, max-snippet:-1, max-image-preview:large, max-video-preview:-1\" \/>\n<link rel=\"canonical\" href=\"https:\/\/cooltivarte.com\/portal\/charla-a-partir-de-la-serie-adolescencia-aterrizaje-en-villa-dolores\/\" \/>\n<meta property=\"og:locale\" content=\"es_ES\" \/>\n<meta property=\"og:type\" content=\"article\" \/>\n<meta property=\"og:title\" content=\"CHARLA A PARTIR DE LA SERIE ADOLESCENCIA Aterrizaje en Villa Dolores - Mesa: Soci\u00f3logo Luis Eduardo Mor\u00e1s y fil\u00f3sofo Pablo Romero\" \/>\n<meta property=\"og:description\" content=\"La serie Adolescencia de Netflix toca una serie de problem\u00e1ticas que son bastante comunes y relevantes para los adolescentes en muchas partes del mundo, incluidas nuestras comunidades.\" \/>\n<meta property=\"og:url\" content=\"https:\/\/cooltivarte.com\/portal\/charla-a-partir-de-la-serie-adolescencia-aterrizaje-en-villa-dolores\/\" \/>\n<meta property=\"og:site_name\" content=\"Cooltivarte Portal\" \/>\n<meta property=\"article:publisher\" content=\"https:\/\/www.facebook.com\/cooltivartecom\/\" \/>\n<meta property=\"article:author\" content=\"https:\/\/www.facebook.com\/cooltivartecom\" \/>\n<meta property=\"article:published_time\" content=\"2025-05-23T15:48:00+00:00\" \/>\n<meta property=\"article:modified_time\" content=\"2025-05-26T21:08:17+00:00\" \/>\n<meta property=\"og:image\" content=\"https:\/\/cooltivarte.com\/portal\/wp-content\/uploads\/2025\/05\/CHARLA-A-PARTIR-DE-LA-SERIE-ADOLESCENCIA-Villa-Dolores-Mayo-2025-Foto-Federico-Meneses.jpg\" \/>\n\t<meta property=\"og:image:width\" content=\"1200\" \/>\n\t<meta property=\"og:image:height\" content=\"801\" \/>\n\t<meta property=\"og:image:type\" content=\"image\/jpeg\" \/>\n<meta name=\"author\" content=\"Cooltivarte\" \/>\n<meta name=\"twitter:card\" content=\"summary_large_image\" \/>\n<meta name=\"twitter:title\" content=\"CHARLA A PARTIR DE LA SERIE ADOLESCENCIA Aterrizaje en Villa Dolores - Mesa: Soci\u00f3logo Luis Eduardo Mor\u00e1s y fil\u00f3sofo Pablo Romero\" \/>\n<meta name=\"twitter:description\" content=\"La serie Adolescencia de Netflix toca una serie de problem\u00e1ticas que son bastante comunes y relevantes para los adolescentes en muchas partes del mundo, incluidas nuestras comunidades.\" \/>\n<meta name=\"twitter:image\" content=\"https:\/\/cooltivarte.com\/portal\/wp-content\/uploads\/2025\/05\/CHARLA-A-PARTIR-DE-LA-SERIE-ADOLESCENCIA-Villa-Dolores-Mayo-2025-Foto-Federico-Meneses.jpg\" \/>\n<meta name=\"twitter:creator\" content=\"@https:\/\/x.com\/obolocultural\" \/>\n<meta name=\"twitter:site\" content=\"@obolocultural\" \/>\n<meta name=\"twitter:label1\" content=\"Escrito por\" \/>\n\t<meta name=\"twitter:data1\" content=\"Cooltivarte\" \/>\n\t<meta name=\"twitter:label2\" content=\"Tiempo de lectura\" \/>\n\t<meta name=\"twitter:data2\" content=\"4 minutos\" \/>\n<!-- \/ Yoast SEO plugin. -->","yoast_head_json":{"title":"CHARLA A PARTIR DE LA SERIE ADOLESCENCIA Aterrizaje en Villa Dolores - Cooltivarte Portal","description":"La serie Adolescencia de Netflix toca una serie de problem\u00e1ticas que son bastante comunes y relevantes para los adolescentes en muchas partes del mundo, incluidas nuestras comunidades.","robots":{"index":"index","follow":"follow","max-snippet":"max-snippet:-1","max-image-preview":"max-image-preview:large","max-video-preview":"max-video-preview:-1"},"canonical":"https:\/\/cooltivarte.com\/portal\/charla-a-partir-de-la-serie-adolescencia-aterrizaje-en-villa-dolores\/","og_locale":"es_ES","og_type":"article","og_title":"CHARLA A PARTIR DE LA SERIE ADOLESCENCIA Aterrizaje en Villa Dolores - Mesa: Soci\u00f3logo Luis Eduardo Mor\u00e1s y fil\u00f3sofo Pablo Romero","og_description":"La serie Adolescencia de Netflix toca una serie de problem\u00e1ticas que son bastante comunes y relevantes para los adolescentes en muchas partes del mundo, incluidas nuestras comunidades.","og_url":"https:\/\/cooltivarte.com\/portal\/charla-a-partir-de-la-serie-adolescencia-aterrizaje-en-villa-dolores\/","og_site_name":"Cooltivarte Portal","article_publisher":"https:\/\/www.facebook.com\/cooltivartecom\/","article_author":"https:\/\/www.facebook.com\/cooltivartecom","article_published_time":"2025-05-23T15:48:00+00:00","article_modified_time":"2025-05-26T21:08:17+00:00","og_image":[{"width":1200,"height":801,"url":"https:\/\/cooltivarte.com\/portal\/wp-content\/uploads\/2025\/05\/CHARLA-A-PARTIR-DE-LA-SERIE-ADOLESCENCIA-Villa-Dolores-Mayo-2025-Foto-Federico-Meneses.jpg","type":"image\/jpeg"}],"author":"Cooltivarte","twitter_card":"summary_large_image","twitter_title":"CHARLA A PARTIR DE LA SERIE ADOLESCENCIA Aterrizaje en Villa Dolores - Mesa: Soci\u00f3logo Luis Eduardo Mor\u00e1s y fil\u00f3sofo Pablo Romero","twitter_description":"La serie Adolescencia de Netflix toca una serie de problem\u00e1ticas que son bastante comunes y relevantes para los adolescentes en muchas partes del mundo, incluidas nuestras comunidades.","twitter_image":"https:\/\/cooltivarte.com\/portal\/wp-content\/uploads\/2025\/05\/CHARLA-A-PARTIR-DE-LA-SERIE-ADOLESCENCIA-Villa-Dolores-Mayo-2025-Foto-Federico-Meneses.jpg","twitter_creator":"@https:\/\/x.com\/obolocultural","twitter_site":"@obolocultural","twitter_misc":{"Escrito por":"Cooltivarte","Tiempo de lectura":"4 minutos"},"schema":{"@context":"https:\/\/schema.org","@graph":[{"@type":"NewsArticle","@id":"https:\/\/cooltivarte.com\/portal\/charla-a-partir-de-la-serie-adolescencia-aterrizaje-en-villa-dolores\/#article","isPartOf":{"@id":"https:\/\/cooltivarte.com\/portal\/charla-a-partir-de-la-serie-adolescencia-aterrizaje-en-villa-dolores\/"},"author":{"name":"Cooltivarte","@id":"https:\/\/cooltivarte.com\/portal\/#\/schema\/person\/ec2a4f4e71b740d0c559c0ab9a157e19"},"headline":"CHARLA A PARTIR DE LA SERIE ADOLESCENCIA Aterrizaje en Villa Dolores","datePublished":"2025-05-23T15:48:00+00:00","dateModified":"2025-05-26T21:08:17+00:00","mainEntityOfPage":{"@id":"https:\/\/cooltivarte.com\/portal\/charla-a-partir-de-la-serie-adolescencia-aterrizaje-en-villa-dolores\/"},"wordCount":770,"publisher":{"@id":"https:\/\/cooltivarte.com\/portal\/#organization"},"image":{"@id":"https:\/\/cooltivarte.com\/portal\/charla-a-partir-de-la-serie-adolescencia-aterrizaje-en-villa-dolores\/#primaryimage"},"thumbnailUrl":"https:\/\/cooltivarte.com\/portal\/wp-content\/uploads\/2025\/05\/CHARLA-A-PARTIR-DE-LA-SERIE-ADOLESCENCIA-Villa-Dolores-Mayo-2025-Foto-Federico-Meneses.jpg","keywords":["Adolescencia","Luis Eduardo Mor\u00e1s","Mario Villagr\u00e1n","pablo romero","SERIE"],"articleSection":["Muestra Sensible"],"inLanguage":"es-AR"},{"@type":"WebPage","@id":"https:\/\/cooltivarte.com\/portal\/charla-a-partir-de-la-serie-adolescencia-aterrizaje-en-villa-dolores\/","url":"https:\/\/cooltivarte.com\/portal\/charla-a-partir-de-la-serie-adolescencia-aterrizaje-en-villa-dolores\/","name":"CHARLA A PARTIR DE LA SERIE ADOLESCENCIA Aterrizaje en Villa Dolores - Cooltivarte Portal","isPartOf":{"@id":"https:\/\/cooltivarte.com\/portal\/#website"},"primaryImageOfPage":{"@id":"https:\/\/cooltivarte.com\/portal\/charla-a-partir-de-la-serie-adolescencia-aterrizaje-en-villa-dolores\/#primaryimage"},"image":{"@id":"https:\/\/cooltivarte.com\/portal\/charla-a-partir-de-la-serie-adolescencia-aterrizaje-en-villa-dolores\/#primaryimage"},"thumbnailUrl":"https:\/\/cooltivarte.com\/portal\/wp-content\/uploads\/2025\/05\/CHARLA-A-PARTIR-DE-LA-SERIE-ADOLESCENCIA-Villa-Dolores-Mayo-2025-Foto-Federico-Meneses.jpg","datePublished":"2025-05-23T15:48:00+00:00","dateModified":"2025-05-26T21:08:17+00:00","description":"La serie Adolescencia de Netflix toca una serie de problem\u00e1ticas que son bastante comunes y relevantes para los adolescentes en muchas partes del mundo, incluidas nuestras comunidades.","breadcrumb":{"@id":"https:\/\/cooltivarte.com\/portal\/charla-a-partir-de-la-serie-adolescencia-aterrizaje-en-villa-dolores\/#breadcrumb"},"inLanguage":"es-AR","potentialAction":[{"@type":"ReadAction","target":["https:\/\/cooltivarte.com\/portal\/charla-a-partir-de-la-serie-adolescencia-aterrizaje-en-villa-dolores\/"]}]},{"@type":"ImageObject","inLanguage":"es-AR","@id":"https:\/\/cooltivarte.com\/portal\/charla-a-partir-de-la-serie-adolescencia-aterrizaje-en-villa-dolores\/#primaryimage","url":"https:\/\/cooltivarte.com\/portal\/wp-content\/uploads\/2025\/05\/CHARLA-A-PARTIR-DE-LA-SERIE-ADOLESCENCIA-Villa-Dolores-Mayo-2025-Foto-Federico-Meneses.jpg","contentUrl":"https:\/\/cooltivarte.com\/portal\/wp-content\/uploads\/2025\/05\/CHARLA-A-PARTIR-DE-LA-SERIE-ADOLESCENCIA-Villa-Dolores-Mayo-2025-Foto-Federico-Meneses.jpg","width":1200,"height":801,"caption":"CHARLA A PARTIR DE LA SERIE ADOLESCENCIA - Aterrizaje en Villa Dolores - Introducci\u00f3n: Mario Villagr\u00e1n - Mesa: Soci\u00f3logo Luis Eduardo Mor\u00e1s y fil\u00f3sofo Pablo Romero - Mayo 2025 - Foto Federico Meneses www.cooltivarte.com"},{"@type":"BreadcrumbList","@id":"https:\/\/cooltivarte.com\/portal\/charla-a-partir-de-la-serie-adolescencia-aterrizaje-en-villa-dolores\/#breadcrumb","itemListElement":[{"@type":"ListItem","position":1,"name":"Portada","item":"https:\/\/cooltivarte.com\/portal\/"},{"@type":"ListItem","position":2,"name":"CHARLA A PARTIR DE LA SERIE ADOLESCENCIA Aterrizaje en Villa Dolores"}]},{"@type":"WebSite","@id":"https:\/\/cooltivarte.com\/portal\/#website","url":"https:\/\/cooltivarte.com\/portal\/","name":"Cooltivarte Portal","description":"Arte, cultura y turismo para el mundo ...","publisher":{"@id":"https:\/\/cooltivarte.com\/portal\/#organization"},"potentialAction":[{"@type":"SearchAction","target":{"@type":"EntryPoint","urlTemplate":"https:\/\/cooltivarte.com\/portal\/?s={search_term_string}"},"query-input":{"@type":"PropertyValueSpecification","valueRequired":true,"valueName":"search_term_string"}}],"inLanguage":"es-AR"},{"@type":"Organization","@id":"https:\/\/cooltivarte.com\/portal\/#organization","name":"cooltivarte","url":"https:\/\/cooltivarte.com\/portal\/","logo":{"@type":"ImageObject","inLanguage":"es-AR","@id":"https:\/\/cooltivarte.com\/portal\/#\/schema\/logo\/image\/","url":"https:\/\/cooltivarte.com\/portal\/wp-content\/uploads\/2020\/04\/logo-cooltivarte-v2.png","contentUrl":"https:\/\/cooltivarte.com\/portal\/wp-content\/uploads\/2020\/04\/logo-cooltivarte-v2.png","width":851,"height":243,"caption":"cooltivarte"},"image":{"@id":"https:\/\/cooltivarte.com\/portal\/#\/schema\/logo\/image\/"},"sameAs":["https:\/\/www.facebook.com\/cooltivartecom\/","https:\/\/x.com\/obolocultural","https:\/\/www.instagram.com\/_cooltivarte_\/","https:\/\/www.linkedin.com\/company\/-bolocultural?reportsuccess=8zaNG1HwhPbAR9iQhZ5rfGeqz_vQFftHun0ZWU0Wy9vNemRJ8vtcKdJvzQfW8XagyOJSKg0XvfJ1dp","https:\/\/www.pinterest.com\/cooltivarte\/","https:\/\/cooltivarte.tumblr.com\/","https:\/\/www.tiktok.com\/@cooltivarte","https:\/\/www.youtube.com\/@PrensaCooltivarte"]},{"@type":"Person","@id":"https:\/\/cooltivarte.com\/portal\/#\/schema\/person\/ec2a4f4e71b740d0c559c0ab9a157e19","name":"Cooltivarte","image":{"@type":"ImageObject","inLanguage":"es-AR","@id":"https:\/\/cooltivarte.com\/portal\/wp-content\/uploads\/2014\/05\/logo-cooltivarte-120x120.jpg","url":"https:\/\/cooltivarte.com\/portal\/wp-content\/uploads\/2014\/05\/logo-cooltivarte-120x120.jpg","contentUrl":"https:\/\/cooltivarte.com\/portal\/wp-content\/uploads\/2014\/05\/logo-cooltivarte-120x120.jpg","caption":"Cooltivarte"},"description":"Somos COOLTIVARTE.COM. Un portal digital dedicado a difundir el acontecer art\u00edstico y cultural del Uruguay. Estamos en la vuelta desde el a\u00f1o 2003, y como evoluci\u00f3n del bolet\u00edn Obolo Cultural, nos encontramos abocados a apoyar a los artistas nacionales brind\u00e1ndoles un espacio de difusi\u00f3n. Creemos en la idea de utilizar la potencialidad que hoy d\u00eda nos otorga la web, para que la cultura uruguaya y sus creadores dispongan de una din\u00e1mica ventana, que los ponga en contacto entre s\u00ed y con el mundo. Somos COOLTIVARTE.COM y pretendemos configurarnos como un portal din\u00e1mico, entretenido y atento a los nuevos emprendimientos, que busque siempre la interacci\u00f3n con los artistas.","sameAs":["http:\/\/www.cooltivarte.com","https:\/\/www.facebook.com\/cooltivartecom","https:\/\/www.instagram.com\/_cooltivarte_\/","https:\/\/www.linkedin.com\/company\/-bolocultural","https:\/\/www.pinterest.com\/cooltivarte\/","https:\/\/x.com\/https:\/\/x.com\/obolocultural","https:\/\/www.youtube.com\/@PrensaCooltivarte","https:\/\/www.tumblr.com\/blog\/cooltivarte"],"url":"https:\/\/cooltivarte.com\/portal\/author\/cooltivarte\/"}]}},"_links":{"self":[{"href":"https:\/\/cooltivarte.com\/portal\/wp-json\/wp\/v2\/posts\/113446","targetHints":{"allow":["GET"]}}],"collection":[{"href":"https:\/\/cooltivarte.com\/portal\/wp-json\/wp\/v2\/posts"}],"about":[{"href":"https:\/\/cooltivarte.com\/portal\/wp-json\/wp\/v2\/types\/post"}],"author":[{"embeddable":true,"href":"https:\/\/cooltivarte.com\/portal\/wp-json\/wp\/v2\/users\/8"}],"replies":[{"embeddable":true,"href":"https:\/\/cooltivarte.com\/portal\/wp-json\/wp\/v2\/comments?post=113446"}],"version-history":[{"count":6,"href":"https:\/\/cooltivarte.com\/portal\/wp-json\/wp\/v2\/posts\/113446\/revisions"}],"predecessor-version":[{"id":113678,"href":"https:\/\/cooltivarte.com\/portal\/wp-json\/wp\/v2\/posts\/113446\/revisions\/113678"}],"wp:featuredmedia":[{"embeddable":true,"href":"https:\/\/cooltivarte.com\/portal\/wp-json\/wp\/v2\/media\/113671"}],"wp:attachment":[{"href":"https:\/\/cooltivarte.com\/portal\/wp-json\/wp\/v2\/media?parent=113446"}],"wp:term":[{"taxonomy":"category","embeddable":true,"href":"https:\/\/cooltivarte.com\/portal\/wp-json\/wp\/v2\/categories?post=113446"},{"taxonomy":"post_tag","embeddable":true,"href":"https:\/\/cooltivarte.com\/portal\/wp-json\/wp\/v2\/tags?post=113446"}],"curies":[{"name":"wp","href":"https:\/\/api.w.org\/{rel}","templated":true}]}}