{"id":113405,"date":"2025-05-18T21:50:17","date_gmt":"2025-05-19T00:50:17","guid":{"rendered":"https:\/\/cooltivarte.com\/portal\/?p=113405"},"modified":"2025-05-18T21:50:17","modified_gmt":"2025-05-19T00:50:17","slug":"fito-paez-gira-paez-tecknicolor","status":"publish","type":"post","link":"https:\/\/cooltivarte.com\/portal\/fito-paez-gira-paez-tecknicolor\/","title":{"rendered":"FITO P\u00c1EZ &#8211; GIRA P\u00c1EZ TECKNICOLOR"},"content":{"rendered":"<p><img fetchpriority=\"high\" decoding=\"async\" class=\"aligncenter wp-image-113406 size-large\" title=\"FITO P\u00c1EZ - GIRA P\u00c1EZ TECKNICOLOR ESPA\u00d1A 2025\" src=\"https:\/\/cooltivarte.com\/portal\/wp-content\/uploads\/2025\/05\/FITO-PAEZ-GIRA-PAEZ-TECKNICOLOR-ESPANA-2025-1024x1024.png\" alt=\"FITO P\u00c1EZ - GIRA P\u00c1EZ TECKNICOLOR ESPA\u00d1A 2025\" width=\"1024\" height=\"1024\" srcset=\"https:\/\/cooltivarte.com\/portal\/wp-content\/uploads\/2025\/05\/FITO-PAEZ-GIRA-PAEZ-TECKNICOLOR-ESPANA-2025-1024x1024.png 1024w, https:\/\/cooltivarte.com\/portal\/wp-content\/uploads\/2025\/05\/FITO-PAEZ-GIRA-PAEZ-TECKNICOLOR-ESPANA-2025-300x300.png 300w, https:\/\/cooltivarte.com\/portal\/wp-content\/uploads\/2025\/05\/FITO-PAEZ-GIRA-PAEZ-TECKNICOLOR-ESPANA-2025-150x150.png 150w, https:\/\/cooltivarte.com\/portal\/wp-content\/uploads\/2025\/05\/FITO-PAEZ-GIRA-PAEZ-TECKNICOLOR-ESPANA-2025-768x768.png 768w, https:\/\/cooltivarte.com\/portal\/wp-content\/uploads\/2025\/05\/FITO-PAEZ-GIRA-PAEZ-TECKNICOLOR-ESPANA-2025-120x120.png 120w, https:\/\/cooltivarte.com\/portal\/wp-content\/uploads\/2025\/05\/FITO-PAEZ-GIRA-PAEZ-TECKNICOLOR-ESPANA-2025-75x75.png 75w, https:\/\/cooltivarte.com\/portal\/wp-content\/uploads\/2025\/05\/FITO-PAEZ-GIRA-PAEZ-TECKNICOLOR-ESPANA-2025.png 1080w\" sizes=\"(max-width: 1024px) 100vw, 1024px\" \/><\/p>\n<p>&nbsp;<\/p>\n<p><a href=\"https:\/\/cooltivarte.com\/portal\/?s=Fito+P%C3%A1ez\" target=\"_blank\" rel=\"noopener\"><strong>Fito P\u00e1ez<\/strong><\/a>, uno de los grandes referentes de la m\u00fasica en espa\u00f1ol, presenta su nueva gira P\u00e1ez Tecknicolor .<\/p>\n<p>Espa\u00f1a ser\u00e1 la primera parada de<strong> P\u00e1ez Tecknicolor<\/strong>. En julio, Fito y su banda se reencontrar\u00e1n con su p\u00fablico espa\u00f1ol, con una serie de conciertos que prometen ser inolvidables.<\/p>\n<p>Como alquimista de la m\u00fasica, P\u00e1ez prepara un flamante recorrido sonoro por todos sus tiempos, con un repertorio que combina grandes \u00e9xitos: Mariposa Tecknicolor , El Amor Despu\u00e9s Del Amor , 11 y 6 , A rodar mi vida , Al lado del camino , Tumbas de Gloria , Un vestido y un amor , &#8211; entre otras tantas canciones que marcaron a generaciones-, con temas de su nuevo universo llamado Novela , \u00e1lbum que estren\u00f3 recientemente y ya es celebrado por sus seguidores.<\/p>\n<p>&nbsp;<\/p>\n<p><img decoding=\"async\" class=\"an1\" draggable=\"false\" src=\"https:\/\/fonts.gstatic.com\/s\/e\/notoemoji\/16.0\/1f1ea_1f1f8\/32.png\" alt=\"\" data-emoji=\"\" aria-label=\"\"\/>&nbsp;<strong>05 de julio<\/strong>&nbsp;&#8211; Palau Sant Jordi,&nbsp;<strong>Barcelona<\/strong>&nbsp;&#8211;&nbsp;<a href=\"https:\/\/gaucho.us2.list-manage.com\/track\/click?u=4831dbb184733bcf99b22f68f&amp;id=7abc1f17f4&amp;e=9fa7a45928\" target=\"_blank\" rel=\"noopener\">Entradas Aqu\u00ed<\/a><br \/>\n<img decoding=\"async\" class=\"an1\" draggable=\"false\" src=\"https:\/\/fonts.gstatic.com\/s\/e\/notoemoji\/16.0\/1f1ea_1f1f8\/32.png\" alt=\"\" data-emoji=\"\" aria-label=\"\"\/>&nbsp;<strong>08 de julio<\/strong>&nbsp;&#8211; Movistar Arena,&nbsp;<strong>Madrid<\/strong>&nbsp;&#8211;&nbsp;<a href=\"https:\/\/gaucho.us2.list-manage.com\/track\/click?u=4831dbb184733bcf99b22f68f&amp;id=70b2906731&amp;e=9fa7a45928\" target=\"_blank\" rel=\"noopener\">Entradas Aqu\u00ed<\/a><br \/>\n<img decoding=\"async\" class=\"an1\" draggable=\"false\" src=\"https:\/\/fonts.gstatic.com\/s\/e\/notoemoji\/16.0\/1f1ea_1f1f8\/32.png\" alt=\"\" data-emoji=\"\" aria-label=\"\"\/>&nbsp;<strong>10 de julio<\/strong>&nbsp;&#8211; Marina Norte,&nbsp;<strong>Valencia<\/strong>&nbsp;&#8211;&nbsp;<a href=\"https:\/\/gaucho.us2.list-manage.com\/track\/click?u=4831dbb184733bcf99b22f68f&amp;id=ac60b11d68&amp;e=9fa7a45928\" target=\"_blank\" rel=\"noopener\">Entradas Aqu\u00ed<\/a><br \/>\n<img decoding=\"async\" class=\"an1\" draggable=\"false\" src=\"https:\/\/fonts.gstatic.com\/s\/e\/notoemoji\/16.0\/1f1ea_1f1f8\/32.png\" alt=\"\" data-emoji=\"\" aria-label=\"\"\/>&nbsp;<strong>12 de julio<\/strong>&nbsp;&#8211; Fiestas de Cap Roig,&nbsp;<strong>Girona<\/strong>&nbsp;&#8211;<a href=\"https:\/\/gaucho.us2.list-manage.com\/track\/click?u=4831dbb184733bcf99b22f68f&amp;id=3eb5e640ec&amp;e=9fa7a45928\" target=\"_blank\" rel=\"noopener\">Entradas Aqu\u00ed<\/a><br \/>\n<img decoding=\"async\" class=\"an1\" draggable=\"false\" src=\"https:\/\/fonts.gstatic.com\/s\/e\/notoemoji\/16.0\/1f1ea_1f1f8\/32.png\" alt=\"\" data-emoji=\"\" aria-label=\"\"\/>&nbsp;<strong>14 de julio<\/strong>&nbsp;&#8211; Festival Starlite&nbsp;<a href=\"https:\/\/gaucho.us2.list-manage.com\/track\/click?u=4831dbb184733bcf99b22f68f&amp;id=d8a4bbacf6&amp;e=9fa7a45928\" target=\"_blank\" rel=\"noopener\">,<\/a>&nbsp;<strong>Marbella<\/strong>&nbsp;&#8211;&nbsp;<a href=\"https:\/\/gaucho.us2.list-manage.com\/track\/click?u=4831dbb184733bcf99b22f68f&amp;id=a473a337be&amp;e=9fa7a45928\" target=\"_blank\" rel=\"noopener\">Entradas Aqu\u00ed<\/a><\/p>\n<p>&nbsp;<\/p>\n<p><strong>P\u00e1ez Tecknicolor<\/strong> llega a Espa\u00f1a para celebrar m\u00e1s de 40 a\u00f1os de canciones entra\u00f1ables, en una gira que combina la nostalgia de sus himnos con la frescura y emoci\u00f3n de Novela .<\/p>\n<p>Luego de celebrar los 30 a\u00f1os de El amor despu\u00e9s del amor , las tres d\u00e9cadas de Circo Beat y 40 a\u00f1os de Del 63 , repasando esos discos fundamentales de su carrera, Fito sigue apostando al presente y al futuro. P\u00e1ez Tecknicolor es una oportunidad \u00fanica para disfrutar, vibrar y emocionarse con uno de los artistas m\u00e1s queridos y vigentes de la m\u00fasica argentina y latinoamericana.<\/p>\n<p>&nbsp;<\/p>\n<p><iframe title=\"Spotify Embed: Novela\" style=\"border-radius: 12px\" width=\"100%\" height=\"352\" frameborder=\"0\" allowfullscreen allow=\"autoplay; clipboard-write; encrypted-media; fullscreen; picture-in-picture\" loading=\"lazy\" src=\"https:\/\/open.spotify.com\/embed\/album\/1c4mLG7WdqEmlPwoNU8qtG?si=forLmm99TTO_1g9J1TnNIg&#038;utm_source=oembed\"><\/iframe><\/p>\n<p>&nbsp;<\/p>\n<p><strong>NOVELA<\/strong> es una gran obra musical que Fito comenz\u00f3 a escribir en 1988 y que culmina en 2024, viendo la luz en marzo de 2025.<\/p>\n<p>Fito P\u00e1ez present\u00f3 en enero el primer adelanto de Novela Cuando el Circo llega al pueblo y en febrero Superextra\u00f1o permitiendo que sus fans saborearan el inicio de su maravillosa nueva obra sin precedentes. Ahora con el lanzamiento de Novela , descubrimos Sale el Sol el colorido focus track que pone punto final a la gran historia.<\/p>\n<p><strong>Novela<\/strong> es una gran obra musical y cinematogr\u00e1fica, que, en tiempos ca\u00f3ticos, complicados y desalentados, nos lleva a conocer un mundo de ilusiones y de amor. Con la excusa de contar como afectado a los j\u00f3venes -ya su propia vida- aprender a vivir en un pueblo rec\u00f3ndito de la provincia de Santa Fe (Argentina), Fito P\u00e1ez cre\u00f3 un universo m\u00e1gico que se cuenta en formato cinematogr\u00e1fico y de \u00e1lbum, a trav\u00e9s de 25 canciones in\u00e9ditas, que relatan una historia extraordinaria con personajes originales de esp\u00edritu rebelde y apasionado. Como parte de los 25 temas que componen la obra, se encuentran los textos lucidos por la maravillosa interpretaci\u00f3n de la actriz, dramaturga y directora de cine, Lorena Vega .<\/p>\n<p>Compuesta por Fito P\u00e1ez, producida por el propio P\u00e1ez , Gustavo Borner y Diego Olivero y grabada entre Abbey Road ( Londres) y los estudios de Sony Music 5020 (Madrid), Novela es una obra de arte de infinitas dimensiones que no dejar\u00e1 a nadie indiferente.<\/p>\n<p>&nbsp;<\/p>\n<p>&nbsp;<\/p>\n","protected":false},"excerpt":{"rendered":"<p>P\u00e1ez Tecknicolor llega a Espa\u00f1a para celebrar m\u00e1s de 40 a\u00f1os de canciones entra\u00f1ables, en una gira que combina la nostalgia de sus himnos con la frescura y emoci\u00f3n de Novela .<\/p>\n<p>Luego de celebrar los 30 a\u00f1os de El amor despu\u00e9s del amor , las tres d\u00e9cadas de Circo Beat y 40 a\u00f1os de Del 63 , repasando esos discos fundamentales de su carrera, Fito sigue apostando al presente y al futuro. P\u00e1ez Tecknicolor es una oportunidad \u00fanica para disfrutar, vibrar y emocionarse con uno de los artistas m\u00e1s queridos y vigentes de la m\u00fasica argentina y latinoamericana.<\/p>\n","protected":false},"author":8,"featured_media":113406,"comment_status":"closed","ping_status":"closed","sticky":false,"template":"","format":"standard","meta":{"om_disable_all_campaigns":false,"ngg_post_thumbnail":0,"jnews-multi-image_gallery":[],"jnews_single_post":{"format":"standard","override":[{"template":"4","parallax":"1","layout":"right-sidebar","sidebar":"default-sidebar","second_sidebar":"default-sidebar","sticky_sidebar":"1","share_position":"bottom","share_float_style":"share-monocrhome","show_share_counter":"1","show_view_counter":"1","show_featured":"1","show_post_meta":"1","show_post_author":"1","show_post_author_image":"1","show_post_date":"1","post_date_format":"default","post_date_format_custom":"Y\/m\/d","show_post_category":"1","post_reading_time_wpm":"300","post_calculate_word_method":"str_word_count","zoom_button_out_step":"2","zoom_button_in_step":"3","show_post_tag":"1","show_prev_next_post":"1","show_popup_post":"1","number_popup_post":"1","show_author_box":"1","show_post_related":"0","show_inline_post_related":"0"}],"image_override":[{"single_post_thumbnail_size":"no-crop","single_post_gallery_size":"crop-500"}],"trending_post_position":"meta","trending_post_label":"Trending","sponsored_post_label":"Sponsored by","disable_ad":"0","subtitle":"ESPA\u00d1A 2025"},"jnews_primary_category":[],"jnews_social_meta":[],"jnews_override_counter":{"view_counter_number":"0","share_counter_number":"0","like_counter_number":"0","dislike_counter_number":"0"},"footnotes":""},"categories":[13675],"tags":[748,358,23903],"class_list":["post-113405","post","type-post","status-publish","format-standard","has-post-thumbnail","hentry","category-novedades","tag-espana","tag-fito-paez","tag-paez-tecknicolor"],"yoast_head":"<!-- This site is optimized with the Yoast SEO plugin v27.5 - https:\/\/yoast.com\/product\/yoast-seo-wordpress\/ -->\n<title>FITO P\u00c1EZ - GIRA P\u00c1EZ TECKNICOLOR - Cooltivarte Portal<\/title>\n<meta name=\"description\" content=\"P\u00e1ez Tecknicolor llega a Espa\u00f1a para celebrar m\u00e1s de 40 a\u00f1os de canciones entra\u00f1ables, en una gira que combina la nostalgia de sus himnos con la frescura y emoci\u00f3n de Novela\" \/>\n<meta name=\"robots\" content=\"index, follow, max-snippet:-1, max-image-preview:large, max-video-preview:-1\" \/>\n<link rel=\"canonical\" href=\"https:\/\/cooltivarte.com\/portal\/fito-paez-gira-paez-tecknicolor\/\" \/>\n<meta property=\"og:locale\" content=\"es_ES\" \/>\n<meta property=\"og:type\" content=\"article\" \/>\n<meta property=\"og:title\" content=\"FITO P\u00c1EZ - GIRA P\u00c1EZ TECKNICOLOR ESPA\u00d1A 2025\" \/>\n<meta property=\"og:description\" content=\"P\u00e1ez Tecknicolor llega a Espa\u00f1a para celebrar m\u00e1s de 40 a\u00f1os de canciones entra\u00f1ables, en una gira que combina la nostalgia de sus himnos con la frescura y emoci\u00f3n de Novela\" \/>\n<meta property=\"og:url\" content=\"https:\/\/cooltivarte.com\/portal\/fito-paez-gira-paez-tecknicolor\/\" \/>\n<meta property=\"og:site_name\" content=\"Cooltivarte Portal\" \/>\n<meta property=\"article:publisher\" content=\"https:\/\/www.facebook.com\/cooltivartecom\/\" \/>\n<meta property=\"article:author\" content=\"https:\/\/www.facebook.com\/cooltivartecom\" \/>\n<meta property=\"article:published_time\" content=\"2025-05-19T00:50:17+00:00\" \/>\n<meta property=\"og:image\" content=\"https:\/\/cooltivarte.com\/portal\/wp-content\/uploads\/2025\/05\/FITO-PAEZ-GIRA-PAEZ-TECKNICOLOR-ESPANA-2025.png\" \/>\n\t<meta property=\"og:image:width\" content=\"1080\" \/>\n\t<meta property=\"og:image:height\" content=\"1080\" \/>\n\t<meta property=\"og:image:type\" content=\"image\/png\" \/>\n<meta name=\"author\" content=\"Cooltivarte\" \/>\n<meta name=\"twitter:card\" content=\"summary_large_image\" \/>\n<meta name=\"twitter:title\" content=\"FITO P\u00c1EZ - GIRA P\u00c1EZ TECKNICOLOR ESPA\u00d1A 2025\" \/>\n<meta name=\"twitter:description\" content=\"P\u00e1ez Tecknicolor llega a Espa\u00f1a para celebrar m\u00e1s de 40 a\u00f1os de canciones entra\u00f1ables, en una gira que combina la nostalgia de sus himnos con la frescura y emoci\u00f3n de Novela\" \/>\n<meta name=\"twitter:image\" content=\"https:\/\/cooltivarte.com\/portal\/wp-content\/uploads\/2025\/05\/FITO-PAEZ-GIRA-PAEZ-TECKNICOLOR-ESPANA-2025.png\" \/>\n<meta name=\"twitter:creator\" content=\"@https:\/\/x.com\/obolocultural\" \/>\n<meta name=\"twitter:site\" content=\"@obolocultural\" \/>\n<meta name=\"twitter:label1\" content=\"Escrito por\" \/>\n\t<meta name=\"twitter:data1\" content=\"Cooltivarte\" \/>\n\t<meta name=\"twitter:label2\" content=\"Tiempo de lectura\" \/>\n\t<meta name=\"twitter:data2\" content=\"4 minutos\" \/>\n<!-- \/ Yoast SEO plugin. -->","yoast_head_json":{"title":"FITO P\u00c1EZ - GIRA P\u00c1EZ TECKNICOLOR - Cooltivarte Portal","description":"P\u00e1ez Tecknicolor llega a Espa\u00f1a para celebrar m\u00e1s de 40 a\u00f1os de canciones entra\u00f1ables, en una gira que combina la nostalgia de sus himnos con la frescura y emoci\u00f3n de Novela","robots":{"index":"index","follow":"follow","max-snippet":"max-snippet:-1","max-image-preview":"max-image-preview:large","max-video-preview":"max-video-preview:-1"},"canonical":"https:\/\/cooltivarte.com\/portal\/fito-paez-gira-paez-tecknicolor\/","og_locale":"es_ES","og_type":"article","og_title":"FITO P\u00c1EZ - GIRA P\u00c1EZ TECKNICOLOR ESPA\u00d1A 2025","og_description":"P\u00e1ez Tecknicolor llega a Espa\u00f1a para celebrar m\u00e1s de 40 a\u00f1os de canciones entra\u00f1ables, en una gira que combina la nostalgia de sus himnos con la frescura y emoci\u00f3n de Novela","og_url":"https:\/\/cooltivarte.com\/portal\/fito-paez-gira-paez-tecknicolor\/","og_site_name":"Cooltivarte Portal","article_publisher":"https:\/\/www.facebook.com\/cooltivartecom\/","article_author":"https:\/\/www.facebook.com\/cooltivartecom","article_published_time":"2025-05-19T00:50:17+00:00","og_image":[{"width":1080,"height":1080,"url":"https:\/\/cooltivarte.com\/portal\/wp-content\/uploads\/2025\/05\/FITO-PAEZ-GIRA-PAEZ-TECKNICOLOR-ESPANA-2025.png","type":"image\/png"}],"author":"Cooltivarte","twitter_card":"summary_large_image","twitter_title":"FITO P\u00c1EZ - GIRA P\u00c1EZ TECKNICOLOR ESPA\u00d1A 2025","twitter_description":"P\u00e1ez Tecknicolor llega a Espa\u00f1a para celebrar m\u00e1s de 40 a\u00f1os de canciones entra\u00f1ables, en una gira que combina la nostalgia de sus himnos con la frescura y emoci\u00f3n de Novela","twitter_image":"https:\/\/cooltivarte.com\/portal\/wp-content\/uploads\/2025\/05\/FITO-PAEZ-GIRA-PAEZ-TECKNICOLOR-ESPANA-2025.png","twitter_creator":"@https:\/\/x.com\/obolocultural","twitter_site":"@obolocultural","twitter_misc":{"Escrito por":"Cooltivarte","Tiempo de lectura":"4 minutos"},"schema":{"@context":"https:\/\/schema.org","@graph":[{"@type":"NewsArticle","@id":"https:\/\/cooltivarte.com\/portal\/fito-paez-gira-paez-tecknicolor\/#article","isPartOf":{"@id":"https:\/\/cooltivarte.com\/portal\/fito-paez-gira-paez-tecknicolor\/"},"author":{"name":"Cooltivarte","@id":"https:\/\/cooltivarte.com\/portal\/#\/schema\/person\/ec2a4f4e71b740d0c559c0ab9a157e19"},"headline":"FITO P\u00c1EZ &#8211; GIRA P\u00c1EZ TECKNICOLOR","datePublished":"2025-05-19T00:50:17+00:00","mainEntityOfPage":{"@id":"https:\/\/cooltivarte.com\/portal\/fito-paez-gira-paez-tecknicolor\/"},"wordCount":592,"publisher":{"@id":"https:\/\/cooltivarte.com\/portal\/#organization"},"image":{"@id":"https:\/\/cooltivarte.com\/portal\/fito-paez-gira-paez-tecknicolor\/#primaryimage"},"thumbnailUrl":"https:\/\/cooltivarte.com\/portal\/wp-content\/uploads\/2025\/05\/FITO-PAEZ-GIRA-PAEZ-TECKNICOLOR-ESPANA-2025.png","keywords":["Espa\u00f1a","Fito P\u00e1ez","P\u00e1ez Tecknicolor"],"articleSection":["Novedades"],"inLanguage":"es-AR"},{"@type":"WebPage","@id":"https:\/\/cooltivarte.com\/portal\/fito-paez-gira-paez-tecknicolor\/","url":"https:\/\/cooltivarte.com\/portal\/fito-paez-gira-paez-tecknicolor\/","name":"FITO P\u00c1EZ - GIRA P\u00c1EZ TECKNICOLOR - Cooltivarte Portal","isPartOf":{"@id":"https:\/\/cooltivarte.com\/portal\/#website"},"primaryImageOfPage":{"@id":"https:\/\/cooltivarte.com\/portal\/fito-paez-gira-paez-tecknicolor\/#primaryimage"},"image":{"@id":"https:\/\/cooltivarte.com\/portal\/fito-paez-gira-paez-tecknicolor\/#primaryimage"},"thumbnailUrl":"https:\/\/cooltivarte.com\/portal\/wp-content\/uploads\/2025\/05\/FITO-PAEZ-GIRA-PAEZ-TECKNICOLOR-ESPANA-2025.png","datePublished":"2025-05-19T00:50:17+00:00","description":"P\u00e1ez Tecknicolor llega a Espa\u00f1a para celebrar m\u00e1s de 40 a\u00f1os de canciones entra\u00f1ables, en una gira que combina la nostalgia de sus himnos con la frescura y emoci\u00f3n de Novela","breadcrumb":{"@id":"https:\/\/cooltivarte.com\/portal\/fito-paez-gira-paez-tecknicolor\/#breadcrumb"},"inLanguage":"es-AR","potentialAction":[{"@type":"ReadAction","target":["https:\/\/cooltivarte.com\/portal\/fito-paez-gira-paez-tecknicolor\/"]}]},{"@type":"ImageObject","inLanguage":"es-AR","@id":"https:\/\/cooltivarte.com\/portal\/fito-paez-gira-paez-tecknicolor\/#primaryimage","url":"https:\/\/cooltivarte.com\/portal\/wp-content\/uploads\/2025\/05\/FITO-PAEZ-GIRA-PAEZ-TECKNICOLOR-ESPANA-2025.png","contentUrl":"https:\/\/cooltivarte.com\/portal\/wp-content\/uploads\/2025\/05\/FITO-PAEZ-GIRA-PAEZ-TECKNICOLOR-ESPANA-2025.png","width":1080,"height":1080,"caption":"FITO P\u00c1EZ - GIRA P\u00c1EZ TECKNICOLOR ESPA\u00d1A 2025"},{"@type":"BreadcrumbList","@id":"https:\/\/cooltivarte.com\/portal\/fito-paez-gira-paez-tecknicolor\/#breadcrumb","itemListElement":[{"@type":"ListItem","position":1,"name":"Portada","item":"https:\/\/cooltivarte.com\/portal\/"},{"@type":"ListItem","position":2,"name":"FITO P\u00c1EZ &#8211; GIRA P\u00c1EZ TECKNICOLOR"}]},{"@type":"WebSite","@id":"https:\/\/cooltivarte.com\/portal\/#website","url":"https:\/\/cooltivarte.com\/portal\/","name":"Cooltivarte Portal","description":"Arte, cultura y turismo para el mundo ...","publisher":{"@id":"https:\/\/cooltivarte.com\/portal\/#organization"},"potentialAction":[{"@type":"SearchAction","target":{"@type":"EntryPoint","urlTemplate":"https:\/\/cooltivarte.com\/portal\/?s={search_term_string}"},"query-input":{"@type":"PropertyValueSpecification","valueRequired":true,"valueName":"search_term_string"}}],"inLanguage":"es-AR"},{"@type":"Organization","@id":"https:\/\/cooltivarte.com\/portal\/#organization","name":"cooltivarte","url":"https:\/\/cooltivarte.com\/portal\/","logo":{"@type":"ImageObject","inLanguage":"es-AR","@id":"https:\/\/cooltivarte.com\/portal\/#\/schema\/logo\/image\/","url":"https:\/\/cooltivarte.com\/portal\/wp-content\/uploads\/2020\/04\/logo-cooltivarte-v2.png","contentUrl":"https:\/\/cooltivarte.com\/portal\/wp-content\/uploads\/2020\/04\/logo-cooltivarte-v2.png","width":851,"height":243,"caption":"cooltivarte"},"image":{"@id":"https:\/\/cooltivarte.com\/portal\/#\/schema\/logo\/image\/"},"sameAs":["https:\/\/www.facebook.com\/cooltivartecom\/","https:\/\/x.com\/obolocultural","https:\/\/www.instagram.com\/_cooltivarte_\/","https:\/\/www.linkedin.com\/company\/-bolocultural?reportsuccess=8zaNG1HwhPbAR9iQhZ5rfGeqz_vQFftHun0ZWU0Wy9vNemRJ8vtcKdJvzQfW8XagyOJSKg0XvfJ1dp","https:\/\/www.pinterest.com\/cooltivarte\/","https:\/\/cooltivarte.tumblr.com\/","https:\/\/www.tiktok.com\/@cooltivarte","https:\/\/www.youtube.com\/@PrensaCooltivarte"]},{"@type":"Person","@id":"https:\/\/cooltivarte.com\/portal\/#\/schema\/person\/ec2a4f4e71b740d0c559c0ab9a157e19","name":"Cooltivarte","image":{"@type":"ImageObject","inLanguage":"es-AR","@id":"https:\/\/cooltivarte.com\/portal\/wp-content\/uploads\/2014\/05\/logo-cooltivarte-120x120.jpg","url":"https:\/\/cooltivarte.com\/portal\/wp-content\/uploads\/2014\/05\/logo-cooltivarte-120x120.jpg","contentUrl":"https:\/\/cooltivarte.com\/portal\/wp-content\/uploads\/2014\/05\/logo-cooltivarte-120x120.jpg","caption":"Cooltivarte"},"description":"Somos COOLTIVARTE.COM. Un portal digital dedicado a difundir el acontecer art\u00edstico y cultural del Uruguay. Estamos en la vuelta desde el a\u00f1o 2003, y como evoluci\u00f3n del bolet\u00edn Obolo Cultural, nos encontramos abocados a apoyar a los artistas nacionales brind\u00e1ndoles un espacio de difusi\u00f3n. Creemos en la idea de utilizar la potencialidad que hoy d\u00eda nos otorga la web, para que la cultura uruguaya y sus creadores dispongan de una din\u00e1mica ventana, que los ponga en contacto entre s\u00ed y con el mundo. Somos COOLTIVARTE.COM y pretendemos configurarnos como un portal din\u00e1mico, entretenido y atento a los nuevos emprendimientos, que busque siempre la interacci\u00f3n con los artistas.","sameAs":["http:\/\/www.cooltivarte.com","https:\/\/www.facebook.com\/cooltivartecom","https:\/\/www.instagram.com\/_cooltivarte_\/","https:\/\/www.linkedin.com\/company\/-bolocultural","https:\/\/www.pinterest.com\/cooltivarte\/","https:\/\/x.com\/https:\/\/x.com\/obolocultural","https:\/\/www.youtube.com\/@PrensaCooltivarte","https:\/\/www.tumblr.com\/blog\/cooltivarte"],"url":"https:\/\/cooltivarte.com\/portal\/author\/cooltivarte\/"}]}},"_links":{"self":[{"href":"https:\/\/cooltivarte.com\/portal\/wp-json\/wp\/v2\/posts\/113405","targetHints":{"allow":["GET"]}}],"collection":[{"href":"https:\/\/cooltivarte.com\/portal\/wp-json\/wp\/v2\/posts"}],"about":[{"href":"https:\/\/cooltivarte.com\/portal\/wp-json\/wp\/v2\/types\/post"}],"author":[{"embeddable":true,"href":"https:\/\/cooltivarte.com\/portal\/wp-json\/wp\/v2\/users\/8"}],"replies":[{"embeddable":true,"href":"https:\/\/cooltivarte.com\/portal\/wp-json\/wp\/v2\/comments?post=113405"}],"version-history":[{"count":1,"href":"https:\/\/cooltivarte.com\/portal\/wp-json\/wp\/v2\/posts\/113405\/revisions"}],"predecessor-version":[{"id":113408,"href":"https:\/\/cooltivarte.com\/portal\/wp-json\/wp\/v2\/posts\/113405\/revisions\/113408"}],"wp:featuredmedia":[{"embeddable":true,"href":"https:\/\/cooltivarte.com\/portal\/wp-json\/wp\/v2\/media\/113406"}],"wp:attachment":[{"href":"https:\/\/cooltivarte.com\/portal\/wp-json\/wp\/v2\/media?parent=113405"}],"wp:term":[{"taxonomy":"category","embeddable":true,"href":"https:\/\/cooltivarte.com\/portal\/wp-json\/wp\/v2\/categories?post=113405"},{"taxonomy":"post_tag","embeddable":true,"href":"https:\/\/cooltivarte.com\/portal\/wp-json\/wp\/v2\/tags?post=113405"}],"curies":[{"name":"wp","href":"https:\/\/api.w.org\/{rel}","templated":true}]}}