{"id":113175,"date":"2025-05-08T20:18:50","date_gmt":"2025-05-08T23:18:50","guid":{"rendered":"https:\/\/cooltivarte.com\/portal\/?p=113175"},"modified":"2025-05-08T20:18:50","modified_gmt":"2025-05-08T23:18:50","slug":"pablo-felix-lanza-temporal-nuevo-single-junto-a-spuntone-mendaro","status":"publish","type":"post","link":"https:\/\/cooltivarte.com\/portal\/pablo-felix-lanza-temporal-nuevo-single-junto-a-spuntone-mendaro\/","title":{"rendered":"PABLO FELIX lanza \u201cTemporal\u201d, nuevo single junto a Spuntone &#038; Mendaro"},"content":{"rendered":"<p><img fetchpriority=\"high\" decoding=\"async\" class=\"aligncenter wp-image-113176 size-large\" title=\"PABLO FELIX lanza \u201cTemporal\u201d, nuevo single junto a Spuntone &amp;amp; Mendaro\" src=\"https:\/\/cooltivarte.com\/portal\/wp-content\/uploads\/2025\/05\/PABLO-FELIX-lanza-Temporal-1024x683.jpg\" alt=\"PABLO FELIX lanza \u201cTemporal\u201d, nuevo single junto a Spuntone &amp; Mendaro\" width=\"1024\" height=\"683\" srcset=\"https:\/\/cooltivarte.com\/portal\/wp-content\/uploads\/2025\/05\/PABLO-FELIX-lanza-Temporal-1024x683.jpg 1024w, https:\/\/cooltivarte.com\/portal\/wp-content\/uploads\/2025\/05\/PABLO-FELIX-lanza-Temporal-300x200.jpg 300w, https:\/\/cooltivarte.com\/portal\/wp-content\/uploads\/2025\/05\/PABLO-FELIX-lanza-Temporal-768x512.jpg 768w, https:\/\/cooltivarte.com\/portal\/wp-content\/uploads\/2025\/05\/PABLO-FELIX-lanza-Temporal.jpg 1500w\" sizes=\"(max-width: 1024px) 100vw, 1024px\" \/><\/p>\n<p>&nbsp;<\/p>\n<p><strong><a href=\"https:\/\/cooltivarte.com\/portal\/?s=PABLO+FELIX\" target=\"_blank\" rel=\"noopener\">PABLO FELIX<\/a> lanza \u201cTemporal\u201d, nuevo single junto a <a href=\"https:\/\/cooltivarte.com\/portal\/?s=Spuntone\" target=\"_blank\" rel=\"noopener\">Spuntone<\/a> &amp; <a href=\"https:\/\/cooltivarte.com\/portal\/?s=Mendaro\" target=\"_blank\" rel=\"noopener\">Mendaro<\/a><\/strong><\/p>\n<p>&nbsp;<\/p>\n<p><strong>Pablo F\u00e9lix<\/strong>, una nueva voz en nuestro rock contempor\u00e1neo, presenta el sencillo \u201cTemporal\u201d, en colaboraci\u00f3n con el d\u00fao <a href=\"https:\/\/cooltivarte.com\/portal\/?s=Spuntone+%26+Mendaro\" target=\"_blank\" rel=\"noopener\"><strong>Spuntone &amp; Mendaro<\/strong><\/a>.<\/p>\n<p>Esta poderosa canci\u00f3n, cargada de sentimiento y energ\u00eda, se alza frente a las tormentas de la vida, consolidando a F\u00e9lix como un narrador de las emociones humanas.<\/p>\n<p>\u201cTemporal\u201d navega entre la melancol\u00eda y la catarsis, capturando la lucha interna de quienes enfrentan momentos de adversidad.<\/p>\n<p>Su letra resuena con frases como: \u201cHay un temporal, pero es temporal\u201d, un mensaje de esperanza que recuerda que incluso los momentos m\u00e1s oscuros son pasajeros.<\/p>\n<p>La colaboraci\u00f3n con <strong>Spuntone &amp; Mendaro<\/strong> eleva la canci\u00f3n, fusionando la sensibilidad l\u00edrica de Felix con la sofisticaci\u00f3n del d\u00fao.<\/p>\n<p>&#8220;Trabajar con ellos fue como un encuentro de almas musicales; juntos logramos que &#8216;Temporal&#8217; sea m\u00e1s que una canci\u00f3n: es una experiencia viva&#8221; , comparte Pablo.<\/p>\n<p>Producido por <a href=\"https:\/\/cooltivarte.com\/portal\/?s=Sebasti%C3%A1n+Peralta\" target=\"_blank\" rel=\"noopener\"><strong>Sebasti\u00e1n Peralta<\/strong><\/a>, el single se destaca no solo por su l\u00edrica, sino tambi\u00e9n por un sonido moderno que respeta las ra\u00edces del pop-rock.<\/p>\n<p>&nbsp;<br \/>\n<iframe title=\"YouTube video player\" src=\"https:\/\/www.youtube.com\/embed\/fbJIryWU-eM?si=nNZxlqy99-OhM91x\" width=\"100%\" height=\"515\" frameborder=\"0\" allowfullscreen=\"allowfullscreen\"><span data-mce-type=\"bookmark\" style=\"display: inline-block; width: 0px; overflow: hidden; line-height: 0;\" class=\"mce_SELRES_start\">\ufeff<\/span><\/iframe><br \/>\n&nbsp;<\/p>\n<p>M\u00fasicos: <strong>Pablo Felix<\/strong> (voces, pianos el\u00e9ctricos y sintetizadores), <strong>Marcos Rodr\u00edguez<\/strong> (guitarra el\u00e9ctrica), <strong>Federico Yacovazzo<\/strong> (Bajo), <strong>Sebastian Peralta<\/strong> ( sintetizadores y pads).<\/p>\n<p>Producci\u00f3n:<strong> Sebasti\u00e1n Peralta<\/strong><\/p>\n<p>Letra:<\/p>\n<p>Algo se apag\u00f3 y quiero volver a conectar<br \/>\nHay un aire espeso y todo duele mucho m\u00e1s<br \/>\nEste fr\u00edo intenso que no te deja pensar.<br \/>\nY te dicen que el mundo vuelve a girar<\/p>\n<p>Todo va a cambiar<br \/>\nTodo va a cambiar<br \/>\nAlgo comprend\u00ed mirando por la ventana<br \/>\nHay un temporal<br \/>\nPero es temporal<br \/>\nPero es temporal<\/p>\n<p>Todo va a cambiar<br \/>\nTodo va a cambiar<br \/>\nFreno y apaciguo al cambio<br \/>\nEs un temporal<br \/>\nPero es temporal<br \/>\nPuede que ahora llueva un poco m\u00e1s<\/p>\n<p>Algo se apag\u00f3 y ya no sent\u00eds curiosidad.<br \/>\nHoy se mezcla el miedo con las ganas de gritar<br \/>\nEste fr\u00edo intenso que no te deja pensar.<br \/>\nY te dicen que el mundo vuelve a girar<\/p>\n<p>Todo va a cambiar<br \/>\nTodo va a cambiar<br \/>\nAlgo comprend\u00ed mirando por la ventana<br \/>\nHay un temporal<br \/>\nPero es temporal<br \/>\nPero es temporal<\/p>\n<p>Todo va a cambiar<br \/>\nTodo va a cambiar<br \/>\nFreno y apaciguo al cambio<br \/>\nEs un temporal<br \/>\nPero es temporal<br \/>\nPuede que ahora llueva un poco m\u00e1s<\/p>\n<p>Todo va a cambiar<br \/>\nTodo va a cambiar<br \/>\nPero es temporal<br \/>\nPuede que ahora llueva un poco m\u00e1s<\/p>\n<p>Todo va a cambiar<br \/>\nTodo va a cambiar<br \/>\nPero es temporal<br \/>\nPuede que ahora llueva un poco m\u00e1s<\/p>\n<p>Pablo F\u00e9lix<\/p>\n<p>&nbsp;<\/p>\n<p><iframe title=\"Spotify Embed: Temporal\" style=\"border-radius: 12px\" width=\"100%\" height=\"352\" frameborder=\"0\" allowfullscreen allow=\"autoplay; clipboard-write; encrypted-media; fullscreen; picture-in-picture\" loading=\"lazy\" src=\"https:\/\/open.spotify.com\/embed\/album\/28BzhkumNKohVsfGtl9WpE?si=iSwrJ6gjS42XxVa581cYXQ&#038;utm_source=oembed\"><\/iframe><\/p>\n<p>&nbsp;<\/p>\n<p>&nbsp;<\/p>\n<p>&nbsp;<\/p>\n","protected":false},"excerpt":{"rendered":"<p>Pablo F\u00e9lix, una nueva voz en nuestro rock contempor\u00e1neo, presenta el sencillo \u201cTemporal\u201d, en colaboraci\u00f3n con el d\u00fao Spuntone &#038; Mendaro.<\/p>\n<p>Esta poderosa canci\u00f3n, cargada de sentimiento y energ\u00eda, se alza frente a las tormentas de la vida, consolidando a F\u00e9lix como un narrador de las emociones humanas.<\/p>\n<p>\u201cTemporal\u201d navega entre la melancol\u00eda y la catarsis, capturando la lucha interna de quienes enfrentan momentos de adversidad.<\/p>\n<p>Su letra resuena con frases como: \u201cHay un temporal, pero es temporal\u201d, un mensaje de esperanza que recuerda que incluso los momentos m\u00e1s oscuros son pasajeros.<\/p>\n<p>La colaboraci\u00f3n con Spuntone &#038; Mendaro eleva la canci\u00f3n, fusionando la sensibilidad l\u00edrica de Felix con la sofisticaci\u00f3n del d\u00fao.<\/p>\n<p>&#8220;Trabajar con ellos fue como un encuentro de almas musicales; juntos logramos que &#8216;Temporal&#8217; sea m\u00e1s que una canci\u00f3n: es una experiencia viva&#8221; , comparte Pablo.<\/p>\n<p>Producido por Sebasti\u00e1n Peralta, el single se destaca no solo por su l\u00edrica, sino tambi\u00e9n por un sonido moderno que respeta las ra\u00edces del pop-rock.<\/p>\n","protected":false},"author":8,"featured_media":113176,"comment_status":"closed","ping_status":"closed","sticky":false,"template":"","format":"standard","meta":{"om_disable_all_campaigns":false,"ngg_post_thumbnail":0,"jnews-multi-image_gallery":[],"jnews_single_post":{"subtitle":"","format":"standard","override":[{"template":"4","parallax":"1","layout":"right-sidebar","sidebar":"default-sidebar","second_sidebar":"default-sidebar","sticky_sidebar":"1","share_position":"bottom","share_float_style":"share-monocrhome","show_share_counter":"1","show_view_counter":"1","show_featured":"1","show_post_meta":"1","show_post_author":"1","show_post_author_image":"1","show_post_date":"1","post_date_format":"default","post_date_format_custom":"Y\/m\/d","show_post_category":"1","post_reading_time_wpm":"300","post_calculate_word_method":"str_word_count","zoom_button_out_step":"2","zoom_button_in_step":"3","show_post_tag":"1","show_prev_next_post":"1","show_popup_post":"1","number_popup_post":"1","show_author_box":"1","show_post_related":"0","show_inline_post_related":"0"}],"image_override":[{"single_post_thumbnail_size":"no-crop","single_post_gallery_size":"crop-500"}],"trending_post_position":"meta","trending_post_label":"Trending","sponsored_post_label":"Sponsored by","disable_ad":"0"},"jnews_primary_category":[],"jnews_social_meta":[],"jnews_override_counter":{"view_counter_number":"0","share_counter_number":"0","like_counter_number":"0","dislike_counter_number":"0"},"footnotes":""},"categories":[14772],"tags":[13678,2832,23876],"class_list":["post-113175","post","type-post","status-publish","format-standard","has-post-thumbnail","hentry","category-video","tag-pablo-felix","tag-spuntone-mendaro","tag-temporal"],"yoast_head":"<!-- This site is optimized with the Yoast SEO plugin v27.5 - https:\/\/yoast.com\/product\/yoast-seo-wordpress\/ -->\n<title>PABLO FELIX lanza \u201cTemporal\u201d, nuevo single junto a Spuntone &amp; Mendaro - Cooltivarte Portal<\/title>\n<meta name=\"description\" content=\"Pablo F\u00e9lix, una nueva voz en nuestro rock contempor\u00e1neo, presenta el sencillo \u201cTemporal\u201d, en colaboraci\u00f3n con el d\u00fao Spuntone &amp; Mendaro.\" \/>\n<meta name=\"robots\" content=\"index, follow, max-snippet:-1, max-image-preview:large, max-video-preview:-1\" \/>\n<link rel=\"canonical\" href=\"https:\/\/cooltivarte.com\/portal\/pablo-felix-lanza-temporal-nuevo-single-junto-a-spuntone-mendaro\/\" \/>\n<meta property=\"og:locale\" content=\"es_ES\" \/>\n<meta property=\"og:type\" content=\"article\" \/>\n<meta property=\"og:title\" content=\"PABLO FELIX lanza \u201cTemporal\u201d, nuevo single junto a Spuntone &amp; Mendaro\" \/>\n<meta property=\"og:description\" content=\"Pablo F\u00e9lix, una nueva voz en nuestro rock contempor\u00e1neo, presenta el sencillo \u201cTemporal\u201d, en colaboraci\u00f3n con el d\u00fao Spuntone &amp; Mendaro.\" \/>\n<meta property=\"og:url\" content=\"https:\/\/cooltivarte.com\/portal\/pablo-felix-lanza-temporal-nuevo-single-junto-a-spuntone-mendaro\/\" \/>\n<meta property=\"og:site_name\" content=\"Cooltivarte Portal\" \/>\n<meta property=\"article:publisher\" content=\"https:\/\/www.facebook.com\/cooltivartecom\/\" \/>\n<meta property=\"article:author\" content=\"https:\/\/www.facebook.com\/cooltivartecom\" \/>\n<meta property=\"article:published_time\" content=\"2025-05-08T23:18:50+00:00\" \/>\n<meta property=\"og:image\" content=\"https:\/\/cooltivarte.com\/portal\/wp-content\/uploads\/2025\/05\/PABLO-FELIX-lanza-Temporal.jpg\" \/>\n\t<meta property=\"og:image:width\" content=\"1500\" \/>\n\t<meta property=\"og:image:height\" content=\"1000\" \/>\n\t<meta property=\"og:image:type\" content=\"image\/jpeg\" \/>\n<meta name=\"author\" content=\"Cooltivarte\" \/>\n<meta name=\"twitter:card\" content=\"summary_large_image\" \/>\n<meta name=\"twitter:title\" content=\"PABLO FELIX lanza \u201cTemporal\u201d, nuevo single junto a Spuntone &amp; Mendaro\" \/>\n<meta name=\"twitter:description\" content=\"Pablo F\u00e9lix, una nueva voz en nuestro rock contempor\u00e1neo, presenta el sencillo \u201cTemporal\u201d, en colaboraci\u00f3n con el d\u00fao Spuntone &amp; Mendaro.\" \/>\n<meta name=\"twitter:image\" content=\"https:\/\/cooltivarte.com\/portal\/wp-content\/uploads\/2025\/05\/PABLO-FELIX-lanza-Temporal.jpg\" \/>\n<meta name=\"twitter:creator\" content=\"@https:\/\/x.com\/obolocultural\" \/>\n<meta name=\"twitter:site\" content=\"@obolocultural\" \/>\n<meta name=\"twitter:label1\" content=\"Escrito por\" \/>\n\t<meta name=\"twitter:data1\" content=\"Cooltivarte\" \/>\n\t<meta name=\"twitter:label2\" content=\"Tiempo de lectura\" \/>\n\t<meta name=\"twitter:data2\" content=\"3 minutos\" \/>\n<!-- \/ Yoast SEO plugin. -->","yoast_head_json":{"title":"PABLO FELIX lanza \u201cTemporal\u201d, nuevo single junto a Spuntone & Mendaro - Cooltivarte Portal","description":"Pablo F\u00e9lix, una nueva voz en nuestro rock contempor\u00e1neo, presenta el sencillo \u201cTemporal\u201d, en colaboraci\u00f3n con el d\u00fao Spuntone & Mendaro.","robots":{"index":"index","follow":"follow","max-snippet":"max-snippet:-1","max-image-preview":"max-image-preview:large","max-video-preview":"max-video-preview:-1"},"canonical":"https:\/\/cooltivarte.com\/portal\/pablo-felix-lanza-temporal-nuevo-single-junto-a-spuntone-mendaro\/","og_locale":"es_ES","og_type":"article","og_title":"PABLO FELIX lanza \u201cTemporal\u201d, nuevo single junto a Spuntone &amp; Mendaro","og_description":"Pablo F\u00e9lix, una nueva voz en nuestro rock contempor\u00e1neo, presenta el sencillo \u201cTemporal\u201d, en colaboraci\u00f3n con el d\u00fao Spuntone & Mendaro.","og_url":"https:\/\/cooltivarte.com\/portal\/pablo-felix-lanza-temporal-nuevo-single-junto-a-spuntone-mendaro\/","og_site_name":"Cooltivarte Portal","article_publisher":"https:\/\/www.facebook.com\/cooltivartecom\/","article_author":"https:\/\/www.facebook.com\/cooltivartecom","article_published_time":"2025-05-08T23:18:50+00:00","og_image":[{"width":1500,"height":1000,"url":"https:\/\/cooltivarte.com\/portal\/wp-content\/uploads\/2025\/05\/PABLO-FELIX-lanza-Temporal.jpg","type":"image\/jpeg"}],"author":"Cooltivarte","twitter_card":"summary_large_image","twitter_title":"PABLO FELIX lanza \u201cTemporal\u201d, nuevo single junto a Spuntone &amp; Mendaro","twitter_description":"Pablo F\u00e9lix, una nueva voz en nuestro rock contempor\u00e1neo, presenta el sencillo \u201cTemporal\u201d, en colaboraci\u00f3n con el d\u00fao Spuntone & Mendaro.","twitter_image":"https:\/\/cooltivarte.com\/portal\/wp-content\/uploads\/2025\/05\/PABLO-FELIX-lanza-Temporal.jpg","twitter_creator":"@https:\/\/x.com\/obolocultural","twitter_site":"@obolocultural","twitter_misc":{"Escrito por":"Cooltivarte","Tiempo de lectura":"3 minutos"},"schema":{"@context":"https:\/\/schema.org","@graph":[{"@type":"NewsArticle","@id":"https:\/\/cooltivarte.com\/portal\/pablo-felix-lanza-temporal-nuevo-single-junto-a-spuntone-mendaro\/#article","isPartOf":{"@id":"https:\/\/cooltivarte.com\/portal\/pablo-felix-lanza-temporal-nuevo-single-junto-a-spuntone-mendaro\/"},"author":{"name":"Cooltivarte","@id":"https:\/\/cooltivarte.com\/portal\/#\/schema\/person\/ec2a4f4e71b740d0c559c0ab9a157e19"},"headline":"PABLO FELIX lanza \u201cTemporal\u201d, nuevo single junto a Spuntone &#038; Mendaro","datePublished":"2025-05-08T23:18:50+00:00","mainEntityOfPage":{"@id":"https:\/\/cooltivarte.com\/portal\/pablo-felix-lanza-temporal-nuevo-single-junto-a-spuntone-mendaro\/"},"wordCount":469,"publisher":{"@id":"https:\/\/cooltivarte.com\/portal\/#organization"},"image":{"@id":"https:\/\/cooltivarte.com\/portal\/pablo-felix-lanza-temporal-nuevo-single-junto-a-spuntone-mendaro\/#primaryimage"},"thumbnailUrl":"https:\/\/cooltivarte.com\/portal\/wp-content\/uploads\/2025\/05\/PABLO-FELIX-lanza-Temporal.jpg","keywords":["Pablo Felix","Spuntone &amp; Mendaro","Temporal"],"articleSection":["Video"],"inLanguage":"es-AR"},{"@type":"WebPage","@id":"https:\/\/cooltivarte.com\/portal\/pablo-felix-lanza-temporal-nuevo-single-junto-a-spuntone-mendaro\/","url":"https:\/\/cooltivarte.com\/portal\/pablo-felix-lanza-temporal-nuevo-single-junto-a-spuntone-mendaro\/","name":"PABLO FELIX lanza \u201cTemporal\u201d, nuevo single junto a Spuntone & Mendaro - Cooltivarte Portal","isPartOf":{"@id":"https:\/\/cooltivarte.com\/portal\/#website"},"primaryImageOfPage":{"@id":"https:\/\/cooltivarte.com\/portal\/pablo-felix-lanza-temporal-nuevo-single-junto-a-spuntone-mendaro\/#primaryimage"},"image":{"@id":"https:\/\/cooltivarte.com\/portal\/pablo-felix-lanza-temporal-nuevo-single-junto-a-spuntone-mendaro\/#primaryimage"},"thumbnailUrl":"https:\/\/cooltivarte.com\/portal\/wp-content\/uploads\/2025\/05\/PABLO-FELIX-lanza-Temporal.jpg","datePublished":"2025-05-08T23:18:50+00:00","description":"Pablo F\u00e9lix, una nueva voz en nuestro rock contempor\u00e1neo, presenta el sencillo \u201cTemporal\u201d, en colaboraci\u00f3n con el d\u00fao Spuntone & Mendaro.","breadcrumb":{"@id":"https:\/\/cooltivarte.com\/portal\/pablo-felix-lanza-temporal-nuevo-single-junto-a-spuntone-mendaro\/#breadcrumb"},"inLanguage":"es-AR","potentialAction":[{"@type":"ReadAction","target":["https:\/\/cooltivarte.com\/portal\/pablo-felix-lanza-temporal-nuevo-single-junto-a-spuntone-mendaro\/"]}]},{"@type":"ImageObject","inLanguage":"es-AR","@id":"https:\/\/cooltivarte.com\/portal\/pablo-felix-lanza-temporal-nuevo-single-junto-a-spuntone-mendaro\/#primaryimage","url":"https:\/\/cooltivarte.com\/portal\/wp-content\/uploads\/2025\/05\/PABLO-FELIX-lanza-Temporal.jpg","contentUrl":"https:\/\/cooltivarte.com\/portal\/wp-content\/uploads\/2025\/05\/PABLO-FELIX-lanza-Temporal.jpg","width":1500,"height":1000,"caption":"PABLO FELIX lanza \u201cTemporal\u201d, nuevo single junto a Spuntone & Mendaro"},{"@type":"BreadcrumbList","@id":"https:\/\/cooltivarte.com\/portal\/pablo-felix-lanza-temporal-nuevo-single-junto-a-spuntone-mendaro\/#breadcrumb","itemListElement":[{"@type":"ListItem","position":1,"name":"Portada","item":"https:\/\/cooltivarte.com\/portal\/"},{"@type":"ListItem","position":2,"name":"PABLO FELIX lanza \u201cTemporal\u201d, nuevo single junto a Spuntone &#038; Mendaro"}]},{"@type":"WebSite","@id":"https:\/\/cooltivarte.com\/portal\/#website","url":"https:\/\/cooltivarte.com\/portal\/","name":"Cooltivarte Portal","description":"Arte, cultura y turismo para el mundo ...","publisher":{"@id":"https:\/\/cooltivarte.com\/portal\/#organization"},"potentialAction":[{"@type":"SearchAction","target":{"@type":"EntryPoint","urlTemplate":"https:\/\/cooltivarte.com\/portal\/?s={search_term_string}"},"query-input":{"@type":"PropertyValueSpecification","valueRequired":true,"valueName":"search_term_string"}}],"inLanguage":"es-AR"},{"@type":"Organization","@id":"https:\/\/cooltivarte.com\/portal\/#organization","name":"cooltivarte","url":"https:\/\/cooltivarte.com\/portal\/","logo":{"@type":"ImageObject","inLanguage":"es-AR","@id":"https:\/\/cooltivarte.com\/portal\/#\/schema\/logo\/image\/","url":"https:\/\/cooltivarte.com\/portal\/wp-content\/uploads\/2020\/04\/logo-cooltivarte-v2.png","contentUrl":"https:\/\/cooltivarte.com\/portal\/wp-content\/uploads\/2020\/04\/logo-cooltivarte-v2.png","width":851,"height":243,"caption":"cooltivarte"},"image":{"@id":"https:\/\/cooltivarte.com\/portal\/#\/schema\/logo\/image\/"},"sameAs":["https:\/\/www.facebook.com\/cooltivartecom\/","https:\/\/x.com\/obolocultural","https:\/\/www.instagram.com\/_cooltivarte_\/","https:\/\/www.linkedin.com\/company\/-bolocultural?reportsuccess=8zaNG1HwhPbAR9iQhZ5rfGeqz_vQFftHun0ZWU0Wy9vNemRJ8vtcKdJvzQfW8XagyOJSKg0XvfJ1dp","https:\/\/www.pinterest.com\/cooltivarte\/","https:\/\/cooltivarte.tumblr.com\/","https:\/\/www.tiktok.com\/@cooltivarte","https:\/\/www.youtube.com\/@PrensaCooltivarte"]},{"@type":"Person","@id":"https:\/\/cooltivarte.com\/portal\/#\/schema\/person\/ec2a4f4e71b740d0c559c0ab9a157e19","name":"Cooltivarte","image":{"@type":"ImageObject","inLanguage":"es-AR","@id":"https:\/\/cooltivarte.com\/portal\/wp-content\/uploads\/2014\/05\/logo-cooltivarte-120x120.jpg","url":"https:\/\/cooltivarte.com\/portal\/wp-content\/uploads\/2014\/05\/logo-cooltivarte-120x120.jpg","contentUrl":"https:\/\/cooltivarte.com\/portal\/wp-content\/uploads\/2014\/05\/logo-cooltivarte-120x120.jpg","caption":"Cooltivarte"},"description":"Somos COOLTIVARTE.COM. Un portal digital dedicado a difundir el acontecer art\u00edstico y cultural del Uruguay. Estamos en la vuelta desde el a\u00f1o 2003, y como evoluci\u00f3n del bolet\u00edn Obolo Cultural, nos encontramos abocados a apoyar a los artistas nacionales brind\u00e1ndoles un espacio de difusi\u00f3n. Creemos en la idea de utilizar la potencialidad que hoy d\u00eda nos otorga la web, para que la cultura uruguaya y sus creadores dispongan de una din\u00e1mica ventana, que los ponga en contacto entre s\u00ed y con el mundo. Somos COOLTIVARTE.COM y pretendemos configurarnos como un portal din\u00e1mico, entretenido y atento a los nuevos emprendimientos, que busque siempre la interacci\u00f3n con los artistas.","sameAs":["http:\/\/www.cooltivarte.com","https:\/\/www.facebook.com\/cooltivartecom","https:\/\/www.instagram.com\/_cooltivarte_\/","https:\/\/www.linkedin.com\/company\/-bolocultural","https:\/\/www.pinterest.com\/cooltivarte\/","https:\/\/x.com\/https:\/\/x.com\/obolocultural","https:\/\/www.youtube.com\/@PrensaCooltivarte","https:\/\/www.tumblr.com\/blog\/cooltivarte"],"url":"https:\/\/cooltivarte.com\/portal\/author\/cooltivarte\/"}]}},"_links":{"self":[{"href":"https:\/\/cooltivarte.com\/portal\/wp-json\/wp\/v2\/posts\/113175","targetHints":{"allow":["GET"]}}],"collection":[{"href":"https:\/\/cooltivarte.com\/portal\/wp-json\/wp\/v2\/posts"}],"about":[{"href":"https:\/\/cooltivarte.com\/portal\/wp-json\/wp\/v2\/types\/post"}],"author":[{"embeddable":true,"href":"https:\/\/cooltivarte.com\/portal\/wp-json\/wp\/v2\/users\/8"}],"replies":[{"embeddable":true,"href":"https:\/\/cooltivarte.com\/portal\/wp-json\/wp\/v2\/comments?post=113175"}],"version-history":[{"count":1,"href":"https:\/\/cooltivarte.com\/portal\/wp-json\/wp\/v2\/posts\/113175\/revisions"}],"predecessor-version":[{"id":113178,"href":"https:\/\/cooltivarte.com\/portal\/wp-json\/wp\/v2\/posts\/113175\/revisions\/113178"}],"wp:featuredmedia":[{"embeddable":true,"href":"https:\/\/cooltivarte.com\/portal\/wp-json\/wp\/v2\/media\/113176"}],"wp:attachment":[{"href":"https:\/\/cooltivarte.com\/portal\/wp-json\/wp\/v2\/media?parent=113175"}],"wp:term":[{"taxonomy":"category","embeddable":true,"href":"https:\/\/cooltivarte.com\/portal\/wp-json\/wp\/v2\/categories?post=113175"},{"taxonomy":"post_tag","embeddable":true,"href":"https:\/\/cooltivarte.com\/portal\/wp-json\/wp\/v2\/tags?post=113175"}],"curies":[{"name":"wp","href":"https:\/\/api.w.org\/{rel}","templated":true}]}}