{"id":112453,"date":"2025-04-13T19:11:09","date_gmt":"2025-04-13T22:11:09","guid":{"rendered":"https:\/\/cooltivarte.com\/portal\/?p=112453"},"modified":"2025-04-14T19:52:45","modified_gmt":"2025-04-14T22:52:45","slug":"petit-orquesta-y-mushi-mushi-orquesta-en-sociedad-urbana-villa-dolores","status":"publish","type":"post","link":"https:\/\/cooltivarte.com\/portal\/petit-orquesta-y-mushi-mushi-orquesta-en-sociedad-urbana-villa-dolores\/","title":{"rendered":"Petit Orquesta y Mushi Mushi Orquesta en Sociedad Urbana Villa Dolores"},"content":{"rendered":"<figure id=\"attachment_112454\" aria-describedby=\"caption-attachment-112454\" style=\"width: 1024px\" class=\"wp-caption aligncenter\"><img fetchpriority=\"high\" decoding=\"async\" class=\"wp-image-112454 size-large\" title=\"Petit Orquesta y Mushi Mushi Orquesta en Sociedad Urbana Villa Dolores - Marzo 2025 - Foto Marcelo Rodriguez\" src=\"https:\/\/cooltivarte.com\/portal\/wp-content\/uploads\/2025\/04\/Petit-Orquesta-y-Mushi-Mushi-Orquesta-en-Sociedad-Urbana-Villa-Dolores-Marzo-2025-Foto-Marcelo-Rodriguez-1024x768.jpeg\" alt=\"Petit Orquesta y Mushi Mushi Orquesta en Sociedad Urbana Villa Dolores - Marzo 2025 - Foto Marcelo Rodriguez\" width=\"1024\" height=\"768\" srcset=\"https:\/\/cooltivarte.com\/portal\/wp-content\/uploads\/2025\/04\/Petit-Orquesta-y-Mushi-Mushi-Orquesta-en-Sociedad-Urbana-Villa-Dolores-Marzo-2025-Foto-Marcelo-Rodriguez-1024x768.jpeg 1024w, https:\/\/cooltivarte.com\/portal\/wp-content\/uploads\/2025\/04\/Petit-Orquesta-y-Mushi-Mushi-Orquesta-en-Sociedad-Urbana-Villa-Dolores-Marzo-2025-Foto-Marcelo-Rodriguez-300x225.jpeg 300w, https:\/\/cooltivarte.com\/portal\/wp-content\/uploads\/2025\/04\/Petit-Orquesta-y-Mushi-Mushi-Orquesta-en-Sociedad-Urbana-Villa-Dolores-Marzo-2025-Foto-Marcelo-Rodriguez-768x576.jpeg 768w, https:\/\/cooltivarte.com\/portal\/wp-content\/uploads\/2025\/04\/Petit-Orquesta-y-Mushi-Mushi-Orquesta-en-Sociedad-Urbana-Villa-Dolores-Marzo-2025-Foto-Marcelo-Rodriguez-1536x1152.jpeg 1536w, https:\/\/cooltivarte.com\/portal\/wp-content\/uploads\/2025\/04\/Petit-Orquesta-y-Mushi-Mushi-Orquesta-en-Sociedad-Urbana-Villa-Dolores-Marzo-2025-Foto-Marcelo-Rodriguez.jpeg 1600w\" sizes=\"(max-width: 1024px) 100vw, 1024px\" \/><figcaption id=\"caption-attachment-112454\" class=\"wp-caption-text\">Petit Orquesta y Mushi Mushi Orquesta en Sociedad Urbana Villa Dolores &#8211; Junio 2024 &#8211; Foto Marcelo Rodriguez<\/figcaption><\/figure>\n<p>&nbsp;<\/p>\n<p>&nbsp;<\/p>\n<p>Si un d\u00eda andamos con ganas de celebrar la m\u00fasica, recordar lo que pas\u00f3 el viernes en la <strong>Sociedad Urbana Villa Dolores<\/strong> ser\u00eda un buen comienzo. El men\u00fa incluy\u00f3 dos platos potentes, delicados, exuberantes, cargados de tierna fiereza y sensibilidades a flor de piel.<\/p>\n<p>La apertura estuvo a cargo de <a href=\"https:\/\/cooltivarte.com\/portal\/?s=Petit+Orquesta\" target=\"_blank\" rel=\"noopener\"><strong>Petit Orquesta<\/strong><\/a>, el proyecto guitarr\u00edstico que re\u00fane a <a href=\"https:\/\/cooltivarte.com\/portal\/?s=Marcelo+Fern%C3%A1ndez\" target=\"_blank\" rel=\"noopener\"><strong>Marcelo Fern\u00e1ndez<\/strong><\/a> (<a href=\"https:\/\/cooltivarte.com\/portal\/?s=Buenos+Muchachos\" target=\"_blank\" rel=\"noopener\">Buenos Muchachos<\/a>), a la multifac\u00e9tica <a href=\"https:\/\/cooltivarte.com\/portal\/?s=Alfonsina\" target=\"_blank\" rel=\"noopener\"><strong>Alfonsina<\/strong><\/a> que debut\u00f3 en 2014 con el fant\u00e1stico disco <em>El bien traer\u00e1 el bien y el mal traer\u00e1 canciones<\/em> y a <a href=\"https:\/\/cooltivarte.com\/portal\/?s=Dami%C3%A1n+Gadea\" target=\"_blank\" rel=\"noopener\"><strong>Dami\u00e1n Gadea<\/strong><\/a> que se estrena musicalmente con este proyecto.<\/p>\n<p>El tr\u00edo se presenta en sus redes como una banda de tres guitarras y tres voces que los re\u00fane para hacer versiones hipn\u00f3ticas de m\u00fasicas ajenas y propias. Afirman que tocan blues psicod\u00e9lico, baladas fantasmales y otras intensidades, pero ellos lo definen como <em>delincuencia musical<\/em> y <em>humildes alquimias<\/em>.<\/p>\n<p>Actualmente tienen editado \u00abCero doce\u00bb un EP disponible en Spotify con cuatro canciones que fueron parte del recital, se trata de \u00abEstallar\u00bb, \u00abAmalia\u00bb, \u00abBanquete Azul\u00bb y \u00abLuna Negra\u00bb.<\/p>\n<p>En el escenario tres m\u00fasicos con sus guitarras, ella al medio con su altura reforzada por sus zapatos de plataforma, sus largas piernas, su cerquillo, sus lentes negros y su remera de <a href=\"https:\/\/cooltivarte.com\/portal\/?s=Pink+Floyd\" target=\"_blank\" rel=\"noopener\"><strong>Pink Floyd<\/strong><\/a> empu\u00f1ando una guitarra el\u00e9ctrica, a la derecha, Marcelo, con su melena y su bigote que podr\u00eda estar en cualquier car\u00e1tula de muchos de los LP de la d\u00e9cada del setenta que nos marcaron. Tambi\u00e9n con una guitarra el\u00e9ctrica y a la izquierda, Dami\u00e1n, gorra dada vuelta, bermuda y remera y el aspecto de haber dejado su patineta afuera. \u00c9l pulsa las cuerdas de la guitarra electroac\u00fastica. Aunque esto es un detalle nada m\u00e1s, porque a lo largo del recital &nbsp;intercambiaron sus instrumentos varias veces, tambi\u00e9n en el canto las voces fueron rotando el protagonismo. Apenas una canci\u00f3n, \u00abBaby did a bad bad thing\u00bb de <strong>Chris Isaak<\/strong>, le llev\u00f3 al tr\u00edo conquistar al p\u00fablico, el recital prosigui\u00f3 con \u00abYou wont let me down again\u00bb de <strong>Isobel Campbell<\/strong>\u00bb, siguieron con \u00abLuna negra\u00bb. Luego vino el saludo y la presentaci\u00f3n de la banda y siguieron con \u00abSi barre\u00bb el tema de <strong>Buenos Muchachos<\/strong> incluido en el disco <em>Nidal<\/em> de 2015. El segmento en espa\u00f1ol continu\u00f3 con \u00abEstallar\u00bb y \u00abBanquete azul\u00bb.<\/p>\n<p>En el plan de seguir con canciones amigas, lleg\u00f3 el turno de \u00abEscolopendra\u00bb proveniente de <em>Monstruo<\/em> el disco de <a href=\"https:\/\/cooltivarte.com\/portal\/?s=Mandrake+Wolf\" target=\"_blank\" rel=\"noopener\"><strong>Mandrake Wolf<\/strong><\/a> de 2012. La siguiente fue \u00abEn subida\u00bb de Filo, otro de los proyectos que incluye a Marcelo y a Alfonsina.<\/p>\n<p>La recta final del recital la encararon con \u00abTorpe boca\u00bb otra canci\u00f3n de Filo compuesta por <strong>Alfonsina<\/strong> y \u00abAmalia\u00bb, otra de las canciones compuestas por el tr\u00edo.<\/p>\n<p>El cierre fue con \u00abLove Interruption\u00bb de <strong>Jack White<\/strong> y toda la potencia de \u00abThis is love\u00bb de PJ Harvey en la voz de <strong>Alfonsina<\/strong>.<\/p>\n<p>Un show de cincuenta minutos que recorri\u00f3 las canciones originales y visit\u00f3 algunas joyas nacionales e internacionales alcanz\u00f3 para saber que la propuesta de <strong>Petit Orquesta<\/strong> es de las m\u00e1s seductoras que ofrece la noche montevideana.<\/p>\n<p>El segundo plato de la noche estuvo a cargo de <a href=\"https:\/\/cooltivarte.com\/portal\/?s=Mushi+Mushi+Orquesta\" target=\"_blank\" rel=\"noopener\"><strong>Mushi Mushi Orquesta<\/strong><\/a> que es una de esas bandas en que la experiencia solo se completa cuando uno logra verla en vivo. La capacidad y versatilidad de los m\u00fasicos que la integran se descubre con la escucha, pero definitivamente, se completa vi\u00e9ndolos.<\/p>\n<p>La orquesta afirma en sus redes lo que present\u00f3 esa noche: \u00abcomposiciones a partir de melod\u00edas y frases de brutal y concreto contenido, mediante una diversidad de instrumentos de viento, percusi\u00f3n y cuerdas, atravesando diferentes estilos musicales que van desde el rock and roll y el jazz, hasta las ra\u00edces folcl\u00f3ricas nacionales y de diferentes partes del mundo, dando lugar a un sonido personal y \u00fanico\u00bb.<\/p>\n<p>Previo al ingreso a la sala de la <strong>Sociedad Urbana Villa Dolores<\/strong> se instal\u00f3 una mesa donde se pod\u00edan adquirir sus discos, esa \u00abantig\u00fcedad\u00bb llamada CD que revolucion\u00f3 la escucha ayer nom\u00e1s, aunque parece que pas\u00f3 un siglo, tanto que <a href=\"https:\/\/cooltivarte.com\/portal\/?s=Fito+L%C3%B3pez\" target=\"_blank\" rel=\"noopener\"><strong>Fito L\u00f3pez<\/strong><\/a> le pregunt\u00f3 a uno de los compradores \u00bften\u00e9s d\u00f3nde escucharlos?<\/p>\n<p>Adem\u00e1s de Fito en la arm\u00f3nica, la banda est\u00e1 compuesta por <a href=\"https:\/\/cooltivarte.com\/portal\/?s=Ignacio+P%C3%A9rez+Traverso\" target=\"_blank\" rel=\"noopener\"><strong>Ignacio P\u00e9rez Traverso<\/strong><\/a> en acorde\u00f3n, <a href=\"https:\/\/cooltivarte.com\/portal\/?s=Alejandro+Schmidt\" target=\"_blank\" rel=\"noopener\"><strong>Alejandro Schmidt<\/strong><\/a> en guitarra y metalo\u0301fono, <a href=\"https:\/\/cooltivarte.com\/portal\/?s=Pablo+Sosa\" target=\"_blank\" rel=\"noopener\"><strong>Pablo Sosa<\/strong><\/a> en bater\u00eda, <a href=\"https:\/\/cooltivarte.com\/portal\/?s=Diego+Gonz%C3%A1lez\" target=\"_blank\" rel=\"noopener\"><strong>Diego Gonz\u00e1lez<\/strong><\/a> en violoncello y saxof\u00f3n y <a href=\"https:\/\/cooltivarte.com\/portal\/?s=Gonzalo+Peluffo\" target=\"_blank\" rel=\"noopener\"><strong>Gonzalo Peluffo<\/strong><\/a> en guitarra y ronroco.<\/p>\n<p>Tras un largo tiempo sin presentarse en Montevideo este fue el lanzamiento de una serie de presentaciones que los llevar\u00e1 por varios lugares del pa\u00eds y los encuentra preparando su siguiente disco.<\/p>\n<p>La primera canci\u00f3n fue \u00abEsther\u00bb que cierra el \u00e1lbum <strong><em>Mushi Mushi Orquesta<\/em><\/strong> de 2010, la primera ovaci\u00f3n lleg\u00f3 desde el p\u00fablico y alguien le hizo saber a Pilu que lo ama. Siguieron con \u00abMinimal\u00bb una canci\u00f3n chiquita, con aires entre m\u00e1ntricos y m\u00fasica de western de <strong>Ennio Morricone<\/strong>, la pueden encontrar en <em>Quebrajar<\/em> el disco de 2016. El clima se sostiene con \u00abNeutr\u00f3n\u00bb la canci\u00f3n que abre <em>A distancia<\/em>, el cuarto disco de la banda que adem\u00e1s cuenta con un video clip, disponible en You Tube donde la bailarina <strong>Lucie Piot<\/strong> danza en un muelle, rodeada de agua, este tema con aromas orientales de all\u00e1 y de ac\u00e1. Continuaron con \u00abMinuendo\u00bb tambi\u00e9n de <em>Quebrajar <\/em>para mantener la dulce calma que puebla la sala.<\/p>\n<p>La banda zurce, borda, construye paisajes, sensaciones sonoras que lo inundan todo, la lista de canciones sigue con \u00abChinesko\u00bb y la delicadeza del sonido del metal\u00f3fono y el silbido que se perpet\u00faa como un p\u00e1jaro que canta a lo lejos se convierten en un hermoso paisaje sonoro.<\/p>\n<p>El recital contin\u00faa con \u00abMonita\u00bb, \u00abRovaniemi\u00bb y \u00abFotograma\u00bb las guitarras con aires a <strong>Mike Oldfield<\/strong> en <em>Campanas tubulares <\/em>se mezclan con sonidos que nos acercan a <a href=\"https:\/\/cooltivarte.com\/portal\/?s=Charly+Garc%C3%ADa\" target=\"_blank\" rel=\"noopener\"><strong>Charly Garc\u00eda<\/strong><\/a> en los ochenta a trav\u00e9s de \u00abCristales\u00bb, un tema muy cortito que habilita que por primera vez en media hora de recital que se dirijan al p\u00fablico, hasta ese momento la propuesta fue solo m\u00fasica y m\u00e1s m\u00fasica.<\/p>\n<p>Contin\u00faan con los aires de vals de \u00abPendular\u00bb, y llega el momento de los agradecimientos y de presentar \u00abCuritas\u00bb, una canci\u00f3n nueva que a\u00fan no ha sido grabada. Casi todas est\u00e1n nombradas con una sola palabra, una de las excepciones es la que sigue: \u00abMalas noticias\u00bb otra del primer disco que tiene su video grabado en un galp\u00f3n en San Jos\u00e9, una tarde de calor. El acorde\u00f3n de Ignacio dialoga con la arm\u00f3nica de Fito.<\/p>\n<p>La recta final es con \u00abChe cabeza\u00bb, \u00abSabe\u00bb y la energ\u00eda crece con \u00abPan y circo\u00bb. Se viene el cierre con las \u00faltimas dos canciones, \u00abP\u00edcaro y Lucifer\u00bb basada en el corto animado &#8220;Soviet Toys&#8221; de 1924 y \u00abCamino sobre el fuego\u00bb, tambi\u00e9n del disco <strong><em>Mushi Mushi Orquesta<\/em><\/strong>. Diecisiete canciones, poco m\u00e1s de una hora de m\u00fasica fueron m\u00e1s que suficientes para darme cuenta de que un recital de esta banda entra dentro del rubro de los imperdibles.<\/p>\n<p>&nbsp;<\/p>\n<p>&nbsp;<\/p>\n<p><iframe title=\"Spotify Embed: Petit Orquesta\" style=\"border-radius: 12px\" width=\"100%\" height=\"352\" frameborder=\"0\" allowfullscreen allow=\"autoplay; clipboard-write; encrypted-media; fullscreen; picture-in-picture\" loading=\"lazy\" src=\"https:\/\/open.spotify.com\/embed\/artist\/2Pit2OE8UpDLBJwW0OWGRk?si=ISYoQbwvR5O_rqHf94X4Ug&#038;utm_source=oembed\"><\/iframe><\/p>\n<p>&nbsp;<\/p>\n<p>&nbsp;<\/p>\n<p><iframe title=\"Spotify Embed: Mushi Mushi Orquesta\" style=\"border-radius: 12px\" width=\"100%\" height=\"352\" frameborder=\"0\" allowfullscreen allow=\"autoplay; clipboard-write; encrypted-media; fullscreen; picture-in-picture\" loading=\"lazy\" src=\"https:\/\/open.spotify.com\/embed\/artist\/0gckKPsdnFrqrxGxClW7u1?si=jnbTG_aWQTeSv-GPjMY3oA&#038;utm_source=oembed\"><\/iframe><\/p>\n<p>&nbsp;<\/p>\n<p>&nbsp;<\/p>\n<blockquote class=\"instagram-media\" style=\"background: #FFF; border: 0; border-radius: 3px; box-shadow: 0 0 1px 0 rgba(0,0,0,0.5),0 1px 10px 0 rgba(0,0,0,0.15); margin: 1px; max-width: 540px; min-width: 326px; padding: 0; width: calc(100% - 2px);\" data-instgrm-captioned=\"\" data-instgrm-permalink=\"https:\/\/www.instagram.com\/p\/DIZ0wGiO2Z1\/?utm_source=ig_embed&amp;utm_campaign=loading\" data-instgrm-version=\"14\">\n<div style=\"padding: 16px;\">\n<p>&nbsp;<\/p>\n<div style=\"display: flex; flex-direction: row; align-items: center;\">\n<div style=\"background-color: #f4f4f4; border-radius: 50%; flex-grow: 0; height: 40px; margin-right: 14px; width: 40px;\">&nbsp;<\/div>\n<div style=\"display: flex; flex-direction: column; flex-grow: 1; justify-content: center;\">\n<div style=\"background-color: #f4f4f4; border-radius: 4px; flex-grow: 0; height: 14px; margin-bottom: 6px; width: 100px;\">&nbsp;<\/div>\n<div style=\"background-color: #f4f4f4; border-radius: 4px; flex-grow: 0; height: 14px; width: 60px;\">&nbsp;<\/div>\n<\/div>\n<\/div>\n<div style=\"padding: 19% 0;\">&nbsp;<\/div>\n<div style=\"display: block; height: 50px; margin: 0 auto 12px; width: 50px;\">&nbsp;<\/div>\n<div style=\"padding-top: 8px;\">\n<div style=\"color: #3897f0; font-family: Arial,sans-serif; font-size: 14px; font-style: normal; font-weight: 550; line-height: 18px;\">Ver esta publicaci\u00f3n en Instagram<\/div>\n<\/div>\n<div style=\"padding: 12.5% 0;\">&nbsp;<\/div>\n<div style=\"display: flex; flex-direction: row; margin-bottom: 14px; align-items: center;\">\n<div>\n<div style=\"background-color: #f4f4f4; border-radius: 50%; height: 12.5px; width: 12.5px; transform: translateX(0px) translateY(7px);\">&nbsp;<\/div>\n<div style=\"background-color: #f4f4f4; height: 12.5px; transform: rotate(-45deg) translateX(3px) translateY(1px); width: 12.5px; flex-grow: 0; margin-right: 14px; margin-left: 2px;\">&nbsp;<\/div>\n<div style=\"background-color: #f4f4f4; border-radius: 50%; height: 12.5px; width: 12.5px; transform: translateX(9px) translateY(-18px);\">&nbsp;<\/div>\n<\/div>\n<div style=\"margin-left: 8px;\">\n<div style=\"background-color: #f4f4f4; border-radius: 50%; flex-grow: 0; height: 20px; width: 20px;\">&nbsp;<\/div>\n<div style=\"width: 0; height: 0; border-top: 2px solid transparent; border-left: 6px solid #f4f4f4; border-bottom: 2px solid transparent; transform: translateX(16px) translateY(-4px) rotate(30deg);\">&nbsp;<\/div>\n<\/div>\n<div style=\"margin-left: auto;\">\n<div style=\"width: 0px; border-top: 8px solid #F4F4F4; border-right: 8px solid transparent; transform: translateY(16px);\">&nbsp;<\/div>\n<div style=\"background-color: #f4f4f4; flex-grow: 0; height: 12px; width: 16px; transform: translateY(-4px);\">&nbsp;<\/div>\n<div style=\"width: 0; height: 0; border-top: 8px solid #F4F4F4; border-left: 8px solid transparent; transform: translateY(-4px) translateX(8px);\">&nbsp;<\/div>\n<\/div>\n<\/div>\n<div style=\"display: flex; flex-direction: column; flex-grow: 1; justify-content: center; margin-bottom: 24px;\">\n<div style=\"background-color: #f4f4f4; border-radius: 4px; flex-grow: 0; height: 14px; margin-bottom: 6px; width: 224px;\">&nbsp;<\/div>\n<div style=\"background-color: #f4f4f4; border-radius: 4px; flex-grow: 0; height: 14px; width: 144px;\">&nbsp;<\/div>\n<\/div>\n<p>&nbsp;<\/p>\n<p style=\"color: #c9c8cd; font-family: Arial,sans-serif; font-size: 14px; line-height: 17px; margin-bottom: 0; margin-top: 8px; overflow: hidden; padding: 8px 0 7px; text-align: center; text-overflow: ellipsis; white-space: nowrap;\"><a style=\"color: #c9c8cd; font-family: Arial,sans-serif; font-size: 14px; font-style: normal; font-weight: normal; line-height: 17px; text-decoration: none;\" href=\"https:\/\/www.instagram.com\/p\/DIZ0wGiO2Z1\/?utm_source=ig_embed&amp;utm_campaign=loading\" target=\"_blank\" rel=\"noopener\">Una publicaci\u00f3n compartida por cooltivarte.com (@_cooltivarte_)<\/a><\/p>\n<\/div>\n<\/blockquote>\n<p><script async=\"\" src=\"\/\/www.instagram.com\/embed.js\"><\/script><br \/>\n&nbsp;<\/p>\n<p>&nbsp;<\/p>\n<p>&nbsp;<\/p>\n","protected":false},"excerpt":{"rendered":"<p>Si un d\u00eda andamos con ganas de celebrar la m\u00fasica, recordar lo que pas\u00f3 el viernes en la Sociedad Urbana Villa Dolores ser\u00eda un buen comienzo. El men\u00fa incluy\u00f3 dos platos potentes, delicados, exuberantes, cargados de tierna fiereza y sensibilidades a flor de piel.<\/p>\n<p>La apertura estuvo a cargo de Petit Orquesta, el proyecto guitarr\u00edstico que re\u00fane a Marcelo Fern\u00e1ndez (Buenos Muchachos), a la multifac\u00e9tica Alfonsina que debut\u00f3 en 2014 con el fant\u00e1stico disco El bien traer\u00e1 el bien y el mal traer\u00e1 canciones y a Dami\u00e1n Gadea que se estrena musicalmente con este proyecto.<\/p>\n<p>El tr\u00edo se presenta en sus redes como una banda de tres guitarras y tres voces que los re\u00fane para hacer versiones hipn\u00f3ticas de m\u00fasicas ajenas y propias. Afirman que tocan blues psicod\u00e9lico, baladas fantasmales y otras intensidades, pero ellos lo definen como delincuencia musical y humildes alquimias.<\/p>\n<p>Actualmente tienen editado un EP disponible en Spotify con cuatro canciones que fueron parte del recital, se trata de \u00abEstallar\u00bb, \u00abAmalia\u00bb, \u00abBanquete Azul\u00bb y \u00abLuna Negra\u00bb a ellas se suma el reciente lanzamiento de \u00abCero doce\u00bb que no estuvo incluida en la lista de canciones de la noche. \u00a0<\/p>\n<p>En el escenario tres m\u00fasicos con sus guitarras, ella al medio con su altura reforzada por sus zapatos de plataforma, sus largas piernas, su cerquillo, sus lentes negros y su remera de Pink Floyd empu\u00f1ando una guitarra el\u00e9ctrica, a la derecha, Marcelo, con su melena y su bigote que podr\u00eda estar en cualquier car\u00e1tula de muchos de los LP de la d\u00e9cada del setenta que nos marcaron. Tambi\u00e9n con una guitarra el\u00e9ctrica y a la izquierda, Dami\u00e1n, gorra dada vuelta, bermuda y remera y el aspecto de haber dejado su patineta afuera. \u00c9l pulsa las cuerdas de la guitarra electroac\u00fastica. Aunque esto es un detalle nada m\u00e1s, porque a lo largo del recital \u00a0intercambiaron sus instrumentos varias veces, tambi\u00e9n en el canto las voces fueron rotando el protagonismo. Apenas una canci\u00f3n, \u00abBaby did a bad bad thing\u00bb de Chris Isaak, le llev\u00f3 al tr\u00edo conquistar al p\u00fablico, el recital prosigui\u00f3 con \u00abYou wont let me down again\u00bb de Isobel Campbell\u00bb, siguieron con \u00abLuna negra\u00bb. Luego vino el saludo y la presentaci\u00f3n de la banda y siguieron con \u00abSi barre\u00bb el tema de Buenos Muchachos incluido en el disco Nidal de 2015. El segmento en espa\u00f1ol continu\u00f3 con \u00abEstallar\u00bb y \u00abBanquete azul\u00bb.<\/p>\n","protected":false},"author":197,"featured_media":112454,"comment_status":"closed","ping_status":"closed","sticky":false,"template":"","format":"standard","meta":{"om_disable_all_campaigns":false,"ngg_post_thumbnail":0,"jnews-multi-image_gallery":[],"jnews_single_post":{"subtitle":"","format":"standard","override":[{"template":"4","parallax":"1","layout":"right-sidebar","sidebar":"default-sidebar","second_sidebar":"default-sidebar","sticky_sidebar":"1","share_position":"bottom","share_float_style":"share-monocrhome","show_share_counter":"1","show_view_counter":"1","show_featured":"1","show_post_meta":"1","show_post_author":"1","show_post_author_image":"1","show_post_date":"1","post_date_format":"default","post_date_format_custom":"Y\/m\/d","show_post_category":"1","post_reading_time_wpm":"300","post_calculate_word_method":"str_word_count","zoom_button_out_step":"2","zoom_button_in_step":"3","show_post_tag":"1","show_prev_next_post":"1","show_popup_post":"1","number_popup_post":"1","show_author_box":"1","show_post_related":"0","show_inline_post_related":"0"}],"image_override":[{"single_post_thumbnail_size":"no-crop","single_post_gallery_size":"crop-500"}],"trending_post_position":"meta","trending_post_label":"Trending","sponsored_post_label":"Sponsored by","disable_ad":"0"},"jnews_primary_category":[],"jnews_social_meta":[],"jnews_override_counter":{"view_counter_number":"0","share_counter_number":"0","like_counter_number":"0","dislike_counter_number":"0"},"footnotes":""},"categories":[50],"tags":[957,22392],"class_list":["post-112453","post","type-post","status-publish","format-standard","has-post-thumbnail","hentry","category-coberturas","tag-mushi-mushi-orquesta","tag-petit-orquesta"],"yoast_head":"<!-- This site is optimized with the Yoast SEO plugin v27.5 - https:\/\/yoast.com\/product\/yoast-seo-wordpress\/ -->\n<title>Petit Orquesta y Mushi Mushi Orquesta en Sociedad Urbana Villa Dolores - Cooltivarte Portal<\/title>\n<meta name=\"description\" content=\"Si un d\u00eda andamos con ganas de celebrar la m\u00fasica, recordar lo que pas\u00f3 el viernes en la Sociedad Urbana Villa Dolores ser\u00eda un buen comienzo. El men\u00fa incluy\u00f3 dos platos potentes, delicados, exuberantes, cargados de tierna fiereza y sensibilidades a flor de piel.\" \/>\n<meta name=\"robots\" content=\"index, follow, max-snippet:-1, max-image-preview:large, max-video-preview:-1\" \/>\n<link rel=\"canonical\" href=\"https:\/\/cooltivarte.com\/portal\/petit-orquesta-y-mushi-mushi-orquesta-en-sociedad-urbana-villa-dolores\/\" \/>\n<meta property=\"og:locale\" content=\"es_ES\" \/>\n<meta property=\"og:type\" content=\"article\" \/>\n<meta property=\"og:title\" content=\"Petit Orquesta y Mushi Mushi Orquesta en Sociedad Urbana Villa Dolores by Marcelo Rodr\u00edguez Arcidiaco\" \/>\n<meta property=\"og:description\" content=\"Si un d\u00eda andamos con ganas de celebrar la m\u00fasica, recordar lo que pas\u00f3 el viernes en la Sociedad Urbana Villa Dolores ser\u00eda un buen comienzo. El men\u00fa incluy\u00f3 dos platos potentes, delicados, exuberantes, cargados de tierna fiereza y sensibilidades a flor de piel.\" \/>\n<meta property=\"og:url\" content=\"https:\/\/cooltivarte.com\/portal\/petit-orquesta-y-mushi-mushi-orquesta-en-sociedad-urbana-villa-dolores\/\" \/>\n<meta property=\"og:site_name\" content=\"Cooltivarte Portal\" \/>\n<meta property=\"article:publisher\" content=\"https:\/\/www.facebook.com\/cooltivartecom\/\" \/>\n<meta property=\"article:author\" content=\"https:\/\/www.facebook.com\/cooltivartecom\/\" \/>\n<meta property=\"article:published_time\" content=\"2025-04-13T22:11:09+00:00\" \/>\n<meta property=\"article:modified_time\" content=\"2025-04-14T22:52:45+00:00\" \/>\n<meta property=\"og:image\" content=\"https:\/\/cooltivarte.com\/portal\/wp-content\/uploads\/2025\/04\/Petit-Orquesta-y-Mushi-Mushi-Orquesta-en-Sociedad-Urbana-Villa-Dolores-Marzo-2025-Foto-Marcelo-Rodriguez.jpeg\" \/>\n\t<meta property=\"og:image:width\" content=\"1600\" \/>\n\t<meta property=\"og:image:height\" content=\"1200\" \/>\n\t<meta property=\"og:image:type\" content=\"image\/jpeg\" \/>\n<meta name=\"author\" content=\"Marcelo Rodr\u00edguez Arcidiaco\" \/>\n<meta name=\"twitter:card\" content=\"summary_large_image\" \/>\n<meta name=\"twitter:title\" content=\"Petit Orquesta y Mushi Mushi Orquesta en Sociedad Urbana Villa Dolores by Marcelo Rodr\u00edguez Arcidiaco\" \/>\n<meta name=\"twitter:description\" content=\"Si un d\u00eda andamos con ganas de celebrar la m\u00fasica, recordar lo que pas\u00f3 el viernes en la Sociedad Urbana Villa Dolores ser\u00eda un buen comienzo. El men\u00fa incluy\u00f3 dos platos potentes, delicados, exuberantes, cargados de tierna fiereza y sensibilidades a flor de piel.\" \/>\n<meta name=\"twitter:image\" content=\"https:\/\/cooltivarte.com\/portal\/wp-content\/uploads\/2025\/04\/Petit-Orquesta-y-Mushi-Mushi-Orquesta-en-Sociedad-Urbana-Villa-Dolores-Marzo-2025-Foto-Marcelo-Rodriguez.jpeg\" \/>\n<meta name=\"twitter:creator\" content=\"@https:\/\/x.com\/obolocultural\" \/>\n<meta name=\"twitter:site\" content=\"@obolocultural\" \/>\n<meta name=\"twitter:label1\" content=\"Escrito por\" \/>\n\t<meta name=\"twitter:data1\" content=\"Marcelo Rodr\u00edguez Arcidiaco\" \/>\n\t<meta name=\"twitter:label2\" content=\"Tiempo de lectura\" \/>\n\t<meta name=\"twitter:data2\" content=\"6 minutos\" \/>\n<!-- \/ Yoast SEO plugin. -->","yoast_head_json":{"title":"Petit Orquesta y Mushi Mushi Orquesta en Sociedad Urbana Villa Dolores - Cooltivarte Portal","description":"Si un d\u00eda andamos con ganas de celebrar la m\u00fasica, recordar lo que pas\u00f3 el viernes en la Sociedad Urbana Villa Dolores ser\u00eda un buen comienzo. El men\u00fa incluy\u00f3 dos platos potentes, delicados, exuberantes, cargados de tierna fiereza y sensibilidades a flor de piel.","robots":{"index":"index","follow":"follow","max-snippet":"max-snippet:-1","max-image-preview":"max-image-preview:large","max-video-preview":"max-video-preview:-1"},"canonical":"https:\/\/cooltivarte.com\/portal\/petit-orquesta-y-mushi-mushi-orquesta-en-sociedad-urbana-villa-dolores\/","og_locale":"es_ES","og_type":"article","og_title":"Petit Orquesta y Mushi Mushi Orquesta en Sociedad Urbana Villa Dolores by Marcelo Rodr\u00edguez Arcidiaco","og_description":"Si un d\u00eda andamos con ganas de celebrar la m\u00fasica, recordar lo que pas\u00f3 el viernes en la Sociedad Urbana Villa Dolores ser\u00eda un buen comienzo. El men\u00fa incluy\u00f3 dos platos potentes, delicados, exuberantes, cargados de tierna fiereza y sensibilidades a flor de piel.","og_url":"https:\/\/cooltivarte.com\/portal\/petit-orquesta-y-mushi-mushi-orquesta-en-sociedad-urbana-villa-dolores\/","og_site_name":"Cooltivarte Portal","article_publisher":"https:\/\/www.facebook.com\/cooltivartecom\/","article_author":"https:\/\/www.facebook.com\/cooltivartecom\/","article_published_time":"2025-04-13T22:11:09+00:00","article_modified_time":"2025-04-14T22:52:45+00:00","og_image":[{"width":1600,"height":1200,"url":"https:\/\/cooltivarte.com\/portal\/wp-content\/uploads\/2025\/04\/Petit-Orquesta-y-Mushi-Mushi-Orquesta-en-Sociedad-Urbana-Villa-Dolores-Marzo-2025-Foto-Marcelo-Rodriguez.jpeg","type":"image\/jpeg"}],"author":"Marcelo Rodr\u00edguez Arcidiaco","twitter_card":"summary_large_image","twitter_title":"Petit Orquesta y Mushi Mushi Orquesta en Sociedad Urbana Villa Dolores by Marcelo Rodr\u00edguez Arcidiaco","twitter_description":"Si un d\u00eda andamos con ganas de celebrar la m\u00fasica, recordar lo que pas\u00f3 el viernes en la Sociedad Urbana Villa Dolores ser\u00eda un buen comienzo. El men\u00fa incluy\u00f3 dos platos potentes, delicados, exuberantes, cargados de tierna fiereza y sensibilidades a flor de piel.","twitter_image":"https:\/\/cooltivarte.com\/portal\/wp-content\/uploads\/2025\/04\/Petit-Orquesta-y-Mushi-Mushi-Orquesta-en-Sociedad-Urbana-Villa-Dolores-Marzo-2025-Foto-Marcelo-Rodriguez.jpeg","twitter_creator":"@https:\/\/x.com\/obolocultural","twitter_site":"@obolocultural","twitter_misc":{"Escrito por":"Marcelo Rodr\u00edguez Arcidiaco","Tiempo de lectura":"6 minutos"},"schema":{"@context":"https:\/\/schema.org","@graph":[{"@type":"NewsArticle","@id":"https:\/\/cooltivarte.com\/portal\/petit-orquesta-y-mushi-mushi-orquesta-en-sociedad-urbana-villa-dolores\/#article","isPartOf":{"@id":"https:\/\/cooltivarte.com\/portal\/petit-orquesta-y-mushi-mushi-orquesta-en-sociedad-urbana-villa-dolores\/"},"author":{"name":"Marcelo Rodr\u00edguez Arcidiaco","@id":"https:\/\/cooltivarte.com\/portal\/#\/schema\/person\/fa356cbbc975072000c537039536bc3b"},"headline":"Petit Orquesta y Mushi Mushi Orquesta en Sociedad Urbana Villa Dolores","datePublished":"2025-04-13T22:11:09+00:00","dateModified":"2025-04-14T22:52:45+00:00","mainEntityOfPage":{"@id":"https:\/\/cooltivarte.com\/portal\/petit-orquesta-y-mushi-mushi-orquesta-en-sociedad-urbana-villa-dolores\/"},"wordCount":1324,"publisher":{"@id":"https:\/\/cooltivarte.com\/portal\/#organization"},"image":{"@id":"https:\/\/cooltivarte.com\/portal\/petit-orquesta-y-mushi-mushi-orquesta-en-sociedad-urbana-villa-dolores\/#primaryimage"},"thumbnailUrl":"https:\/\/cooltivarte.com\/portal\/wp-content\/uploads\/2025\/04\/Petit-Orquesta-y-Mushi-Mushi-Orquesta-en-Sociedad-Urbana-Villa-Dolores-Marzo-2025-Foto-Marcelo-Rodriguez.jpeg","keywords":["Mushi Mushi Orquesta","PETIT ORQUESTA"],"articleSection":["Coberturas"],"inLanguage":"es-AR"},{"@type":"WebPage","@id":"https:\/\/cooltivarte.com\/portal\/petit-orquesta-y-mushi-mushi-orquesta-en-sociedad-urbana-villa-dolores\/","url":"https:\/\/cooltivarte.com\/portal\/petit-orquesta-y-mushi-mushi-orquesta-en-sociedad-urbana-villa-dolores\/","name":"Petit Orquesta y Mushi Mushi Orquesta en Sociedad Urbana Villa Dolores - Cooltivarte Portal","isPartOf":{"@id":"https:\/\/cooltivarte.com\/portal\/#website"},"primaryImageOfPage":{"@id":"https:\/\/cooltivarte.com\/portal\/petit-orquesta-y-mushi-mushi-orquesta-en-sociedad-urbana-villa-dolores\/#primaryimage"},"image":{"@id":"https:\/\/cooltivarte.com\/portal\/petit-orquesta-y-mushi-mushi-orquesta-en-sociedad-urbana-villa-dolores\/#primaryimage"},"thumbnailUrl":"https:\/\/cooltivarte.com\/portal\/wp-content\/uploads\/2025\/04\/Petit-Orquesta-y-Mushi-Mushi-Orquesta-en-Sociedad-Urbana-Villa-Dolores-Marzo-2025-Foto-Marcelo-Rodriguez.jpeg","datePublished":"2025-04-13T22:11:09+00:00","dateModified":"2025-04-14T22:52:45+00:00","description":"Si un d\u00eda andamos con ganas de celebrar la m\u00fasica, recordar lo que pas\u00f3 el viernes en la Sociedad Urbana Villa Dolores ser\u00eda un buen comienzo. El men\u00fa incluy\u00f3 dos platos potentes, delicados, exuberantes, cargados de tierna fiereza y sensibilidades a flor de piel.","breadcrumb":{"@id":"https:\/\/cooltivarte.com\/portal\/petit-orquesta-y-mushi-mushi-orquesta-en-sociedad-urbana-villa-dolores\/#breadcrumb"},"inLanguage":"es-AR","potentialAction":[{"@type":"ReadAction","target":["https:\/\/cooltivarte.com\/portal\/petit-orquesta-y-mushi-mushi-orquesta-en-sociedad-urbana-villa-dolores\/"]}]},{"@type":"ImageObject","inLanguage":"es-AR","@id":"https:\/\/cooltivarte.com\/portal\/petit-orquesta-y-mushi-mushi-orquesta-en-sociedad-urbana-villa-dolores\/#primaryimage","url":"https:\/\/cooltivarte.com\/portal\/wp-content\/uploads\/2025\/04\/Petit-Orquesta-y-Mushi-Mushi-Orquesta-en-Sociedad-Urbana-Villa-Dolores-Marzo-2025-Foto-Marcelo-Rodriguez.jpeg","contentUrl":"https:\/\/cooltivarte.com\/portal\/wp-content\/uploads\/2025\/04\/Petit-Orquesta-y-Mushi-Mushi-Orquesta-en-Sociedad-Urbana-Villa-Dolores-Marzo-2025-Foto-Marcelo-Rodriguez.jpeg","width":1600,"height":1200,"caption":"Petit Orquesta y Mushi Mushi Orquesta en Sociedad Urbana Villa Dolores - Marzo 2025 - Foto Marcelo Rodriguez"},{"@type":"BreadcrumbList","@id":"https:\/\/cooltivarte.com\/portal\/petit-orquesta-y-mushi-mushi-orquesta-en-sociedad-urbana-villa-dolores\/#breadcrumb","itemListElement":[{"@type":"ListItem","position":1,"name":"Portada","item":"https:\/\/cooltivarte.com\/portal\/"},{"@type":"ListItem","position":2,"name":"Petit Orquesta y Mushi Mushi Orquesta en Sociedad Urbana Villa Dolores"}]},{"@type":"WebSite","@id":"https:\/\/cooltivarte.com\/portal\/#website","url":"https:\/\/cooltivarte.com\/portal\/","name":"Cooltivarte Portal","description":"Arte, cultura y turismo para el mundo ...","publisher":{"@id":"https:\/\/cooltivarte.com\/portal\/#organization"},"potentialAction":[{"@type":"SearchAction","target":{"@type":"EntryPoint","urlTemplate":"https:\/\/cooltivarte.com\/portal\/?s={search_term_string}"},"query-input":{"@type":"PropertyValueSpecification","valueRequired":true,"valueName":"search_term_string"}}],"inLanguage":"es-AR"},{"@type":"Organization","@id":"https:\/\/cooltivarte.com\/portal\/#organization","name":"cooltivarte","url":"https:\/\/cooltivarte.com\/portal\/","logo":{"@type":"ImageObject","inLanguage":"es-AR","@id":"https:\/\/cooltivarte.com\/portal\/#\/schema\/logo\/image\/","url":"https:\/\/cooltivarte.com\/portal\/wp-content\/uploads\/2020\/04\/logo-cooltivarte-v2.png","contentUrl":"https:\/\/cooltivarte.com\/portal\/wp-content\/uploads\/2020\/04\/logo-cooltivarte-v2.png","width":851,"height":243,"caption":"cooltivarte"},"image":{"@id":"https:\/\/cooltivarte.com\/portal\/#\/schema\/logo\/image\/"},"sameAs":["https:\/\/www.facebook.com\/cooltivartecom\/","https:\/\/x.com\/obolocultural","https:\/\/www.instagram.com\/_cooltivarte_\/","https:\/\/www.linkedin.com\/company\/-bolocultural?reportsuccess=8zaNG1HwhPbAR9iQhZ5rfGeqz_vQFftHun0ZWU0Wy9vNemRJ8vtcKdJvzQfW8XagyOJSKg0XvfJ1dp","https:\/\/www.pinterest.com\/cooltivarte\/","https:\/\/cooltivarte.tumblr.com\/","https:\/\/www.tiktok.com\/@cooltivarte","https:\/\/www.youtube.com\/@PrensaCooltivarte"]},{"@type":"Person","@id":"https:\/\/cooltivarte.com\/portal\/#\/schema\/person\/fa356cbbc975072000c537039536bc3b","name":"Marcelo Rodr\u00edguez Arcidiaco","image":{"@type":"ImageObject","inLanguage":"es-AR","@id":"https:\/\/cooltivarte.com\/portal\/wp-content\/uploads\/2022\/08\/marcelo_rodriguez-120x120.jpg","url":"https:\/\/cooltivarte.com\/portal\/wp-content\/uploads\/2022\/08\/marcelo_rodriguez-120x120.jpg","contentUrl":"https:\/\/cooltivarte.com\/portal\/wp-content\/uploads\/2022\/08\/marcelo_rodriguez-120x120.jpg","caption":"Marcelo Rodr\u00edguez Arcidiaco"},"description":"Marcelo Rodr\u00edguez Arcidiaco naci\u00f3 en Santa Luc\u00eda, departamento de Canelones, el 9 de enero de 1971. En 1989 se radic\u00f3 en Montevideo para iniciar sus estudios de Educaci\u00f3n F\u00edsica en el ISEF. Tras titularse como Profesor de Educaci\u00f3n F\u00edsica en 1993, volvi\u00f3 a las aulas en 1996 para estudiar Ciencias de la Comunicaci\u00f3n, donde obtuvo el t\u00edtulo de licenciado en el a\u00f1o 2001. Desde 2020 cursa estudios de posgrado en la FHEC. Actualmente se desempe\u00f1a en la Intendencia de Montevideo, en las dos profesiones que ha elegido, docente y comunicador. En 2012 public\u00f3 su primer libro Entre el cuervo y el \u00e1ngel (Perro Andaluz), una biograf\u00eda del m\u00fasico Eduardo Darnauchans. En 2021 publico por el Sello Perro Andaluz para la colecci\u00f3n Vademecum, \u00bfQuien dijo que no hab\u00eda poes\u00eda en el rocanrol? Placeres del Sado-Musiquismo o la tercera es la vencida en la carrera de Tabar\u00e9 Rivero.","sameAs":["https:\/\/www.facebook.com\/cooltivartecom\/","https:\/\/www.instagram.com\/_cooltivarte_\/","https:\/\/www.linkedin.com\/company\/-bolocultural","https:\/\/www.pinterest.com\/cooltivarte","https:\/\/x.com\/https:\/\/x.com\/obolocultural","https:\/\/www.youtube.com\/@PrensaCooltivarte","https:\/\/www.tumblr.com\/blog\/cooltivarte"],"url":"https:\/\/cooltivarte.com\/portal\/author\/marcelo-rodriguez-arcidiaco\/"}]}},"_links":{"self":[{"href":"https:\/\/cooltivarte.com\/portal\/wp-json\/wp\/v2\/posts\/112453","targetHints":{"allow":["GET"]}}],"collection":[{"href":"https:\/\/cooltivarte.com\/portal\/wp-json\/wp\/v2\/posts"}],"about":[{"href":"https:\/\/cooltivarte.com\/portal\/wp-json\/wp\/v2\/types\/post"}],"author":[{"embeddable":true,"href":"https:\/\/cooltivarte.com\/portal\/wp-json\/wp\/v2\/users\/197"}],"replies":[{"embeddable":true,"href":"https:\/\/cooltivarte.com\/portal\/wp-json\/wp\/v2\/comments?post=112453"}],"version-history":[{"count":5,"href":"https:\/\/cooltivarte.com\/portal\/wp-json\/wp\/v2\/posts\/112453\/revisions"}],"predecessor-version":[{"id":112471,"href":"https:\/\/cooltivarte.com\/portal\/wp-json\/wp\/v2\/posts\/112453\/revisions\/112471"}],"wp:featuredmedia":[{"embeddable":true,"href":"https:\/\/cooltivarte.com\/portal\/wp-json\/wp\/v2\/media\/112454"}],"wp:attachment":[{"href":"https:\/\/cooltivarte.com\/portal\/wp-json\/wp\/v2\/media?parent=112453"}],"wp:term":[{"taxonomy":"category","embeddable":true,"href":"https:\/\/cooltivarte.com\/portal\/wp-json\/wp\/v2\/categories?post=112453"},{"taxonomy":"post_tag","embeddable":true,"href":"https:\/\/cooltivarte.com\/portal\/wp-json\/wp\/v2\/tags?post=112453"}],"curies":[{"name":"wp","href":"https:\/\/api.w.org\/{rel}","templated":true}]}}