{"id":112086,"date":"2025-04-02T18:36:23","date_gmt":"2025-04-02T21:36:23","guid":{"rendered":"https:\/\/cooltivarte.com\/portal\/?p=112086"},"modified":"2025-04-02T18:47:28","modified_gmt":"2025-04-02T21:47:28","slug":"marky-ramones-tour-blitzkrieg","status":"publish","type":"post","link":"https:\/\/cooltivarte.com\/portal\/marky-ramones-tour-blitzkrieg\/","title":{"rendered":"Marky Ramone&#8217;s &#8211; Tour Blitzkrieg"},"content":{"rendered":"<figure id=\"attachment_112091\" aria-describedby=\"caption-attachment-112091\" style=\"width: 1024px\" class=\"wp-caption aligncenter\"><img fetchpriority=\"high\" decoding=\"async\" class=\"wp-image-112091 size-large\" title=\"Marky Ramones - Tour Blitzkrieg - 30 de Marzo 2025 - Sala del Museo Foto Andrea Berm\u00fadez\" src=\"https:\/\/cooltivarte.com\/portal\/wp-content\/uploads\/2025\/04\/Marky-Ramones-Tour-Blitzkrieg-30-de-Marzo-2025-Sala-del-Museo-Foto-Andrea-Bermudez-1024x683.jpg\" alt=\"Marky Ramones - Tour Blitzkrieg - 30 de Marzo 2025 - Sala del Museo Foto Andrea Berm\u00fadez\" width=\"1024\" height=\"683\" srcset=\"https:\/\/cooltivarte.com\/portal\/wp-content\/uploads\/2025\/04\/Marky-Ramones-Tour-Blitzkrieg-30-de-Marzo-2025-Sala-del-Museo-Foto-Andrea-Bermudez-1024x683.jpg 1024w, https:\/\/cooltivarte.com\/portal\/wp-content\/uploads\/2025\/04\/Marky-Ramones-Tour-Blitzkrieg-30-de-Marzo-2025-Sala-del-Museo-Foto-Andrea-Bermudez-300x200.jpg 300w, https:\/\/cooltivarte.com\/portal\/wp-content\/uploads\/2025\/04\/Marky-Ramones-Tour-Blitzkrieg-30-de-Marzo-2025-Sala-del-Museo-Foto-Andrea-Bermudez-768x512.jpg 768w, https:\/\/cooltivarte.com\/portal\/wp-content\/uploads\/2025\/04\/Marky-Ramones-Tour-Blitzkrieg-30-de-Marzo-2025-Sala-del-Museo-Foto-Andrea-Bermudez.jpg 1200w\" sizes=\"(max-width: 1024px) 100vw, 1024px\" \/><figcaption id=\"caption-attachment-112091\" class=\"wp-caption-text\">Marky Ramones &#8211; Tour Blitzkrieg &#8211; 30 de Marzo 2025 &#8211; Sala del Museo Foto Andrea Berm\u00fadez<\/figcaption><\/figure>\n<p><a href=\"https:\/\/cooltivarte.com\/portal\/?s=Marky+Ramone%27s\" target=\"_blank\" rel=\"noopener\"><strong>Marky Ramone&#8217;s<\/strong><\/a><br \/>\n<strong>Tour Blitzkrieg<\/strong><br \/>\n<strong>30 de Marzo 2025, Sala del Museo Mvd, Uy<\/strong><\/p>\n<p><strong>HEY HO LET\u2019S GO<\/strong><\/p>\n<p>Apenas cruc\u00e9 la puerta de la sala, el estruendo inconfundible de un cl\u00e1sico de <a href=\"https:\/\/cooltivarte.com\/portal\/?s=los+Ramones\" target=\"_blank\" rel=\"noopener\">los Ramones<\/a> me recibi\u00f3 de lleno: \u2018\u2019Beat on the Brat\u2019\u2019 A simple o\u00eddo, la canci\u00f3n parece tan sencilla como directa, pero bajo su aparente simplicidad late un trasfondo social y moral que marc\u00f3 una \u00e9poca.<\/p>\n<p>Corr\u00eda el a\u00f1o 1976, cuando lanzaron este tema y el punk irrump\u00eda con crudeza y honestidad, retratando el desencanto de una generaci\u00f3n. \u2018\u2019Beat on the Brat\u2019\u2019 nos habla de un &#8220;mocoso&#8221; insoportable, ese ni\u00f1o malcriado que encarna las tensiones generacionales y las contradicciones de la sociedad de entonces\u2026 y quiz\u00e1 tambi\u00e9n de la actual. Porque hay cosas que no pierden vigencia, y esa rebeld\u00eda cruda sigue sonando fresca.<\/p>\n<p>Personalmente, este tema me fascina. Su energ\u00eda es un golpe certero, su sonido, una descarga inagotable. Es el punk en su esencia: directo, visceral, inolvidable.<\/p>\n<p>Hagamos un recorrido de este show cargado de energ\u00eda con ritmos de beats acelerados, compases binarios y tempo r\u00e1pido, rapid\u00edsimo!!!, que mantuvieron el estatus y el esp\u00edritu vivo de esta banda que fueron los Ramones y ahora son a trav\u00e9s de Marky y sus nuevos integrantes.<\/p>\n<p><strong>Marky Ramone&#8217;s Blitzkrieg<\/strong> se prepara para desatar una tormenta sonora que transportar\u00eda a todos los presentes a la era dorada del punk.\u200b<\/p>\n<p>El legendario baterista lidera la formaci\u00f3n con su inconfundible ritmo. A su lado, m\u00fasicos de talento excepcional: en la voz, un frontman cuya entrega y pasi\u00f3n recuerdan la intensidad de los a\u00f1os 70; en la guitarra y el bajo, instrumentistas que canalizan la esencia cruda y directa del punk, creando una sinergia perfecta que manten\u00eda viva la llama de los Ramones.\u200b<\/p>\n<p>El repertorio fue un viaje a trav\u00e9s de himnos inmortales. Desde la fren\u00e9tica &#8220;Do You Wanna Dance?&#8221; hasta la emblem\u00e1tica &#8220;Blitzkrieg Bop&#8221;, cada canci\u00f3n era recibida con euforia por un p\u00fablico que coreaba cada letra como si el tiempo no hubiera pasado. Temas como &#8220;Teenage Lobotomy&#8221; &#8220;Sheena Is a Punk Rocker&#8221; \u2018\u2019Needles &amp; Pins\u2019\u2019 \u2018\u2019 I Wanna Be Sedated\u2019\u2019 \u2018\u2019I Believe In Miracles\u2019\u2019 y &#8220;Rockaway Beach&#8221; resonaron en las paredes de la sala, record\u00e1ndonos por qu\u00e9 los Ramones dejaron una marca indeleble en la historia de la m\u00fasica.<\/p>\n<p>La conexi\u00f3n entre la banda y la audiencia era palpable. Marky, con su caracter\u00edstico estilo, marcaba el pulso de la noche, mientras el vocalista se entregaba por completo, canalizando la rebeld\u00eda y la pasi\u00f3n que definieron al punk. Cada acorde, cada golpe de bater\u00eda, era un homenaje a una \u00e9poca, a una actitud, a un legado que, lejos de desvanecerse, sigue inspirando a generaciones.\u200b<\/p>\n<p>Al finalizar el concierto, la sensaci\u00f3n era clara: aunque los a\u00f1os pasen, la esencia del punk permanece intacta.<\/p>\n<p><strong>Marky Ramone &#8216;s Blitzkrieg<\/strong> no solo rinde tributo a una banda legendaria, sino que mantiene viva una llama que contin\u00faa iluminando el camino de aquellos que creen en la m\u00fasica como forma de expresi\u00f3n pura y sin concesiones.<\/p>\n<p>Aunque el p\u00fablico es ambiguo, complejo en lo personal pero sencillo en la entrega, la noche fluy\u00f3 en perfecta armon\u00eda. Viejos punk rockers, j\u00f3venes en busca de buena m\u00fasica, almas inquietas que encontraron su lugar en el estruendo. Al final, todos salieron con la misma sonrisa: la de quien vivi\u00f3, por un rato, la verdadera esencia del punk.<\/p>\n<p>Gracias por el rock, por la vigencia y entre tanto fragor, la paz que rein\u00f3 en el show !<\/p>\n<p>&nbsp;<br \/>\n&nbsp;<\/p>\n<h3>&nbsp;<a href=\"https:\/\/www.facebook.com\/media\/set\/?set=a.1193949202768937&amp;type=3\" target=\"_blank\" rel=\"noopener\">Ir a la fotogaler\u00eda<\/a><\/h3>\n<p><iframe style=\"border: none; overflow: hidden;\" src=\"https:\/\/www.facebook.com\/plugins\/post.php?href=https%3A%2F%2Fwww.facebook.com%2Fmedia%2Fset%2F%3Fset%3Da.1193949202768937%26type%3D3&amp;width=100%\" width=\"100%\" height=\"669\" frameborder=\"0\" scrolling=\"no\"><\/iframe><br \/>\n&nbsp;<br \/>\n&nbsp;<\/p>\n<blockquote class=\"instagram-media\" data-instgrm-captioned data-instgrm-permalink=\"https:\/\/www.instagram.com\/p\/DH9aurmuzVT\/?utm_source=ig_embed&amp;utm_campaign=loading\" data-instgrm-version=\"14\" style=\" background:#FFF; border:0; border-radius:3px; box-shadow:0 0 1px 0 rgba(0,0,0,0.5),0 1px 10px 0 rgba(0,0,0,0.15); margin: 1px; max-width:540px; min-width:326px; padding:0; width:99.375%; width:-webkit-calc(100% - 2px); width:calc(100% - 2px);\">\n<div style=\"padding:16px;\"> <a href=\"https:\/\/www.instagram.com\/p\/DH9aurmuzVT\/?utm_source=ig_embed&amp;utm_campaign=loading\" style=\" background:#FFFFFF; line-height:0; padding:0 0; text-align:center; text-decoration:none; width:100%;\" target=\"_blank\"> <\/p>\n<div style=\" display: flex; flex-direction: row; align-items: center;\">\n<div style=\"background-color: #F4F4F4; border-radius: 50%; flex-grow: 0; height: 40px; margin-right: 14px; width: 40px;\"><\/div>\n<div style=\"display: flex; flex-direction: column; flex-grow: 1; justify-content: center;\">\n<div style=\" background-color: #F4F4F4; border-radius: 4px; flex-grow: 0; height: 14px; margin-bottom: 6px; width: 100px;\"><\/div>\n<div style=\" background-color: #F4F4F4; border-radius: 4px; flex-grow: 0; height: 14px; width: 60px;\"><\/div>\n<\/div>\n<\/div>\n<div style=\"padding: 19% 0;\"><\/div>\n<div style=\"display:block; height:50px; margin:0 auto 12px; width:50px;\"><svg width=\"50px\" height=\"50px\" viewBox=\"0 0 60 60\" version=\"1.1\" xmlns=\"https:\/\/www.w3.org\/2000\/svg\" xmlns:xlink=\"https:\/\/www.w3.org\/1999\/xlink\"><g stroke=\"none\" stroke-width=\"1\" fill=\"none\" fill-rule=\"evenodd\"><\/g><g transform=\"translate(-511.000000, -20.000000)\" fill=\"#000000\"><\/g><g><path d=\"M556.869,30.41 C554.814,30.41 553.148,32.076 553.148,34.131 C553.148,36.186 554.814,37.852 556.869,37.852 C558.924,37.852 560.59,36.186 560.59,34.131 C560.59,32.076 558.924,30.41 556.869,30.41 M541,60.657 C535.114,60.657 530.342,55.887 530.342,50 C530.342,44.114 535.114,39.342 541,39.342 C546.887,39.342 551.658,44.114 551.658,50 C551.658,55.887 546.887,60.657 541,60.657 M541,33.886 C532.1,33.886 524.886,41.1 524.886,50 C524.886,58.899 532.1,66.113 541,66.113 C549.9,66.113 557.115,58.899 557.115,50 C557.115,41.1 549.9,33.886 541,33.886 M565.378,62.101 C565.244,65.022 564.756,66.606 564.346,67.663 C563.803,69.06 563.154,70.057 562.106,71.106 C561.058,72.155 560.06,72.803 558.662,73.347 C557.607,73.757 556.021,74.244 553.102,74.378 C549.944,74.521 548.997,74.552 541,74.552 C533.003,74.552 532.056,74.521 528.898,74.378 C525.979,74.244 524.393,73.757 523.338,73.347 C521.94,72.803 520.942,72.155 519.894,71.106 C518.846,70.057 518.197,69.06 517.654,67.663 C517.244,66.606 516.755,65.022 516.623,62.101 C516.479,58.943 516.448,57.996 516.448,50 C516.448,42.003 516.479,41.056 516.623,37.899 C516.755,34.978 517.244,33.391 517.654,32.338 C518.197,30.938 518.846,29.942 519.894,28.894 C520.942,27.846 521.94,27.196 523.338,26.654 C524.393,26.244 525.979,25.756 528.898,25.623 C532.057,25.479 533.004,25.448 541,25.448 C548.997,25.448 549.943,25.479 553.102,25.623 C556.021,25.756 557.607,26.244 558.662,26.654 C560.06,27.196 561.058,27.846 562.106,28.894 C563.154,29.942 563.803,30.938 564.346,32.338 C564.756,33.391 565.244,34.978 565.378,37.899 C565.522,41.056 565.552,42.003 565.552,50 C565.552,57.996 565.522,58.943 565.378,62.101 M570.82,37.631 C570.674,34.438 570.167,32.258 569.425,30.349 C568.659,28.377 567.633,26.702 565.965,25.035 C564.297,23.368 562.623,22.342 560.652,21.575 C558.743,20.834 556.562,20.326 553.369,20.18 C550.169,20.033 549.148,20 541,20 C532.853,20 531.831,20.033 528.631,20.18 C525.438,20.326 523.257,20.834 521.349,21.575 C519.376,22.342 517.703,23.368 516.035,25.035 C514.368,26.702 513.342,28.377 512.574,30.349 C511.834,32.258 511.326,34.438 511.181,37.631 C511.035,40.831 511,41.851 511,50 C511,58.147 511.035,59.17 511.181,62.369 C511.326,65.562 511.834,67.743 512.574,69.651 C513.342,71.625 514.368,73.296 516.035,74.965 C517.703,76.634 519.376,77.658 521.349,78.425 C523.257,79.167 525.438,79.673 528.631,79.82 C531.831,79.965 532.853,80.001 541,80.001 C549.148,80.001 550.169,79.965 553.369,79.82 C556.562,79.673 558.743,79.167 560.652,78.425 C562.623,77.658 564.297,76.634 565.965,74.965 C567.633,73.296 568.659,71.625 569.425,69.651 C570.167,67.743 570.674,65.562 570.82,62.369 C570.966,59.17 571,58.147 571,50 C571,41.851 570.966,40.831 570.82,37.631\"><\/path><\/g><\/svg><\/div>\n<div style=\"padding-top: 8px;\">\n<div style=\" color:#3897f0; font-family:Arial,sans-serif; font-size:14px; font-style:normal; font-weight:550; line-height:18px;\">Ver esta publicaci\u00f3n en Instagram<\/div>\n<\/div>\n<div style=\"padding: 12.5% 0;\"><\/div>\n<div style=\"display: flex; flex-direction: row; margin-bottom: 14px; align-items: center;\">\n<div>\n<div style=\"background-color: #F4F4F4; border-radius: 50%; height: 12.5px; width: 12.5px; transform: translateX(0px) translateY(7px);\"><\/div>\n<div style=\"background-color: #F4F4F4; height: 12.5px; transform: rotate(-45deg) translateX(3px) translateY(1px); width: 12.5px; flex-grow: 0; margin-right: 14px; margin-left: 2px;\"><\/div>\n<div style=\"background-color: #F4F4F4; border-radius: 50%; height: 12.5px; width: 12.5px; transform: translateX(9px) translateY(-18px);\"><\/div>\n<\/div>\n<div style=\"margin-left: 8px;\">\n<div style=\" background-color: #F4F4F4; border-radius: 50%; flex-grow: 0; height: 20px; width: 20px;\"><\/div>\n<div style=\" width: 0; height: 0; border-top: 2px solid transparent; border-left: 6px solid #f4f4f4; border-bottom: 2px solid transparent; transform: translateX(16px) translateY(-4px) rotate(30deg)\"><\/div>\n<\/div>\n<div style=\"margin-left: auto;\">\n<div style=\" width: 0px; border-top: 8px solid #F4F4F4; border-right: 8px solid transparent; transform: translateY(16px);\"><\/div>\n<div style=\" background-color: #F4F4F4; flex-grow: 0; height: 12px; width: 16px; transform: translateY(-4px);\"><\/div>\n<div style=\" width: 0; height: 0; border-top: 8px solid #F4F4F4; border-left: 8px solid transparent; transform: translateY(-4px) translateX(8px);\"><\/div>\n<\/div>\n<\/div>\n<div style=\"display: flex; flex-direction: column; flex-grow: 1; justify-content: center; margin-bottom: 24px;\">\n<div style=\" background-color: #F4F4F4; border-radius: 4px; flex-grow: 0; height: 14px; margin-bottom: 6px; width: 224px;\"><\/div>\n<div style=\" background-color: #F4F4F4; border-radius: 4px; flex-grow: 0; height: 14px; width: 144px;\"><\/div>\n<\/div>\n<p><\/a><\/p>\n<p style=\" color:#c9c8cd; font-family:Arial,sans-serif; font-size:14px; line-height:17px; margin-bottom:0; margin-top:8px; overflow:hidden; padding:8px 0 7px; text-align:center; text-overflow:ellipsis; white-space:nowrap;\"><a href=\"https:\/\/www.instagram.com\/p\/DH9aurmuzVT\/?utm_source=ig_embed&amp;utm_campaign=loading\" style=\" color:#c9c8cd; font-family:Arial,sans-serif; font-size:14px; font-style:normal; font-weight:normal; line-height:17px; text-decoration:none;\" target=\"_blank\">Una publicaci\u00f3n compartida por cooltivarte.com (@_cooltivarte_)<\/a><\/p>\n<\/div>\n<\/blockquote>\n<p><script async src=\"\/\/www.instagram.com\/embed.js\"><\/script><br \/>\n&nbsp;<\/p>\n<p>&nbsp;<\/p>\n<p>&nbsp;<\/p>\n<p>&nbsp;<\/p>\n<p>&nbsp;<\/p>\n","protected":false},"excerpt":{"rendered":"<p>Apenas cruc\u00e9 la puerta de la sala, el estruendo inconfundible de un cl\u00e1sico de los Ramones me recibi\u00f3 de lleno: \u2018\u2019Beat on the Brat\u2019\u2019 A simple o\u00eddo, la canci\u00f3n parece tan sencilla como directa, pero bajo su aparente simplicidad late un trasfondo social y moral que marc\u00f3 una \u00e9poca.<\/p>\n<p>Corr\u00eda el a\u00f1o 1976, cuando lanzaron este tema y el punk irrump\u00eda con crudeza y honestidad, retratando el desencanto de una generaci\u00f3n. \u2018\u2019Beat on the Brat\u2019\u2019 nos habla de un &#8220;mocoso&#8221; insoportable, ese ni\u00f1o malcriado que encarna las tensiones generacionales y las contradicciones de la sociedad de entonces\u2026 y quiz\u00e1 tambi\u00e9n de la actual. Porque hay cosas que no pierden vigencia, y esa rebeld\u00eda cruda sigue sonando fresca.<\/p>\n<p>Personalmente, este tema me fascina. Su energ\u00eda es un golpe certero, su sonido, una descarga inagotable. Es el punk en su esencia: directo, visceral, inolvidable.<\/p>\n<p>Hagamos un recorrido de este show cargado de energ\u00eda con ritmos de beats acelerados, compases binarios y tempo r\u00e1pido, rapid\u00edsimo!!!, que mantuvieron el estatus y el esp\u00edritu vivo de esta banda que fueron los Ramones y ahora son a trav\u00e9s de Marky y sus nuevos integrantes.<\/p>\n","protected":false},"author":214,"featured_media":112091,"comment_status":"closed","ping_status":"closed","sticky":false,"template":"","format":"standard","meta":{"om_disable_all_campaigns":false,"ngg_post_thumbnail":0,"jnews-multi-image_gallery":[],"jnews_single_post":{"format":"standard","override":[{"template":"4","parallax":"1","layout":"right-sidebar","sidebar":"default-sidebar","second_sidebar":"default-sidebar","sticky_sidebar":"1","share_position":"bottom","share_float_style":"share-monocrhome","show_share_counter":"1","show_view_counter":"1","show_featured":"1","show_post_meta":"1","show_post_author":"1","show_post_author_image":"1","show_post_date":"1","post_date_format":"default","post_date_format_custom":"Y\/m\/d","show_post_category":"1","post_reading_time_wpm":"300","post_calculate_word_method":"str_word_count","zoom_button_out_step":"2","zoom_button_in_step":"3","show_post_tag":"1","show_prev_next_post":"1","show_popup_post":"1","number_popup_post":"1","show_author_box":"1","show_post_related":"0","show_inline_post_related":"0"}],"image_override":[{"single_post_thumbnail_size":"no-crop","single_post_gallery_size":"crop-500"}],"trending_post_position":"meta","trending_post_label":"Trending","sponsored_post_label":"Sponsored by","disable_ad":"0","subtitle":"30 de Marzo 2025, Sala del Museo Mvd. Uy"},"jnews_primary_category":[],"jnews_social_meta":[],"jnews_override_counter":{"view_counter_number":"0","share_counter_number":"0","like_counter_number":"0","dislike_counter_number":"0"},"footnotes":""},"categories":[50],"tags":[23762,23763,4385],"class_list":["post-112086","post","type-post","status-publish","format-standard","has-post-thumbnail","hentry","category-coberturas","tag-los-ramones","tag-marky-ramone-s-blitzkrieg","tag-marky-ramones"],"yoast_head":"<!-- This site is optimized with the Yoast SEO plugin v27.5 - https:\/\/yoast.com\/product\/yoast-seo-wordpress\/ -->\n<title>Marky Ramone&#039;s - Tour Blitzkrieg - Cooltivarte Portal<\/title>\n<meta name=\"description\" content=\"Marky Ramone&#039;s Blitzkrieg se prepara para desatar una tormenta sonora que transportar\u00eda a todos los presentes a la era dorada del punk.\u200b\" \/>\n<meta name=\"robots\" content=\"index, follow, max-snippet:-1, max-image-preview:large, max-video-preview:-1\" \/>\n<link rel=\"canonical\" href=\"https:\/\/cooltivarte.com\/portal\/marky-ramones-tour-blitzkrieg\/\" \/>\n<meta property=\"og:locale\" content=\"es_ES\" \/>\n<meta property=\"og:type\" content=\"article\" \/>\n<meta property=\"og:title\" content=\"Marky Ramone&#039;s - Tour Blitzkrieg - 30 de Marzo 2025, Sala del Museo Mvd. Uy by Mar\u00eda Fernanda Vird\u00f3 - Foto Andrea Berm\u00fadez\" \/>\n<meta property=\"og:description\" content=\"Marky Ramone&#039;s Blitzkrieg se prepara para desatar una tormenta sonora que transportar\u00eda a todos los presentes a la era dorada del punk.\u200b\" \/>\n<meta property=\"og:url\" content=\"https:\/\/cooltivarte.com\/portal\/marky-ramones-tour-blitzkrieg\/\" \/>\n<meta property=\"og:site_name\" content=\"Cooltivarte Portal\" \/>\n<meta property=\"article:publisher\" content=\"https:\/\/www.facebook.com\/cooltivartecom\/\" \/>\n<meta property=\"article:author\" content=\"https:\/\/www.facebook.com\/profile.php?id=100082135684669\" \/>\n<meta property=\"article:published_time\" content=\"2025-04-02T21:36:23+00:00\" \/>\n<meta property=\"article:modified_time\" content=\"2025-04-02T21:47:28+00:00\" \/>\n<meta property=\"og:image\" content=\"https:\/\/cooltivarte.com\/portal\/wp-content\/uploads\/2025\/04\/Marky-Ramones-Tour-Blitzkrieg-30-de-Marzo-2025-Sala-del-Museo-Foto-Andrea-Bermudez.jpg\" \/>\n\t<meta property=\"og:image:width\" content=\"1200\" \/>\n\t<meta property=\"og:image:height\" content=\"800\" \/>\n\t<meta property=\"og:image:type\" content=\"image\/jpeg\" \/>\n<meta name=\"author\" content=\"Mar\u00eda Fernanda Vird\u00f3\" \/>\n<meta name=\"twitter:card\" content=\"summary_large_image\" \/>\n<meta name=\"twitter:title\" content=\"Marky Ramone&#039;s - Tour Blitzkrieg - 30 de Marzo 2025, Sala del Museo Mvd. Uy by Mar\u00eda Fernanda Vird\u00f3 - Foto Andrea Berm\u00fadez\" \/>\n<meta name=\"twitter:description\" content=\"Marky Ramone&#039;s Blitzkrieg se prepara para desatar una tormenta sonora que transportar\u00eda a todos los presentes a la era dorada del punk.\u200b\" \/>\n<meta name=\"twitter:image\" content=\"https:\/\/cooltivarte.com\/portal\/wp-content\/uploads\/2025\/04\/Marky-Ramones-Tour-Blitzkrieg-30-de-Marzo-2025-Sala-del-Museo-Foto-Andrea-Bermudez.jpg\" \/>\n<meta name=\"twitter:creator\" content=\"@https:\/\/x.com\/obolocultural\" \/>\n<meta name=\"twitter:site\" content=\"@obolocultural\" \/>\n<meta name=\"twitter:label1\" content=\"Escrito por\" \/>\n\t<meta name=\"twitter:data1\" content=\"Mar\u00eda Fernanda Vird\u00f3\" \/>\n\t<meta name=\"twitter:label2\" content=\"Tiempo de lectura\" \/>\n\t<meta name=\"twitter:data2\" content=\"4 minutos\" \/>\n<!-- \/ Yoast SEO plugin. -->","yoast_head_json":{"title":"Marky Ramone's - Tour Blitzkrieg - Cooltivarte Portal","description":"Marky Ramone's Blitzkrieg se prepara para desatar una tormenta sonora que transportar\u00eda a todos los presentes a la era dorada del punk.\u200b","robots":{"index":"index","follow":"follow","max-snippet":"max-snippet:-1","max-image-preview":"max-image-preview:large","max-video-preview":"max-video-preview:-1"},"canonical":"https:\/\/cooltivarte.com\/portal\/marky-ramones-tour-blitzkrieg\/","og_locale":"es_ES","og_type":"article","og_title":"Marky Ramone's - Tour Blitzkrieg - 30 de Marzo 2025, Sala del Museo Mvd. Uy by Mar\u00eda Fernanda Vird\u00f3 - Foto Andrea Berm\u00fadez","og_description":"Marky Ramone's Blitzkrieg se prepara para desatar una tormenta sonora que transportar\u00eda a todos los presentes a la era dorada del punk.\u200b","og_url":"https:\/\/cooltivarte.com\/portal\/marky-ramones-tour-blitzkrieg\/","og_site_name":"Cooltivarte Portal","article_publisher":"https:\/\/www.facebook.com\/cooltivartecom\/","article_author":"https:\/\/www.facebook.com\/profile.php?id=100082135684669","article_published_time":"2025-04-02T21:36:23+00:00","article_modified_time":"2025-04-02T21:47:28+00:00","og_image":[{"width":1200,"height":800,"url":"https:\/\/cooltivarte.com\/portal\/wp-content\/uploads\/2025\/04\/Marky-Ramones-Tour-Blitzkrieg-30-de-Marzo-2025-Sala-del-Museo-Foto-Andrea-Bermudez.jpg","type":"image\/jpeg"}],"author":"Mar\u00eda Fernanda Vird\u00f3","twitter_card":"summary_large_image","twitter_title":"Marky Ramone's - Tour Blitzkrieg - 30 de Marzo 2025, Sala del Museo Mvd. Uy by Mar\u00eda Fernanda Vird\u00f3 - Foto Andrea Berm\u00fadez","twitter_description":"Marky Ramone's Blitzkrieg se prepara para desatar una tormenta sonora que transportar\u00eda a todos los presentes a la era dorada del punk.\u200b","twitter_image":"https:\/\/cooltivarte.com\/portal\/wp-content\/uploads\/2025\/04\/Marky-Ramones-Tour-Blitzkrieg-30-de-Marzo-2025-Sala-del-Museo-Foto-Andrea-Bermudez.jpg","twitter_creator":"@https:\/\/x.com\/obolocultural","twitter_site":"@obolocultural","twitter_misc":{"Escrito por":"Mar\u00eda Fernanda Vird\u00f3","Tiempo de lectura":"4 minutos"},"schema":{"@context":"https:\/\/schema.org","@graph":[{"@type":"NewsArticle","@id":"https:\/\/cooltivarte.com\/portal\/marky-ramones-tour-blitzkrieg\/#article","isPartOf":{"@id":"https:\/\/cooltivarte.com\/portal\/marky-ramones-tour-blitzkrieg\/"},"author":{"name":"Mar\u00eda Fernanda Vird\u00f3","@id":"https:\/\/cooltivarte.com\/portal\/#\/schema\/person\/e6065430240320d012b4c5e7e6fd8ebd"},"headline":"Marky Ramone&#8217;s &#8211; Tour Blitzkrieg","datePublished":"2025-04-02T21:36:23+00:00","dateModified":"2025-04-02T21:47:28+00:00","mainEntityOfPage":{"@id":"https:\/\/cooltivarte.com\/portal\/marky-ramones-tour-blitzkrieg\/"},"wordCount":671,"publisher":{"@id":"https:\/\/cooltivarte.com\/portal\/#organization"},"image":{"@id":"https:\/\/cooltivarte.com\/portal\/marky-ramones-tour-blitzkrieg\/#primaryimage"},"thumbnailUrl":"https:\/\/cooltivarte.com\/portal\/wp-content\/uploads\/2025\/04\/Marky-Ramones-Tour-Blitzkrieg-30-de-Marzo-2025-Sala-del-Museo-Foto-Andrea-Bermudez.jpg","keywords":["los Ramones","Marky Ramone 's Blitzkrieg","Marky Ramones"],"articleSection":["Coberturas"],"inLanguage":"es-AR"},{"@type":"WebPage","@id":"https:\/\/cooltivarte.com\/portal\/marky-ramones-tour-blitzkrieg\/","url":"https:\/\/cooltivarte.com\/portal\/marky-ramones-tour-blitzkrieg\/","name":"Marky Ramone's - Tour Blitzkrieg - Cooltivarte Portal","isPartOf":{"@id":"https:\/\/cooltivarte.com\/portal\/#website"},"primaryImageOfPage":{"@id":"https:\/\/cooltivarte.com\/portal\/marky-ramones-tour-blitzkrieg\/#primaryimage"},"image":{"@id":"https:\/\/cooltivarte.com\/portal\/marky-ramones-tour-blitzkrieg\/#primaryimage"},"thumbnailUrl":"https:\/\/cooltivarte.com\/portal\/wp-content\/uploads\/2025\/04\/Marky-Ramones-Tour-Blitzkrieg-30-de-Marzo-2025-Sala-del-Museo-Foto-Andrea-Bermudez.jpg","datePublished":"2025-04-02T21:36:23+00:00","dateModified":"2025-04-02T21:47:28+00:00","description":"Marky Ramone's Blitzkrieg se prepara para desatar una tormenta sonora que transportar\u00eda a todos los presentes a la era dorada del punk.\u200b","breadcrumb":{"@id":"https:\/\/cooltivarte.com\/portal\/marky-ramones-tour-blitzkrieg\/#breadcrumb"},"inLanguage":"es-AR","potentialAction":[{"@type":"ReadAction","target":["https:\/\/cooltivarte.com\/portal\/marky-ramones-tour-blitzkrieg\/"]}]},{"@type":"ImageObject","inLanguage":"es-AR","@id":"https:\/\/cooltivarte.com\/portal\/marky-ramones-tour-blitzkrieg\/#primaryimage","url":"https:\/\/cooltivarte.com\/portal\/wp-content\/uploads\/2025\/04\/Marky-Ramones-Tour-Blitzkrieg-30-de-Marzo-2025-Sala-del-Museo-Foto-Andrea-Bermudez.jpg","contentUrl":"https:\/\/cooltivarte.com\/portal\/wp-content\/uploads\/2025\/04\/Marky-Ramones-Tour-Blitzkrieg-30-de-Marzo-2025-Sala-del-Museo-Foto-Andrea-Bermudez.jpg","width":1200,"height":800,"caption":"Marky Ramones - Tour Blitzkrieg - 30 de Marzo 2025 - Sala del Museo Foto Andrea Berm\u00fadez"},{"@type":"BreadcrumbList","@id":"https:\/\/cooltivarte.com\/portal\/marky-ramones-tour-blitzkrieg\/#breadcrumb","itemListElement":[{"@type":"ListItem","position":1,"name":"Portada","item":"https:\/\/cooltivarte.com\/portal\/"},{"@type":"ListItem","position":2,"name":"Marky Ramone&#8217;s &#8211; Tour Blitzkrieg"}]},{"@type":"WebSite","@id":"https:\/\/cooltivarte.com\/portal\/#website","url":"https:\/\/cooltivarte.com\/portal\/","name":"Cooltivarte Portal","description":"Arte, cultura y turismo para el mundo ...","publisher":{"@id":"https:\/\/cooltivarte.com\/portal\/#organization"},"potentialAction":[{"@type":"SearchAction","target":{"@type":"EntryPoint","urlTemplate":"https:\/\/cooltivarte.com\/portal\/?s={search_term_string}"},"query-input":{"@type":"PropertyValueSpecification","valueRequired":true,"valueName":"search_term_string"}}],"inLanguage":"es-AR"},{"@type":"Organization","@id":"https:\/\/cooltivarte.com\/portal\/#organization","name":"cooltivarte","url":"https:\/\/cooltivarte.com\/portal\/","logo":{"@type":"ImageObject","inLanguage":"es-AR","@id":"https:\/\/cooltivarte.com\/portal\/#\/schema\/logo\/image\/","url":"https:\/\/cooltivarte.com\/portal\/wp-content\/uploads\/2020\/04\/logo-cooltivarte-v2.png","contentUrl":"https:\/\/cooltivarte.com\/portal\/wp-content\/uploads\/2020\/04\/logo-cooltivarte-v2.png","width":851,"height":243,"caption":"cooltivarte"},"image":{"@id":"https:\/\/cooltivarte.com\/portal\/#\/schema\/logo\/image\/"},"sameAs":["https:\/\/www.facebook.com\/cooltivartecom\/","https:\/\/x.com\/obolocultural","https:\/\/www.instagram.com\/_cooltivarte_\/","https:\/\/www.linkedin.com\/company\/-bolocultural?reportsuccess=8zaNG1HwhPbAR9iQhZ5rfGeqz_vQFftHun0ZWU0Wy9vNemRJ8vtcKdJvzQfW8XagyOJSKg0XvfJ1dp","https:\/\/www.pinterest.com\/cooltivarte\/","https:\/\/cooltivarte.tumblr.com\/","https:\/\/www.tiktok.com\/@cooltivarte","https:\/\/www.youtube.com\/@PrensaCooltivarte"]},{"@type":"Person","@id":"https:\/\/cooltivarte.com\/portal\/#\/schema\/person\/e6065430240320d012b4c5e7e6fd8ebd","name":"Mar\u00eda Fernanda Vird\u00f3","image":{"@type":"ImageObject","inLanguage":"es-AR","@id":"https:\/\/cooltivarte.com\/portal\/wp-content\/uploads\/2024\/11\/Maria-Fernanda-Virdo-2-120x120.jpeg","url":"https:\/\/cooltivarte.com\/portal\/wp-content\/uploads\/2024\/11\/Maria-Fernanda-Virdo-2-120x120.jpeg","contentUrl":"https:\/\/cooltivarte.com\/portal\/wp-content\/uploads\/2024\/11\/Maria-Fernanda-Virdo-2-120x120.jpeg","caption":"Mar\u00eda Fernanda Vird\u00f3"},"sameAs":["https:\/\/www.facebook.com\/profile.php?id=100082135684669","https:\/\/www.instagram.com\/mariafernandavirdo_33_44","https:\/\/www.linkedin.com\/company\/-bolocultural","https:\/\/www.pinterest.com\/cooltivarte","https:\/\/x.com\/https:\/\/x.com\/obolocultural","https:\/\/www.youtube.com\/@PrensaCooltivarte","https:\/\/www.tumblr.com\/blog\/cooltivarte"],"url":"https:\/\/cooltivarte.com\/portal\/author\/maria-fernanda-virdo\/"}]}},"_links":{"self":[{"href":"https:\/\/cooltivarte.com\/portal\/wp-json\/wp\/v2\/posts\/112086","targetHints":{"allow":["GET"]}}],"collection":[{"href":"https:\/\/cooltivarte.com\/portal\/wp-json\/wp\/v2\/posts"}],"about":[{"href":"https:\/\/cooltivarte.com\/portal\/wp-json\/wp\/v2\/types\/post"}],"author":[{"embeddable":true,"href":"https:\/\/cooltivarte.com\/portal\/wp-json\/wp\/v2\/users\/214"}],"replies":[{"embeddable":true,"href":"https:\/\/cooltivarte.com\/portal\/wp-json\/wp\/v2\/comments?post=112086"}],"version-history":[{"count":5,"href":"https:\/\/cooltivarte.com\/portal\/wp-json\/wp\/v2\/posts\/112086\/revisions"}],"predecessor-version":[{"id":112095,"href":"https:\/\/cooltivarte.com\/portal\/wp-json\/wp\/v2\/posts\/112086\/revisions\/112095"}],"wp:featuredmedia":[{"embeddable":true,"href":"https:\/\/cooltivarte.com\/portal\/wp-json\/wp\/v2\/media\/112091"}],"wp:attachment":[{"href":"https:\/\/cooltivarte.com\/portal\/wp-json\/wp\/v2\/media?parent=112086"}],"wp:term":[{"taxonomy":"category","embeddable":true,"href":"https:\/\/cooltivarte.com\/portal\/wp-json\/wp\/v2\/categories?post=112086"},{"taxonomy":"post_tag","embeddable":true,"href":"https:\/\/cooltivarte.com\/portal\/wp-json\/wp\/v2\/tags?post=112086"}],"curies":[{"name":"wp","href":"https:\/\/api.w.org\/{rel}","templated":true}]}}