{"id":111888,"date":"2025-03-28T19:42:33","date_gmt":"2025-03-28T22:42:33","guid":{"rendered":"https:\/\/cooltivarte.com\/portal\/?p=111888"},"modified":"2025-03-28T19:52:58","modified_gmt":"2025-03-28T22:52:58","slug":"professor-harp-en-sala-camacua","status":"publish","type":"post","link":"https:\/\/cooltivarte.com\/portal\/professor-harp-en-sala-camacua\/","title":{"rendered":"Professor Harp en Sala Camacu\u00e1"},"content":{"rendered":"<figure id=\"attachment_111889\" aria-describedby=\"caption-attachment-111889\" style=\"width: 1024px\" class=\"wp-caption aligncenter\"><img fetchpriority=\"high\" decoding=\"async\" class=\"wp-image-111889 size-large\" title=\"Professor Harp - Sala Camacu\u00e1 - 26 de marzo 2025 - Fotos Rossana Gaudioso\" src=\"https:\/\/cooltivarte.com\/portal\/wp-content\/uploads\/2025\/03\/Professor-Harp-Sala-Camacua-26-de-marzo-2025-Fotos-Rossana-Gaudioso-1024x679.jpg\" alt=\"Professor Harp - Sala Camacu\u00e1 - 26 de marzo 2025 - Fotos Rossana Gaudioso\" width=\"1024\" height=\"679\" srcset=\"https:\/\/cooltivarte.com\/portal\/wp-content\/uploads\/2025\/03\/Professor-Harp-Sala-Camacua-26-de-marzo-2025-Fotos-Rossana-Gaudioso-1024x679.jpg 1024w, https:\/\/cooltivarte.com\/portal\/wp-content\/uploads\/2025\/03\/Professor-Harp-Sala-Camacua-26-de-marzo-2025-Fotos-Rossana-Gaudioso-300x199.jpg 300w, https:\/\/cooltivarte.com\/portal\/wp-content\/uploads\/2025\/03\/Professor-Harp-Sala-Camacua-26-de-marzo-2025-Fotos-Rossana-Gaudioso-768x509.jpg 768w, https:\/\/cooltivarte.com\/portal\/wp-content\/uploads\/2025\/03\/Professor-Harp-Sala-Camacua-26-de-marzo-2025-Fotos-Rossana-Gaudioso-1536x1018.jpg 1536w, https:\/\/cooltivarte.com\/portal\/wp-content\/uploads\/2025\/03\/Professor-Harp-Sala-Camacua-26-de-marzo-2025-Fotos-Rossana-Gaudioso.jpg 2048w\" sizes=\"(max-width: 1024px) 100vw, 1024px\" \/><figcaption id=\"caption-attachment-111889\" class=\"wp-caption-text\">Professor Harp &#8211; Sala Camacu\u00e1 &#8211; 26 de marzo 2025 &#8211; Fotos Rossana Gaudioso<\/figcaption><\/figure>\n<p>&nbsp;<\/p>\n<p><span style=\"font-weight: 400;\">El <a href=\"https:\/\/cooltivarte.com\/portal\/?s=Club+del+Blues\" target=\"_blank\" rel=\"noopener\"><strong>Club del Blues<\/strong><\/a> lo hizo de nuevo. Un mi\u00e9rcoles de fin del verano austral, logr\u00f3 colmar la <a href=\"https:\/\/www.salacamacua.uy\/\" target=\"_blank\" rel=\"noopener\"><strong>Sala Camacu\u00e1<\/strong><\/a> para ver el show de blues de <a href=\"https:\/\/cooltivarte.com\/portal\/?s=La+M%C3%A1quina+a+Vapor\" target=\"_blank\" rel=\"noopener\"><strong>La M\u00e1quina a Vapor<\/strong><\/a> y luego el plato fuerte: <a href=\"https:\/\/cooltivarte.com\/portal\/?s=Professor+Harp\" target=\"_blank\" rel=\"noopener\"><strong>Professor Harp<\/strong><\/a>, por primera vez directamente desde Boston a Montevideo.<\/span><\/p>\n<p><span style=\"font-weight: 400;\">Con un vestuario discreto -comparado con anteriores figuras que nos han visitado-, el Profesor se subi\u00f3 al escenario portando morral, bolsito con arm\u00f3nicas, boina negra, auriculares al cuello e impecables mocasines blancos; para una vez m\u00e1s ser el \u00fanico afro en una sala atiborrada de cauc\u00e1sicos de toda \u00edndole. Aparentemente es una situaci\u00f3n que no le es ajena, como reza en su sitio web <\/span><a href=\"https:\/\/www.professorharp.com\/\" target=\"_blank\" rel=\"noopener\"><span style=\"font-weight: 400;\">www.professorharp.com<\/span><\/a><span style=\"font-weight: 400;\">: \u201cNo importa que mi vida como Bluesman que vive en un mar de blancos aqu\u00ed en el \u00e1rea de Nueva Inglaterra no ha sido m\u00e1s que una lucha viciosa, luchando contra el racismo que es inherente a nuestra parte del mundo. (\u2026) No, nunca dej\u00e9 de intentarlo.\u201d<\/span><\/p>\n<p><span style=\"font-weight: 400;\">Acompa\u00f1ado por la banda soporte habitual, llev\u00f3 a cabo su show mientras en un costado del escenario un par de artistas pl\u00e1sticos interven\u00edan un lienzo en blanco hasta completar una obra pl\u00e1stica en vivo \u00fanica.<\/span><\/p>\n<p><span style=\"font-weight: 400;\">Luego de un inicio con algunos detalles t\u00e9cnicos en el retorno, los m\u00fasicos se empiezan a aflojar y afloran las primeras sonrisas. El Profesor les dirige con sus dos dedos \u00edndices, ellos acatan obedientemente y luego pide una \u201covaci\u00f3n\u201d para recibir al \u201ctalento local\u201d: <a href=\"https:\/\/cooltivarte.com\/portal\/?s=Hern%C3%A1n+Poloni\" target=\"_blank\" rel=\"noopener\"><strong>Hern\u00e1n Poloni<\/strong><\/a> en guitarra.<\/span><\/p>\n<p><span style=\"font-weight: 400;\">Entre tema y tema, Harp nos dirige unas palabras, presentando la siguiente canci\u00f3n. Realmente creo que poca gente le entiende, no s\u00e9 si por falta de ingl\u00e9s o por su acento. De todas formas, \u00e9l insiste y logro identificar que nos lleva por canciones que hablan de Boston, Chicago, West Cost, Louisiana\u2026 y aparentemente todas son sus favoritas.<\/span><\/p>\n<p><span style=\"font-weight: 400;\">Toca diversos modelos de arm\u00f3nica y cuando no lo hace, se aferra al micr\u00f3fono y canta con gran pasi\u00f3n. Nos regala un solo de arm\u00f3nica y luego la guitarra es la protagonista, bajo todos los focos, mientras su instrumento nos trae sonidos del tren a lo lejos, o dolorosos lamentos.<\/span><\/p>\n<p><span style=\"font-weight: 400;\">El artista de honor se toma el tiempo para presentar a cada uno de los integrantes de la banda: <strong>Adri\u00e1n \u201cthe boss\u201d Flores<\/strong> en bater\u00eda, <strong>Junior Flores<\/strong> en bajo, ambos de C\u00f3rdoba; <strong>Hern\u00e1n<\/strong> en guitarra y <strong>Alejandro Bravo<\/strong> invitado de Entre R\u00edos tambi\u00e9n en guitarra.<\/span><\/p>\n<p><span style=\"font-weight: 400;\">Ya a esta altura los m\u00fasicos est\u00e1n totalmente entregados: bailan, hacen caras, cruzan miradas, disfrutan como locos, y el p\u00fablico recibe y devuelve la misma energ\u00eda.<\/span><\/p>\n<p><span style=\"font-weight: 400;\">Cambio de arm\u00f3nica, el profesor guard\u00f3 lo mejor para el final. Presenta un instrumento sensiblemente m\u00e1s grande y el sonido es muy distinto, casi como un \u00f3rgano, y lo interpreta con gran virtuosismo y por supuesto gran caudal y control respiratorio.<\/span><\/p>\n<p><span style=\"font-weight: 400;\">El \u00faltimo tema termina sorpresivamente y nos deja a todos boquiabiertos, con ganas de seguir disfrutando la magia del blues en la noche montevideana.<\/span><\/p>\n<p><span style=\"font-weight: 400;\">Harp convoca a <strong>La M\u00e1quina a Vapor<\/strong> al escenario para terminar la noche a toda fiesta. Retorna a una arm\u00f3nica m\u00e1s peque\u00f1a y logra hacer todo tipo de sonidos, silbidos, graves, agudos. Para la \u00faltima canci\u00f3n prefiere solo cantarnos, y con gran generosidad deja que cada instrumentista tenga su momento, escuch\u00e1ndoles con mucha atenci\u00f3n. Al finalizar, promociona la venta de su cd recientemente grabado en Brasil, firma el cuadro terminado y accede a m\u00faltiples pedidos de fotos del p\u00fablico que se va feliz, extasiado por la gran noche vivida.<\/span><\/p>\n<p>&nbsp;<br \/>\n&nbsp;<\/p>\n<h3>&nbsp;<a href=\"https:\/\/www.facebook.com\/media\/set\/?set=a.1188645129966011&amp;type=3\" target=\"_blank\" rel=\"noopener\">Ir a la fotogaler\u00eda<\/a><\/h3>\n<p><iframe style=\"border: none; overflow: hidden;\" src=\"https:\/\/www.facebook.com\/plugins\/post.php?href=https%3A%2F%2Fwww.facebook.com%2Fmedia%2Fset%2F%3Fset%3Da.1188645129966011%26type%3D3&amp;width=100%\" width=\"100%\" height=\"669\" frameborder=\"0\" scrolling=\"no\"><\/iframe><br \/>\n&nbsp;<br \/>\n&nbsp;<\/p>\n<blockquote class=\"instagram-media\" style=\"background: #FFF; border: 0; border-radius: 3px; box-shadow: 0 0 1px 0 rgba(0,0,0,0.5),0 1px 10px 0 rgba(0,0,0,0.15); margin: 1px; max-width: 540px; min-width: 326px; padding: 0; width: calc(100% - 2px);\" data-instgrm-captioned=\"\" data-instgrm-permalink=\"https:\/\/www.instagram.com\/p\/DHwqtOWOTmr\/?utm_source=ig_embed&amp;utm_campaign=loading\" data-instgrm-version=\"14\">\n<div style=\"padding: 16px;\">\n<p>&nbsp;<\/p>\n<div style=\"display: flex; flex-direction: row; align-items: center;\">\n<div style=\"background-color: #f4f4f4; border-radius: 50%; flex-grow: 0; height: 40px; margin-right: 14px; width: 40px;\">&nbsp;<\/div>\n<div style=\"display: flex; flex-direction: column; flex-grow: 1; justify-content: center;\">\n<div style=\"background-color: #f4f4f4; border-radius: 4px; flex-grow: 0; height: 14px; margin-bottom: 6px; width: 100px;\">&nbsp;<\/div>\n<div style=\"background-color: #f4f4f4; border-radius: 4px; flex-grow: 0; height: 14px; width: 60px;\">&nbsp;<\/div>\n<\/div>\n<\/div>\n<div style=\"padding: 19% 0;\">&nbsp;<\/div>\n<div style=\"display: block; height: 50px; margin: 0 auto 12px; width: 50px;\">&nbsp;<\/div>\n<div style=\"padding-top: 8px;\">\n<div style=\"color: #3897f0; font-family: Arial,sans-serif; font-size: 14px; font-style: normal; font-weight: 550; line-height: 18px;\">Ver esta publicaci\u00f3n en Instagram<\/div>\n<\/div>\n<div style=\"padding: 12.5% 0;\">&nbsp;<\/div>\n<div style=\"display: flex; flex-direction: row; margin-bottom: 14px; align-items: center;\">\n<div>\n<div style=\"background-color: #f4f4f4; border-radius: 50%; height: 12.5px; width: 12.5px; transform: translateX(0px) translateY(7px);\">&nbsp;<\/div>\n<div style=\"background-color: #f4f4f4; height: 12.5px; transform: rotate(-45deg) translateX(3px) translateY(1px); width: 12.5px; flex-grow: 0; margin-right: 14px; margin-left: 2px;\">&nbsp;<\/div>\n<div style=\"background-color: #f4f4f4; border-radius: 50%; height: 12.5px; width: 12.5px; transform: translateX(9px) translateY(-18px);\">&nbsp;<\/div>\n<\/div>\n<div style=\"margin-left: 8px;\">\n<div style=\"background-color: #f4f4f4; border-radius: 50%; flex-grow: 0; height: 20px; width: 20px;\">&nbsp;<\/div>\n<div style=\"width: 0; height: 0; border-top: 2px solid transparent; border-left: 6px solid #f4f4f4; border-bottom: 2px solid transparent; transform: translateX(16px) translateY(-4px) rotate(30deg);\">&nbsp;<\/div>\n<\/div>\n<div style=\"margin-left: auto;\">\n<div style=\"width: 0px; border-top: 8px solid #F4F4F4; border-right: 8px solid transparent; transform: translateY(16px);\">&nbsp;<\/div>\n<div style=\"background-color: #f4f4f4; flex-grow: 0; height: 12px; width: 16px; transform: translateY(-4px);\">&nbsp;<\/div>\n<div style=\"width: 0; height: 0; border-top: 8px solid #F4F4F4; border-left: 8px solid transparent; transform: translateY(-4px) translateX(8px);\">&nbsp;<\/div>\n<\/div>\n<\/div>\n<div style=\"display: flex; flex-direction: column; flex-grow: 1; justify-content: center; margin-bottom: 24px;\">\n<div style=\"background-color: #f4f4f4; border-radius: 4px; flex-grow: 0; height: 14px; margin-bottom: 6px; width: 224px;\">&nbsp;<\/div>\n<div style=\"background-color: #f4f4f4; border-radius: 4px; flex-grow: 0; height: 14px; width: 144px;\">&nbsp;<\/div>\n<\/div>\n<p>&nbsp;<\/p>\n<p style=\"color: #c9c8cd; font-family: Arial,sans-serif; font-size: 14px; line-height: 17px; margin-bottom: 0; margin-top: 8px; overflow: hidden; padding: 8px 0 7px; text-align: center; text-overflow: ellipsis; white-space: nowrap;\"><a style=\"color: #c9c8cd; font-family: Arial,sans-serif; font-size: 14px; font-style: normal; font-weight: normal; line-height: 17px; text-decoration: none;\" href=\"https:\/\/www.instagram.com\/p\/DHwqtOWOTmr\/?utm_source=ig_embed&amp;utm_campaign=loading\" target=\"_blank\" rel=\"noopener\">Una publicaci\u00f3n compartida por cooltivarte.com (@_cooltivarte_)<\/a><\/p>\n<\/div>\n<\/blockquote>\n<p><script async=\"\" src=\"\/\/www.instagram.com\/embed.js\"><\/script><br \/>\n&nbsp;<\/p>\n","protected":false},"excerpt":{"rendered":"<p>El Club del Blues lo hizo de nuevo. Un mi\u00e9rcoles de fin del verano austral, logr\u00f3 colmar la Sala Camacu\u00e1 para ver el show de blues de La M\u00e1quina a Vapor y luego el plato fuerte: Professor Harp, por primera vez directamente desde Boston a Montevideo.<\/p>\n<p>Con un vestuario discreto -comparado con anteriores figuras que nos han visitado-, el Profesor se subi\u00f3 al escenario portando morral, bolsito con arm\u00f3nicas, boina negra, auriculares al cuello e impecables mocasines blancos; para una vez m\u00e1s ser el \u00fanico afro en una sala atiborrada de cauc\u00e1sicos de toda \u00edndole.<\/p>\n","protected":false},"author":221,"featured_media":111889,"comment_status":"closed","ping_status":"closed","sticky":false,"template":"","format":"standard","meta":{"om_disable_all_campaigns":false,"ngg_post_thumbnail":0,"jnews-multi-image_gallery":[],"jnews_single_post":{"format":"standard","override":[{"template":"4","parallax":"1","layout":"right-sidebar","sidebar":"default-sidebar","second_sidebar":"default-sidebar","sticky_sidebar":"1","share_position":"bottom","share_float_style":"share-monocrhome","show_share_counter":"1","show_view_counter":"1","show_featured":"1","show_post_meta":"1","show_post_author":"1","show_post_author_image":"1","show_post_date":"1","post_date_format":"default","post_date_format_custom":"Y\/m\/d","show_post_category":"1","post_reading_time_wpm":"300","post_calculate_word_method":"str_word_count","zoom_button_out_step":"2","zoom_button_in_step":"3","show_post_tag":"1","show_prev_next_post":"1","show_popup_post":"1","number_popup_post":"1","show_author_box":"1","show_post_related":"0","show_inline_post_related":"0"}],"image_override":[{"single_post_thumbnail_size":"no-crop","single_post_gallery_size":"crop-500"}],"trending_post_position":"meta","trending_post_label":"Trending","sponsored_post_label":"Sponsored by","disable_ad":"0","subtitle":"La M\u00e1quina a Vapor - 26 de marzo 2025"},"jnews_primary_category":[],"jnews_social_meta":[],"jnews_override_counter":{"view_counter_number":"0","share_counter_number":"0","like_counter_number":"0","dislike_counter_number":"0"},"footnotes":""},"categories":[50],"tags":[19354,19355,23740],"class_list":["post-111888","post","type-post","status-publish","format-standard","has-post-thumbnail","hentry","category-coberturas","tag-club-del-blues","tag-la-maquina-a-vapor","tag-professor-harp"],"yoast_head":"<!-- This site is optimized with the Yoast SEO plugin v27.5 - https:\/\/yoast.com\/product\/yoast-seo-wordpress\/ -->\n<title>Professor Harp en Sala Camacu\u00e1 - Cooltivarte Portal<\/title>\n<meta name=\"description\" content=\"El Club del Blues lo hizo de nuevo. Un mi\u00e9rcoles de fin del verano austral, logr\u00f3 colmar la Sala Camacu\u00e1 para ver el show de blues de La M\u00e1quina a Vapor y luego el plato fuerte: Professor Harp, por primera vez directamente desde Boston a Montevideo.\" \/>\n<meta name=\"robots\" content=\"index, follow, max-snippet:-1, max-image-preview:large, max-video-preview:-1\" \/>\n<link rel=\"canonical\" href=\"https:\/\/cooltivarte.com\/portal\/professor-harp-en-sala-camacua\/\" \/>\n<meta property=\"og:locale\" content=\"es_ES\" \/>\n<meta property=\"og:type\" content=\"article\" \/>\n<meta property=\"og:title\" content=\"Professor Harp &amp; Blues Special Band - La M\u00e1quina a Vapor \u2013 Sala Camacu\u00e1 \u2013 26 de marzo 2025 by Mar\u00eda Jos\u00e9 Pieri - Foto Rossana Gaudioso\" \/>\n<meta property=\"og:description\" content=\"El Club del Blues lo hizo de nuevo. Un mi\u00e9rcoles de fin del verano austral, logr\u00f3 colmar la Sala Camacu\u00e1 para ver el show de blues de La M\u00e1quina a Vapor y luego el plato fuerte: Professor Harp, por primera vez directamente desde Boston a Montevideo.\" \/>\n<meta property=\"og:url\" content=\"https:\/\/cooltivarte.com\/portal\/professor-harp-en-sala-camacua\/\" \/>\n<meta property=\"og:site_name\" content=\"Cooltivarte Portal\" \/>\n<meta property=\"article:publisher\" content=\"https:\/\/www.facebook.com\/cooltivartecom\/\" \/>\n<meta property=\"article:author\" content=\"https:\/\/www.facebook.com\/maria.jose.pieri\" \/>\n<meta property=\"article:published_time\" content=\"2025-03-28T22:42:33+00:00\" \/>\n<meta property=\"article:modified_time\" content=\"2025-03-28T22:52:58+00:00\" \/>\n<meta property=\"og:image\" content=\"https:\/\/cooltivarte.com\/portal\/wp-content\/uploads\/2025\/03\/Professor-Harp-Sala-Camacua-26-de-marzo-2025-Fotos-Rossana-Gaudioso.jpg\" \/>\n\t<meta property=\"og:image:width\" content=\"2048\" \/>\n\t<meta property=\"og:image:height\" content=\"1357\" \/>\n\t<meta property=\"og:image:type\" content=\"image\/jpeg\" \/>\n<meta name=\"author\" content=\"Mar\u00eda Jos\u00e9 Pieri\" \/>\n<meta name=\"twitter:card\" content=\"summary_large_image\" \/>\n<meta name=\"twitter:title\" content=\"Professor Harp &amp; Blues Special Band - La M\u00e1quina a Vapor \u2013 Sala Camacu\u00e1 \u2013 26 de marzo 2025 by Mar\u00eda Jos\u00e9 Pieri - Foto Rossana Gaudioso\" \/>\n<meta name=\"twitter:description\" content=\"El Club del Blues lo hizo de nuevo. Un mi\u00e9rcoles de fin del verano austral, logr\u00f3 colmar la Sala Camacu\u00e1 para ver el show de blues de La M\u00e1quina a Vapor y luego el plato fuerte: Professor Harp, por primera vez directamente desde Boston a Montevideo.\" \/>\n<meta name=\"twitter:image\" content=\"https:\/\/cooltivarte.com\/portal\/wp-content\/uploads\/2025\/03\/Professor-Harp-Sala-Camacua-26-de-marzo-2025-Fotos-Rossana-Gaudioso.jpg\" \/>\n<meta name=\"twitter:creator\" content=\"@https:\/\/x.com\/majo70\" \/>\n<meta name=\"twitter:site\" content=\"@obolocultural\" \/>\n<meta name=\"twitter:label1\" content=\"Escrito por\" \/>\n\t<meta name=\"twitter:data1\" content=\"Mar\u00eda Jos\u00e9 Pieri\" \/>\n\t<meta name=\"twitter:label2\" content=\"Tiempo de lectura\" \/>\n\t<meta name=\"twitter:data2\" content=\"4 minutos\" \/>\n<!-- \/ Yoast SEO plugin. -->","yoast_head_json":{"title":"Professor Harp en Sala Camacu\u00e1 - Cooltivarte Portal","description":"El Club del Blues lo hizo de nuevo. Un mi\u00e9rcoles de fin del verano austral, logr\u00f3 colmar la Sala Camacu\u00e1 para ver el show de blues de La M\u00e1quina a Vapor y luego el plato fuerte: Professor Harp, por primera vez directamente desde Boston a Montevideo.","robots":{"index":"index","follow":"follow","max-snippet":"max-snippet:-1","max-image-preview":"max-image-preview:large","max-video-preview":"max-video-preview:-1"},"canonical":"https:\/\/cooltivarte.com\/portal\/professor-harp-en-sala-camacua\/","og_locale":"es_ES","og_type":"article","og_title":"Professor Harp & Blues Special Band - La M\u00e1quina a Vapor \u2013 Sala Camacu\u00e1 \u2013 26 de marzo 2025 by Mar\u00eda Jos\u00e9 Pieri - Foto Rossana Gaudioso","og_description":"El Club del Blues lo hizo de nuevo. Un mi\u00e9rcoles de fin del verano austral, logr\u00f3 colmar la Sala Camacu\u00e1 para ver el show de blues de La M\u00e1quina a Vapor y luego el plato fuerte: Professor Harp, por primera vez directamente desde Boston a Montevideo.","og_url":"https:\/\/cooltivarte.com\/portal\/professor-harp-en-sala-camacua\/","og_site_name":"Cooltivarte Portal","article_publisher":"https:\/\/www.facebook.com\/cooltivartecom\/","article_author":"https:\/\/www.facebook.com\/maria.jose.pieri","article_published_time":"2025-03-28T22:42:33+00:00","article_modified_time":"2025-03-28T22:52:58+00:00","og_image":[{"width":2048,"height":1357,"url":"https:\/\/cooltivarte.com\/portal\/wp-content\/uploads\/2025\/03\/Professor-Harp-Sala-Camacua-26-de-marzo-2025-Fotos-Rossana-Gaudioso.jpg","type":"image\/jpeg"}],"author":"Mar\u00eda Jos\u00e9 Pieri","twitter_card":"summary_large_image","twitter_title":"Professor Harp & Blues Special Band - La M\u00e1quina a Vapor \u2013 Sala Camacu\u00e1 \u2013 26 de marzo 2025 by Mar\u00eda Jos\u00e9 Pieri - Foto Rossana Gaudioso","twitter_description":"El Club del Blues lo hizo de nuevo. Un mi\u00e9rcoles de fin del verano austral, logr\u00f3 colmar la Sala Camacu\u00e1 para ver el show de blues de La M\u00e1quina a Vapor y luego el plato fuerte: Professor Harp, por primera vez directamente desde Boston a Montevideo.","twitter_image":"https:\/\/cooltivarte.com\/portal\/wp-content\/uploads\/2025\/03\/Professor-Harp-Sala-Camacua-26-de-marzo-2025-Fotos-Rossana-Gaudioso.jpg","twitter_creator":"@https:\/\/x.com\/majo70","twitter_site":"@obolocultural","twitter_misc":{"Escrito por":"Mar\u00eda Jos\u00e9 Pieri","Tiempo de lectura":"4 minutos"},"schema":{"@context":"https:\/\/schema.org","@graph":[{"@type":"NewsArticle","@id":"https:\/\/cooltivarte.com\/portal\/professor-harp-en-sala-camacua\/#article","isPartOf":{"@id":"https:\/\/cooltivarte.com\/portal\/professor-harp-en-sala-camacua\/"},"author":{"name":"Mar\u00eda Jos\u00e9 Pieri","@id":"https:\/\/cooltivarte.com\/portal\/#\/schema\/person\/06ef0e0148e87cc17ab57dd1c0ecab47"},"headline":"Professor Harp en Sala Camacu\u00e1","datePublished":"2025-03-28T22:42:33+00:00","dateModified":"2025-03-28T22:52:58+00:00","mainEntityOfPage":{"@id":"https:\/\/cooltivarte.com\/portal\/professor-harp-en-sala-camacua\/"},"wordCount":685,"publisher":{"@id":"https:\/\/cooltivarte.com\/portal\/#organization"},"image":{"@id":"https:\/\/cooltivarte.com\/portal\/professor-harp-en-sala-camacua\/#primaryimage"},"thumbnailUrl":"https:\/\/cooltivarte.com\/portal\/wp-content\/uploads\/2025\/03\/Professor-Harp-Sala-Camacua-26-de-marzo-2025-Fotos-Rossana-Gaudioso.jpg","keywords":["Club del Blues","La M\u00e1quina a Vapor","Professor Harp"],"articleSection":["Coberturas"],"inLanguage":"es-AR"},{"@type":"WebPage","@id":"https:\/\/cooltivarte.com\/portal\/professor-harp-en-sala-camacua\/","url":"https:\/\/cooltivarte.com\/portal\/professor-harp-en-sala-camacua\/","name":"Professor Harp en Sala Camacu\u00e1 - Cooltivarte Portal","isPartOf":{"@id":"https:\/\/cooltivarte.com\/portal\/#website"},"primaryImageOfPage":{"@id":"https:\/\/cooltivarte.com\/portal\/professor-harp-en-sala-camacua\/#primaryimage"},"image":{"@id":"https:\/\/cooltivarte.com\/portal\/professor-harp-en-sala-camacua\/#primaryimage"},"thumbnailUrl":"https:\/\/cooltivarte.com\/portal\/wp-content\/uploads\/2025\/03\/Professor-Harp-Sala-Camacua-26-de-marzo-2025-Fotos-Rossana-Gaudioso.jpg","datePublished":"2025-03-28T22:42:33+00:00","dateModified":"2025-03-28T22:52:58+00:00","description":"El Club del Blues lo hizo de nuevo. Un mi\u00e9rcoles de fin del verano austral, logr\u00f3 colmar la Sala Camacu\u00e1 para ver el show de blues de La M\u00e1quina a Vapor y luego el plato fuerte: Professor Harp, por primera vez directamente desde Boston a Montevideo.","breadcrumb":{"@id":"https:\/\/cooltivarte.com\/portal\/professor-harp-en-sala-camacua\/#breadcrumb"},"inLanguage":"es-AR","potentialAction":[{"@type":"ReadAction","target":["https:\/\/cooltivarte.com\/portal\/professor-harp-en-sala-camacua\/"]}]},{"@type":"ImageObject","inLanguage":"es-AR","@id":"https:\/\/cooltivarte.com\/portal\/professor-harp-en-sala-camacua\/#primaryimage","url":"https:\/\/cooltivarte.com\/portal\/wp-content\/uploads\/2025\/03\/Professor-Harp-Sala-Camacua-26-de-marzo-2025-Fotos-Rossana-Gaudioso.jpg","contentUrl":"https:\/\/cooltivarte.com\/portal\/wp-content\/uploads\/2025\/03\/Professor-Harp-Sala-Camacua-26-de-marzo-2025-Fotos-Rossana-Gaudioso.jpg","width":2048,"height":1357,"caption":"Professor Harp - Sala Camacu\u00e1 - 26 de marzo 2025 - Fotos Rossana Gaudioso"},{"@type":"BreadcrumbList","@id":"https:\/\/cooltivarte.com\/portal\/professor-harp-en-sala-camacua\/#breadcrumb","itemListElement":[{"@type":"ListItem","position":1,"name":"Portada","item":"https:\/\/cooltivarte.com\/portal\/"},{"@type":"ListItem","position":2,"name":"Professor Harp en Sala Camacu\u00e1"}]},{"@type":"WebSite","@id":"https:\/\/cooltivarte.com\/portal\/#website","url":"https:\/\/cooltivarte.com\/portal\/","name":"Cooltivarte Portal","description":"Arte, cultura y turismo para el mundo ...","publisher":{"@id":"https:\/\/cooltivarte.com\/portal\/#organization"},"potentialAction":[{"@type":"SearchAction","target":{"@type":"EntryPoint","urlTemplate":"https:\/\/cooltivarte.com\/portal\/?s={search_term_string}"},"query-input":{"@type":"PropertyValueSpecification","valueRequired":true,"valueName":"search_term_string"}}],"inLanguage":"es-AR"},{"@type":"Organization","@id":"https:\/\/cooltivarte.com\/portal\/#organization","name":"cooltivarte","url":"https:\/\/cooltivarte.com\/portal\/","logo":{"@type":"ImageObject","inLanguage":"es-AR","@id":"https:\/\/cooltivarte.com\/portal\/#\/schema\/logo\/image\/","url":"https:\/\/cooltivarte.com\/portal\/wp-content\/uploads\/2020\/04\/logo-cooltivarte-v2.png","contentUrl":"https:\/\/cooltivarte.com\/portal\/wp-content\/uploads\/2020\/04\/logo-cooltivarte-v2.png","width":851,"height":243,"caption":"cooltivarte"},"image":{"@id":"https:\/\/cooltivarte.com\/portal\/#\/schema\/logo\/image\/"},"sameAs":["https:\/\/www.facebook.com\/cooltivartecom\/","https:\/\/x.com\/obolocultural","https:\/\/www.instagram.com\/_cooltivarte_\/","https:\/\/www.linkedin.com\/company\/-bolocultural?reportsuccess=8zaNG1HwhPbAR9iQhZ5rfGeqz_vQFftHun0ZWU0Wy9vNemRJ8vtcKdJvzQfW8XagyOJSKg0XvfJ1dp","https:\/\/www.pinterest.com\/cooltivarte\/","https:\/\/cooltivarte.tumblr.com\/","https:\/\/www.tiktok.com\/@cooltivarte","https:\/\/www.youtube.com\/@PrensaCooltivarte"]},{"@type":"Person","@id":"https:\/\/cooltivarte.com\/portal\/#\/schema\/person\/06ef0e0148e87cc17ab57dd1c0ecab47","name":"Mar\u00eda Jos\u00e9 Pieri","image":{"@type":"ImageObject","inLanguage":"es-AR","@id":"https:\/\/cooltivarte.com\/portal\/wp-content\/uploads\/2024\/07\/Majo-Pieri-120x120.jpeg","url":"https:\/\/cooltivarte.com\/portal\/wp-content\/uploads\/2024\/07\/Majo-Pieri-120x120.jpeg","contentUrl":"https:\/\/cooltivarte.com\/portal\/wp-content\/uploads\/2024\/07\/Majo-Pieri-120x120.jpeg","caption":"Mar\u00eda Jos\u00e9 Pieri"},"description":"UDELAR, CIENCIAS DE LA COMUNICACI\u00d3N Mujer y madre de adolescente, descubr\u00ed hace a\u00f1os el mundo de la producci\u00f3n teatral, en b\u00fasqueda de profundizar en conocimientos y herramientas para poder desarrollar m\u00e1s esa veta en presente y futuro.","sameAs":["https:\/\/cooltivarte.com\/portal\/author\/maria-jose-pieri\/","https:\/\/www.facebook.com\/maria.jose.pieri","https:\/\/www.instagram.com\/majo_p970\/","https:\/\/www.linkedin.com\/in\/maria-jose-pieri-5939a921\/","https:\/\/www.pinterest.com\/cooltivarte","https:\/\/x.com\/https:\/\/x.com\/majo70","https:\/\/www.youtube.com\/@PrensaCooltivarte","https:\/\/www.tumblr.com\/blog\/cooltivarte"],"url":"https:\/\/cooltivarte.com\/portal\/author\/maria-jose-pieri\/"}]}},"_links":{"self":[{"href":"https:\/\/cooltivarte.com\/portal\/wp-json\/wp\/v2\/posts\/111888","targetHints":{"allow":["GET"]}}],"collection":[{"href":"https:\/\/cooltivarte.com\/portal\/wp-json\/wp\/v2\/posts"}],"about":[{"href":"https:\/\/cooltivarte.com\/portal\/wp-json\/wp\/v2\/types\/post"}],"author":[{"embeddable":true,"href":"https:\/\/cooltivarte.com\/portal\/wp-json\/wp\/v2\/users\/221"}],"replies":[{"embeddable":true,"href":"https:\/\/cooltivarte.com\/portal\/wp-json\/wp\/v2\/comments?post=111888"}],"version-history":[{"count":3,"href":"https:\/\/cooltivarte.com\/portal\/wp-json\/wp\/v2\/posts\/111888\/revisions"}],"predecessor-version":[{"id":111894,"href":"https:\/\/cooltivarte.com\/portal\/wp-json\/wp\/v2\/posts\/111888\/revisions\/111894"}],"wp:featuredmedia":[{"embeddable":true,"href":"https:\/\/cooltivarte.com\/portal\/wp-json\/wp\/v2\/media\/111889"}],"wp:attachment":[{"href":"https:\/\/cooltivarte.com\/portal\/wp-json\/wp\/v2\/media?parent=111888"}],"wp:term":[{"taxonomy":"category","embeddable":true,"href":"https:\/\/cooltivarte.com\/portal\/wp-json\/wp\/v2\/categories?post=111888"},{"taxonomy":"post_tag","embeddable":true,"href":"https:\/\/cooltivarte.com\/portal\/wp-json\/wp\/v2\/tags?post=111888"}],"curies":[{"name":"wp","href":"https:\/\/api.w.org\/{rel}","templated":true}]}}