{"id":110992,"date":"2025-03-06T19:08:11","date_gmt":"2025-03-06T22:08:11","guid":{"rendered":"https:\/\/cooltivarte.com\/portal\/?p=110992"},"modified":"2025-03-06T19:08:32","modified_gmt":"2025-03-06T22:08:32","slug":"marzo-2025-hace-22-anos-que-difundimos-cultura","status":"publish","type":"post","link":"https:\/\/cooltivarte.com\/portal\/marzo-2025-hace-22-anos-que-difundimos-cultura\/","title":{"rendered":"Marzo 2025 &#8211; hace 22 a\u00f1os que difundimos cultura"},"content":{"rendered":"<p><img fetchpriority=\"high\" decoding=\"async\" class=\"aligncenter wp-image-110994 size-full\" title=\"Marzo 2025 - hace 22 a\u00f1os que difundimos cultura.\" src=\"https:\/\/cooltivarte.com\/portal\/wp-content\/uploads\/2025\/03\/Marzo-2025-hace-22-anos-que-difundimos-cultura.jpg\" alt=\"Marzo 2025 - hace 22 a\u00f1os que difundimos cultura.\" width=\"350\" height=\"500\" srcset=\"https:\/\/cooltivarte.com\/portal\/wp-content\/uploads\/2025\/03\/Marzo-2025-hace-22-anos-que-difundimos-cultura.jpg 350w, https:\/\/cooltivarte.com\/portal\/wp-content\/uploads\/2025\/03\/Marzo-2025-hace-22-anos-que-difundimos-cultura-210x300.jpg 210w\" sizes=\"(max-width: 350px) 100vw, 350px\" \/><\/p>\n<div class=\"xdj266r x11i5rnm xat24cr x1mh8g0r x1vvkbs x126k92a\">\n<div dir=\"auto\">Marzo 2025 &#8211; hace 22 a\u00f1os que difundimos cultura.<\/div>\n<\/div>\n<div class=\"x11i5rnm xat24cr x1mh8g0r x1vvkbs xtlvy1s x126k92a\">\n<div dir=\"auto\">&nbsp;<\/div>\n<div dir=\"auto\">Con el bolet\u00edn \u00f3bolo cultural en sus inicios, transformado a <span class=\"html-span xdj266r x11i5rnm xat24cr x1mh8g0r xexx8yu x4uap5 x18d9i69 xkhd6sd x1hl2dhg x16tdsg8 x1vvkbs\"><a class=\"x1i10hfl xjbqb8w x1ejq31n xd10rxx x1sy0etr x17r0tee x972fbf xcfux6l x1qhh985 xm0m39n x9f619 x1ypdohk xt0psk2 xe8uvvx xdj266r x11i5rnm xat24cr x1mh8g0r xexx8yu x4uap5 x18d9i69 xkhd6sd x16tdsg8 x1hl2dhg xggy1nq x1a2a7pz xkrqix3 x1sur9pj x1fey0fg x1s688f\" tabindex=\"0\" role=\"link\" href=\"http:\/\/cooltivarte.com\/?fbclid=IwZXh0bgNhZW0CMTAAAR3470OBi95rkFbuEt7Czaf7-G3IvnnmR64mWOSP0N_tiHDSGU7ZO_Mt_is_aem_Q8IxFsffgq6HFpTGtYf4QQ\" target=\"_blank\" rel=\"nofollow noopener noreferrer\">cooltivarte.com<\/a><\/span><\/div>\n<\/div>\n<div class=\"x11i5rnm xat24cr x1mh8g0r x1vvkbs xtlvy1s x126k92a\">\n<div dir=\"auto\">&nbsp;<\/div>\n<div dir=\"auto\">Gracias a todos los colaboradores que se sumaron a la idea.<\/div>\n<\/div>\n<div class=\"x11i5rnm xat24cr x1mh8g0r x1vvkbs xtlvy1s x126k92a\">\n<div dir=\"auto\">&nbsp;<\/div>\n<div dir=\"auto\">Gracias a los que nos siguen y creen en el valor cultural.<\/div>\n<\/div>\n<div class=\"x11i5rnm xat24cr x1mh8g0r x1vvkbs xtlvy1s x126k92a\">\n<div dir=\"auto\">&nbsp;<\/div>\n<div dir=\"auto\">Pensamos Cooltivarte para que cuente con espacios de reflexi\u00f3n y no se limite s\u00f3lo a la simple difusi\u00f3n o cobertura de las actividades art\u00edsticas y sus creadores, es una raz\u00f3n medular para nosotros como realizadores del proyecto. Generar un espacio que invite a pensar el arte y la cultura, aportando argumentos, posibles causas y consecuencias, y a\u00fan desde la discrepancia tratar de intervenir y formar parte de una masa cr\u00edtica que consideramos esencial para la evoluci\u00f3n social y cultural de los ciudadanos.<\/div>\n<\/div>\n<div class=\"x11i5rnm xat24cr x1mh8g0r x1vvkbs xtlvy1s x126k92a\">\n<div dir=\"auto\">&nbsp;<\/div>\n<div dir=\"auto\">Seguimos sumando<\/div>\n<\/div>\n<div class=\"x11i5rnm xat24cr x1mh8g0r x1vvkbs xtlvy1s x126k92a\">\n<div dir=\"auto\">&nbsp;<\/div>\n<div dir=\"auto\"><span class=\"html-span xdj266r x11i5rnm xat24cr x1mh8g0r xexx8yu x4uap5 x18d9i69 xkhd6sd x1hl2dhg x16tdsg8 x1vvkbs\"><a class=\"x1i10hfl xjbqb8w x1ejq31n xd10rxx x1sy0etr x17r0tee x972fbf xcfux6l x1qhh985 xm0m39n x9f619 x1ypdohk xt0psk2 xe8uvvx xdj266r x11i5rnm xat24cr x1mh8g0r xexx8yu x4uap5 x18d9i69 xkhd6sd x16tdsg8 x1hl2dhg xggy1nq x1a2a7pz xkrqix3 x1sur9pj x1fey0fg x1s688f\" tabindex=\"0\" role=\"link\" href=\"https:\/\/l.facebook.com\/l.php?u=https%3A%2F%2Fcooltivarte.com%2Fportal%2Fnosotros%2F%3Ffbclid%3DIwZXh0bgNhZW0CMTAAAR3470OBi95rkFbuEt7Czaf7-G3IvnnmR64mWOSP0N_tiHDSGU7ZO_Mt_is_aem_Q8IxFsffgq6HFpTGtYf4QQ&amp;h=AT0ZK-_Ftj07SHG_2ovPfdXPIhsulMwhfA-QvrYPqDdtntaCVBxYrO6LiXpyig0TksaCcGLOPXcbtjbKkgrmJT0Q0fgiEnJyb0aruhxen23oLbRoIDXA6Z42oAWUtEeruEdufqctrs7WMEnCMA&amp;__tn__=-UK-R&amp;c[0]=AT12xRXBpR8bjtDm7SLisT9_NWkkfKezrq_ER1m7aPHnvd4HRG8j9B506RXqI0KaW88ddXGmhhUIeHOFFi1PlVHZNp5sUGaUlAhsY_8VV16zGignXPdt2cgXUeQ9x5EgT7QKoS3VuqFRMWxDe-D11gwryMOKP1AXHk8fAN0JVVm4\" target=\"_blank\" rel=\"nofollow noopener noreferrer\">https:\/\/cooltivarte.com\/portal\/nosotros\/<\/a><\/span><\/div>\n<\/div>\n<div dir=\"auto\">&nbsp;<\/div>\n<p>&nbsp;<\/p>\n","protected":false},"excerpt":{"rendered":"<p>Pensamos Cooltivarte para que cuente con espacios de reflexi\u00f3n y no se limite s\u00f3lo a la simple difusi\u00f3n o cobertura de las actividades art\u00edsticas y sus creadores, es una raz\u00f3n medular para nosotros como realizadores del proyecto. Generar un espacio que invite a pensar el arte y la cultura, aportando argumentos, posibles causas y consecuencias, y a\u00fan desde la discrepancia tratar de intervenir y formar parte de una masa cr\u00edtica que consideramos esencial para la evoluci\u00f3n social y cultural de los ciudadanos.<\/p>\n","protected":false},"author":2,"featured_media":110994,"comment_status":"closed","ping_status":"closed","sticky":false,"template":"","format":"standard","meta":{"om_disable_all_campaigns":false,"ngg_post_thumbnail":0,"jnews-multi-image_gallery":[],"jnews_single_post":{"subtitle":"Arte y cultura para el mundo","format":"standard","override":[{"template":"4","parallax":"1","layout":"right-sidebar","sidebar":"default-sidebar","second_sidebar":"default-sidebar","sticky_sidebar":"1","share_position":"bottom","share_float_style":"share-monocrhome","show_share_counter":"1","show_view_counter":"1","show_featured":"1","show_post_meta":"1","show_post_author":"1","show_post_author_image":"1","show_post_date":"1","post_date_format":"default","post_date_format_custom":"Y\/m\/d","show_post_category":"1","post_reading_time_wpm":"300","post_calculate_word_method":"str_word_count","zoom_button_out_step":"2","zoom_button_in_step":"3","show_post_tag":"1","show_prev_next_post":"1","show_popup_post":"1","number_popup_post":"1","show_author_box":"1","show_post_related":"0","show_inline_post_related":"0"}],"image_override":[{"single_post_thumbnail_size":"no-crop","single_post_gallery_size":"crop-500"}],"trending_post_position":"meta","trending_post_label":"Trending","sponsored_post_label":"Sponsored by","disable_ad":"0"},"jnews_primary_category":[],"jnews_social_meta":[],"jnews_override_counter":{"view_counter_number":"0","share_counter_number":"0","like_counter_number":"0","dislike_counter_number":"0"},"footnotes":""},"categories":[51],"tags":[],"class_list":["post-110992","post","type-post","status-publish","format-standard","has-post-thumbnail","hentry","category-noticias"],"yoast_head":"<!-- This site is optimized with the Yoast SEO plugin v27.4 - https:\/\/yoast.com\/product\/yoast-seo-wordpress\/ -->\n<title>Marzo 2025 - hace 22 a\u00f1os que difundimos cultura - Cooltivarte Portal<\/title>\n<meta name=\"description\" content=\"Pensamos Cooltivarte para que cuente con espacios de reflexi\u00f3n y no se limite s\u00f3lo a la simple difusi\u00f3n o cobertura de las actividades art\u00edsticas y sus creadores, es una raz\u00f3n medular para nosotros como realizadores del proyecto.\" \/>\n<meta name=\"robots\" content=\"index, follow, max-snippet:-1, max-image-preview:large, max-video-preview:-1\" \/>\n<link rel=\"canonical\" href=\"https:\/\/cooltivarte.com\/portal\/marzo-2025-hace-22-anos-que-difundimos-cultura\/\" \/>\n<meta property=\"og:locale\" content=\"es_ES\" \/>\n<meta property=\"og:type\" content=\"article\" \/>\n<meta property=\"og:title\" content=\"Marzo 2025 - hace 22 a\u00f1os que difundimos cultura\" \/>\n<meta property=\"og:description\" content=\"Pensamos Cooltivarte para que cuente con espacios de reflexi\u00f3n y no se limite s\u00f3lo a la simple difusi\u00f3n o cobertura de las actividades art\u00edsticas y sus creadores, es una raz\u00f3n medular para nosotros como realizadores del proyecto.\" \/>\n<meta property=\"og:url\" content=\"https:\/\/cooltivarte.com\/portal\/marzo-2025-hace-22-anos-que-difundimos-cultura\/\" \/>\n<meta property=\"og:site_name\" content=\"Cooltivarte Portal\" \/>\n<meta property=\"article:publisher\" content=\"https:\/\/www.facebook.com\/cooltivartecom\/\" \/>\n<meta property=\"article:author\" content=\"https:\/\/www.facebook.com\/cooltivartecom\" \/>\n<meta property=\"article:published_time\" content=\"2025-03-06T22:08:11+00:00\" \/>\n<meta property=\"article:modified_time\" content=\"2025-03-06T22:08:32+00:00\" \/>\n<meta property=\"og:image\" content=\"https:\/\/cooltivarte.com\/portal\/wp-content\/uploads\/2025\/03\/Marzo-2025-hace-22-anos-que-difundimos-cultura.jpg\" \/>\n\t<meta property=\"og:image:width\" content=\"350\" \/>\n\t<meta property=\"og:image:height\" content=\"500\" \/>\n\t<meta property=\"og:image:type\" content=\"image\/jpeg\" \/>\n<meta name=\"author\" content=\"Federico Meneses\" \/>\n<meta name=\"twitter:card\" content=\"summary_large_image\" \/>\n<meta name=\"twitter:title\" content=\"Marzo 2025 - hace 22 a\u00f1os que difundimos cultura\" \/>\n<meta name=\"twitter:description\" content=\"Pensamos Cooltivarte para que cuente con espacios de reflexi\u00f3n y no se limite s\u00f3lo a la simple difusi\u00f3n o cobertura de las actividades art\u00edsticas y sus creadores, es una raz\u00f3n medular para nosotros como realizadores del proyecto.\" \/>\n<meta name=\"twitter:image\" content=\"https:\/\/cooltivarte.com\/portal\/wp-content\/uploads\/2025\/03\/Marzo-2025-hace-22-anos-que-difundimos-cultura.jpg\" \/>\n<meta name=\"twitter:creator\" content=\"@https:\/\/x.com\/obolocultural\" \/>\n<meta name=\"twitter:site\" content=\"@obolocultural\" \/>\n<meta name=\"twitter:label1\" content=\"Escrito por\" \/>\n\t<meta name=\"twitter:data1\" content=\"Federico Meneses\" \/>\n\t<meta name=\"twitter:label2\" content=\"Tiempo de lectura\" \/>\n\t<meta name=\"twitter:data2\" content=\"1 minuto\" \/>\n<!-- \/ Yoast SEO plugin. -->","yoast_head_json":{"title":"Marzo 2025 - hace 22 a\u00f1os que difundimos cultura - Cooltivarte Portal","description":"Pensamos Cooltivarte para que cuente con espacios de reflexi\u00f3n y no se limite s\u00f3lo a la simple difusi\u00f3n o cobertura de las actividades art\u00edsticas y sus creadores, es una raz\u00f3n medular para nosotros como realizadores del proyecto.","robots":{"index":"index","follow":"follow","max-snippet":"max-snippet:-1","max-image-preview":"max-image-preview:large","max-video-preview":"max-video-preview:-1"},"canonical":"https:\/\/cooltivarte.com\/portal\/marzo-2025-hace-22-anos-que-difundimos-cultura\/","og_locale":"es_ES","og_type":"article","og_title":"Marzo 2025 - hace 22 a\u00f1os que difundimos cultura","og_description":"Pensamos Cooltivarte para que cuente con espacios de reflexi\u00f3n y no se limite s\u00f3lo a la simple difusi\u00f3n o cobertura de las actividades art\u00edsticas y sus creadores, es una raz\u00f3n medular para nosotros como realizadores del proyecto.","og_url":"https:\/\/cooltivarte.com\/portal\/marzo-2025-hace-22-anos-que-difundimos-cultura\/","og_site_name":"Cooltivarte Portal","article_publisher":"https:\/\/www.facebook.com\/cooltivartecom\/","article_author":"https:\/\/www.facebook.com\/cooltivartecom","article_published_time":"2025-03-06T22:08:11+00:00","article_modified_time":"2025-03-06T22:08:32+00:00","og_image":[{"width":350,"height":500,"url":"https:\/\/cooltivarte.com\/portal\/wp-content\/uploads\/2025\/03\/Marzo-2025-hace-22-anos-que-difundimos-cultura.jpg","type":"image\/jpeg"}],"author":"Federico Meneses","twitter_card":"summary_large_image","twitter_title":"Marzo 2025 - hace 22 a\u00f1os que difundimos cultura","twitter_description":"Pensamos Cooltivarte para que cuente con espacios de reflexi\u00f3n y no se limite s\u00f3lo a la simple difusi\u00f3n o cobertura de las actividades art\u00edsticas y sus creadores, es una raz\u00f3n medular para nosotros como realizadores del proyecto.","twitter_image":"https:\/\/cooltivarte.com\/portal\/wp-content\/uploads\/2025\/03\/Marzo-2025-hace-22-anos-que-difundimos-cultura.jpg","twitter_creator":"@https:\/\/x.com\/obolocultural","twitter_site":"@obolocultural","twitter_misc":{"Escrito por":"Federico Meneses","Tiempo de lectura":"1 minuto"},"schema":{"@context":"https:\/\/schema.org","@graph":[{"@type":"NewsArticle","@id":"https:\/\/cooltivarte.com\/portal\/marzo-2025-hace-22-anos-que-difundimos-cultura\/#article","isPartOf":{"@id":"https:\/\/cooltivarte.com\/portal\/marzo-2025-hace-22-anos-que-difundimos-cultura\/"},"author":{"name":"Federico Meneses","@id":"https:\/\/cooltivarte.com\/portal\/#\/schema\/person\/595d82e8e62fb72a20bd97959bd7d18f"},"headline":"Marzo 2025 &#8211; hace 22 a\u00f1os que difundimos cultura","datePublished":"2025-03-06T22:08:11+00:00","dateModified":"2025-03-06T22:08:32+00:00","mainEntityOfPage":{"@id":"https:\/\/cooltivarte.com\/portal\/marzo-2025-hace-22-anos-que-difundimos-cultura\/"},"wordCount":157,"publisher":{"@id":"https:\/\/cooltivarte.com\/portal\/#organization"},"image":{"@id":"https:\/\/cooltivarte.com\/portal\/marzo-2025-hace-22-anos-que-difundimos-cultura\/#primaryimage"},"thumbnailUrl":"https:\/\/cooltivarte.com\/portal\/wp-content\/uploads\/2025\/03\/Marzo-2025-hace-22-anos-que-difundimos-cultura.jpg","articleSection":["Noticias"],"inLanguage":"es-AR"},{"@type":"WebPage","@id":"https:\/\/cooltivarte.com\/portal\/marzo-2025-hace-22-anos-que-difundimos-cultura\/","url":"https:\/\/cooltivarte.com\/portal\/marzo-2025-hace-22-anos-que-difundimos-cultura\/","name":"Marzo 2025 - hace 22 a\u00f1os que difundimos cultura - Cooltivarte Portal","isPartOf":{"@id":"https:\/\/cooltivarte.com\/portal\/#website"},"primaryImageOfPage":{"@id":"https:\/\/cooltivarte.com\/portal\/marzo-2025-hace-22-anos-que-difundimos-cultura\/#primaryimage"},"image":{"@id":"https:\/\/cooltivarte.com\/portal\/marzo-2025-hace-22-anos-que-difundimos-cultura\/#primaryimage"},"thumbnailUrl":"https:\/\/cooltivarte.com\/portal\/wp-content\/uploads\/2025\/03\/Marzo-2025-hace-22-anos-que-difundimos-cultura.jpg","datePublished":"2025-03-06T22:08:11+00:00","dateModified":"2025-03-06T22:08:32+00:00","description":"Pensamos Cooltivarte para que cuente con espacios de reflexi\u00f3n y no se limite s\u00f3lo a la simple difusi\u00f3n o cobertura de las actividades art\u00edsticas y sus creadores, es una raz\u00f3n medular para nosotros como realizadores del proyecto.","breadcrumb":{"@id":"https:\/\/cooltivarte.com\/portal\/marzo-2025-hace-22-anos-que-difundimos-cultura\/#breadcrumb"},"inLanguage":"es-AR","potentialAction":[{"@type":"ReadAction","target":["https:\/\/cooltivarte.com\/portal\/marzo-2025-hace-22-anos-que-difundimos-cultura\/"]}]},{"@type":"ImageObject","inLanguage":"es-AR","@id":"https:\/\/cooltivarte.com\/portal\/marzo-2025-hace-22-anos-que-difundimos-cultura\/#primaryimage","url":"https:\/\/cooltivarte.com\/portal\/wp-content\/uploads\/2025\/03\/Marzo-2025-hace-22-anos-que-difundimos-cultura.jpg","contentUrl":"https:\/\/cooltivarte.com\/portal\/wp-content\/uploads\/2025\/03\/Marzo-2025-hace-22-anos-que-difundimos-cultura.jpg","width":350,"height":500,"caption":"Marzo 2025 - hace 22 a\u00f1os que difundimos cultura."},{"@type":"BreadcrumbList","@id":"https:\/\/cooltivarte.com\/portal\/marzo-2025-hace-22-anos-que-difundimos-cultura\/#breadcrumb","itemListElement":[{"@type":"ListItem","position":1,"name":"Portada","item":"https:\/\/cooltivarte.com\/portal\/"},{"@type":"ListItem","position":2,"name":"Marzo 2025 &#8211; hace 22 a\u00f1os que difundimos cultura"}]},{"@type":"WebSite","@id":"https:\/\/cooltivarte.com\/portal\/#website","url":"https:\/\/cooltivarte.com\/portal\/","name":"Cooltivarte Portal","description":"Arte, cultura y turismo para el mundo ...","publisher":{"@id":"https:\/\/cooltivarte.com\/portal\/#organization"},"potentialAction":[{"@type":"SearchAction","target":{"@type":"EntryPoint","urlTemplate":"https:\/\/cooltivarte.com\/portal\/?s={search_term_string}"},"query-input":{"@type":"PropertyValueSpecification","valueRequired":true,"valueName":"search_term_string"}}],"inLanguage":"es-AR"},{"@type":"Organization","@id":"https:\/\/cooltivarte.com\/portal\/#organization","name":"cooltivarte","url":"https:\/\/cooltivarte.com\/portal\/","logo":{"@type":"ImageObject","inLanguage":"es-AR","@id":"https:\/\/cooltivarte.com\/portal\/#\/schema\/logo\/image\/","url":"https:\/\/cooltivarte.com\/portal\/wp-content\/uploads\/2020\/04\/logo-cooltivarte-v2.png","contentUrl":"https:\/\/cooltivarte.com\/portal\/wp-content\/uploads\/2020\/04\/logo-cooltivarte-v2.png","width":851,"height":243,"caption":"cooltivarte"},"image":{"@id":"https:\/\/cooltivarte.com\/portal\/#\/schema\/logo\/image\/"},"sameAs":["https:\/\/www.facebook.com\/cooltivartecom\/","https:\/\/x.com\/obolocultural","https:\/\/www.instagram.com\/_cooltivarte_\/","https:\/\/www.linkedin.com\/company\/-bolocultural?reportsuccess=8zaNG1HwhPbAR9iQhZ5rfGeqz_vQFftHun0ZWU0Wy9vNemRJ8vtcKdJvzQfW8XagyOJSKg0XvfJ1dp","https:\/\/www.pinterest.com\/cooltivarte\/","https:\/\/cooltivarte.tumblr.com\/","https:\/\/www.tiktok.com\/@cooltivarte","https:\/\/www.youtube.com\/@PrensaCooltivarte"]},{"@type":"Person","@id":"https:\/\/cooltivarte.com\/portal\/#\/schema\/person\/595d82e8e62fb72a20bd97959bd7d18f","name":"Federico Meneses","image":{"@type":"ImageObject","inLanguage":"es-AR","@id":"https:\/\/cooltivarte.com\/portal\/wp-content\/uploads\/2019\/08\/FEDERICO-120x120.jpg","url":"https:\/\/cooltivarte.com\/portal\/wp-content\/uploads\/2019\/08\/FEDERICO-120x120.jpg","contentUrl":"https:\/\/cooltivarte.com\/portal\/wp-content\/uploads\/2019\/08\/FEDERICO-120x120.jpg","caption":"Federico Meneses"},"description":"Por el 2003 surge la idea de armar un bolet\u00edn electr\u00f3nico \"\u00f3bolo cultural\" para difundir eventos que poco se sab\u00edan. Con el surgimiento de las redes sociales el bolet\u00edn deja de tener su efecto y nace www.cooltivarte.com A fines del 2010 invito asociarse como co-director a Mauricio Conde, junto a todos los amigos colaboradores que se sumaron a la idea de aportar un granito de arena a nuestra cultura potenciando los eventos y dando m\u00e1s valor al conocer a los artistas mediante entrevistas, art\u00edculos de opini\u00f3n, an\u00e1lisis, reflexi\u00f3n y cr\u00edtica. Cooltivarte est\u00e1 presente en el medio local comunicando las noticias, cr\u00edticas, opiniones y entrevistas, tratando de generar un valor cultural conociendo de cerca a los protagonistas, generando una conciencia colectiva y sensibilidad para este r\u00e1pido diario vivir.","sameAs":["https:\/\/www.cooltivarte.com","https:\/\/www.facebook.com\/cooltivartecom","https:\/\/www.instagram.com\/_cooltivarte_\/","https:\/\/www.linkedin.com\/in\/federicomeneses\/","https:\/\/www.pinterest.com\/cooltivarte\/","https:\/\/x.com\/https:\/\/x.com\/obolocultural","https:\/\/www.youtube.com\/@PrensaCooltivarte","https:\/\/www.tumblr.com\/blog\/cooltivarte"],"url":"https:\/\/cooltivarte.com\/portal\/author\/federico\/"}]}},"_links":{"self":[{"href":"https:\/\/cooltivarte.com\/portal\/wp-json\/wp\/v2\/posts\/110992","targetHints":{"allow":["GET"]}}],"collection":[{"href":"https:\/\/cooltivarte.com\/portal\/wp-json\/wp\/v2\/posts"}],"about":[{"href":"https:\/\/cooltivarte.com\/portal\/wp-json\/wp\/v2\/types\/post"}],"author":[{"embeddable":true,"href":"https:\/\/cooltivarte.com\/portal\/wp-json\/wp\/v2\/users\/2"}],"replies":[{"embeddable":true,"href":"https:\/\/cooltivarte.com\/portal\/wp-json\/wp\/v2\/comments?post=110992"}],"version-history":[{"count":1,"href":"https:\/\/cooltivarte.com\/portal\/wp-json\/wp\/v2\/posts\/110992\/revisions"}],"predecessor-version":[{"id":110995,"href":"https:\/\/cooltivarte.com\/portal\/wp-json\/wp\/v2\/posts\/110992\/revisions\/110995"}],"wp:featuredmedia":[{"embeddable":true,"href":"https:\/\/cooltivarte.com\/portal\/wp-json\/wp\/v2\/media\/110994"}],"wp:attachment":[{"href":"https:\/\/cooltivarte.com\/portal\/wp-json\/wp\/v2\/media?parent=110992"}],"wp:term":[{"taxonomy":"category","embeddable":true,"href":"https:\/\/cooltivarte.com\/portal\/wp-json\/wp\/v2\/categories?post=110992"},{"taxonomy":"post_tag","embeddable":true,"href":"https:\/\/cooltivarte.com\/portal\/wp-json\/wp\/v2\/tags?post=110992"}],"curies":[{"name":"wp","href":"https:\/\/api.w.org\/{rel}","templated":true}]}}