{"id":110861,"date":"2025-03-03T21:53:13","date_gmt":"2025-03-04T00:53:13","guid":{"rendered":"https:\/\/cooltivarte.com\/portal\/?p=110861"},"modified":"2025-03-07T18:09:27","modified_gmt":"2025-03-07T21:09:27","slug":"carnaval-de-venecia-teatro-solis","status":"publish","type":"post","link":"https:\/\/cooltivarte.com\/portal\/carnaval-de-venecia-teatro-solis\/","title":{"rendered":"Carnaval de Venecia &#8211; Teatro Sol\u00eds"},"content":{"rendered":"<figure id=\"attachment_111043\" aria-describedby=\"caption-attachment-111043\" style=\"width: 1024px\" class=\"wp-caption aligncenter\"><img fetchpriority=\"high\" decoding=\"async\" class=\"wp-image-111043 size-large\" title=\"Carnaval de Venecia - Teatro Sol\u00eds - 27-02-25 by Mar\u00eda Jos\u00e9 Pieri - Foto Foto Valentina Porciuncula\" src=\"https:\/\/cooltivarte.com\/portal\/wp-content\/uploads\/2025\/03\/Carnaval-de-Venecia-Teatro-Solis-27-02-25-Foto-Foto-Valentina-Porciuncula-1024x683.jpg\" alt=\"Carnaval de Venecia - Teatro Sol\u00eds - 27-02-25 by Mar\u00eda Jos\u00e9 Pieri - Foto Foto Valentina Porciuncula\" width=\"1024\" height=\"683\" srcset=\"https:\/\/cooltivarte.com\/portal\/wp-content\/uploads\/2025\/03\/Carnaval-de-Venecia-Teatro-Solis-27-02-25-Foto-Foto-Valentina-Porciuncula-1024x683.jpg 1024w, https:\/\/cooltivarte.com\/portal\/wp-content\/uploads\/2025\/03\/Carnaval-de-Venecia-Teatro-Solis-27-02-25-Foto-Foto-Valentina-Porciuncula-300x200.jpg 300w, https:\/\/cooltivarte.com\/portal\/wp-content\/uploads\/2025\/03\/Carnaval-de-Venecia-Teatro-Solis-27-02-25-Foto-Foto-Valentina-Porciuncula-768x512.jpg 768w, https:\/\/cooltivarte.com\/portal\/wp-content\/uploads\/2025\/03\/Carnaval-de-Venecia-Teatro-Solis-27-02-25-Foto-Foto-Valentina-Porciuncula.jpg 1200w\" sizes=\"(max-width: 1024px) 100vw, 1024px\" \/><figcaption id=\"caption-attachment-111043\" class=\"wp-caption-text\">Carnaval de Venecia &#8211; Teatro Sol\u00eds &#8211; 27-02-25 &#8211; Foto Foto Valentina Porciuncula<\/figcaption><\/figure>\n<p>Es jueves y el teatro Sol\u00eds rebosa de p\u00fablico. Con localidades agotadas, el p\u00fablico es recibido por personajes vestidos con ropa de \u00e9poca y antifaces, tambi\u00e9n por un tr\u00edo de m\u00fasicos que con instrumentos de cuerda (mandolinas) se pasean entre el hall y las escaleras de la explanada, anticipando el espect\u00e1culo que llevar\u00e1 a cabo la Orquesta Filarm\u00f3nica de Montevideo junto al actor italiano Mario Gallo.<\/p>\n<p>La producci\u00f3n hab\u00eda convocado a que los asistentes llevasen sus propias m\u00e1scaras o antifaces, y muchos as\u00ed lo hicieron, creando un ambiente de misterio y picard\u00eda, propio de los famosos bailes de carnaval de hace m\u00e1s de un siglo.<\/p>\n<p>Puntual a las 21 hs. sale a escena la orquesta, mientras la gente sigue entrando\u2026 la cola de ingreso llegaba hasta la esquina.<\/p>\n<p>Finalmente, ingresa el director de la orquesta: Mart\u00edn Garcia.<\/p>\n<p>El aplauso levanta aromas de la platea, finamente perfumada para la ocasi\u00f3n.<\/p>\n<p>&nbsp;<\/p>\n<p>La primera pieza del programa comienza lentamente, hasta que la percusi\u00f3n le imprime gran energ\u00eda. Cuando termina, imagino que los m\u00fasicos ya deben estar cansados luego de tan importante gasto de energ\u00eda.<\/p>\n<p>El director nos cuenta que en los dos meses de este a\u00f1o 2025 la filarm\u00f3nica ha sido vista por m\u00e1s de cuatro mil personas, con funciones a sala llena en varios lugares de la ciudad.<\/p>\n<p>\u201cNos sentimos de todos ustedes, muchas gracias\u201d. Agradece al equipo detr\u00e1s de escena que hace posible la actuaci\u00f3n, a los artistas colegas, a los compa\u00f1eros del Teatro Sol\u00eds.<\/p>\n<p>Garc\u00eca nos cuenta que el programa elegido se basa en fragmentos de \u00f3peras estrenadas en el teatro La Fenice de Venecia (incluso durante el propio mes del Carnaval de Venecia).<\/p>\n<p>La idea es que nos sintamos en la propia Plaza San Marcos durante la funci\u00f3n. Nos comienza a contar la trama de Tancredi de Rossini, pero es interrumpido por la figura de un Arlequ\u00edn, personificado por el actor Mario Gallo de la Commedia dell\u2019Arte, con una espectacular m\u00e1scara y hablando en italiano. No se le entiende nada, pero no importa lo que dice, es la actuaci\u00f3n lo que transmite la narraci\u00f3n. Con un chiflido, convoca a seis actores (estudiantes de la EMAD) tambi\u00e9n caracterizados y con m\u00e1scaras venecianas, a que se sumen al escenario. Ellos s\u00ed hablan espa\u00f1ol y portan cada vez una especie de peque\u00f1a pancarta en tela, con los nombres de las obras que est\u00e1n representando.<\/p>\n<p>Suena La Traviata de Verdi y los actores personifican la trama en forma resumida. Muy bien resuelta la escena de la tos de la actriz principal, dejando caer roj\u00edsimos pa\u00f1uelos en el piso hasta que literalmente \u201cestira la pata\u201d. Simple pero muy efectivo recurso, se me ocurre que as\u00ed ser\u00eda el teatro en sus inicios.<\/p>\n<p>Sigue un concierto en tres partes para Oboe, con la participaci\u00f3n del solista uruguayo Federico Curti. Cada vez que termina una parte la gente quiere aplaudir, pero el director nos detiene, para que contin\u00fae el oboe, acompa\u00f1ado de los violines y al final tambi\u00e9n de los violonchelos. Al terminar, abraza al solista y felicita a la chelista. Luego hace levantar a toda la orquesta que recibe el primer aplauso de pie.<\/p>\n<p>Es gracioso que un par de veces debe ingresar a escena un t\u00e9cnico del teatro a dejar o retirar un atril, en ese momento la orquesta le \u201caplaude\u201d con los arcos de los instrumentos, lo cual es un reconocimiento de los m\u00fasicos, al equipo que trabaja tras bastidores.<\/p>\n<p>Sigue otra obertura de Rossini: El se\u00f1or Bruchino, que entiendo es la misma trama de Tancredi pero en lugar de tragedia, es comedia: enredo\/farsa. El arlequ\u00edn se queja, llora, le pide a la platea que llore con \u00e9l, y todos respondemos entusiastas.<\/p>\n<p>Viene luego un movimiento sinf\u00f3nico de Mahler que incluye una exquisita danza por dos bailarinas ataviadas por un sombrero con una larga red transparente que les oculta el rostro y es usada como un elemento coreogr\u00e1fico. Mientras una baila la otra se enreda en la tela que las une hasta que terminan envueltas. Luego se despojan del dorado vestuario y bailan con una especie de traje de ba\u00f1o enterizo, a rayas, que recuerda a la moda playera de los a\u00f1os veinte. Es tan delicada la m\u00fasica y la coreograf\u00eda que cuando termina, hay un momento de silencio hasta que el p\u00fablico reacciona y aplaude.<\/p>\n<p>Durante todo el concierto hemos visto al fondo del escenario una imagen del paisaje de Venecia, con el lago en movimiento. En este momento el cielo empieza a atardecer y todo el espacio se ti\u00f1e de rojo, es la se\u00f1al de que nos vamos acercando al final de la funci\u00f3n.<\/p>\n<p>Vuelve Rossini con Semiramide, se trata de una tragedia de amor y muerte. Al final salen a escena todos los actores y las bailarinas, para recibir el merecido aplauso. Me resulta un espect\u00e1culo corto, pero entiendo la gran exigencia t\u00e9cnica que tuvo para los m\u00fasicos.<\/p>\n<p>De todas formas, Garc\u00eda nos propone regalarnos un bis, ya que nadie se ha movido de su asiento. Al terminar, hace parar a cada parte de la orquesta, incluyendo el tri\u00e1ngulo y el arpa, cuyos instrumentistas estaban pr\u00e1cticamente ocultos. Todos se levantan orgullosos por la gran labor realizada, y reciben agradecidos el aplauso de la sala llena, de pie.<\/p>\n<p>Me qued\u00e9 con ganas de ver algo m\u00e1s del afamado Mario Gallo, quiz\u00e1s aprender un poco m\u00e1s de las incre\u00edbles m\u00e1scaras que portaba el elenco\u2026 habr\u00e1 que volver el a\u00f1o que viene, cuando llegue una vez m\u00e1s el Carnaval de Venecia hasta nuestras costas.<\/p>\n<p>Programa:<\/p>\n<p>Gioachino Rossini. Obertura de la \u00f3pera Tancredi<\/p>\n<p>Giuseppe Verdi. Preludio de la \u00f3pera La Traviata<\/p>\n<p>Alessandro Marcello. Concierto para oboe<br \/>\n1 -Andante e spiccato<br \/>\n2 &#8211; Adagio<br \/>\n3 &#8211; Presto<\/p>\n<p>Gioachino Rossini. Obertura de la \u00f3pera Il Signor Bruschino<\/p>\n<p>Gustav Mahler. Sinfon\u00eda N\u00ba5. II &#8211; Adagietto<\/p>\n<p>Gioachino Rossini. Obertura de la \u00f3pera Semiramide<\/p>\n<p>Solista: Federico Curti (oboe)<\/p>\n<p>Creaci\u00f3n coreogr\u00e1fica: Rosina Gil<\/p>\n<p>Bailarinas: Rosina Gil y Nicolasa Manzo<\/p>\n<p>Preparaci\u00f3n t\u00e9cnica en commedia dell&#8217;arte: Mario Gallo (Arlecchino)<\/p>\n<p>Estudiantes de actuaci\u00f3n de la EMAD:<br \/>\nRoc\u00edo Cabrera, Maite Ibarra, Micaela Rodr\u00edguez, Sof\u00eda Vitureira, Manuel Corcelet, Federico S\u00e1nchez.<\/p>\n<p>Direcci\u00f3n esc\u00e9nica y Producci\u00f3n art\u00edstica: Florencia Caballero Bianchi<\/p>\n<p>Dise\u00f1o de Vestuario y Utiler\u00eda: Fiorella Mornelli<\/p>\n<p>Solos de fagot: Gabriel Pereira<\/p>\n<p>Mandolinas: Fernando Rosa, Fernando Luzardo, Federico Costa<\/p>\n<p>&nbsp;<br \/>\n&nbsp;<\/p>\n<h3>&nbsp;<a href=\"https:\/\/www.facebook.com\/media\/set\/?set=a.1172227624941095&amp;type=3\" target=\"_blank\" rel=\"noopener\">Ir a la fotogaler\u00eda<\/a><\/h3>\n<p><iframe style=\"border: none; overflow: hidden;\" src=\"https:\/\/www.facebook.com\/plugins\/post.php?href=https%3A%2F%2Fwww.facebook.com%2Fmedia%2Fset%2F%3Fset%3Da.1172227624941095%26type%3D3&amp;width=100%\" width=\"100%\" height=\"669\" frameborder=\"0\" scrolling=\"no\"><\/iframe><br \/>\n&nbsp;<br \/>\n&nbsp;<\/p>\n<blockquote class=\"instagram-media\" data-instgrm-captioned data-instgrm-permalink=\"https:\/\/www.instagram.com\/p\/DG6aUUCuEWk\/?utm_source=ig_embed&amp;utm_campaign=loading\" data-instgrm-version=\"14\" style=\" background:#FFF; border:0; border-radius:3px; box-shadow:0 0 1px 0 rgba(0,0,0,0.5),0 1px 10px 0 rgba(0,0,0,0.15); margin: 1px; max-width:540px; min-width:326px; padding:0; width:99.375%; width:-webkit-calc(100% - 2px); width:calc(100% - 2px);\">\n<div style=\"padding:16px;\"> <a href=\"https:\/\/www.instagram.com\/p\/DG6aUUCuEWk\/?utm_source=ig_embed&amp;utm_campaign=loading\" style=\" background:#FFFFFF; line-height:0; padding:0 0; text-align:center; text-decoration:none; width:100%;\" target=\"_blank\"> <\/p>\n<div style=\" display: flex; flex-direction: row; align-items: center;\">\n<div style=\"background-color: #F4F4F4; border-radius: 50%; flex-grow: 0; height: 40px; margin-right: 14px; width: 40px;\"><\/div>\n<div style=\"display: flex; flex-direction: column; flex-grow: 1; justify-content: center;\">\n<div style=\" background-color: #F4F4F4; border-radius: 4px; flex-grow: 0; height: 14px; margin-bottom: 6px; width: 100px;\"><\/div>\n<div style=\" background-color: #F4F4F4; border-radius: 4px; flex-grow: 0; height: 14px; width: 60px;\"><\/div>\n<\/div>\n<\/div>\n<div style=\"padding: 19% 0;\"><\/div>\n<div style=\"display:block; height:50px; margin:0 auto 12px; width:50px;\"><svg width=\"50px\" height=\"50px\" viewBox=\"0 0 60 60\" version=\"1.1\" xmlns=\"https:\/\/www.w3.org\/2000\/svg\" xmlns:xlink=\"https:\/\/www.w3.org\/1999\/xlink\"><g stroke=\"none\" stroke-width=\"1\" fill=\"none\" fill-rule=\"evenodd\"><\/g><g transform=\"translate(-511.000000, -20.000000)\" fill=\"#000000\"><\/g><g><path d=\"M556.869,30.41 C554.814,30.41 553.148,32.076 553.148,34.131 C553.148,36.186 554.814,37.852 556.869,37.852 C558.924,37.852 560.59,36.186 560.59,34.131 C560.59,32.076 558.924,30.41 556.869,30.41 M541,60.657 C535.114,60.657 530.342,55.887 530.342,50 C530.342,44.114 535.114,39.342 541,39.342 C546.887,39.342 551.658,44.114 551.658,50 C551.658,55.887 546.887,60.657 541,60.657 M541,33.886 C532.1,33.886 524.886,41.1 524.886,50 C524.886,58.899 532.1,66.113 541,66.113 C549.9,66.113 557.115,58.899 557.115,50 C557.115,41.1 549.9,33.886 541,33.886 M565.378,62.101 C565.244,65.022 564.756,66.606 564.346,67.663 C563.803,69.06 563.154,70.057 562.106,71.106 C561.058,72.155 560.06,72.803 558.662,73.347 C557.607,73.757 556.021,74.244 553.102,74.378 C549.944,74.521 548.997,74.552 541,74.552 C533.003,74.552 532.056,74.521 528.898,74.378 C525.979,74.244 524.393,73.757 523.338,73.347 C521.94,72.803 520.942,72.155 519.894,71.106 C518.846,70.057 518.197,69.06 517.654,67.663 C517.244,66.606 516.755,65.022 516.623,62.101 C516.479,58.943 516.448,57.996 516.448,50 C516.448,42.003 516.479,41.056 516.623,37.899 C516.755,34.978 517.244,33.391 517.654,32.338 C518.197,30.938 518.846,29.942 519.894,28.894 C520.942,27.846 521.94,27.196 523.338,26.654 C524.393,26.244 525.979,25.756 528.898,25.623 C532.057,25.479 533.004,25.448 541,25.448 C548.997,25.448 549.943,25.479 553.102,25.623 C556.021,25.756 557.607,26.244 558.662,26.654 C560.06,27.196 561.058,27.846 562.106,28.894 C563.154,29.942 563.803,30.938 564.346,32.338 C564.756,33.391 565.244,34.978 565.378,37.899 C565.522,41.056 565.552,42.003 565.552,50 C565.552,57.996 565.522,58.943 565.378,62.101 M570.82,37.631 C570.674,34.438 570.167,32.258 569.425,30.349 C568.659,28.377 567.633,26.702 565.965,25.035 C564.297,23.368 562.623,22.342 560.652,21.575 C558.743,20.834 556.562,20.326 553.369,20.18 C550.169,20.033 549.148,20 541,20 C532.853,20 531.831,20.033 528.631,20.18 C525.438,20.326 523.257,20.834 521.349,21.575 C519.376,22.342 517.703,23.368 516.035,25.035 C514.368,26.702 513.342,28.377 512.574,30.349 C511.834,32.258 511.326,34.438 511.181,37.631 C511.035,40.831 511,41.851 511,50 C511,58.147 511.035,59.17 511.181,62.369 C511.326,65.562 511.834,67.743 512.574,69.651 C513.342,71.625 514.368,73.296 516.035,74.965 C517.703,76.634 519.376,77.658 521.349,78.425 C523.257,79.167 525.438,79.673 528.631,79.82 C531.831,79.965 532.853,80.001 541,80.001 C549.148,80.001 550.169,79.965 553.369,79.82 C556.562,79.673 558.743,79.167 560.652,78.425 C562.623,77.658 564.297,76.634 565.965,74.965 C567.633,73.296 568.659,71.625 569.425,69.651 C570.167,67.743 570.674,65.562 570.82,62.369 C570.966,59.17 571,58.147 571,50 C571,41.851 570.966,40.831 570.82,37.631\"><\/path><\/g><\/svg><\/div>\n<div style=\"padding-top: 8px;\">\n<div style=\" color:#3897f0; font-family:Arial,sans-serif; font-size:14px; font-style:normal; font-weight:550; line-height:18px;\">Ver esta publicaci\u00f3n en Instagram<\/div>\n<\/div>\n<div style=\"padding: 12.5% 0;\"><\/div>\n<div style=\"display: flex; flex-direction: row; margin-bottom: 14px; align-items: center;\">\n<div>\n<div style=\"background-color: #F4F4F4; border-radius: 50%; height: 12.5px; width: 12.5px; transform: translateX(0px) translateY(7px);\"><\/div>\n<div style=\"background-color: #F4F4F4; height: 12.5px; transform: rotate(-45deg) translateX(3px) translateY(1px); width: 12.5px; flex-grow: 0; margin-right: 14px; margin-left: 2px;\"><\/div>\n<div style=\"background-color: #F4F4F4; border-radius: 50%; height: 12.5px; width: 12.5px; transform: translateX(9px) translateY(-18px);\"><\/div>\n<\/div>\n<div style=\"margin-left: 8px;\">\n<div style=\" background-color: #F4F4F4; border-radius: 50%; flex-grow: 0; height: 20px; width: 20px;\"><\/div>\n<div style=\" width: 0; height: 0; border-top: 2px solid transparent; border-left: 6px solid #f4f4f4; border-bottom: 2px solid transparent; transform: translateX(16px) translateY(-4px) rotate(30deg)\"><\/div>\n<\/div>\n<div style=\"margin-left: auto;\">\n<div style=\" width: 0px; border-top: 8px solid #F4F4F4; border-right: 8px solid transparent; transform: translateY(16px);\"><\/div>\n<div style=\" background-color: #F4F4F4; flex-grow: 0; height: 12px; width: 16px; transform: translateY(-4px);\"><\/div>\n<div style=\" width: 0; height: 0; border-top: 8px solid #F4F4F4; border-left: 8px solid transparent; transform: translateY(-4px) translateX(8px);\"><\/div>\n<\/div>\n<\/div>\n<div style=\"display: flex; flex-direction: column; flex-grow: 1; justify-content: center; margin-bottom: 24px;\">\n<div style=\" background-color: #F4F4F4; border-radius: 4px; flex-grow: 0; height: 14px; margin-bottom: 6px; width: 224px;\"><\/div>\n<div style=\" background-color: #F4F4F4; border-radius: 4px; flex-grow: 0; height: 14px; width: 144px;\"><\/div>\n<\/div>\n<p><\/a><\/p>\n<p style=\" color:#c9c8cd; font-family:Arial,sans-serif; font-size:14px; line-height:17px; margin-bottom:0; margin-top:8px; overflow:hidden; padding:8px 0 7px; text-align:center; text-overflow:ellipsis; white-space:nowrap;\"><a href=\"https:\/\/www.instagram.com\/p\/DG6aUUCuEWk\/?utm_source=ig_embed&amp;utm_campaign=loading\" style=\" color:#c9c8cd; font-family:Arial,sans-serif; font-size:14px; font-style:normal; font-weight:normal; line-height:17px; text-decoration:none;\" target=\"_blank\">Una publicaci\u00f3n compartida por cooltivarte.com (@_cooltivarte_)<\/a><\/p>\n<\/div>\n<\/blockquote>\n<p><script async src=\"\/\/www.instagram.com\/embed.js\"><\/script><br \/>\n&nbsp;<\/p>\n<p>&nbsp;<\/p>\n","protected":false},"excerpt":{"rendered":"<p>Es jueves y el teatro Sol\u00eds rebosa de p\u00fablico. Con localidades agotadas, el p\u00fablico es recibido por personajes vestidos con ropa de \u00e9poca y antifaces, tambi\u00e9n por un tr\u00edo de m\u00fasicos que con instrumentos de cuerda (mandolinas) se pasean entre el hall y las escaleras de la explanada, anticipando el espect\u00e1culo que llevar\u00e1 a cabo la Orquesta Filarm\u00f3nica de Montevideo junto al actor italiano Mario Gallo.<\/p>\n<p>La producci\u00f3n hab\u00eda convocado a que los asistentes llevasen sus propias m\u00e1scaras o antifaces, y muchos as\u00ed lo hicieron, creando un ambiente de misterio y picard\u00eda, propio de los famosos bailes de carnaval de hace m\u00e1s de un siglo.<\/p>\n<p>Puntual a las 21 hs. sale a escena la orquesta, mientras la gente sigue entrando\u2026 la cola de ingreso llegaba hasta la esquina.<\/p>\n<p>Finalmente, ingresa el director de la orquesta: Mart\u00edn Garcia.<\/p>\n<p>El aplauso levanta aromas de la platea, finamente perfumada para la ocasi\u00f3n.<\/p>\n","protected":false},"author":221,"featured_media":111043,"comment_status":"closed","ping_status":"closed","sticky":false,"template":"","format":"standard","meta":{"om_disable_all_campaigns":false,"ngg_post_thumbnail":0,"jnews-multi-image_gallery":[],"jnews_single_post":{"subtitle":"Febrero 2025","format":"standard","override":[{"template":"4","parallax":"1","layout":"right-sidebar","sidebar":"default-sidebar","second_sidebar":"default-sidebar","sticky_sidebar":"1","share_position":"bottom","share_float_style":"share-monocrhome","show_share_counter":"1","show_view_counter":"1","show_featured":"1","show_post_meta":"1","show_post_author":"1","show_post_author_image":"1","show_post_date":"1","post_date_format":"default","post_date_format_custom":"Y\/m\/d","show_post_category":"1","post_reading_time_wpm":"300","post_calculate_word_method":"str_word_count","zoom_button_out_step":"2","zoom_button_in_step":"3","show_post_tag":"1","show_prev_next_post":"1","show_popup_post":"1","number_popup_post":"1","show_author_box":"1","show_post_related":"0","show_inline_post_related":"0"}],"image_override":[{"single_post_thumbnail_size":"no-crop","single_post_gallery_size":"crop-500"}],"trending_post_position":"meta","trending_post_label":"Trending","sponsored_post_label":"Sponsored by","disable_ad":"0"},"jnews_primary_category":[],"jnews_social_meta":[],"jnews_override_counter":{"view_counter_number":"0","share_counter_number":"0","like_counter_number":"0","dislike_counter_number":"0"},"footnotes":""},"categories":[50],"tags":[23601,92],"class_list":["post-110861","post","type-post","status-publish","format-standard","has-post-thumbnail","hentry","category-coberturas","tag-carnaval-de-venecia","tag-teatro-solis"],"yoast_head":"<!-- This site is optimized with the Yoast SEO plugin v27.5 - https:\/\/yoast.com\/product\/yoast-seo-wordpress\/ -->\n<title>Carnaval de Venecia - Teatro Sol\u00eds - Cooltivarte Portal<\/title>\n<meta name=\"description\" content=\"La producci\u00f3n hab\u00eda convocado a que los asistentes llevasen sus propias m\u00e1scaras o antifaces, y muchos as\u00ed lo hicieron, creando un ambiente de misterio y picard\u00eda, propio de los famosos bailes de carnaval de hace m\u00e1s de un siglo.\" \/>\n<meta name=\"robots\" content=\"index, follow, max-snippet:-1, max-image-preview:large, max-video-preview:-1\" \/>\n<link rel=\"canonical\" href=\"https:\/\/cooltivarte.com\/portal\/carnaval-de-venecia-teatro-solis\/\" \/>\n<meta property=\"og:locale\" content=\"es_ES\" \/>\n<meta property=\"og:type\" content=\"article\" \/>\n<meta property=\"og:title\" content=\"Carnaval de Venecia - Teatro Sol\u00eds - 27-02-25 by Mar\u00eda Jos\u00e9 Pieri - Foto Foto Valentina Porciuncula\" \/>\n<meta property=\"og:description\" content=\"La producci\u00f3n hab\u00eda convocado a que los asistentes llevasen sus propias m\u00e1scaras o antifaces, y muchos as\u00ed lo hicieron, creando un ambiente de misterio y picard\u00eda, propio de los famosos bailes de carnaval de hace m\u00e1s de un siglo.\" \/>\n<meta property=\"og:url\" content=\"https:\/\/cooltivarte.com\/portal\/carnaval-de-venecia-teatro-solis\/\" \/>\n<meta property=\"og:site_name\" content=\"Cooltivarte Portal\" \/>\n<meta property=\"article:publisher\" content=\"https:\/\/www.facebook.com\/cooltivartecom\/\" \/>\n<meta property=\"article:author\" content=\"https:\/\/www.facebook.com\/maria.jose.pieri\" \/>\n<meta property=\"article:published_time\" content=\"2025-03-04T00:53:13+00:00\" \/>\n<meta property=\"article:modified_time\" content=\"2025-03-07T21:09:27+00:00\" \/>\n<meta property=\"og:image\" content=\"https:\/\/cooltivarte.com\/portal\/wp-content\/uploads\/2025\/03\/Carnaval-de-Venecia-Teatro-Solis-27-02-25-Foto-Foto-Valentina-Porciuncula.jpg\" \/>\n\t<meta property=\"og:image:width\" content=\"1200\" \/>\n\t<meta property=\"og:image:height\" content=\"800\" \/>\n\t<meta property=\"og:image:type\" content=\"image\/jpeg\" \/>\n<meta name=\"author\" content=\"Mar\u00eda Jos\u00e9 Pieri\" \/>\n<meta name=\"twitter:card\" content=\"summary_large_image\" \/>\n<meta name=\"twitter:title\" content=\"Carnaval de Venecia - Teatro Sol\u00eds - 27-02-25 by Mar\u00eda Jos\u00e9 Pieri - Foto Foto Valentina Porciuncula\" \/>\n<meta name=\"twitter:description\" content=\"La producci\u00f3n hab\u00eda convocado a que los asistentes llevasen sus propias m\u00e1scaras o antifaces, y muchos as\u00ed lo hicieron, creando un ambiente de misterio y picard\u00eda, propio de los famosos bailes de carnaval de hace m\u00e1s de un siglo.\" \/>\n<meta name=\"twitter:image\" content=\"https:\/\/cooltivarte.com\/portal\/wp-content\/uploads\/2025\/03\/Carnaval-de-Venecia-Teatro-Solis-27-02-25-Foto-Foto-Valentina-Porciuncula.jpg\" \/>\n<meta name=\"twitter:creator\" content=\"@https:\/\/x.com\/majo70\" \/>\n<meta name=\"twitter:site\" content=\"@obolocultural\" \/>\n<meta name=\"twitter:label1\" content=\"Escrito por\" \/>\n\t<meta name=\"twitter:data1\" content=\"Mar\u00eda Jos\u00e9 Pieri\" \/>\n\t<meta name=\"twitter:label2\" content=\"Tiempo de lectura\" \/>\n\t<meta name=\"twitter:data2\" content=\"6 minutos\" \/>\n<!-- \/ Yoast SEO plugin. -->","yoast_head_json":{"title":"Carnaval de Venecia - Teatro Sol\u00eds - Cooltivarte Portal","description":"La producci\u00f3n hab\u00eda convocado a que los asistentes llevasen sus propias m\u00e1scaras o antifaces, y muchos as\u00ed lo hicieron, creando un ambiente de misterio y picard\u00eda, propio de los famosos bailes de carnaval de hace m\u00e1s de un siglo.","robots":{"index":"index","follow":"follow","max-snippet":"max-snippet:-1","max-image-preview":"max-image-preview:large","max-video-preview":"max-video-preview:-1"},"canonical":"https:\/\/cooltivarte.com\/portal\/carnaval-de-venecia-teatro-solis\/","og_locale":"es_ES","og_type":"article","og_title":"Carnaval de Venecia - Teatro Sol\u00eds - 27-02-25 by Mar\u00eda Jos\u00e9 Pieri - Foto Foto Valentina Porciuncula","og_description":"La producci\u00f3n hab\u00eda convocado a que los asistentes llevasen sus propias m\u00e1scaras o antifaces, y muchos as\u00ed lo hicieron, creando un ambiente de misterio y picard\u00eda, propio de los famosos bailes de carnaval de hace m\u00e1s de un siglo.","og_url":"https:\/\/cooltivarte.com\/portal\/carnaval-de-venecia-teatro-solis\/","og_site_name":"Cooltivarte Portal","article_publisher":"https:\/\/www.facebook.com\/cooltivartecom\/","article_author":"https:\/\/www.facebook.com\/maria.jose.pieri","article_published_time":"2025-03-04T00:53:13+00:00","article_modified_time":"2025-03-07T21:09:27+00:00","og_image":[{"width":1200,"height":800,"url":"https:\/\/cooltivarte.com\/portal\/wp-content\/uploads\/2025\/03\/Carnaval-de-Venecia-Teatro-Solis-27-02-25-Foto-Foto-Valentina-Porciuncula.jpg","type":"image\/jpeg"}],"author":"Mar\u00eda Jos\u00e9 Pieri","twitter_card":"summary_large_image","twitter_title":"Carnaval de Venecia - Teatro Sol\u00eds - 27-02-25 by Mar\u00eda Jos\u00e9 Pieri - Foto Foto Valentina Porciuncula","twitter_description":"La producci\u00f3n hab\u00eda convocado a que los asistentes llevasen sus propias m\u00e1scaras o antifaces, y muchos as\u00ed lo hicieron, creando un ambiente de misterio y picard\u00eda, propio de los famosos bailes de carnaval de hace m\u00e1s de un siglo.","twitter_image":"https:\/\/cooltivarte.com\/portal\/wp-content\/uploads\/2025\/03\/Carnaval-de-Venecia-Teatro-Solis-27-02-25-Foto-Foto-Valentina-Porciuncula.jpg","twitter_creator":"@https:\/\/x.com\/majo70","twitter_site":"@obolocultural","twitter_misc":{"Escrito por":"Mar\u00eda Jos\u00e9 Pieri","Tiempo de lectura":"6 minutos"},"schema":{"@context":"https:\/\/schema.org","@graph":[{"@type":"NewsArticle","@id":"https:\/\/cooltivarte.com\/portal\/carnaval-de-venecia-teatro-solis\/#article","isPartOf":{"@id":"https:\/\/cooltivarte.com\/portal\/carnaval-de-venecia-teatro-solis\/"},"author":{"name":"Mar\u00eda Jos\u00e9 Pieri","@id":"https:\/\/cooltivarte.com\/portal\/#\/schema\/person\/06ef0e0148e87cc17ab57dd1c0ecab47"},"headline":"Carnaval de Venecia &#8211; Teatro Sol\u00eds","datePublished":"2025-03-04T00:53:13+00:00","dateModified":"2025-03-07T21:09:27+00:00","mainEntityOfPage":{"@id":"https:\/\/cooltivarte.com\/portal\/carnaval-de-venecia-teatro-solis\/"},"wordCount":1172,"publisher":{"@id":"https:\/\/cooltivarte.com\/portal\/#organization"},"image":{"@id":"https:\/\/cooltivarte.com\/portal\/carnaval-de-venecia-teatro-solis\/#primaryimage"},"thumbnailUrl":"https:\/\/cooltivarte.com\/portal\/wp-content\/uploads\/2025\/03\/Carnaval-de-Venecia-Teatro-Solis-27-02-25-Foto-Foto-Valentina-Porciuncula.jpg","keywords":["Carnaval de Venecia","Teatro Solis"],"articleSection":["Coberturas"],"inLanguage":"es-AR"},{"@type":"WebPage","@id":"https:\/\/cooltivarte.com\/portal\/carnaval-de-venecia-teatro-solis\/","url":"https:\/\/cooltivarte.com\/portal\/carnaval-de-venecia-teatro-solis\/","name":"Carnaval de Venecia - Teatro Sol\u00eds - Cooltivarte Portal","isPartOf":{"@id":"https:\/\/cooltivarte.com\/portal\/#website"},"primaryImageOfPage":{"@id":"https:\/\/cooltivarte.com\/portal\/carnaval-de-venecia-teatro-solis\/#primaryimage"},"image":{"@id":"https:\/\/cooltivarte.com\/portal\/carnaval-de-venecia-teatro-solis\/#primaryimage"},"thumbnailUrl":"https:\/\/cooltivarte.com\/portal\/wp-content\/uploads\/2025\/03\/Carnaval-de-Venecia-Teatro-Solis-27-02-25-Foto-Foto-Valentina-Porciuncula.jpg","datePublished":"2025-03-04T00:53:13+00:00","dateModified":"2025-03-07T21:09:27+00:00","description":"La producci\u00f3n hab\u00eda convocado a que los asistentes llevasen sus propias m\u00e1scaras o antifaces, y muchos as\u00ed lo hicieron, creando un ambiente de misterio y picard\u00eda, propio de los famosos bailes de carnaval de hace m\u00e1s de un siglo.","breadcrumb":{"@id":"https:\/\/cooltivarte.com\/portal\/carnaval-de-venecia-teatro-solis\/#breadcrumb"},"inLanguage":"es-AR","potentialAction":[{"@type":"ReadAction","target":["https:\/\/cooltivarte.com\/portal\/carnaval-de-venecia-teatro-solis\/"]}]},{"@type":"ImageObject","inLanguage":"es-AR","@id":"https:\/\/cooltivarte.com\/portal\/carnaval-de-venecia-teatro-solis\/#primaryimage","url":"https:\/\/cooltivarte.com\/portal\/wp-content\/uploads\/2025\/03\/Carnaval-de-Venecia-Teatro-Solis-27-02-25-Foto-Foto-Valentina-Porciuncula.jpg","contentUrl":"https:\/\/cooltivarte.com\/portal\/wp-content\/uploads\/2025\/03\/Carnaval-de-Venecia-Teatro-Solis-27-02-25-Foto-Foto-Valentina-Porciuncula.jpg","width":1200,"height":800,"caption":"Carnaval de Venecia - Teatro Sol\u00eds - 27-02-25 - Foto Foto Valentina Porciuncula"},{"@type":"BreadcrumbList","@id":"https:\/\/cooltivarte.com\/portal\/carnaval-de-venecia-teatro-solis\/#breadcrumb","itemListElement":[{"@type":"ListItem","position":1,"name":"Portada","item":"https:\/\/cooltivarte.com\/portal\/"},{"@type":"ListItem","position":2,"name":"Carnaval de Venecia &#8211; Teatro Sol\u00eds"}]},{"@type":"WebSite","@id":"https:\/\/cooltivarte.com\/portal\/#website","url":"https:\/\/cooltivarte.com\/portal\/","name":"Cooltivarte Portal","description":"Arte, cultura y turismo para el mundo ...","publisher":{"@id":"https:\/\/cooltivarte.com\/portal\/#organization"},"potentialAction":[{"@type":"SearchAction","target":{"@type":"EntryPoint","urlTemplate":"https:\/\/cooltivarte.com\/portal\/?s={search_term_string}"},"query-input":{"@type":"PropertyValueSpecification","valueRequired":true,"valueName":"search_term_string"}}],"inLanguage":"es-AR"},{"@type":"Organization","@id":"https:\/\/cooltivarte.com\/portal\/#organization","name":"cooltivarte","url":"https:\/\/cooltivarte.com\/portal\/","logo":{"@type":"ImageObject","inLanguage":"es-AR","@id":"https:\/\/cooltivarte.com\/portal\/#\/schema\/logo\/image\/","url":"https:\/\/cooltivarte.com\/portal\/wp-content\/uploads\/2020\/04\/logo-cooltivarte-v2.png","contentUrl":"https:\/\/cooltivarte.com\/portal\/wp-content\/uploads\/2020\/04\/logo-cooltivarte-v2.png","width":851,"height":243,"caption":"cooltivarte"},"image":{"@id":"https:\/\/cooltivarte.com\/portal\/#\/schema\/logo\/image\/"},"sameAs":["https:\/\/www.facebook.com\/cooltivartecom\/","https:\/\/x.com\/obolocultural","https:\/\/www.instagram.com\/_cooltivarte_\/","https:\/\/www.linkedin.com\/company\/-bolocultural?reportsuccess=8zaNG1HwhPbAR9iQhZ5rfGeqz_vQFftHun0ZWU0Wy9vNemRJ8vtcKdJvzQfW8XagyOJSKg0XvfJ1dp","https:\/\/www.pinterest.com\/cooltivarte\/","https:\/\/cooltivarte.tumblr.com\/","https:\/\/www.tiktok.com\/@cooltivarte","https:\/\/www.youtube.com\/@PrensaCooltivarte"]},{"@type":"Person","@id":"https:\/\/cooltivarte.com\/portal\/#\/schema\/person\/06ef0e0148e87cc17ab57dd1c0ecab47","name":"Mar\u00eda Jos\u00e9 Pieri","image":{"@type":"ImageObject","inLanguage":"es-AR","@id":"https:\/\/cooltivarte.com\/portal\/wp-content\/uploads\/2024\/07\/Majo-Pieri-120x120.jpeg","url":"https:\/\/cooltivarte.com\/portal\/wp-content\/uploads\/2024\/07\/Majo-Pieri-120x120.jpeg","contentUrl":"https:\/\/cooltivarte.com\/portal\/wp-content\/uploads\/2024\/07\/Majo-Pieri-120x120.jpeg","caption":"Mar\u00eda Jos\u00e9 Pieri"},"description":"UDELAR, CIENCIAS DE LA COMUNICACI\u00d3N Mujer y madre de adolescente, descubr\u00ed hace a\u00f1os el mundo de la producci\u00f3n teatral, en b\u00fasqueda de profundizar en conocimientos y herramientas para poder desarrollar m\u00e1s esa veta en presente y futuro.","sameAs":["https:\/\/cooltivarte.com\/portal\/author\/maria-jose-pieri\/","https:\/\/www.facebook.com\/maria.jose.pieri","https:\/\/www.instagram.com\/majo_p970\/","https:\/\/www.linkedin.com\/in\/maria-jose-pieri-5939a921\/","https:\/\/www.pinterest.com\/cooltivarte","https:\/\/x.com\/https:\/\/x.com\/majo70","https:\/\/www.youtube.com\/@PrensaCooltivarte","https:\/\/www.tumblr.com\/blog\/cooltivarte"],"url":"https:\/\/cooltivarte.com\/portal\/author\/maria-jose-pieri\/"}]}},"_links":{"self":[{"href":"https:\/\/cooltivarte.com\/portal\/wp-json\/wp\/v2\/posts\/110861","targetHints":{"allow":["GET"]}}],"collection":[{"href":"https:\/\/cooltivarte.com\/portal\/wp-json\/wp\/v2\/posts"}],"about":[{"href":"https:\/\/cooltivarte.com\/portal\/wp-json\/wp\/v2\/types\/post"}],"author":[{"embeddable":true,"href":"https:\/\/cooltivarte.com\/portal\/wp-json\/wp\/v2\/users\/221"}],"replies":[{"embeddable":true,"href":"https:\/\/cooltivarte.com\/portal\/wp-json\/wp\/v2\/comments?post=110861"}],"version-history":[{"count":7,"href":"https:\/\/cooltivarte.com\/portal\/wp-json\/wp\/v2\/posts\/110861\/revisions"}],"predecessor-version":[{"id":111046,"href":"https:\/\/cooltivarte.com\/portal\/wp-json\/wp\/v2\/posts\/110861\/revisions\/111046"}],"wp:featuredmedia":[{"embeddable":true,"href":"https:\/\/cooltivarte.com\/portal\/wp-json\/wp\/v2\/media\/111043"}],"wp:attachment":[{"href":"https:\/\/cooltivarte.com\/portal\/wp-json\/wp\/v2\/media?parent=110861"}],"wp:term":[{"taxonomy":"category","embeddable":true,"href":"https:\/\/cooltivarte.com\/portal\/wp-json\/wp\/v2\/categories?post=110861"},{"taxonomy":"post_tag","embeddable":true,"href":"https:\/\/cooltivarte.com\/portal\/wp-json\/wp\/v2\/tags?post=110861"}],"curies":[{"name":"wp","href":"https:\/\/api.w.org\/{rel}","templated":true}]}}