{"id":110614,"date":"2025-04-06T07:11:07","date_gmt":"2025-04-06T10:11:07","guid":{"rendered":"https:\/\/cooltivarte.com\/portal\/?p=110614"},"modified":"2025-04-09T10:04:57","modified_gmt":"2025-04-09T13:04:57","slug":"gavilan-en-vivo-en-formato-banda-en-sociedad-urbana-villa-dolores","status":"publish","type":"post","link":"https:\/\/cooltivarte.com\/portal\/gavilan-en-vivo-en-formato-banda-en-sociedad-urbana-villa-dolores\/","title":{"rendered":"Gavil\u00e1n en vivo en formato BANDA en Sociedad Urbana Villa Dolores"},"content":{"rendered":"<p><img fetchpriority=\"high\" decoding=\"async\" class=\"aligncenter wp-image-110615 size-large\" title=\"Gavil\u00e1n en vivo en formato BANDA en Sociedad Urbana Villa Dolores - Jueves 10 de abril 2025 - 20 hs.\" src=\"https:\/\/cooltivarte.com\/portal\/wp-content\/uploads\/2025\/02\/Gavilan-en-vivo-en-formato-BANDA-en-Sociedad-Urbana-Villa-Dolores-1024x536.jpg\" alt=\"Gavil\u00e1n en vivo en formato BANDA en Sociedad Urbana Villa Dolores - Jueves 10 de abril 2025 - 20 hs.\" width=\"1024\" height=\"536\" srcset=\"https:\/\/cooltivarte.com\/portal\/wp-content\/uploads\/2025\/02\/Gavilan-en-vivo-en-formato-BANDA-en-Sociedad-Urbana-Villa-Dolores-1024x536.jpg 1024w, https:\/\/cooltivarte.com\/portal\/wp-content\/uploads\/2025\/02\/Gavilan-en-vivo-en-formato-BANDA-en-Sociedad-Urbana-Villa-Dolores-300x157.jpg 300w, https:\/\/cooltivarte.com\/portal\/wp-content\/uploads\/2025\/02\/Gavilan-en-vivo-en-formato-BANDA-en-Sociedad-Urbana-Villa-Dolores-768x402.jpg 768w, https:\/\/cooltivarte.com\/portal\/wp-content\/uploads\/2025\/02\/Gavilan-en-vivo-en-formato-BANDA-en-Sociedad-Urbana-Villa-Dolores-1536x804.jpg 1536w, https:\/\/cooltivarte.com\/portal\/wp-content\/uploads\/2025\/02\/Gavilan-en-vivo-en-formato-BANDA-en-Sociedad-Urbana-Villa-Dolores.jpg 1600w\" sizes=\"(max-width: 1024px) 100vw, 1024px\" \/><\/p>\n<p>&nbsp;<\/p>\n<p><a href=\"https:\/\/cooltivarte.com\/portal\/?s=Gavil%C3%A1n\" target=\"_blank\" rel=\"noopener\"><strong>Gavil\u00e1n<\/strong><\/a> en vivo en formato BANDA en <strong>Sociedad Urbana Villa Dolores&nbsp;<\/strong><\/p>\n<p><strong>Jueves 10 de abril &#8211; 20 hs.<\/strong><\/p>\n<p><strong>Sociedad Urbana Villa Dolores<\/strong><\/p>\n<p>(Alejo Rosell y Rius 1483)<\/p>\n<p>&nbsp;<\/p>\n<p><strong>Entradas en&nbsp;<\/strong><a title=\"Comprar entradas\" href=\"https:\/\/redtickets.uy\/evento\/Gavilan-en-vivo\/19999\/?utm_source=brevo-publicacion-cooltivarte&amp;utm_campaign=Gaviln%20en%20vivo%20en%20formato%20BANDA&amp;utm_medium=email-publicacion-cooltivarte\" target=\"_blank\" rel=\"noopener\" data-saferedirecturl=\"https:\/\/www.google.com\/url?q=https:\/\/r.noticias.dinamo.uy\/mk\/cl\/f\/sh\/1t6Af4OiGsDg0YsVbX9lVN443jQ1AX\/9qT_Q35jpyyu&amp;source=gmail&amp;ust=1740330724134000&amp;usg=AOvVaw2nwt6jr1f_3wJMyuzxSt89\"><strong>Redtickets<\/strong><\/a><\/p>\n<p>Anticipadas a $450 \/ Socios $350 &#8211; En puerta: $500<\/p>\n<p>&nbsp;<\/p>\n<p>Luego de la gran repercusi\u00f3n obtenida con la reuni\u00f3n de<strong>&nbsp;Los Tontos<\/strong>,&nbsp;<strong>Gavil\u00e1n<\/strong>&nbsp;se presentar\u00e1 en el \u00fanico show antes de sus presentaciones en Argentina junto a junto a&nbsp;<strong>Diego Drexler<\/strong>. Como banda invitada, participar\u00e1&nbsp;<strong>Naty Batista y Los Comunes<\/strong>&nbsp;en la previa del lanzamiento y presentaci\u00f3n de su primer disco &#8220;Lo que no se ve&#8221;.&nbsp;<\/p>\n<p><strong>La banda:&nbsp;<\/strong>Gavil\u00e1n guitarra y voz, Diego Chiodi Guitarra y voz, Xavier Pereira Lete Bajo y voz, Nicol\u00e1s Millot bater\u00eda, secuencias y voz.<\/p>\n<p>Artistas invitadas para este show: Luciana Ver Luz, Mica Mendiz\u00e1bal y Cachivache Lover.&nbsp;<\/p>\n<p><strong>Naty Batista y Los Comunes<\/strong>&nbsp;son: Banda: Naty Batista voz, Rodrigo M\u00e9ndez y Leonardo Filgueiras en guitarras y coros, Victorio Cutinella bajo e Ignacio Dolyenko en percusi\u00f3n.<\/p>\n<p>&nbsp;<\/p>\n<p><iframe title=\"Spotify Embed: Nada importa\" style=\"border-radius: 12px\" width=\"100%\" height=\"352\" frameborder=\"0\" allowfullscreen allow=\"autoplay; clipboard-write; encrypted-media; fullscreen; picture-in-picture\" loading=\"lazy\" src=\"https:\/\/open.spotify.com\/embed\/album\/1QGv4nMurgQhkzFu45FnJ7?si=GGASE8kCT_-f_1kqCzQaOA&#038;utm_source=oembed\"><\/iframe><\/p>\n<p>&nbsp;<\/p>\n<p>Cuando <strong>Gavil\u00e1n<\/strong> preparaba el concierto de <a href=\"https:\/\/cooltivarte.com\/portal\/?s=Los+Tontos+2.0\" target=\"_blank\" rel=\"noopener\"><strong>Los Tontos 2.0<\/strong><\/a>, quiz\u00e1s por la carga emocional, de estr\u00e9s o vaya a saber que, sufri\u00f3 una par\u00e1lisis facial del lado derecho de la cara.<\/p>\n<p>En julio del 2024 y tratando de descansar un poco, decidi\u00f3 alejarse unos d\u00edas al campo para pisar el pasto y abrazar alg\u00fan que otro \u00e1rbol. All\u00ed escribi\u00f3 &#8220;Nada Importa&#8221;.<\/p>\n<p>El 17 de noviembre se re\u00fane con su banda en GR Estudio de Gustavo Ruvertoni para grabar la canci\u00f3n: Gavil\u00e1n en guitarra y voz, Diego Chiodi guitarra y solo, Xavier Pereira Lete en bajo y Nicol\u00e1s Millot en bater\u00eda.<\/p>\n<p>El 1 de diciembre se mezcla el tema con sobre grabaciones de teclados, pianos, percusi\u00f3n. Los coros y el piano solista por Dany L\u00f3pez le agregan el toque final.<\/p>\n<p>&nbsp;<\/p>\n<p>NADA IMPORTA<\/p>\n<p>Guitarras, voz, coros, teclados, piano y percusi\u00f3n: Gavil\u00e1n<br \/>\nBajo: Xavier Pereira Lete<br \/>\nGuitarra el\u00e9ctrica y Guitarra solista: Diego Chiodi<br \/>\nBater\u00eda: Nicolas Millot<br \/>\nArtista Invitado: Dany L\u00f3pez, coros y pianos<br \/>\nGrabado en GR Estudio por Gustavo Ruvertoni<br \/>\nMezcla y Master: Gustavo Ruvertoni<\/p>\n<p>&nbsp;<\/p>\n<p><strong>Gavil\u00e1n<\/strong><br \/>\n\u00ad<br \/>\nUn recorrido por su trayectoria art\u00edstica<br \/>\n\u00ad<br \/>\nEn los inicios de su trayectoria, Gavil\u00e1n formo parte de la banda estable de Max Capote desde 2007 habiendo realizado giras en varias partes del mundo.<\/p>\n<p>Por el 2018, continu\u00f3 con su<\/p>\n<p>carrera solista, realizando \u00e1lbumes y present\u00e1ndose en distintos escenarios con guitarra ac\u00fastica, arm\u00f3nica y voz.<\/p>\n<p>&nbsp;<\/p>\n<p>En 2019 presenta \u201cFuera de moda\u201d. Un disco con 31 canciones d\u00f3nde repasa tanto su etapa solista como con su antigua banda \u201cEl Gavil\u00e1n y Los Verde\u201d incluyendo dos temas nuevos llamados \u201cDe moda\u201d y \u201cSaber de vos\u201d, este \u00faltimo acompa\u00f1ado por Jaime Urrutia, cantante Espa\u00f1ol de la legendaria banda \u201cGabinete Caligari\u201d, llev\u00e1ndolo dicha canci\u00f3n a dos nominaciones a los Premios Graffiti: \u201cTema del a\u00f1o\u201d y \u201cMejor single pop\u201d.<\/p>\n<p>En 2020 public\u00f3 el disco \u201cParanoia o Intuici\u00f3n\u201d con los temas \u201cEscucha\u201d y \u201cConfiar\u201d. Tambi\u00e9n lanza el video de \u201cAlgo viene volando\u201d, canci\u00f3n de su disco llamado \u201cDebut\u201d editado durante su estad\u00eda en M\u00e9xico en 2015 bajo los sellos Intolerancia Discos Mx\/Contrapedal Uy.<\/p>\n<p>En 2021 lanz\u00f3 el tema \u201c\u00bfD\u00f3nde est\u00e1s?\u201d, acompa\u00f1ado de su respectivo video. Ese mismo a\u00f1o fue parte del disco homenaje a \u201cLos Est\u00f3magos\u201d &#8211; \u201cSolo en busca de un lugar\u201d. Su versi\u00f3n del tema \u201cSolo\u201d junto al cantante espa\u00f1ol Jos\u00e9 Manuel Casa\u00f1 (l\u00edder de la banda Seguridad social) fue el tema elegido como corte difusi\u00f3n y promocional para el lanzamiento de dicho \u00e1lbum, donde participaron artistas como Ataque 77 y La Vela Puerca, entre otros.<\/p>\n<p>Para su \u00faltimo disco \u201cDoble Ilusi\u00f3n\u201d se encarg\u00f3 \u00edntegramente de su producci\u00f3n, junto con el dise\u00f1o de la pol\u00e9mica y recordada portada del \u00e1lbum, fotografiada por Gerardo Pe\u00f3n. El disco est\u00e1 dedicado a \u201cExponiendo la verdad\u201d Enrique P\u00e9rez. Fue presentado en 2022 en la sala Hugo Balzo del Auditorio Nacional del Sodre. Este \u00e1lbum cont\u00f3 con dos nominaciones en los Premios Graffiti: &#8220;Mejor \u00e1lbum de rock&#8221; y &#8220;Mejor solista masculino del a\u00f1o&#8221;.<\/p>\n<p>Dentro de sus eventos m\u00e1s ic\u00f3nicos, se encuentra el hist\u00f3rico \u201cHomenaje a Los Tontos\u201d en el marco del 23 aniversario de la Sala Zitarrosa con invitados de lujo: Jorge Nasser, Fata Delgado, Mandrake Wolf, Gabriel Peluffo, Maia Castro, Eli-U, Max Capote, Tabar\u00e9 Rivero, Agustina Garc\u00eda, Gast\u00f3n Puentes, \u00c1lvaro \u201cApag\u00f3n\u201d Albino, Diego Drexler, Alejandro Spuntone y Alejandra Wolff.<br \/>\nEste show se convirti\u00f3 en un \u00e1lbum en vivo que hoy ya se encuentra disponible en todas las tiendas digitales.<\/p>\n<p>En este 2024 fue lanzando su discograf\u00eda remasterizada. Tambi\u00e9n el pasado 9 de noviembre se present\u00f3 junto a los ex Integrantes de \u201cLos Tontos\u201d (Trevor Podargo y Calvin Rodr\u00edguez) en un concierto hist\u00f3rico que reuni\u00f3 a \u201cLos Tontos\u201d 36 a\u00f1os despu\u00e9s de su \u00faltimo concierto. Con invitados como Leo Masliah, Mandrake Wolf, Javier Silvera y Jonas, realizaron un concierto de 20 canciones, pasando por toda la discograf\u00eda de la banda y homenajeando a Renzo Tefl\u00f3n.<\/p>\n<p>&nbsp;<\/p>\n<p>&nbsp;<\/p>\n","protected":false},"excerpt":{"rendered":"<p>Luego de la gran repercusi\u00f3n obtenida con la reuni\u00f3n de\u00a0Los Tontos,\u00a0Gavil\u00e1n\u00a0se presentar\u00e1 en el \u00fanico show antes de sus presentaciones en Argentina junto a junto a\u00a0Diego Drexler. Como banda invitada, participar\u00e1\u00a0Naty Batista y Los Comunes\u00a0en la previa del lanzamiento y presentaci\u00f3n de su primer disco &#8220;Lo que no se ve&#8221;.\u00a0<\/p>\n<p>La banda:\u00a0Gavil\u00e1n guitarra y voz, Diego Chiodi Guitarra y voz, Xavier Pereira Lete Bajo y voz, Nicol\u00e1s Millot bater\u00eda, secuencias y voz.<\/p>\n<p>Artistas invitadas para este show: Luciana Ver Luz, Mica Mendiz\u00e1bal y Cachivache Lover.\u00a0<\/p>\n<p>Naty Batista y Los Comunes\u00a0son: Banda: Naty Batista voz, Rodrigo M\u00e9ndez y Leonardo Filgueiras en guitarras y coros, Victorio Cutinella bajo e Ignacio Dolyenko en percusi\u00f3n.<\/p>\n","protected":false},"author":8,"featured_media":110615,"comment_status":"closed","ping_status":"closed","sticky":false,"template":"","format":"standard","meta":{"om_disable_all_campaigns":false,"ngg_post_thumbnail":0,"jnews-multi-image_gallery":[],"jnews_single_post":{"format":"standard","override":[{"template":"4","parallax":"1","layout":"right-sidebar","sidebar":"default-sidebar","second_sidebar":"default-sidebar","sticky_sidebar":"1","share_position":"bottom","share_float_style":"share-monocrhome","show_share_counter":"1","show_view_counter":"1","show_featured":"1","show_post_meta":"1","show_post_author":"1","show_post_author_image":"1","show_post_date":"1","post_date_format":"default","post_date_format_custom":"Y\/m\/d","show_post_category":"1","post_reading_time_wpm":"300","post_calculate_word_method":"str_word_count","zoom_button_out_step":"2","zoom_button_in_step":"3","show_post_tag":"1","show_prev_next_post":"1","show_popup_post":"1","number_popup_post":"1","show_author_box":"1","show_post_related":"0","show_inline_post_related":"0"}],"image_override":[{"single_post_thumbnail_size":"no-crop","single_post_gallery_size":"crop-500"}],"trending_post_position":"meta","trending_post_label":"Trending","sponsored_post_label":"Sponsored by","disable_ad":"0","subtitle":"Jueves 10 de abril 2025 - 20 hs."},"jnews_primary_category":[],"jnews_social_meta":[],"jnews_override_counter":{"view_counter_number":"0","share_counter_number":"0","like_counter_number":"0","dislike_counter_number":"0"},"footnotes":""},"categories":[3394],"tags":[901,15389],"class_list":["post-110614","post","type-post","status-publish","format-standard","has-post-thumbnail","hentry","category-eventos","tag-el-gavilan","tag-gavilan"],"yoast_head":"<!-- This site is optimized with the Yoast SEO plugin v27.5 - https:\/\/yoast.com\/product\/yoast-seo-wordpress\/ -->\n<title>Gavil\u00e1n en vivo en formato BANDA en Sociedad Urbana Villa Dolores - Cooltivarte Portal<\/title>\n<meta name=\"description\" content=\"Luego de la gran repercusi\u00f3n obtenida con la reuni\u00f3n de\u00a0Los Tontos,\u00a0Gavil\u00e1n\u00a0se presentar\u00e1 en el \u00fanico show antes de sus presentaciones en Argentina junto a junto a\u00a0Diego Drexler. Como banda invitada, participar\u00e1\u00a0Naty Batista y Los Comunes\u00a0en la previa del lanzamiento y presentaci\u00f3n de su primer disco &quot;Lo que no se ve&quot;.\u00a0\" \/>\n<meta name=\"robots\" content=\"index, follow, max-snippet:-1, max-image-preview:large, max-video-preview:-1\" \/>\n<link rel=\"canonical\" href=\"https:\/\/cooltivarte.com\/portal\/gavilan-en-vivo-en-formato-banda-en-sociedad-urbana-villa-dolores\/\" \/>\n<meta property=\"og:locale\" content=\"es_ES\" \/>\n<meta property=\"og:type\" content=\"article\" \/>\n<meta property=\"og:title\" content=\"Gavil\u00e1n en vivo en formato BANDA en Sociedad Urbana Villa Dolores - Jueves 10 de abril 2025 - 20 hs.\" \/>\n<meta property=\"og:description\" content=\"Luego de la gran repercusi\u00f3n obtenida con la reuni\u00f3n de\u00a0Los Tontos,\u00a0Gavil\u00e1n\u00a0se presentar\u00e1 en el \u00fanico show antes de sus presentaciones en Argentina junto a junto a\u00a0Diego Drexler. Como banda invitada, participar\u00e1\u00a0Naty Batista y Los Comunes\u00a0en la previa del lanzamiento y presentaci\u00f3n de su primer disco &quot;Lo que no se ve&quot;.\u00a0\" \/>\n<meta property=\"og:url\" content=\"https:\/\/cooltivarte.com\/portal\/gavilan-en-vivo-en-formato-banda-en-sociedad-urbana-villa-dolores\/\" \/>\n<meta property=\"og:site_name\" content=\"Cooltivarte Portal\" \/>\n<meta property=\"article:publisher\" content=\"https:\/\/www.facebook.com\/cooltivartecom\/\" \/>\n<meta property=\"article:author\" content=\"https:\/\/www.facebook.com\/cooltivartecom\" \/>\n<meta property=\"article:published_time\" content=\"2025-04-06T10:11:07+00:00\" \/>\n<meta property=\"article:modified_time\" content=\"2025-04-09T13:04:57+00:00\" \/>\n<meta property=\"og:image\" content=\"https:\/\/cooltivarte.com\/portal\/wp-content\/uploads\/2025\/02\/Gavilan-en-vivo-en-formato-BANDA-en-Sociedad-Urbana-Villa-Dolores.jpg\" \/>\n\t<meta property=\"og:image:width\" content=\"1600\" \/>\n\t<meta property=\"og:image:height\" content=\"837\" \/>\n\t<meta property=\"og:image:type\" content=\"image\/jpeg\" \/>\n<meta name=\"author\" content=\"Cooltivarte\" \/>\n<meta name=\"twitter:card\" content=\"summary_large_image\" \/>\n<meta name=\"twitter:title\" content=\"Gavil\u00e1n en vivo en formato BANDA en Sociedad Urbana Villa Dolores - Jueves 10 de abril 2025 - 20 hs.\" \/>\n<meta name=\"twitter:description\" content=\"Luego de la gran repercusi\u00f3n obtenida con la reuni\u00f3n de\u00a0Los Tontos,\u00a0Gavil\u00e1n\u00a0se presentar\u00e1 en el \u00fanico show antes de sus presentaciones en Argentina junto a junto a\u00a0Diego Drexler. Como banda invitada, participar\u00e1\u00a0Naty Batista y Los Comunes\u00a0en la previa del lanzamiento y presentaci\u00f3n de su primer disco &quot;Lo que no se ve&quot;.\u00a0\" \/>\n<meta name=\"twitter:image\" content=\"https:\/\/cooltivarte.com\/portal\/wp-content\/uploads\/2025\/02\/Gavilan-en-vivo-en-formato-BANDA-en-Sociedad-Urbana-Villa-Dolores.jpg\" \/>\n<meta name=\"twitter:creator\" content=\"@https:\/\/x.com\/obolocultural\" \/>\n<meta name=\"twitter:site\" content=\"@obolocultural\" \/>\n<meta name=\"twitter:label1\" content=\"Escrito por\" \/>\n\t<meta name=\"twitter:data1\" content=\"Cooltivarte\" \/>\n\t<meta name=\"twitter:label2\" content=\"Tiempo de lectura\" \/>\n\t<meta name=\"twitter:data2\" content=\"5 minutos\" \/>\n<!-- \/ Yoast SEO plugin. -->","yoast_head_json":{"title":"Gavil\u00e1n en vivo en formato BANDA en Sociedad Urbana Villa Dolores - Cooltivarte Portal","description":"Luego de la gran repercusi\u00f3n obtenida con la reuni\u00f3n de\u00a0Los Tontos,\u00a0Gavil\u00e1n\u00a0se presentar\u00e1 en el \u00fanico show antes de sus presentaciones en Argentina junto a junto a\u00a0Diego Drexler. Como banda invitada, participar\u00e1\u00a0Naty Batista y Los Comunes\u00a0en la previa del lanzamiento y presentaci\u00f3n de su primer disco \"Lo que no se ve\".\u00a0","robots":{"index":"index","follow":"follow","max-snippet":"max-snippet:-1","max-image-preview":"max-image-preview:large","max-video-preview":"max-video-preview:-1"},"canonical":"https:\/\/cooltivarte.com\/portal\/gavilan-en-vivo-en-formato-banda-en-sociedad-urbana-villa-dolores\/","og_locale":"es_ES","og_type":"article","og_title":"Gavil\u00e1n en vivo en formato BANDA en Sociedad Urbana Villa Dolores - Jueves 10 de abril 2025 - 20 hs.","og_description":"Luego de la gran repercusi\u00f3n obtenida con la reuni\u00f3n de\u00a0Los Tontos,\u00a0Gavil\u00e1n\u00a0se presentar\u00e1 en el \u00fanico show antes de sus presentaciones en Argentina junto a junto a\u00a0Diego Drexler. Como banda invitada, participar\u00e1\u00a0Naty Batista y Los Comunes\u00a0en la previa del lanzamiento y presentaci\u00f3n de su primer disco \"Lo que no se ve\".\u00a0","og_url":"https:\/\/cooltivarte.com\/portal\/gavilan-en-vivo-en-formato-banda-en-sociedad-urbana-villa-dolores\/","og_site_name":"Cooltivarte Portal","article_publisher":"https:\/\/www.facebook.com\/cooltivartecom\/","article_author":"https:\/\/www.facebook.com\/cooltivartecom","article_published_time":"2025-04-06T10:11:07+00:00","article_modified_time":"2025-04-09T13:04:57+00:00","og_image":[{"width":1600,"height":837,"url":"https:\/\/cooltivarte.com\/portal\/wp-content\/uploads\/2025\/02\/Gavilan-en-vivo-en-formato-BANDA-en-Sociedad-Urbana-Villa-Dolores.jpg","type":"image\/jpeg"}],"author":"Cooltivarte","twitter_card":"summary_large_image","twitter_title":"Gavil\u00e1n en vivo en formato BANDA en Sociedad Urbana Villa Dolores - Jueves 10 de abril 2025 - 20 hs.","twitter_description":"Luego de la gran repercusi\u00f3n obtenida con la reuni\u00f3n de\u00a0Los Tontos,\u00a0Gavil\u00e1n\u00a0se presentar\u00e1 en el \u00fanico show antes de sus presentaciones en Argentina junto a junto a\u00a0Diego Drexler. Como banda invitada, participar\u00e1\u00a0Naty Batista y Los Comunes\u00a0en la previa del lanzamiento y presentaci\u00f3n de su primer disco \"Lo que no se ve\".\u00a0","twitter_image":"https:\/\/cooltivarte.com\/portal\/wp-content\/uploads\/2025\/02\/Gavilan-en-vivo-en-formato-BANDA-en-Sociedad-Urbana-Villa-Dolores.jpg","twitter_creator":"@https:\/\/x.com\/obolocultural","twitter_site":"@obolocultural","twitter_misc":{"Escrito por":"Cooltivarte","Tiempo de lectura":"5 minutos"},"schema":{"@context":"https:\/\/schema.org","@graph":[{"@type":"NewsArticle","@id":"https:\/\/cooltivarte.com\/portal\/gavilan-en-vivo-en-formato-banda-en-sociedad-urbana-villa-dolores\/#article","isPartOf":{"@id":"https:\/\/cooltivarte.com\/portal\/gavilan-en-vivo-en-formato-banda-en-sociedad-urbana-villa-dolores\/"},"author":{"name":"Cooltivarte","@id":"https:\/\/cooltivarte.com\/portal\/#\/schema\/person\/ec2a4f4e71b740d0c559c0ab9a157e19"},"headline":"Gavil\u00e1n en vivo en formato BANDA en Sociedad Urbana Villa Dolores","datePublished":"2025-04-06T10:11:07+00:00","dateModified":"2025-04-09T13:04:57+00:00","mainEntityOfPage":{"@id":"https:\/\/cooltivarte.com\/portal\/gavilan-en-vivo-en-formato-banda-en-sociedad-urbana-villa-dolores\/"},"wordCount":898,"publisher":{"@id":"https:\/\/cooltivarte.com\/portal\/#organization"},"image":{"@id":"https:\/\/cooltivarte.com\/portal\/gavilan-en-vivo-en-formato-banda-en-sociedad-urbana-villa-dolores\/#primaryimage"},"thumbnailUrl":"https:\/\/cooltivarte.com\/portal\/wp-content\/uploads\/2025\/02\/Gavilan-en-vivo-en-formato-BANDA-en-Sociedad-Urbana-Villa-Dolores.jpg","keywords":["El Gavil\u00e1n","Gavil\u00e1n"],"articleSection":["Eventos"],"inLanguage":"es-AR"},{"@type":"WebPage","@id":"https:\/\/cooltivarte.com\/portal\/gavilan-en-vivo-en-formato-banda-en-sociedad-urbana-villa-dolores\/","url":"https:\/\/cooltivarte.com\/portal\/gavilan-en-vivo-en-formato-banda-en-sociedad-urbana-villa-dolores\/","name":"Gavil\u00e1n en vivo en formato BANDA en Sociedad Urbana Villa Dolores - Cooltivarte Portal","isPartOf":{"@id":"https:\/\/cooltivarte.com\/portal\/#website"},"primaryImageOfPage":{"@id":"https:\/\/cooltivarte.com\/portal\/gavilan-en-vivo-en-formato-banda-en-sociedad-urbana-villa-dolores\/#primaryimage"},"image":{"@id":"https:\/\/cooltivarte.com\/portal\/gavilan-en-vivo-en-formato-banda-en-sociedad-urbana-villa-dolores\/#primaryimage"},"thumbnailUrl":"https:\/\/cooltivarte.com\/portal\/wp-content\/uploads\/2025\/02\/Gavilan-en-vivo-en-formato-BANDA-en-Sociedad-Urbana-Villa-Dolores.jpg","datePublished":"2025-04-06T10:11:07+00:00","dateModified":"2025-04-09T13:04:57+00:00","description":"Luego de la gran repercusi\u00f3n obtenida con la reuni\u00f3n de\u00a0Los Tontos,\u00a0Gavil\u00e1n\u00a0se presentar\u00e1 en el \u00fanico show antes de sus presentaciones en Argentina junto a junto a\u00a0Diego Drexler. Como banda invitada, participar\u00e1\u00a0Naty Batista y Los Comunes\u00a0en la previa del lanzamiento y presentaci\u00f3n de su primer disco \"Lo que no se ve\".\u00a0","breadcrumb":{"@id":"https:\/\/cooltivarte.com\/portal\/gavilan-en-vivo-en-formato-banda-en-sociedad-urbana-villa-dolores\/#breadcrumb"},"inLanguage":"es-AR","potentialAction":[{"@type":"ReadAction","target":["https:\/\/cooltivarte.com\/portal\/gavilan-en-vivo-en-formato-banda-en-sociedad-urbana-villa-dolores\/"]}]},{"@type":"ImageObject","inLanguage":"es-AR","@id":"https:\/\/cooltivarte.com\/portal\/gavilan-en-vivo-en-formato-banda-en-sociedad-urbana-villa-dolores\/#primaryimage","url":"https:\/\/cooltivarte.com\/portal\/wp-content\/uploads\/2025\/02\/Gavilan-en-vivo-en-formato-BANDA-en-Sociedad-Urbana-Villa-Dolores.jpg","contentUrl":"https:\/\/cooltivarte.com\/portal\/wp-content\/uploads\/2025\/02\/Gavilan-en-vivo-en-formato-BANDA-en-Sociedad-Urbana-Villa-Dolores.jpg","width":1600,"height":837,"caption":"Gavil\u00e1n en vivo en formato BANDA en Sociedad Urbana Villa Dolores - Jueves 10 de abril 2025 - 20 hs."},{"@type":"BreadcrumbList","@id":"https:\/\/cooltivarte.com\/portal\/gavilan-en-vivo-en-formato-banda-en-sociedad-urbana-villa-dolores\/#breadcrumb","itemListElement":[{"@type":"ListItem","position":1,"name":"Portada","item":"https:\/\/cooltivarte.com\/portal\/"},{"@type":"ListItem","position":2,"name":"Gavil\u00e1n en vivo en formato BANDA en Sociedad Urbana Villa Dolores"}]},{"@type":"WebSite","@id":"https:\/\/cooltivarte.com\/portal\/#website","url":"https:\/\/cooltivarte.com\/portal\/","name":"Cooltivarte Portal","description":"Arte, cultura y turismo para el mundo ...","publisher":{"@id":"https:\/\/cooltivarte.com\/portal\/#organization"},"potentialAction":[{"@type":"SearchAction","target":{"@type":"EntryPoint","urlTemplate":"https:\/\/cooltivarte.com\/portal\/?s={search_term_string}"},"query-input":{"@type":"PropertyValueSpecification","valueRequired":true,"valueName":"search_term_string"}}],"inLanguage":"es-AR"},{"@type":"Organization","@id":"https:\/\/cooltivarte.com\/portal\/#organization","name":"cooltivarte","url":"https:\/\/cooltivarte.com\/portal\/","logo":{"@type":"ImageObject","inLanguage":"es-AR","@id":"https:\/\/cooltivarte.com\/portal\/#\/schema\/logo\/image\/","url":"https:\/\/cooltivarte.com\/portal\/wp-content\/uploads\/2020\/04\/logo-cooltivarte-v2.png","contentUrl":"https:\/\/cooltivarte.com\/portal\/wp-content\/uploads\/2020\/04\/logo-cooltivarte-v2.png","width":851,"height":243,"caption":"cooltivarte"},"image":{"@id":"https:\/\/cooltivarte.com\/portal\/#\/schema\/logo\/image\/"},"sameAs":["https:\/\/www.facebook.com\/cooltivartecom\/","https:\/\/x.com\/obolocultural","https:\/\/www.instagram.com\/_cooltivarte_\/","https:\/\/www.linkedin.com\/company\/-bolocultural?reportsuccess=8zaNG1HwhPbAR9iQhZ5rfGeqz_vQFftHun0ZWU0Wy9vNemRJ8vtcKdJvzQfW8XagyOJSKg0XvfJ1dp","https:\/\/www.pinterest.com\/cooltivarte\/","https:\/\/cooltivarte.tumblr.com\/","https:\/\/www.tiktok.com\/@cooltivarte","https:\/\/www.youtube.com\/@PrensaCooltivarte"]},{"@type":"Person","@id":"https:\/\/cooltivarte.com\/portal\/#\/schema\/person\/ec2a4f4e71b740d0c559c0ab9a157e19","name":"Cooltivarte","image":{"@type":"ImageObject","inLanguage":"es-AR","@id":"https:\/\/cooltivarte.com\/portal\/wp-content\/uploads\/2014\/05\/logo-cooltivarte-120x120.jpg","url":"https:\/\/cooltivarte.com\/portal\/wp-content\/uploads\/2014\/05\/logo-cooltivarte-120x120.jpg","contentUrl":"https:\/\/cooltivarte.com\/portal\/wp-content\/uploads\/2014\/05\/logo-cooltivarte-120x120.jpg","caption":"Cooltivarte"},"description":"Somos COOLTIVARTE.COM. Un portal digital dedicado a difundir el acontecer art\u00edstico y cultural del Uruguay. Estamos en la vuelta desde el a\u00f1o 2003, y como evoluci\u00f3n del bolet\u00edn Obolo Cultural, nos encontramos abocados a apoyar a los artistas nacionales brind\u00e1ndoles un espacio de difusi\u00f3n. Creemos en la idea de utilizar la potencialidad que hoy d\u00eda nos otorga la web, para que la cultura uruguaya y sus creadores dispongan de una din\u00e1mica ventana, que los ponga en contacto entre s\u00ed y con el mundo. Somos COOLTIVARTE.COM y pretendemos configurarnos como un portal din\u00e1mico, entretenido y atento a los nuevos emprendimientos, que busque siempre la interacci\u00f3n con los artistas.","sameAs":["http:\/\/www.cooltivarte.com","https:\/\/www.facebook.com\/cooltivartecom","https:\/\/www.instagram.com\/_cooltivarte_\/","https:\/\/www.linkedin.com\/company\/-bolocultural","https:\/\/www.pinterest.com\/cooltivarte\/","https:\/\/x.com\/https:\/\/x.com\/obolocultural","https:\/\/www.youtube.com\/@PrensaCooltivarte","https:\/\/www.tumblr.com\/blog\/cooltivarte"],"url":"https:\/\/cooltivarte.com\/portal\/author\/cooltivarte\/"}]}},"_links":{"self":[{"href":"https:\/\/cooltivarte.com\/portal\/wp-json\/wp\/v2\/posts\/110614","targetHints":{"allow":["GET"]}}],"collection":[{"href":"https:\/\/cooltivarte.com\/portal\/wp-json\/wp\/v2\/posts"}],"about":[{"href":"https:\/\/cooltivarte.com\/portal\/wp-json\/wp\/v2\/types\/post"}],"author":[{"embeddable":true,"href":"https:\/\/cooltivarte.com\/portal\/wp-json\/wp\/v2\/users\/8"}],"replies":[{"embeddable":true,"href":"https:\/\/cooltivarte.com\/portal\/wp-json\/wp\/v2\/comments?post=110614"}],"version-history":[{"count":1,"href":"https:\/\/cooltivarte.com\/portal\/wp-json\/wp\/v2\/posts\/110614\/revisions"}],"predecessor-version":[{"id":110616,"href":"https:\/\/cooltivarte.com\/portal\/wp-json\/wp\/v2\/posts\/110614\/revisions\/110616"}],"wp:featuredmedia":[{"embeddable":true,"href":"https:\/\/cooltivarte.com\/portal\/wp-json\/wp\/v2\/media\/110615"}],"wp:attachment":[{"href":"https:\/\/cooltivarte.com\/portal\/wp-json\/wp\/v2\/media?parent=110614"}],"wp:term":[{"taxonomy":"category","embeddable":true,"href":"https:\/\/cooltivarte.com\/portal\/wp-json\/wp\/v2\/categories?post=110614"},{"taxonomy":"post_tag","embeddable":true,"href":"https:\/\/cooltivarte.com\/portal\/wp-json\/wp\/v2\/tags?post=110614"}],"curies":[{"name":"wp","href":"https:\/\/api.w.org\/{rel}","templated":true}]}}