{"id":110443,"date":"2025-02-16T11:58:53","date_gmt":"2025-02-16T14:58:53","guid":{"rendered":"https:\/\/cooltivarte.com\/portal\/?p=110443"},"modified":"2025-02-17T00:45:28","modified_gmt":"2025-02-17T03:45:28","slug":"pionera-la-murga-la-historia-y-la-voz-que-transformo-realidades","status":"publish","type":"post","link":"https:\/\/cooltivarte.com\/portal\/pionera-la-murga-la-historia-y-la-voz-que-transformo-realidades\/","title":{"rendered":"Pionera- La Murga, la Historia y la Voz que Transform\u00f3 Realidades"},"content":{"rendered":"<p><img fetchpriority=\"high\" decoding=\"async\" class=\"aligncenter wp-image-110444 size-full\" title=\"Pionera - 2025\" src=\"https:\/\/cooltivarte.com\/portal\/wp-content\/uploads\/2025\/02\/Pionera-2025.jpeg\" alt=\"Pionera - 2025\" width=\"497\" height=\"862\" srcset=\"https:\/\/cooltivarte.com\/portal\/wp-content\/uploads\/2025\/02\/Pionera-2025.jpeg 497w, https:\/\/cooltivarte.com\/portal\/wp-content\/uploads\/2025\/02\/Pionera-2025-173x300.jpeg 173w\" sizes=\"(max-width: 497px) 100vw, 497px\" \/><\/p>\n<p>El carnaval se ha vendido como el espejo del pueblo. \u00bfrealmente refleja a todos y todas? Durante mucho tiempo, la mujer ha estado relegada a los m\u00e1rgenes: colaboradora, vestuarista, maquilladora y otros roles que la ubicaban fuera de los escenarios. <a href=\"https:\/\/cooltivarte.com\/portal\/?s=Juana+Pochola+Silva\" target=\"_blank\" rel=\"noopener\"><strong>Juana &#8220;Pochola&#8221; Silva<\/strong><\/a> no acept\u00f3 ese rol. Fund\u00f3 la primera murga integrada exclusivamente por mujeres en Uruguay, dando un codazo, abriendo y habilitando el espacio. Se adentr\u00f3 a escena sin pedir permiso, dejando claro que la murga no era de dominio masculino.<\/p>\n<p>Ese golpe todav\u00eda sigue teniendo replicas. Cada mujer que hoy pisa el escenario lo hace sobre el terreno que Pochola despej\u00f3 con su convicci\u00f3n. No hay marcha atr\u00e1s. El <strong>carnaval de Canelones<\/strong> lo entendi\u00f3 y, en 2024, decidi\u00f3 poner su nombre a la competencia oficial. Su hija, <a href=\"https:\/\/cooltivarte.com\/portal\/?s=Majo+Silva\" target=\"_blank\" rel=\"noopener\"><strong>Majo Silva<\/strong><\/a>, lo expresa sin rodeos en <a href=\"https:\/\/www.instagram.com\/pionerateatro\" target=\"_blank\" rel=\"noopener\"><em><strong>Pionera<\/strong><\/em><\/a>, un unipersonal que trasciende el teatro que es memoria, denuncia y un recordatorio de que la cultura popular no es est\u00e1tica; se pelea, se gana y se transforma.<\/p>\n<p>La historia de Pochola no es solo un recuerdo nost\u00e1lgico; vive en cada murga que se planta en el tablado para comunicar lo que cree que es necesario transmitir. As\u00ed, cuando <a href=\"https:\/\/www.instagram.com\/lamieldelosomurga\/\" target=\"_blank\" rel=\"noopener\"><strong>La Miel del Oso<\/strong><\/a> cerr\u00f3 su espect\u00e1culo con la canci\u00f3n de Eureste &#8220;Coco&#8221; Pi\u00f1eiro en su honor, no fue un simple homenaje: fue una declaraci\u00f3n de principios. La murga no la evoc\u00f3 como un eco lejano; la reivindic\u00f3 como parte viva de su esencia. Pochola no fue solo una pionera; fue una insurrecta que reescribi\u00f3 las reglas del juego.<\/p>\n<p>Ese sue\u00f1o no se qued\u00f3 en un conventillo a la vuelta del liceo\u00a0 de <strong>Las Piedras<\/strong>. Creci\u00f3, incomod\u00f3 y sacudi\u00f3 estructuras, afianz\u00e1ndose en cada mujer que entiende que el arte es un terreno de disputa. <em>Pionera<\/em> no solo es un homenaje; es un acto de justicia hist\u00f3rica. No se agota en el recuerdo ni se enreda en la nostalgia barata. Es un golpe al olvido, una puesta en escena que exhibe el contraste entre el pasado y el presente, dejando claro que la pelea a\u00fan no termina.<\/p>\n<p>Y lo m\u00e1s importante: <em>Pionera<\/em> no es solo de Montevideo, porque Pochola tampoco lo fue. Su historia naci\u00f3 en Las Piedras y su legado no se puede encerrar en un solo escenario. Por eso, la obra no se limita a la capital. Va al <strong>Sol\u00eds,<\/strong> el templo y uno de los \u00edconos mas importante de la cultura nacional, pero tambi\u00e9n se presenta en el <strong>Macci\u00f3<\/strong> San Jos\u00e9 y el Coloso <strong>Politeama<\/strong> de Canelones. Porque la murga que Pochola so\u00f1\u00f3 era del pueblo y para el pueblo, y ah\u00ed es donde debe seguir latiendo.<\/p>\n<p>Cuando murgas como La Miel del Oso recuerda su lucha, no pasa por cuestiones de folclore ni de correcci\u00f3n pol\u00edtica. Es identidad, historia y resistencia. Y, sobre todo, es la confirmaci\u00f3n de que Pochola mas all\u00e1 de abrir una puerta; implant\u00f3 derechos y reivindic\u00f3 espacios para aquellas voces que para la \u00e9poca era normal que estuviesen silenciadas.<\/p>\n<p>Te invitamos a ser parte de esta historia y a presenciar <em>Pionera<\/em>. Para no dejar el legado se pierda.<\/p>\n<p>En el mes de las mujeres, aqu\u00ed van las posibilidades para presenciar algina de las\u00a0 funciones de Pionera.<\/p>\n<p><strong>Funciones en marzo:<\/strong><\/p>\n<p><strong>Viernes 7<\/strong> \u2013 Teatro Macci\u00f3 (San Jos\u00e9) \u2013 Entrada gratuita<br \/>\n<strong>Viernes 14<\/strong> \u2013 Politeama (Canelones) \u2013 Entrada gratuita<br \/>\n<strong>Jueves 20 a domingo 23<\/strong> \u2013 Teatro Sol\u00eds (Montevideo)<br \/>\n<a href=\"https:\/\/tickantel.com.uy\/inicio\/espectaculo\/40017845\/espectaculo\/Pionera-%20Nosotras%20en%20la%20Delmira%202025?2\" target=\"_blank\" rel=\"noopener\">Entradas por Tickantel<\/a> | Promo 2&#215;1 con El Pa\u00eds, La Diaria y Montevideo Libre<\/p>\n<p>&nbsp;<\/p>\n<blockquote class=\"instagram-media\" style=\"background: #FFF;border: 0;border-radius: 3px;margin: 1px;max-width: 540px;min-width: 326px;padding: 0;width: calc(100% - 2px)\" data-instgrm-captioned=\"\" data-instgrm-permalink=\"https:\/\/www.instagram.com\/p\/DFpukC3u6f4\/?utm_source=ig_embed&amp;utm_campaign=loading\" data-instgrm-version=\"14\">\n<div style=\"padding: 16px\">\n<p>&nbsp;<\/p>\n<div style=\"display: flex;flex-direction: row;align-items: center\">\n<div style=\"background-color: #f4f4f4;border-radius: 50%;flex-grow: 0;height: 40px;margin-right: 14px;width: 40px\"><\/div>\n<div style=\"display: flex;flex-direction: column;flex-grow: 1;justify-content: center\">\n<div style=\"background-color: #f4f4f4;border-radius: 4px;flex-grow: 0;height: 14px;margin-bottom: 6px;width: 100px\"><\/div>\n<div style=\"background-color: #f4f4f4;border-radius: 4px;flex-grow: 0;height: 14px;width: 60px\"><\/div>\n<\/div>\n<\/div>\n<div style=\"padding: 19% 0\"><\/div>\n<div style=\"display: block;height: 50px;margin: 0 auto 12px;width: 50px\"><\/div>\n<div style=\"padding-top: 8px\">\n<div style=\"color: #3897f0;font-family: Arial,sans-serif;font-size: 14px;font-style: normal;font-weight: 550;line-height: 18px\">Ver esta publicaci\u00f3n en Instagram<\/div>\n<\/div>\n<div style=\"padding: 12.5% 0\"><\/div>\n<div style=\"display: flex;flex-direction: row;margin-bottom: 14px;align-items: center\">\n<div>\n<div style=\"background-color: #f4f4f4;border-radius: 50%;height: 12.5px;width: 12.5px\"><\/div>\n<div style=\"background-color: #f4f4f4;height: 12.5px;width: 12.5px;flex-grow: 0;margin-right: 14px;margin-left: 2px\"><\/div>\n<div style=\"background-color: #f4f4f4;border-radius: 50%;height: 12.5px;width: 12.5px\"><\/div>\n<\/div>\n<div style=\"margin-left: 8px\">\n<div style=\"background-color: #f4f4f4;border-radius: 50%;flex-grow: 0;height: 20px;width: 20px\"><\/div>\n<div style=\"width: 0;height: 0;border-top: 2px solid transparent;border-left: 6px solid #f4f4f4;border-bottom: 2px solid transparent\"><\/div>\n<\/div>\n<div style=\"margin-left: auto\">\n<div style=\"width: 0px;border-top: 8px solid #F4F4F4;border-right: 8px solid transparent\"><\/div>\n<div style=\"background-color: #f4f4f4;flex-grow: 0;height: 12px;width: 16px\"><\/div>\n<div style=\"width: 0;height: 0;border-top: 8px solid #F4F4F4;border-left: 8px solid transparent\"><\/div>\n<\/div>\n<\/div>\n<div style=\"display: flex;flex-direction: column;flex-grow: 1;justify-content: center;margin-bottom: 24px\">\n<div style=\"background-color: #f4f4f4;border-radius: 4px;flex-grow: 0;height: 14px;margin-bottom: 6px;width: 224px\"><\/div>\n<div style=\"background-color: #f4f4f4;border-radius: 4px;flex-grow: 0;height: 14px;width: 144px\"><\/div>\n<\/div>\n<p>&nbsp;<\/p>\n<p style=\"color: #c9c8cd;font-family: Arial,sans-serif;font-size: 14px;line-height: 17px;margin-bottom: 0;margin-top: 8px;overflow: hidden;padding: 8px 0 7px;text-align: center\"><a style=\"color: #c9c8cd;font-family: Arial,sans-serif;font-size: 14px;font-style: normal;font-weight: normal;line-height: 17px;text-decoration: none\" href=\"https:\/\/www.instagram.com\/p\/DFpukC3u6f4\/?utm_source=ig_embed&amp;utm_campaign=loading\" target=\"_blank\" rel=\"noopener\">Una publicaci\u00f3n compartida por Majo Silva (@majosilvateatro)<\/a><\/p>\n<\/div>\n<\/blockquote>\n<p>&nbsp;<\/p>\n<p>&nbsp;<\/p>\n<p>&nbsp;<\/p>\n","protected":false},"excerpt":{"rendered":"<p>El carnaval se ha vendido como el espejo del pueblo. \u00bfrealmente refleja a todos y todas? Durante mucho tiempo, la mujer ha estado relegada a los m\u00e1rgenes: colaboradora, vestuarista, maquilladora. Juana &#8220;Pochola&#8221; Silva no acept\u00f3 ese rol. Fund\u00f3 la primera murga integrada exclusivamente por mujeres en Uruguay, dando un codazo que abri\u00f3 un espacio donde se dec\u00eda que no hab\u00eda lugar. Se adentr\u00f3 en la cancha sin pedir permiso y dej\u00f3 claro que la murga no era un dominio masculino.<\/p>\n<p>Ese golpe todav\u00eda sigue teniendo replicas. Cada mujer que hoy pisa el escenario lo hace sobre el terreno que Pochola despej\u00f3 con su convicci\u00f3n. No hay marcha atr\u00e1s. El carnaval de Canelones lo entendi\u00f3 y, en 2024, decidi\u00f3 poner su nombre a la competencia oficial. Su hija, Majo Silva, lo expresa sin rodeos en Pionera, un unipersonal que trasciende el teatro: es memoria, denuncia y un recordatorio de que la cultura popular no es est\u00e1tica; se pelea, se gana, se transforma.<\/p>\n","protected":false},"author":199,"featured_media":110444,"comment_status":"closed","ping_status":"closed","sticky":false,"template":"","format":"standard","meta":{"om_disable_all_campaigns":false,"ngg_post_thumbnail":0,"jnews-multi-image_gallery":[],"jnews_single_post":{"format":"standard","override":[{"template":"4","parallax":"1","layout":"right-sidebar","sidebar":"default-sidebar","second_sidebar":"default-sidebar","sticky_sidebar":"1","share_position":"bottom","share_float_style":"share-monocrhome","show_share_counter":"1","show_view_counter":"1","show_featured":"1","show_post_meta":"1","show_post_author":"1","show_post_author_image":"1","show_post_date":"1","post_date_format":"default","post_date_format_custom":"Y\/m\/d","show_post_category":"1","post_reading_time_wpm":"300","post_calculate_word_method":"str_word_count","zoom_button_out_step":"2","zoom_button_in_step":"3","show_post_tag":"1","show_prev_next_post":"1","show_popup_post":"1","number_popup_post":"1","show_author_box":"1","show_post_related":"0","show_inline_post_related":"0"}],"image_override":[{"single_post_thumbnail_size":"no-crop","single_post_gallery_size":"crop-500"}],"trending_post_position":"meta","trending_post_label":"Trending","sponsored_post_label":"Sponsored by","disable_ad":"0","subtitle":"Juana \"Pochola\" Silva"},"jnews_primary_category":[],"jnews_social_meta":[],"jnews_override_counter":{"view_counter_number":"0","share_counter_number":"0","like_counter_number":"0","dislike_counter_number":"0"},"footnotes":""},"categories":[54],"tags":[587,19958,23246,23567,23353],"class_list":["post-110443","post","type-post","status-publish","format-standard","has-post-thumbnail","hentry","category-articulos","tag-carnaval","tag-juana-pochola-silva","tag-la-miel-del-oso","tag-majo-silva","tag-pionera"],"yoast_head":"<!-- This site is optimized with the Yoast SEO plugin v27.5 - https:\/\/yoast.com\/product\/yoast-seo-wordpress\/ -->\n<title>Pionera- La Murga, la Historia y la Voz que Transform\u00f3 Realidades - Cooltivarte Portal<\/title>\n<meta name=\"description\" content=\"El carnaval se ha vendido como el espejo del pueblo. \u00bfrealmente refleja a todos y todas? Durante mucho tiempo, la mujer ha estado relegada a los m\u00e1rgenes: colaboradora, vestuarista, maquilladora. Juana &quot;Pochola&quot; Silva no acept\u00f3 ese rol.\" \/>\n<meta name=\"robots\" content=\"index, follow, max-snippet:-1, max-image-preview:large, max-video-preview:-1\" \/>\n<link rel=\"canonical\" href=\"https:\/\/cooltivarte.com\/portal\/pionera-la-murga-la-historia-y-la-voz-que-transformo-realidades\/\" \/>\n<meta property=\"og:locale\" content=\"es_ES\" \/>\n<meta property=\"og:type\" content=\"article\" \/>\n<meta property=\"og:title\" content=\"Pionera: La Murga - la Historia y la Voz que Transform\u00f3 Realidades - Juana &quot;Pochola&quot; Silva by Rodrigo Cabrera\" \/>\n<meta property=\"og:description\" content=\"El carnaval se ha vendido como el espejo del pueblo. \u00bfrealmente refleja a todos y todas? Durante mucho tiempo, la mujer ha estado relegada a los m\u00e1rgenes: colaboradora, vestuarista, maquilladora. Juana &quot;Pochola&quot; Silva no acept\u00f3 ese rol.\" \/>\n<meta property=\"og:url\" content=\"https:\/\/cooltivarte.com\/portal\/pionera-la-murga-la-historia-y-la-voz-que-transformo-realidades\/\" \/>\n<meta property=\"og:site_name\" content=\"Cooltivarte Portal\" \/>\n<meta property=\"article:publisher\" content=\"https:\/\/www.facebook.com\/cooltivartecom\/\" \/>\n<meta property=\"article:author\" content=\"https:\/\/www.facebook.com\/rodrigo.cabrera.35\" \/>\n<meta property=\"article:published_time\" content=\"2025-02-16T14:58:53+00:00\" \/>\n<meta property=\"article:modified_time\" content=\"2025-02-17T03:45:28+00:00\" \/>\n<meta property=\"og:image\" content=\"https:\/\/cooltivarte.com\/portal\/wp-content\/uploads\/2025\/02\/Pionera-2025.jpeg\" \/>\n\t<meta property=\"og:image:width\" content=\"497\" \/>\n\t<meta property=\"og:image:height\" content=\"862\" \/>\n\t<meta property=\"og:image:type\" content=\"image\/jpeg\" \/>\n<meta name=\"author\" content=\"Rodrigo Cabrera\" \/>\n<meta name=\"twitter:card\" content=\"summary_large_image\" \/>\n<meta name=\"twitter:title\" content=\"Pionera: La Murga - la Historia y la Voz que Transform\u00f3 Realidades - Juana &quot;Pochola&quot; Silva by Rodrigo Cabrera\" \/>\n<meta name=\"twitter:description\" content=\"El carnaval se ha vendido como el espejo del pueblo. \u00bfrealmente refleja a todos y todas? Durante mucho tiempo, la mujer ha estado relegada a los m\u00e1rgenes: colaboradora, vestuarista, maquilladora. Juana &quot;Pochola&quot; Silva no acept\u00f3 ese rol.\" \/>\n<meta name=\"twitter:image\" content=\"https:\/\/cooltivarte.com\/portal\/wp-content\/uploads\/2025\/02\/Pionera-2025.jpeg\" \/>\n<meta name=\"twitter:creator\" content=\"@https:\/\/x.com\/obolocultural\" \/>\n<meta name=\"twitter:site\" content=\"@obolocultural\" \/>\n<meta name=\"twitter:label1\" content=\"Escrito por\" \/>\n\t<meta name=\"twitter:data1\" content=\"Rodrigo Cabrera\" \/>\n\t<meta name=\"twitter:label2\" content=\"Tiempo de lectura\" \/>\n\t<meta name=\"twitter:data2\" content=\"4 minutos\" \/>\n<!-- \/ Yoast SEO plugin. -->","yoast_head_json":{"title":"Pionera- La Murga, la Historia y la Voz que Transform\u00f3 Realidades - Cooltivarte Portal","description":"El carnaval se ha vendido como el espejo del pueblo. \u00bfrealmente refleja a todos y todas? Durante mucho tiempo, la mujer ha estado relegada a los m\u00e1rgenes: colaboradora, vestuarista, maquilladora. Juana \"Pochola\" Silva no acept\u00f3 ese rol.","robots":{"index":"index","follow":"follow","max-snippet":"max-snippet:-1","max-image-preview":"max-image-preview:large","max-video-preview":"max-video-preview:-1"},"canonical":"https:\/\/cooltivarte.com\/portal\/pionera-la-murga-la-historia-y-la-voz-que-transformo-realidades\/","og_locale":"es_ES","og_type":"article","og_title":"Pionera: La Murga - la Historia y la Voz que Transform\u00f3 Realidades - Juana \"Pochola\" Silva by Rodrigo Cabrera","og_description":"El carnaval se ha vendido como el espejo del pueblo. \u00bfrealmente refleja a todos y todas? Durante mucho tiempo, la mujer ha estado relegada a los m\u00e1rgenes: colaboradora, vestuarista, maquilladora. Juana \"Pochola\" Silva no acept\u00f3 ese rol.","og_url":"https:\/\/cooltivarte.com\/portal\/pionera-la-murga-la-historia-y-la-voz-que-transformo-realidades\/","og_site_name":"Cooltivarte Portal","article_publisher":"https:\/\/www.facebook.com\/cooltivartecom\/","article_author":"https:\/\/www.facebook.com\/rodrigo.cabrera.35","article_published_time":"2025-02-16T14:58:53+00:00","article_modified_time":"2025-02-17T03:45:28+00:00","og_image":[{"width":497,"height":862,"url":"https:\/\/cooltivarte.com\/portal\/wp-content\/uploads\/2025\/02\/Pionera-2025.jpeg","type":"image\/jpeg"}],"author":"Rodrigo Cabrera","twitter_card":"summary_large_image","twitter_title":"Pionera: La Murga - la Historia y la Voz que Transform\u00f3 Realidades - Juana \"Pochola\" Silva by Rodrigo Cabrera","twitter_description":"El carnaval se ha vendido como el espejo del pueblo. \u00bfrealmente refleja a todos y todas? Durante mucho tiempo, la mujer ha estado relegada a los m\u00e1rgenes: colaboradora, vestuarista, maquilladora. Juana \"Pochola\" Silva no acept\u00f3 ese rol.","twitter_image":"https:\/\/cooltivarte.com\/portal\/wp-content\/uploads\/2025\/02\/Pionera-2025.jpeg","twitter_creator":"@https:\/\/x.com\/obolocultural","twitter_site":"@obolocultural","twitter_misc":{"Escrito por":"Rodrigo Cabrera","Tiempo de lectura":"4 minutos"},"schema":{"@context":"https:\/\/schema.org","@graph":[{"@type":"NewsArticle","@id":"https:\/\/cooltivarte.com\/portal\/pionera-la-murga-la-historia-y-la-voz-que-transformo-realidades\/#article","isPartOf":{"@id":"https:\/\/cooltivarte.com\/portal\/pionera-la-murga-la-historia-y-la-voz-que-transformo-realidades\/"},"author":{"name":"Rodrigo Cabrera","@id":"https:\/\/cooltivarte.com\/portal\/#\/schema\/person\/98e010c27211186ccb0c7ca2383b48b8"},"headline":"Pionera- La Murga, la Historia y la Voz que Transform\u00f3 Realidades","datePublished":"2025-02-16T14:58:53+00:00","dateModified":"2025-02-17T03:45:28+00:00","mainEntityOfPage":{"@id":"https:\/\/cooltivarte.com\/portal\/pionera-la-murga-la-historia-y-la-voz-que-transformo-realidades\/"},"wordCount":615,"publisher":{"@id":"https:\/\/cooltivarte.com\/portal\/#organization"},"image":{"@id":"https:\/\/cooltivarte.com\/portal\/pionera-la-murga-la-historia-y-la-voz-que-transformo-realidades\/#primaryimage"},"thumbnailUrl":"https:\/\/cooltivarte.com\/portal\/wp-content\/uploads\/2025\/02\/Pionera-2025.jpeg","keywords":["Carnaval","Juana \u201cPochola\u201d Silva","La Miel Del Oso","Majo Silva","PIONERA"],"articleSection":["Art\u00edculos"],"inLanguage":"es-AR"},{"@type":"WebPage","@id":"https:\/\/cooltivarte.com\/portal\/pionera-la-murga-la-historia-y-la-voz-que-transformo-realidades\/","url":"https:\/\/cooltivarte.com\/portal\/pionera-la-murga-la-historia-y-la-voz-que-transformo-realidades\/","name":"Pionera- La Murga, la Historia y la Voz que Transform\u00f3 Realidades - Cooltivarte Portal","isPartOf":{"@id":"https:\/\/cooltivarte.com\/portal\/#website"},"primaryImageOfPage":{"@id":"https:\/\/cooltivarte.com\/portal\/pionera-la-murga-la-historia-y-la-voz-que-transformo-realidades\/#primaryimage"},"image":{"@id":"https:\/\/cooltivarte.com\/portal\/pionera-la-murga-la-historia-y-la-voz-que-transformo-realidades\/#primaryimage"},"thumbnailUrl":"https:\/\/cooltivarte.com\/portal\/wp-content\/uploads\/2025\/02\/Pionera-2025.jpeg","datePublished":"2025-02-16T14:58:53+00:00","dateModified":"2025-02-17T03:45:28+00:00","description":"El carnaval se ha vendido como el espejo del pueblo. \u00bfrealmente refleja a todos y todas? Durante mucho tiempo, la mujer ha estado relegada a los m\u00e1rgenes: colaboradora, vestuarista, maquilladora. Juana \"Pochola\" Silva no acept\u00f3 ese rol.","breadcrumb":{"@id":"https:\/\/cooltivarte.com\/portal\/pionera-la-murga-la-historia-y-la-voz-que-transformo-realidades\/#breadcrumb"},"inLanguage":"es-AR","potentialAction":[{"@type":"ReadAction","target":["https:\/\/cooltivarte.com\/portal\/pionera-la-murga-la-historia-y-la-voz-que-transformo-realidades\/"]}]},{"@type":"ImageObject","inLanguage":"es-AR","@id":"https:\/\/cooltivarte.com\/portal\/pionera-la-murga-la-historia-y-la-voz-que-transformo-realidades\/#primaryimage","url":"https:\/\/cooltivarte.com\/portal\/wp-content\/uploads\/2025\/02\/Pionera-2025.jpeg","contentUrl":"https:\/\/cooltivarte.com\/portal\/wp-content\/uploads\/2025\/02\/Pionera-2025.jpeg","width":497,"height":862,"caption":"Pionera - 2025"},{"@type":"BreadcrumbList","@id":"https:\/\/cooltivarte.com\/portal\/pionera-la-murga-la-historia-y-la-voz-que-transformo-realidades\/#breadcrumb","itemListElement":[{"@type":"ListItem","position":1,"name":"Portada","item":"https:\/\/cooltivarte.com\/portal\/"},{"@type":"ListItem","position":2,"name":"Pionera- La Murga, la Historia y la Voz que Transform\u00f3 Realidades"}]},{"@type":"WebSite","@id":"https:\/\/cooltivarte.com\/portal\/#website","url":"https:\/\/cooltivarte.com\/portal\/","name":"Cooltivarte Portal","description":"Arte, cultura y turismo para el mundo ...","publisher":{"@id":"https:\/\/cooltivarte.com\/portal\/#organization"},"potentialAction":[{"@type":"SearchAction","target":{"@type":"EntryPoint","urlTemplate":"https:\/\/cooltivarte.com\/portal\/?s={search_term_string}"},"query-input":{"@type":"PropertyValueSpecification","valueRequired":true,"valueName":"search_term_string"}}],"inLanguage":"es-AR"},{"@type":"Organization","@id":"https:\/\/cooltivarte.com\/portal\/#organization","name":"cooltivarte","url":"https:\/\/cooltivarte.com\/portal\/","logo":{"@type":"ImageObject","inLanguage":"es-AR","@id":"https:\/\/cooltivarte.com\/portal\/#\/schema\/logo\/image\/","url":"https:\/\/cooltivarte.com\/portal\/wp-content\/uploads\/2020\/04\/logo-cooltivarte-v2.png","contentUrl":"https:\/\/cooltivarte.com\/portal\/wp-content\/uploads\/2020\/04\/logo-cooltivarte-v2.png","width":851,"height":243,"caption":"cooltivarte"},"image":{"@id":"https:\/\/cooltivarte.com\/portal\/#\/schema\/logo\/image\/"},"sameAs":["https:\/\/www.facebook.com\/cooltivartecom\/","https:\/\/x.com\/obolocultural","https:\/\/www.instagram.com\/_cooltivarte_\/","https:\/\/www.linkedin.com\/company\/-bolocultural?reportsuccess=8zaNG1HwhPbAR9iQhZ5rfGeqz_vQFftHun0ZWU0Wy9vNemRJ8vtcKdJvzQfW8XagyOJSKg0XvfJ1dp","https:\/\/www.pinterest.com\/cooltivarte\/","https:\/\/cooltivarte.tumblr.com\/","https:\/\/www.tiktok.com\/@cooltivarte","https:\/\/www.youtube.com\/@PrensaCooltivarte"]},{"@type":"Person","@id":"https:\/\/cooltivarte.com\/portal\/#\/schema\/person\/98e010c27211186ccb0c7ca2383b48b8","name":"Rodrigo Cabrera","image":{"@type":"ImageObject","inLanguage":"es-AR","@id":"https:\/\/cooltivarte.com\/portal\/wp-content\/uploads\/2026\/01\/Ro1-120x120.jpeg","url":"https:\/\/cooltivarte.com\/portal\/wp-content\/uploads\/2026\/01\/Ro1-120x120.jpeg","contentUrl":"https:\/\/cooltivarte.com\/portal\/wp-content\/uploads\/2026\/01\/Ro1-120x120.jpeg","caption":"Rodrigo Cabrera"},"description":"La comunicaci\u00f3n y el arte son mis lugares. Me muevo entre tablados, escenarios y espacios culturales, siguiendo hilos que van apareciendo en el camino. Egres\u00e9 de la FIC y de la Escuela Figari, aunque gran parte de mi formaci\u00f3n vino de compartir en ronda, con Paulo Freire como referencia. Vengo del carnaval, del rock y de la murga canci\u00f3n. Escribo como quien anota lo que siente en una libreta, como sale y sin tecnicismos. Laburo con gurises en proyectos de formaci\u00f3n. Creo en el arte como un espacio cercano y compartido, donde todas las voces importan.","sameAs":["https:\/\/www.facebook.com\/rodrigo.cabrera.35","https:\/\/www.instagram.com\/rodrigo.cabrera.35","linkedin.com\/in\/rodrigo-c-492303187","https:\/\/www.pinterest.com\/cooltivarte\/","https:\/\/x.com\/https:\/\/x.com\/obolocultural","https:\/\/www.youtube.com\/@PrensaCooltivarte","https:\/\/cooltivarte.tumblr.com\/"],"url":"https:\/\/cooltivarte.com\/portal\/author\/rodrigo-cabrera\/"}]}},"_links":{"self":[{"href":"https:\/\/cooltivarte.com\/portal\/wp-json\/wp\/v2\/posts\/110443","targetHints":{"allow":["GET"]}}],"collection":[{"href":"https:\/\/cooltivarte.com\/portal\/wp-json\/wp\/v2\/posts"}],"about":[{"href":"https:\/\/cooltivarte.com\/portal\/wp-json\/wp\/v2\/types\/post"}],"author":[{"embeddable":true,"href":"https:\/\/cooltivarte.com\/portal\/wp-json\/wp\/v2\/users\/199"}],"replies":[{"embeddable":true,"href":"https:\/\/cooltivarte.com\/portal\/wp-json\/wp\/v2\/comments?post=110443"}],"version-history":[{"count":6,"href":"https:\/\/cooltivarte.com\/portal\/wp-json\/wp\/v2\/posts\/110443\/revisions"}],"predecessor-version":[{"id":110483,"href":"https:\/\/cooltivarte.com\/portal\/wp-json\/wp\/v2\/posts\/110443\/revisions\/110483"}],"wp:featuredmedia":[{"embeddable":true,"href":"https:\/\/cooltivarte.com\/portal\/wp-json\/wp\/v2\/media\/110444"}],"wp:attachment":[{"href":"https:\/\/cooltivarte.com\/portal\/wp-json\/wp\/v2\/media?parent=110443"}],"wp:term":[{"taxonomy":"category","embeddable":true,"href":"https:\/\/cooltivarte.com\/portal\/wp-json\/wp\/v2\/categories?post=110443"},{"taxonomy":"post_tag","embeddable":true,"href":"https:\/\/cooltivarte.com\/portal\/wp-json\/wp\/v2\/tags?post=110443"}],"curies":[{"name":"wp","href":"https:\/\/api.w.org\/{rel}","templated":true}]}}