{"id":110438,"date":"2025-02-16T11:11:42","date_gmt":"2025-02-16T14:11:42","guid":{"rendered":"https:\/\/cooltivarte.com\/portal\/?p=110438"},"modified":"2025-02-16T11:38:24","modified_gmt":"2025-02-16T14:38:24","slug":"cronica-segunda-rueda-etapa-3-concurso-oficial-de-carnaval-2025","status":"publish","type":"post","link":"https:\/\/cooltivarte.com\/portal\/cronica-segunda-rueda-etapa-3-concurso-oficial-de-carnaval-2025\/","title":{"rendered":"Cr\u00f3nica Segunda Rueda &#8211; Etapa 3 &#8211; Concurso Oficial de Carnaval 2025"},"content":{"rendered":"<figure id=\"attachment_110439\" aria-describedby=\"caption-attachment-110439\" style=\"width: 2048px\" class=\"wp-caption alignnone\"><img fetchpriority=\"high\" decoding=\"async\" class=\"wp-image-110439 size-full\" title=\"Desfile Inauguraci\u00f3n Carnaval 2025 - 23-01-25 - Calle 18 de Julio - Foto Diego Castro Famea\" src=\"https:\/\/cooltivarte.com\/portal\/wp-content\/uploads\/2025\/02\/Desfile-Inauguracion-Carnaval-2025-23-01-25-Calle-18-de-Julio-Foto-Diego-Castro-Famea.jpg\" alt=\"Desfile Inauguraci\u00f3n Carnaval 2025 - 23-01-25 - Calle 18 de Julio - Foto Diego Castro Famea\" width=\"2048\" height=\"1365\" srcset=\"https:\/\/cooltivarte.com\/portal\/wp-content\/uploads\/2025\/02\/Desfile-Inauguracion-Carnaval-2025-23-01-25-Calle-18-de-Julio-Foto-Diego-Castro-Famea.jpg 2048w, https:\/\/cooltivarte.com\/portal\/wp-content\/uploads\/2025\/02\/Desfile-Inauguracion-Carnaval-2025-23-01-25-Calle-18-de-Julio-Foto-Diego-Castro-Famea-300x200.jpg 300w, https:\/\/cooltivarte.com\/portal\/wp-content\/uploads\/2025\/02\/Desfile-Inauguracion-Carnaval-2025-23-01-25-Calle-18-de-Julio-Foto-Diego-Castro-Famea-1024x683.jpg 1024w, https:\/\/cooltivarte.com\/portal\/wp-content\/uploads\/2025\/02\/Desfile-Inauguracion-Carnaval-2025-23-01-25-Calle-18-de-Julio-Foto-Diego-Castro-Famea-768x512.jpg 768w, https:\/\/cooltivarte.com\/portal\/wp-content\/uploads\/2025\/02\/Desfile-Inauguracion-Carnaval-2025-23-01-25-Calle-18-de-Julio-Foto-Diego-Castro-Famea-1536x1024.jpg 1536w\" sizes=\"(max-width: 2048px) 100vw, 2048px\" \/><figcaption id=\"caption-attachment-110439\" class=\"wp-caption-text\">Imagen archivo &#8211; <a href=\"https:\/\/cooltivarte.com\/portal\/desfile-inauguracion-carnaval-2025\/\" target=\"_blank\" rel=\"noopener\">Desfile Inauguraci\u00f3n Carnaval 2025 &#8211; 23-01-25 &#8211; Calle 18 de Julio<\/a> &#8211; Foto <a href=\"https:\/\/cooltivarte.com\/portal\/author\/chiazzaro-castro\/\" target=\"_blank\" rel=\"noopener\">Diego Castro Famea<\/a><\/figcaption><\/figure>\n<p><b>La Sara del Cord\u00f3n&nbsp;<\/b><\/p>\n<p><span style=\"font-weight: 400;\">El espect\u00e1culo se llama \u201cArtesana\u201d y toca el tema de las adicciones, la violencia, la reinserci\u00f3n y las segundas oportunidades. Bien que el carnaval se la juegue para llevar al gran p\u00fablico, temas que nos atraviesan a todos sin importar edades o condici\u00f3n social; y que puede generar di\u00e1logo en las familias e incluso b\u00fasqueda de ayuda.&nbsp;<\/span><\/p>\n<p><span style=\"font-weight: 400;\">Buen uso de las pantallas y la utiler\u00eda. La coreograf\u00eda luce bien desde arriba, el gui\u00f3n es conmovedor y bien ejecutada su puesta en escena y actuaciones. El vestuario acompa\u00f1a y tambi\u00e9n el potente coro.&nbsp;<\/span><\/p>\n<p><span style=\"font-weight: 400;\">La cuerda suena bien y por un momento me hace acordar musicalmente m\u00e1s a \u00f3pera que a candombe. Una pena el escaso p\u00fablico (no s\u00f3lo a primera hora) que pudo disfrutar a los buenos solistas y los tambores que dan un gran espect\u00e1culo dialogando entre s\u00ed mientras se mueven sobre el escenario. C\u00f3mo suenan los vientos de la banda, hay mucha energ\u00eda y ensayo ah\u00ed. La iluminaci\u00f3n acompa\u00f1a bien y la comparsa se baja sobrando un par de minutos.&nbsp;<\/span><\/p>\n<p><b>Los Buby\u00b4s&nbsp;<\/b><\/p>\n<p><span style=\"font-weight: 400;\">Con introducci\u00f3n de Recoba recordando al Buby original, vuelven con el espect\u00e1culo \u201cB.P.S. Buby\u00b4s por siempre\u201d, arrancando con una arrasadora presentaci\u00f3n con m\u00fasica, vestuario y chistes visuales de los a\u00f1os 70. La actuaci\u00f3n y el humor en el geri\u00e0trico a mi entender est\u00e1 un poco deslucida, a excepci\u00f3n del mon\u00f3logo \u201cgeogr\u00e1fico\u201d. Insisto en que los mejores efectos los tienen los chistes visuales.&nbsp;<\/span><\/p>\n<p><span style=\"font-weight: 400;\">Luego que empiezan las humoradas recorriendo la oficina del BPS, la selva, Rusia y M\u00e8xico, con una exuberante Cynthia Pati\u00f1o haciendo de Dios y varios otros personajes, el espect\u00e1culo fluye mucho mejor. En canto, muy bien los solistas. La despedida rememorando aquella famosa de los 90, conmueve a quienes supimos disfrutarles. La bajada es con un elegante vestuario azul y m\u00fasica de Joan Manuel Serrat, el escaso p\u00fablico acompa\u00f1a y siento a un comentarista cercano decir que fue \u201cun espect\u00e1culo redondo\u201d, mejorando lo mostrado en la primera vuelta.&nbsp;<\/span><\/p>\n<p><b>Con gusto no pica&nbsp;<\/b><\/p>\n<p><span style=\"font-weight: 400;\">La murga de Mercedes vino a defender por segunda vez su espect\u00e1culo \u201cTransformaciones\u201d: se abre el tel\u00f3n y te despeina el coro, muy bien maquillado. Las pantallas est\u00e1n muy bien resueltas, especialmente logrando que no se note el espacio entre ellas, cuando son im\u00e1genes en movimiento. Personalmente no hab\u00eda visto este efecto hasta ahora.&nbsp;<\/span><\/p>\n<p><span style=\"font-weight: 400;\">El cupl\u00e9 de las caretas es divertido, la m\u00fasica bien aprovechada para hacer el salpic\u00f3n y hay cr\u00edtica para todos.&nbsp;<\/span><\/p>\n<p><span style=\"font-weight: 400;\">El recurso \u201cdanza Ricardo\u201d va mejorando con la repetici\u00f3n aunque los di\u00e1logos no me resultan muy divertidos para la sensibilidad actual.&nbsp;<\/span><\/p>\n<p><span style=\"font-weight: 400;\">El cupl\u00e9 de los gusanos es efectivo, en TV creo que lucen menos que en vivo, donde adem\u00e1s se nota el esfuerzo que precisan los componentes para moverse por la platea y hacer la puesta en escena sobre el escenario. La arenga \u201c\u00a1canten, larvas!\u201d me parece<\/span><\/p>\n<p><span style=\"font-weight: 400;\">genial, as\u00ed como el vestuario del director como una hoja de \u00e1rbol enfrentando a los gusanos con coreograf\u00eda propia.&nbsp;<\/span><\/p>\n<p><span style=\"font-weight: 400;\">La canci\u00f3n sobre violencia de g\u00e9nero sobre la m\u00fasica de \u201cLa quiero a morir\u201d popularizada por Marc Anthony es contundente y comprometida.&nbsp;<\/span><\/p>\n<p><span style=\"font-weight: 400;\">La canci\u00f3n final dedicada al Pepe (Mujica) habla de la esencia de la murga: la voz del pueblo, y es interesante que el director cuente con su propio micr\u00f3fono al frente del escenario, para hacer su solo.&nbsp;<\/span><\/p>\n<p><span style=\"font-weight: 400;\">Decente presentaci\u00f3n, una vez m\u00e1s una pena la escasa concurrencia de p\u00fablico. <\/span><\/p>\n<p><b>Curtidores de Hongos&nbsp;<\/b><\/p>\n<p><span style=\"font-weight: 400;\">Segunda pasada de su espect\u00e1culo \u201cPrimitivo\u201d y un coro que arranca con un solo de Rafa Bruzzone que despierta una ovaci\u00f3n y da la t\u00f3nica de lo que se viene. Las pantallas muestran im\u00e1genes de una moderna ciudad que (al menos desde mi lugar) no logro entender c\u00f3mo se relacionan con los conceptos de \u201curuguayensis\u201d, \u201cmachiruliensis\u201d o \u201cmotosapiensis\u201d que la murga presenta como diversas etapas de la evoluci\u00f3n del hombre. Una vez m\u00e1s el tema de la crianza de los ni\u00f1os est\u00e1 presente en el texto murguero, para luego cantarle a los \u201cdesencantados\u201d y hacer un racconto de los \u00faltimos hechos de corrupci\u00f3n conocidos.&nbsp;<\/span><\/p>\n<p><span style=\"font-weight: 400;\">En una noche fresca la irrupci\u00f3n del cupl\u00e9 de Kiss \u201cla banda de Salle\u201d y su potencia logra ponerle calor a la escasa concurrencia.&nbsp;<\/span><\/p>\n<p><span style=\"font-weight: 400;\">En el salpic\u00f3n hay cr\u00edtica para todos, tocando entre otros el tema del plebiscito de la seguridad social y los desaparecidos.&nbsp;<\/span><\/p>\n<p><span style=\"font-weight: 400;\">La canci\u00f3n sobre el \u201ccaso Milagros\u201d es una muy buena denuncia sobre la violencia de g\u00e9nero y la salud mental. La iluminaci\u00f3n hace que el mensaje sea a\u00fan m\u00e1s impactante y el coro estremece, logrando una gran ovaci\u00f3n.&nbsp;<\/span><\/p>\n<p><span style=\"font-weight: 400;\">La murga finaliza hablando de la evoluci\u00f3n y los rituales, con una conmovedora canci\u00f3n final a cargo del Canario Pereira, en un sentido homenaje a la murga como \u201csu lugar\u201d. La mirada de admiraci\u00f3n y respeto que le dan sus compa\u00f1eros no es s\u00f3lo puesta en escena. Para resaltar al coro las pantallas se apagan moment\u00e1neamente, en un gran gesto de austeridad visual. Luego se vuelven a encender y la ciudad inicial aparece rodeada de vegetaci\u00f3n, quiz\u00e1s una se\u00f1al de humanidad luego tanta evoluci\u00f3n.&nbsp;<\/span><\/p>\n<p><span style=\"font-weight: 400;\">Precioso manejo del volumen del coro (en alg\u00fan tablado apenas audible, aqu\u00ed en el Teatro suena perfectamente ante el respetuoso p\u00fablico), para una despedida que, una vez m\u00e1s, tiene a platea y tribuna de pie, antes de los papelitos.<\/span><\/p>\n<p>&nbsp;<\/p>\n<p>&nbsp;<\/p>\n","protected":false},"excerpt":{"rendered":"<p>La Sara del Cord\u00f3n\u00a0<\/p>\n<p>El espect\u00e1culo se llama \u201cArtesana\u201d y toca el tema de las adicciones, la violencia, la reinserci\u00f3n y las segundas oportunidades. Bien que el carnaval se la juegue para llevar al gran p\u00fablico, temas que nos atraviesan a todos sin importar edades o condici\u00f3n social; y que puede generar di\u00e1logo en las familias e incluso b\u00fasqueda de ayuda.\u00a0<\/p>\n<p>Buen uso de las pantallas y la utiler\u00eda. La coreograf\u00eda luce bien desde arriba, el gui\u00f3n es conmovedor y bien ejecutada su puesta en escena y actuaciones. El vestuario acompa\u00f1a y tambi\u00e9n el potente coro.\u00a0<\/p>\n<p>La cuerda suena bien y por un momento me hace acordar musicalmente m\u00e1s a \u00f3pera que a candombe. Una pena el escaso p\u00fablico (no s\u00f3lo a primera hora) que pudo disfrutar a los buenos solistas y los tambores que dan un gran espect\u00e1culo dialogando entre s\u00ed mientras se mueven sobre el escenario. C\u00f3mo suenan los vientos de la banda, hay mucha energ\u00eda y ensayo ah\u00ed. La iluminaci\u00f3n acompa\u00f1a bien y la comparsa se baja sobrando un par de minutos.\u00a0<\/p>\n","protected":false},"author":221,"featured_media":110439,"comment_status":"closed","ping_status":"closed","sticky":false,"template":"","format":"standard","meta":{"om_disable_all_campaigns":false,"ngg_post_thumbnail":0,"jnews-multi-image_gallery":[],"jnews_single_post":{"format":"standard","override":[{"template":"4","parallax":"1","layout":"right-sidebar","sidebar":"default-sidebar","second_sidebar":"default-sidebar","sticky_sidebar":"1","share_position":"bottom","share_float_style":"share-monocrhome","show_share_counter":"1","show_view_counter":"1","show_featured":"1","show_post_meta":"1","show_post_author":"1","show_post_author_image":"1","show_post_date":"1","post_date_format":"default","post_date_format_custom":"Y\/m\/d","show_post_category":"1","post_reading_time_wpm":"300","post_calculate_word_method":"str_word_count","zoom_button_out_step":"2","zoom_button_in_step":"3","show_post_tag":"1","show_prev_next_post":"1","show_popup_post":"1","number_popup_post":"1","show_author_box":"1","show_post_related":"0","show_inline_post_related":"0"}],"image_override":[{"single_post_thumbnail_size":"no-crop","single_post_gallery_size":"crop-500"}],"trending_post_position":"meta","trending_post_label":"Trending","sponsored_post_label":"Sponsored by","disable_ad":"0","subtitle":"13 de febrero"},"jnews_primary_category":[],"jnews_social_meta":[],"jnews_override_counter":{"view_counter_number":"0","share_counter_number":"0","like_counter_number":"0","dislike_counter_number":"0"},"footnotes":""},"categories":[50],"tags":[23505,1271,23566,23564,1918,21539,23565],"class_list":["post-110438","post","type-post","status-publish","format-standard","has-post-thumbnail","hentry","category-coberturas","tag-carnaval-2025","tag-carnaval-uruguayo","tag-con-gusto-no-pica","tag-concurso-oficial-de-carnaval-2025","tag-curtidores-de-hongos","tag-la-sara-del-cordon","tag-los-bubys"],"yoast_head":"<!-- This site is optimized with the Yoast SEO plugin v27.5 - https:\/\/yoast.com\/product\/yoast-seo-wordpress\/ -->\n<title>Cr\u00f3nica Segunda Rueda - Etapa 3 - Concurso Oficial de Carnaval 2025 - Cooltivarte Portal<\/title>\n<meta name=\"description\" content=\"El espect\u00e1culo se llama \u201cArtesana\u201d y toca el tema de las adicciones, la violencia, la reinserci\u00f3n y las segundas oportunidades. Bien que el carnaval se la juegue para llevar al gran p\u00fablico, temas que nos atraviesan a todos sin importar edades o condici\u00f3n social; y que puede generar di\u00e1logo en las familias e incluso b\u00fasqueda de ayuda.\u00a0\" \/>\n<meta name=\"robots\" content=\"index, follow, max-snippet:-1, max-image-preview:large, max-video-preview:-1\" \/>\n<link rel=\"canonical\" href=\"https:\/\/cooltivarte.com\/portal\/cronica-segunda-rueda-etapa-3-concurso-oficial-de-carnaval-2025\/\" \/>\n<meta property=\"og:locale\" content=\"es_ES\" \/>\n<meta property=\"og:type\" content=\"article\" \/>\n<meta property=\"og:title\" content=\"Cr\u00f3nica Segunda Rueda - Etapa 3 - Concurso Oficial de Carnaval 2025 - 13 de febrero by Mar\u00eda Jos\u00e9 Pieri\" \/>\n<meta property=\"og:description\" content=\"El espect\u00e1culo se llama \u201cArtesana\u201d y toca el tema de las adicciones, la violencia, la reinserci\u00f3n y las segundas oportunidades. Bien que el carnaval se la juegue para llevar al gran p\u00fablico, temas que nos atraviesan a todos sin importar edades o condici\u00f3n social; y que puede generar di\u00e1logo en las familias e incluso b\u00fasqueda de ayuda.\u00a0\" \/>\n<meta property=\"og:url\" content=\"https:\/\/cooltivarte.com\/portal\/cronica-segunda-rueda-etapa-3-concurso-oficial-de-carnaval-2025\/\" \/>\n<meta property=\"og:site_name\" content=\"Cooltivarte Portal\" \/>\n<meta property=\"article:publisher\" content=\"https:\/\/www.facebook.com\/cooltivartecom\/\" \/>\n<meta property=\"article:author\" content=\"https:\/\/www.facebook.com\/maria.jose.pieri\" \/>\n<meta property=\"article:published_time\" content=\"2025-02-16T14:11:42+00:00\" \/>\n<meta property=\"article:modified_time\" content=\"2025-02-16T14:38:24+00:00\" \/>\n<meta property=\"og:image\" content=\"https:\/\/cooltivarte.com\/portal\/wp-content\/uploads\/2025\/02\/Desfile-Inauguracion-Carnaval-2025-23-01-25-Calle-18-de-Julio-Foto-Diego-Castro-Famea.jpg\" \/>\n\t<meta property=\"og:image:width\" content=\"2048\" \/>\n\t<meta property=\"og:image:height\" content=\"1365\" \/>\n\t<meta property=\"og:image:type\" content=\"image\/jpeg\" \/>\n<meta name=\"author\" content=\"Mar\u00eda Jos\u00e9 Pieri\" \/>\n<meta name=\"twitter:card\" content=\"summary_large_image\" \/>\n<meta name=\"twitter:title\" content=\"Cr\u00f3nica Segunda Rueda - Etapa 3 - Concurso Oficial de Carnaval 2025 - 13 de febrero by Mar\u00eda Jos\u00e9 Pieri\" \/>\n<meta name=\"twitter:description\" content=\"El espect\u00e1culo se llama \u201cArtesana\u201d y toca el tema de las adicciones, la violencia, la reinserci\u00f3n y las segundas oportunidades. Bien que el carnaval se la juegue para llevar al gran p\u00fablico, temas que nos atraviesan a todos sin importar edades o condici\u00f3n social; y que puede generar di\u00e1logo en las familias e incluso b\u00fasqueda de ayuda.\u00a0\" \/>\n<meta name=\"twitter:image\" content=\"https:\/\/cooltivarte.com\/portal\/wp-content\/uploads\/2025\/02\/Desfile-Inauguracion-Carnaval-2025-23-01-25-Calle-18-de-Julio-Foto-Diego-Castro-Famea.jpg\" \/>\n<meta name=\"twitter:creator\" content=\"@https:\/\/x.com\/majo70\" \/>\n<meta name=\"twitter:site\" content=\"@obolocultural\" \/>\n<meta name=\"twitter:label1\" content=\"Escrito por\" \/>\n\t<meta name=\"twitter:data1\" content=\"Mar\u00eda Jos\u00e9 Pieri\" \/>\n\t<meta name=\"twitter:label2\" content=\"Tiempo de lectura\" \/>\n\t<meta name=\"twitter:data2\" content=\"5 minutos\" \/>\n<!-- \/ Yoast SEO plugin. -->","yoast_head_json":{"title":"Cr\u00f3nica Segunda Rueda - Etapa 3 - Concurso Oficial de Carnaval 2025 - Cooltivarte Portal","description":"El espect\u00e1culo se llama \u201cArtesana\u201d y toca el tema de las adicciones, la violencia, la reinserci\u00f3n y las segundas oportunidades. Bien que el carnaval se la juegue para llevar al gran p\u00fablico, temas que nos atraviesan a todos sin importar edades o condici\u00f3n social; y que puede generar di\u00e1logo en las familias e incluso b\u00fasqueda de ayuda.\u00a0","robots":{"index":"index","follow":"follow","max-snippet":"max-snippet:-1","max-image-preview":"max-image-preview:large","max-video-preview":"max-video-preview:-1"},"canonical":"https:\/\/cooltivarte.com\/portal\/cronica-segunda-rueda-etapa-3-concurso-oficial-de-carnaval-2025\/","og_locale":"es_ES","og_type":"article","og_title":"Cr\u00f3nica Segunda Rueda - Etapa 3 - Concurso Oficial de Carnaval 2025 - 13 de febrero by Mar\u00eda Jos\u00e9 Pieri","og_description":"El espect\u00e1culo se llama \u201cArtesana\u201d y toca el tema de las adicciones, la violencia, la reinserci\u00f3n y las segundas oportunidades. Bien que el carnaval se la juegue para llevar al gran p\u00fablico, temas que nos atraviesan a todos sin importar edades o condici\u00f3n social; y que puede generar di\u00e1logo en las familias e incluso b\u00fasqueda de ayuda.\u00a0","og_url":"https:\/\/cooltivarte.com\/portal\/cronica-segunda-rueda-etapa-3-concurso-oficial-de-carnaval-2025\/","og_site_name":"Cooltivarte Portal","article_publisher":"https:\/\/www.facebook.com\/cooltivartecom\/","article_author":"https:\/\/www.facebook.com\/maria.jose.pieri","article_published_time":"2025-02-16T14:11:42+00:00","article_modified_time":"2025-02-16T14:38:24+00:00","og_image":[{"width":2048,"height":1365,"url":"https:\/\/cooltivarte.com\/portal\/wp-content\/uploads\/2025\/02\/Desfile-Inauguracion-Carnaval-2025-23-01-25-Calle-18-de-Julio-Foto-Diego-Castro-Famea.jpg","type":"image\/jpeg"}],"author":"Mar\u00eda Jos\u00e9 Pieri","twitter_card":"summary_large_image","twitter_title":"Cr\u00f3nica Segunda Rueda - Etapa 3 - Concurso Oficial de Carnaval 2025 - 13 de febrero by Mar\u00eda Jos\u00e9 Pieri","twitter_description":"El espect\u00e1culo se llama \u201cArtesana\u201d y toca el tema de las adicciones, la violencia, la reinserci\u00f3n y las segundas oportunidades. Bien que el carnaval se la juegue para llevar al gran p\u00fablico, temas que nos atraviesan a todos sin importar edades o condici\u00f3n social; y que puede generar di\u00e1logo en las familias e incluso b\u00fasqueda de ayuda.\u00a0","twitter_image":"https:\/\/cooltivarte.com\/portal\/wp-content\/uploads\/2025\/02\/Desfile-Inauguracion-Carnaval-2025-23-01-25-Calle-18-de-Julio-Foto-Diego-Castro-Famea.jpg","twitter_creator":"@https:\/\/x.com\/majo70","twitter_site":"@obolocultural","twitter_misc":{"Escrito por":"Mar\u00eda Jos\u00e9 Pieri","Tiempo de lectura":"5 minutos"},"schema":{"@context":"https:\/\/schema.org","@graph":[{"@type":"NewsArticle","@id":"https:\/\/cooltivarte.com\/portal\/cronica-segunda-rueda-etapa-3-concurso-oficial-de-carnaval-2025\/#article","isPartOf":{"@id":"https:\/\/cooltivarte.com\/portal\/cronica-segunda-rueda-etapa-3-concurso-oficial-de-carnaval-2025\/"},"author":{"name":"Mar\u00eda Jos\u00e9 Pieri","@id":"https:\/\/cooltivarte.com\/portal\/#\/schema\/person\/06ef0e0148e87cc17ab57dd1c0ecab47"},"headline":"Cr\u00f3nica Segunda Rueda &#8211; Etapa 3 &#8211; Concurso Oficial de Carnaval 2025","datePublished":"2025-02-16T14:11:42+00:00","dateModified":"2025-02-16T14:38:24+00:00","mainEntityOfPage":{"@id":"https:\/\/cooltivarte.com\/portal\/cronica-segunda-rueda-etapa-3-concurso-oficial-de-carnaval-2025\/"},"wordCount":1024,"publisher":{"@id":"https:\/\/cooltivarte.com\/portal\/#organization"},"image":{"@id":"https:\/\/cooltivarte.com\/portal\/cronica-segunda-rueda-etapa-3-concurso-oficial-de-carnaval-2025\/#primaryimage"},"thumbnailUrl":"https:\/\/cooltivarte.com\/portal\/wp-content\/uploads\/2025\/02\/Desfile-Inauguracion-Carnaval-2025-23-01-25-Calle-18-de-Julio-Foto-Diego-Castro-Famea.jpg","keywords":["Carnaval 2025","carnaval uruguayo","Con gusto no pica","Concurso Oficial de Carnaval 2025","Curtidores de Hongos","La Sara del Cord\u00f3n","Los Buby\u00b4s"],"articleSection":["Coberturas"],"inLanguage":"es-AR"},{"@type":"WebPage","@id":"https:\/\/cooltivarte.com\/portal\/cronica-segunda-rueda-etapa-3-concurso-oficial-de-carnaval-2025\/","url":"https:\/\/cooltivarte.com\/portal\/cronica-segunda-rueda-etapa-3-concurso-oficial-de-carnaval-2025\/","name":"Cr\u00f3nica Segunda Rueda - Etapa 3 - Concurso Oficial de Carnaval 2025 - Cooltivarte Portal","isPartOf":{"@id":"https:\/\/cooltivarte.com\/portal\/#website"},"primaryImageOfPage":{"@id":"https:\/\/cooltivarte.com\/portal\/cronica-segunda-rueda-etapa-3-concurso-oficial-de-carnaval-2025\/#primaryimage"},"image":{"@id":"https:\/\/cooltivarte.com\/portal\/cronica-segunda-rueda-etapa-3-concurso-oficial-de-carnaval-2025\/#primaryimage"},"thumbnailUrl":"https:\/\/cooltivarte.com\/portal\/wp-content\/uploads\/2025\/02\/Desfile-Inauguracion-Carnaval-2025-23-01-25-Calle-18-de-Julio-Foto-Diego-Castro-Famea.jpg","datePublished":"2025-02-16T14:11:42+00:00","dateModified":"2025-02-16T14:38:24+00:00","description":"El espect\u00e1culo se llama \u201cArtesana\u201d y toca el tema de las adicciones, la violencia, la reinserci\u00f3n y las segundas oportunidades. Bien que el carnaval se la juegue para llevar al gran p\u00fablico, temas que nos atraviesan a todos sin importar edades o condici\u00f3n social; y que puede generar di\u00e1logo en las familias e incluso b\u00fasqueda de ayuda.\u00a0","breadcrumb":{"@id":"https:\/\/cooltivarte.com\/portal\/cronica-segunda-rueda-etapa-3-concurso-oficial-de-carnaval-2025\/#breadcrumb"},"inLanguage":"es-AR","potentialAction":[{"@type":"ReadAction","target":["https:\/\/cooltivarte.com\/portal\/cronica-segunda-rueda-etapa-3-concurso-oficial-de-carnaval-2025\/"]}]},{"@type":"ImageObject","inLanguage":"es-AR","@id":"https:\/\/cooltivarte.com\/portal\/cronica-segunda-rueda-etapa-3-concurso-oficial-de-carnaval-2025\/#primaryimage","url":"https:\/\/cooltivarte.com\/portal\/wp-content\/uploads\/2025\/02\/Desfile-Inauguracion-Carnaval-2025-23-01-25-Calle-18-de-Julio-Foto-Diego-Castro-Famea.jpg","contentUrl":"https:\/\/cooltivarte.com\/portal\/wp-content\/uploads\/2025\/02\/Desfile-Inauguracion-Carnaval-2025-23-01-25-Calle-18-de-Julio-Foto-Diego-Castro-Famea.jpg","width":2048,"height":1365,"caption":"Desfile Inauguraci\u00f3n Carnaval 2025 - 23-01-25 - Calle 18 de Julio - Foto Diego Castro Famea"},{"@type":"BreadcrumbList","@id":"https:\/\/cooltivarte.com\/portal\/cronica-segunda-rueda-etapa-3-concurso-oficial-de-carnaval-2025\/#breadcrumb","itemListElement":[{"@type":"ListItem","position":1,"name":"Portada","item":"https:\/\/cooltivarte.com\/portal\/"},{"@type":"ListItem","position":2,"name":"Cr\u00f3nica Segunda Rueda &#8211; Etapa 3 &#8211; Concurso Oficial de Carnaval 2025"}]},{"@type":"WebSite","@id":"https:\/\/cooltivarte.com\/portal\/#website","url":"https:\/\/cooltivarte.com\/portal\/","name":"Cooltivarte Portal","description":"Arte, cultura y turismo para el mundo ...","publisher":{"@id":"https:\/\/cooltivarte.com\/portal\/#organization"},"potentialAction":[{"@type":"SearchAction","target":{"@type":"EntryPoint","urlTemplate":"https:\/\/cooltivarte.com\/portal\/?s={search_term_string}"},"query-input":{"@type":"PropertyValueSpecification","valueRequired":true,"valueName":"search_term_string"}}],"inLanguage":"es-AR"},{"@type":"Organization","@id":"https:\/\/cooltivarte.com\/portal\/#organization","name":"cooltivarte","url":"https:\/\/cooltivarte.com\/portal\/","logo":{"@type":"ImageObject","inLanguage":"es-AR","@id":"https:\/\/cooltivarte.com\/portal\/#\/schema\/logo\/image\/","url":"https:\/\/cooltivarte.com\/portal\/wp-content\/uploads\/2020\/04\/logo-cooltivarte-v2.png","contentUrl":"https:\/\/cooltivarte.com\/portal\/wp-content\/uploads\/2020\/04\/logo-cooltivarte-v2.png","width":851,"height":243,"caption":"cooltivarte"},"image":{"@id":"https:\/\/cooltivarte.com\/portal\/#\/schema\/logo\/image\/"},"sameAs":["https:\/\/www.facebook.com\/cooltivartecom\/","https:\/\/x.com\/obolocultural","https:\/\/www.instagram.com\/_cooltivarte_\/","https:\/\/www.linkedin.com\/company\/-bolocultural?reportsuccess=8zaNG1HwhPbAR9iQhZ5rfGeqz_vQFftHun0ZWU0Wy9vNemRJ8vtcKdJvzQfW8XagyOJSKg0XvfJ1dp","https:\/\/www.pinterest.com\/cooltivarte\/","https:\/\/cooltivarte.tumblr.com\/","https:\/\/www.tiktok.com\/@cooltivarte","https:\/\/www.youtube.com\/@PrensaCooltivarte"]},{"@type":"Person","@id":"https:\/\/cooltivarte.com\/portal\/#\/schema\/person\/06ef0e0148e87cc17ab57dd1c0ecab47","name":"Mar\u00eda Jos\u00e9 Pieri","image":{"@type":"ImageObject","inLanguage":"es-AR","@id":"https:\/\/cooltivarte.com\/portal\/wp-content\/uploads\/2024\/07\/Majo-Pieri-120x120.jpeg","url":"https:\/\/cooltivarte.com\/portal\/wp-content\/uploads\/2024\/07\/Majo-Pieri-120x120.jpeg","contentUrl":"https:\/\/cooltivarte.com\/portal\/wp-content\/uploads\/2024\/07\/Majo-Pieri-120x120.jpeg","caption":"Mar\u00eda Jos\u00e9 Pieri"},"description":"UDELAR, CIENCIAS DE LA COMUNICACI\u00d3N Mujer y madre de adolescente, descubr\u00ed hace a\u00f1os el mundo de la producci\u00f3n teatral, en b\u00fasqueda de profundizar en conocimientos y herramientas para poder desarrollar m\u00e1s esa veta en presente y futuro.","sameAs":["https:\/\/cooltivarte.com\/portal\/author\/maria-jose-pieri\/","https:\/\/www.facebook.com\/maria.jose.pieri","https:\/\/www.instagram.com\/majo_p970\/","https:\/\/www.linkedin.com\/in\/maria-jose-pieri-5939a921\/","https:\/\/www.pinterest.com\/cooltivarte","https:\/\/x.com\/https:\/\/x.com\/majo70","https:\/\/www.youtube.com\/@PrensaCooltivarte","https:\/\/www.tumblr.com\/blog\/cooltivarte"],"url":"https:\/\/cooltivarte.com\/portal\/author\/maria-jose-pieri\/"}]}},"_links":{"self":[{"href":"https:\/\/cooltivarte.com\/portal\/wp-json\/wp\/v2\/posts\/110438","targetHints":{"allow":["GET"]}}],"collection":[{"href":"https:\/\/cooltivarte.com\/portal\/wp-json\/wp\/v2\/posts"}],"about":[{"href":"https:\/\/cooltivarte.com\/portal\/wp-json\/wp\/v2\/types\/post"}],"author":[{"embeddable":true,"href":"https:\/\/cooltivarte.com\/portal\/wp-json\/wp\/v2\/users\/221"}],"replies":[{"embeddable":true,"href":"https:\/\/cooltivarte.com\/portal\/wp-json\/wp\/v2\/comments?post=110438"}],"version-history":[{"count":3,"href":"https:\/\/cooltivarte.com\/portal\/wp-json\/wp\/v2\/posts\/110438\/revisions"}],"predecessor-version":[{"id":110442,"href":"https:\/\/cooltivarte.com\/portal\/wp-json\/wp\/v2\/posts\/110438\/revisions\/110442"}],"wp:featuredmedia":[{"embeddable":true,"href":"https:\/\/cooltivarte.com\/portal\/wp-json\/wp\/v2\/media\/110439"}],"wp:attachment":[{"href":"https:\/\/cooltivarte.com\/portal\/wp-json\/wp\/v2\/media?parent=110438"}],"wp:term":[{"taxonomy":"category","embeddable":true,"href":"https:\/\/cooltivarte.com\/portal\/wp-json\/wp\/v2\/categories?post=110438"},{"taxonomy":"post_tag","embeddable":true,"href":"https:\/\/cooltivarte.com\/portal\/wp-json\/wp\/v2\/tags?post=110438"}],"curies":[{"name":"wp","href":"https:\/\/api.w.org\/{rel}","templated":true}]}}