{"id":110362,"date":"2025-02-13T11:20:07","date_gmt":"2025-02-13T14:20:07","guid":{"rendered":"https:\/\/cooltivarte.com\/portal\/?p=110362"},"modified":"2025-02-15T11:29:31","modified_gmt":"2025-02-15T14:29:31","slug":"amparo-sandino-presenta-primero-tu","status":"publish","type":"post","link":"https:\/\/cooltivarte.com\/portal\/amparo-sandino-presenta-primero-tu\/","title":{"rendered":"Amparo Sandino presenta &#8216;Primero t\u00fa&#8217;"},"content":{"rendered":"<p><iframe title=\"YouTube video player\" src=\"https:\/\/www.youtube.com\/embed\/Z0E9TGEvc5k?si=iDx4QjZfWwTJUssu\" width=\"100%\" height=\"515\" frameborder=\"0\" allowfullscreen=\"allowfullscreen\"><span data-mce-type=\"bookmark\" style=\"display: inline-block; width: 0px; overflow: hidden; line-height: 0;\" class=\"mce_SELRES_start\">\ufeff<\/span><\/iframe><\/p>\n<p>&nbsp;<\/p>\n<p>&#8216;La Reina del Tropipop&#8217; explora sonoridades de pop latino a trav\u00e9s de una voz que transmite emociones y sentimientos reales.<\/p>\n<p><strong>Amparo Sandino<\/strong> es una cantante, compositora y guitarrista colombiana nacida en Bogot\u00e1 y actualmente radicada en Espa\u00f1a. Es licenciada en Pedagog\u00eda Musical y desde hace 25 a\u00f1os forma parte de la editorial Peermusic Spain como compositora. Ha tenido la fortuna de crecer escuchando m\u00fasica de diferentes g\u00e9neros, ampliando as\u00ed su conocimiento y experiencia valiosa durante m\u00e1s de 30 a\u00f1os. Es una de las precursoras del t\u00e9rmino Tropical Pop o Tropipop por la mezcla de ritmos tradicionales caribe\u00f1os como el vallenato, la salsa o el merengue con la m\u00fasica pop.<\/p>\n<p>&nbsp;<\/p>\n<p>&#8220;La intenci\u00f3n de mi propuesta es conectar con las personas a trav\u00e9s de mis canciones y que quienes las escuchen se sientan identificadas. Si hay sinergia entre letra y la m\u00fasica har\u00e1 que no solo te llegue al coraz\u00f3n, sino que tambi\u00e9n te llene de energ\u00eda. Para nosotros como compositores, el principal fin a la hora de crear una canci\u00f3n es transmitir emociones&#8221;, cuenta la artista.<\/p>\n<p>&#8216;Primero t\u00fa&#8217; es el nuevo lanzamiento de Amparo Sandino, una canci\u00f3n cuya letra nace a ra\u00edz de un acontecimiento personal en donde la resiliencia se impone sobre el pesimismo.<\/p>\n<p>&nbsp;<\/p>\n<p><iframe title=\"Spotify Embed: PRIMERO T\u00da\" style=\"border-radius: 12px\" width=\"100%\" height=\"352\" frameborder=\"0\" allowfullscreen allow=\"autoplay; clipboard-write; encrypted-media; fullscreen; picture-in-picture\" loading=\"lazy\" src=\"https:\/\/open.spotify.com\/embed\/album\/1wufK6w4ZuiM2bVFr1ZxKW?si=wrdAbXIQT06ClSmgFb5OXg&#038;utm_source=oembed\"><\/iframe><\/p>\n<p>&nbsp;<\/p>\n<p>&#8220;A comienzos de 2023 mi hija de 19 a\u00f1os fue diagnosticada con artritis reumatoide y aunque fue muy doloroso, la paciencia, la resiliencia y el positivismo de ella me hizo reflexionar sobre lo bueno de la vida y que tras las ca\u00eddas hay que levantarse y seguir adelante&#8221;, enfatiza Amparo Sandino. &#8220;Quiero la canci\u00f3n sea un recordatorio para todos que siempre podemos empezar de nuevo y que se puede dar la vuelta a la vida&#8221;.<\/p>\n<p>&#8216;Primero t\u00fa&#8217; habla de encontrar fuerza incluso cuando las cosas no salen bien. La canci\u00f3n explora sonoridades de pop latino y con el apoyo del productor y compositor Carlos Almaz\u00e1n consigui\u00f3 un sonido contempor\u00e1neo con un peque\u00f1o gui\u00f1o al tropipop a trav\u00e9s de una voz que transmite emociones y sentimientos reales.<\/p>\n<p>&#8220;Nos sentamos con Carlos en el estudio de Peermusic en Madrid y yo ven\u00eda con esta idea de letra. Inmediatamente empez\u00f3 a fluir la m\u00fasica con la letra y compusimos la canci\u00f3n en 2 horas&#8221;, asegura la compositora colombiana.<\/p>\n<p>Para la grabaci\u00f3n del video Amparo Sandino quer\u00eda desarrollar un concepto sencillo donde se viera en primera persona explicando la idea de &#8220;primero t\u00fa&#8221;, que significa &#8220;estar bien contigo mismo; si t\u00fa est\u00e1s bien, la gente de tu entorno recibir\u00e1 esa buena onda y las cosas fluir\u00e1n mejor&#8221;.<\/p>\n<p>A partir de ese momento, la directora espa\u00f1ola Paula Herrera present\u00f3 el concepto creativo &#8220;la calma despu\u00e9s de la tormenta. El renacimiento de una mariposa&#8221; que junto al estilismo de Iv\u00e1n Aguilera y el dise\u00f1o art\u00edstico de Paula Garrote, se adaptaba perfectamente al concepto de la canci\u00f3n. El clip fue grabado en Madrid, Espa\u00f1a, en La Infame Estudios.<\/p>\n<p>Para la sesi\u00f3n de fotos, Amparo Sandino trabaj\u00f3 con el fot\u00f3grafo espa\u00f1ol Salva Must\u00e9 y el estilista espa\u00f1ol Iv\u00e1n Aguilera. La portada estuvo a cargo de la dise\u00f1adora gr\u00e1fica colombiana Maretti Jim\u00e9nez. El disen\u0303o genera un contraste marcado que captura la atencio\u0301n del espectador, subrayando el mensaje deautoconfianza y empoderamiento que acompan\u0303a el concepto del single.<\/p>\n<p>&#8220;Es importante que el p\u00fablico de Colombia y Latinoam\u00e9rica redescubra a Amparo Sandino porque llevo 25 a\u00f1os en el mundo de la m\u00fasica siendo aut\u00e9ntica, vers\u00e1til, talentosa y creativa. Estoy convencida que la gente que escuche mis canciones las disfrutar\u00e1 a tope. No hay nada mejor que te digan: &#8220;T\u00fa canci\u00f3n la pongo todos los d\u00edas y me anima un mont\u00f3n&#8221;&#8221;, concluye la artista.<\/p>\n<p>&nbsp;<\/p>\n<p><strong>Sobre <a href=\"https:\/\/www.instagram.com\/amparosandinomusic\" target=\"_blank\" rel=\"noopener\">Amparo Sandino<\/a><\/strong><\/p>\n<p>&nbsp;<\/p>\n<p>Amparo Sandino inici\u00f3 su carrera art\u00edstica en 1990 con apariciones en radio y televisi\u00f3n. En la d\u00e9cada de los 90 colabor\u00f3 con varias bandas de rock y en 1993 form\u00f3 parte de La Provincia de Carlos Vives como guitarrista y corista, grabando el disco &#8216;Cl\u00e1sicos de La Provincia&#8217; y yendo de gira por Latinoam\u00e9rica, Espa\u00f1a y Estados Unidos. Durante un show en Nueva York en el Radio City Music Hall, Mark Kamins (ejecutivo de Elektra\/Warner Music) se dio cuenta de su talento y la firm\u00f3, convirti\u00e9ndose en la primera artista latinoamericana en tener un contrato discogr\u00e1fico con esta casa disquera en la cual public\u00f3 varios discos de estudio.<\/p>\n<p>En 1996 public\u00f3 su disco debut &#8216;Punto de partida&#8217; reuniendo ritmos y estilos de vallenato, merengue, bolero y balada. Contiene dos duetos, con Gipsy Kings (&#8216;B\u00e1ilame&#8217;) y Benny Ibarra (&#8216;Esp\u00e9rame&#8217;). Su segundo \u00e1lbum &#8216;El a\u00f1o del gato&#8217; se public\u00f3 en 1999 y consta de once temas de vallenato e influencias caribe\u00f1as vendiendo m\u00e1s de cien mil ejemplares por canciones como &#8216;G\u00f3zate la vida&#8217; y &#8216;Camino de coraz\u00f3n&#8217;. En el 2000, la artista lanz\u00f3 su tercer disco &#8216;As\u00ed es mi gente&#8217; con nuevos remixes de &#8216;Camino del Coraz\u00f3n&#8217; y &#8216;G\u00f3zate la vida&#8217; y contiene un d\u00fao con el grupo espa\u00f1ol Caf\u00e9 Quijano.<\/p>\n<p>En 2003 Amparo Sandino tom\u00f3 la decisi\u00f3n de retirarse y dedicarse totalmente a su familia hasta 2017 cuando retom\u00f3 su carrera musical de forma independiente. Durante esta etapa, la cantante ha publicado ocho sencillos: &#8216;Fin de semana&#8217; (2017), &#8216;Me liberar\u00e9&#8217; feat Jerau (2018), &#8216;Rosas y espinas&#8217; (2019), &#8216;La tusa&#8217; (2019), &#8216;Un poco m\u00e1s de amor&#8217; (2020), &#8216;As\u00ed como soy&#8217; (2021), &#8216;No me lastimes&#8217; (2022) y &#8216;Primero t\u00fa&#8217; (2025). Durante su estancia en Espa\u00f1a ha sido bautizada como &#8216;La Reina del Tropipop&#8217;.<\/p>\n<p>&nbsp;<\/p>\n<p>&nbsp;<\/p>\n<p>&nbsp;<\/p>\n","protected":false},"excerpt":{"rendered":"<p>Amparo Sandino es una cantante, compositora y guitarrista colombiana nacida en Bogot\u00e1 y actualmente radicada en Espa\u00f1a. Es licenciada en Pedagog\u00eda Musical y desde hace 25 a\u00f1os forma parte de la editorial Peermusic Spain como compositora. Ha tenido la fortuna de crecer escuchando m\u00fasica de diferentes g\u00e9neros, ampliando as\u00ed su conocimiento y experiencia valiosa durante m\u00e1s de 30 a\u00f1os. Es una de las precursoras del t\u00e9rmino Tropical Pop o Tropipop por la mezcla de ritmos tradicionales caribe\u00f1os como el vallenato, la salsa o el merengue con la m\u00fasica pop.<\/p>\n","protected":false},"author":8,"featured_media":110363,"comment_status":"closed","ping_status":"closed","sticky":false,"template":"","format":"standard","meta":{"om_disable_all_campaigns":false,"ngg_post_thumbnail":0,"jnews-multi-image_gallery":[],"jnews_single_post":{"format":"standard","override":[{"template":"4","parallax":"1","layout":"right-sidebar","sidebar":"default-sidebar","second_sidebar":"default-sidebar","sticky_sidebar":"1","share_position":"bottom","share_float_style":"share-monocrhome","show_share_counter":"1","show_view_counter":"1","show_featured":"1","show_post_meta":"1","show_post_author":"1","show_post_author_image":"1","show_post_date":"1","post_date_format":"default","post_date_format_custom":"Y\/m\/d","show_post_category":"1","post_reading_time_wpm":"300","post_calculate_word_method":"str_word_count","zoom_button_out_step":"2","zoom_button_in_step":"3","show_post_tag":"1","show_prev_next_post":"1","show_popup_post":"1","number_popup_post":"1","show_author_box":"1","show_post_related":"0","show_inline_post_related":"0"}],"image_override":[{"single_post_thumbnail_size":"no-crop","single_post_gallery_size":"crop-500"}],"trending_post_position":"meta","trending_post_label":"Trending","sponsored_post_label":"Sponsored by","disable_ad":"0","subtitle":"una canci\u00f3n de resiliencia, energ\u00eda y positivismo"},"jnews_primary_category":[],"jnews_social_meta":[],"jnews_override_counter":{"view_counter_number":"0","share_counter_number":"0","like_counter_number":"0","dislike_counter_number":"0"},"footnotes":""},"categories":[13675],"tags":[23552],"class_list":["post-110362","post","type-post","status-publish","format-standard","has-post-thumbnail","hentry","category-novedades","tag-amparo-sandino"],"yoast_head":"<!-- This site is optimized with the Yoast SEO plugin v27.5 - https:\/\/yoast.com\/product\/yoast-seo-wordpress\/ -->\n<title>Amparo Sandino presenta &#039;Primero t\u00fa&#039; - Cooltivarte Portal<\/title>\n<meta name=\"description\" content=\"Amparo Sandino es una cantante, compositora y guitarrista colombiana nacida en Bogot\u00e1 y actualmente radicada en Espa\u00f1a.\" \/>\n<meta name=\"robots\" content=\"index, follow, max-snippet:-1, max-image-preview:large, max-video-preview:-1\" \/>\n<link rel=\"canonical\" href=\"https:\/\/cooltivarte.com\/portal\/amparo-sandino-presenta-primero-tu\/\" \/>\n<meta property=\"og:locale\" content=\"es_ES\" \/>\n<meta property=\"og:type\" content=\"article\" \/>\n<meta property=\"og:title\" content=\"Amparo Sandino presenta &#039;Primero t\u00fa&#039;, una canci\u00f3n de resiliencia, energ\u00eda y positivismo\" \/>\n<meta property=\"og:description\" content=\"&#039;La Reina del Tropipop&#039; explora sonoridades de pop latino a trav\u00e9s de una voz que transmite emociones y sentimientos reales.\" \/>\n<meta property=\"og:url\" content=\"https:\/\/cooltivarte.com\/portal\/amparo-sandino-presenta-primero-tu\/\" \/>\n<meta property=\"og:site_name\" content=\"Cooltivarte Portal\" \/>\n<meta property=\"article:publisher\" content=\"https:\/\/www.facebook.com\/cooltivartecom\/\" \/>\n<meta property=\"article:author\" content=\"https:\/\/www.facebook.com\/cooltivartecom\" \/>\n<meta property=\"article:published_time\" content=\"2025-02-13T14:20:07+00:00\" \/>\n<meta property=\"article:modified_time\" content=\"2025-02-15T14:29:31+00:00\" \/>\n<meta property=\"og:image\" content=\"https:\/\/cooltivarte.com\/portal\/wp-content\/uploads\/2025\/02\/Amparo-Sandino-presenta-Primero-tu.jpg\" \/>\n\t<meta property=\"og:image:width\" content=\"1063\" \/>\n\t<meta property=\"og:image:height\" content=\"797\" \/>\n\t<meta property=\"og:image:type\" content=\"image\/jpeg\" \/>\n<meta name=\"author\" content=\"Cooltivarte\" \/>\n<meta name=\"twitter:card\" content=\"summary_large_image\" \/>\n<meta name=\"twitter:title\" content=\"Amparo Sandino presenta &#039;Primero t\u00fa&#039;, una canci\u00f3n de resiliencia, energ\u00eda y positivismo\" \/>\n<meta name=\"twitter:description\" content=\"&#039;La Reina del Tropipop&#039; explora sonoridades de pop latino a trav\u00e9s de una voz que transmite emociones y sentimientos reales.\" \/>\n<meta name=\"twitter:image\" content=\"https:\/\/cooltivarte.com\/portal\/wp-content\/uploads\/2025\/02\/Amparo-Sandino-presenta-Primero-tu.jpg\" \/>\n<meta name=\"twitter:creator\" content=\"@https:\/\/x.com\/obolocultural\" \/>\n<meta name=\"twitter:site\" content=\"@obolocultural\" \/>\n<meta name=\"twitter:label1\" content=\"Escrito por\" \/>\n\t<meta name=\"twitter:data1\" content=\"Cooltivarte\" \/>\n\t<meta name=\"twitter:label2\" content=\"Tiempo de lectura\" \/>\n\t<meta name=\"twitter:data2\" content=\"5 minutos\" \/>\n<!-- \/ Yoast SEO plugin. -->","yoast_head_json":{"title":"Amparo Sandino presenta 'Primero t\u00fa' - Cooltivarte Portal","description":"Amparo Sandino es una cantante, compositora y guitarrista colombiana nacida en Bogot\u00e1 y actualmente radicada en Espa\u00f1a.","robots":{"index":"index","follow":"follow","max-snippet":"max-snippet:-1","max-image-preview":"max-image-preview:large","max-video-preview":"max-video-preview:-1"},"canonical":"https:\/\/cooltivarte.com\/portal\/amparo-sandino-presenta-primero-tu\/","og_locale":"es_ES","og_type":"article","og_title":"Amparo Sandino presenta 'Primero t\u00fa', una canci\u00f3n de resiliencia, energ\u00eda y positivismo","og_description":"'La Reina del Tropipop' explora sonoridades de pop latino a trav\u00e9s de una voz que transmite emociones y sentimientos reales.","og_url":"https:\/\/cooltivarte.com\/portal\/amparo-sandino-presenta-primero-tu\/","og_site_name":"Cooltivarte Portal","article_publisher":"https:\/\/www.facebook.com\/cooltivartecom\/","article_author":"https:\/\/www.facebook.com\/cooltivartecom","article_published_time":"2025-02-13T14:20:07+00:00","article_modified_time":"2025-02-15T14:29:31+00:00","og_image":[{"width":1063,"height":797,"url":"https:\/\/cooltivarte.com\/portal\/wp-content\/uploads\/2025\/02\/Amparo-Sandino-presenta-Primero-tu.jpg","type":"image\/jpeg"}],"author":"Cooltivarte","twitter_card":"summary_large_image","twitter_title":"Amparo Sandino presenta 'Primero t\u00fa', una canci\u00f3n de resiliencia, energ\u00eda y positivismo","twitter_description":"'La Reina del Tropipop' explora sonoridades de pop latino a trav\u00e9s de una voz que transmite emociones y sentimientos reales.","twitter_image":"https:\/\/cooltivarte.com\/portal\/wp-content\/uploads\/2025\/02\/Amparo-Sandino-presenta-Primero-tu.jpg","twitter_creator":"@https:\/\/x.com\/obolocultural","twitter_site":"@obolocultural","twitter_misc":{"Escrito por":"Cooltivarte","Tiempo de lectura":"5 minutos"},"schema":{"@context":"https:\/\/schema.org","@graph":[{"@type":"NewsArticle","@id":"https:\/\/cooltivarte.com\/portal\/amparo-sandino-presenta-primero-tu\/#article","isPartOf":{"@id":"https:\/\/cooltivarte.com\/portal\/amparo-sandino-presenta-primero-tu\/"},"author":{"name":"Cooltivarte","@id":"https:\/\/cooltivarte.com\/portal\/#\/schema\/person\/ec2a4f4e71b740d0c559c0ab9a157e19"},"headline":"Amparo Sandino presenta &#8216;Primero t\u00fa&#8217;","datePublished":"2025-02-13T14:20:07+00:00","dateModified":"2025-02-15T14:29:31+00:00","mainEntityOfPage":{"@id":"https:\/\/cooltivarte.com\/portal\/amparo-sandino-presenta-primero-tu\/"},"wordCount":983,"publisher":{"@id":"https:\/\/cooltivarte.com\/portal\/#organization"},"image":{"@id":"https:\/\/cooltivarte.com\/portal\/amparo-sandino-presenta-primero-tu\/#primaryimage"},"thumbnailUrl":"https:\/\/cooltivarte.com\/portal\/wp-content\/uploads\/2025\/02\/Amparo-Sandino-presenta-Primero-tu.jpg","keywords":["Amparo Sandino"],"articleSection":["Novedades"],"inLanguage":"es-AR"},{"@type":"WebPage","@id":"https:\/\/cooltivarte.com\/portal\/amparo-sandino-presenta-primero-tu\/","url":"https:\/\/cooltivarte.com\/portal\/amparo-sandino-presenta-primero-tu\/","name":"Amparo Sandino presenta 'Primero t\u00fa' - Cooltivarte Portal","isPartOf":{"@id":"https:\/\/cooltivarte.com\/portal\/#website"},"primaryImageOfPage":{"@id":"https:\/\/cooltivarte.com\/portal\/amparo-sandino-presenta-primero-tu\/#primaryimage"},"image":{"@id":"https:\/\/cooltivarte.com\/portal\/amparo-sandino-presenta-primero-tu\/#primaryimage"},"thumbnailUrl":"https:\/\/cooltivarte.com\/portal\/wp-content\/uploads\/2025\/02\/Amparo-Sandino-presenta-Primero-tu.jpg","datePublished":"2025-02-13T14:20:07+00:00","dateModified":"2025-02-15T14:29:31+00:00","description":"Amparo Sandino es una cantante, compositora y guitarrista colombiana nacida en Bogot\u00e1 y actualmente radicada en Espa\u00f1a.","breadcrumb":{"@id":"https:\/\/cooltivarte.com\/portal\/amparo-sandino-presenta-primero-tu\/#breadcrumb"},"inLanguage":"es-AR","potentialAction":[{"@type":"ReadAction","target":["https:\/\/cooltivarte.com\/portal\/amparo-sandino-presenta-primero-tu\/"]}]},{"@type":"ImageObject","inLanguage":"es-AR","@id":"https:\/\/cooltivarte.com\/portal\/amparo-sandino-presenta-primero-tu\/#primaryimage","url":"https:\/\/cooltivarte.com\/portal\/wp-content\/uploads\/2025\/02\/Amparo-Sandino-presenta-Primero-tu.jpg","contentUrl":"https:\/\/cooltivarte.com\/portal\/wp-content\/uploads\/2025\/02\/Amparo-Sandino-presenta-Primero-tu.jpg","width":1063,"height":797,"caption":"Amparo Sandino presenta Primero t\u00fa"},{"@type":"BreadcrumbList","@id":"https:\/\/cooltivarte.com\/portal\/amparo-sandino-presenta-primero-tu\/#breadcrumb","itemListElement":[{"@type":"ListItem","position":1,"name":"Portada","item":"https:\/\/cooltivarte.com\/portal\/"},{"@type":"ListItem","position":2,"name":"Amparo Sandino presenta &#8216;Primero t\u00fa&#8217;"}]},{"@type":"WebSite","@id":"https:\/\/cooltivarte.com\/portal\/#website","url":"https:\/\/cooltivarte.com\/portal\/","name":"Cooltivarte Portal","description":"Arte, cultura y turismo para el mundo ...","publisher":{"@id":"https:\/\/cooltivarte.com\/portal\/#organization"},"potentialAction":[{"@type":"SearchAction","target":{"@type":"EntryPoint","urlTemplate":"https:\/\/cooltivarte.com\/portal\/?s={search_term_string}"},"query-input":{"@type":"PropertyValueSpecification","valueRequired":true,"valueName":"search_term_string"}}],"inLanguage":"es-AR"},{"@type":"Organization","@id":"https:\/\/cooltivarte.com\/portal\/#organization","name":"cooltivarte","url":"https:\/\/cooltivarte.com\/portal\/","logo":{"@type":"ImageObject","inLanguage":"es-AR","@id":"https:\/\/cooltivarte.com\/portal\/#\/schema\/logo\/image\/","url":"https:\/\/cooltivarte.com\/portal\/wp-content\/uploads\/2020\/04\/logo-cooltivarte-v2.png","contentUrl":"https:\/\/cooltivarte.com\/portal\/wp-content\/uploads\/2020\/04\/logo-cooltivarte-v2.png","width":851,"height":243,"caption":"cooltivarte"},"image":{"@id":"https:\/\/cooltivarte.com\/portal\/#\/schema\/logo\/image\/"},"sameAs":["https:\/\/www.facebook.com\/cooltivartecom\/","https:\/\/x.com\/obolocultural","https:\/\/www.instagram.com\/_cooltivarte_\/","https:\/\/www.linkedin.com\/company\/-bolocultural?reportsuccess=8zaNG1HwhPbAR9iQhZ5rfGeqz_vQFftHun0ZWU0Wy9vNemRJ8vtcKdJvzQfW8XagyOJSKg0XvfJ1dp","https:\/\/www.pinterest.com\/cooltivarte\/","https:\/\/cooltivarte.tumblr.com\/","https:\/\/www.tiktok.com\/@cooltivarte","https:\/\/www.youtube.com\/@PrensaCooltivarte"]},{"@type":"Person","@id":"https:\/\/cooltivarte.com\/portal\/#\/schema\/person\/ec2a4f4e71b740d0c559c0ab9a157e19","name":"Cooltivarte","image":{"@type":"ImageObject","inLanguage":"es-AR","@id":"https:\/\/cooltivarte.com\/portal\/wp-content\/uploads\/2014\/05\/logo-cooltivarte-120x120.jpg","url":"https:\/\/cooltivarte.com\/portal\/wp-content\/uploads\/2014\/05\/logo-cooltivarte-120x120.jpg","contentUrl":"https:\/\/cooltivarte.com\/portal\/wp-content\/uploads\/2014\/05\/logo-cooltivarte-120x120.jpg","caption":"Cooltivarte"},"description":"Somos COOLTIVARTE.COM. Un portal digital dedicado a difundir el acontecer art\u00edstico y cultural del Uruguay. Estamos en la vuelta desde el a\u00f1o 2003, y como evoluci\u00f3n del bolet\u00edn Obolo Cultural, nos encontramos abocados a apoyar a los artistas nacionales brind\u00e1ndoles un espacio de difusi\u00f3n. Creemos en la idea de utilizar la potencialidad que hoy d\u00eda nos otorga la web, para que la cultura uruguaya y sus creadores dispongan de una din\u00e1mica ventana, que los ponga en contacto entre s\u00ed y con el mundo. Somos COOLTIVARTE.COM y pretendemos configurarnos como un portal din\u00e1mico, entretenido y atento a los nuevos emprendimientos, que busque siempre la interacci\u00f3n con los artistas.","sameAs":["http:\/\/www.cooltivarte.com","https:\/\/www.facebook.com\/cooltivartecom","https:\/\/www.instagram.com\/_cooltivarte_\/","https:\/\/www.linkedin.com\/company\/-bolocultural","https:\/\/www.pinterest.com\/cooltivarte\/","https:\/\/x.com\/https:\/\/x.com\/obolocultural","https:\/\/www.youtube.com\/@PrensaCooltivarte","https:\/\/www.tumblr.com\/blog\/cooltivarte"],"url":"https:\/\/cooltivarte.com\/portal\/author\/cooltivarte\/"}]}},"_links":{"self":[{"href":"https:\/\/cooltivarte.com\/portal\/wp-json\/wp\/v2\/posts\/110362","targetHints":{"allow":["GET"]}}],"collection":[{"href":"https:\/\/cooltivarte.com\/portal\/wp-json\/wp\/v2\/posts"}],"about":[{"href":"https:\/\/cooltivarte.com\/portal\/wp-json\/wp\/v2\/types\/post"}],"author":[{"embeddable":true,"href":"https:\/\/cooltivarte.com\/portal\/wp-json\/wp\/v2\/users\/8"}],"replies":[{"embeddable":true,"href":"https:\/\/cooltivarte.com\/portal\/wp-json\/wp\/v2\/comments?post=110362"}],"version-history":[{"count":1,"href":"https:\/\/cooltivarte.com\/portal\/wp-json\/wp\/v2\/posts\/110362\/revisions"}],"predecessor-version":[{"id":110364,"href":"https:\/\/cooltivarte.com\/portal\/wp-json\/wp\/v2\/posts\/110362\/revisions\/110364"}],"wp:featuredmedia":[{"embeddable":true,"href":"https:\/\/cooltivarte.com\/portal\/wp-json\/wp\/v2\/media\/110363"}],"wp:attachment":[{"href":"https:\/\/cooltivarte.com\/portal\/wp-json\/wp\/v2\/media?parent=110362"}],"wp:term":[{"taxonomy":"category","embeddable":true,"href":"https:\/\/cooltivarte.com\/portal\/wp-json\/wp\/v2\/categories?post=110362"},{"taxonomy":"post_tag","embeddable":true,"href":"https:\/\/cooltivarte.com\/portal\/wp-json\/wp\/v2\/tags?post=110362"}],"curies":[{"name":"wp","href":"https:\/\/api.w.org\/{rel}","templated":true}]}}