{"id":109891,"date":"2025-01-28T20:38:43","date_gmt":"2025-01-28T23:38:43","guid":{"rendered":"https:\/\/cooltivarte.com\/portal\/?p=109891"},"modified":"2025-01-28T20:38:43","modified_gmt":"2025-01-28T23:38:43","slug":"concurso-oficial-de-carnaval-desfile-inaugural-carnaval-2025","status":"publish","type":"post","link":"https:\/\/cooltivarte.com\/portal\/concurso-oficial-de-carnaval-desfile-inaugural-carnaval-2025\/","title":{"rendered":"Concurso Oficial de Carnaval &#8211; Desfile Inaugural Carnaval 2025"},"content":{"rendered":"<figure id=\"attachment_109892\" aria-describedby=\"caption-attachment-109892\" style=\"width: 1024px\" class=\"wp-caption aligncenter\"><img fetchpriority=\"high\" decoding=\"async\" class=\"wp-image-109892 size-large\" title=\"Desfile Inaugural de Carnaval 2025 - Calle 18 de Julio - Fotograf\u00eda Jonathan La Paz\" src=\"https:\/\/cooltivarte.com\/portal\/wp-content\/uploads\/2025\/01\/Desfile-Inaugural-de-Carnaval-2025-Calle-18-de-Julio-Fotografia-Jonathan-La-Paz-1024x684.jpg\" alt=\"Desfile Inaugural de Carnaval 2025 - Calle 18 de Julio - Fotograf\u00eda Jonathan La Paz\" width=\"1024\" height=\"684\" srcset=\"https:\/\/cooltivarte.com\/portal\/wp-content\/uploads\/2025\/01\/Desfile-Inaugural-de-Carnaval-2025-Calle-18-de-Julio-Fotografia-Jonathan-La-Paz-1024x684.jpg 1024w, https:\/\/cooltivarte.com\/portal\/wp-content\/uploads\/2025\/01\/Desfile-Inaugural-de-Carnaval-2025-Calle-18-de-Julio-Fotografia-Jonathan-La-Paz-300x200.jpg 300w, https:\/\/cooltivarte.com\/portal\/wp-content\/uploads\/2025\/01\/Desfile-Inaugural-de-Carnaval-2025-Calle-18-de-Julio-Fotografia-Jonathan-La-Paz-768x513.jpg 768w, https:\/\/cooltivarte.com\/portal\/wp-content\/uploads\/2025\/01\/Desfile-Inaugural-de-Carnaval-2025-Calle-18-de-Julio-Fotografia-Jonathan-La-Paz-1536x1026.jpg 1536w, https:\/\/cooltivarte.com\/portal\/wp-content\/uploads\/2025\/01\/Desfile-Inaugural-de-Carnaval-2025-Calle-18-de-Julio-Fotografia-Jonathan-La-Paz.jpg 2048w\" sizes=\"(max-width: 1024px) 100vw, 1024px\" \/><figcaption id=\"caption-attachment-109892\" class=\"wp-caption-text\">Desfile Inaugural de Carnaval 2025 &#8211; Calle 18 de Julio &#8211; Fotograf\u00eda Jonathan La Paz<\/figcaption><\/figure>\n<p><span style=\"font-weight: 400;\">El 23 de enero de 2025 se realiz\u00f3 por la Avenida 18 de Julio el llamado <strong>Desfile Inaugural del Carnaval de Montevideo<\/strong>, pero este es en realidad el hito que comienza el <strong>Concurso Oficial de Carnaval<\/strong>, no estrictamente el comienzo de la fiesta.<\/span><\/p>\n<p><span style=\"font-weight: 400;\">El comienzo ser\u00eda en octubre, con el encuentro evaluatorio del Carnaval de las Promesas en el Anfiteatro Canario Luna, luego sigue en noviembre, con la misma actividad de Murga Joven, y en diciembre y enero con la primera y segunda ronda de Carnaval de las Promesas en el propio Templo de Momo. Y es reci\u00e9n luego de todas esas expresiones del carnaval popular de Montevideo, que para el gran p\u00fablico comienza el carnaval.&nbsp;<\/span><\/p>\n<p><span style=\"font-weight: 400;\">El desfile se realiz\u00f3 un jueves de enero muy c\u00e1lido, iniciando a plena luz del d\u00eda, con una avenida vestida de fiesta, con nueva iluminaci\u00f3n led, din\u00e1mica y colorida, con distintos dise\u00f1os que recuerdan un poco a los de principios de siglo XX. El p\u00fablico abarrot\u00f3 las cuatro filas de sillas en cada lado, pr\u00e1cticamente agotadas.&nbsp;<\/span><\/p>\n<p><span style=\"font-weight: 400;\">Se inici\u00f3 con una serie de conjuntos fuera de concurso, una especie de muestra de fin de a\u00f1o de talleres de dise\u00f1o, de arte, de m\u00fasica, vinculados al Carnaval. Por ejemplo, el Municipio A y sus Centros Culturales lo hicieron en un veh\u00edculo cuyos ocupantes estaba absolutamente fascinados de poder iniciar el desfile, sin percatarse de que quiz\u00e1s no eran el objetivo que el p\u00fablico estaba esperando ver. Sin embargo, la felicidad de esta gente, su alegr\u00eda, era digna de apreciar.&nbsp;<\/span><\/p>\n<p><span style=\"font-weight: 400;\">Luego desfilaron un par de conjuntos de carnaval inclusivo. Y es realmente conmovedor ver a comparsas como Balel\u00e9 y Grandes del Oeste, desfilando y sonando muy bien con su cuerda de tambores que incluyen tocadores sordos; y el cuerpo de baile con bailarinas ciegas, bailarines en silla de ruedas, gente con muletas y bastones, personas portadoras de distintos s\u00edndromes, desfilando, bailando, tocando y haciendo suya la acera de nuestra principal avenida.&nbsp;<\/span><\/p>\n<p><span style=\"font-weight: 400;\">Tambi\u00e9n particip\u00f3 Narc\u00f3ticos an\u00f3nimos, con representantes usando caretas que imped\u00edan su identificaci\u00f3n, e iban repartiendo volantes con informaci\u00f3n. Y si bien esas caretas de lejos parec\u00edan ser totalmente blancas, cuando se acercaban pod\u00edan leerse distintos mensajes escritos a mano en su rostro. Por ejemplo: AMOR INCONDICIONAL. Qu\u00e9 mejor mensaje que decir: \u201cYo estuve en la droga y tengo un amor incondicional que me permite pelear para salir de esta situaci\u00f3n.\u201d La verdad, conmovedor.&nbsp;<\/span><\/p>\n<p><span style=\"font-weight: 400;\">Fueron sucedidos por Murga Comodines, Nietos de Momo y Momolescentes, en la misma l\u00ednea inclusiva. Esta parte del desfile estuvo enmarcada con un mensaje de la Intendencia: <\/span><b>\u201cDonde no falte nadie a la fiesta popular\u201d<\/b><span style=\"font-weight: 400;\"> y realmente as\u00ed fue. A\u00fan antes del carro aleg\u00f3rico, ya se sent\u00eda que la ciudad estaba de festejo, con 18 de julio cubierta de serpentinas, que vendedores ofrec\u00edan tentando a los asistentes, sobre todo a los ni\u00f1os y a sus referentes, a gastar unos pesos y as\u00ed poder jugar un poco.&nbsp;<\/span><\/p>\n<p><span style=\"font-weight: 400;\">El carro aleg\u00f3rico, con Rosa Luna como emblema, pase\u00f3 con distintos personajes vestidos como en el carnaval de Venecia y acompa\u00f1ados con una m\u00fasica que variaba entre la \u00f3pera, el vals, el swing y la samba.<\/span><\/p>\n<p><span style=\"font-weight: 400;\">A las 20: 30, reci\u00e9n empezaron a desfilar los distintos conjuntos del concurso de carnaval. Pero si bien uno podr\u00eda pensar que se trata s\u00f3lo de los grupos y sus integrantes, en realidad hay much\u00edsima m\u00e1s gente que desfila en este evento. Un mont\u00f3n de gente que trabaja para los conjuntos en forma honoraria o por alg\u00fan tipo de intercambio econ\u00f3mico, que se ocupa de trasladar los distintos pasacalles y banderas publicitarias y todo tipo de disfraz marketinero, desde Plaza Independencia a Plaza Cagancha. Se pudieron ver termos, panchos al pan, ping\u00fcinos, helados, cortinas y un largo etc\u00e9tera, identificados con marcas y regalando llaveros, pegotines, abanicos&#8230; Varios en patines.&nbsp;<\/span><\/p>\n<p><span style=\"font-weight: 400;\">Estas actividades lograban incluso mayor participaci\u00f3n que algunos de los conjuntos, con el p\u00fablico presente. Y era incre\u00edble ver la interacci\u00f3n entre los espectadores y estas personas aparentemente invisibles (por supuesto que lo son para la televisi\u00f3n). Cada una desfilaba sosteniendo su pasacalle, su bandera publicitaria, con una alegr\u00eda y un subid\u00f3n de energ\u00eda que era realmente envidiable. Ver que alguien viene bailando y gozando, cruzar la mirada con esa persona y que se transforme en sonrisa de ambos lados, realmente no tiene precio.&nbsp;<\/span><\/p>\n<p><span style=\"font-weight: 400;\">Tambi\u00e9n, resaltar la gentileza de pr\u00e1cticamente todos los participantes que desfilaron con los ni\u00f1os: con las solicitudes de fotos, con el choque de manos, con pintar la cara. Es una fiesta que las infancias disfrutan mucho, gozando la ef\u00edmera sensaci\u00f3n de libertad e independencia a pocos metros de sus referentes adultos, trepados a las vallas e intercambiando juegos con amigos circunstanciales.<\/span><\/p>\n<p><span style=\"font-weight: 400;\">El desfile de carnaval es el desfile de los cuerpos. No hay l\u00edmites de edad, condici\u00f3n social, salud, volumen, dimensiones. Todo aquel que quiera participar, se calza el colorido vestuario, los brillos, las plumas y sale a la calle a bailar y a gozar. Ajeno a las miradas y a los juicios. Orgullosos de tener la ciudad a sus pies, hay lugar para todos.<\/span><\/p>\n<p><span style=\"font-weight: 400;\">Quienes tambi\u00e9n recorren la avenida decenas de veces, son los fot\u00f3grafos. Van y vienen buscando la imagen, el \u00e1ngulo, la escena, mientras saludan, esquivan bailarines y banderas, y hasta tiran alg\u00fan pasito.<\/span><\/p>\n<p><span style=\"font-weight: 400;\">Por otra parte, personal de Socorristas.uy se desplazaban todo lo velozmente que pod\u00edan en monopat\u00edn el\u00e9ctrico, atentos a las diversas circunstancias.<\/span><\/p>\n<p><span style=\"font-weight: 400;\">Algunos detalles de este 2025, sin juicio de valor ni orden de prioridad:<\/span><\/p>\n<ul>\n<li style=\"font-weight: 400;\" aria-level=\"1\"><span style=\"font-weight: 400;\">La comparsa es la vedette del desfile, sin lugar a duda.<\/span><\/li>\n<li style=\"font-weight: 400;\" aria-level=\"1\"><span style=\"font-weight: 400;\">Herencia Ancestral desfil\u00f3 \u00fanicamente con mujeres en sus banderas, y llevando a cabo una coreograf\u00eda bien ensayada.<\/span><\/li>\n<li style=\"font-weight: 400;\" aria-level=\"1\"><span style=\"font-weight: 400;\">Conocida cadena de supermercados local realiz\u00f3 una atractiva actividad publicitaria, con sus promotores provocando positivamente al p\u00fablico para luego regalar alfajores. Hicieron la delicia de grandes y chicos.<\/span><\/li>\n<li style=\"font-weight: 400;\" aria-level=\"1\"><span style=\"font-weight: 400;\">La masiva bater\u00eda de murga de Queso Magro, m\u00e1s de 70 personas haciendo \u201cmarcha cami\u00f3n\u201d, te mov\u00eda el cuore.<\/span><\/li>\n<li style=\"font-weight: 400;\" aria-level=\"1\"><span style=\"font-weight: 400;\">A la revista La Compa\u00f1\u00eda bien le vali\u00f3 cada peso gastado en \u201cpapelitos\u201d, una explosi\u00f3n plateada que cubri\u00f3 la calzada de lado a lado, dejando una alfombra persistente y recordable.<\/span><\/li>\n<li style=\"font-weight: 400;\" aria-level=\"1\"><span style=\"font-weight: 400;\">Diversos elementos usados para interactuar con el p\u00fablico: pelotas de distintos tama\u00f1os, pistolas de agua. Poca mucha innovaci\u00f3n.<\/span><\/li>\n<li style=\"font-weight: 400;\" aria-level=\"1\"><span style=\"font-weight: 400;\">Humoristas Sociedad An\u00f3nima aprovech\u00f3 como siempre la visibilidad del desfile para destacar su compromiso con temas ambientales.<\/span><\/li>\n<li style=\"font-weight: 400;\" aria-level=\"1\"><span style=\"font-weight: 400;\">Los parodistas desfilaron luego de la medianoche, con mucho menos p\u00fablico.<\/span><\/li>\n<\/ul>\n<p><span style=\"font-weight: 400;\">Comienza ahora la fiesta mayor del Carnaval, la que m\u00e1s gente convoca en escenarios y medios de comunicaci\u00f3n masiva, dentro y fuera de fronteras. Sal\u00fa Carnaval.<\/span><\/p>\n<p>&nbsp;<\/p>\n<p>&nbsp;<\/p>\n","protected":false},"excerpt":{"rendered":"<p>El 23 de enero de 2025 se realiz\u00f3 por la Avenida 18 de Julio el llamado Desfile Inaugural del Carnaval de Montevideo, pero este es en realidad el hito que comienza el Concurso Oficial de Carnaval, no estrictamente el comienzo de la fiesta.<\/p>\n<p>El comienzo ser\u00eda en octubre, con el encuentro evaluatorio del Carnaval de las Promesas en el Anfiteatro Canario Luna, luego sigue en noviembre, con la misma actividad de Murga Joven, y en diciembre y enero con la primera y segunda ronda de Carnaval de las Promesas en el propio Templo de Momo. Y es reci\u00e9n luego de todas esas expresiones del carnaval popular de Montevideo, que para el gran p\u00fablico comienza el carnaval.\u00a0<\/p>\n<p>El desfile se realiz\u00f3 un jueves de enero muy c\u00e1lido, iniciando a plena luz del d\u00eda, con una avenida vestida de fiesta, con nueva iluminaci\u00f3n led, din\u00e1mica y colorida, con distintos dise\u00f1os que recuerdan un poco a los de principios de siglo XX. El p\u00fablico abarrot\u00f3 las cuatro filas de sillas en cada lado, pr\u00e1cticamente agotadas.\u00a0<\/p>\n<p>Se inici\u00f3 con una serie de conjuntos fuera de concurso, una especie de muestra de fin de a\u00f1o de talleres de dise\u00f1o, de arte, de m\u00fasica, vinculados al Carnaval. Por ejemplo, el Municipio A y sus Centros Culturales lo hicieron en un veh\u00edculo cuyos ocupantes estaba absolutamente fascinados de poder iniciar el desfile, sin percatarse de que quiz\u00e1s no eran el objetivo que el p\u00fablico estaba esperando ver. Sin embargo, la felicidad de esta gente, su alegr\u00eda, era digna de apreciar.\u00a0<\/p>\n","protected":false},"author":221,"featured_media":109892,"comment_status":"closed","ping_status":"closed","sticky":false,"template":"","format":"standard","meta":{"om_disable_all_campaigns":false,"ngg_post_thumbnail":0,"jnews-multi-image_gallery":[],"jnews_single_post":{"format":"standard","override":[{"template":"4","parallax":"1","layout":"right-sidebar","sidebar":"default-sidebar","second_sidebar":"default-sidebar","sticky_sidebar":"1","share_position":"bottom","share_float_style":"share-monocrhome","show_share_counter":"1","show_view_counter":"1","show_featured":"1","show_post_meta":"1","show_post_author":"1","show_post_author_image":"1","show_post_date":"1","post_date_format":"default","post_date_format_custom":"Y\/m\/d","show_post_category":"1","post_reading_time_wpm":"300","post_calculate_word_method":"str_word_count","zoom_button_out_step":"2","zoom_button_in_step":"3","show_post_tag":"1","show_prev_next_post":"1","show_popup_post":"1","number_popup_post":"1","show_author_box":"1","show_post_related":"0","show_inline_post_related":"0"}],"image_override":[{"single_post_thumbnail_size":"no-crop","single_post_gallery_size":"crop-500"}],"trending_post_position":"meta","trending_post_label":"Trending","sponsored_post_label":"Sponsored by","disable_ad":"0","subtitle":"Avenida 18 de Julio - Montevideo"},"jnews_primary_category":[],"jnews_social_meta":[],"jnews_override_counter":{"view_counter_number":"0","share_counter_number":"0","like_counter_number":"0","dislike_counter_number":"0"},"footnotes":""},"categories":[50],"tags":[23507],"class_list":["post-109891","post","type-post","status-publish","format-standard","has-post-thumbnail","hentry","category-coberturas","tag-desfile-inaugural-del-carnaval"],"yoast_head":"<!-- This site is optimized with the Yoast SEO plugin v27.5 - https:\/\/yoast.com\/product\/yoast-seo-wordpress\/ -->\n<title>Concurso Oficial de Carnaval - Desfile Inaugural Carnaval 2025 - Cooltivarte Portal<\/title>\n<meta name=\"description\" content=\"El 23 de enero de 2025 se realiz\u00f3 por la Avenida 18 de Julio el llamado Desfile Inaugural del Carnaval de Montevideo, pero este es en realidad el hito que comienza el Concurso Oficial de Carnaval, no estrictamente el comienzo de la fiesta.\" \/>\n<meta name=\"robots\" content=\"index, follow, max-snippet:-1, max-image-preview:large, max-video-preview:-1\" \/>\n<link rel=\"canonical\" href=\"https:\/\/cooltivarte.com\/portal\/concurso-oficial-de-carnaval-desfile-inaugural-carnaval-2025\/\" \/>\n<meta property=\"og:locale\" content=\"es_ES\" \/>\n<meta property=\"og:type\" content=\"article\" \/>\n<meta property=\"og:title\" content=\"Concurso Oficial de Carnaval - Desfile Inaugural Carnaval 2025 - Avenida 18 de Julio - Montevideo by Mar\u00eda Jos\u00e9 Pieri - Fotograf\u00eda Jonathan La Paz\" \/>\n<meta property=\"og:description\" content=\"El 23 de enero de 2025 se realiz\u00f3 por la Avenida 18 de Julio el llamado Desfile Inaugural del Carnaval de Montevideo, pero este es en realidad el hito que comienza el Concurso Oficial de Carnaval, no estrictamente el comienzo de la fiesta.\" \/>\n<meta property=\"og:url\" content=\"https:\/\/cooltivarte.com\/portal\/concurso-oficial-de-carnaval-desfile-inaugural-carnaval-2025\/\" \/>\n<meta property=\"og:site_name\" content=\"Cooltivarte Portal\" \/>\n<meta property=\"article:publisher\" content=\"https:\/\/www.facebook.com\/cooltivartecom\/\" \/>\n<meta property=\"article:author\" content=\"https:\/\/www.facebook.com\/maria.jose.pieri\" \/>\n<meta property=\"article:published_time\" content=\"2025-01-28T23:38:43+00:00\" \/>\n<meta property=\"og:image\" content=\"https:\/\/cooltivarte.com\/portal\/wp-content\/uploads\/2025\/01\/Desfile-Inaugural-de-Carnaval-2025-Calle-18-de-Julio-Fotografia-Jonathan-La-Paz.jpg\" \/>\n\t<meta property=\"og:image:width\" content=\"2048\" \/>\n\t<meta property=\"og:image:height\" content=\"1368\" \/>\n\t<meta property=\"og:image:type\" content=\"image\/jpeg\" \/>\n<meta name=\"author\" content=\"Mar\u00eda Jos\u00e9 Pieri\" \/>\n<meta name=\"twitter:card\" content=\"summary_large_image\" \/>\n<meta name=\"twitter:title\" content=\"Concurso Oficial de Carnaval - Desfile Inaugural Carnaval 2025 - Avenida 18 de Julio - Montevideo by Mar\u00eda Jos\u00e9 Pieri - Fotograf\u00eda Jonathan La Paz\" \/>\n<meta name=\"twitter:description\" content=\"El 23 de enero de 2025 se realiz\u00f3 por la Avenida 18 de Julio el llamado Desfile Inaugural del Carnaval de Montevideo, pero este es en realidad el hito que comienza el Concurso Oficial de Carnaval, no estrictamente el comienzo de la fiesta.\" \/>\n<meta name=\"twitter:image\" content=\"https:\/\/cooltivarte.com\/portal\/wp-content\/uploads\/2025\/01\/Desfile-Inaugural-de-Carnaval-2025-Calle-18-de-Julio-Fotografia-Jonathan-La-Paz.jpg\" \/>\n<meta name=\"twitter:creator\" content=\"@https:\/\/x.com\/majo70\" \/>\n<meta name=\"twitter:site\" content=\"@obolocultural\" \/>\n<meta name=\"twitter:label1\" content=\"Escrito por\" \/>\n\t<meta name=\"twitter:data1\" content=\"Mar\u00eda Jos\u00e9 Pieri\" \/>\n\t<meta name=\"twitter:label2\" content=\"Tiempo de lectura\" \/>\n\t<meta name=\"twitter:data2\" content=\"6 minutos\" \/>\n<!-- \/ Yoast SEO plugin. -->","yoast_head_json":{"title":"Concurso Oficial de Carnaval - Desfile Inaugural Carnaval 2025 - Cooltivarte Portal","description":"El 23 de enero de 2025 se realiz\u00f3 por la Avenida 18 de Julio el llamado Desfile Inaugural del Carnaval de Montevideo, pero este es en realidad el hito que comienza el Concurso Oficial de Carnaval, no estrictamente el comienzo de la fiesta.","robots":{"index":"index","follow":"follow","max-snippet":"max-snippet:-1","max-image-preview":"max-image-preview:large","max-video-preview":"max-video-preview:-1"},"canonical":"https:\/\/cooltivarte.com\/portal\/concurso-oficial-de-carnaval-desfile-inaugural-carnaval-2025\/","og_locale":"es_ES","og_type":"article","og_title":"Concurso Oficial de Carnaval - Desfile Inaugural Carnaval 2025 - Avenida 18 de Julio - Montevideo by Mar\u00eda Jos\u00e9 Pieri - Fotograf\u00eda Jonathan La Paz","og_description":"El 23 de enero de 2025 se realiz\u00f3 por la Avenida 18 de Julio el llamado Desfile Inaugural del Carnaval de Montevideo, pero este es en realidad el hito que comienza el Concurso Oficial de Carnaval, no estrictamente el comienzo de la fiesta.","og_url":"https:\/\/cooltivarte.com\/portal\/concurso-oficial-de-carnaval-desfile-inaugural-carnaval-2025\/","og_site_name":"Cooltivarte Portal","article_publisher":"https:\/\/www.facebook.com\/cooltivartecom\/","article_author":"https:\/\/www.facebook.com\/maria.jose.pieri","article_published_time":"2025-01-28T23:38:43+00:00","og_image":[{"width":2048,"height":1368,"url":"https:\/\/cooltivarte.com\/portal\/wp-content\/uploads\/2025\/01\/Desfile-Inaugural-de-Carnaval-2025-Calle-18-de-Julio-Fotografia-Jonathan-La-Paz.jpg","type":"image\/jpeg"}],"author":"Mar\u00eda Jos\u00e9 Pieri","twitter_card":"summary_large_image","twitter_title":"Concurso Oficial de Carnaval - Desfile Inaugural Carnaval 2025 - Avenida 18 de Julio - Montevideo by Mar\u00eda Jos\u00e9 Pieri - Fotograf\u00eda Jonathan La Paz","twitter_description":"El 23 de enero de 2025 se realiz\u00f3 por la Avenida 18 de Julio el llamado Desfile Inaugural del Carnaval de Montevideo, pero este es en realidad el hito que comienza el Concurso Oficial de Carnaval, no estrictamente el comienzo de la fiesta.","twitter_image":"https:\/\/cooltivarte.com\/portal\/wp-content\/uploads\/2025\/01\/Desfile-Inaugural-de-Carnaval-2025-Calle-18-de-Julio-Fotografia-Jonathan-La-Paz.jpg","twitter_creator":"@https:\/\/x.com\/majo70","twitter_site":"@obolocultural","twitter_misc":{"Escrito por":"Mar\u00eda Jos\u00e9 Pieri","Tiempo de lectura":"6 minutos"},"schema":{"@context":"https:\/\/schema.org","@graph":[{"@type":"NewsArticle","@id":"https:\/\/cooltivarte.com\/portal\/concurso-oficial-de-carnaval-desfile-inaugural-carnaval-2025\/#article","isPartOf":{"@id":"https:\/\/cooltivarte.com\/portal\/concurso-oficial-de-carnaval-desfile-inaugural-carnaval-2025\/"},"author":{"name":"Mar\u00eda Jos\u00e9 Pieri","@id":"https:\/\/cooltivarte.com\/portal\/#\/schema\/person\/06ef0e0148e87cc17ab57dd1c0ecab47"},"headline":"Concurso Oficial de Carnaval &#8211; Desfile Inaugural Carnaval 2025","datePublished":"2025-01-28T23:38:43+00:00","mainEntityOfPage":{"@id":"https:\/\/cooltivarte.com\/portal\/concurso-oficial-de-carnaval-desfile-inaugural-carnaval-2025\/"},"wordCount":1194,"publisher":{"@id":"https:\/\/cooltivarte.com\/portal\/#organization"},"image":{"@id":"https:\/\/cooltivarte.com\/portal\/concurso-oficial-de-carnaval-desfile-inaugural-carnaval-2025\/#primaryimage"},"thumbnailUrl":"https:\/\/cooltivarte.com\/portal\/wp-content\/uploads\/2025\/01\/Desfile-Inaugural-de-Carnaval-2025-Calle-18-de-Julio-Fotografia-Jonathan-La-Paz.jpg","keywords":["Desfile Inaugural del Carnaval"],"articleSection":["Coberturas"],"inLanguage":"es-AR"},{"@type":"WebPage","@id":"https:\/\/cooltivarte.com\/portal\/concurso-oficial-de-carnaval-desfile-inaugural-carnaval-2025\/","url":"https:\/\/cooltivarte.com\/portal\/concurso-oficial-de-carnaval-desfile-inaugural-carnaval-2025\/","name":"Concurso Oficial de Carnaval - Desfile Inaugural Carnaval 2025 - Cooltivarte Portal","isPartOf":{"@id":"https:\/\/cooltivarte.com\/portal\/#website"},"primaryImageOfPage":{"@id":"https:\/\/cooltivarte.com\/portal\/concurso-oficial-de-carnaval-desfile-inaugural-carnaval-2025\/#primaryimage"},"image":{"@id":"https:\/\/cooltivarte.com\/portal\/concurso-oficial-de-carnaval-desfile-inaugural-carnaval-2025\/#primaryimage"},"thumbnailUrl":"https:\/\/cooltivarte.com\/portal\/wp-content\/uploads\/2025\/01\/Desfile-Inaugural-de-Carnaval-2025-Calle-18-de-Julio-Fotografia-Jonathan-La-Paz.jpg","datePublished":"2025-01-28T23:38:43+00:00","description":"El 23 de enero de 2025 se realiz\u00f3 por la Avenida 18 de Julio el llamado Desfile Inaugural del Carnaval de Montevideo, pero este es en realidad el hito que comienza el Concurso Oficial de Carnaval, no estrictamente el comienzo de la fiesta.","breadcrumb":{"@id":"https:\/\/cooltivarte.com\/portal\/concurso-oficial-de-carnaval-desfile-inaugural-carnaval-2025\/#breadcrumb"},"inLanguage":"es-AR","potentialAction":[{"@type":"ReadAction","target":["https:\/\/cooltivarte.com\/portal\/concurso-oficial-de-carnaval-desfile-inaugural-carnaval-2025\/"]}]},{"@type":"ImageObject","inLanguage":"es-AR","@id":"https:\/\/cooltivarte.com\/portal\/concurso-oficial-de-carnaval-desfile-inaugural-carnaval-2025\/#primaryimage","url":"https:\/\/cooltivarte.com\/portal\/wp-content\/uploads\/2025\/01\/Desfile-Inaugural-de-Carnaval-2025-Calle-18-de-Julio-Fotografia-Jonathan-La-Paz.jpg","contentUrl":"https:\/\/cooltivarte.com\/portal\/wp-content\/uploads\/2025\/01\/Desfile-Inaugural-de-Carnaval-2025-Calle-18-de-Julio-Fotografia-Jonathan-La-Paz.jpg","width":2048,"height":1368,"caption":"Desfile Inaugural de Carnaval 2025 - Calle 18 de Julio - Fotograf\u00eda Jonathan La Paz"},{"@type":"BreadcrumbList","@id":"https:\/\/cooltivarte.com\/portal\/concurso-oficial-de-carnaval-desfile-inaugural-carnaval-2025\/#breadcrumb","itemListElement":[{"@type":"ListItem","position":1,"name":"Portada","item":"https:\/\/cooltivarte.com\/portal\/"},{"@type":"ListItem","position":2,"name":"Concurso Oficial de Carnaval &#8211; Desfile Inaugural Carnaval 2025"}]},{"@type":"WebSite","@id":"https:\/\/cooltivarte.com\/portal\/#website","url":"https:\/\/cooltivarte.com\/portal\/","name":"Cooltivarte Portal","description":"Arte, cultura y turismo para el mundo ...","publisher":{"@id":"https:\/\/cooltivarte.com\/portal\/#organization"},"potentialAction":[{"@type":"SearchAction","target":{"@type":"EntryPoint","urlTemplate":"https:\/\/cooltivarte.com\/portal\/?s={search_term_string}"},"query-input":{"@type":"PropertyValueSpecification","valueRequired":true,"valueName":"search_term_string"}}],"inLanguage":"es-AR"},{"@type":"Organization","@id":"https:\/\/cooltivarte.com\/portal\/#organization","name":"cooltivarte","url":"https:\/\/cooltivarte.com\/portal\/","logo":{"@type":"ImageObject","inLanguage":"es-AR","@id":"https:\/\/cooltivarte.com\/portal\/#\/schema\/logo\/image\/","url":"https:\/\/cooltivarte.com\/portal\/wp-content\/uploads\/2020\/04\/logo-cooltivarte-v2.png","contentUrl":"https:\/\/cooltivarte.com\/portal\/wp-content\/uploads\/2020\/04\/logo-cooltivarte-v2.png","width":851,"height":243,"caption":"cooltivarte"},"image":{"@id":"https:\/\/cooltivarte.com\/portal\/#\/schema\/logo\/image\/"},"sameAs":["https:\/\/www.facebook.com\/cooltivartecom\/","https:\/\/x.com\/obolocultural","https:\/\/www.instagram.com\/_cooltivarte_\/","https:\/\/www.linkedin.com\/company\/-bolocultural?reportsuccess=8zaNG1HwhPbAR9iQhZ5rfGeqz_vQFftHun0ZWU0Wy9vNemRJ8vtcKdJvzQfW8XagyOJSKg0XvfJ1dp","https:\/\/www.pinterest.com\/cooltivarte\/","https:\/\/cooltivarte.tumblr.com\/","https:\/\/www.tiktok.com\/@cooltivarte","https:\/\/www.youtube.com\/@PrensaCooltivarte"]},{"@type":"Person","@id":"https:\/\/cooltivarte.com\/portal\/#\/schema\/person\/06ef0e0148e87cc17ab57dd1c0ecab47","name":"Mar\u00eda Jos\u00e9 Pieri","image":{"@type":"ImageObject","inLanguage":"es-AR","@id":"https:\/\/cooltivarte.com\/portal\/wp-content\/uploads\/2024\/07\/Majo-Pieri-120x120.jpeg","url":"https:\/\/cooltivarte.com\/portal\/wp-content\/uploads\/2024\/07\/Majo-Pieri-120x120.jpeg","contentUrl":"https:\/\/cooltivarte.com\/portal\/wp-content\/uploads\/2024\/07\/Majo-Pieri-120x120.jpeg","caption":"Mar\u00eda Jos\u00e9 Pieri"},"description":"UDELAR, CIENCIAS DE LA COMUNICACI\u00d3N Mujer y madre de adolescente, descubr\u00ed hace a\u00f1os el mundo de la producci\u00f3n teatral, en b\u00fasqueda de profundizar en conocimientos y herramientas para poder desarrollar m\u00e1s esa veta en presente y futuro.","sameAs":["https:\/\/cooltivarte.com\/portal\/author\/maria-jose-pieri\/","https:\/\/www.facebook.com\/maria.jose.pieri","https:\/\/www.instagram.com\/majo_p970\/","https:\/\/www.linkedin.com\/in\/maria-jose-pieri-5939a921\/","https:\/\/www.pinterest.com\/cooltivarte","https:\/\/x.com\/https:\/\/x.com\/majo70","https:\/\/www.youtube.com\/@PrensaCooltivarte","https:\/\/www.tumblr.com\/blog\/cooltivarte"],"url":"https:\/\/cooltivarte.com\/portal\/author\/maria-jose-pieri\/"}]}},"_links":{"self":[{"href":"https:\/\/cooltivarte.com\/portal\/wp-json\/wp\/v2\/posts\/109891","targetHints":{"allow":["GET"]}}],"collection":[{"href":"https:\/\/cooltivarte.com\/portal\/wp-json\/wp\/v2\/posts"}],"about":[{"href":"https:\/\/cooltivarte.com\/portal\/wp-json\/wp\/v2\/types\/post"}],"author":[{"embeddable":true,"href":"https:\/\/cooltivarte.com\/portal\/wp-json\/wp\/v2\/users\/221"}],"replies":[{"embeddable":true,"href":"https:\/\/cooltivarte.com\/portal\/wp-json\/wp\/v2\/comments?post=109891"}],"version-history":[{"count":1,"href":"https:\/\/cooltivarte.com\/portal\/wp-json\/wp\/v2\/posts\/109891\/revisions"}],"predecessor-version":[{"id":109893,"href":"https:\/\/cooltivarte.com\/portal\/wp-json\/wp\/v2\/posts\/109891\/revisions\/109893"}],"wp:featuredmedia":[{"embeddable":true,"href":"https:\/\/cooltivarte.com\/portal\/wp-json\/wp\/v2\/media\/109892"}],"wp:attachment":[{"href":"https:\/\/cooltivarte.com\/portal\/wp-json\/wp\/v2\/media?parent=109891"}],"wp:term":[{"taxonomy":"category","embeddable":true,"href":"https:\/\/cooltivarte.com\/portal\/wp-json\/wp\/v2\/categories?post=109891"},{"taxonomy":"post_tag","embeddable":true,"href":"https:\/\/cooltivarte.com\/portal\/wp-json\/wp\/v2\/tags?post=109891"}],"curies":[{"name":"wp","href":"https:\/\/api.w.org\/{rel}","templated":true}]}}