{"id":109655,"date":"2025-01-15T14:59:42","date_gmt":"2025-01-15T17:59:42","guid":{"rendered":"https:\/\/cooltivarte.com\/portal\/?p=109655"},"modified":"2025-01-16T11:08:22","modified_gmt":"2025-01-16T14:08:22","slug":"santiago-porter-punta-piedras-uruguay","status":"publish","type":"post","link":"https:\/\/cooltivarte.com\/portal\/santiago-porter-punta-piedras-uruguay\/","title":{"rendered":"Santiago Porter Punta Piedras &#8211; Uruguay"},"content":{"rendered":"<figure id=\"attachment_109656\" aria-describedby=\"caption-attachment-109656\" style=\"width: 758px\" class=\"wp-caption aligncenter\"><img fetchpriority=\"high\" decoding=\"async\" class=\"wp-image-109656 size-large\" title=\"Santiago Porter Punta Piedras - Uruguay by Daniel Benoit Cassou\" src=\"https:\/\/cooltivarte.com\/portal\/wp-content\/uploads\/2025\/01\/Santiago-Porter-Punta-Piedras-Uruguay-by-Daniel-Benoit-Cassou-758x1024.webp\" alt=\"Santiago Porter Punta Piedras - Uruguay by Daniel Benoit Cassou\" width=\"758\" height=\"1024\" srcset=\"https:\/\/cooltivarte.com\/portal\/wp-content\/uploads\/2025\/01\/Santiago-Porter-Punta-Piedras-Uruguay-by-Daniel-Benoit-Cassou-758x1024.webp 758w, https:\/\/cooltivarte.com\/portal\/wp-content\/uploads\/2025\/01\/Santiago-Porter-Punta-Piedras-Uruguay-by-Daniel-Benoit-Cassou-222x300.webp 222w, https:\/\/cooltivarte.com\/portal\/wp-content\/uploads\/2025\/01\/Santiago-Porter-Punta-Piedras-Uruguay-by-Daniel-Benoit-Cassou-768x1037.webp 768w, https:\/\/cooltivarte.com\/portal\/wp-content\/uploads\/2025\/01\/Santiago-Porter-Punta-Piedras-Uruguay-by-Daniel-Benoit-Cassou-1137x1536.webp 1137w, https:\/\/cooltivarte.com\/portal\/wp-content\/uploads\/2025\/01\/Santiago-Porter-Punta-Piedras-Uruguay-by-Daniel-Benoit-Cassou.webp 1440w\" sizes=\"(max-width: 758px) 100vw, 758px\" \/><figcaption id=\"caption-attachment-109656\" class=\"wp-caption-text\">Santiago Porter Punta Piedras &#8211; Uruguay by Daniel Benoit Cassou<\/figcaption><\/figure>\n<p>&nbsp;<\/p>\n<div class=\"wp-site-blocks\">\n<p>&nbsp;<\/p>\n<div class=\"entry-content wp-block-post-content has-global-padding is-layout-constrained wp-block-post-content-is-layout-constrained\">\n<div class=\"x11i5rnm xat24cr x1mh8g0r x1vvkbs xtlvy1s x126k92a\">\n<div dir=\"auto\">Dentro de las interesantes propuestas art\u00edsticas ofrecidas en los espacios dedicados a difundir arte se encuentra la muestra fotogr\u00e1fica de Santiago Porter (Buenos Aires, 1971) en di\u00e1logo con Roberto Riverti (Buenos Aires, 1954), muestra que acoge Espacio Foto Arte (EFA) en Punta Piedras desde el 3 hasta el 23 de enero pr\u00f3ximo.<\/div>\n<\/div>\n<div class=\"x11i5rnm xat24cr x1mh8g0r x1vvkbs xtlvy1s x126k92a\">\n<div dir=\"auto\">&nbsp;<\/div>\n<div dir=\"auto\">Este espacio est\u00e1 dirigido por el matrimonio compuesto por Carolina Pedroni y Roberto Riverti. Ella arquitecta, nieta del destacado poeta Jos\u00e9 Pedroni, \u00e9l fot\u00f3grafo, ambos con una generosa postura destinando su sala para presentar artistas latinoamericanos que a su criterio aportan sensibilidad y calidad dentro del \u00e1mbito art\u00edstico.<\/div>\n<div dir=\"auto\">&nbsp;<\/div>\n<div dir=\"auto\">Llegaron a Uruguay en 1994 y all\u00ed se asentaron con residencia casi todo el a\u00f1o.<\/div>\n<\/div>\n<div class=\"x11i5rnm xat24cr x1mh8g0r x1vvkbs xtlvy1s x126k92a\">\n<div dir=\"auto\">&nbsp;<\/div>\n<div dir=\"auto\">Asimismo y dentro del hermoso parque que rodea su casa estudio, se ubica la casa de la hija del matrimonio, Julieta Riverti, paisajista destacada por sus originales dise\u00f1os de jard\u00edn.<\/div>\n<\/div>\n<div class=\"x11i5rnm xat24cr x1mh8g0r x1vvkbs xtlvy1s x126k92a\">\n<div dir=\"auto\">Por EAF han pasado interesantes artistas como es el caso de Nicola Costantino, destacada profesional que ha representado a Argentina en la Bienal de Venecia, Marcelo Brodsky, Marcos L\u00f3pez, Casio Vasconcellos, Marcos Zimmermann, y los uruguayos Federico Rubio, Patricia Bentancur, Catalina Bunge, Ra\u00fal Sampayo, entre otros artistas de distintas procedencias y a quienes ellos representan.<\/div>\n<\/div>\n<div class=\"x11i5rnm xat24cr x1mh8g0r x1vvkbs xtlvy1s x126k92a\">\n<div dir=\"auto\">&nbsp;<\/div>\n<div dir=\"auto\">En sus vernissages la mayor\u00eda de los concurrentes son extranjeros, muchos argentinos y muy pocos uruguayos lo que apena pues la calidad de sus artistas es suprema.<\/div>\n<\/div>\n<div class=\"x11i5rnm xat24cr x1mh8g0r x1vvkbs xtlvy1s x126k92a\">\n<div dir=\"auto\">&nbsp;<\/div>\n<div dir=\"auto\">Son instancias apropiadas para conocer a los artistas en persona, m\u00e1xime cuando se trata de renombrados artistas extranjeros. All\u00ed pude conocer a Marcos Zimmermann a quien luego visit\u00e9 en su casa taller en Buenos Aires, a Marcos L\u00f3pez, Nicola Costantino asidua visitante tambi\u00e9n presente en esta temporada, o Casio Vasconcellos por solo nombrar algunos de estos artistas que ocupan destacados escenarios internacionales.<\/div>\n<\/div>\n<div class=\"x11i5rnm xat24cr x1mh8g0r x1vvkbs xtlvy1s x126k92a\">\n<div dir=\"auto\">&nbsp;<\/div>\n<div dir=\"auto\">EAF particip\u00f3 en Este Arte en la edici\u00f3n llevada a cabo en 2017 y tambi\u00e9n en algunas oportunidades en Buenos Aires Foto.<\/div>\n<\/div>\n<div class=\"x11i5rnm xat24cr x1mh8g0r x1vvkbs xtlvy1s x126k92a\">\n<div dir=\"auto\">&nbsp;<\/div>\n<div dir=\"auto\">El espacio consta de dos salas de reducidas dimensiones pero suficientes para transmitir el esp\u00edritu de las obras propuestas. La mas grande est\u00e1 destinada a acoger las obras del artista invitado y la otra acoge las obras del due\u00f1o de casa.<\/div>\n<\/div>\n<div class=\"x11i5rnm xat24cr x1mh8g0r x1vvkbs xtlvy1s x126k92a\">\n<div dir=\"auto\">&nbsp;<\/div>\n<div dir=\"auto\">No es f\u00e1cil lograr un v\u00ednculo o una confrontaci\u00f3n entre diferentes propuestas de distintos artistas, pero EFA lo logra potenciando a ambas selecciones.<\/div>\n<\/div>\n<div class=\"x11i5rnm xat24cr x1mh8g0r x1vvkbs xtlvy1s x126k92a\">\n<div dir=\"auto\">&nbsp;<\/div>\n<div dir=\"auto\"><strong>Santiago Porter<\/strong> reportero gr\u00e1fico de prensa, comenz\u00f3 su v\u00ednculo con la c\u00e1mara fotogr\u00e1fica cuando era muy chico.<\/div>\n<\/div>\n<div class=\"x11i5rnm xat24cr x1mh8g0r x1vvkbs xtlvy1s x126k92a\">\n<div dir=\"auto\">&nbsp;<\/div>\n<div dir=\"auto\">Luego de una larga carrera y atento a su sensibilidad se ha venido ocupando de captar lugares emblem\u00e1ticos de su pa\u00eds procurando un dialogo mas intimista detr\u00e1s de detalles que dan cuenta de otros aspectos diferentes a los usuales a partir de la historia.<\/div>\n<div dir=\"auto\">&nbsp;<\/div>\n<div dir=\"auto\">Su objetivo radica en sensibilizar al espectador conduci\u00e9ndolo a la reflexi\u00f3n del tema en cuesti\u00f3n.<\/div>\n<\/div>\n<div class=\"x11i5rnm xat24cr x1mh8g0r x1vvkbs xtlvy1s x126k92a\">\n<div dir=\"auto\">&nbsp;<\/div>\n<div dir=\"auto\">En sus trabajos est\u00e1 presente la violencia, la pol\u00edtica, los s\u00edmbolos y la memoria p\u00fablica aspectos que aborda de una manera muy particular detr\u00e1s de un lente severamente cr\u00edtico propio de un reportero.<\/div>\n<\/div>\n<div class=\"x11i5rnm xat24cr x1mh8g0r x1vvkbs xtlvy1s x126k92a\">\n<div dir=\"auto\">&nbsp;<\/div>\n<div dir=\"auto\">De esa manera logra darles la palabra a cada obra dentro de un aspecto muy sutil, muy fuera de las luces de artificio, generando instancias pensativas al espectador.<\/div>\n<\/div>\n<div class=\"x11i5rnm xat24cr x1mh8g0r x1vvkbs xtlvy1s x126k92a\">\n<div dir=\"auto\">&nbsp;<\/div>\n<div dir=\"auto\">Sus obras destilan silencio.<\/div>\n<div dir=\"auto\">&nbsp;<\/div>\n<div dir=\"auto\">Sus fotograf\u00edas nos ordenan hacer un alto que nos paraliza a la vez que nos induce a reflexiones varias.<\/div>\n<\/div>\n<div class=\"x11i5rnm xat24cr x1mh8g0r x1vvkbs xtlvy1s x126k92a\">\n<div dir=\"auto\">&nbsp;<\/div>\n<div dir=\"auto\">Las mismas pueden ser abordadas con el conocimiento de lugar y su historia, aspecto que aplica en el caso de los argentinos, o simplemente como obras que nos hablan del silencio o de los temas que podemos leer dentro de su discurso narrativo.<\/div>\n<\/div>\n<div class=\"x11i5rnm xat24cr x1mh8g0r x1vvkbs xtlvy1s x126k92a\">\n<div dir=\"auto\">&nbsp;<\/div>\n<div dir=\"auto\">En mi caso tuve la oportunidad de acercarme a las mismas bajo una mirada art\u00edstica personal y con posterioridad y luego de haber conversado largo rato con Santiago, muy locuaz y elocuente a la hora de informar sobre cada obra, la volv\u00ed a recorrer.<\/div>\n<\/div>\n<div class=\"x11i5rnm xat24cr x1mh8g0r x1vvkbs xtlvy1s x126k92a\">\n<div dir=\"auto\">&nbsp;<\/div>\n<div dir=\"auto\">El silencio que emanan sus fotograf\u00edas es contrarrestado por su extensa elocuencia verbal.<\/div>\n<\/div>\n<div class=\"x11i5rnm xat24cr x1mh8g0r x1vvkbs xtlvy1s x126k92a\">\n<div dir=\"auto\">&nbsp;<\/div>\n<div dir=\"auto\">Bajo el t\u00edtulo de \u201cBruma\u201d esta muestra nos incita a una reflexi\u00f3n la que nos conduce a la introspecci\u00f3n. Imagenes que nos dejan inmersos en dudas a la vez que nos abrazan y hacen suyo.<\/div>\n<\/div>\n<div class=\"x11i5rnm xat24cr x1mh8g0r x1vvkbs xtlvy1s x126k92a\">\n<div dir=\"auto\">&nbsp;<\/div>\n<div dir=\"auto\">Lo visible nos conduce a lo que no se ve aspecto de gran riqueza en su fotograf\u00eda que Porter logra con la efectividad de quien se ha dedicado a captar im\u00e1genes con un sentido muy preciso que d\u00e9 cuenta de la noticia de prensa que acompa\u00f1a.<\/div>\n<\/div>\n<div class=\"x11i5rnm xat24cr x1mh8g0r x1vvkbs xtlvy1s x126k92a\">\n<div dir=\"auto\">&nbsp;<\/div>\n<div dir=\"auto\">&#8220;Cuando era reportero se me dec\u00eda que ten\u00eda que fotografiar. Ese es el trabajo de todos los d\u00edas. Empec\u00e9 a sentir cierta insatisfacci\u00f3n en esa manera de trabajar, y por el otro lado, empec\u00e9 a desarrollar un trabajo personal en oposici\u00f3n a ese trabajo que yo hac\u00eda en el diario todos los d\u00edas\u201d, son las parabas de Porter en una nota.<\/div>\n<\/div>\n<div class=\"x11i5rnm xat24cr x1mh8g0r x1vvkbs xtlvy1s x126k92a\">\n<div dir=\"auto\">&nbsp;<\/div>\n<div dir=\"auto\">Abrumado, t\u00e9rmino muy apropiado para esta ocasi\u00f3n, por ese ritmo de trabajo que de cierta forma lo alejaba de su leitmotiv, Porter comenz\u00f3 a reflexionar procurando hallar otros enfoques fotogr\u00e1ficos dentro de su propio discurso el que apela a una lectura mucho mas \u00edntima y reflexiva, termino recurrente en sus trabajos.<\/div>\n<\/div>\n<div class=\"x11i5rnm xat24cr x1mh8g0r x1vvkbs xtlvy1s x126k92a\">\n<div dir=\"auto\">&nbsp;<\/div>\n<div dir=\"auto\">El r\u00e1pido discurso de las im\u00e1genes provenientes del foto reportaje son contrarrestadas con la pausa prudente de sus tomas que presenta en su libro y exposici\u00f3n bajo el titulo de Bruma visibilizando lo invisible, aspectos que se ocultan detr\u00e1s de cada imagen buscando conmover a partir de la pausa.<\/div>\n<div dir=\"auto\">&nbsp;<\/div>\n<div dir=\"auto\">Asimismo, Porter pausa su mirada sobre ambientes naturales devastados o invadidos por deshechos industriales dentro de una solitaria penumbra de tenor melanc\u00f3lico.<\/div>\n<\/div>\n<div class=\"x11i5rnm xat24cr x1mh8g0r x1vvkbs xtlvy1s x126k92a\">\n<div dir=\"auto\">&nbsp;<\/div>\n<div dir=\"auto\">De cierta manera Bruma le ha permitido lograr la paz consigo mismo cuando sent\u00eda que era la fotograf\u00eda quien lo dominaba detr\u00e1s de objetivos diferentes a los que \u00e9l prefer\u00eda rescatar en cada toma.<\/div>\n<\/div>\n<div class=\"x11i5rnm xat24cr x1mh8g0r x1vvkbs xtlvy1s x126k92a\">\n<div dir=\"auto\">&nbsp;<\/div>\n<div dir=\"auto\">Por su lado Roberto Riverti, a quien ya conocemos y hemos abordado en otras notas, presenta una selecci\u00f3n de fotograf\u00edas en blanco y negro titulada \u201cLo inolvidable\u201d.<\/div>\n<div dir=\"auto\">&nbsp;<\/div>\n<div dir=\"auto\">En esta selecci\u00f3n, Riverti conforma un compendio de historias inacabadas muy cinematogr\u00e1ficas si se quiere.<\/div>\n<div dir=\"auto\">&nbsp;<\/div>\n<div dir=\"auto\">Riverti es un artista abocado a captar la luz en los espacios, aspecto que logra de manera magistral cuando la misma aparece en \u00e1mbitos en penumbra donde Riverti nos conduce al foco de la obra ba\u00f1ado en un haz de luz.<\/div>\n<\/div>\n<div class=\"x11i5rnm xat24cr x1mh8g0r x1vvkbs xtlvy1s x126k92a\">\n<div dir=\"auto\">&nbsp;<\/div>\n<div dir=\"auto\">Ambos fot\u00f3grafos hacen foco en diferentes aspectos pero se complementan. Mientras Porter nos conduce a lo abstracto, a lo po\u00e9tico precisamente, Riverti nos gu\u00eda dentro de una pel\u00edcula donde el escenario queda establecido para que el espectador lo recorra a su antojo.<\/div>\n<div dir=\"auto\">Porter, pariente por cierto de la artista Liliana Porter, nos conduce a un viaje interior mientras que Riverti nos lleva de paseo tomados de su mano logrando un excelente dialogo que da gusto compartir.<\/div>\n<\/div>\n<div class=\"x11i5rnm xat24cr x1mh8g0r x1vvkbs xtlvy1s x126k92a\">\n<div dir=\"auto\">&nbsp;<\/div>\n<div dir=\"auto\">Santiago Porter nacido en el barrio porte\u00f1o Vicente L\u00f3pez, ha sido galardonado con distinciones y reconocimientos como la Beca Guggenheim (2002), la Beca Fundaci\u00f3n Antorchas de Buenos Aires (2002), el Primer Premio de Fotograf\u00eda de la Sociedad Central de Arquitectos de Buenos Aires (2007), el Premio Petrobras \u2013 Buenos Aires de Fotograf\u00eda (2008), la Beca Nacional del Fondo Nacional de las Artes (2010) y fue seleccionado para participar del Programa de Artistas de la Universidad Di Tella de Buenos Aires (2011).<\/div>\n<\/div>\n<div class=\"x11i5rnm xat24cr x1mh8g0r x1vvkbs xtlvy1s x126k92a\">\n<div dir=\"auto\">&nbsp;<\/div>\n<div dir=\"auto\">Ha publicado varios libros que logran resumir su discurso narrativo propio de un reportero entre los cuales Bruma que re\u00fane estos trabajos que esta exponiendo.<\/div>\n<div dir=\"auto\">&nbsp;<\/div>\n<div dir=\"auto\">Asimismo se desempe\u00f1a como profesor del Departamento de Ciencias Sociales de la Universidad de San Andr\u00e9s y de la Carrera de Fotograf\u00eda de la Universidad Nacional de San Mart\u00edn.<\/div>\n<\/div>\n<div class=\"x11i5rnm xat24cr x1mh8g0r x1vvkbs xtlvy1s x126k92a\">\n<div dir=\"auto\">&nbsp;<\/div>\n<div dir=\"auto\"><strong>Espacio Foto Arte<\/strong><\/div>\n<div dir=\"auto\">Ruta 10 Km. 166.100 y calle 6 &#8211; Altos de Punta Piedras &#8211; Punta del Este<\/div>\n<\/div>\n<\/div>\n<p>&nbsp;<\/p>\n<\/div>\n<p>&nbsp;<\/p>\n<p>&nbsp;<\/p>\n<div style=\"width: 640px;\" class=\"wp-video\"><!--[if lt IE 9]><script>document.createElement('video');<\/script><![endif]-->\n<video class=\"wp-video-shortcode\" id=\"video-109655-1\" width=\"640\" height=\"360\" preload=\"metadata\" controls=\"controls\"><source type=\"video\/mp4\" src=\"https:\/\/danielbenoit.art\/wp-content\/uploads\/2025\/01\/AQPDU-Q4gwcfeVUMoKse5a_3RG3ZT1WEfWF16mYnbNoSdCd-GVUxfakoqHM1O0OZR7mPQ5Icy7TnsB-dJMJEAIWi.mp4?_=1\" \/><a href=\"https:\/\/danielbenoit.art\/wp-content\/uploads\/2025\/01\/AQPDU-Q4gwcfeVUMoKse5a_3RG3ZT1WEfWF16mYnbNoSdCd-GVUxfakoqHM1O0OZR7mPQ5Icy7TnsB-dJMJEAIWi.mp4\">https:\/\/danielbenoit.art\/wp-content\/uploads\/2025\/01\/AQPDU-Q4gwcfeVUMoKse5a_3RG3ZT1WEfWF16mYnbNoSdCd-GVUxfakoqHM1O0OZR7mPQ5Icy7TnsB-dJMJEAIWi.mp4<\/a><\/video><\/div>\n<p>&nbsp;<\/p>\n<p>&nbsp;<\/p>\n<p>&nbsp;<\/p>\n<p>&nbsp;<\/p>\n<p>&nbsp;<\/p>\n","protected":false},"excerpt":{"rendered":"<p>Dentro de las interesantes propuestas art\u00edsticas ofrecidas en los espacios dedicados a difundir arte se encuentra la muestra fotogr\u00e1fica de\u00a0Santiago Porter (Buenos Aires, 1971)\u00a0en di\u00e1logo con\u00a0Roberto Riverti (Buenos Aires, 1954), muestra que acoge Espacio Foto Arte (EFA) en Punta Piedras desde el 3 hasta el 23 de enero 2025.<\/p>\n<p>Este espacio est\u00e1 dirigido por el matrimonio compuesto por Carolina Pedroni y Roberto Riverti. Ella arquitecta, nieta del destacado poeta Jos\u00e9 Pedroni, \u00e9l fot\u00f3grafo, ambos con una generosa postura destinando su sala para presentar artistas latinoamericanos que a su criterio aportan sensibilidad y calidad dentro del \u00e1mbito art\u00edstico.<\/p>\n<p>Llegaron a Uruguay en 1994 y all\u00ed se asentaron con residencia casi todo el a\u00f1o.<\/p>\n<p>Asimismo y dentro del hermoso parque que rodea su casa estudio, se ubica la casa de la hija del matrimonio, Delfina Riverti, destacada arquitecta quien destaca por sus originales dise\u00f1os constructivos.<\/p>\n<p>Por EAF han pasado interesantes artistas como es el caso de Nicola Costantino, destacada profesional que ha representado a Argentina en la Bienal de Venecia, Marcelo Brodsky, Marcos L\u00f3pez, Casio Vasconcellos, Marcos Zimmermann, y los uruguayos Federico Rubio, Patricia Bentancur, Catalina Bunge, Ra\u00fal Sampayo, entre otros artistas de distintas procedencias y a quienes ellos representan.<\/p>\n","protected":false},"author":14,"featured_media":109656,"comment_status":"closed","ping_status":"closed","sticky":false,"template":"","format":"standard","meta":{"om_disable_all_campaigns":false,"ngg_post_thumbnail":0,"jnews-multi-image_gallery":[],"jnews_single_post":{"format":"standard","override":[{"template":"4","parallax":"1","layout":"right-sidebar","sidebar":"default-sidebar","second_sidebar":"default-sidebar","sticky_sidebar":"1","share_position":"bottom","share_float_style":"share-monocrhome","show_share_counter":"1","show_view_counter":"1","show_featured":"1","show_post_meta":"1","show_post_author":"1","show_post_author_image":"1","show_post_date":"1","post_date_format":"default","post_date_format_custom":"Y\/m\/d","show_post_category":"1","post_reading_time_wpm":"300","post_calculate_word_method":"str_word_count","zoom_button_out_step":"2","zoom_button_in_step":"3","show_post_tag":"1","show_prev_next_post":"1","show_popup_post":"1","number_popup_post":"1","show_author_box":"1","show_post_related":"0","show_inline_post_related":"0"}],"image_override":[{"single_post_thumbnail_size":"no-crop","single_post_gallery_size":"crop-500"}],"trending_post_position":"meta","trending_post_label":"Trending","sponsored_post_label":"Sponsored by","disable_ad":"0"},"jnews_primary_category":[],"jnews_social_meta":[],"jnews_override_counter":{"view_counter_number":"0","share_counter_number":"0","like_counter_number":"0","dislike_counter_number":"0"},"footnotes":""},"categories":[52],"tags":[23497],"class_list":["post-109655","post","type-post","status-publish","format-standard","has-post-thumbnail","hentry","category-artista","tag-santiago-porter"],"yoast_head":"<!-- This site is optimized with the Yoast SEO plugin v27.5 - https:\/\/yoast.com\/product\/yoast-seo-wordpress\/ -->\n<title>Santiago Porter Punta Piedras - Uruguay - Cooltivarte Portal<\/title>\n<meta name=\"description\" content=\"Dentro de las interesantes propuestas art\u00edsticas ofrecidas en los espacios dedicados a difundir arte se encuentra la muestra fotogr\u00e1fica de\u00a0Santiago Porter (Buenos Aires, 1971)\u00a0en di\u00e1logo con\u00a0Roberto Riverti (Buenos Aires, 1954), muestra que acoge Espacio Foto Arte (EFA) en Punta Piedras desde el 3 hasta el 23 de enero 2025.\" \/>\n<meta name=\"robots\" content=\"index, follow, max-snippet:-1, max-image-preview:large, max-video-preview:-1\" \/>\n<link rel=\"canonical\" href=\"https:\/\/cooltivarte.com\/portal\/santiago-porter-punta-piedras-uruguay\/\" \/>\n<meta property=\"og:locale\" content=\"es_ES\" \/>\n<meta property=\"og:type\" content=\"article\" \/>\n<meta property=\"og:title\" content=\"Santiago Porter Punta Piedras - Uruguay by Daniel Benoit Cassou\" \/>\n<meta property=\"og:description\" content=\"Dentro de las interesantes propuestas art\u00edsticas ofrecidas en los espacios dedicados a difundir arte se encuentra la muestra fotogr\u00e1fica de\u00a0Santiago Porter (Buenos Aires, 1971)\u00a0en di\u00e1logo con\u00a0Roberto Riverti (Buenos Aires, 1954), muestra que acoge Espacio Foto Arte (EFA) en Punta Piedras desde el 3 hasta el 23 de enero 2025.\" \/>\n<meta property=\"og:url\" content=\"https:\/\/cooltivarte.com\/portal\/santiago-porter-punta-piedras-uruguay\/\" \/>\n<meta property=\"og:site_name\" content=\"Cooltivarte Portal\" \/>\n<meta property=\"article:publisher\" content=\"https:\/\/www.facebook.com\/cooltivartecom\/\" \/>\n<meta property=\"article:author\" content=\"https:\/\/www.facebook.com\/daniel.benoit.3557?fref=ts\" \/>\n<meta property=\"article:published_time\" content=\"2025-01-15T17:59:42+00:00\" \/>\n<meta property=\"article:modified_time\" content=\"2025-01-16T14:08:22+00:00\" \/>\n<meta property=\"og:image\" content=\"https:\/\/cooltivarte.com\/portal\/wp-content\/uploads\/2025\/01\/Santiago-Porter-Punta-Piedras-Uruguay-by-Daniel-Benoit-Cassou.webp\" \/>\n\t<meta property=\"og:image:width\" content=\"1440\" \/>\n\t<meta property=\"og:image:height\" content=\"1945\" \/>\n\t<meta property=\"og:image:type\" content=\"image\/webp\" \/>\n<meta name=\"author\" content=\"Daniel Benoit Cassou\" \/>\n<meta name=\"twitter:card\" content=\"summary_large_image\" \/>\n<meta name=\"twitter:title\" content=\"Santiago Porter Punta Piedras - Uruguay by Daniel Benoit Cassou\" \/>\n<meta name=\"twitter:description\" content=\"Dentro de las interesantes propuestas art\u00edsticas ofrecidas en los espacios dedicados a difundir arte se encuentra la muestra fotogr\u00e1fica de\u00a0Santiago Porter (Buenos Aires, 1971)\u00a0en di\u00e1logo con\u00a0Roberto Riverti (Buenos Aires, 1954), muestra que acoge Espacio Foto Arte (EFA) en Punta Piedras desde el 3 hasta el 23 de enero 2025.\" \/>\n<meta name=\"twitter:image\" content=\"https:\/\/cooltivarte.com\/portal\/wp-content\/uploads\/2025\/01\/Santiago-Porter-Punta-Piedras-Uruguay-by-Daniel-Benoit-Cassou.webp\" \/>\n<meta name=\"twitter:creator\" content=\"@https:\/\/x.com\/obolocultural\" \/>\n<meta name=\"twitter:site\" content=\"@obolocultural\" \/>\n<meta name=\"twitter:label1\" content=\"Escrito por\" \/>\n\t<meta name=\"twitter:data1\" content=\"Daniel Benoit Cassou\" \/>\n\t<meta name=\"twitter:label2\" content=\"Tiempo de lectura\" \/>\n\t<meta name=\"twitter:data2\" content=\"7 minutos\" \/>\n<!-- \/ Yoast SEO plugin. -->","yoast_head_json":{"title":"Santiago Porter Punta Piedras - Uruguay - Cooltivarte Portal","description":"Dentro de las interesantes propuestas art\u00edsticas ofrecidas en los espacios dedicados a difundir arte se encuentra la muestra fotogr\u00e1fica de\u00a0Santiago Porter (Buenos Aires, 1971)\u00a0en di\u00e1logo con\u00a0Roberto Riverti (Buenos Aires, 1954), muestra que acoge Espacio Foto Arte (EFA) en Punta Piedras desde el 3 hasta el 23 de enero 2025.","robots":{"index":"index","follow":"follow","max-snippet":"max-snippet:-1","max-image-preview":"max-image-preview:large","max-video-preview":"max-video-preview:-1"},"canonical":"https:\/\/cooltivarte.com\/portal\/santiago-porter-punta-piedras-uruguay\/","og_locale":"es_ES","og_type":"article","og_title":"Santiago Porter Punta Piedras - Uruguay by Daniel Benoit Cassou","og_description":"Dentro de las interesantes propuestas art\u00edsticas ofrecidas en los espacios dedicados a difundir arte se encuentra la muestra fotogr\u00e1fica de\u00a0Santiago Porter (Buenos Aires, 1971)\u00a0en di\u00e1logo con\u00a0Roberto Riverti (Buenos Aires, 1954), muestra que acoge Espacio Foto Arte (EFA) en Punta Piedras desde el 3 hasta el 23 de enero 2025.","og_url":"https:\/\/cooltivarte.com\/portal\/santiago-porter-punta-piedras-uruguay\/","og_site_name":"Cooltivarte Portal","article_publisher":"https:\/\/www.facebook.com\/cooltivartecom\/","article_author":"https:\/\/www.facebook.com\/daniel.benoit.3557?fref=ts","article_published_time":"2025-01-15T17:59:42+00:00","article_modified_time":"2025-01-16T14:08:22+00:00","og_image":[{"width":1440,"height":1945,"url":"https:\/\/cooltivarte.com\/portal\/wp-content\/uploads\/2025\/01\/Santiago-Porter-Punta-Piedras-Uruguay-by-Daniel-Benoit-Cassou.webp","type":"image\/webp"}],"author":"Daniel Benoit Cassou","twitter_card":"summary_large_image","twitter_title":"Santiago Porter Punta Piedras - Uruguay by Daniel Benoit Cassou","twitter_description":"Dentro de las interesantes propuestas art\u00edsticas ofrecidas en los espacios dedicados a difundir arte se encuentra la muestra fotogr\u00e1fica de\u00a0Santiago Porter (Buenos Aires, 1971)\u00a0en di\u00e1logo con\u00a0Roberto Riverti (Buenos Aires, 1954), muestra que acoge Espacio Foto Arte (EFA) en Punta Piedras desde el 3 hasta el 23 de enero 2025.","twitter_image":"https:\/\/cooltivarte.com\/portal\/wp-content\/uploads\/2025\/01\/Santiago-Porter-Punta-Piedras-Uruguay-by-Daniel-Benoit-Cassou.webp","twitter_creator":"@https:\/\/x.com\/obolocultural","twitter_site":"@obolocultural","twitter_misc":{"Escrito por":"Daniel Benoit Cassou","Tiempo de lectura":"7 minutos"},"schema":{"@context":"https:\/\/schema.org","@graph":[{"@type":"NewsArticle","@id":"https:\/\/cooltivarte.com\/portal\/santiago-porter-punta-piedras-uruguay\/#article","isPartOf":{"@id":"https:\/\/cooltivarte.com\/portal\/santiago-porter-punta-piedras-uruguay\/"},"author":{"name":"Daniel Benoit Cassou","@id":"https:\/\/cooltivarte.com\/portal\/#\/schema\/person\/175e2af38af164206375abd19e491b3f"},"headline":"Santiago Porter Punta Piedras &#8211; Uruguay","datePublished":"2025-01-15T17:59:42+00:00","dateModified":"2025-01-16T14:08:22+00:00","mainEntityOfPage":{"@id":"https:\/\/cooltivarte.com\/portal\/santiago-porter-punta-piedras-uruguay\/"},"wordCount":1398,"publisher":{"@id":"https:\/\/cooltivarte.com\/portal\/#organization"},"image":{"@id":"https:\/\/cooltivarte.com\/portal\/santiago-porter-punta-piedras-uruguay\/#primaryimage"},"thumbnailUrl":"https:\/\/cooltivarte.com\/portal\/wp-content\/uploads\/2025\/01\/Santiago-Porter-Punta-Piedras-Uruguay-by-Daniel-Benoit-Cassou.webp","keywords":["Santiago Porter"],"articleSection":["Arte"],"inLanguage":"es-AR"},{"@type":"WebPage","@id":"https:\/\/cooltivarte.com\/portal\/santiago-porter-punta-piedras-uruguay\/","url":"https:\/\/cooltivarte.com\/portal\/santiago-porter-punta-piedras-uruguay\/","name":"Santiago Porter Punta Piedras - Uruguay - Cooltivarte Portal","isPartOf":{"@id":"https:\/\/cooltivarte.com\/portal\/#website"},"primaryImageOfPage":{"@id":"https:\/\/cooltivarte.com\/portal\/santiago-porter-punta-piedras-uruguay\/#primaryimage"},"image":{"@id":"https:\/\/cooltivarte.com\/portal\/santiago-porter-punta-piedras-uruguay\/#primaryimage"},"thumbnailUrl":"https:\/\/cooltivarte.com\/portal\/wp-content\/uploads\/2025\/01\/Santiago-Porter-Punta-Piedras-Uruguay-by-Daniel-Benoit-Cassou.webp","datePublished":"2025-01-15T17:59:42+00:00","dateModified":"2025-01-16T14:08:22+00:00","description":"Dentro de las interesantes propuestas art\u00edsticas ofrecidas en los espacios dedicados a difundir arte se encuentra la muestra fotogr\u00e1fica de\u00a0Santiago Porter (Buenos Aires, 1971)\u00a0en di\u00e1logo con\u00a0Roberto Riverti (Buenos Aires, 1954), muestra que acoge Espacio Foto Arte (EFA) en Punta Piedras desde el 3 hasta el 23 de enero 2025.","breadcrumb":{"@id":"https:\/\/cooltivarte.com\/portal\/santiago-porter-punta-piedras-uruguay\/#breadcrumb"},"inLanguage":"es-AR","potentialAction":[{"@type":"ReadAction","target":["https:\/\/cooltivarte.com\/portal\/santiago-porter-punta-piedras-uruguay\/"]}]},{"@type":"ImageObject","inLanguage":"es-AR","@id":"https:\/\/cooltivarte.com\/portal\/santiago-porter-punta-piedras-uruguay\/#primaryimage","url":"https:\/\/cooltivarte.com\/portal\/wp-content\/uploads\/2025\/01\/Santiago-Porter-Punta-Piedras-Uruguay-by-Daniel-Benoit-Cassou.webp","contentUrl":"https:\/\/cooltivarte.com\/portal\/wp-content\/uploads\/2025\/01\/Santiago-Porter-Punta-Piedras-Uruguay-by-Daniel-Benoit-Cassou.webp","width":1440,"height":1945,"caption":"Santiago Porter Punta Piedras - Uruguay by Daniel Benoit Cassou"},{"@type":"BreadcrumbList","@id":"https:\/\/cooltivarte.com\/portal\/santiago-porter-punta-piedras-uruguay\/#breadcrumb","itemListElement":[{"@type":"ListItem","position":1,"name":"Portada","item":"https:\/\/cooltivarte.com\/portal\/"},{"@type":"ListItem","position":2,"name":"Santiago Porter Punta Piedras &#8211; Uruguay"}]},{"@type":"WebSite","@id":"https:\/\/cooltivarte.com\/portal\/#website","url":"https:\/\/cooltivarte.com\/portal\/","name":"Cooltivarte Portal","description":"Arte, cultura y turismo para el mundo ...","publisher":{"@id":"https:\/\/cooltivarte.com\/portal\/#organization"},"potentialAction":[{"@type":"SearchAction","target":{"@type":"EntryPoint","urlTemplate":"https:\/\/cooltivarte.com\/portal\/?s={search_term_string}"},"query-input":{"@type":"PropertyValueSpecification","valueRequired":true,"valueName":"search_term_string"}}],"inLanguage":"es-AR"},{"@type":"Organization","@id":"https:\/\/cooltivarte.com\/portal\/#organization","name":"cooltivarte","url":"https:\/\/cooltivarte.com\/portal\/","logo":{"@type":"ImageObject","inLanguage":"es-AR","@id":"https:\/\/cooltivarte.com\/portal\/#\/schema\/logo\/image\/","url":"https:\/\/cooltivarte.com\/portal\/wp-content\/uploads\/2020\/04\/logo-cooltivarte-v2.png","contentUrl":"https:\/\/cooltivarte.com\/portal\/wp-content\/uploads\/2020\/04\/logo-cooltivarte-v2.png","width":851,"height":243,"caption":"cooltivarte"},"image":{"@id":"https:\/\/cooltivarte.com\/portal\/#\/schema\/logo\/image\/"},"sameAs":["https:\/\/www.facebook.com\/cooltivartecom\/","https:\/\/x.com\/obolocultural","https:\/\/www.instagram.com\/_cooltivarte_\/","https:\/\/www.linkedin.com\/company\/-bolocultural?reportsuccess=8zaNG1HwhPbAR9iQhZ5rfGeqz_vQFftHun0ZWU0Wy9vNemRJ8vtcKdJvzQfW8XagyOJSKg0XvfJ1dp","https:\/\/www.pinterest.com\/cooltivarte\/","https:\/\/cooltivarte.tumblr.com\/","https:\/\/www.tiktok.com\/@cooltivarte","https:\/\/www.youtube.com\/@PrensaCooltivarte"]},{"@type":"Person","@id":"https:\/\/cooltivarte.com\/portal\/#\/schema\/person\/175e2af38af164206375abd19e491b3f","name":"Daniel Benoit Cassou","image":{"@type":"ImageObject","inLanguage":"es-AR","@id":"https:\/\/cooltivarte.com\/portal\/wp-content\/uploads\/2022\/11\/daniel-benoit-120x120.jpg","url":"https:\/\/cooltivarte.com\/portal\/wp-content\/uploads\/2022\/11\/daniel-benoit-120x120.jpg","contentUrl":"https:\/\/cooltivarte.com\/portal\/wp-content\/uploads\/2022\/11\/daniel-benoit-120x120.jpg","caption":"Daniel Benoit Cassou"},"description":"Daniel Benoit - (Uruguay, 1961), es contador p\u00fablico de profesi\u00f3n. Hizo su formaci\u00f3n art\u00edstica en los talleres de Hugo Longa, Clever Lara y Lacy Duarte; escultura con Jos\u00e9 Pelayo y fotograf\u00eda con Enrique Abal, Oscar Bonilla y Roberto Schettini. Realiz\u00f3 cursos de formaci\u00f3n te\u00f3rica con Nelson Di Maggio, Alfredo Torres, Nelson Bali\u00f1o y Emma Sanguinetti, entre otros. Ha participado en muestras de fotografias, colectivas asi como individuales: 2007 \u2013 Facultad de Ciencias Econ\u00f3micas; Centro Cultural Lapido; Club de Golf; Fotogramas - Montevideo 2009 \u2013 Galer\u00eda de arte La Pasionaria \u2013 Club de Golf - Montevideo 2010 \u2013 A la Follie; Trattoria La Commedia; Club de Golf \u2013 Montevideo 2011 \u2013 Museo del Azulejo; Fotograma; Club de Golf \u2013 Montevideo; Bienal X \u2013 Salto 2012 \u2013 Espacio Innova \u2013 Punta del Este Es asiduo asistente a las principales bienales de arte: Venecia, Lyon, San Pablo, Cuba, Porto Alegre, Lima, as\u00ed como ferias de Basilea, Paris, Buenos Aires, entre otras. Es coleccionista de arte nacional, asesor de arte contempor\u00e1neo, escribe en sus blogs y es columnista de la revista de arte nacional \u201cCooltivarte\u201d desde el 2012, asi como de la revista \u201cArte\u201d del periodico \u201cEl Pais\u201d. Blog","sameAs":["https:\/\/danielbenoit.art\/","https:\/\/www.facebook.com\/daniel.benoit.3557?fref=ts","https:\/\/www.instagram.com\/danielbenoitcassou\/","https:\/\/www.linkedin.com\/in\/daniel-benoit-87890a39\/","https:\/\/www.pinterest.com\/cooltivarte","https:\/\/x.com\/https:\/\/x.com\/obolocultural","https:\/\/www.youtube.com\/@PrensaCooltivarte","https:\/\/www.tumblr.com\/blog\/cooltivarte"],"url":"https:\/\/cooltivarte.com\/portal\/author\/benoit\/"}]}},"_links":{"self":[{"href":"https:\/\/cooltivarte.com\/portal\/wp-json\/wp\/v2\/posts\/109655","targetHints":{"allow":["GET"]}}],"collection":[{"href":"https:\/\/cooltivarte.com\/portal\/wp-json\/wp\/v2\/posts"}],"about":[{"href":"https:\/\/cooltivarte.com\/portal\/wp-json\/wp\/v2\/types\/post"}],"author":[{"embeddable":true,"href":"https:\/\/cooltivarte.com\/portal\/wp-json\/wp\/v2\/users\/14"}],"replies":[{"embeddable":true,"href":"https:\/\/cooltivarte.com\/portal\/wp-json\/wp\/v2\/comments?post=109655"}],"version-history":[{"count":3,"href":"https:\/\/cooltivarte.com\/portal\/wp-json\/wp\/v2\/posts\/109655\/revisions"}],"predecessor-version":[{"id":109661,"href":"https:\/\/cooltivarte.com\/portal\/wp-json\/wp\/v2\/posts\/109655\/revisions\/109661"}],"wp:featuredmedia":[{"embeddable":true,"href":"https:\/\/cooltivarte.com\/portal\/wp-json\/wp\/v2\/media\/109656"}],"wp:attachment":[{"href":"https:\/\/cooltivarte.com\/portal\/wp-json\/wp\/v2\/media?parent=109655"}],"wp:term":[{"taxonomy":"category","embeddable":true,"href":"https:\/\/cooltivarte.com\/portal\/wp-json\/wp\/v2\/categories?post=109655"},{"taxonomy":"post_tag","embeddable":true,"href":"https:\/\/cooltivarte.com\/portal\/wp-json\/wp\/v2\/tags?post=109655"}],"curies":[{"name":"wp","href":"https:\/\/api.w.org\/{rel}","templated":true}]}}