{"id":109632,"date":"2025-01-15T11:42:22","date_gmt":"2025-01-15T14:42:22","guid":{"rendered":"https:\/\/cooltivarte.com\/portal\/?p=109632"},"modified":"2025-01-15T11:42:22","modified_gmt":"2025-01-15T14:42:22","slug":"matias-ferreira-estrena-solo-quiero-amarte","status":"publish","type":"post","link":"https:\/\/cooltivarte.com\/portal\/matias-ferreira-estrena-solo-quiero-amarte\/","title":{"rendered":"Mat\u00edas Ferreira estrena \u201cSolo quiero amarte\u201d"},"content":{"rendered":"<p><iframe title=\"YouTube video player\" src=\"https:\/\/www.youtube.com\/embed\/YPqWHEmmVDs?si=RypIc8_wgYdh47ET\" width=\"100%\" height=\"515\" frameborder=\"0\" allowfullscreen=\"allowfullscreen\"><span data-mce-type=\"bookmark\" style=\"display: inline-block; width: 0px; overflow: hidden; line-height: 0;\" class=\"mce_SELRES_start\">\ufeff<\/span><\/iframe><\/p>\n<p>&nbsp;<\/p>\n<p><strong>Mat\u00edas Ferreira estrena \u201cSolo quiero amarte\u201d<\/strong><\/p>\n<p>Todos hablan<br \/>\nLes encanta opinar<br \/>\nSin saber nada<\/p>\n<p>Su deporte es criticar<br \/>\nLo que no entienden<br \/>\nQue su mente es demasiado<br \/>\nDiferente todos hablan<\/p>\n<p>La iron\u00eda de que crean<br \/>\nQue es lo mejor para mi vida<br \/>\nCuando da risa que la suya<br \/>\nEs un desastre que ni saben<br \/>\nLo que hacen que cobardes<br \/>\nQue iron\u00eda<\/p>\n<p>Que les importa si yo<\/p>\n<p>Solo quiero amarte<br \/>\nAunque se crucen fronteras<br \/>\nEs inevitable<br \/>\nY que venga lo que venga<br \/>\nQuiero quererte sin medida y sin censuras<br \/>\nContigo todo quiero bajarte 10 lunas<br \/>\nSolo quiero amarte<\/p>\n<p>No hay secreto<br \/>\nes lo que siento<br \/>\nNo importa c\u00f3mo<br \/>\nSolo importa que es sincero<br \/>\nY es prohibido, hay muchos peros<br \/>\nSe que al final existir\u00e1 nuestro momento<\/p>\n<p>Solo quiero amarte<br \/>\nAunque se crucen fronteras<br \/>\nEs inevitable<br \/>\nY que venga lo que venga<br \/>\nQuiero quererte sin medida y sin censuras<br \/>\nContigo todo quiero bajarte 10 lunas<br \/>\nSolo quiero amarte<\/p>\n<p>Es inevitable<br \/>\nAunque se crucen fronteras<br \/>\nSolo quiero amarte<br \/>\nY que venga lo que venga<br \/>\nQuiero quererte sin medida y sin censuras<br \/>\nContigo todo quiero bajarte 10 lunas<br \/>\nSolo quiero amarte<\/p>\n<p>&nbsp;<\/p>\n<p>Buenos Aires, Argentina \u2014 El reconocido artista Mat\u00edas Ferreira regresa con \u201cSolo quiero amarte\u201d, el primer single de su esperado \u00e1lbum. Este lanzamiento, ya est\u00e1 disponible en Spotify, Apple Music, YouTube y todas las plataformas digitales, es una poderosa declaraci\u00f3n de amor que desaf\u00eda las normas sociales y celebra la inclusi\u00f3n y la diversidad.<\/p>\n<p>El tema, que invita a reflexionar sobre el poder transformador del amor, transporta al oyente a un espacio donde las barreras desaparecen y el amor se convierte en el \u00fanico lenguaje. En palabras del propio artista: \u201cCada canci\u00f3n del \u00e1lbum es como el cap\u00edtulo de una serie, y tambi\u00e9n un cap\u00edtulo de mi vida. Toda la est\u00e9tica es en blanco y negro, porque siento que el blanco y negro te hace llevar un mensaje m\u00e1s profundo, sin la distracci\u00f3n de los colores, destacando lo esencial de la vida\u201d.<\/p>\n<p>El videoclip de \u201cSolo quiero amarte\u201d, dirigido con calidad cinematogr\u00e1fica, presenta una historia conmovedora y desafiante: un hombre casado que revela estar enamorado de otro hombre. Esta narrativa, cargada de emotividad y valent\u00eda, reafirma el compromiso de Ferreira con la inclusi\u00f3n y la diversidad, posicion\u00e1ndolo como un referente art\u00edstico en la exploraci\u00f3n de temas sensibles y universales.<\/p>\n<p>Ferreira, quien tambi\u00e9n es actor y bailar\u00edn, ha sabido integrar sus conocimientos en teatro para aportar una profundidad \u00fanica a su m\u00fasica. Su experiencia en estas disciplinas se refleja en cada detalle de su propuesta art\u00edstica, desde la composici\u00f3n musical hasta la narrativa visual, creando una experiencia integral para sus seguidores.<\/p>\n<p>La segunda pieza del \u00e1lbum, ser\u00e1 lanzada el pr\u00f3ximo 14 de febrero, D\u00eda de los Enamorados, y ya ha generado una gran expectativa en el p\u00fablico. \u201cSolo quiero amarte\u201d es apenas un adelanto de lo que promete ser una obra inolvidable, cargada de mensajes profundos y una est\u00e9tica cuidada al detalle.<\/p>\n<p>Para m\u00e1s informaci\u00f3n sobre Mat\u00edas Ferreira y sus pr\u00f3ximos proyectos, visite sus redes sociales oficiales y plataformas digitales.<\/p>\n<p>&nbsp;<\/p>\n<p><iframe title=\"Spotify Embed: Matias Ferreira\" style=\"border-radius: 12px\" width=\"100%\" height=\"352\" frameborder=\"0\" allowfullscreen allow=\"autoplay; clipboard-write; encrypted-media; fullscreen; picture-in-picture\" loading=\"lazy\" src=\"https:\/\/open.spotify.com\/embed\/artist\/6ewTENQyk91FYHlNUxdnOG?si=IMNzz_SAQo-6eFw_9glIMg&#038;utm_source=oembed\"><\/iframe><\/p>\n<p>&nbsp;<\/p>\n<p><strong>Sobre <a href=\"https:\/\/www.instagram.com\/matiasferreiraa\/\" target=\"_blank\" rel=\"noopener\">Mat\u00edas Ferreira<\/a>:<\/strong><br \/>\nNacido en Uruguay y radicado en Madrid, Mat\u00edas Ferreira es mucho m\u00e1s que un cantante: es un artista integral. Su capacidad para combinar m\u00fasica, actuaci\u00f3n y danza, junto con una est\u00e9tica retro inspirada en los a\u00f1os 70, lo convierten en una figura \u00fanica en el entretenimiento. Siempre fiel a su identidad visual, Ferreira contin\u00faa marcando tendencia con su enfoque atemporal y su valent\u00eda para desafiar los c\u00e1nones establecidos.<\/p>\n<p>&nbsp;<\/p>\n<p>&nbsp;<\/p>\n<p>&nbsp;<\/p>\n","protected":false},"excerpt":{"rendered":"<p>Buenos Aires, Argentina \u2014 El reconocido artista Mat\u00edas Ferreira regresa con \u201cSolo quiero amarte\u201d, el primer single de su esperado \u00e1lbum. Este lanzamiento, ya est\u00e1 disponible en Spotify, Apple Music, YouTube y todas las plataformas digitales, es una poderosa declaraci\u00f3n de amor que desaf\u00eda las normas sociales y celebra la inclusi\u00f3n y la diversidad.<\/p>\n<p>El tema, que invita a reflexionar sobre el poder transformador del amor, transporta al oyente a un espacio donde las barreras desaparecen y el amor se convierte en el \u00fanico lenguaje. En palabras del propio artista: \u201cCada canci\u00f3n del \u00e1lbum es como el cap\u00edtulo de una serie, y tambi\u00e9n un cap\u00edtulo de mi vida. Toda la est\u00e9tica es en blanco y negro, porque siento que el blanco y negro te hace llevar un mensaje m\u00e1s profundo, sin la distracci\u00f3n de los colores, destacando lo esencial de la vida\u201d.<\/p>\n<p>El videoclip de \u201cSolo quiero amarte\u201d, dirigido con calidad cinematogr\u00e1fica, presenta una historia conmovedora y desafiante: un hombre casado que revela estar enamorado de otro hombre. Esta narrativa, cargada de emotividad y valent\u00eda, reafirma el compromiso de Ferreira con la inclusi\u00f3n y la diversidad, posicion\u00e1ndolo como un referente art\u00edstico en la exploraci\u00f3n de temas sensibles y universales.<\/p>\n<p>Ferreira, quien tambi\u00e9n es actor y bailar\u00edn, ha sabido integrar sus conocimientos en teatro para aportar una profundidad \u00fanica a su m\u00fasica. Su experiencia en estas disciplinas se refleja en cada detalle de su propuesta art\u00edstica, desde la composici\u00f3n musical hasta la narrativa visual, creando una experiencia integral para sus seguidores.<\/p>\n<p>La segunda pieza del \u00e1lbum, ser\u00e1 lanzada el pr\u00f3ximo 14 de febrero, D\u00eda de los Enamorados, y ya ha generado una gran expectativa en el p\u00fablico. \u201cSolo quiero amarte\u201d es apenas un adelanto de lo que promete ser una obra inolvidable, cargada de mensajes profundos y una est\u00e9tica cuidada al detalle.<\/p>\n<p>Para m\u00e1s informaci\u00f3n sobre Mat\u00edas Ferreira y sus pr\u00f3ximos proyectos, visite sus redes sociales oficiales y plataformas digitales.<\/p>\n","protected":false},"author":8,"featured_media":109633,"comment_status":"closed","ping_status":"closed","sticky":false,"template":"","format":"standard","meta":{"om_disable_all_campaigns":false,"ngg_post_thumbnail":0,"jnews-multi-image_gallery":[],"jnews_single_post":{"subtitle":"un videoclip cinematogr\u00e1fico","format":"standard"},"jnews_primary_category":[],"jnews_social_meta":[],"jnews_override_counter":[],"footnotes":""},"categories":[13675],"tags":[23495],"class_list":["post-109632","post","type-post","status-publish","format-standard","has-post-thumbnail","hentry","category-novedades","tag-matias-ferreira"],"yoast_head":"<!-- This site is optimized with the Yoast SEO plugin v27.4 - https:\/\/yoast.com\/product\/yoast-seo-wordpress\/ -->\n<title>Mat\u00edas Ferreira estrena \u201cSolo quiero amarte\u201d - Cooltivarte Portal<\/title>\n<meta name=\"description\" content=\"El reconocido artista Mat\u00edas Ferreira regresa con \u201cSolo quiero amarte\u201d, el primer single de su esperado \u00e1lbum. Este lanzamiento, ya est\u00e1 disponible en Spotify, Apple Music, YouTube y todas las plataformas digitales, es una poderosa declaraci\u00f3n de amor que desaf\u00eda las normas sociales y celebra la inclusi\u00f3n y la diversidad.\" \/>\n<meta name=\"robots\" content=\"index, follow, max-snippet:-1, max-image-preview:large, max-video-preview:-1\" \/>\n<link rel=\"canonical\" href=\"https:\/\/cooltivarte.com\/portal\/matias-ferreira-estrena-solo-quiero-amarte\/\" \/>\n<meta property=\"og:locale\" content=\"es_ES\" \/>\n<meta property=\"og:type\" content=\"article\" \/>\n<meta property=\"og:title\" content=\"Mat\u00edas Ferreira estrena \u201cSolo quiero amarte\u201d con un videoclip cinematogr\u00e1fico\" \/>\n<meta property=\"og:description\" content=\"El reconocido artista Mat\u00edas Ferreira regresa con \u201cSolo quiero amarte\u201d, el primer single de su esperado \u00e1lbum. Este lanzamiento, ya est\u00e1 disponible en Spotify, Apple Music, YouTube y todas las plataformas digitales, es una poderosa declaraci\u00f3n de amor que desaf\u00eda las normas sociales y celebra la inclusi\u00f3n y la diversidad.\" \/>\n<meta property=\"og:url\" content=\"https:\/\/cooltivarte.com\/portal\/matias-ferreira-estrena-solo-quiero-amarte\/\" \/>\n<meta property=\"og:site_name\" content=\"Cooltivarte Portal\" \/>\n<meta property=\"article:publisher\" content=\"https:\/\/www.facebook.com\/cooltivartecom\/\" \/>\n<meta property=\"article:author\" content=\"https:\/\/www.facebook.com\/cooltivartecom\" \/>\n<meta property=\"article:published_time\" content=\"2025-01-15T14:42:22+00:00\" \/>\n<meta property=\"og:image\" content=\"https:\/\/cooltivarte.com\/portal\/wp-content\/uploads\/2025\/01\/Matias-Ferreira-estrena-Solo-quiero-amarte-con-un-videoclip-cinematografico.jpg\" \/>\n\t<meta property=\"og:image:width\" content=\"1197\" \/>\n\t<meta property=\"og:image:height\" content=\"900\" \/>\n\t<meta property=\"og:image:type\" content=\"image\/jpeg\" \/>\n<meta name=\"author\" content=\"Cooltivarte\" \/>\n<meta name=\"twitter:card\" content=\"summary_large_image\" \/>\n<meta name=\"twitter:title\" content=\"Mat\u00edas Ferreira estrena \u201cSolo quiero amarte\u201d con un videoclip cinematogr\u00e1fico\" \/>\n<meta name=\"twitter:description\" content=\"El reconocido artista Mat\u00edas Ferreira regresa con \u201cSolo quiero amarte\u201d, el primer single de su esperado \u00e1lbum. Este lanzamiento, ya est\u00e1 disponible en Spotify, Apple Music, YouTube y todas las plataformas digitales, es una poderosa declaraci\u00f3n de amor que desaf\u00eda las normas sociales y celebra la inclusi\u00f3n y la diversidad.\" \/>\n<meta name=\"twitter:image\" content=\"https:\/\/cooltivarte.com\/portal\/wp-content\/uploads\/2025\/01\/Matias-Ferreira-estrena-Solo-quiero-amarte-con-un-videoclip-cinematografico.jpg\" \/>\n<meta name=\"twitter:creator\" content=\"@https:\/\/x.com\/obolocultural\" \/>\n<meta name=\"twitter:site\" content=\"@obolocultural\" \/>\n<meta name=\"twitter:label1\" content=\"Escrito por\" \/>\n\t<meta name=\"twitter:data1\" content=\"Cooltivarte\" \/>\n\t<meta name=\"twitter:label2\" content=\"Tiempo de lectura\" \/>\n\t<meta name=\"twitter:data2\" content=\"3 minutos\" \/>\n<!-- \/ Yoast SEO plugin. -->","yoast_head_json":{"title":"Mat\u00edas Ferreira estrena \u201cSolo quiero amarte\u201d - Cooltivarte Portal","description":"El reconocido artista Mat\u00edas Ferreira regresa con \u201cSolo quiero amarte\u201d, el primer single de su esperado \u00e1lbum. Este lanzamiento, ya est\u00e1 disponible en Spotify, Apple Music, YouTube y todas las plataformas digitales, es una poderosa declaraci\u00f3n de amor que desaf\u00eda las normas sociales y celebra la inclusi\u00f3n y la diversidad.","robots":{"index":"index","follow":"follow","max-snippet":"max-snippet:-1","max-image-preview":"max-image-preview:large","max-video-preview":"max-video-preview:-1"},"canonical":"https:\/\/cooltivarte.com\/portal\/matias-ferreira-estrena-solo-quiero-amarte\/","og_locale":"es_ES","og_type":"article","og_title":"Mat\u00edas Ferreira estrena \u201cSolo quiero amarte\u201d con un videoclip cinematogr\u00e1fico","og_description":"El reconocido artista Mat\u00edas Ferreira regresa con \u201cSolo quiero amarte\u201d, el primer single de su esperado \u00e1lbum. Este lanzamiento, ya est\u00e1 disponible en Spotify, Apple Music, YouTube y todas las plataformas digitales, es una poderosa declaraci\u00f3n de amor que desaf\u00eda las normas sociales y celebra la inclusi\u00f3n y la diversidad.","og_url":"https:\/\/cooltivarte.com\/portal\/matias-ferreira-estrena-solo-quiero-amarte\/","og_site_name":"Cooltivarte Portal","article_publisher":"https:\/\/www.facebook.com\/cooltivartecom\/","article_author":"https:\/\/www.facebook.com\/cooltivartecom","article_published_time":"2025-01-15T14:42:22+00:00","og_image":[{"width":1197,"height":900,"url":"https:\/\/cooltivarte.com\/portal\/wp-content\/uploads\/2025\/01\/Matias-Ferreira-estrena-Solo-quiero-amarte-con-un-videoclip-cinematografico.jpg","type":"image\/jpeg"}],"author":"Cooltivarte","twitter_card":"summary_large_image","twitter_title":"Mat\u00edas Ferreira estrena \u201cSolo quiero amarte\u201d con un videoclip cinematogr\u00e1fico","twitter_description":"El reconocido artista Mat\u00edas Ferreira regresa con \u201cSolo quiero amarte\u201d, el primer single de su esperado \u00e1lbum. Este lanzamiento, ya est\u00e1 disponible en Spotify, Apple Music, YouTube y todas las plataformas digitales, es una poderosa declaraci\u00f3n de amor que desaf\u00eda las normas sociales y celebra la inclusi\u00f3n y la diversidad.","twitter_image":"https:\/\/cooltivarte.com\/portal\/wp-content\/uploads\/2025\/01\/Matias-Ferreira-estrena-Solo-quiero-amarte-con-un-videoclip-cinematografico.jpg","twitter_creator":"@https:\/\/x.com\/obolocultural","twitter_site":"@obolocultural","twitter_misc":{"Escrito por":"Cooltivarte","Tiempo de lectura":"3 minutos"},"schema":{"@context":"https:\/\/schema.org","@graph":[{"@type":"NewsArticle","@id":"https:\/\/cooltivarte.com\/portal\/matias-ferreira-estrena-solo-quiero-amarte\/#article","isPartOf":{"@id":"https:\/\/cooltivarte.com\/portal\/matias-ferreira-estrena-solo-quiero-amarte\/"},"author":{"name":"Cooltivarte","@id":"https:\/\/cooltivarte.com\/portal\/#\/schema\/person\/ec2a4f4e71b740d0c559c0ab9a157e19"},"headline":"Mat\u00edas Ferreira estrena \u201cSolo quiero amarte\u201d","datePublished":"2025-01-15T14:42:22+00:00","mainEntityOfPage":{"@id":"https:\/\/cooltivarte.com\/portal\/matias-ferreira-estrena-solo-quiero-amarte\/"},"wordCount":644,"publisher":{"@id":"https:\/\/cooltivarte.com\/portal\/#organization"},"image":{"@id":"https:\/\/cooltivarte.com\/portal\/matias-ferreira-estrena-solo-quiero-amarte\/#primaryimage"},"thumbnailUrl":"https:\/\/cooltivarte.com\/portal\/wp-content\/uploads\/2025\/01\/Matias-Ferreira-estrena-Solo-quiero-amarte-con-un-videoclip-cinematografico.jpg","keywords":["Mat\u00edas Ferreira"],"articleSection":["Novedades"],"inLanguage":"es-AR"},{"@type":"WebPage","@id":"https:\/\/cooltivarte.com\/portal\/matias-ferreira-estrena-solo-quiero-amarte\/","url":"https:\/\/cooltivarte.com\/portal\/matias-ferreira-estrena-solo-quiero-amarte\/","name":"Mat\u00edas Ferreira estrena \u201cSolo quiero amarte\u201d - Cooltivarte Portal","isPartOf":{"@id":"https:\/\/cooltivarte.com\/portal\/#website"},"primaryImageOfPage":{"@id":"https:\/\/cooltivarte.com\/portal\/matias-ferreira-estrena-solo-quiero-amarte\/#primaryimage"},"image":{"@id":"https:\/\/cooltivarte.com\/portal\/matias-ferreira-estrena-solo-quiero-amarte\/#primaryimage"},"thumbnailUrl":"https:\/\/cooltivarte.com\/portal\/wp-content\/uploads\/2025\/01\/Matias-Ferreira-estrena-Solo-quiero-amarte-con-un-videoclip-cinematografico.jpg","datePublished":"2025-01-15T14:42:22+00:00","description":"El reconocido artista Mat\u00edas Ferreira regresa con \u201cSolo quiero amarte\u201d, el primer single de su esperado \u00e1lbum. Este lanzamiento, ya est\u00e1 disponible en Spotify, Apple Music, YouTube y todas las plataformas digitales, es una poderosa declaraci\u00f3n de amor que desaf\u00eda las normas sociales y celebra la inclusi\u00f3n y la diversidad.","breadcrumb":{"@id":"https:\/\/cooltivarte.com\/portal\/matias-ferreira-estrena-solo-quiero-amarte\/#breadcrumb"},"inLanguage":"es-AR","potentialAction":[{"@type":"ReadAction","target":["https:\/\/cooltivarte.com\/portal\/matias-ferreira-estrena-solo-quiero-amarte\/"]}]},{"@type":"ImageObject","inLanguage":"es-AR","@id":"https:\/\/cooltivarte.com\/portal\/matias-ferreira-estrena-solo-quiero-amarte\/#primaryimage","url":"https:\/\/cooltivarte.com\/portal\/wp-content\/uploads\/2025\/01\/Matias-Ferreira-estrena-Solo-quiero-amarte-con-un-videoclip-cinematografico.jpg","contentUrl":"https:\/\/cooltivarte.com\/portal\/wp-content\/uploads\/2025\/01\/Matias-Ferreira-estrena-Solo-quiero-amarte-con-un-videoclip-cinematografico.jpg","width":1197,"height":900,"caption":"Mat\u00edas Ferreira estrena \u201cSolo quiero amarte\u201d con un videoclip cinematogr\u00e1ficoMat\u00edas Ferreira estrena \u201cSolo quiero amarte\u201d con un videoclip cinematogr\u00e1fico"},{"@type":"BreadcrumbList","@id":"https:\/\/cooltivarte.com\/portal\/matias-ferreira-estrena-solo-quiero-amarte\/#breadcrumb","itemListElement":[{"@type":"ListItem","position":1,"name":"Portada","item":"https:\/\/cooltivarte.com\/portal\/"},{"@type":"ListItem","position":2,"name":"Mat\u00edas Ferreira estrena \u201cSolo quiero amarte\u201d"}]},{"@type":"WebSite","@id":"https:\/\/cooltivarte.com\/portal\/#website","url":"https:\/\/cooltivarte.com\/portal\/","name":"Cooltivarte Portal","description":"Arte, cultura y turismo para el mundo ...","publisher":{"@id":"https:\/\/cooltivarte.com\/portal\/#organization"},"potentialAction":[{"@type":"SearchAction","target":{"@type":"EntryPoint","urlTemplate":"https:\/\/cooltivarte.com\/portal\/?s={search_term_string}"},"query-input":{"@type":"PropertyValueSpecification","valueRequired":true,"valueName":"search_term_string"}}],"inLanguage":"es-AR"},{"@type":"Organization","@id":"https:\/\/cooltivarte.com\/portal\/#organization","name":"cooltivarte","url":"https:\/\/cooltivarte.com\/portal\/","logo":{"@type":"ImageObject","inLanguage":"es-AR","@id":"https:\/\/cooltivarte.com\/portal\/#\/schema\/logo\/image\/","url":"https:\/\/cooltivarte.com\/portal\/wp-content\/uploads\/2020\/04\/logo-cooltivarte-v2.png","contentUrl":"https:\/\/cooltivarte.com\/portal\/wp-content\/uploads\/2020\/04\/logo-cooltivarte-v2.png","width":851,"height":243,"caption":"cooltivarte"},"image":{"@id":"https:\/\/cooltivarte.com\/portal\/#\/schema\/logo\/image\/"},"sameAs":["https:\/\/www.facebook.com\/cooltivartecom\/","https:\/\/x.com\/obolocultural","https:\/\/www.instagram.com\/_cooltivarte_\/","https:\/\/www.linkedin.com\/company\/-bolocultural?reportsuccess=8zaNG1HwhPbAR9iQhZ5rfGeqz_vQFftHun0ZWU0Wy9vNemRJ8vtcKdJvzQfW8XagyOJSKg0XvfJ1dp","https:\/\/www.pinterest.com\/cooltivarte\/","https:\/\/cooltivarte.tumblr.com\/","https:\/\/www.tiktok.com\/@cooltivarte","https:\/\/www.youtube.com\/@PrensaCooltivarte"]},{"@type":"Person","@id":"https:\/\/cooltivarte.com\/portal\/#\/schema\/person\/ec2a4f4e71b740d0c559c0ab9a157e19","name":"Cooltivarte","image":{"@type":"ImageObject","inLanguage":"es-AR","@id":"https:\/\/cooltivarte.com\/portal\/wp-content\/uploads\/2014\/05\/logo-cooltivarte-120x120.jpg","url":"https:\/\/cooltivarte.com\/portal\/wp-content\/uploads\/2014\/05\/logo-cooltivarte-120x120.jpg","contentUrl":"https:\/\/cooltivarte.com\/portal\/wp-content\/uploads\/2014\/05\/logo-cooltivarte-120x120.jpg","caption":"Cooltivarte"},"description":"Somos COOLTIVARTE.COM. Un portal digital dedicado a difundir el acontecer art\u00edstico y cultural del Uruguay. Estamos en la vuelta desde el a\u00f1o 2003, y como evoluci\u00f3n del bolet\u00edn Obolo Cultural, nos encontramos abocados a apoyar a los artistas nacionales brind\u00e1ndoles un espacio de difusi\u00f3n. Creemos en la idea de utilizar la potencialidad que hoy d\u00eda nos otorga la web, para que la cultura uruguaya y sus creadores dispongan de una din\u00e1mica ventana, que los ponga en contacto entre s\u00ed y con el mundo. Somos COOLTIVARTE.COM y pretendemos configurarnos como un portal din\u00e1mico, entretenido y atento a los nuevos emprendimientos, que busque siempre la interacci\u00f3n con los artistas.","sameAs":["http:\/\/www.cooltivarte.com","https:\/\/www.facebook.com\/cooltivartecom","https:\/\/www.instagram.com\/_cooltivarte_\/","https:\/\/www.linkedin.com\/company\/-bolocultural","https:\/\/www.pinterest.com\/cooltivarte\/","https:\/\/x.com\/https:\/\/x.com\/obolocultural","https:\/\/www.youtube.com\/@PrensaCooltivarte","https:\/\/www.tumblr.com\/blog\/cooltivarte"],"url":"https:\/\/cooltivarte.com\/portal\/author\/cooltivarte\/"}]}},"_links":{"self":[{"href":"https:\/\/cooltivarte.com\/portal\/wp-json\/wp\/v2\/posts\/109632","targetHints":{"allow":["GET"]}}],"collection":[{"href":"https:\/\/cooltivarte.com\/portal\/wp-json\/wp\/v2\/posts"}],"about":[{"href":"https:\/\/cooltivarte.com\/portal\/wp-json\/wp\/v2\/types\/post"}],"author":[{"embeddable":true,"href":"https:\/\/cooltivarte.com\/portal\/wp-json\/wp\/v2\/users\/8"}],"replies":[{"embeddable":true,"href":"https:\/\/cooltivarte.com\/portal\/wp-json\/wp\/v2\/comments?post=109632"}],"version-history":[{"count":1,"href":"https:\/\/cooltivarte.com\/portal\/wp-json\/wp\/v2\/posts\/109632\/revisions"}],"predecessor-version":[{"id":109634,"href":"https:\/\/cooltivarte.com\/portal\/wp-json\/wp\/v2\/posts\/109632\/revisions\/109634"}],"wp:featuredmedia":[{"embeddable":true,"href":"https:\/\/cooltivarte.com\/portal\/wp-json\/wp\/v2\/media\/109633"}],"wp:attachment":[{"href":"https:\/\/cooltivarte.com\/portal\/wp-json\/wp\/v2\/media?parent=109632"}],"wp:term":[{"taxonomy":"category","embeddable":true,"href":"https:\/\/cooltivarte.com\/portal\/wp-json\/wp\/v2\/categories?post=109632"},{"taxonomy":"post_tag","embeddable":true,"href":"https:\/\/cooltivarte.com\/portal\/wp-json\/wp\/v2\/tags?post=109632"}],"curies":[{"name":"wp","href":"https:\/\/api.w.org\/{rel}","templated":true}]}}