{"id":109447,"date":"2025-01-01T09:21:43","date_gmt":"2025-01-01T12:21:43","guid":{"rendered":"https:\/\/cooltivarte.com\/portal\/?p=109447"},"modified":"2025-01-01T09:21:43","modified_gmt":"2025-01-01T12:21:43","slug":"29-festival-internacional-de-jazz-punta-del-este-2025","status":"publish","type":"post","link":"https:\/\/cooltivarte.com\/portal\/29-festival-internacional-de-jazz-punta-del-este-2025\/","title":{"rendered":"29\u00b0 Festival Internacional de JAZZ &#8211; Punta del Este 2025"},"content":{"rendered":"<p><img fetchpriority=\"high\" decoding=\"async\" class=\"aligncenter wp-image-109448 size-large\" title=\"29\u00b0 Festival Internacional de JAZZ - Punta del Este 2025 - Finca El Sosiego - 4 al 8 de enero\" src=\"https:\/\/cooltivarte.com\/portal\/wp-content\/uploads\/2025\/01\/29-Festival-Internacional-de-JAZZ-Punta-del-Este-1024x348.jpg\" alt=\"29\u00b0 Festival Internacional de JAZZ - Punta del Este 2025 - Finca El Sosiego - 4 al 8 de enero\" width=\"1024\" height=\"348\" srcset=\"https:\/\/cooltivarte.com\/portal\/wp-content\/uploads\/2025\/01\/29-Festival-Internacional-de-JAZZ-Punta-del-Este-1024x348.jpg 1024w, https:\/\/cooltivarte.com\/portal\/wp-content\/uploads\/2025\/01\/29-Festival-Internacional-de-JAZZ-Punta-del-Este-300x102.jpg 300w, https:\/\/cooltivarte.com\/portal\/wp-content\/uploads\/2025\/01\/29-Festival-Internacional-de-JAZZ-Punta-del-Este-768x261.jpg 768w, https:\/\/cooltivarte.com\/portal\/wp-content\/uploads\/2025\/01\/29-Festival-Internacional-de-JAZZ-Punta-del-Este.jpg 1043w\" sizes=\"(max-width: 1024px) 100vw, 1024px\" \/><\/p>\n<p>&nbsp;<\/p>\n<p><strong>29\u00b0 Festival Internacional de JAZZ &#8211; Punta del Este&nbsp;<\/strong><\/p>\n<p><strong>Finca El Sosiego &#8211; 4 al 8 de enero 2025<\/strong><\/p>\n<p>Horario: 20hs<\/p>\n<p><a href=\"https:\/\/accesofacil.com\/event\/29-Festival-Internacional-de-JAZZ\/info\" target=\"_blank\" rel=\"noopener\">Entradas en venta<\/a><\/p>\n<p>&nbsp;<\/p>\n<p>PROGRAMA EDICI\u00d3N 29\u2019<\/p>\n<p><img decoding=\"async\" class=\"aligncenter wp-image-109449 size-large\" title=\"programacion Festival Internacional de JAZZ - Punta del Este 2025\" src=\"https:\/\/cooltivarte.com\/portal\/wp-content\/uploads\/2025\/01\/programacion-Festival-Internacional-de-JAZZ-Punta-del-Este-724x1024.jpeg\" alt=\"programacion Festival Internacional de JAZZ - Punta del Este  2025\" width=\"724\" height=\"1024\" srcset=\"https:\/\/cooltivarte.com\/portal\/wp-content\/uploads\/2025\/01\/programacion-Festival-Internacional-de-JAZZ-Punta-del-Este-724x1024.jpeg 724w, https:\/\/cooltivarte.com\/portal\/wp-content\/uploads\/2025\/01\/programacion-Festival-Internacional-de-JAZZ-Punta-del-Este-212x300.jpeg 212w, https:\/\/cooltivarte.com\/portal\/wp-content\/uploads\/2025\/01\/programacion-Festival-Internacional-de-JAZZ-Punta-del-Este-768x1086.jpeg 768w, https:\/\/cooltivarte.com\/portal\/wp-content\/uploads\/2025\/01\/programacion-Festival-Internacional-de-JAZZ-Punta-del-Este-1086x1536.jpeg 1086w, https:\/\/cooltivarte.com\/portal\/wp-content\/uploads\/2025\/01\/programacion-Festival-Internacional-de-JAZZ-Punta-del-Este.jpeg 1132w\" sizes=\"(max-width: 724px) 100vw, 724px\" \/><\/p>\n<p>&nbsp;<\/p>\n<p>Mientras caminaba por el campo de El Sosiego y pensaba en el pr\u00f3ximo Festival -a realizarse la primera semana de 2020- sent\u00eda una gran emoci\u00f3n de saber que, una vez m\u00e1s, llegar\u00eda a Punta Ballena un contingente de grandes talentos del jazz casi imposible de ver en vivo por estas latitudes. Y en un momento, me asalt\u00f3 el asombro del paso del tiempo: nuestro Festival n\u00famero 20 (una cifra redonda a la que nunca pensamos llegar\u00edamos cuando arrancamos en 1996) iba quedando lejano, a la vez que el n\u00famero 25, \u00a1un cuarto de siglo!, se acerca \u201csin prisa pero sin pausa\u201d.<\/p>\n<p>Como ya lo he dicho en otras oportunidades desde esta carta dirigida a los habituales seguidores y a los nuevos visitantes del Festival Internacional de Jazz de Punta del Este, esta propuesta cultural -que rinde homenaje a ese arte invisible que es la m\u00fasica- constituye una parte esencial de mi propia existencia. Y tambi\u00e9n una de mis mayores satisfacciones: sobre todo en el sentido de tener el privilegio de poder hacerlo.<\/p>\n<p>Por supuesto que habr\u00eda muchos argumentos racionales (b\u00e1sicamente de car\u00e1cter material) como para poner en duda la pertinencia de continuar haci\u00e9ndolo, o de hacerlo incluyendo propuestas m\u00e1s taquilleras, como ha sucedido con la mayor\u00eda de los m\u00e1s renombrados festivales de jazz del mundo. Pero no. Resulta que hace mucho tiempo hemos tomado la determinaci\u00f3n de seguir navegando por un rumbo que nos deja conformes con nosotros mismos.<\/p>\n<p>No en vano este Festival se ha ganado la reputaci\u00f3n que tiene entre los jazzistas de elite y la prensa especializada. De ah\u00ed que nos sintamos transitando por una calle de un solo sentido, es decir que no tiene marcha atr\u00e1s. Entre otras cosas porque les queremos brindar a ustedes lo mejor de esta m\u00fasica nacida hace m\u00e1s de un siglo, un lenguaje universal que seguramente sobrevivir\u00e1 y ser\u00e1 honrado por las futuras generaciones. No solo por su calidad intr\u00ednseca sino tambi\u00e9n como un s\u00edmbolo de paz y unidad entre los hombres.<\/p>\n<p><strong>Francisco Yobino<\/strong><br \/>\nCreador, Productor y Director General del Festival Internacional de Jazz de Punta del Este<\/p>\n<p><a href=\"https:\/\/festival.com.uy\/wp\/\" target=\"_blank\" rel=\"noopener\">festival.com.uy<\/a><\/p>\n<p>&nbsp;<\/p>\n","protected":false},"excerpt":{"rendered":"<p>Mientras caminaba por el campo de El Sosiego y pensaba en el pr\u00f3ximo Festival -a realizarse la primera semana de 2020- sent\u00eda una gran emoci\u00f3n de saber que, una vez m\u00e1s, llegar\u00eda a Punta Ballena un contingente de grandes talentos del jazz casi imposible de ver en vivo por estas latitudes. Y en un momento, me asalt\u00f3 el asombro del paso del tiempo: nuestro Festival n\u00famero 20 (una cifra redonda a la que nunca pensamos llegar\u00edamos cuando arrancamos en 1996) iba quedando lejano, a la vez que el n\u00famero 25, \u00a1un cuarto de siglo!, se acerca \u201csin prisa pero sin pausa\u201d.<\/p>\n<p>Como ya lo he dicho en otras oportunidades desde esta carta dirigida a los habituales seguidores y a los nuevos visitantes del Festival Internacional de Jazz de Punta del Este, esta propuesta cultural -que rinde homenaje a ese arte invisible que es la m\u00fasica- constituye una parte esencial de mi propia existencia. Y tambi\u00e9n una de mis mayores satisfacciones: sobre todo en el sentido de tener el privilegio de poder hacerlo.<\/p>\n<p>Por supuesto que habr\u00eda muchos argumentos racionales (b\u00e1sicamente de car\u00e1cter material) como para poner en duda la pertinencia de continuar haci\u00e9ndolo, o de hacerlo incluyendo propuestas m\u00e1s taquilleras, como ha sucedido con la mayor\u00eda de los m\u00e1s renombrados festivales de jazz del mundo. Pero no. Resulta que hace mucho tiempo hemos tomado la determinaci\u00f3n de seguir navegando por un rumbo que nos deja conformes con nosotros mismos.<br \/>\nNo en vano este Festival se ha ganado la reputaci\u00f3n que tiene entre los jazzistas de elite y la prensa especializada. De ah\u00ed que nos sintamos transitando por una calle de un solo sentido, es decir que no tiene marcha atr\u00e1s. Entre otras cosas porque les queremos brindar a ustedes lo mejor de esta m\u00fasica nacida hace m\u00e1s de un siglo, un lenguaje universal que seguramente sobrevivir\u00e1 y ser\u00e1 honrado por las futuras generaciones. No solo por su calidad  intr\u00ednseca sino tambi\u00e9n como un s\u00edmbolo de paz y unidad entre los hombres.<\/p>\n<p>Francisco Yobino<br \/>\nCreador, Productor y Director General del Festival Internacional de Jazz de Punta del Este<\/p>\n","protected":false},"author":8,"featured_media":109448,"comment_status":"closed","ping_status":"closed","sticky":false,"template":"","format":"standard","meta":{"om_disable_all_campaigns":false,"ngg_post_thumbnail":0,"jnews-multi-image_gallery":[],"jnews_single_post":{"subtitle":"Finca El Sosiego - 4 al 8 de enero","format":"standard"},"jnews_primary_category":[],"jnews_social_meta":[],"jnews_override_counter":[],"footnotes":""},"categories":[3394],"tags":[4021,23476,8419,1194],"class_list":["post-109447","post","type-post","status-publish","format-standard","has-post-thumbnail","hentry","category-eventos","tag-festival-internacional-de-jazz","tag-festival-jazz-punta-del-este","tag-finca-el-sosiego","tag-punta-del-este"],"yoast_head":"<!-- This site is optimized with the Yoast SEO plugin v27.4 - https:\/\/yoast.com\/product\/yoast-seo-wordpress\/ -->\n<title>29\u00b0 Festival Internacional de JAZZ - Punta del Este 2025 - Cooltivarte Portal<\/title>\n<meta name=\"description\" content=\"EDICI\u00d3N 29 - Festival Internacional de Jazz de Punta del Este. Ya confirmadas las fechas y los m\u00fasicos para la Edici\u00f3n 29, una de las experiencias m\u00e1s lindas en Punta del Este, Uruguay\" \/>\n<meta name=\"robots\" content=\"index, follow, max-snippet:-1, max-image-preview:large, max-video-preview:-1\" \/>\n<link rel=\"canonical\" href=\"https:\/\/cooltivarte.com\/portal\/29-festival-internacional-de-jazz-punta-del-este-2025\/\" \/>\n<meta property=\"og:locale\" content=\"es_ES\" \/>\n<meta property=\"og:type\" content=\"article\" \/>\n<meta property=\"og:title\" content=\"29\u00b0 Festival Internacional de JAZZ - Punta del Este 2025 - Finca El Sosiego - 4 al 8 de enero\" \/>\n<meta property=\"og:description\" content=\"EDICI\u00d3N 29 - Festival Internacional de Jazz de Punta del Este. Ya confirmadas las fechas y los m\u00fasicos para la Edici\u00f3n 29, una de las experiencias m\u00e1s lindas en Punta del Este, Uruguay\" \/>\n<meta property=\"og:url\" content=\"https:\/\/cooltivarte.com\/portal\/29-festival-internacional-de-jazz-punta-del-este-2025\/\" \/>\n<meta property=\"og:site_name\" content=\"Cooltivarte Portal\" \/>\n<meta property=\"article:publisher\" content=\"https:\/\/www.facebook.com\/cooltivartecom\/\" \/>\n<meta property=\"article:author\" content=\"https:\/\/www.facebook.com\/cooltivartecom\" \/>\n<meta property=\"article:published_time\" content=\"2025-01-01T12:21:43+00:00\" \/>\n<meta property=\"og:image\" content=\"https:\/\/cooltivarte.com\/portal\/wp-content\/uploads\/2025\/01\/29-Festival-Internacional-de-JAZZ-Punta-del-Este.jpg\" \/>\n\t<meta property=\"og:image:width\" content=\"1043\" \/>\n\t<meta property=\"og:image:height\" content=\"354\" \/>\n\t<meta property=\"og:image:type\" content=\"image\/jpeg\" \/>\n<meta name=\"author\" content=\"Cooltivarte\" \/>\n<meta name=\"twitter:card\" content=\"summary_large_image\" \/>\n<meta name=\"twitter:title\" content=\"29\u00b0 Festival Internacional de JAZZ - Punta del Este 2025 - Finca El Sosiego - 4 al 8 de enero\" \/>\n<meta name=\"twitter:description\" content=\"EDICI\u00d3N 29 - Festival Internacional de Jazz de Punta del Este. Ya confirmadas las fechas y los m\u00fasicos para la Edici\u00f3n 29, una de las experiencias m\u00e1s lindas en Punta del Este, Uruguay\" \/>\n<meta name=\"twitter:image\" content=\"https:\/\/cooltivarte.com\/portal\/wp-content\/uploads\/2025\/01\/29-Festival-Internacional-de-JAZZ-Punta-del-Este.jpg\" \/>\n<meta name=\"twitter:creator\" content=\"@https:\/\/x.com\/obolocultural\" \/>\n<meta name=\"twitter:site\" content=\"@obolocultural\" \/>\n<meta name=\"twitter:label1\" content=\"Escrito por\" \/>\n\t<meta name=\"twitter:data1\" content=\"Cooltivarte\" \/>\n\t<meta name=\"twitter:label2\" content=\"Tiempo de lectura\" \/>\n\t<meta name=\"twitter:data2\" content=\"3 minutos\" \/>\n<!-- \/ Yoast SEO plugin. -->","yoast_head_json":{"title":"29\u00b0 Festival Internacional de JAZZ - Punta del Este 2025 - Cooltivarte Portal","description":"EDICI\u00d3N 29 - Festival Internacional de Jazz de Punta del Este. Ya confirmadas las fechas y los m\u00fasicos para la Edici\u00f3n 29, una de las experiencias m\u00e1s lindas en Punta del Este, Uruguay","robots":{"index":"index","follow":"follow","max-snippet":"max-snippet:-1","max-image-preview":"max-image-preview:large","max-video-preview":"max-video-preview:-1"},"canonical":"https:\/\/cooltivarte.com\/portal\/29-festival-internacional-de-jazz-punta-del-este-2025\/","og_locale":"es_ES","og_type":"article","og_title":"29\u00b0 Festival Internacional de JAZZ - Punta del Este 2025 - Finca El Sosiego - 4 al 8 de enero","og_description":"EDICI\u00d3N 29 - Festival Internacional de Jazz de Punta del Este. Ya confirmadas las fechas y los m\u00fasicos para la Edici\u00f3n 29, una de las experiencias m\u00e1s lindas en Punta del Este, Uruguay","og_url":"https:\/\/cooltivarte.com\/portal\/29-festival-internacional-de-jazz-punta-del-este-2025\/","og_site_name":"Cooltivarte Portal","article_publisher":"https:\/\/www.facebook.com\/cooltivartecom\/","article_author":"https:\/\/www.facebook.com\/cooltivartecom","article_published_time":"2025-01-01T12:21:43+00:00","og_image":[{"width":1043,"height":354,"url":"https:\/\/cooltivarte.com\/portal\/wp-content\/uploads\/2025\/01\/29-Festival-Internacional-de-JAZZ-Punta-del-Este.jpg","type":"image\/jpeg"}],"author":"Cooltivarte","twitter_card":"summary_large_image","twitter_title":"29\u00b0 Festival Internacional de JAZZ - Punta del Este 2025 - Finca El Sosiego - 4 al 8 de enero","twitter_description":"EDICI\u00d3N 29 - Festival Internacional de Jazz de Punta del Este. Ya confirmadas las fechas y los m\u00fasicos para la Edici\u00f3n 29, una de las experiencias m\u00e1s lindas en Punta del Este, Uruguay","twitter_image":"https:\/\/cooltivarte.com\/portal\/wp-content\/uploads\/2025\/01\/29-Festival-Internacional-de-JAZZ-Punta-del-Este.jpg","twitter_creator":"@https:\/\/x.com\/obolocultural","twitter_site":"@obolocultural","twitter_misc":{"Escrito por":"Cooltivarte","Tiempo de lectura":"3 minutos"},"schema":{"@context":"https:\/\/schema.org","@graph":[{"@type":"NewsArticle","@id":"https:\/\/cooltivarte.com\/portal\/29-festival-internacional-de-jazz-punta-del-este-2025\/#article","isPartOf":{"@id":"https:\/\/cooltivarte.com\/portal\/29-festival-internacional-de-jazz-punta-del-este-2025\/"},"author":{"name":"Cooltivarte","@id":"https:\/\/cooltivarte.com\/portal\/#\/schema\/person\/ec2a4f4e71b740d0c559c0ab9a157e19"},"headline":"29\u00b0 Festival Internacional de JAZZ &#8211; Punta del Este 2025","datePublished":"2025-01-01T12:21:43+00:00","mainEntityOfPage":{"@id":"https:\/\/cooltivarte.com\/portal\/29-festival-internacional-de-jazz-punta-del-este-2025\/"},"wordCount":408,"publisher":{"@id":"https:\/\/cooltivarte.com\/portal\/#organization"},"image":{"@id":"https:\/\/cooltivarte.com\/portal\/29-festival-internacional-de-jazz-punta-del-este-2025\/#primaryimage"},"thumbnailUrl":"https:\/\/cooltivarte.com\/portal\/wp-content\/uploads\/2025\/01\/29-Festival-Internacional-de-JAZZ-Punta-del-Este.jpg","keywords":["Festival Internacional de Jazz","festival jazz punta del este","Finca El Sosiego","Punta del Este"],"articleSection":["Eventos"],"inLanguage":"es-AR"},{"@type":"WebPage","@id":"https:\/\/cooltivarte.com\/portal\/29-festival-internacional-de-jazz-punta-del-este-2025\/","url":"https:\/\/cooltivarte.com\/portal\/29-festival-internacional-de-jazz-punta-del-este-2025\/","name":"29\u00b0 Festival Internacional de JAZZ - Punta del Este 2025 - Cooltivarte Portal","isPartOf":{"@id":"https:\/\/cooltivarte.com\/portal\/#website"},"primaryImageOfPage":{"@id":"https:\/\/cooltivarte.com\/portal\/29-festival-internacional-de-jazz-punta-del-este-2025\/#primaryimage"},"image":{"@id":"https:\/\/cooltivarte.com\/portal\/29-festival-internacional-de-jazz-punta-del-este-2025\/#primaryimage"},"thumbnailUrl":"https:\/\/cooltivarte.com\/portal\/wp-content\/uploads\/2025\/01\/29-Festival-Internacional-de-JAZZ-Punta-del-Este.jpg","datePublished":"2025-01-01T12:21:43+00:00","description":"EDICI\u00d3N 29 - Festival Internacional de Jazz de Punta del Este. Ya confirmadas las fechas y los m\u00fasicos para la Edici\u00f3n 29, una de las experiencias m\u00e1s lindas en Punta del Este, Uruguay","breadcrumb":{"@id":"https:\/\/cooltivarte.com\/portal\/29-festival-internacional-de-jazz-punta-del-este-2025\/#breadcrumb"},"inLanguage":"es-AR","potentialAction":[{"@type":"ReadAction","target":["https:\/\/cooltivarte.com\/portal\/29-festival-internacional-de-jazz-punta-del-este-2025\/"]}]},{"@type":"ImageObject","inLanguage":"es-AR","@id":"https:\/\/cooltivarte.com\/portal\/29-festival-internacional-de-jazz-punta-del-este-2025\/#primaryimage","url":"https:\/\/cooltivarte.com\/portal\/wp-content\/uploads\/2025\/01\/29-Festival-Internacional-de-JAZZ-Punta-del-Este.jpg","contentUrl":"https:\/\/cooltivarte.com\/portal\/wp-content\/uploads\/2025\/01\/29-Festival-Internacional-de-JAZZ-Punta-del-Este.jpg","width":1043,"height":354,"caption":"29\u00b0 Festival Internacional de JAZZ - Punta del Este 2025 - Finca El Sosiego - 4 al 8 de enero"},{"@type":"BreadcrumbList","@id":"https:\/\/cooltivarte.com\/portal\/29-festival-internacional-de-jazz-punta-del-este-2025\/#breadcrumb","itemListElement":[{"@type":"ListItem","position":1,"name":"Portada","item":"https:\/\/cooltivarte.com\/portal\/"},{"@type":"ListItem","position":2,"name":"29\u00b0 Festival Internacional de JAZZ &#8211; Punta del Este 2025"}]},{"@type":"WebSite","@id":"https:\/\/cooltivarte.com\/portal\/#website","url":"https:\/\/cooltivarte.com\/portal\/","name":"Cooltivarte Portal","description":"Arte, cultura y turismo para el mundo ...","publisher":{"@id":"https:\/\/cooltivarte.com\/portal\/#organization"},"potentialAction":[{"@type":"SearchAction","target":{"@type":"EntryPoint","urlTemplate":"https:\/\/cooltivarte.com\/portal\/?s={search_term_string}"},"query-input":{"@type":"PropertyValueSpecification","valueRequired":true,"valueName":"search_term_string"}}],"inLanguage":"es-AR"},{"@type":"Organization","@id":"https:\/\/cooltivarte.com\/portal\/#organization","name":"cooltivarte","url":"https:\/\/cooltivarte.com\/portal\/","logo":{"@type":"ImageObject","inLanguage":"es-AR","@id":"https:\/\/cooltivarte.com\/portal\/#\/schema\/logo\/image\/","url":"https:\/\/cooltivarte.com\/portal\/wp-content\/uploads\/2020\/04\/logo-cooltivarte-v2.png","contentUrl":"https:\/\/cooltivarte.com\/portal\/wp-content\/uploads\/2020\/04\/logo-cooltivarte-v2.png","width":851,"height":243,"caption":"cooltivarte"},"image":{"@id":"https:\/\/cooltivarte.com\/portal\/#\/schema\/logo\/image\/"},"sameAs":["https:\/\/www.facebook.com\/cooltivartecom\/","https:\/\/x.com\/obolocultural","https:\/\/www.instagram.com\/_cooltivarte_\/","https:\/\/www.linkedin.com\/company\/-bolocultural?reportsuccess=8zaNG1HwhPbAR9iQhZ5rfGeqz_vQFftHun0ZWU0Wy9vNemRJ8vtcKdJvzQfW8XagyOJSKg0XvfJ1dp","https:\/\/www.pinterest.com\/cooltivarte\/","https:\/\/cooltivarte.tumblr.com\/","https:\/\/www.tiktok.com\/@cooltivarte","https:\/\/www.youtube.com\/@PrensaCooltivarte"]},{"@type":"Person","@id":"https:\/\/cooltivarte.com\/portal\/#\/schema\/person\/ec2a4f4e71b740d0c559c0ab9a157e19","name":"Cooltivarte","image":{"@type":"ImageObject","inLanguage":"es-AR","@id":"https:\/\/cooltivarte.com\/portal\/wp-content\/uploads\/2014\/05\/logo-cooltivarte-120x120.jpg","url":"https:\/\/cooltivarte.com\/portal\/wp-content\/uploads\/2014\/05\/logo-cooltivarte-120x120.jpg","contentUrl":"https:\/\/cooltivarte.com\/portal\/wp-content\/uploads\/2014\/05\/logo-cooltivarte-120x120.jpg","caption":"Cooltivarte"},"description":"Somos COOLTIVARTE.COM. Un portal digital dedicado a difundir el acontecer art\u00edstico y cultural del Uruguay. Estamos en la vuelta desde el a\u00f1o 2003, y como evoluci\u00f3n del bolet\u00edn Obolo Cultural, nos encontramos abocados a apoyar a los artistas nacionales brind\u00e1ndoles un espacio de difusi\u00f3n. Creemos en la idea de utilizar la potencialidad que hoy d\u00eda nos otorga la web, para que la cultura uruguaya y sus creadores dispongan de una din\u00e1mica ventana, que los ponga en contacto entre s\u00ed y con el mundo. Somos COOLTIVARTE.COM y pretendemos configurarnos como un portal din\u00e1mico, entretenido y atento a los nuevos emprendimientos, que busque siempre la interacci\u00f3n con los artistas.","sameAs":["http:\/\/www.cooltivarte.com","https:\/\/www.facebook.com\/cooltivartecom","https:\/\/www.instagram.com\/_cooltivarte_\/","https:\/\/www.linkedin.com\/company\/-bolocultural","https:\/\/www.pinterest.com\/cooltivarte\/","https:\/\/x.com\/https:\/\/x.com\/obolocultural","https:\/\/www.youtube.com\/@PrensaCooltivarte","https:\/\/www.tumblr.com\/blog\/cooltivarte"],"url":"https:\/\/cooltivarte.com\/portal\/author\/cooltivarte\/"}]}},"_links":{"self":[{"href":"https:\/\/cooltivarte.com\/portal\/wp-json\/wp\/v2\/posts\/109447","targetHints":{"allow":["GET"]}}],"collection":[{"href":"https:\/\/cooltivarte.com\/portal\/wp-json\/wp\/v2\/posts"}],"about":[{"href":"https:\/\/cooltivarte.com\/portal\/wp-json\/wp\/v2\/types\/post"}],"author":[{"embeddable":true,"href":"https:\/\/cooltivarte.com\/portal\/wp-json\/wp\/v2\/users\/8"}],"replies":[{"embeddable":true,"href":"https:\/\/cooltivarte.com\/portal\/wp-json\/wp\/v2\/comments?post=109447"}],"version-history":[{"count":1,"href":"https:\/\/cooltivarte.com\/portal\/wp-json\/wp\/v2\/posts\/109447\/revisions"}],"predecessor-version":[{"id":109450,"href":"https:\/\/cooltivarte.com\/portal\/wp-json\/wp\/v2\/posts\/109447\/revisions\/109450"}],"wp:featuredmedia":[{"embeddable":true,"href":"https:\/\/cooltivarte.com\/portal\/wp-json\/wp\/v2\/media\/109448"}],"wp:attachment":[{"href":"https:\/\/cooltivarte.com\/portal\/wp-json\/wp\/v2\/media?parent=109447"}],"wp:term":[{"taxonomy":"category","embeddable":true,"href":"https:\/\/cooltivarte.com\/portal\/wp-json\/wp\/v2\/categories?post=109447"},{"taxonomy":"post_tag","embeddable":true,"href":"https:\/\/cooltivarte.com\/portal\/wp-json\/wp\/v2\/tags?post=109447"}],"curies":[{"name":"wp","href":"https:\/\/api.w.org\/{rel}","templated":true}]}}